{"id":7003,"date":"2014-04-17T23:45:02","date_gmt":"2014-04-17T20:45:02","guid":{"rendered":"http:\/\/www.handisliiga.fi\/?p=7003"},"modified":"2018-04-20T12:53:43","modified_gmt":"2018-04-20T09:53:43","slug":"bk-46lle-kova-takaisku-janis-segen-kausi-ohi","status":"publish","type":"post","link":"https:\/\/aktialiiga.fi\/miehet\/ajankohtaista\/bk-46lle-kova-takaisku-janis-segen-kausi-ohi\/","title":{"rendered":"BK-46:lle kova takaisku \u2013 Janis Selgen kausi ohi?"},"content":{"rendered":"<p>BK-46 taisteli tiukassa kamppailussa torstaina pelatussa puoliv\u00e4lier\u00e4ss\u00e4 HIFK:ta vastaan voiton ja siirtyi ottelusarjassa 2-0-johtoon. Hinta oli kuitenkin kova, sill\u00e4 BK:n Janis Selge loukkasi polvensa pahan n\u00e4k\u00f6isesti ottelun avausjaksolla.<!--more--><\/p>\n<p>Selge oli pitk\u00e4\u00e4n sivussa polvivamman takia ja loukkaantumisissa on ik\u00e4v\u00e4sti samoja piirteit\u00e4.<\/p>\n<p>&#8211; Urheilutalon alusta ei todellakaan sovi Janis Selgelle. Viimeksi kun sama polvi loukkaantui, oli sekin t\u00e4\u00e4ll\u00e4 urheilutalolla ja samanlaisessa tilanteessa kuin nyt,<\/p>\n<p>&#8211; H\u00e4n l\u00e4hti suoraan sairaalaan ja odotamme nyt tietoa, mutta samalla pit\u00e4\u00e4 sanoa ett\u00e4 hyv\u00e4lt\u00e4 ei n\u00e4yt\u00e4 h\u00e4nen osaltaan. Jos h\u00e4n viel\u00e4 pystyy t\u00e4n\u00e4 kev\u00e4\u00e4n\u00e4 pelaamaan, niin se on todella iso positiivinen asia meille, BK-luotsi Christer Lundqvist sanoi V\u00e4stra Nylandille.<\/p>\n","protected":false},"excerpt":{"rendered":"<p>BK-46 taisteli tiukassa kamppailussa torstaina pelatussa puoliv\u00e4lier\u00e4ss\u00e4 HIFK:ta vastaan voiton ja siirtyi ottelusarjassa 2-0-johtoon. Hinta oli kuitenkin kova, sill\u00e4 BK:n Janis Selge loukkasi polvensa pahan n\u00e4k\u00f6isesti ottelun avausjaksolla.<\/p>\n","protected":false},"author":13,"featured_media":195,"comment_status":"closed","ping_status":"closed","sticky":false,"template":"","format":"standard","meta":{"_acf_changed":false,"jetpack_post_was_ever_published":false,"_jetpack_newsletter_access":"","_jetpack_dont_email_post_to_subs":false,"_jetpack_newsletter_tier_id":0,"_jetpack_memberships_contains_paywalled_content":false,"_jetpack_memberships_contains_paid_content":false,"footnotes":""},"categories":[2],"tags":[56],"class_list":["post-7003","post","type-post","status-publish","format-standard","has-post-thumbnail","hentry","category-ajankohtaista","tag-bk-46"],"acf":[],"yoast_head":"<!-- This site is optimized with the Yoast SEO plugin v27.5 - https:\/\/yoast.com\/product\/yoast-seo-wordpress\/ -->\n<title>BK-46:lle kova takaisku \u2013 Janis Selgen kausi ohi? | K\u00e4sipallon miesten Aktialiiga<\/title>\n<meta name=\"robots\" content=\"index, follow, max-snippet:-1, max-image-preview:large, max-video-preview:-1\" \/>\n<link rel=\"canonical\" href=\"https:\/\/aktialiiga.fi\/miehet\/ajankohtaista\/bk-46lle-kova-takaisku-janis-segen-kausi-ohi\/\" \/>\n<meta property=\"og:locale\" content=\"fi_FI\" \/>\n<meta property=\"og:type\" content=\"article\" \/>\n<meta property=\"og:title\" content=\"BK-46:lle kova takaisku \u2013 Janis Selgen kausi ohi? | K\u00e4sipallon miesten Aktialiiga\" \/>\n<meta property=\"og:description\" content=\"BK-46 taisteli tiukassa kamppailussa torstaina pelatussa puoliv\u00e4lier\u00e4ss\u00e4 HIFK:ta vastaan voiton ja siirtyi ottelusarjassa 2-0-johtoon. Hinta oli kuitenkin kova, sill\u00e4 BK:n Janis Selge loukkasi polvensa pahan n\u00e4k\u00f6isesti ottelun avausjaksolla.\" \/>\n<meta property=\"og:url\" content=\"https:\/\/aktialiiga.fi\/miehet\/ajankohtaista\/bk-46lle-kova-takaisku-janis-segen-kausi-ohi\/\" \/>\n<meta property=\"og:site_name\" content=\"K\u00e4sipallon miesten Aktialiiga\" \/>\n<meta property=\"article:publisher\" content=\"https:\/\/www.facebook.com\/finnhandball\" \/>\n<meta property=\"article:published_time\" content=\"2014-04-17T20:45:02+00:00\" \/>\n<meta property=\"article:modified_time\" content=\"2018-04-20T09:53:43+00:00\" \/>\n<meta property=\"og:image\" content=\"https:\/\/i0.wp.com\/aktialiiga.fi\/miehet\/wp-content\/uploads\/sites\/5\/2011\/09\/logo-bk-46.gif?fit=92%2C110&ssl=1\" \/>\n\t<meta property=\"og:image:width\" content=\"92\" \/>\n\t<meta property=\"og:image:height\" content=\"110\" \/>\n\t<meta property=\"og:image:type\" content=\"image\/gif\" \/>\n<meta name=\"author\" content=\"tbrmedia\" \/>\n<meta name=\"twitter:card\" content=\"summary_large_image\" \/>\n<meta name=\"twitter:creator\" content=\"@finnhandball\" \/>\n<meta name=\"twitter:site\" content=\"@finnhandball\" \/>\n<script type=\"application\/ld+json\" class=\"yoast-schema-graph\">{\"@context\":\"https:\\\/\\\/schema.org\",\"@graph\":[{\"@type\":\"Article\",\"@id\":\"https:\\\/\\\/aktialiiga.fi\\\/miehet\\\/ajankohtaista\\\/bk-46lle-kova-takaisku-janis-segen-kausi-ohi\\\/#article\",\"isPartOf\":{\"@id\":\"https:\\\/\\\/aktialiiga.fi\\\/miehet\\\/ajankohtaista\\\/bk-46lle-kova-takaisku-janis-segen-kausi-ohi\\\/\"},\"author\":{\"name\":\"tbrmedia\",\"@id\":\"https:\\\/\\\/aktialiiga.fi\\\/miehet\\\/#\\\/schema\\\/person\\\/c14bf42f47041db74603c45afcb18d87\"},\"headline\":\"BK-46:lle kova takaisku \u2013 Janis Selgen kausi ohi?\",\"datePublished\":\"2014-04-17T20:45:02+00:00\",\"dateModified\":\"2018-04-20T09:53:43+00:00\",\"mainEntityOfPage\":{\"@id\":\"https:\\\/\\\/aktialiiga.fi\\\/miehet\\\/ajankohtaista\\\/bk-46lle-kova-takaisku-janis-segen-kausi-ohi\\\/\"},\"wordCount\":130,\"publisher\":{\"@id\":\"https:\\\/\\\/aktialiiga.fi\\\/miehet\\\/#organization\"},\"image\":{\"@id\":\"https:\\\/\\\/aktialiiga.fi\\\/miehet\\\/ajankohtaista\\\/bk-46lle-kova-takaisku-janis-segen-kausi-ohi\\\/#primaryimage\"},\"thumbnailUrl\":\"https:\\\/\\\/i0.wp.com\\\/aktialiiga.fi\\\/miehet\\\/wp-content\\\/uploads\\\/sites\\\/5\\\/2011\\\/09\\\/logo-bk-46.gif?fit=92%2C110&ssl=1\",\"keywords\":[\"BK-46\"],\"articleSection\":[\"Ajankohtaista\"],\"inLanguage\":\"fi\"},{\"@type\":\"WebPage\",\"@id\":\"https:\\\/\\\/aktialiiga.fi\\\/miehet\\\/ajankohtaista\\\/bk-46lle-kova-takaisku-janis-segen-kausi-ohi\\\/\",\"url\":\"https:\\\/\\\/aktialiiga.fi\\\/miehet\\\/ajankohtaista\\\/bk-46lle-kova-takaisku-janis-segen-kausi-ohi\\\/\",\"name\":\"BK-46:lle kova takaisku \u2013 Janis Selgen kausi ohi? | K\u00e4sipallon miesten Aktialiiga\",\"isPartOf\":{\"@id\":\"https:\\\/\\\/aktialiiga.fi\\\/miehet\\\/#website\"},\"primaryImageOfPage\":{\"@id\":\"https:\\\/\\\/aktialiiga.fi\\\/miehet\\\/ajankohtaista\\\/bk-46lle-kova-takaisku-janis-segen-kausi-ohi\\\/#primaryimage\"},\"image\":{\"@id\":\"https:\\\/\\\/aktialiiga.fi\\\/miehet\\\/ajankohtaista\\\/bk-46lle-kova-takaisku-janis-segen-kausi-ohi\\\/#primaryimage\"},\"thumbnailUrl\":\"https:\\\/\\\/i0.wp.com\\\/aktialiiga.fi\\\/miehet\\\/wp-content\\\/uploads\\\/sites\\\/5\\\/2011\\\/09\\\/logo-bk-46.gif?fit=92%2C110&ssl=1\",\"datePublished\":\"2014-04-17T20:45:02+00:00\",\"dateModified\":\"2018-04-20T09:53:43+00:00\",\"breadcrumb\":{\"@id\":\"https:\\\/\\\/aktialiiga.fi\\\/miehet\\\/ajankohtaista\\\/bk-46lle-kova-takaisku-janis-segen-kausi-ohi\\\/#breadcrumb\"},\"inLanguage\":\"fi\",\"potentialAction\":[{\"@type\":\"ReadAction\",\"target\":[\"https:\\\/\\\/aktialiiga.fi\\\/miehet\\\/ajankohtaista\\\/bk-46lle-kova-takaisku-janis-segen-kausi-ohi\\\/\"]}]},{\"@type\":\"ImageObject\",\"inLanguage\":\"fi\",\"@id\":\"https:\\\/\\\/aktialiiga.fi\\\/miehet\\\/ajankohtaista\\\/bk-46lle-kova-takaisku-janis-segen-kausi-ohi\\\/#primaryimage\",\"url\":\"https:\\\/\\\/i0.wp.com\\\/aktialiiga.fi\\\/miehet\\\/wp-content\\\/uploads\\\/sites\\\/5\\\/2011\\\/09\\\/logo-bk-46.gif?fit=92%2C110&ssl=1\",\"contentUrl\":\"https:\\\/\\\/i0.wp.com\\\/aktialiiga.fi\\\/miehet\\\/wp-content\\\/uploads\\\/sites\\\/5\\\/2011\\\/09\\\/logo-bk-46.gif?fit=92%2C110&ssl=1\",\"width\":92,\"height\":110,\"caption\":\"BK-46, Karjaa\"},{\"@type\":\"BreadcrumbList\",\"@id\":\"https:\\\/\\\/aktialiiga.fi\\\/miehet\\\/ajankohtaista\\\/bk-46lle-kova-takaisku-janis-segen-kausi-ohi\\\/#breadcrumb\",\"itemListElement\":[{\"@type\":\"ListItem\",\"position\":1,\"name\":\"Etusivu\",\"item\":\"https:\\\/\\\/aktialiiga.fi\\\/miehet\\\/\"},{\"@type\":\"ListItem\",\"position\":2,\"name\":\"BK-46:lle kova takaisku \u2013 Janis Selgen kausi ohi?\"}]},{\"@type\":\"WebSite\",\"@id\":\"https:\\\/\\\/aktialiiga.fi\\\/miehet\\\/#website\",\"url\":\"https:\\\/\\\/aktialiiga.fi\\\/miehet\\\/\",\"name\":\"K\u00e4sipallon miesten Aktialiiga\",\"description\":\"Valtakunnan vauhdikkainta palloilua!\",\"publisher\":{\"@id\":\"https:\\\/\\\/aktialiiga.fi\\\/miehet\\\/#organization\"},\"potentialAction\":[{\"@type\":\"SearchAction\",\"target\":{\"@type\":\"EntryPoint\",\"urlTemplate\":\"https:\\\/\\\/aktialiiga.fi\\\/miehet\\\/?s={search_term_string}\"},\"query-input\":{\"@type\":\"PropertyValueSpecification\",\"valueRequired\":true,\"valueName\":\"search_term_string\"}}],\"inLanguage\":\"fi\"},{\"@type\":\"Organization\",\"@id\":\"https:\\\/\\\/aktialiiga.fi\\\/miehet\\\/#organization\",\"name\":\"K\u00e4sipallon miesten Aktialiiga\",\"url\":\"https:\\\/\\\/aktialiiga.fi\\\/miehet\\\/\",\"logo\":{\"@type\":\"ImageObject\",\"inLanguage\":\"fi\",\"@id\":\"https:\\\/\\\/aktialiiga.fi\\\/miehet\\\/#\\\/schema\\\/logo\\\/image\\\/\",\"url\":\"https:\\\/\\\/i0.wp.com\\\/aktialiiga.fi\\\/miehet\\\/wp-content\\\/uploads\\\/sites\\\/5\\\/2024\\\/09\\\/Aktialiiga-Yoast-512.png?fit=512%2C512&ssl=1\",\"contentUrl\":\"https:\\\/\\\/i0.wp.com\\\/aktialiiga.fi\\\/miehet\\\/wp-content\\\/uploads\\\/sites\\\/5\\\/2024\\\/09\\\/Aktialiiga-Yoast-512.png?fit=512%2C512&ssl=1\",\"width\":512,\"height\":512,\"caption\":\"K\u00e4sipallon miesten Aktialiiga\"},\"image\":{\"@id\":\"https:\\\/\\\/aktialiiga.fi\\\/miehet\\\/#\\\/schema\\\/logo\\\/image\\\/\"},\"sameAs\":[\"https:\\\/\\\/www.facebook.com\\\/finnhandball\",\"https:\\\/\\\/x.com\\\/finnhandball\",\"https:\\\/\\\/www.instagram.com\\\/handballfinland\\\/\"]},{\"@type\":\"Person\",\"@id\":\"https:\\\/\\\/aktialiiga.fi\\\/miehet\\\/#\\\/schema\\\/person\\\/c14bf42f47041db74603c45afcb18d87\",\"name\":\"tbrmedia\",\"image\":{\"@type\":\"ImageObject\",\"inLanguage\":\"fi\",\"@id\":\"https:\\\/\\\/secure.gravatar.com\\\/avatar\\\/ee975fa091fe581d12b60debb3439022686618368a7c142044c56724d4666b16?s=96&d=mm&r=g\",\"url\":\"https:\\\/\\\/secure.gravatar.com\\\/avatar\\\/ee975fa091fe581d12b60debb3439022686618368a7c142044c56724d4666b16?s=96&d=mm&r=g\",\"contentUrl\":\"https:\\\/\\\/secure.gravatar.com\\\/avatar\\\/ee975fa091fe581d12b60debb3439022686618368a7c142044c56724d4666b16?s=96&d=mm&r=g\",\"caption\":\"tbrmedia\"}}]}<\/script>\n<!-- \/ Yoast SEO plugin. -->","yoast_head_json":{"title":"BK-46:lle kova takaisku \u2013 Janis Selgen kausi ohi? | K\u00e4sipallon miesten Aktialiiga","robots":{"index":"index","follow":"follow","max-snippet":"max-snippet:-1","max-image-preview":"max-image-preview:large","max-video-preview":"max-video-preview:-1"},"canonical":"https:\/\/aktialiiga.fi\/miehet\/ajankohtaista\/bk-46lle-kova-takaisku-janis-segen-kausi-ohi\/","og_locale":"fi_FI","og_type":"article","og_title":"BK-46:lle kova takaisku \u2013 Janis Selgen kausi ohi? | K\u00e4sipallon miesten Aktialiiga","og_description":"BK-46 taisteli tiukassa kamppailussa torstaina pelatussa puoliv\u00e4lier\u00e4ss\u00e4 HIFK:ta vastaan voiton ja siirtyi ottelusarjassa 2-0-johtoon. Hinta oli kuitenkin kova, sill\u00e4 BK:n Janis Selge loukkasi polvensa pahan n\u00e4k\u00f6isesti ottelun avausjaksolla.","og_url":"https:\/\/aktialiiga.fi\/miehet\/ajankohtaista\/bk-46lle-kova-takaisku-janis-segen-kausi-ohi\/","og_site_name":"K\u00e4sipallon miesten Aktialiiga","article_publisher":"https:\/\/www.facebook.com\/finnhandball","article_published_time":"2014-04-17T20:45:02+00:00","article_modified_time":"2018-04-20T09:53:43+00:00","og_image":[{"width":92,"height":110,"url":"https:\/\/i0.wp.com\/aktialiiga.fi\/miehet\/wp-content\/uploads\/sites\/5\/2011\/09\/logo-bk-46.gif?fit=92%2C110&ssl=1","type":"image\/gif"}],"author":"tbrmedia","twitter_card":"summary_large_image","twitter_creator":"@finnhandball","twitter_site":"@finnhandball","schema":{"@context":"https:\/\/schema.org","@graph":[{"@type":"Article","@id":"https:\/\/aktialiiga.fi\/miehet\/ajankohtaista\/bk-46lle-kova-takaisku-janis-segen-kausi-ohi\/#article","isPartOf":{"@id":"https:\/\/aktialiiga.fi\/miehet\/ajankohtaista\/bk-46lle-kova-takaisku-janis-segen-kausi-ohi\/"},"author":{"name":"tbrmedia","@id":"https:\/\/aktialiiga.fi\/miehet\/#\/schema\/person\/c14bf42f47041db74603c45afcb18d87"},"headline":"BK-46:lle kova takaisku \u2013 Janis Selgen kausi ohi?","datePublished":"2014-04-17T20:45:02+00:00","dateModified":"2018-04-20T09:53:43+00:00","mainEntityOfPage":{"@id":"https:\/\/aktialiiga.fi\/miehet\/ajankohtaista\/bk-46lle-kova-takaisku-janis-segen-kausi-ohi\/"},"wordCount":130,"publisher":{"@id":"https:\/\/aktialiiga.fi\/miehet\/#organization"},"image":{"@id":"https:\/\/aktialiiga.fi\/miehet\/ajankohtaista\/bk-46lle-kova-takaisku-janis-segen-kausi-ohi\/#primaryimage"},"thumbnailUrl":"https:\/\/i0.wp.com\/aktialiiga.fi\/miehet\/wp-content\/uploads\/sites\/5\/2011\/09\/logo-bk-46.gif?fit=92%2C110&ssl=1","keywords":["BK-46"],"articleSection":["Ajankohtaista"],"inLanguage":"fi"},{"@type":"WebPage","@id":"https:\/\/aktialiiga.fi\/miehet\/ajankohtaista\/bk-46lle-kova-takaisku-janis-segen-kausi-ohi\/","url":"https:\/\/aktialiiga.fi\/miehet\/ajankohtaista\/bk-46lle-kova-takaisku-janis-segen-kausi-ohi\/","name":"BK-46:lle kova takaisku \u2013 Janis Selgen kausi ohi? | K\u00e4sipallon miesten Aktialiiga","isPartOf":{"@id":"https:\/\/aktialiiga.fi\/miehet\/#website"},"primaryImageOfPage":{"@id":"https:\/\/aktialiiga.fi\/miehet\/ajankohtaista\/bk-46lle-kova-takaisku-janis-segen-kausi-ohi\/#primaryimage"},"image":{"@id":"https:\/\/aktialiiga.fi\/miehet\/ajankohtaista\/bk-46lle-kova-takaisku-janis-segen-kausi-ohi\/#primaryimage"},"thumbnailUrl":"https:\/\/i0.wp.com\/aktialiiga.fi\/miehet\/wp-content\/uploads\/sites\/5\/2011\/09\/logo-bk-46.gif?fit=92%2C110&ssl=1","datePublished":"2014-04-17T20:45:02+00:00","dateModified":"2018-04-20T09:53:43+00:00","breadcrumb":{"@id":"https:\/\/aktialiiga.fi\/miehet\/ajankohtaista\/bk-46lle-kova-takaisku-janis-segen-kausi-ohi\/#breadcrumb"},"inLanguage":"fi","potentialAction":[{"@type":"ReadAction","target":["https:\/\/aktialiiga.fi\/miehet\/ajankohtaista\/bk-46lle-kova-takaisku-janis-segen-kausi-ohi\/"]}]},{"@type":"ImageObject","inLanguage":"fi","@id":"https:\/\/aktialiiga.fi\/miehet\/ajankohtaista\/bk-46lle-kova-takaisku-janis-segen-kausi-ohi\/#primaryimage","url":"https:\/\/i0.wp.com\/aktialiiga.fi\/miehet\/wp-content\/uploads\/sites\/5\/2011\/09\/logo-bk-46.gif?fit=92%2C110&ssl=1","contentUrl":"https:\/\/i0.wp.com\/aktialiiga.fi\/miehet\/wp-content\/uploads\/sites\/5\/2011\/09\/logo-bk-46.gif?fit=92%2C110&ssl=1","width":92,"height":110,"caption":"BK-46, Karjaa"},{"@type":"BreadcrumbList","@id":"https:\/\/aktialiiga.fi\/miehet\/ajankohtaista\/bk-46lle-kova-takaisku-janis-segen-kausi-ohi\/#breadcrumb","itemListElement":[{"@type":"ListItem","position":1,"name":"Etusivu","item":"https:\/\/aktialiiga.fi\/miehet\/"},{"@type":"ListItem","position":2,"name":"BK-46:lle kova takaisku \u2013 Janis Selgen kausi ohi?"}]},{"@type":"WebSite","@id":"https:\/\/aktialiiga.fi\/miehet\/#website","url":"https:\/\/aktialiiga.fi\/miehet\/","name":"K\u00e4sipallon miesten Aktialiiga","description":"Valtakunnan vauhdikkainta palloilua!","publisher":{"@id":"https:\/\/aktialiiga.fi\/miehet\/#organization"},"potentialAction":[{"@type":"SearchAction","target":{"@type":"EntryPoint","urlTemplate":"https:\/\/aktialiiga.fi\/miehet\/?s={search_term_string}"},"query-input":{"@type":"PropertyValueSpecification","valueRequired":true,"valueName":"search_term_string"}}],"inLanguage":"fi"},{"@type":"Organization","@id":"https:\/\/aktialiiga.fi\/miehet\/#organization","name":"K\u00e4sipallon miesten Aktialiiga","url":"https:\/\/aktialiiga.fi\/miehet\/","logo":{"@type":"ImageObject","inLanguage":"fi","@id":"https:\/\/aktialiiga.fi\/miehet\/#\/schema\/logo\/image\/","url":"https:\/\/i0.wp.com\/aktialiiga.fi\/miehet\/wp-content\/uploads\/sites\/5\/2024\/09\/Aktialiiga-Yoast-512.png?fit=512%2C512&ssl=1","contentUrl":"https:\/\/i0.wp.com\/aktialiiga.fi\/miehet\/wp-content\/uploads\/sites\/5\/2024\/09\/Aktialiiga-Yoast-512.png?fit=512%2C512&ssl=1","width":512,"height":512,"caption":"K\u00e4sipallon miesten Aktialiiga"},"image":{"@id":"https:\/\/aktialiiga.fi\/miehet\/#\/schema\/logo\/image\/"},"sameAs":["https:\/\/www.facebook.com\/finnhandball","https:\/\/x.com\/finnhandball","https:\/\/www.instagram.com\/handballfinland\/"]},{"@type":"Person","@id":"https:\/\/aktialiiga.fi\/miehet\/#\/schema\/person\/c14bf42f47041db74603c45afcb18d87","name":"tbrmedia","image":{"@type":"ImageObject","inLanguage":"fi","@id":"https:\/\/secure.gravatar.com\/avatar\/ee975fa091fe581d12b60debb3439022686618368a7c142044c56724d4666b16?s=96&d=mm&r=g","url":"https:\/\/secure.gravatar.com\/avatar\/ee975fa091fe581d12b60debb3439022686618368a7c142044c56724d4666b16?s=96&d=mm&r=g","contentUrl":"https:\/\/secure.gravatar.com\/avatar\/ee975fa091fe581d12b60debb3439022686618368a7c142044c56724d4666b16?s=96&d=mm&r=g","caption":"tbrmedia"}}]}},"jetpack_featured_media_url":"https:\/\/i0.wp.com\/aktialiiga.fi\/miehet\/wp-content\/uploads\/sites\/5\/2011\/09\/logo-bk-46.gif?fit=92%2C110&ssl=1","jetpack_sharing_enabled":true,"jetpack_shortlink":"https:\/\/wp.me\/pfTxOr-1OX","_links":{"self":[{"href":"https:\/\/aktialiiga.fi\/miehet\/wp-json\/wp\/v2\/posts\/7003","targetHints":{"allow":["GET"]}}],"collection":[{"href":"https:\/\/aktialiiga.fi\/miehet\/wp-json\/wp\/v2\/posts"}],"about":[{"href":"https:\/\/aktialiiga.fi\/miehet\/wp-json\/wp\/v2\/types\/post"}],"author":[{"embeddable":true,"href":"https:\/\/aktialiiga.fi\/miehet\/wp-json\/wp\/v2\/users\/13"}],"replies":[{"embeddable":true,"href":"https:\/\/aktialiiga.fi\/miehet\/wp-json\/wp\/v2\/comments?post=7003"}],"version-history":[{"count":0,"href":"https:\/\/aktialiiga.fi\/miehet\/wp-json\/wp\/v2\/posts\/7003\/revisions"}],"wp:featuredmedia":[{"embeddable":true,"href":"https:\/\/aktialiiga.fi\/miehet\/wp-json\/wp\/v2\/media\/195"}],"wp:attachment":[{"href":"https:\/\/aktialiiga.fi\/miehet\/wp-json\/wp\/v2\/media?parent=7003"}],"wp:term":[{"taxonomy":"category","embeddable":true,"href":"https:\/\/aktialiiga.fi\/miehet\/wp-json\/wp\/v2\/categories?post=7003"},{"taxonomy":"post_tag","embeddable":true,"href":"https:\/\/aktialiiga.fi\/miehet\/wp-json\/wp\/v2\/tags?post=7003"}],"curies":[{"name":"wp","href":"https:\/\/api.w.org\/{rel}","templated":true}]}}