{"id":70094,"date":"2026-04-25T20:30:22","date_gmt":"2026-04-25T17:30:22","guid":{"rendered":"https:\/\/aktialiiga.fi\/miehet\/?p=70094"},"modified":"2026-04-25T20:51:00","modified_gmt":"2026-04-25T17:51:00","slug":"bk-46-otti-ensimmaisen-kiinnityksen-mestaruuteen","status":"publish","type":"post","link":"https:\/\/aktialiiga.fi\/miehet\/2025-2026\/ottelut\/bk-46-otti-ensimmaisen-kiinnityksen-mestaruuteen\/","title":{"rendered":"BK-46 otti ensimm\u00e4isen kiinnityksen mestaruuteen"},"content":{"rendered":"<p>Aktialiigan kauden 2025-26 finaalisarja k\u00e4ynnistyi lauantaina Karjaalla. BK-46 piti kotiedustaan kiinni ja otti lopulta varman voiton HIFK:sta, vaikka vieraat lopussa suhteellisen l\u00e4helle viel\u00e4 p\u00e4\u00e4siv\u00e4tkin.<\/p>\n<p>BK otti tahtipuikon haltuunsa heti alusta alkaen, mutta HIFK seurasi varjona tuntumassa. BK k\u00e4vi ottelun alkupuolella parhaimmillaan kertaalleen viiden maalin johdossa, mutta muuten ero py\u00f6ri muutamassa maalissa ja jokusen kerran HIFK k\u00e4vi maalin p\u00e4\u00e4ss\u00e4kin. Tauolle ment\u00e4ess\u00e4 BK:n johto oli nelj\u00e4 maalia.<\/p>\n<p>Kun BK vei ensimm\u00e4isen neliminuuttisen tauon j\u00e4lkeen puhtaasti 4-0, johto oli kertaheitolla tuplaantunut. T\u00e4m\u00e4n j\u00e4lkeen karjaalaisten johto ei juuri kasvanut, mutta HIFK:kaan ei pystynyt sit\u00e4 kuromaan pienemm\u00e4ksi.<\/p>\n<p>Vasta viimeisen kymmenminuuttisen kynnyksell\u00e4 HIFK sai BK:n hy\u00f6kk\u00e4yspelaamista paremmin kiinni ja kuroi eron maalilta nelj\u00e4\u00e4n osumaan, mutta ei p\u00e4\u00e4ssyt sen l\u00e4hemm\u00e4s ja loppuminuutit BK hoiti varmasti ottaen finaalisarjassa 1-0-johdon.<\/p>\n<p>BK-46:n p\u00e4\u00e4valmentaja Andreas R\u00f6nnberg otti sarjan ensimm\u00e4isen voiton vastaan tyynesti.<\/p>\n<p>&#8211; Tyytyv\u00e4inen voitosta, loppua kohti hyydyttiin. Olisi pit\u00e4nyt tehd\u00e4 vaihtoja niin ett\u00e4 tempo olisi s\u00e4ilynyt loppuun asti, R\u00f6nnberg mietti.<\/p>\n<p>HIFK:n p\u00e4\u00e4valmentaja Robin Karlsson nosti tulostaululta selke\u00e4n syyn lauantain tappioon.<\/p>\n<p>&#8211; Jos p\u00e4\u00e4stet\u00e4\u00e4n 40 maalia, niin ei voi voittaa finaalipeli\u00e4. Puolustuksessa on parannettavaa. BK voitti ansaitusti. Jatketaan ensi keskiviikkona, Karlsson sanoi.<\/p>\n<p>Ottelun parhaana pelaajana palkittiin BK:n Sebastian S\u00e4kkinen.<\/p>\n<p>&#8211; 1-0 otteluissa ja se oli se mit\u00e4 haettiin. Ei saatu tyylipisteit\u00e4, mutta voitto oli t\u00e4rkeint\u00e4, S\u00e4kkinen summasi.<\/p>\n","protected":false},"excerpt":{"rendered":"<p>Aktialiigan kauden 2025-26 finaalisarja k\u00e4ynnistyi lauantaina Karjaalla. BK-46 piti kotiedustaan kiinni ja otti lopulta varman voiton HIFK:sta, vaikka vieraat lopussa suhteellisen l\u00e4helle viel\u00e4 p\u00e4\u00e4siv\u00e4tkin. BK otti tahtipuikon haltuunsa heti alusta alkaen, mutta HIFK seurasi varjona tuntumassa. BK k\u00e4vi ottelun alkupuolella parhaimmillaan kertaalleen viiden maalin johdossa, mutta muuten ero py\u00f6ri muutamassa maalissa ja jokusen kerran HIFK [&hellip;]<\/p>\n","protected":false},"author":13,"featured_media":68977,"comment_status":"closed","ping_status":"closed","sticky":false,"template":"","format":"standard","meta":{"_acf_changed":false,"jetpack_post_was_ever_published":false,"_jetpack_newsletter_access":"","_jetpack_dont_email_post_to_subs":false,"_jetpack_newsletter_tier_id":0,"_jetpack_memberships_contains_paywalled_content":false,"_jetpack_memberships_contains_paid_content":false,"footnotes":""},"categories":[361],"tags":[56,71],"class_list":["post-70094","post","type-post","status-publish","format-standard","has-post-thumbnail","hentry","category-ottelut","tag-bk-46","tag-hifk"],"acf":[],"yoast_head":"<!-- This site is optimized with the Yoast SEO plugin v27.4 - https:\/\/yoast.com\/product\/yoast-seo-wordpress\/ -->\n<title>BK-46 otti ensimm\u00e4isen kiinnityksen mestaruuteen | K\u00e4sipallon miesten Aktialiiga<\/title>\n<meta name=\"robots\" content=\"index, follow, max-snippet:-1, max-image-preview:large, max-video-preview:-1\" \/>\n<link rel=\"canonical\" href=\"https:\/\/aktialiiga.fi\/miehet\/2025-2026\/ottelut\/bk-46-otti-ensimmaisen-kiinnityksen-mestaruuteen\/\" \/>\n<meta property=\"og:locale\" content=\"fi_FI\" \/>\n<meta property=\"og:type\" content=\"article\" \/>\n<meta property=\"og:title\" content=\"BK-46 otti ensimm\u00e4isen kiinnityksen mestaruuteen | K\u00e4sipallon miesten Aktialiiga\" \/>\n<meta property=\"og:description\" content=\"Aktialiigan kauden 2025-26 finaalisarja k\u00e4ynnistyi lauantaina Karjaalla. BK-46 piti kotiedustaan kiinni ja otti lopulta varman voiton HIFK:sta, vaikka vieraat lopussa suhteellisen l\u00e4helle viel\u00e4 p\u00e4\u00e4siv\u00e4tkin. BK otti tahtipuikon haltuunsa heti alusta alkaen, mutta HIFK seurasi varjona tuntumassa. BK k\u00e4vi ottelun alkupuolella parhaimmillaan kertaalleen viiden maalin johdossa, mutta muuten ero py\u00f6ri muutamassa maalissa ja jokusen kerran HIFK [&hellip;]\" \/>\n<meta property=\"og:url\" content=\"https:\/\/aktialiiga.fi\/miehet\/2025-2026\/ottelut\/bk-46-otti-ensimmaisen-kiinnityksen-mestaruuteen\/\" \/>\n<meta property=\"og:site_name\" content=\"K\u00e4sipallon miesten Aktialiiga\" \/>\n<meta property=\"article:publisher\" content=\"https:\/\/www.facebook.com\/finnhandball\" \/>\n<meta property=\"article:published_time\" content=\"2026-04-25T17:30:22+00:00\" \/>\n<meta property=\"article:modified_time\" content=\"2026-04-25T17:51:00+00:00\" \/>\n<meta property=\"og:image\" content=\"https:\/\/aktialiiga.fi\/miehet\/wp-content\/uploads\/sites\/5\/2026\/02\/B7A4259-e1770204430854.jpg\" \/>\n\t<meta property=\"og:image:width\" content=\"3020\" \/>\n\t<meta property=\"og:image:height\" content=\"2004\" \/>\n\t<meta property=\"og:image:type\" content=\"image\/jpeg\" \/>\n<meta name=\"author\" content=\"tbrmedia\" \/>\n<meta name=\"twitter:card\" content=\"summary_large_image\" \/>\n<meta name=\"twitter:creator\" content=\"@finnhandball\" \/>\n<meta name=\"twitter:site\" content=\"@finnhandball\" \/>\n<script type=\"application\/ld+json\" class=\"yoast-schema-graph\">{\"@context\":\"https:\\\/\\\/schema.org\",\"@graph\":[{\"@type\":\"Article\",\"@id\":\"https:\\\/\\\/aktialiiga.fi\\\/miehet\\\/2025-2026\\\/ottelut\\\/bk-46-otti-ensimmaisen-kiinnityksen-mestaruuteen\\\/#article\",\"isPartOf\":{\"@id\":\"https:\\\/\\\/aktialiiga.fi\\\/miehet\\\/2025-2026\\\/ottelut\\\/bk-46-otti-ensimmaisen-kiinnityksen-mestaruuteen\\\/\"},\"author\":{\"name\":\"tbrmedia\",\"@id\":\"https:\\\/\\\/aktialiiga.fi\\\/miehet\\\/#\\\/schema\\\/person\\\/c14bf42f47041db74603c45afcb18d87\"},\"headline\":\"BK-46 otti ensimm\u00e4isen kiinnityksen mestaruuteen\",\"datePublished\":\"2026-04-25T17:30:22+00:00\",\"dateModified\":\"2026-04-25T17:51:00+00:00\",\"mainEntityOfPage\":{\"@id\":\"https:\\\/\\\/aktialiiga.fi\\\/miehet\\\/2025-2026\\\/ottelut\\\/bk-46-otti-ensimmaisen-kiinnityksen-mestaruuteen\\\/\"},\"wordCount\":255,\"publisher\":{\"@id\":\"https:\\\/\\\/aktialiiga.fi\\\/miehet\\\/#organization\"},\"image\":{\"@id\":\"https:\\\/\\\/aktialiiga.fi\\\/miehet\\\/2025-2026\\\/ottelut\\\/bk-46-otti-ensimmaisen-kiinnityksen-mestaruuteen\\\/#primaryimage\"},\"thumbnailUrl\":\"https:\\\/\\\/i0.wp.com\\\/aktialiiga.fi\\\/miehet\\\/wp-content\\\/uploads\\\/sites\\\/5\\\/2026\\\/02\\\/B7A4259-e1770204430854.jpg?fit=3020%2C2004&ssl=1\",\"keywords\":[\"BK-46\",\"HIFK\"],\"articleSection\":[\"Ottelut 2025-26\"],\"inLanguage\":\"fi\"},{\"@type\":\"WebPage\",\"@id\":\"https:\\\/\\\/aktialiiga.fi\\\/miehet\\\/2025-2026\\\/ottelut\\\/bk-46-otti-ensimmaisen-kiinnityksen-mestaruuteen\\\/\",\"url\":\"https:\\\/\\\/aktialiiga.fi\\\/miehet\\\/2025-2026\\\/ottelut\\\/bk-46-otti-ensimmaisen-kiinnityksen-mestaruuteen\\\/\",\"name\":\"BK-46 otti ensimm\u00e4isen kiinnityksen mestaruuteen | K\u00e4sipallon miesten Aktialiiga\",\"isPartOf\":{\"@id\":\"https:\\\/\\\/aktialiiga.fi\\\/miehet\\\/#website\"},\"primaryImageOfPage\":{\"@id\":\"https:\\\/\\\/aktialiiga.fi\\\/miehet\\\/2025-2026\\\/ottelut\\\/bk-46-otti-ensimmaisen-kiinnityksen-mestaruuteen\\\/#primaryimage\"},\"image\":{\"@id\":\"https:\\\/\\\/aktialiiga.fi\\\/miehet\\\/2025-2026\\\/ottelut\\\/bk-46-otti-ensimmaisen-kiinnityksen-mestaruuteen\\\/#primaryimage\"},\"thumbnailUrl\":\"https:\\\/\\\/i0.wp.com\\\/aktialiiga.fi\\\/miehet\\\/wp-content\\\/uploads\\\/sites\\\/5\\\/2026\\\/02\\\/B7A4259-e1770204430854.jpg?fit=3020%2C2004&ssl=1\",\"datePublished\":\"2026-04-25T17:30:22+00:00\",\"dateModified\":\"2026-04-25T17:51:00+00:00\",\"breadcrumb\":{\"@id\":\"https:\\\/\\\/aktialiiga.fi\\\/miehet\\\/2025-2026\\\/ottelut\\\/bk-46-otti-ensimmaisen-kiinnityksen-mestaruuteen\\\/#breadcrumb\"},\"inLanguage\":\"fi\",\"potentialAction\":[{\"@type\":\"ReadAction\",\"target\":[\"https:\\\/\\\/aktialiiga.fi\\\/miehet\\\/2025-2026\\\/ottelut\\\/bk-46-otti-ensimmaisen-kiinnityksen-mestaruuteen\\\/\"]}]},{\"@type\":\"ImageObject\",\"inLanguage\":\"fi\",\"@id\":\"https:\\\/\\\/aktialiiga.fi\\\/miehet\\\/2025-2026\\\/ottelut\\\/bk-46-otti-ensimmaisen-kiinnityksen-mestaruuteen\\\/#primaryimage\",\"url\":\"https:\\\/\\\/i0.wp.com\\\/aktialiiga.fi\\\/miehet\\\/wp-content\\\/uploads\\\/sites\\\/5\\\/2026\\\/02\\\/B7A4259-e1770204430854.jpg?fit=3020%2C2004&ssl=1\",\"contentUrl\":\"https:\\\/\\\/i0.wp.com\\\/aktialiiga.fi\\\/miehet\\\/wp-content\\\/uploads\\\/sites\\\/5\\\/2026\\\/02\\\/B7A4259-e1770204430854.jpg?fit=3020%2C2004&ssl=1\",\"width\":3020,\"height\":2004},{\"@type\":\"BreadcrumbList\",\"@id\":\"https:\\\/\\\/aktialiiga.fi\\\/miehet\\\/2025-2026\\\/ottelut\\\/bk-46-otti-ensimmaisen-kiinnityksen-mestaruuteen\\\/#breadcrumb\",\"itemListElement\":[{\"@type\":\"ListItem\",\"position\":1,\"name\":\"Etusivu\",\"item\":\"https:\\\/\\\/aktialiiga.fi\\\/miehet\\\/\"},{\"@type\":\"ListItem\",\"position\":2,\"name\":\"BK-46 otti ensimm\u00e4isen kiinnityksen mestaruuteen\"}]},{\"@type\":\"WebSite\",\"@id\":\"https:\\\/\\\/aktialiiga.fi\\\/miehet\\\/#website\",\"url\":\"https:\\\/\\\/aktialiiga.fi\\\/miehet\\\/\",\"name\":\"K\u00e4sipallon miesten Aktialiiga\",\"description\":\"Valtakunnan vauhdikkainta palloilua!\",\"publisher\":{\"@id\":\"https:\\\/\\\/aktialiiga.fi\\\/miehet\\\/#organization\"},\"potentialAction\":[{\"@type\":\"SearchAction\",\"target\":{\"@type\":\"EntryPoint\",\"urlTemplate\":\"https:\\\/\\\/aktialiiga.fi\\\/miehet\\\/?s={search_term_string}\"},\"query-input\":{\"@type\":\"PropertyValueSpecification\",\"valueRequired\":true,\"valueName\":\"search_term_string\"}}],\"inLanguage\":\"fi\"},{\"@type\":\"Organization\",\"@id\":\"https:\\\/\\\/aktialiiga.fi\\\/miehet\\\/#organization\",\"name\":\"K\u00e4sipallon miesten Aktialiiga\",\"url\":\"https:\\\/\\\/aktialiiga.fi\\\/miehet\\\/\",\"logo\":{\"@type\":\"ImageObject\",\"inLanguage\":\"fi\",\"@id\":\"https:\\\/\\\/aktialiiga.fi\\\/miehet\\\/#\\\/schema\\\/logo\\\/image\\\/\",\"url\":\"https:\\\/\\\/i0.wp.com\\\/aktialiiga.fi\\\/miehet\\\/wp-content\\\/uploads\\\/sites\\\/5\\\/2024\\\/09\\\/Aktialiiga-Yoast-512.png?fit=512%2C512&ssl=1\",\"contentUrl\":\"https:\\\/\\\/i0.wp.com\\\/aktialiiga.fi\\\/miehet\\\/wp-content\\\/uploads\\\/sites\\\/5\\\/2024\\\/09\\\/Aktialiiga-Yoast-512.png?fit=512%2C512&ssl=1\",\"width\":512,\"height\":512,\"caption\":\"K\u00e4sipallon miesten Aktialiiga\"},\"image\":{\"@id\":\"https:\\\/\\\/aktialiiga.fi\\\/miehet\\\/#\\\/schema\\\/logo\\\/image\\\/\"},\"sameAs\":[\"https:\\\/\\\/www.facebook.com\\\/finnhandball\",\"https:\\\/\\\/x.com\\\/finnhandball\",\"https:\\\/\\\/www.instagram.com\\\/handballfinland\\\/\"]},{\"@type\":\"Person\",\"@id\":\"https:\\\/\\\/aktialiiga.fi\\\/miehet\\\/#\\\/schema\\\/person\\\/c14bf42f47041db74603c45afcb18d87\",\"name\":\"tbrmedia\",\"image\":{\"@type\":\"ImageObject\",\"inLanguage\":\"fi\",\"@id\":\"https:\\\/\\\/secure.gravatar.com\\\/avatar\\\/ee975fa091fe581d12b60debb3439022686618368a7c142044c56724d4666b16?s=96&d=mm&r=g\",\"url\":\"https:\\\/\\\/secure.gravatar.com\\\/avatar\\\/ee975fa091fe581d12b60debb3439022686618368a7c142044c56724d4666b16?s=96&d=mm&r=g\",\"contentUrl\":\"https:\\\/\\\/secure.gravatar.com\\\/avatar\\\/ee975fa091fe581d12b60debb3439022686618368a7c142044c56724d4666b16?s=96&d=mm&r=g\",\"caption\":\"tbrmedia\"}}]}<\/script>\n<!-- \/ Yoast SEO plugin. -->","yoast_head_json":{"title":"BK-46 otti ensimm\u00e4isen kiinnityksen mestaruuteen | K\u00e4sipallon miesten Aktialiiga","robots":{"index":"index","follow":"follow","max-snippet":"max-snippet:-1","max-image-preview":"max-image-preview:large","max-video-preview":"max-video-preview:-1"},"canonical":"https:\/\/aktialiiga.fi\/miehet\/2025-2026\/ottelut\/bk-46-otti-ensimmaisen-kiinnityksen-mestaruuteen\/","og_locale":"fi_FI","og_type":"article","og_title":"BK-46 otti ensimm\u00e4isen kiinnityksen mestaruuteen | K\u00e4sipallon miesten Aktialiiga","og_description":"Aktialiigan kauden 2025-26 finaalisarja k\u00e4ynnistyi lauantaina Karjaalla. BK-46 piti kotiedustaan kiinni ja otti lopulta varman voiton HIFK:sta, vaikka vieraat lopussa suhteellisen l\u00e4helle viel\u00e4 p\u00e4\u00e4siv\u00e4tkin. BK otti tahtipuikon haltuunsa heti alusta alkaen, mutta HIFK seurasi varjona tuntumassa. BK k\u00e4vi ottelun alkupuolella parhaimmillaan kertaalleen viiden maalin johdossa, mutta muuten ero py\u00f6ri muutamassa maalissa ja jokusen kerran HIFK [&hellip;]","og_url":"https:\/\/aktialiiga.fi\/miehet\/2025-2026\/ottelut\/bk-46-otti-ensimmaisen-kiinnityksen-mestaruuteen\/","og_site_name":"K\u00e4sipallon miesten Aktialiiga","article_publisher":"https:\/\/www.facebook.com\/finnhandball","article_published_time":"2026-04-25T17:30:22+00:00","article_modified_time":"2026-04-25T17:51:00+00:00","og_image":[{"width":3020,"height":2004,"url":"https:\/\/aktialiiga.fi\/miehet\/wp-content\/uploads\/sites\/5\/2026\/02\/B7A4259-e1770204430854.jpg","type":"image\/jpeg"}],"author":"tbrmedia","twitter_card":"summary_large_image","twitter_creator":"@finnhandball","twitter_site":"@finnhandball","schema":{"@context":"https:\/\/schema.org","@graph":[{"@type":"Article","@id":"https:\/\/aktialiiga.fi\/miehet\/2025-2026\/ottelut\/bk-46-otti-ensimmaisen-kiinnityksen-mestaruuteen\/#article","isPartOf":{"@id":"https:\/\/aktialiiga.fi\/miehet\/2025-2026\/ottelut\/bk-46-otti-ensimmaisen-kiinnityksen-mestaruuteen\/"},"author":{"name":"tbrmedia","@id":"https:\/\/aktialiiga.fi\/miehet\/#\/schema\/person\/c14bf42f47041db74603c45afcb18d87"},"headline":"BK-46 otti ensimm\u00e4isen kiinnityksen mestaruuteen","datePublished":"2026-04-25T17:30:22+00:00","dateModified":"2026-04-25T17:51:00+00:00","mainEntityOfPage":{"@id":"https:\/\/aktialiiga.fi\/miehet\/2025-2026\/ottelut\/bk-46-otti-ensimmaisen-kiinnityksen-mestaruuteen\/"},"wordCount":255,"publisher":{"@id":"https:\/\/aktialiiga.fi\/miehet\/#organization"},"image":{"@id":"https:\/\/aktialiiga.fi\/miehet\/2025-2026\/ottelut\/bk-46-otti-ensimmaisen-kiinnityksen-mestaruuteen\/#primaryimage"},"thumbnailUrl":"https:\/\/i0.wp.com\/aktialiiga.fi\/miehet\/wp-content\/uploads\/sites\/5\/2026\/02\/B7A4259-e1770204430854.jpg?fit=3020%2C2004&ssl=1","keywords":["BK-46","HIFK"],"articleSection":["Ottelut 2025-26"],"inLanguage":"fi"},{"@type":"WebPage","@id":"https:\/\/aktialiiga.fi\/miehet\/2025-2026\/ottelut\/bk-46-otti-ensimmaisen-kiinnityksen-mestaruuteen\/","url":"https:\/\/aktialiiga.fi\/miehet\/2025-2026\/ottelut\/bk-46-otti-ensimmaisen-kiinnityksen-mestaruuteen\/","name":"BK-46 otti ensimm\u00e4isen kiinnityksen mestaruuteen | K\u00e4sipallon miesten Aktialiiga","isPartOf":{"@id":"https:\/\/aktialiiga.fi\/miehet\/#website"},"primaryImageOfPage":{"@id":"https:\/\/aktialiiga.fi\/miehet\/2025-2026\/ottelut\/bk-46-otti-ensimmaisen-kiinnityksen-mestaruuteen\/#primaryimage"},"image":{"@id":"https:\/\/aktialiiga.fi\/miehet\/2025-2026\/ottelut\/bk-46-otti-ensimmaisen-kiinnityksen-mestaruuteen\/#primaryimage"},"thumbnailUrl":"https:\/\/i0.wp.com\/aktialiiga.fi\/miehet\/wp-content\/uploads\/sites\/5\/2026\/02\/B7A4259-e1770204430854.jpg?fit=3020%2C2004&ssl=1","datePublished":"2026-04-25T17:30:22+00:00","dateModified":"2026-04-25T17:51:00+00:00","breadcrumb":{"@id":"https:\/\/aktialiiga.fi\/miehet\/2025-2026\/ottelut\/bk-46-otti-ensimmaisen-kiinnityksen-mestaruuteen\/#breadcrumb"},"inLanguage":"fi","potentialAction":[{"@type":"ReadAction","target":["https:\/\/aktialiiga.fi\/miehet\/2025-2026\/ottelut\/bk-46-otti-ensimmaisen-kiinnityksen-mestaruuteen\/"]}]},{"@type":"ImageObject","inLanguage":"fi","@id":"https:\/\/aktialiiga.fi\/miehet\/2025-2026\/ottelut\/bk-46-otti-ensimmaisen-kiinnityksen-mestaruuteen\/#primaryimage","url":"https:\/\/i0.wp.com\/aktialiiga.fi\/miehet\/wp-content\/uploads\/sites\/5\/2026\/02\/B7A4259-e1770204430854.jpg?fit=3020%2C2004&ssl=1","contentUrl":"https:\/\/i0.wp.com\/aktialiiga.fi\/miehet\/wp-content\/uploads\/sites\/5\/2026\/02\/B7A4259-e1770204430854.jpg?fit=3020%2C2004&ssl=1","width":3020,"height":2004},{"@type":"BreadcrumbList","@id":"https:\/\/aktialiiga.fi\/miehet\/2025-2026\/ottelut\/bk-46-otti-ensimmaisen-kiinnityksen-mestaruuteen\/#breadcrumb","itemListElement":[{"@type":"ListItem","position":1,"name":"Etusivu","item":"https:\/\/aktialiiga.fi\/miehet\/"},{"@type":"ListItem","position":2,"name":"BK-46 otti ensimm\u00e4isen kiinnityksen mestaruuteen"}]},{"@type":"WebSite","@id":"https:\/\/aktialiiga.fi\/miehet\/#website","url":"https:\/\/aktialiiga.fi\/miehet\/","name":"K\u00e4sipallon miesten Aktialiiga","description":"Valtakunnan vauhdikkainta palloilua!","publisher":{"@id":"https:\/\/aktialiiga.fi\/miehet\/#organization"},"potentialAction":[{"@type":"SearchAction","target":{"@type":"EntryPoint","urlTemplate":"https:\/\/aktialiiga.fi\/miehet\/?s={search_term_string}"},"query-input":{"@type":"PropertyValueSpecification","valueRequired":true,"valueName":"search_term_string"}}],"inLanguage":"fi"},{"@type":"Organization","@id":"https:\/\/aktialiiga.fi\/miehet\/#organization","name":"K\u00e4sipallon miesten Aktialiiga","url":"https:\/\/aktialiiga.fi\/miehet\/","logo":{"@type":"ImageObject","inLanguage":"fi","@id":"https:\/\/aktialiiga.fi\/miehet\/#\/schema\/logo\/image\/","url":"https:\/\/i0.wp.com\/aktialiiga.fi\/miehet\/wp-content\/uploads\/sites\/5\/2024\/09\/Aktialiiga-Yoast-512.png?fit=512%2C512&ssl=1","contentUrl":"https:\/\/i0.wp.com\/aktialiiga.fi\/miehet\/wp-content\/uploads\/sites\/5\/2024\/09\/Aktialiiga-Yoast-512.png?fit=512%2C512&ssl=1","width":512,"height":512,"caption":"K\u00e4sipallon miesten Aktialiiga"},"image":{"@id":"https:\/\/aktialiiga.fi\/miehet\/#\/schema\/logo\/image\/"},"sameAs":["https:\/\/www.facebook.com\/finnhandball","https:\/\/x.com\/finnhandball","https:\/\/www.instagram.com\/handballfinland\/"]},{"@type":"Person","@id":"https:\/\/aktialiiga.fi\/miehet\/#\/schema\/person\/c14bf42f47041db74603c45afcb18d87","name":"tbrmedia","image":{"@type":"ImageObject","inLanguage":"fi","@id":"https:\/\/secure.gravatar.com\/avatar\/ee975fa091fe581d12b60debb3439022686618368a7c142044c56724d4666b16?s=96&d=mm&r=g","url":"https:\/\/secure.gravatar.com\/avatar\/ee975fa091fe581d12b60debb3439022686618368a7c142044c56724d4666b16?s=96&d=mm&r=g","contentUrl":"https:\/\/secure.gravatar.com\/avatar\/ee975fa091fe581d12b60debb3439022686618368a7c142044c56724d4666b16?s=96&d=mm&r=g","caption":"tbrmedia"}}]}},"jetpack_featured_media_url":"https:\/\/i0.wp.com\/aktialiiga.fi\/miehet\/wp-content\/uploads\/sites\/5\/2026\/02\/B7A4259-e1770204430854.jpg?fit=3020%2C2004&ssl=1","jetpack_sharing_enabled":true,"jetpack_shortlink":"https:\/\/wp.me\/pfTxOr-iey","_links":{"self":[{"href":"https:\/\/aktialiiga.fi\/miehet\/wp-json\/wp\/v2\/posts\/70094","targetHints":{"allow":["GET"]}}],"collection":[{"href":"https:\/\/aktialiiga.fi\/miehet\/wp-json\/wp\/v2\/posts"}],"about":[{"href":"https:\/\/aktialiiga.fi\/miehet\/wp-json\/wp\/v2\/types\/post"}],"author":[{"embeddable":true,"href":"https:\/\/aktialiiga.fi\/miehet\/wp-json\/wp\/v2\/users\/13"}],"replies":[{"embeddable":true,"href":"https:\/\/aktialiiga.fi\/miehet\/wp-json\/wp\/v2\/comments?post=70094"}],"version-history":[{"count":2,"href":"https:\/\/aktialiiga.fi\/miehet\/wp-json\/wp\/v2\/posts\/70094\/revisions"}],"predecessor-version":[{"id":70098,"href":"https:\/\/aktialiiga.fi\/miehet\/wp-json\/wp\/v2\/posts\/70094\/revisions\/70098"}],"wp:featuredmedia":[{"embeddable":true,"href":"https:\/\/aktialiiga.fi\/miehet\/wp-json\/wp\/v2\/media\/68977"}],"wp:attachment":[{"href":"https:\/\/aktialiiga.fi\/miehet\/wp-json\/wp\/v2\/media?parent=70094"}],"wp:term":[{"taxonomy":"category","embeddable":true,"href":"https:\/\/aktialiiga.fi\/miehet\/wp-json\/wp\/v2\/categories?post=70094"},{"taxonomy":"post_tag","embeddable":true,"href":"https:\/\/aktialiiga.fi\/miehet\/wp-json\/wp\/v2\/tags?post=70094"}],"curies":[{"name":"wp","href":"https:\/\/api.w.org\/{rel}","templated":true}]}}