{"id":70099,"date":"2026-04-27T12:27:48","date_gmt":"2026-04-27T09:27:48","guid":{"rendered":"https:\/\/aktialiiga.fi\/miehet\/?p=70099"},"modified":"2026-04-27T12:28:05","modified_gmt":"2026-04-27T09:28:05","slug":"william-sjoholm-palaa-vahvistamaan-dickenia","status":"publish","type":"post","link":"https:\/\/aktialiiga.fi\/miehet\/ajankohtaista\/william-sjoholm-palaa-vahvistamaan-dickenia\/","title":{"rendered":"William Sj\u00f6holm palaa vahvistamaan Dickeni\u00e4"},"content":{"rendered":"<p>Dicken on tehnyt sopimuksen turkulaisl\u00e4ht\u00f6isen William Sj\u00f6holmin kanssa. Vuonna 2004 syntynyt takapelaaja on edustanut joukkuetta my\u00f6s kaudella 2024\u20132025.<\/p>\n<p>Kuluneella kaudella \u00c5IFK:ssa pelanneelle Sj\u00f6holmille on kertynyt liigassa yhteens\u00e4 68 ottelua, joissa h\u00e4n on tehnyt 237 maalia. N\u00e4ist\u00e4 95 on syntynyt Dickenin paidassa. Liigat\u00e4hti\u00e4 Sj\u00f6holm on t\u00e4h\u00e4n menness\u00e4 ker\u00e4nnyt 12 kappaletta. Sopimus on mallia 1+1 vuotta.<\/p>\n<p>Dickenin GM Jukka Kamula kommentoi sopimusta seuraavasti seuran tiedotteessa.<\/p>\n<p>&#8211; William on hieno ammattilainen, joka hoitaa asiat kent\u00e4ll\u00e4 ja sen ulkopuolella aina eritt\u00e4in mallikkaasti. On suuri kunnia p\u00e4\u00e4st\u00e4 tekem\u00e4\u00e4n h\u00e4nen kanssaan t\u00f6it\u00e4 j\u00e4lleen tulevalla kaudella. Pelillisesti \u201dSj\u00f6lle\u201d tuo meille t\u00e4rke\u00e4n lis\u00e4n molempiin suuntiin, ja h\u00e4nen my\u00f6t\u00e4\u00e4n olemme varmasti askeleen parempi joukkue ensi kaudella.<\/p>\n<p>Kysytt\u00e4ess\u00e4 joukkueen rakentamisen tilanteesta Kamula vastasi n\u00e4in:<\/p>\n<p>&#8211; Hyv\u00e4lt\u00e4 n\u00e4ytt\u00e4\u00e4. Muutamaa ennalta tiedossa olevaa ulkomaille l\u00e4htij\u00e4\u00e4 lukuun ottamatta l\u00e4hes koko viime kauden joukkue jatkaa. Parin pelaajan kanssa k\u00e4ymme viel\u00e4 neuvotteluja, mutta rinki on t\u00e4ll\u00e4 hetkell\u00e4 yli 20 pelaajaa, joten leveytt\u00e4 ja laatua pit\u00e4isi l\u00f6yty\u00e4.<\/p>\n","protected":false},"excerpt":{"rendered":"<p>Dicken on tehnyt sopimuksen turkulaisl\u00e4ht\u00f6isen William Sj\u00f6holmin kanssa. Vuonna 2004 syntynyt takapelaaja on edustanut joukkuetta my\u00f6s kaudella 2024\u20132025. Kuluneella kaudella \u00c5IFK:ssa pelanneelle Sj\u00f6holmille on kertynyt liigassa yhteens\u00e4 68 ottelua, joissa h\u00e4n on tehnyt 237 maalia. N\u00e4ist\u00e4 95 on syntynyt Dickenin paidassa. Liigat\u00e4hti\u00e4 Sj\u00f6holm on t\u00e4h\u00e4n menness\u00e4 ker\u00e4nnyt 12 kappaletta. Sopimus on mallia 1+1 vuotta. Dickenin [&hellip;]<\/p>\n","protected":false},"author":13,"featured_media":61102,"comment_status":"closed","ping_status":"closed","sticky":false,"template":"","format":"standard","meta":{"_acf_changed":false,"jetpack_post_was_ever_published":false,"_jetpack_newsletter_access":"","_jetpack_dont_email_post_to_subs":false,"_jetpack_newsletter_tier_id":0,"_jetpack_memberships_contains_paywalled_content":false,"_jetpack_memberships_contains_paid_content":false,"footnotes":""},"categories":[2],"tags":[58],"class_list":["post-70099","post","type-post","status-publish","format-standard","has-post-thumbnail","hentry","category-ajankohtaista","tag-dicken"],"acf":[],"yoast_head":"<!-- This site is optimized with the Yoast SEO plugin v27.4 - https:\/\/yoast.com\/product\/yoast-seo-wordpress\/ -->\n<title>William Sj\u00f6holm palaa vahvistamaan Dickeni\u00e4 | K\u00e4sipallon miesten Aktialiiga<\/title>\n<meta name=\"robots\" content=\"index, follow, max-snippet:-1, max-image-preview:large, max-video-preview:-1\" \/>\n<link rel=\"canonical\" href=\"https:\/\/aktialiiga.fi\/miehet\/ajankohtaista\/william-sjoholm-palaa-vahvistamaan-dickenia\/\" \/>\n<meta property=\"og:locale\" content=\"fi_FI\" \/>\n<meta property=\"og:type\" content=\"article\" \/>\n<meta property=\"og:title\" content=\"William Sj\u00f6holm palaa vahvistamaan Dickeni\u00e4 | K\u00e4sipallon miesten Aktialiiga\" \/>\n<meta property=\"og:description\" content=\"Dicken on tehnyt sopimuksen turkulaisl\u00e4ht\u00f6isen William Sj\u00f6holmin kanssa. Vuonna 2004 syntynyt takapelaaja on edustanut joukkuetta my\u00f6s kaudella 2024\u20132025. Kuluneella kaudella \u00c5IFK:ssa pelanneelle Sj\u00f6holmille on kertynyt liigassa yhteens\u00e4 68 ottelua, joissa h\u00e4n on tehnyt 237 maalia. N\u00e4ist\u00e4 95 on syntynyt Dickenin paidassa. Liigat\u00e4hti\u00e4 Sj\u00f6holm on t\u00e4h\u00e4n menness\u00e4 ker\u00e4nnyt 12 kappaletta. Sopimus on mallia 1+1 vuotta. Dickenin [&hellip;]\" \/>\n<meta property=\"og:url\" content=\"https:\/\/aktialiiga.fi\/miehet\/ajankohtaista\/william-sjoholm-palaa-vahvistamaan-dickenia\/\" \/>\n<meta property=\"og:site_name\" content=\"K\u00e4sipallon miesten Aktialiiga\" \/>\n<meta property=\"article:publisher\" content=\"https:\/\/www.facebook.com\/finnhandball\" \/>\n<meta property=\"article:published_time\" content=\"2026-04-27T09:27:48+00:00\" \/>\n<meta property=\"article:modified_time\" content=\"2026-04-27T09:28:05+00:00\" \/>\n<meta property=\"og:image\" content=\"https:\/\/aktialiiga.fi\/miehet\/wp-content\/uploads\/sites\/5\/2024\/09\/34_William_Sjoholm.jpg\" \/>\n\t<meta property=\"og:image:width\" content=\"686\" \/>\n\t<meta property=\"og:image:height\" content=\"1030\" \/>\n\t<meta property=\"og:image:type\" content=\"image\/jpeg\" \/>\n<meta name=\"author\" content=\"tbrmedia\" \/>\n<meta name=\"twitter:card\" content=\"summary_large_image\" \/>\n<meta name=\"twitter:creator\" content=\"@finnhandball\" \/>\n<meta name=\"twitter:site\" content=\"@finnhandball\" \/>\n<script type=\"application\/ld+json\" class=\"yoast-schema-graph\">{\"@context\":\"https:\\\/\\\/schema.org\",\"@graph\":[{\"@type\":\"Article\",\"@id\":\"https:\\\/\\\/aktialiiga.fi\\\/miehet\\\/ajankohtaista\\\/william-sjoholm-palaa-vahvistamaan-dickenia\\\/#article\",\"isPartOf\":{\"@id\":\"https:\\\/\\\/aktialiiga.fi\\\/miehet\\\/ajankohtaista\\\/william-sjoholm-palaa-vahvistamaan-dickenia\\\/\"},\"author\":{\"name\":\"tbrmedia\",\"@id\":\"https:\\\/\\\/aktialiiga.fi\\\/miehet\\\/#\\\/schema\\\/person\\\/c14bf42f47041db74603c45afcb18d87\"},\"headline\":\"William Sj\u00f6holm palaa vahvistamaan Dickeni\u00e4\",\"datePublished\":\"2026-04-27T09:27:48+00:00\",\"dateModified\":\"2026-04-27T09:28:05+00:00\",\"mainEntityOfPage\":{\"@id\":\"https:\\\/\\\/aktialiiga.fi\\\/miehet\\\/ajankohtaista\\\/william-sjoholm-palaa-vahvistamaan-dickenia\\\/\"},\"wordCount\":186,\"publisher\":{\"@id\":\"https:\\\/\\\/aktialiiga.fi\\\/miehet\\\/#organization\"},\"image\":{\"@id\":\"https:\\\/\\\/aktialiiga.fi\\\/miehet\\\/ajankohtaista\\\/william-sjoholm-palaa-vahvistamaan-dickenia\\\/#primaryimage\"},\"thumbnailUrl\":\"https:\\\/\\\/i0.wp.com\\\/aktialiiga.fi\\\/miehet\\\/wp-content\\\/uploads\\\/sites\\\/5\\\/2024\\\/09\\\/34_William_Sjoholm.jpg?fit=686%2C1030&ssl=1\",\"keywords\":[\"Dicken\"],\"articleSection\":[\"Ajankohtaista\"],\"inLanguage\":\"fi\"},{\"@type\":\"WebPage\",\"@id\":\"https:\\\/\\\/aktialiiga.fi\\\/miehet\\\/ajankohtaista\\\/william-sjoholm-palaa-vahvistamaan-dickenia\\\/\",\"url\":\"https:\\\/\\\/aktialiiga.fi\\\/miehet\\\/ajankohtaista\\\/william-sjoholm-palaa-vahvistamaan-dickenia\\\/\",\"name\":\"William Sj\u00f6holm palaa vahvistamaan Dickeni\u00e4 | K\u00e4sipallon miesten Aktialiiga\",\"isPartOf\":{\"@id\":\"https:\\\/\\\/aktialiiga.fi\\\/miehet\\\/#website\"},\"primaryImageOfPage\":{\"@id\":\"https:\\\/\\\/aktialiiga.fi\\\/miehet\\\/ajankohtaista\\\/william-sjoholm-palaa-vahvistamaan-dickenia\\\/#primaryimage\"},\"image\":{\"@id\":\"https:\\\/\\\/aktialiiga.fi\\\/miehet\\\/ajankohtaista\\\/william-sjoholm-palaa-vahvistamaan-dickenia\\\/#primaryimage\"},\"thumbnailUrl\":\"https:\\\/\\\/i0.wp.com\\\/aktialiiga.fi\\\/miehet\\\/wp-content\\\/uploads\\\/sites\\\/5\\\/2024\\\/09\\\/34_William_Sjoholm.jpg?fit=686%2C1030&ssl=1\",\"datePublished\":\"2026-04-27T09:27:48+00:00\",\"dateModified\":\"2026-04-27T09:28:05+00:00\",\"breadcrumb\":{\"@id\":\"https:\\\/\\\/aktialiiga.fi\\\/miehet\\\/ajankohtaista\\\/william-sjoholm-palaa-vahvistamaan-dickenia\\\/#breadcrumb\"},\"inLanguage\":\"fi\",\"potentialAction\":[{\"@type\":\"ReadAction\",\"target\":[\"https:\\\/\\\/aktialiiga.fi\\\/miehet\\\/ajankohtaista\\\/william-sjoholm-palaa-vahvistamaan-dickenia\\\/\"]}]},{\"@type\":\"ImageObject\",\"inLanguage\":\"fi\",\"@id\":\"https:\\\/\\\/aktialiiga.fi\\\/miehet\\\/ajankohtaista\\\/william-sjoholm-palaa-vahvistamaan-dickenia\\\/#primaryimage\",\"url\":\"https:\\\/\\\/i0.wp.com\\\/aktialiiga.fi\\\/miehet\\\/wp-content\\\/uploads\\\/sites\\\/5\\\/2024\\\/09\\\/34_William_Sjoholm.jpg?fit=686%2C1030&ssl=1\",\"contentUrl\":\"https:\\\/\\\/i0.wp.com\\\/aktialiiga.fi\\\/miehet\\\/wp-content\\\/uploads\\\/sites\\\/5\\\/2024\\\/09\\\/34_William_Sjoholm.jpg?fit=686%2C1030&ssl=1\",\"width\":686,\"height\":1030},{\"@type\":\"BreadcrumbList\",\"@id\":\"https:\\\/\\\/aktialiiga.fi\\\/miehet\\\/ajankohtaista\\\/william-sjoholm-palaa-vahvistamaan-dickenia\\\/#breadcrumb\",\"itemListElement\":[{\"@type\":\"ListItem\",\"position\":1,\"name\":\"Etusivu\",\"item\":\"https:\\\/\\\/aktialiiga.fi\\\/miehet\\\/\"},{\"@type\":\"ListItem\",\"position\":2,\"name\":\"William Sj\u00f6holm palaa vahvistamaan Dickeni\u00e4\"}]},{\"@type\":\"WebSite\",\"@id\":\"https:\\\/\\\/aktialiiga.fi\\\/miehet\\\/#website\",\"url\":\"https:\\\/\\\/aktialiiga.fi\\\/miehet\\\/\",\"name\":\"K\u00e4sipallon miesten Aktialiiga\",\"description\":\"Valtakunnan vauhdikkainta palloilua!\",\"publisher\":{\"@id\":\"https:\\\/\\\/aktialiiga.fi\\\/miehet\\\/#organization\"},\"potentialAction\":[{\"@type\":\"SearchAction\",\"target\":{\"@type\":\"EntryPoint\",\"urlTemplate\":\"https:\\\/\\\/aktialiiga.fi\\\/miehet\\\/?s={search_term_string}\"},\"query-input\":{\"@type\":\"PropertyValueSpecification\",\"valueRequired\":true,\"valueName\":\"search_term_string\"}}],\"inLanguage\":\"fi\"},{\"@type\":\"Organization\",\"@id\":\"https:\\\/\\\/aktialiiga.fi\\\/miehet\\\/#organization\",\"name\":\"K\u00e4sipallon miesten Aktialiiga\",\"url\":\"https:\\\/\\\/aktialiiga.fi\\\/miehet\\\/\",\"logo\":{\"@type\":\"ImageObject\",\"inLanguage\":\"fi\",\"@id\":\"https:\\\/\\\/aktialiiga.fi\\\/miehet\\\/#\\\/schema\\\/logo\\\/image\\\/\",\"url\":\"https:\\\/\\\/i0.wp.com\\\/aktialiiga.fi\\\/miehet\\\/wp-content\\\/uploads\\\/sites\\\/5\\\/2024\\\/09\\\/Aktialiiga-Yoast-512.png?fit=512%2C512&ssl=1\",\"contentUrl\":\"https:\\\/\\\/i0.wp.com\\\/aktialiiga.fi\\\/miehet\\\/wp-content\\\/uploads\\\/sites\\\/5\\\/2024\\\/09\\\/Aktialiiga-Yoast-512.png?fit=512%2C512&ssl=1\",\"width\":512,\"height\":512,\"caption\":\"K\u00e4sipallon miesten Aktialiiga\"},\"image\":{\"@id\":\"https:\\\/\\\/aktialiiga.fi\\\/miehet\\\/#\\\/schema\\\/logo\\\/image\\\/\"},\"sameAs\":[\"https:\\\/\\\/www.facebook.com\\\/finnhandball\",\"https:\\\/\\\/x.com\\\/finnhandball\",\"https:\\\/\\\/www.instagram.com\\\/handballfinland\\\/\"]},{\"@type\":\"Person\",\"@id\":\"https:\\\/\\\/aktialiiga.fi\\\/miehet\\\/#\\\/schema\\\/person\\\/c14bf42f47041db74603c45afcb18d87\",\"name\":\"tbrmedia\",\"image\":{\"@type\":\"ImageObject\",\"inLanguage\":\"fi\",\"@id\":\"https:\\\/\\\/secure.gravatar.com\\\/avatar\\\/ee975fa091fe581d12b60debb3439022686618368a7c142044c56724d4666b16?s=96&d=mm&r=g\",\"url\":\"https:\\\/\\\/secure.gravatar.com\\\/avatar\\\/ee975fa091fe581d12b60debb3439022686618368a7c142044c56724d4666b16?s=96&d=mm&r=g\",\"contentUrl\":\"https:\\\/\\\/secure.gravatar.com\\\/avatar\\\/ee975fa091fe581d12b60debb3439022686618368a7c142044c56724d4666b16?s=96&d=mm&r=g\",\"caption\":\"tbrmedia\"}}]}<\/script>\n<!-- \/ Yoast SEO plugin. -->","yoast_head_json":{"title":"William Sj\u00f6holm palaa vahvistamaan Dickeni\u00e4 | K\u00e4sipallon miesten Aktialiiga","robots":{"index":"index","follow":"follow","max-snippet":"max-snippet:-1","max-image-preview":"max-image-preview:large","max-video-preview":"max-video-preview:-1"},"canonical":"https:\/\/aktialiiga.fi\/miehet\/ajankohtaista\/william-sjoholm-palaa-vahvistamaan-dickenia\/","og_locale":"fi_FI","og_type":"article","og_title":"William Sj\u00f6holm palaa vahvistamaan Dickeni\u00e4 | K\u00e4sipallon miesten Aktialiiga","og_description":"Dicken on tehnyt sopimuksen turkulaisl\u00e4ht\u00f6isen William Sj\u00f6holmin kanssa. Vuonna 2004 syntynyt takapelaaja on edustanut joukkuetta my\u00f6s kaudella 2024\u20132025. Kuluneella kaudella \u00c5IFK:ssa pelanneelle Sj\u00f6holmille on kertynyt liigassa yhteens\u00e4 68 ottelua, joissa h\u00e4n on tehnyt 237 maalia. N\u00e4ist\u00e4 95 on syntynyt Dickenin paidassa. Liigat\u00e4hti\u00e4 Sj\u00f6holm on t\u00e4h\u00e4n menness\u00e4 ker\u00e4nnyt 12 kappaletta. Sopimus on mallia 1+1 vuotta. Dickenin [&hellip;]","og_url":"https:\/\/aktialiiga.fi\/miehet\/ajankohtaista\/william-sjoholm-palaa-vahvistamaan-dickenia\/","og_site_name":"K\u00e4sipallon miesten Aktialiiga","article_publisher":"https:\/\/www.facebook.com\/finnhandball","article_published_time":"2026-04-27T09:27:48+00:00","article_modified_time":"2026-04-27T09:28:05+00:00","og_image":[{"width":686,"height":1030,"url":"https:\/\/aktialiiga.fi\/miehet\/wp-content\/uploads\/sites\/5\/2024\/09\/34_William_Sjoholm.jpg","type":"image\/jpeg"}],"author":"tbrmedia","twitter_card":"summary_large_image","twitter_creator":"@finnhandball","twitter_site":"@finnhandball","schema":{"@context":"https:\/\/schema.org","@graph":[{"@type":"Article","@id":"https:\/\/aktialiiga.fi\/miehet\/ajankohtaista\/william-sjoholm-palaa-vahvistamaan-dickenia\/#article","isPartOf":{"@id":"https:\/\/aktialiiga.fi\/miehet\/ajankohtaista\/william-sjoholm-palaa-vahvistamaan-dickenia\/"},"author":{"name":"tbrmedia","@id":"https:\/\/aktialiiga.fi\/miehet\/#\/schema\/person\/c14bf42f47041db74603c45afcb18d87"},"headline":"William Sj\u00f6holm palaa vahvistamaan Dickeni\u00e4","datePublished":"2026-04-27T09:27:48+00:00","dateModified":"2026-04-27T09:28:05+00:00","mainEntityOfPage":{"@id":"https:\/\/aktialiiga.fi\/miehet\/ajankohtaista\/william-sjoholm-palaa-vahvistamaan-dickenia\/"},"wordCount":186,"publisher":{"@id":"https:\/\/aktialiiga.fi\/miehet\/#organization"},"image":{"@id":"https:\/\/aktialiiga.fi\/miehet\/ajankohtaista\/william-sjoholm-palaa-vahvistamaan-dickenia\/#primaryimage"},"thumbnailUrl":"https:\/\/i0.wp.com\/aktialiiga.fi\/miehet\/wp-content\/uploads\/sites\/5\/2024\/09\/34_William_Sjoholm.jpg?fit=686%2C1030&ssl=1","keywords":["Dicken"],"articleSection":["Ajankohtaista"],"inLanguage":"fi"},{"@type":"WebPage","@id":"https:\/\/aktialiiga.fi\/miehet\/ajankohtaista\/william-sjoholm-palaa-vahvistamaan-dickenia\/","url":"https:\/\/aktialiiga.fi\/miehet\/ajankohtaista\/william-sjoholm-palaa-vahvistamaan-dickenia\/","name":"William Sj\u00f6holm palaa vahvistamaan Dickeni\u00e4 | K\u00e4sipallon miesten Aktialiiga","isPartOf":{"@id":"https:\/\/aktialiiga.fi\/miehet\/#website"},"primaryImageOfPage":{"@id":"https:\/\/aktialiiga.fi\/miehet\/ajankohtaista\/william-sjoholm-palaa-vahvistamaan-dickenia\/#primaryimage"},"image":{"@id":"https:\/\/aktialiiga.fi\/miehet\/ajankohtaista\/william-sjoholm-palaa-vahvistamaan-dickenia\/#primaryimage"},"thumbnailUrl":"https:\/\/i0.wp.com\/aktialiiga.fi\/miehet\/wp-content\/uploads\/sites\/5\/2024\/09\/34_William_Sjoholm.jpg?fit=686%2C1030&ssl=1","datePublished":"2026-04-27T09:27:48+00:00","dateModified":"2026-04-27T09:28:05+00:00","breadcrumb":{"@id":"https:\/\/aktialiiga.fi\/miehet\/ajankohtaista\/william-sjoholm-palaa-vahvistamaan-dickenia\/#breadcrumb"},"inLanguage":"fi","potentialAction":[{"@type":"ReadAction","target":["https:\/\/aktialiiga.fi\/miehet\/ajankohtaista\/william-sjoholm-palaa-vahvistamaan-dickenia\/"]}]},{"@type":"ImageObject","inLanguage":"fi","@id":"https:\/\/aktialiiga.fi\/miehet\/ajankohtaista\/william-sjoholm-palaa-vahvistamaan-dickenia\/#primaryimage","url":"https:\/\/i0.wp.com\/aktialiiga.fi\/miehet\/wp-content\/uploads\/sites\/5\/2024\/09\/34_William_Sjoholm.jpg?fit=686%2C1030&ssl=1","contentUrl":"https:\/\/i0.wp.com\/aktialiiga.fi\/miehet\/wp-content\/uploads\/sites\/5\/2024\/09\/34_William_Sjoholm.jpg?fit=686%2C1030&ssl=1","width":686,"height":1030},{"@type":"BreadcrumbList","@id":"https:\/\/aktialiiga.fi\/miehet\/ajankohtaista\/william-sjoholm-palaa-vahvistamaan-dickenia\/#breadcrumb","itemListElement":[{"@type":"ListItem","position":1,"name":"Etusivu","item":"https:\/\/aktialiiga.fi\/miehet\/"},{"@type":"ListItem","position":2,"name":"William Sj\u00f6holm palaa vahvistamaan Dickeni\u00e4"}]},{"@type":"WebSite","@id":"https:\/\/aktialiiga.fi\/miehet\/#website","url":"https:\/\/aktialiiga.fi\/miehet\/","name":"K\u00e4sipallon miesten Aktialiiga","description":"Valtakunnan vauhdikkainta palloilua!","publisher":{"@id":"https:\/\/aktialiiga.fi\/miehet\/#organization"},"potentialAction":[{"@type":"SearchAction","target":{"@type":"EntryPoint","urlTemplate":"https:\/\/aktialiiga.fi\/miehet\/?s={search_term_string}"},"query-input":{"@type":"PropertyValueSpecification","valueRequired":true,"valueName":"search_term_string"}}],"inLanguage":"fi"},{"@type":"Organization","@id":"https:\/\/aktialiiga.fi\/miehet\/#organization","name":"K\u00e4sipallon miesten Aktialiiga","url":"https:\/\/aktialiiga.fi\/miehet\/","logo":{"@type":"ImageObject","inLanguage":"fi","@id":"https:\/\/aktialiiga.fi\/miehet\/#\/schema\/logo\/image\/","url":"https:\/\/i0.wp.com\/aktialiiga.fi\/miehet\/wp-content\/uploads\/sites\/5\/2024\/09\/Aktialiiga-Yoast-512.png?fit=512%2C512&ssl=1","contentUrl":"https:\/\/i0.wp.com\/aktialiiga.fi\/miehet\/wp-content\/uploads\/sites\/5\/2024\/09\/Aktialiiga-Yoast-512.png?fit=512%2C512&ssl=1","width":512,"height":512,"caption":"K\u00e4sipallon miesten Aktialiiga"},"image":{"@id":"https:\/\/aktialiiga.fi\/miehet\/#\/schema\/logo\/image\/"},"sameAs":["https:\/\/www.facebook.com\/finnhandball","https:\/\/x.com\/finnhandball","https:\/\/www.instagram.com\/handballfinland\/"]},{"@type":"Person","@id":"https:\/\/aktialiiga.fi\/miehet\/#\/schema\/person\/c14bf42f47041db74603c45afcb18d87","name":"tbrmedia","image":{"@type":"ImageObject","inLanguage":"fi","@id":"https:\/\/secure.gravatar.com\/avatar\/ee975fa091fe581d12b60debb3439022686618368a7c142044c56724d4666b16?s=96&d=mm&r=g","url":"https:\/\/secure.gravatar.com\/avatar\/ee975fa091fe581d12b60debb3439022686618368a7c142044c56724d4666b16?s=96&d=mm&r=g","contentUrl":"https:\/\/secure.gravatar.com\/avatar\/ee975fa091fe581d12b60debb3439022686618368a7c142044c56724d4666b16?s=96&d=mm&r=g","caption":"tbrmedia"}}]}},"jetpack_featured_media_url":"https:\/\/i0.wp.com\/aktialiiga.fi\/miehet\/wp-content\/uploads\/sites\/5\/2024\/09\/34_William_Sjoholm.jpg?fit=686%2C1030&ssl=1","jetpack_sharing_enabled":true,"jetpack_shortlink":"https:\/\/wp.me\/pfTxOr-ieD","_links":{"self":[{"href":"https:\/\/aktialiiga.fi\/miehet\/wp-json\/wp\/v2\/posts\/70099","targetHints":{"allow":["GET"]}}],"collection":[{"href":"https:\/\/aktialiiga.fi\/miehet\/wp-json\/wp\/v2\/posts"}],"about":[{"href":"https:\/\/aktialiiga.fi\/miehet\/wp-json\/wp\/v2\/types\/post"}],"author":[{"embeddable":true,"href":"https:\/\/aktialiiga.fi\/miehet\/wp-json\/wp\/v2\/users\/13"}],"replies":[{"embeddable":true,"href":"https:\/\/aktialiiga.fi\/miehet\/wp-json\/wp\/v2\/comments?post=70099"}],"version-history":[{"count":2,"href":"https:\/\/aktialiiga.fi\/miehet\/wp-json\/wp\/v2\/posts\/70099\/revisions"}],"predecessor-version":[{"id":70102,"href":"https:\/\/aktialiiga.fi\/miehet\/wp-json\/wp\/v2\/posts\/70099\/revisions\/70102"}],"wp:featuredmedia":[{"embeddable":true,"href":"https:\/\/aktialiiga.fi\/miehet\/wp-json\/wp\/v2\/media\/61102"}],"wp:attachment":[{"href":"https:\/\/aktialiiga.fi\/miehet\/wp-json\/wp\/v2\/media?parent=70099"}],"wp:term":[{"taxonomy":"category","embeddable":true,"href":"https:\/\/aktialiiga.fi\/miehet\/wp-json\/wp\/v2\/categories?post=70099"},{"taxonomy":"post_tag","embeddable":true,"href":"https:\/\/aktialiiga.fi\/miehet\/wp-json\/wp\/v2\/tags?post=70099"}],"curies":[{"name":"wp","href":"https:\/\/api.w.org\/{rel}","templated":true}]}}