{"id":7011,"date":"2014-04-21T18:20:09","date_gmt":"2014-04-21T15:20:09","guid":{"rendered":"http:\/\/www.handisliiga.fi\/?p=7011"},"modified":"2018-04-20T12:53:42","modified_gmt":"2018-04-20T09:53:42","slug":"bk-46n-tie-valieriin-selva","status":"publish","type":"post","link":"https:\/\/aktialiiga.fi\/miehet\/2013-2014\/ottelut-2013-2014\/bk-46n-tie-valieriin-selva\/","title":{"rendered":"BK-46:n tie v\u00e4lieriin selv\u00e4"},"content":{"rendered":"<p>BK-46 eteni SM-liigan v\u00e4lieriin puhtaasti voitoin 3-0. Ratkaisevassa kolmannessa ottelussa maanantaina Karjaan SISU Arenalla kaatui HIFK lukemin 25-19 ja n\u00e4in karjaalaiset voivat valmistautua jo edess\u00e4 oleviin v\u00e4lieriin.<!--more--><\/p>\n<p>Vierailija HIFK teki ottelun kaksi ensimm\u00e4ist\u00e4 maalia, mutta tahtipuikko siirtyi nopeasti BK:n haltuun. Ensimm\u00e4inen puoliaika eteni kuitenkin kauttaaltaan tasaisissa merkeiss\u00e4. Ennen taukoa BK vet\u00e4isi kuitenkin pienen kolmen maalin eron.<\/p>\n<p>Heti tauon j\u00e4lkeen ilmassa alkoi olla ratkaisun merkkej\u00e4, kun BK venytti johtonsa nopeassa tahdissa seitsem\u00e4\u00e4n maaliin. HIFK ei kuitenkaan luovuttanut ja viel\u00e4 21. minuutilla eroa oli vain nelj\u00e4 maalia. BK pystyi kuitenkin pit\u00e4m\u00e4\u00e4n johtonsa loppuun saakka ja vei kolmannen puoliv\u00e4lier\u00e4voiton maalein 25-19.<\/p>\n<p>BK-46:n p\u00e4\u00e4valmentaja Christer Lundqvist ei peitellyt riemuaan puoliv\u00e4lier\u00e4sarjan ratkettua suoraan kolmessa ottelussa.<\/p>\n<p>&#8211; Hieno 3-0 sarjavoitto, viimeinen ottelu oli ylivoimaisesti vaikein kaikista. Me emme oikein saaneet ottelua haltuumme heti alusta. Kuitenkin t\u00e4t\u00e4 oli yksitt\u00e4isen\u00e4 otteluna meilt\u00e4 huonoin t\u00e4ss\u00e4 sarjassa. Nyt pit\u00e4\u00e4 ladata akut uudestaan sunnuntaita varten, Lundqvist katsoi jo eteenp\u00e4in.<\/p>\n<p>Positiivisissa tunnelmissa oli my\u00f6s\u00a0 ottelun vakuuttavimman pelaajan tittelin napannut Robin Karlsson.<\/p>\n<p>&#8211; Oli oikein miellytt\u00e4v\u00e4\u00e4 pelata keskipakkina. Pit\u00e4isi vaan treeneiss\u00e4kin pelata sit\u00e4 paikkaa. Hienoa voittaa puoliv\u00e4lier\u00e4sarja. T\u00e4st\u00e4 l\u00e4htien tulee vain kovia joukkueita vastaan, tuli sitten kuka tahansa.<\/p>\n<p>Tunnelmat HIFK:n leiriss\u00e4 olivatkin sitten perin toisenlaiset.<\/p>\n<p>&#8211; Suuri pettymys meille, ett\u00e4 sesonki on ohi. Molemmat joukkueet taistelivat loukkaantumisia vastaan, sen taistelun voitti BK-46. Meid\u00e4n olisi pit\u00e4nyt voittaa toinen ottelu. Siin\u00e4 t\u00e4m\u00e4 ottelusarja ratkesi, p\u00e4\u00e4valmentaja Kenneth B\u00e4cklund n\u00e4ki.<\/p>\n<p><strong>BK-46 \u2013 HIFK 25\u201319 (13\u201310) <\/strong><br \/>\n<em><strong>(otteluvoitot 3-0)<\/strong><\/em><\/p>\n<p><em>Yleis\u00f6m\u00e4\u00e4r\u00e4<\/em>: 425<\/p>\n<p><strong>Maalintekij\u00e4t<\/strong>:<br \/>\nBK-46: Olli-Pekka Korpim\u00e4ki 6, Sam Sj\u00f6man 2, Robin Karlsson4, Jasper Hellberg 3, Robin Mattsson 1, Mario Karuse 1, Victor Westerlund 1, Sebastian S\u00e4kkinen 3, Oscar Udd 4<br \/>\nHIFK: Joonas Leisio 3, Antti Koskela 2, Eino Jokio 2, Serghei Glinka 7, Christoffer Eneberg 1, Alexander von Numers 1, Niklas Salmen 2, Tom Lindstr\u00f6m 1<\/p>\n<p><strong>Ottelun L\u00e4hiTapiola-t\u00e4hdet:<\/strong><br \/>\n3 Robin Karlsson (BK-46)<br \/>\n2 Olli-Pekka Korpim\u00e4ki (BK-46)<br \/>\n1 Serghei Glinca (HIFK).<\/p>\n","protected":false},"excerpt":{"rendered":"<p>BK-46 eteni SM-liigan v\u00e4lieriin puhtaasti voitoin 3-0. Ratkaisevassa kolmannessa ottelussa maanantaina Karjaan SISU Arenalla kaatui HIFK lukemin 25-19 ja n\u00e4in karjaalaiset voivat valmistautua jo edess\u00e4 oleviin v\u00e4lieriin.<\/p>\n","protected":false},"author":13,"featured_media":6546,"comment_status":"closed","ping_status":"closed","sticky":false,"template":"","format":"standard","meta":{"_acf_changed":false,"jetpack_post_was_ever_published":false,"_jetpack_newsletter_access":"","_jetpack_dont_email_post_to_subs":false,"_jetpack_newsletter_tier_id":0,"_jetpack_memberships_contains_paywalled_content":false,"_jetpack_memberships_contains_paid_content":false,"footnotes":""},"categories":[21],"tags":[56,71],"class_list":["post-7011","post","type-post","status-publish","format-standard","has-post-thumbnail","hentry","category-ottelut-2013-2014","tag-bk-46","tag-hifk"],"acf":[],"yoast_head":"<!-- This site is optimized with the Yoast SEO plugin v27.5 - https:\/\/yoast.com\/product\/yoast-seo-wordpress\/ -->\n<title>BK-46:n tie v\u00e4lieriin selv\u00e4 | K\u00e4sipallon miesten Aktialiiga<\/title>\n<meta name=\"robots\" content=\"index, follow, max-snippet:-1, max-image-preview:large, max-video-preview:-1\" \/>\n<link rel=\"canonical\" href=\"https:\/\/aktialiiga.fi\/miehet\/2013-2014\/ottelut-2013-2014\/bk-46n-tie-valieriin-selva\/\" \/>\n<meta property=\"og:locale\" content=\"fi_FI\" \/>\n<meta property=\"og:type\" content=\"article\" \/>\n<meta property=\"og:title\" content=\"BK-46:n tie v\u00e4lieriin selv\u00e4 | K\u00e4sipallon miesten Aktialiiga\" \/>\n<meta property=\"og:description\" content=\"BK-46 eteni SM-liigan v\u00e4lieriin puhtaasti voitoin 3-0. Ratkaisevassa kolmannessa ottelussa maanantaina Karjaan SISU Arenalla kaatui HIFK lukemin 25-19 ja n\u00e4in karjaalaiset voivat valmistautua jo edess\u00e4 oleviin v\u00e4lieriin.\" \/>\n<meta property=\"og:url\" content=\"https:\/\/aktialiiga.fi\/miehet\/2013-2014\/ottelut-2013-2014\/bk-46n-tie-valieriin-selva\/\" \/>\n<meta property=\"og:site_name\" content=\"K\u00e4sipallon miesten Aktialiiga\" \/>\n<meta property=\"article:publisher\" content=\"https:\/\/www.facebook.com\/finnhandball\" \/>\n<meta property=\"article:published_time\" content=\"2014-04-21T15:20:09+00:00\" \/>\n<meta property=\"article:modified_time\" content=\"2018-04-20T09:53:42+00:00\" \/>\n<meta property=\"og:image\" content=\"https:\/\/i0.wp.com\/aktialiiga.fi\/miehet\/wp-content\/uploads\/sites\/5\/2014\/01\/Kuvitus_pallomaalissa.jpg?fit=300%2C300&ssl=1\" \/>\n\t<meta property=\"og:image:width\" content=\"300\" \/>\n\t<meta property=\"og:image:height\" content=\"300\" \/>\n\t<meta property=\"og:image:type\" content=\"image\/jpeg\" \/>\n<meta name=\"author\" content=\"tbrmedia\" \/>\n<meta name=\"twitter:card\" content=\"summary_large_image\" \/>\n<meta name=\"twitter:creator\" content=\"@finnhandball\" \/>\n<meta name=\"twitter:site\" content=\"@finnhandball\" \/>\n<script type=\"application\/ld+json\" class=\"yoast-schema-graph\">{\"@context\":\"https:\\\/\\\/schema.org\",\"@graph\":[{\"@type\":\"Article\",\"@id\":\"https:\\\/\\\/aktialiiga.fi\\\/miehet\\\/2013-2014\\\/ottelut-2013-2014\\\/bk-46n-tie-valieriin-selva\\\/#article\",\"isPartOf\":{\"@id\":\"https:\\\/\\\/aktialiiga.fi\\\/miehet\\\/2013-2014\\\/ottelut-2013-2014\\\/bk-46n-tie-valieriin-selva\\\/\"},\"author\":{\"name\":\"tbrmedia\",\"@id\":\"https:\\\/\\\/aktialiiga.fi\\\/miehet\\\/#\\\/schema\\\/person\\\/c14bf42f47041db74603c45afcb18d87\"},\"headline\":\"BK-46:n tie v\u00e4lieriin selv\u00e4\",\"datePublished\":\"2014-04-21T15:20:09+00:00\",\"dateModified\":\"2018-04-20T09:53:42+00:00\",\"mainEntityOfPage\":{\"@id\":\"https:\\\/\\\/aktialiiga.fi\\\/miehet\\\/2013-2014\\\/ottelut-2013-2014\\\/bk-46n-tie-valieriin-selva\\\/\"},\"wordCount\":328,\"publisher\":{\"@id\":\"https:\\\/\\\/aktialiiga.fi\\\/miehet\\\/#organization\"},\"image\":{\"@id\":\"https:\\\/\\\/aktialiiga.fi\\\/miehet\\\/2013-2014\\\/ottelut-2013-2014\\\/bk-46n-tie-valieriin-selva\\\/#primaryimage\"},\"thumbnailUrl\":\"https:\\\/\\\/i0.wp.com\\\/aktialiiga.fi\\\/miehet\\\/wp-content\\\/uploads\\\/sites\\\/5\\\/2014\\\/01\\\/Kuvitus_pallomaalissa.jpg?fit=300%2C300&ssl=1\",\"keywords\":[\"BK-46\",\"HIFK\"],\"articleSection\":[\"Ottelut\"],\"inLanguage\":\"fi\"},{\"@type\":\"WebPage\",\"@id\":\"https:\\\/\\\/aktialiiga.fi\\\/miehet\\\/2013-2014\\\/ottelut-2013-2014\\\/bk-46n-tie-valieriin-selva\\\/\",\"url\":\"https:\\\/\\\/aktialiiga.fi\\\/miehet\\\/2013-2014\\\/ottelut-2013-2014\\\/bk-46n-tie-valieriin-selva\\\/\",\"name\":\"BK-46:n tie v\u00e4lieriin selv\u00e4 | K\u00e4sipallon miesten Aktialiiga\",\"isPartOf\":{\"@id\":\"https:\\\/\\\/aktialiiga.fi\\\/miehet\\\/#website\"},\"primaryImageOfPage\":{\"@id\":\"https:\\\/\\\/aktialiiga.fi\\\/miehet\\\/2013-2014\\\/ottelut-2013-2014\\\/bk-46n-tie-valieriin-selva\\\/#primaryimage\"},\"image\":{\"@id\":\"https:\\\/\\\/aktialiiga.fi\\\/miehet\\\/2013-2014\\\/ottelut-2013-2014\\\/bk-46n-tie-valieriin-selva\\\/#primaryimage\"},\"thumbnailUrl\":\"https:\\\/\\\/i0.wp.com\\\/aktialiiga.fi\\\/miehet\\\/wp-content\\\/uploads\\\/sites\\\/5\\\/2014\\\/01\\\/Kuvitus_pallomaalissa.jpg?fit=300%2C300&ssl=1\",\"datePublished\":\"2014-04-21T15:20:09+00:00\",\"dateModified\":\"2018-04-20T09:53:42+00:00\",\"breadcrumb\":{\"@id\":\"https:\\\/\\\/aktialiiga.fi\\\/miehet\\\/2013-2014\\\/ottelut-2013-2014\\\/bk-46n-tie-valieriin-selva\\\/#breadcrumb\"},\"inLanguage\":\"fi\",\"potentialAction\":[{\"@type\":\"ReadAction\",\"target\":[\"https:\\\/\\\/aktialiiga.fi\\\/miehet\\\/2013-2014\\\/ottelut-2013-2014\\\/bk-46n-tie-valieriin-selva\\\/\"]}]},{\"@type\":\"ImageObject\",\"inLanguage\":\"fi\",\"@id\":\"https:\\\/\\\/aktialiiga.fi\\\/miehet\\\/2013-2014\\\/ottelut-2013-2014\\\/bk-46n-tie-valieriin-selva\\\/#primaryimage\",\"url\":\"https:\\\/\\\/i0.wp.com\\\/aktialiiga.fi\\\/miehet\\\/wp-content\\\/uploads\\\/sites\\\/5\\\/2014\\\/01\\\/Kuvitus_pallomaalissa.jpg?fit=300%2C300&ssl=1\",\"contentUrl\":\"https:\\\/\\\/i0.wp.com\\\/aktialiiga.fi\\\/miehet\\\/wp-content\\\/uploads\\\/sites\\\/5\\\/2014\\\/01\\\/Kuvitus_pallomaalissa.jpg?fit=300%2C300&ssl=1\",\"width\":300,\"height\":300,\"caption\":\"kuva: Juha Tamminen\"},{\"@type\":\"BreadcrumbList\",\"@id\":\"https:\\\/\\\/aktialiiga.fi\\\/miehet\\\/2013-2014\\\/ottelut-2013-2014\\\/bk-46n-tie-valieriin-selva\\\/#breadcrumb\",\"itemListElement\":[{\"@type\":\"ListItem\",\"position\":1,\"name\":\"Etusivu\",\"item\":\"https:\\\/\\\/aktialiiga.fi\\\/miehet\\\/\"},{\"@type\":\"ListItem\",\"position\":2,\"name\":\"BK-46:n tie v\u00e4lieriin selv\u00e4\"}]},{\"@type\":\"WebSite\",\"@id\":\"https:\\\/\\\/aktialiiga.fi\\\/miehet\\\/#website\",\"url\":\"https:\\\/\\\/aktialiiga.fi\\\/miehet\\\/\",\"name\":\"K\u00e4sipallon miesten Aktialiiga\",\"description\":\"Valtakunnan vauhdikkainta palloilua!\",\"publisher\":{\"@id\":\"https:\\\/\\\/aktialiiga.fi\\\/miehet\\\/#organization\"},\"potentialAction\":[{\"@type\":\"SearchAction\",\"target\":{\"@type\":\"EntryPoint\",\"urlTemplate\":\"https:\\\/\\\/aktialiiga.fi\\\/miehet\\\/?s={search_term_string}\"},\"query-input\":{\"@type\":\"PropertyValueSpecification\",\"valueRequired\":true,\"valueName\":\"search_term_string\"}}],\"inLanguage\":\"fi\"},{\"@type\":\"Organization\",\"@id\":\"https:\\\/\\\/aktialiiga.fi\\\/miehet\\\/#organization\",\"name\":\"K\u00e4sipallon miesten Aktialiiga\",\"url\":\"https:\\\/\\\/aktialiiga.fi\\\/miehet\\\/\",\"logo\":{\"@type\":\"ImageObject\",\"inLanguage\":\"fi\",\"@id\":\"https:\\\/\\\/aktialiiga.fi\\\/miehet\\\/#\\\/schema\\\/logo\\\/image\\\/\",\"url\":\"https:\\\/\\\/i0.wp.com\\\/aktialiiga.fi\\\/miehet\\\/wp-content\\\/uploads\\\/sites\\\/5\\\/2024\\\/09\\\/Aktialiiga-Yoast-512.png?fit=512%2C512&ssl=1\",\"contentUrl\":\"https:\\\/\\\/i0.wp.com\\\/aktialiiga.fi\\\/miehet\\\/wp-content\\\/uploads\\\/sites\\\/5\\\/2024\\\/09\\\/Aktialiiga-Yoast-512.png?fit=512%2C512&ssl=1\",\"width\":512,\"height\":512,\"caption\":\"K\u00e4sipallon miesten Aktialiiga\"},\"image\":{\"@id\":\"https:\\\/\\\/aktialiiga.fi\\\/miehet\\\/#\\\/schema\\\/logo\\\/image\\\/\"},\"sameAs\":[\"https:\\\/\\\/www.facebook.com\\\/finnhandball\",\"https:\\\/\\\/x.com\\\/finnhandball\",\"https:\\\/\\\/www.instagram.com\\\/handballfinland\\\/\"]},{\"@type\":\"Person\",\"@id\":\"https:\\\/\\\/aktialiiga.fi\\\/miehet\\\/#\\\/schema\\\/person\\\/c14bf42f47041db74603c45afcb18d87\",\"name\":\"tbrmedia\",\"image\":{\"@type\":\"ImageObject\",\"inLanguage\":\"fi\",\"@id\":\"https:\\\/\\\/secure.gravatar.com\\\/avatar\\\/ee975fa091fe581d12b60debb3439022686618368a7c142044c56724d4666b16?s=96&d=mm&r=g\",\"url\":\"https:\\\/\\\/secure.gravatar.com\\\/avatar\\\/ee975fa091fe581d12b60debb3439022686618368a7c142044c56724d4666b16?s=96&d=mm&r=g\",\"contentUrl\":\"https:\\\/\\\/secure.gravatar.com\\\/avatar\\\/ee975fa091fe581d12b60debb3439022686618368a7c142044c56724d4666b16?s=96&d=mm&r=g\",\"caption\":\"tbrmedia\"}}]}<\/script>\n<!-- \/ Yoast SEO plugin. -->","yoast_head_json":{"title":"BK-46:n tie v\u00e4lieriin selv\u00e4 | K\u00e4sipallon miesten Aktialiiga","robots":{"index":"index","follow":"follow","max-snippet":"max-snippet:-1","max-image-preview":"max-image-preview:large","max-video-preview":"max-video-preview:-1"},"canonical":"https:\/\/aktialiiga.fi\/miehet\/2013-2014\/ottelut-2013-2014\/bk-46n-tie-valieriin-selva\/","og_locale":"fi_FI","og_type":"article","og_title":"BK-46:n tie v\u00e4lieriin selv\u00e4 | K\u00e4sipallon miesten Aktialiiga","og_description":"BK-46 eteni SM-liigan v\u00e4lieriin puhtaasti voitoin 3-0. Ratkaisevassa kolmannessa ottelussa maanantaina Karjaan SISU Arenalla kaatui HIFK lukemin 25-19 ja n\u00e4in karjaalaiset voivat valmistautua jo edess\u00e4 oleviin v\u00e4lieriin.","og_url":"https:\/\/aktialiiga.fi\/miehet\/2013-2014\/ottelut-2013-2014\/bk-46n-tie-valieriin-selva\/","og_site_name":"K\u00e4sipallon miesten Aktialiiga","article_publisher":"https:\/\/www.facebook.com\/finnhandball","article_published_time":"2014-04-21T15:20:09+00:00","article_modified_time":"2018-04-20T09:53:42+00:00","og_image":[{"width":300,"height":300,"url":"https:\/\/i0.wp.com\/aktialiiga.fi\/miehet\/wp-content\/uploads\/sites\/5\/2014\/01\/Kuvitus_pallomaalissa.jpg?fit=300%2C300&ssl=1","type":"image\/jpeg"}],"author":"tbrmedia","twitter_card":"summary_large_image","twitter_creator":"@finnhandball","twitter_site":"@finnhandball","schema":{"@context":"https:\/\/schema.org","@graph":[{"@type":"Article","@id":"https:\/\/aktialiiga.fi\/miehet\/2013-2014\/ottelut-2013-2014\/bk-46n-tie-valieriin-selva\/#article","isPartOf":{"@id":"https:\/\/aktialiiga.fi\/miehet\/2013-2014\/ottelut-2013-2014\/bk-46n-tie-valieriin-selva\/"},"author":{"name":"tbrmedia","@id":"https:\/\/aktialiiga.fi\/miehet\/#\/schema\/person\/c14bf42f47041db74603c45afcb18d87"},"headline":"BK-46:n tie v\u00e4lieriin selv\u00e4","datePublished":"2014-04-21T15:20:09+00:00","dateModified":"2018-04-20T09:53:42+00:00","mainEntityOfPage":{"@id":"https:\/\/aktialiiga.fi\/miehet\/2013-2014\/ottelut-2013-2014\/bk-46n-tie-valieriin-selva\/"},"wordCount":328,"publisher":{"@id":"https:\/\/aktialiiga.fi\/miehet\/#organization"},"image":{"@id":"https:\/\/aktialiiga.fi\/miehet\/2013-2014\/ottelut-2013-2014\/bk-46n-tie-valieriin-selva\/#primaryimage"},"thumbnailUrl":"https:\/\/i0.wp.com\/aktialiiga.fi\/miehet\/wp-content\/uploads\/sites\/5\/2014\/01\/Kuvitus_pallomaalissa.jpg?fit=300%2C300&ssl=1","keywords":["BK-46","HIFK"],"articleSection":["Ottelut"],"inLanguage":"fi"},{"@type":"WebPage","@id":"https:\/\/aktialiiga.fi\/miehet\/2013-2014\/ottelut-2013-2014\/bk-46n-tie-valieriin-selva\/","url":"https:\/\/aktialiiga.fi\/miehet\/2013-2014\/ottelut-2013-2014\/bk-46n-tie-valieriin-selva\/","name":"BK-46:n tie v\u00e4lieriin selv\u00e4 | K\u00e4sipallon miesten Aktialiiga","isPartOf":{"@id":"https:\/\/aktialiiga.fi\/miehet\/#website"},"primaryImageOfPage":{"@id":"https:\/\/aktialiiga.fi\/miehet\/2013-2014\/ottelut-2013-2014\/bk-46n-tie-valieriin-selva\/#primaryimage"},"image":{"@id":"https:\/\/aktialiiga.fi\/miehet\/2013-2014\/ottelut-2013-2014\/bk-46n-tie-valieriin-selva\/#primaryimage"},"thumbnailUrl":"https:\/\/i0.wp.com\/aktialiiga.fi\/miehet\/wp-content\/uploads\/sites\/5\/2014\/01\/Kuvitus_pallomaalissa.jpg?fit=300%2C300&ssl=1","datePublished":"2014-04-21T15:20:09+00:00","dateModified":"2018-04-20T09:53:42+00:00","breadcrumb":{"@id":"https:\/\/aktialiiga.fi\/miehet\/2013-2014\/ottelut-2013-2014\/bk-46n-tie-valieriin-selva\/#breadcrumb"},"inLanguage":"fi","potentialAction":[{"@type":"ReadAction","target":["https:\/\/aktialiiga.fi\/miehet\/2013-2014\/ottelut-2013-2014\/bk-46n-tie-valieriin-selva\/"]}]},{"@type":"ImageObject","inLanguage":"fi","@id":"https:\/\/aktialiiga.fi\/miehet\/2013-2014\/ottelut-2013-2014\/bk-46n-tie-valieriin-selva\/#primaryimage","url":"https:\/\/i0.wp.com\/aktialiiga.fi\/miehet\/wp-content\/uploads\/sites\/5\/2014\/01\/Kuvitus_pallomaalissa.jpg?fit=300%2C300&ssl=1","contentUrl":"https:\/\/i0.wp.com\/aktialiiga.fi\/miehet\/wp-content\/uploads\/sites\/5\/2014\/01\/Kuvitus_pallomaalissa.jpg?fit=300%2C300&ssl=1","width":300,"height":300,"caption":"kuva: Juha Tamminen"},{"@type":"BreadcrumbList","@id":"https:\/\/aktialiiga.fi\/miehet\/2013-2014\/ottelut-2013-2014\/bk-46n-tie-valieriin-selva\/#breadcrumb","itemListElement":[{"@type":"ListItem","position":1,"name":"Etusivu","item":"https:\/\/aktialiiga.fi\/miehet\/"},{"@type":"ListItem","position":2,"name":"BK-46:n tie v\u00e4lieriin selv\u00e4"}]},{"@type":"WebSite","@id":"https:\/\/aktialiiga.fi\/miehet\/#website","url":"https:\/\/aktialiiga.fi\/miehet\/","name":"K\u00e4sipallon miesten Aktialiiga","description":"Valtakunnan vauhdikkainta palloilua!","publisher":{"@id":"https:\/\/aktialiiga.fi\/miehet\/#organization"},"potentialAction":[{"@type":"SearchAction","target":{"@type":"EntryPoint","urlTemplate":"https:\/\/aktialiiga.fi\/miehet\/?s={search_term_string}"},"query-input":{"@type":"PropertyValueSpecification","valueRequired":true,"valueName":"search_term_string"}}],"inLanguage":"fi"},{"@type":"Organization","@id":"https:\/\/aktialiiga.fi\/miehet\/#organization","name":"K\u00e4sipallon miesten Aktialiiga","url":"https:\/\/aktialiiga.fi\/miehet\/","logo":{"@type":"ImageObject","inLanguage":"fi","@id":"https:\/\/aktialiiga.fi\/miehet\/#\/schema\/logo\/image\/","url":"https:\/\/i0.wp.com\/aktialiiga.fi\/miehet\/wp-content\/uploads\/sites\/5\/2024\/09\/Aktialiiga-Yoast-512.png?fit=512%2C512&ssl=1","contentUrl":"https:\/\/i0.wp.com\/aktialiiga.fi\/miehet\/wp-content\/uploads\/sites\/5\/2024\/09\/Aktialiiga-Yoast-512.png?fit=512%2C512&ssl=1","width":512,"height":512,"caption":"K\u00e4sipallon miesten Aktialiiga"},"image":{"@id":"https:\/\/aktialiiga.fi\/miehet\/#\/schema\/logo\/image\/"},"sameAs":["https:\/\/www.facebook.com\/finnhandball","https:\/\/x.com\/finnhandball","https:\/\/www.instagram.com\/handballfinland\/"]},{"@type":"Person","@id":"https:\/\/aktialiiga.fi\/miehet\/#\/schema\/person\/c14bf42f47041db74603c45afcb18d87","name":"tbrmedia","image":{"@type":"ImageObject","inLanguage":"fi","@id":"https:\/\/secure.gravatar.com\/avatar\/ee975fa091fe581d12b60debb3439022686618368a7c142044c56724d4666b16?s=96&d=mm&r=g","url":"https:\/\/secure.gravatar.com\/avatar\/ee975fa091fe581d12b60debb3439022686618368a7c142044c56724d4666b16?s=96&d=mm&r=g","contentUrl":"https:\/\/secure.gravatar.com\/avatar\/ee975fa091fe581d12b60debb3439022686618368a7c142044c56724d4666b16?s=96&d=mm&r=g","caption":"tbrmedia"}}]}},"jetpack_featured_media_url":"https:\/\/i0.wp.com\/aktialiiga.fi\/miehet\/wp-content\/uploads\/sites\/5\/2014\/01\/Kuvitus_pallomaalissa.jpg?fit=300%2C300&ssl=1","jetpack_sharing_enabled":true,"jetpack_shortlink":"https:\/\/wp.me\/pfTxOr-1P5","_links":{"self":[{"href":"https:\/\/aktialiiga.fi\/miehet\/wp-json\/wp\/v2\/posts\/7011","targetHints":{"allow":["GET"]}}],"collection":[{"href":"https:\/\/aktialiiga.fi\/miehet\/wp-json\/wp\/v2\/posts"}],"about":[{"href":"https:\/\/aktialiiga.fi\/miehet\/wp-json\/wp\/v2\/types\/post"}],"author":[{"embeddable":true,"href":"https:\/\/aktialiiga.fi\/miehet\/wp-json\/wp\/v2\/users\/13"}],"replies":[{"embeddable":true,"href":"https:\/\/aktialiiga.fi\/miehet\/wp-json\/wp\/v2\/comments?post=7011"}],"version-history":[{"count":0,"href":"https:\/\/aktialiiga.fi\/miehet\/wp-json\/wp\/v2\/posts\/7011\/revisions"}],"wp:featuredmedia":[{"embeddable":true,"href":"https:\/\/aktialiiga.fi\/miehet\/wp-json\/wp\/v2\/media\/6546"}],"wp:attachment":[{"href":"https:\/\/aktialiiga.fi\/miehet\/wp-json\/wp\/v2\/media?parent=7011"}],"wp:term":[{"taxonomy":"category","embeddable":true,"href":"https:\/\/aktialiiga.fi\/miehet\/wp-json\/wp\/v2\/categories?post=7011"},{"taxonomy":"post_tag","embeddable":true,"href":"https:\/\/aktialiiga.fi\/miehet\/wp-json\/wp\/v2\/tags?post=7011"}],"curies":[{"name":"wp","href":"https:\/\/api.w.org\/{rel}","templated":true}]}}