{"id":8424,"date":"2014-09-18T14:30:31","date_gmt":"2014-09-18T11:30:31","guid":{"rendered":"https:\/\/finnhandball.net\/handisliiga\/?p=8424"},"modified":"2018-04-20T12:53:23","modified_gmt":"2018-04-20T09:53:23","slug":"kohti-kautta-bk-46-tavoittelee-viidetta-sijaa","status":"publish","type":"post","link":"https:\/\/aktialiiga.fi\/miehet\/ajankohtaista\/kohti-kautta-bk-46-tavoittelee-viidetta-sijaa\/","title":{"rendered":"Kohti kautta: BK-46 tavoittelee viidett\u00e4 sijaa"},"content":{"rendered":"<p>Vaiherikkaan kes\u00e4n taakseen j\u00e4\u00e4t\u00e4nyt Karjaan ylpeys BK-46 t\u00e4hyilee alkavalla kaudella keskikastin sijoituksia. Joukkue uusiutui miltei kokonaan sitten viime kauden ja toden teolla uutta Karjaalla p\u00e4\u00e4stiin rakentamaan kes\u00e4kuun lopusta l\u00e4htien.<!--more--><\/p>\n<p>Joukkue on my\u00f6s uuden p\u00e4\u00e4valmentajan komennossa alkavalla kaudella.<\/p>\n<p>&#8211; Viides sija on tavoitteena, n\u00e4in p\u00e4\u00e4timme tiistaina. Jos katsotaan sarjan joukkueita, niin se on ihan realistinen tavoite. Kaikki pelit ovat voitettavissa, p\u00e4\u00e4valmentaja ja seuralegenda Peter Kihlstedt sanoo.<\/p>\n<p>Joukkueen pelaajisto on kokenut viime kauteen verrattuna varsin paljon muutoksia.<\/p>\n<p>&#8211; Yhdeks\u00e4n pelaajaa l\u00e4hti pois, ja kymmenen uutta tuli tilalle. N\u00e4ist\u00e4 kymmenest\u00e4 kolme nostettiin junioreista, nelj\u00e4 pelaajaa palasi takaisin ja kolme on kokonaan uutta. Kes\u00e4kuussa meill\u00e4 oli kolme sopimuspelaajaa, ja nyt niit\u00e4 on 22, Kihlstedt kertoo.<\/p>\n<p>P\u00e4\u00e4valmentaja tiet\u00e4\u00e4, mill\u00e4 reseptill\u00e4 tavoite saavutetaan.<\/p>\n<p>&#8211; Tulemme pelaamaan vauhdikkaasti, sit\u00e4 varten on harjoiteltu. Vaikka meill\u00e4 on 22 pelaajaa, niin rinkimme on ohut eik\u00e4 kest\u00e4 montaa loukkaantumista, jos viides sija halutaan saavuttaa, Kihlstedt sanoo.<\/p>\n","protected":false},"excerpt":{"rendered":"<p>Vaiherikkaan kes\u00e4n taakseen j\u00e4\u00e4t\u00e4nyt Karjaan ylpeys BK-46 t\u00e4hyilee alkavalla kaudella keskikastin sijoituksia. Joukkue uusiutui miltei kokonaan sitten viime kauden ja toden teolla uutta Karjaalla p\u00e4\u00e4stiin rakentamaan kes\u00e4kuun lopusta l\u00e4htien.<\/p>\n","protected":false},"author":13,"featured_media":195,"comment_status":"closed","ping_status":"open","sticky":false,"template":"","format":"standard","meta":{"_acf_changed":false,"jetpack_post_was_ever_published":false,"_jetpack_newsletter_access":"","_jetpack_dont_email_post_to_subs":false,"_jetpack_newsletter_tier_id":0,"_jetpack_memberships_contains_paywalled_content":false,"_jetpack_memberships_contains_paid_content":false,"footnotes":""},"categories":[2,13],"tags":[56,82],"class_list":["post-8424","post","type-post","status-publish","format-standard","has-post-thumbnail","hentry","category-ajankohtaista","category-kohti-kautta-2014-2015","tag-bk-46","tag-kohti-kautta"],"acf":[],"yoast_head":"<!-- This site is optimized with the Yoast SEO plugin v27.5 - https:\/\/yoast.com\/product\/yoast-seo-wordpress\/ -->\n<title>Kohti kautta: BK-46 tavoittelee viidett\u00e4 sijaa | K\u00e4sipallon miesten Aktialiiga<\/title>\n<meta name=\"robots\" content=\"index, follow, max-snippet:-1, max-image-preview:large, max-video-preview:-1\" \/>\n<link rel=\"canonical\" href=\"https:\/\/aktialiiga.fi\/miehet\/ajankohtaista\/kohti-kautta-bk-46-tavoittelee-viidetta-sijaa\/\" \/>\n<meta property=\"og:locale\" content=\"fi_FI\" \/>\n<meta property=\"og:type\" content=\"article\" \/>\n<meta property=\"og:title\" content=\"Kohti kautta: BK-46 tavoittelee viidett\u00e4 sijaa | K\u00e4sipallon miesten Aktialiiga\" \/>\n<meta property=\"og:description\" content=\"Vaiherikkaan kes\u00e4n taakseen j\u00e4\u00e4t\u00e4nyt Karjaan ylpeys BK-46 t\u00e4hyilee alkavalla kaudella keskikastin sijoituksia. Joukkue uusiutui miltei kokonaan sitten viime kauden ja toden teolla uutta Karjaalla p\u00e4\u00e4stiin rakentamaan kes\u00e4kuun lopusta l\u00e4htien.\" \/>\n<meta property=\"og:url\" content=\"https:\/\/aktialiiga.fi\/miehet\/ajankohtaista\/kohti-kautta-bk-46-tavoittelee-viidetta-sijaa\/\" \/>\n<meta property=\"og:site_name\" content=\"K\u00e4sipallon miesten Aktialiiga\" \/>\n<meta property=\"article:publisher\" content=\"https:\/\/www.facebook.com\/finnhandball\" \/>\n<meta property=\"article:published_time\" content=\"2014-09-18T11:30:31+00:00\" \/>\n<meta property=\"article:modified_time\" content=\"2018-04-20T09:53:23+00:00\" \/>\n<meta property=\"og:image\" content=\"https:\/\/i0.wp.com\/aktialiiga.fi\/miehet\/wp-content\/uploads\/sites\/5\/2011\/09\/logo-bk-46.gif?fit=92%2C110&ssl=1\" \/>\n\t<meta property=\"og:image:width\" content=\"92\" \/>\n\t<meta property=\"og:image:height\" content=\"110\" \/>\n\t<meta property=\"og:image:type\" content=\"image\/gif\" \/>\n<meta name=\"author\" content=\"tbrmedia\" \/>\n<meta name=\"twitter:card\" content=\"summary_large_image\" \/>\n<meta name=\"twitter:creator\" content=\"@finnhandball\" \/>\n<meta name=\"twitter:site\" content=\"@finnhandball\" \/>\n<script type=\"application\/ld+json\" class=\"yoast-schema-graph\">{\"@context\":\"https:\\\/\\\/schema.org\",\"@graph\":[{\"@type\":\"Article\",\"@id\":\"https:\\\/\\\/aktialiiga.fi\\\/miehet\\\/ajankohtaista\\\/kohti-kautta-bk-46-tavoittelee-viidetta-sijaa\\\/#article\",\"isPartOf\":{\"@id\":\"https:\\\/\\\/aktialiiga.fi\\\/miehet\\\/ajankohtaista\\\/kohti-kautta-bk-46-tavoittelee-viidetta-sijaa\\\/\"},\"author\":{\"name\":\"tbrmedia\",\"@id\":\"https:\\\/\\\/aktialiiga.fi\\\/miehet\\\/#\\\/schema\\\/person\\\/c14bf42f47041db74603c45afcb18d87\"},\"headline\":\"Kohti kautta: BK-46 tavoittelee viidett\u00e4 sijaa\",\"datePublished\":\"2014-09-18T11:30:31+00:00\",\"dateModified\":\"2018-04-20T09:53:23+00:00\",\"mainEntityOfPage\":{\"@id\":\"https:\\\/\\\/aktialiiga.fi\\\/miehet\\\/ajankohtaista\\\/kohti-kautta-bk-46-tavoittelee-viidetta-sijaa\\\/\"},\"wordCount\":166,\"publisher\":{\"@id\":\"https:\\\/\\\/aktialiiga.fi\\\/miehet\\\/#organization\"},\"image\":{\"@id\":\"https:\\\/\\\/aktialiiga.fi\\\/miehet\\\/ajankohtaista\\\/kohti-kautta-bk-46-tavoittelee-viidetta-sijaa\\\/#primaryimage\"},\"thumbnailUrl\":\"https:\\\/\\\/i0.wp.com\\\/aktialiiga.fi\\\/miehet\\\/wp-content\\\/uploads\\\/sites\\\/5\\\/2011\\\/09\\\/logo-bk-46.gif?fit=92%2C110&ssl=1\",\"keywords\":[\"BK-46\",\"Kohti kautta\"],\"articleSection\":[\"Ajankohtaista\",\"Kohti kautta\"],\"inLanguage\":\"fi\"},{\"@type\":\"WebPage\",\"@id\":\"https:\\\/\\\/aktialiiga.fi\\\/miehet\\\/ajankohtaista\\\/kohti-kautta-bk-46-tavoittelee-viidetta-sijaa\\\/\",\"url\":\"https:\\\/\\\/aktialiiga.fi\\\/miehet\\\/ajankohtaista\\\/kohti-kautta-bk-46-tavoittelee-viidetta-sijaa\\\/\",\"name\":\"Kohti kautta: BK-46 tavoittelee viidett\u00e4 sijaa | K\u00e4sipallon miesten Aktialiiga\",\"isPartOf\":{\"@id\":\"https:\\\/\\\/aktialiiga.fi\\\/miehet\\\/#website\"},\"primaryImageOfPage\":{\"@id\":\"https:\\\/\\\/aktialiiga.fi\\\/miehet\\\/ajankohtaista\\\/kohti-kautta-bk-46-tavoittelee-viidetta-sijaa\\\/#primaryimage\"},\"image\":{\"@id\":\"https:\\\/\\\/aktialiiga.fi\\\/miehet\\\/ajankohtaista\\\/kohti-kautta-bk-46-tavoittelee-viidetta-sijaa\\\/#primaryimage\"},\"thumbnailUrl\":\"https:\\\/\\\/i0.wp.com\\\/aktialiiga.fi\\\/miehet\\\/wp-content\\\/uploads\\\/sites\\\/5\\\/2011\\\/09\\\/logo-bk-46.gif?fit=92%2C110&ssl=1\",\"datePublished\":\"2014-09-18T11:30:31+00:00\",\"dateModified\":\"2018-04-20T09:53:23+00:00\",\"breadcrumb\":{\"@id\":\"https:\\\/\\\/aktialiiga.fi\\\/miehet\\\/ajankohtaista\\\/kohti-kautta-bk-46-tavoittelee-viidetta-sijaa\\\/#breadcrumb\"},\"inLanguage\":\"fi\",\"potentialAction\":[{\"@type\":\"ReadAction\",\"target\":[\"https:\\\/\\\/aktialiiga.fi\\\/miehet\\\/ajankohtaista\\\/kohti-kautta-bk-46-tavoittelee-viidetta-sijaa\\\/\"]}]},{\"@type\":\"ImageObject\",\"inLanguage\":\"fi\",\"@id\":\"https:\\\/\\\/aktialiiga.fi\\\/miehet\\\/ajankohtaista\\\/kohti-kautta-bk-46-tavoittelee-viidetta-sijaa\\\/#primaryimage\",\"url\":\"https:\\\/\\\/i0.wp.com\\\/aktialiiga.fi\\\/miehet\\\/wp-content\\\/uploads\\\/sites\\\/5\\\/2011\\\/09\\\/logo-bk-46.gif?fit=92%2C110&ssl=1\",\"contentUrl\":\"https:\\\/\\\/i0.wp.com\\\/aktialiiga.fi\\\/miehet\\\/wp-content\\\/uploads\\\/sites\\\/5\\\/2011\\\/09\\\/logo-bk-46.gif?fit=92%2C110&ssl=1\",\"width\":92,\"height\":110,\"caption\":\"BK-46, Karjaa\"},{\"@type\":\"BreadcrumbList\",\"@id\":\"https:\\\/\\\/aktialiiga.fi\\\/miehet\\\/ajankohtaista\\\/kohti-kautta-bk-46-tavoittelee-viidetta-sijaa\\\/#breadcrumb\",\"itemListElement\":[{\"@type\":\"ListItem\",\"position\":1,\"name\":\"Etusivu\",\"item\":\"https:\\\/\\\/aktialiiga.fi\\\/miehet\\\/\"},{\"@type\":\"ListItem\",\"position\":2,\"name\":\"Kohti kautta: BK-46 tavoittelee viidett\u00e4 sijaa\"}]},{\"@type\":\"WebSite\",\"@id\":\"https:\\\/\\\/aktialiiga.fi\\\/miehet\\\/#website\",\"url\":\"https:\\\/\\\/aktialiiga.fi\\\/miehet\\\/\",\"name\":\"K\u00e4sipallon miesten Aktialiiga\",\"description\":\"Valtakunnan vauhdikkainta palloilua!\",\"publisher\":{\"@id\":\"https:\\\/\\\/aktialiiga.fi\\\/miehet\\\/#organization\"},\"potentialAction\":[{\"@type\":\"SearchAction\",\"target\":{\"@type\":\"EntryPoint\",\"urlTemplate\":\"https:\\\/\\\/aktialiiga.fi\\\/miehet\\\/?s={search_term_string}\"},\"query-input\":{\"@type\":\"PropertyValueSpecification\",\"valueRequired\":true,\"valueName\":\"search_term_string\"}}],\"inLanguage\":\"fi\"},{\"@type\":\"Organization\",\"@id\":\"https:\\\/\\\/aktialiiga.fi\\\/miehet\\\/#organization\",\"name\":\"K\u00e4sipallon miesten Aktialiiga\",\"url\":\"https:\\\/\\\/aktialiiga.fi\\\/miehet\\\/\",\"logo\":{\"@type\":\"ImageObject\",\"inLanguage\":\"fi\",\"@id\":\"https:\\\/\\\/aktialiiga.fi\\\/miehet\\\/#\\\/schema\\\/logo\\\/image\\\/\",\"url\":\"https:\\\/\\\/i0.wp.com\\\/aktialiiga.fi\\\/miehet\\\/wp-content\\\/uploads\\\/sites\\\/5\\\/2024\\\/09\\\/Aktialiiga-Yoast-512.png?fit=512%2C512&ssl=1\",\"contentUrl\":\"https:\\\/\\\/i0.wp.com\\\/aktialiiga.fi\\\/miehet\\\/wp-content\\\/uploads\\\/sites\\\/5\\\/2024\\\/09\\\/Aktialiiga-Yoast-512.png?fit=512%2C512&ssl=1\",\"width\":512,\"height\":512,\"caption\":\"K\u00e4sipallon miesten Aktialiiga\"},\"image\":{\"@id\":\"https:\\\/\\\/aktialiiga.fi\\\/miehet\\\/#\\\/schema\\\/logo\\\/image\\\/\"},\"sameAs\":[\"https:\\\/\\\/www.facebook.com\\\/finnhandball\",\"https:\\\/\\\/x.com\\\/finnhandball\",\"https:\\\/\\\/www.instagram.com\\\/handballfinland\\\/\"]},{\"@type\":\"Person\",\"@id\":\"https:\\\/\\\/aktialiiga.fi\\\/miehet\\\/#\\\/schema\\\/person\\\/c14bf42f47041db74603c45afcb18d87\",\"name\":\"tbrmedia\",\"image\":{\"@type\":\"ImageObject\",\"inLanguage\":\"fi\",\"@id\":\"https:\\\/\\\/secure.gravatar.com\\\/avatar\\\/ee975fa091fe581d12b60debb3439022686618368a7c142044c56724d4666b16?s=96&d=mm&r=g\",\"url\":\"https:\\\/\\\/secure.gravatar.com\\\/avatar\\\/ee975fa091fe581d12b60debb3439022686618368a7c142044c56724d4666b16?s=96&d=mm&r=g\",\"contentUrl\":\"https:\\\/\\\/secure.gravatar.com\\\/avatar\\\/ee975fa091fe581d12b60debb3439022686618368a7c142044c56724d4666b16?s=96&d=mm&r=g\",\"caption\":\"tbrmedia\"}}]}<\/script>\n<!-- \/ Yoast SEO plugin. -->","yoast_head_json":{"title":"Kohti kautta: BK-46 tavoittelee viidett\u00e4 sijaa | K\u00e4sipallon miesten Aktialiiga","robots":{"index":"index","follow":"follow","max-snippet":"max-snippet:-1","max-image-preview":"max-image-preview:large","max-video-preview":"max-video-preview:-1"},"canonical":"https:\/\/aktialiiga.fi\/miehet\/ajankohtaista\/kohti-kautta-bk-46-tavoittelee-viidetta-sijaa\/","og_locale":"fi_FI","og_type":"article","og_title":"Kohti kautta: BK-46 tavoittelee viidett\u00e4 sijaa | K\u00e4sipallon miesten Aktialiiga","og_description":"Vaiherikkaan kes\u00e4n taakseen j\u00e4\u00e4t\u00e4nyt Karjaan ylpeys BK-46 t\u00e4hyilee alkavalla kaudella keskikastin sijoituksia. Joukkue uusiutui miltei kokonaan sitten viime kauden ja toden teolla uutta Karjaalla p\u00e4\u00e4stiin rakentamaan kes\u00e4kuun lopusta l\u00e4htien.","og_url":"https:\/\/aktialiiga.fi\/miehet\/ajankohtaista\/kohti-kautta-bk-46-tavoittelee-viidetta-sijaa\/","og_site_name":"K\u00e4sipallon miesten Aktialiiga","article_publisher":"https:\/\/www.facebook.com\/finnhandball","article_published_time":"2014-09-18T11:30:31+00:00","article_modified_time":"2018-04-20T09:53:23+00:00","og_image":[{"width":92,"height":110,"url":"https:\/\/i0.wp.com\/aktialiiga.fi\/miehet\/wp-content\/uploads\/sites\/5\/2011\/09\/logo-bk-46.gif?fit=92%2C110&ssl=1","type":"image\/gif"}],"author":"tbrmedia","twitter_card":"summary_large_image","twitter_creator":"@finnhandball","twitter_site":"@finnhandball","schema":{"@context":"https:\/\/schema.org","@graph":[{"@type":"Article","@id":"https:\/\/aktialiiga.fi\/miehet\/ajankohtaista\/kohti-kautta-bk-46-tavoittelee-viidetta-sijaa\/#article","isPartOf":{"@id":"https:\/\/aktialiiga.fi\/miehet\/ajankohtaista\/kohti-kautta-bk-46-tavoittelee-viidetta-sijaa\/"},"author":{"name":"tbrmedia","@id":"https:\/\/aktialiiga.fi\/miehet\/#\/schema\/person\/c14bf42f47041db74603c45afcb18d87"},"headline":"Kohti kautta: BK-46 tavoittelee viidett\u00e4 sijaa","datePublished":"2014-09-18T11:30:31+00:00","dateModified":"2018-04-20T09:53:23+00:00","mainEntityOfPage":{"@id":"https:\/\/aktialiiga.fi\/miehet\/ajankohtaista\/kohti-kautta-bk-46-tavoittelee-viidetta-sijaa\/"},"wordCount":166,"publisher":{"@id":"https:\/\/aktialiiga.fi\/miehet\/#organization"},"image":{"@id":"https:\/\/aktialiiga.fi\/miehet\/ajankohtaista\/kohti-kautta-bk-46-tavoittelee-viidetta-sijaa\/#primaryimage"},"thumbnailUrl":"https:\/\/i0.wp.com\/aktialiiga.fi\/miehet\/wp-content\/uploads\/sites\/5\/2011\/09\/logo-bk-46.gif?fit=92%2C110&ssl=1","keywords":["BK-46","Kohti kautta"],"articleSection":["Ajankohtaista","Kohti kautta"],"inLanguage":"fi"},{"@type":"WebPage","@id":"https:\/\/aktialiiga.fi\/miehet\/ajankohtaista\/kohti-kautta-bk-46-tavoittelee-viidetta-sijaa\/","url":"https:\/\/aktialiiga.fi\/miehet\/ajankohtaista\/kohti-kautta-bk-46-tavoittelee-viidetta-sijaa\/","name":"Kohti kautta: BK-46 tavoittelee viidett\u00e4 sijaa | K\u00e4sipallon miesten Aktialiiga","isPartOf":{"@id":"https:\/\/aktialiiga.fi\/miehet\/#website"},"primaryImageOfPage":{"@id":"https:\/\/aktialiiga.fi\/miehet\/ajankohtaista\/kohti-kautta-bk-46-tavoittelee-viidetta-sijaa\/#primaryimage"},"image":{"@id":"https:\/\/aktialiiga.fi\/miehet\/ajankohtaista\/kohti-kautta-bk-46-tavoittelee-viidetta-sijaa\/#primaryimage"},"thumbnailUrl":"https:\/\/i0.wp.com\/aktialiiga.fi\/miehet\/wp-content\/uploads\/sites\/5\/2011\/09\/logo-bk-46.gif?fit=92%2C110&ssl=1","datePublished":"2014-09-18T11:30:31+00:00","dateModified":"2018-04-20T09:53:23+00:00","breadcrumb":{"@id":"https:\/\/aktialiiga.fi\/miehet\/ajankohtaista\/kohti-kautta-bk-46-tavoittelee-viidetta-sijaa\/#breadcrumb"},"inLanguage":"fi","potentialAction":[{"@type":"ReadAction","target":["https:\/\/aktialiiga.fi\/miehet\/ajankohtaista\/kohti-kautta-bk-46-tavoittelee-viidetta-sijaa\/"]}]},{"@type":"ImageObject","inLanguage":"fi","@id":"https:\/\/aktialiiga.fi\/miehet\/ajankohtaista\/kohti-kautta-bk-46-tavoittelee-viidetta-sijaa\/#primaryimage","url":"https:\/\/i0.wp.com\/aktialiiga.fi\/miehet\/wp-content\/uploads\/sites\/5\/2011\/09\/logo-bk-46.gif?fit=92%2C110&ssl=1","contentUrl":"https:\/\/i0.wp.com\/aktialiiga.fi\/miehet\/wp-content\/uploads\/sites\/5\/2011\/09\/logo-bk-46.gif?fit=92%2C110&ssl=1","width":92,"height":110,"caption":"BK-46, Karjaa"},{"@type":"BreadcrumbList","@id":"https:\/\/aktialiiga.fi\/miehet\/ajankohtaista\/kohti-kautta-bk-46-tavoittelee-viidetta-sijaa\/#breadcrumb","itemListElement":[{"@type":"ListItem","position":1,"name":"Etusivu","item":"https:\/\/aktialiiga.fi\/miehet\/"},{"@type":"ListItem","position":2,"name":"Kohti kautta: BK-46 tavoittelee viidett\u00e4 sijaa"}]},{"@type":"WebSite","@id":"https:\/\/aktialiiga.fi\/miehet\/#website","url":"https:\/\/aktialiiga.fi\/miehet\/","name":"K\u00e4sipallon miesten Aktialiiga","description":"Valtakunnan vauhdikkainta palloilua!","publisher":{"@id":"https:\/\/aktialiiga.fi\/miehet\/#organization"},"potentialAction":[{"@type":"SearchAction","target":{"@type":"EntryPoint","urlTemplate":"https:\/\/aktialiiga.fi\/miehet\/?s={search_term_string}"},"query-input":{"@type":"PropertyValueSpecification","valueRequired":true,"valueName":"search_term_string"}}],"inLanguage":"fi"},{"@type":"Organization","@id":"https:\/\/aktialiiga.fi\/miehet\/#organization","name":"K\u00e4sipallon miesten Aktialiiga","url":"https:\/\/aktialiiga.fi\/miehet\/","logo":{"@type":"ImageObject","inLanguage":"fi","@id":"https:\/\/aktialiiga.fi\/miehet\/#\/schema\/logo\/image\/","url":"https:\/\/i0.wp.com\/aktialiiga.fi\/miehet\/wp-content\/uploads\/sites\/5\/2024\/09\/Aktialiiga-Yoast-512.png?fit=512%2C512&ssl=1","contentUrl":"https:\/\/i0.wp.com\/aktialiiga.fi\/miehet\/wp-content\/uploads\/sites\/5\/2024\/09\/Aktialiiga-Yoast-512.png?fit=512%2C512&ssl=1","width":512,"height":512,"caption":"K\u00e4sipallon miesten Aktialiiga"},"image":{"@id":"https:\/\/aktialiiga.fi\/miehet\/#\/schema\/logo\/image\/"},"sameAs":["https:\/\/www.facebook.com\/finnhandball","https:\/\/x.com\/finnhandball","https:\/\/www.instagram.com\/handballfinland\/"]},{"@type":"Person","@id":"https:\/\/aktialiiga.fi\/miehet\/#\/schema\/person\/c14bf42f47041db74603c45afcb18d87","name":"tbrmedia","image":{"@type":"ImageObject","inLanguage":"fi","@id":"https:\/\/secure.gravatar.com\/avatar\/ee975fa091fe581d12b60debb3439022686618368a7c142044c56724d4666b16?s=96&d=mm&r=g","url":"https:\/\/secure.gravatar.com\/avatar\/ee975fa091fe581d12b60debb3439022686618368a7c142044c56724d4666b16?s=96&d=mm&r=g","contentUrl":"https:\/\/secure.gravatar.com\/avatar\/ee975fa091fe581d12b60debb3439022686618368a7c142044c56724d4666b16?s=96&d=mm&r=g","caption":"tbrmedia"}}]}},"jetpack_featured_media_url":"https:\/\/i0.wp.com\/aktialiiga.fi\/miehet\/wp-content\/uploads\/sites\/5\/2011\/09\/logo-bk-46.gif?fit=92%2C110&ssl=1","jetpack_sharing_enabled":true,"jetpack_shortlink":"https:\/\/wp.me\/pfTxOr-2bS","_links":{"self":[{"href":"https:\/\/aktialiiga.fi\/miehet\/wp-json\/wp\/v2\/posts\/8424","targetHints":{"allow":["GET"]}}],"collection":[{"href":"https:\/\/aktialiiga.fi\/miehet\/wp-json\/wp\/v2\/posts"}],"about":[{"href":"https:\/\/aktialiiga.fi\/miehet\/wp-json\/wp\/v2\/types\/post"}],"author":[{"embeddable":true,"href":"https:\/\/aktialiiga.fi\/miehet\/wp-json\/wp\/v2\/users\/13"}],"replies":[{"embeddable":true,"href":"https:\/\/aktialiiga.fi\/miehet\/wp-json\/wp\/v2\/comments?post=8424"}],"version-history":[{"count":0,"href":"https:\/\/aktialiiga.fi\/miehet\/wp-json\/wp\/v2\/posts\/8424\/revisions"}],"wp:featuredmedia":[{"embeddable":true,"href":"https:\/\/aktialiiga.fi\/miehet\/wp-json\/wp\/v2\/media\/195"}],"wp:attachment":[{"href":"https:\/\/aktialiiga.fi\/miehet\/wp-json\/wp\/v2\/media?parent=8424"}],"wp:term":[{"taxonomy":"category","embeddable":true,"href":"https:\/\/aktialiiga.fi\/miehet\/wp-json\/wp\/v2\/categories?post=8424"},{"taxonomy":"post_tag","embeddable":true,"href":"https:\/\/aktialiiga.fi\/miehet\/wp-json\/wp\/v2\/tags?post=8424"}],"curies":[{"name":"wp","href":"https:\/\/api.w.org\/{rel}","templated":true}]}}