{"id":88380,"date":"2026-09-03T17:45:59","date_gmt":"2026-09-03T14:45:59","guid":{"rendered":"https:\/\/aktialiiga.fi\/miehet\/?p=88380"},"modified":"2026-09-03T13:37:38","modified_gmt":"2026-09-03T10:37:38","slug":"liigavalmentajat-yksimielisina-karkinelikko-erottuu-selvasti-kauden-kynnyksella","status":"publish","type":"post","link":"https:\/\/aktialiiga.fi\/miehet\/ajankohtaista\/liigavalmentajat-yksimielisina-karkinelikko-erottuu-selvasti-kauden-kynnyksella\/","title":{"rendered":"Liigavalmentajat yksimielisin\u00e4 \u2013 K\u00e4rkinelikko erottuu selv\u00e4sti kauden kynnyksell\u00e4"},"content":{"rendered":"<p>K\u00e4sipallokauden kynnyksell\u00e4 miesten p\u00e4\u00e4valmentajien katseet k\u00e4\u00e4ntyv\u00e4t tulevaan voimasuhteiden jakoon. Kun valmentajilta kysyttiin ennustuksia runkosarjan nelj\u00e4n k\u00e4rjest\u00e4 ja kauden suurimmista mestarisuosikeista, vastauksissa korostui vahva luottamus sarjan vakiintuneisiin k\u00e4rkiseuroihin. Samalla sarjan uskotaan olevan edelliskautta tasaisempi.<\/p>\n<h4>Runkosarjan nelj\u00e4n k\u00e4rki selv\u00e4 paperilla<\/h4>\n<p>Valmentajat olivat harvinaisen yksimielisi\u00e4 siit\u00e4, mitk\u00e4 nelj\u00e4 joukkuetta tulevat miehitt\u00e4m\u00e4\u00e4n sarjataulukon k\u00e4rkisijat runkosarjan p\u00e4\u00e4ttyess\u00e4. Esille nousivat kerta toisensa j\u00e4lkeen samat nelj\u00e4 nime\u00e4: BK-46, HIFK, Cocks ja GrIFK.<\/p>\n<p>Miesten maajoukkueen valmennusrinkiin viime viikolla nimetty EIF:n p\u00e4\u00e4valmentaja Kaj Hagman vahvisti kollegojensa suunnan asettamalla veikkauksessaan k\u00e4rkeen nimenomaan nelikon HIFK, BK-46, Cocks ja GrIFK. My\u00f6s SIF:ss\u00e4 \u00c5IFK:ssa ja BK-46:ssa valmennusvastuun ottavat Miro Koljonen, Joni Lindberg ja Jac Karlsson, samoin kuin joukkueissaan jatkavat Robin Karlsson (HIFK), Anthony Hellakoski (GrIFK) ja Bojan Zupanjac (Cocks) luottavat t\u00e4h\u00e4n samaan ryhm\u00e4\u00e4n.\u00a0Ainoastaan Dickenin Ken Sirenius j\u00e4tti t\u00e4ss\u00e4 vaiheessa veikkaamisen v\u00e4liin sarjan suurten muutosten vuoksi.<\/p>\n<h4>Mestaruustaistelussa HIFK ja BK-46 saavat haastajia<\/h4>\n<p>Kun puhe k\u00e4\u00e4ntyi kauden isoimpaan mestarisuosikkiin, asetettiin paineet vahvasti kev\u00e4\u00e4n mitalistien harteille. K\u00e4rkijoukkueiden haastajiksi kaivataan kuitenkin uutta verta.<\/p>\n<p>Hagman nime\u00e4\u00e4 kauden suurimmaksi suosikiksi HIFK:n, mutta n\u00e4kee mestaruuskamppailun kovimmat haastajat kaksikossa Cocks ja GrIFK.<\/p>\n<p>\u00c5IFK:n Lindberg nostaa Hagmanin tavoin mestariksi HIFK:n ja nime\u00e4\u00e4 vahvimmiksi haastajiksi BK-46:n sek\u00e4 Cocksin.<br \/>\nHellakoski ja Zupanjac puolestaan jakavat suosikin aseman suoraan viime kauden finalistien eli HIFK:n ja BK-46:n kesken.<\/p>\n<p>My\u00f6s SIF:n Koljonen asettaa ennakkosuosikin viitan viime kauden finaalikaksikolle:<\/p>\n<p>&#8211; Sen j\u00e4lkeen uskon, ett\u00e4 on eritt\u00e4in tasaista ja varmasti paljon ristiin pelaamista on luvassa.<\/p>\n<p>Karlssonin veljekset Jac ja Robin n\u00e4kev\u00e4t mestaruustaistelun hieman eri kulmista. Jac Karlsson nostaa suosikiksi HIFK:n ja n\u00e4kee BK-46:n sek\u00e4 Cocksin kovimpina haastajina. HIFK:n mitaleille ensimm\u00e4isen kerran sitten kev\u00e4\u00e4n 1989 luotsannut Robin Karlsson muistutti kuitenkin, ett\u00e4 voimasuhteiden todellinen mittari n\u00e4hd\u00e4\u00e4n vasta kauden edetess\u00e4:<\/p>\n<p>&#8211; Tied\u00e4mme enemm\u00e4n joulun j\u00e4lkeen, kun joukkueilla on uudet pelaajat paikoillaan, mutta uskon, ett\u00e4 joku nelikosta BK-46, HIFK, Cocks, GrIFK tulee kyll\u00e4 voittamaan.<\/p>\n<p>Valmentajien arvioiden perusteella miesten sarjassa on luvassa tasokas kausi, jossa nelj\u00e4n suuren keskin\u00e4inen v\u00e4\u00e4nt\u00f6 tulee olemaan \u00e4\u00e4rimm\u00e4isen tiukkaa heti avauskierroksilta alkaen.<\/p>\n","protected":false},"excerpt":{"rendered":"<p>K\u00e4sipallokauden kynnyksell\u00e4 miesten p\u00e4\u00e4valmentajien katseet k\u00e4\u00e4ntyv\u00e4t tulevaan voimasuhteiden jakoon. Kun valmentajilta kysyttiin ennustuksia runkosarjan nelj\u00e4n k\u00e4rjest\u00e4 ja kauden suurimmista mestarisuosikeista, vastauksissa korostui vahva luottamus sarjan vakiintuneisiin k\u00e4rkiseuroihin. Samalla sarjan uskotaan olevan edelliskautta tasaisempi. Runkosarjan nelj\u00e4n k\u00e4rki selv\u00e4 paperilla Valmentajat olivat harvinaisen yksimielisi\u00e4 siit\u00e4, mitk\u00e4 nelj\u00e4 joukkuetta tulevat miehitt\u00e4m\u00e4\u00e4n sarjataulukon k\u00e4rkisijat runkosarjan p\u00e4\u00e4ttyess\u00e4. Esille nousivat kerta [&hellip;]<\/p>\n","protected":false},"author":3,"featured_media":94947,"comment_status":"closed","ping_status":"closed","sticky":false,"template":"","format":"standard","meta":{"_acf_changed":false,"_jetpack_newsletter_access":"","_jetpack_dont_email_post_to_subs":false,"_jetpack_newsletter_tier_id":0,"_jetpack_memberships_contains_paywalled_content":false,"_jetpack_feature_clip_id":0,"_jetpack_memberships_contains_paid_content":false,"footnotes":"","jetpack_post_was_ever_published":false},"categories":[2,396],"tags":[50,56,57,58,60,64,71,200,111],"class_list":["post-88380","post","type-post","status-publish","format-standard","has-post-thumbnail","hentry","category-ajankohtaista","category-kohti-kautta","tag-aifk","tag-bk-46","tag-cocks","tag-dicken","tag-eif","tag-grifk","tag-hifk","tag-runkosarja","tag-sif"],"acf":[],"yoast_head":"<!-- This site is optimized with the Yoast SEO plugin v28.4 - https:\/\/yoast.com\/product\/yoast-seo-wordpress\/ -->\n<title>Liigavalmentajat yksimielisin\u00e4 \u2013 K\u00e4rkinelikko erottuu selv\u00e4sti kauden kynnyksell\u00e4 | K\u00e4sipallon miesten Aktialiiga<\/title>\n<meta name=\"robots\" content=\"index, follow, max-snippet:-1, max-image-preview:large, max-video-preview:-1\" \/>\n<link rel=\"canonical\" href=\"https:\/\/aktialiiga.fi\/miehet\/ajankohtaista\/liigavalmentajat-yksimielisina-karkinelikko-erottuu-selvasti-kauden-kynnyksella\/\" \/>\n<meta property=\"og:locale\" content=\"fi_FI\" \/>\n<meta property=\"og:type\" content=\"article\" \/>\n<meta property=\"og:title\" content=\"Liigavalmentajat yksimielisin\u00e4 \u2013 K\u00e4rkinelikko erottuu selv\u00e4sti kauden kynnyksell\u00e4 | K\u00e4sipallon miesten Aktialiiga\" \/>\n<meta property=\"og:description\" content=\"K\u00e4sipallokauden kynnyksell\u00e4 miesten p\u00e4\u00e4valmentajien katseet k\u00e4\u00e4ntyv\u00e4t tulevaan voimasuhteiden jakoon. Kun valmentajilta kysyttiin ennustuksia runkosarjan nelj\u00e4n k\u00e4rjest\u00e4 ja kauden suurimmista mestarisuosikeista, vastauksissa korostui vahva luottamus sarjan vakiintuneisiin k\u00e4rkiseuroihin. Samalla sarjan uskotaan olevan edelliskautta tasaisempi. Runkosarjan nelj\u00e4n k\u00e4rki selv\u00e4 paperilla Valmentajat olivat harvinaisen yksimielisi\u00e4 siit\u00e4, mitk\u00e4 nelj\u00e4 joukkuetta tulevat miehitt\u00e4m\u00e4\u00e4n sarjataulukon k\u00e4rkisijat runkosarjan p\u00e4\u00e4ttyess\u00e4. Esille nousivat kerta [&hellip;]\" \/>\n<meta property=\"og:url\" content=\"https:\/\/aktialiiga.fi\/miehet\/ajankohtaista\/liigavalmentajat-yksimielisina-karkinelikko-erottuu-selvasti-kauden-kynnyksella\/\" \/>\n<meta property=\"og:site_name\" content=\"K\u00e4sipallon miesten Aktialiiga\" \/>\n<meta property=\"article:publisher\" content=\"https:\/\/www.facebook.com\/finnhandball\" \/>\n<meta property=\"article:published_time\" content=\"2026-09-03T14:45:59+00:00\" \/>\n<meta property=\"og:image\" content=\"https:\/\/i0.wp.com\/aktialiiga.fi\/miehet\/wp-content\/uploads\/sites\/5\/2026\/09\/A7307206-e1788429244793.jpg?fit=3366%2C2218&ssl=1\" \/>\n\t<meta property=\"og:image:width\" content=\"3366\" \/>\n\t<meta property=\"og:image:height\" content=\"2218\" \/>\n\t<meta property=\"og:image:type\" content=\"image\/jpeg\" \/>\n<meta name=\"author\" content=\"jussi\" \/>\n<meta name=\"twitter:card\" content=\"summary_large_image\" \/>\n<meta name=\"twitter:creator\" content=\"@finnhandball\" \/>\n<meta name=\"twitter:site\" content=\"@finnhandball\" \/>\n<script type=\"application\/ld+json\" class=\"yoast-schema-graph\">{\"@context\":\"https:\\\/\\\/schema.org\",\"@graph\":[{\"@type\":\"Article\",\"@id\":\"https:\\\/\\\/aktialiiga.fi\\\/miehet\\\/ajankohtaista\\\/liigavalmentajat-yksimielisina-karkinelikko-erottuu-selvasti-kauden-kynnyksella\\\/#article\",\"isPartOf\":{\"@id\":\"https:\\\/\\\/aktialiiga.fi\\\/miehet\\\/ajankohtaista\\\/liigavalmentajat-yksimielisina-karkinelikko-erottuu-selvasti-kauden-kynnyksella\\\/\"},\"author\":{\"name\":\"jussi\",\"@id\":\"https:\\\/\\\/aktialiiga.fi\\\/miehet\\\/#\\\/schema\\\/person\\\/6ed7641d619c7f28481c53817a16b871\"},\"headline\":\"Liigavalmentajat yksimielisin\u00e4 \u2013 K\u00e4rkinelikko erottuu selv\u00e4sti kauden kynnyksell\u00e4\",\"datePublished\":\"2026-09-03T14:45:59+00:00\",\"mainEntityOfPage\":{\"@id\":\"https:\\\/\\\/aktialiiga.fi\\\/miehet\\\/ajankohtaista\\\/liigavalmentajat-yksimielisina-karkinelikko-erottuu-selvasti-kauden-kynnyksella\\\/\"},\"wordCount\":378,\"publisher\":{\"@id\":\"https:\\\/\\\/aktialiiga.fi\\\/miehet\\\/#organization\"},\"image\":{\"@id\":\"https:\\\/\\\/aktialiiga.fi\\\/miehet\\\/ajankohtaista\\\/liigavalmentajat-yksimielisina-karkinelikko-erottuu-selvasti-kauden-kynnyksella\\\/#primaryimage\"},\"thumbnailUrl\":\"https:\\\/\\\/i0.wp.com\\\/aktialiiga.fi\\\/miehet\\\/wp-content\\\/uploads\\\/sites\\\/5\\\/2026\\\/09\\\/A7307206-e1788429244793.jpg?fit=3366%2C2218&ssl=1\",\"keywords\":[\"\u00c5IFK\",\"BK-46\",\"Cocks\",\"Dicken\",\"EIF\",\"GrIFK\",\"HIFK\",\"runkosarja\",\"SIF\"],\"articleSection\":[\"Ajankohtaista\",\"Kohti kautta\"],\"inLanguage\":\"fi\"},{\"@type\":\"WebPage\",\"@id\":\"https:\\\/\\\/aktialiiga.fi\\\/miehet\\\/ajankohtaista\\\/liigavalmentajat-yksimielisina-karkinelikko-erottuu-selvasti-kauden-kynnyksella\\\/\",\"url\":\"https:\\\/\\\/aktialiiga.fi\\\/miehet\\\/ajankohtaista\\\/liigavalmentajat-yksimielisina-karkinelikko-erottuu-selvasti-kauden-kynnyksella\\\/\",\"name\":\"Liigavalmentajat yksimielisin\u00e4 \u2013 K\u00e4rkinelikko erottuu selv\u00e4sti kauden kynnyksell\u00e4 | K\u00e4sipallon miesten Aktialiiga\",\"isPartOf\":{\"@id\":\"https:\\\/\\\/aktialiiga.fi\\\/miehet\\\/#website\"},\"primaryImageOfPage\":{\"@id\":\"https:\\\/\\\/aktialiiga.fi\\\/miehet\\\/ajankohtaista\\\/liigavalmentajat-yksimielisina-karkinelikko-erottuu-selvasti-kauden-kynnyksella\\\/#primaryimage\"},\"image\":{\"@id\":\"https:\\\/\\\/aktialiiga.fi\\\/miehet\\\/ajankohtaista\\\/liigavalmentajat-yksimielisina-karkinelikko-erottuu-selvasti-kauden-kynnyksella\\\/#primaryimage\"},\"thumbnailUrl\":\"https:\\\/\\\/i0.wp.com\\\/aktialiiga.fi\\\/miehet\\\/wp-content\\\/uploads\\\/sites\\\/5\\\/2026\\\/09\\\/A7307206-e1788429244793.jpg?fit=3366%2C2218&ssl=1\",\"datePublished\":\"2026-09-03T14:45:59+00:00\",\"breadcrumb\":{\"@id\":\"https:\\\/\\\/aktialiiga.fi\\\/miehet\\\/ajankohtaista\\\/liigavalmentajat-yksimielisina-karkinelikko-erottuu-selvasti-kauden-kynnyksella\\\/#breadcrumb\"},\"inLanguage\":\"fi\",\"potentialAction\":[{\"@type\":\"ReadAction\",\"target\":[\"https:\\\/\\\/aktialiiga.fi\\\/miehet\\\/ajankohtaista\\\/liigavalmentajat-yksimielisina-karkinelikko-erottuu-selvasti-kauden-kynnyksella\\\/\"]}]},{\"@type\":\"ImageObject\",\"inLanguage\":\"fi\",\"@id\":\"https:\\\/\\\/aktialiiga.fi\\\/miehet\\\/ajankohtaista\\\/liigavalmentajat-yksimielisina-karkinelikko-erottuu-selvasti-kauden-kynnyksella\\\/#primaryimage\",\"url\":\"https:\\\/\\\/i0.wp.com\\\/aktialiiga.fi\\\/miehet\\\/wp-content\\\/uploads\\\/sites\\\/5\\\/2026\\\/09\\\/A7307206-e1788429244793.jpg?fit=3366%2C2218&ssl=1\",\"contentUrl\":\"https:\\\/\\\/i0.wp.com\\\/aktialiiga.fi\\\/miehet\\\/wp-content\\\/uploads\\\/sites\\\/5\\\/2026\\\/09\\\/A7307206-e1788429244793.jpg?fit=3366%2C2218&ssl=1\",\"width\":3366,\"height\":2218},{\"@type\":\"BreadcrumbList\",\"@id\":\"https:\\\/\\\/aktialiiga.fi\\\/miehet\\\/ajankohtaista\\\/liigavalmentajat-yksimielisina-karkinelikko-erottuu-selvasti-kauden-kynnyksella\\\/#breadcrumb\",\"itemListElement\":[{\"@type\":\"ListItem\",\"position\":1,\"name\":\"Etusivu\",\"item\":\"https:\\\/\\\/aktialiiga.fi\\\/miehet\\\/etusivu-260806\\\/\"},{\"@type\":\"ListItem\",\"position\":2,\"name\":\"Liigavalmentajat yksimielisin\u00e4 \u2013 K\u00e4rkinelikko erottuu selv\u00e4sti kauden kynnyksell\u00e4\"}]},{\"@type\":\"WebSite\",\"@id\":\"https:\\\/\\\/aktialiiga.fi\\\/miehet\\\/#website\",\"url\":\"https:\\\/\\\/aktialiiga.fi\\\/miehet\\\/\",\"name\":\"K\u00e4sipallon miesten Aktialiiga\",\"description\":\"Valtakunnan vauhdikkainta palloilua!\",\"publisher\":{\"@id\":\"https:\\\/\\\/aktialiiga.fi\\\/miehet\\\/#organization\"},\"potentialAction\":[{\"@type\":\"SearchAction\",\"target\":{\"@type\":\"EntryPoint\",\"urlTemplate\":\"https:\\\/\\\/aktialiiga.fi\\\/miehet\\\/?s={search_term_string}\"},\"query-input\":{\"@type\":\"PropertyValueSpecification\",\"valueRequired\":true,\"valueName\":\"search_term_string\"}}],\"inLanguage\":\"fi\"},{\"@type\":\"Organization\",\"@id\":\"https:\\\/\\\/aktialiiga.fi\\\/miehet\\\/#organization\",\"name\":\"K\u00e4sipallon miesten Aktialiiga\",\"url\":\"https:\\\/\\\/aktialiiga.fi\\\/miehet\\\/\",\"logo\":{\"@type\":\"ImageObject\",\"inLanguage\":\"fi\",\"@id\":\"https:\\\/\\\/aktialiiga.fi\\\/miehet\\\/#\\\/schema\\\/logo\\\/image\\\/\",\"url\":\"https:\\\/\\\/i0.wp.com\\\/aktialiiga.fi\\\/miehet\\\/wp-content\\\/uploads\\\/sites\\\/5\\\/2024\\\/09\\\/Aktialiiga-Yoast-512.png?fit=512%2C512&ssl=1\",\"contentUrl\":\"https:\\\/\\\/i0.wp.com\\\/aktialiiga.fi\\\/miehet\\\/wp-content\\\/uploads\\\/sites\\\/5\\\/2024\\\/09\\\/Aktialiiga-Yoast-512.png?fit=512%2C512&ssl=1\",\"width\":512,\"height\":512,\"caption\":\"K\u00e4sipallon miesten Aktialiiga\"},\"image\":{\"@id\":\"https:\\\/\\\/aktialiiga.fi\\\/miehet\\\/#\\\/schema\\\/logo\\\/image\\\/\"},\"sameAs\":[\"https:\\\/\\\/www.facebook.com\\\/finnhandball\",\"https:\\\/\\\/x.com\\\/finnhandball\",\"https:\\\/\\\/www.instagram.com\\\/handballfinland\\\/\"]},{\"@type\":\"Person\",\"@id\":\"https:\\\/\\\/aktialiiga.fi\\\/miehet\\\/#\\\/schema\\\/person\\\/6ed7641d619c7f28481c53817a16b871\",\"name\":\"jussi\",\"image\":{\"@type\":\"ImageObject\",\"inLanguage\":\"fi\",\"@id\":\"https:\\\/\\\/secure.gravatar.com\\\/avatar\\\/034b8e6380fc659c320f13e17fe45bd9ab48a21e2debadd5f3179bde291949df?s=96&d=mm&r=g\",\"url\":\"https:\\\/\\\/secure.gravatar.com\\\/avatar\\\/034b8e6380fc659c320f13e17fe45bd9ab48a21e2debadd5f3179bde291949df?s=96&d=mm&r=g\",\"contentUrl\":\"https:\\\/\\\/secure.gravatar.com\\\/avatar\\\/034b8e6380fc659c320f13e17fe45bd9ab48a21e2debadd5f3179bde291949df?s=96&d=mm&r=g\",\"caption\":\"jussi\"}}]}<\/script>\n<!-- \/ Yoast SEO plugin. -->","yoast_head_json":{"title":"Liigavalmentajat yksimielisin\u00e4 \u2013 K\u00e4rkinelikko erottuu selv\u00e4sti kauden kynnyksell\u00e4 | K\u00e4sipallon miesten Aktialiiga","robots":{"index":"index","follow":"follow","max-snippet":"max-snippet:-1","max-image-preview":"max-image-preview:large","max-video-preview":"max-video-preview:-1"},"canonical":"https:\/\/aktialiiga.fi\/miehet\/ajankohtaista\/liigavalmentajat-yksimielisina-karkinelikko-erottuu-selvasti-kauden-kynnyksella\/","og_locale":"fi_FI","og_type":"article","og_title":"Liigavalmentajat yksimielisin\u00e4 \u2013 K\u00e4rkinelikko erottuu selv\u00e4sti kauden kynnyksell\u00e4 | K\u00e4sipallon miesten Aktialiiga","og_description":"K\u00e4sipallokauden kynnyksell\u00e4 miesten p\u00e4\u00e4valmentajien katseet k\u00e4\u00e4ntyv\u00e4t tulevaan voimasuhteiden jakoon. Kun valmentajilta kysyttiin ennustuksia runkosarjan nelj\u00e4n k\u00e4rjest\u00e4 ja kauden suurimmista mestarisuosikeista, vastauksissa korostui vahva luottamus sarjan vakiintuneisiin k\u00e4rkiseuroihin. Samalla sarjan uskotaan olevan edelliskautta tasaisempi. Runkosarjan nelj\u00e4n k\u00e4rki selv\u00e4 paperilla Valmentajat olivat harvinaisen yksimielisi\u00e4 siit\u00e4, mitk\u00e4 nelj\u00e4 joukkuetta tulevat miehitt\u00e4m\u00e4\u00e4n sarjataulukon k\u00e4rkisijat runkosarjan p\u00e4\u00e4ttyess\u00e4. Esille nousivat kerta [&hellip;]","og_url":"https:\/\/aktialiiga.fi\/miehet\/ajankohtaista\/liigavalmentajat-yksimielisina-karkinelikko-erottuu-selvasti-kauden-kynnyksella\/","og_site_name":"K\u00e4sipallon miesten Aktialiiga","article_publisher":"https:\/\/www.facebook.com\/finnhandball","article_published_time":"2026-09-03T14:45:59+00:00","og_image":[{"width":3366,"height":2218,"url":"https:\/\/i0.wp.com\/aktialiiga.fi\/miehet\/wp-content\/uploads\/sites\/5\/2026\/09\/A7307206-e1788429244793.jpg?fit=3366%2C2218&ssl=1","type":"image\/jpeg"}],"author":"jussi","twitter_card":"summary_large_image","twitter_creator":"@finnhandball","twitter_site":"@finnhandball","schema":{"@context":"https:\/\/schema.org","@graph":[{"@type":"Article","@id":"https:\/\/aktialiiga.fi\/miehet\/ajankohtaista\/liigavalmentajat-yksimielisina-karkinelikko-erottuu-selvasti-kauden-kynnyksella\/#article","isPartOf":{"@id":"https:\/\/aktialiiga.fi\/miehet\/ajankohtaista\/liigavalmentajat-yksimielisina-karkinelikko-erottuu-selvasti-kauden-kynnyksella\/"},"author":{"name":"jussi","@id":"https:\/\/aktialiiga.fi\/miehet\/#\/schema\/person\/6ed7641d619c7f28481c53817a16b871"},"headline":"Liigavalmentajat yksimielisin\u00e4 \u2013 K\u00e4rkinelikko erottuu selv\u00e4sti kauden kynnyksell\u00e4","datePublished":"2026-09-03T14:45:59+00:00","mainEntityOfPage":{"@id":"https:\/\/aktialiiga.fi\/miehet\/ajankohtaista\/liigavalmentajat-yksimielisina-karkinelikko-erottuu-selvasti-kauden-kynnyksella\/"},"wordCount":378,"publisher":{"@id":"https:\/\/aktialiiga.fi\/miehet\/#organization"},"image":{"@id":"https:\/\/aktialiiga.fi\/miehet\/ajankohtaista\/liigavalmentajat-yksimielisina-karkinelikko-erottuu-selvasti-kauden-kynnyksella\/#primaryimage"},"thumbnailUrl":"https:\/\/i0.wp.com\/aktialiiga.fi\/miehet\/wp-content\/uploads\/sites\/5\/2026\/09\/A7307206-e1788429244793.jpg?fit=3366%2C2218&ssl=1","keywords":["\u00c5IFK","BK-46","Cocks","Dicken","EIF","GrIFK","HIFK","runkosarja","SIF"],"articleSection":["Ajankohtaista","Kohti kautta"],"inLanguage":"fi"},{"@type":"WebPage","@id":"https:\/\/aktialiiga.fi\/miehet\/ajankohtaista\/liigavalmentajat-yksimielisina-karkinelikko-erottuu-selvasti-kauden-kynnyksella\/","url":"https:\/\/aktialiiga.fi\/miehet\/ajankohtaista\/liigavalmentajat-yksimielisina-karkinelikko-erottuu-selvasti-kauden-kynnyksella\/","name":"Liigavalmentajat yksimielisin\u00e4 \u2013 K\u00e4rkinelikko erottuu selv\u00e4sti kauden kynnyksell\u00e4 | K\u00e4sipallon miesten Aktialiiga","isPartOf":{"@id":"https:\/\/aktialiiga.fi\/miehet\/#website"},"primaryImageOfPage":{"@id":"https:\/\/aktialiiga.fi\/miehet\/ajankohtaista\/liigavalmentajat-yksimielisina-karkinelikko-erottuu-selvasti-kauden-kynnyksella\/#primaryimage"},"image":{"@id":"https:\/\/aktialiiga.fi\/miehet\/ajankohtaista\/liigavalmentajat-yksimielisina-karkinelikko-erottuu-selvasti-kauden-kynnyksella\/#primaryimage"},"thumbnailUrl":"https:\/\/i0.wp.com\/aktialiiga.fi\/miehet\/wp-content\/uploads\/sites\/5\/2026\/09\/A7307206-e1788429244793.jpg?fit=3366%2C2218&ssl=1","datePublished":"2026-09-03T14:45:59+00:00","breadcrumb":{"@id":"https:\/\/aktialiiga.fi\/miehet\/ajankohtaista\/liigavalmentajat-yksimielisina-karkinelikko-erottuu-selvasti-kauden-kynnyksella\/#breadcrumb"},"inLanguage":"fi","potentialAction":[{"@type":"ReadAction","target":["https:\/\/aktialiiga.fi\/miehet\/ajankohtaista\/liigavalmentajat-yksimielisina-karkinelikko-erottuu-selvasti-kauden-kynnyksella\/"]}]},{"@type":"ImageObject","inLanguage":"fi","@id":"https:\/\/aktialiiga.fi\/miehet\/ajankohtaista\/liigavalmentajat-yksimielisina-karkinelikko-erottuu-selvasti-kauden-kynnyksella\/#primaryimage","url":"https:\/\/i0.wp.com\/aktialiiga.fi\/miehet\/wp-content\/uploads\/sites\/5\/2026\/09\/A7307206-e1788429244793.jpg?fit=3366%2C2218&ssl=1","contentUrl":"https:\/\/i0.wp.com\/aktialiiga.fi\/miehet\/wp-content\/uploads\/sites\/5\/2026\/09\/A7307206-e1788429244793.jpg?fit=3366%2C2218&ssl=1","width":3366,"height":2218},{"@type":"BreadcrumbList","@id":"https:\/\/aktialiiga.fi\/miehet\/ajankohtaista\/liigavalmentajat-yksimielisina-karkinelikko-erottuu-selvasti-kauden-kynnyksella\/#breadcrumb","itemListElement":[{"@type":"ListItem","position":1,"name":"Etusivu","item":"https:\/\/aktialiiga.fi\/miehet\/etusivu-260806\/"},{"@type":"ListItem","position":2,"name":"Liigavalmentajat yksimielisin\u00e4 \u2013 K\u00e4rkinelikko erottuu selv\u00e4sti kauden kynnyksell\u00e4"}]},{"@type":"WebSite","@id":"https:\/\/aktialiiga.fi\/miehet\/#website","url":"https:\/\/aktialiiga.fi\/miehet\/","name":"K\u00e4sipallon miesten Aktialiiga","description":"Valtakunnan vauhdikkainta palloilua!","publisher":{"@id":"https:\/\/aktialiiga.fi\/miehet\/#organization"},"potentialAction":[{"@type":"SearchAction","target":{"@type":"EntryPoint","urlTemplate":"https:\/\/aktialiiga.fi\/miehet\/?s={search_term_string}"},"query-input":{"@type":"PropertyValueSpecification","valueRequired":true,"valueName":"search_term_string"}}],"inLanguage":"fi"},{"@type":"Organization","@id":"https:\/\/aktialiiga.fi\/miehet\/#organization","name":"K\u00e4sipallon miesten Aktialiiga","url":"https:\/\/aktialiiga.fi\/miehet\/","logo":{"@type":"ImageObject","inLanguage":"fi","@id":"https:\/\/aktialiiga.fi\/miehet\/#\/schema\/logo\/image\/","url":"https:\/\/i0.wp.com\/aktialiiga.fi\/miehet\/wp-content\/uploads\/sites\/5\/2024\/09\/Aktialiiga-Yoast-512.png?fit=512%2C512&ssl=1","contentUrl":"https:\/\/i0.wp.com\/aktialiiga.fi\/miehet\/wp-content\/uploads\/sites\/5\/2024\/09\/Aktialiiga-Yoast-512.png?fit=512%2C512&ssl=1","width":512,"height":512,"caption":"K\u00e4sipallon miesten Aktialiiga"},"image":{"@id":"https:\/\/aktialiiga.fi\/miehet\/#\/schema\/logo\/image\/"},"sameAs":["https:\/\/www.facebook.com\/finnhandball","https:\/\/x.com\/finnhandball","https:\/\/www.instagram.com\/handballfinland\/"]},{"@type":"Person","@id":"https:\/\/aktialiiga.fi\/miehet\/#\/schema\/person\/6ed7641d619c7f28481c53817a16b871","name":"jussi","image":{"@type":"ImageObject","inLanguage":"fi","@id":"https:\/\/secure.gravatar.com\/avatar\/034b8e6380fc659c320f13e17fe45bd9ab48a21e2debadd5f3179bde291949df?s=96&d=mm&r=g","url":"https:\/\/secure.gravatar.com\/avatar\/034b8e6380fc659c320f13e17fe45bd9ab48a21e2debadd5f3179bde291949df?s=96&d=mm&r=g","contentUrl":"https:\/\/secure.gravatar.com\/avatar\/034b8e6380fc659c320f13e17fe45bd9ab48a21e2debadd5f3179bde291949df?s=96&d=mm&r=g","caption":"jussi"}}]}},"jetpack_sharing_enabled":true,"jetpack_shortlink":"https:\/\/wp.me\/pfTxOr-mZu","jetpack_featured_media_url":"https:\/\/i0.wp.com\/aktialiiga.fi\/miehet\/wp-content\/uploads\/sites\/5\/2026\/09\/A7307206-e1788429244793.jpg?fit=3366%2C2218&ssl=1","_links":{"self":[{"href":"https:\/\/aktialiiga.fi\/miehet\/wp-json\/wp\/v2\/posts\/88380","targetHints":{"allow":["GET"]}}],"collection":[{"href":"https:\/\/aktialiiga.fi\/miehet\/wp-json\/wp\/v2\/posts"}],"about":[{"href":"https:\/\/aktialiiga.fi\/miehet\/wp-json\/wp\/v2\/types\/post"}],"author":[{"embeddable":true,"href":"https:\/\/aktialiiga.fi\/miehet\/wp-json\/wp\/v2\/users\/3"}],"replies":[{"embeddable":true,"href":"https:\/\/aktialiiga.fi\/miehet\/wp-json\/wp\/v2\/comments?post=88380"}],"version-history":[{"count":5,"href":"https:\/\/aktialiiga.fi\/miehet\/wp-json\/wp\/v2\/posts\/88380\/revisions"}],"predecessor-version":[{"id":94981,"href":"https:\/\/aktialiiga.fi\/miehet\/wp-json\/wp\/v2\/posts\/88380\/revisions\/94981"}],"wp:featuredmedia":[{"embeddable":true,"href":"https:\/\/aktialiiga.fi\/miehet\/wp-json\/wp\/v2\/media\/94947"}],"wp:attachment":[{"href":"https:\/\/aktialiiga.fi\/miehet\/wp-json\/wp\/v2\/media?parent=88380"}],"wp:term":[{"taxonomy":"category","embeddable":true,"href":"https:\/\/aktialiiga.fi\/miehet\/wp-json\/wp\/v2\/categories?post=88380"},{"taxonomy":"post_tag","embeddable":true,"href":"https:\/\/aktialiiga.fi\/miehet\/wp-json\/wp\/v2\/tags?post=88380"}],"curies":[{"name":"wp","href":"https:\/\/api.w.org\/{rel}","templated":true}]}}