{"id":9293,"date":"2015-01-05T22:45:54","date_gmt":"2015-01-05T20:45:54","guid":{"rendered":"https:\/\/aktialiiga.fi\/miehet\/?p=9293"},"modified":"2018-04-20T12:51:54","modified_gmt":"2018-04-20T09:51:54","slug":"aifk-ja-atlas-vantaa-iskevat-yhteen-loppiaisena","status":"publish","type":"post","link":"https:\/\/aktialiiga.fi\/miehet\/2014-2015\/ennakot-2014-2015\/aifk-ja-atlas-vantaa-iskevat-yhteen-loppiaisena\/","title":{"rendered":"\u00c5IFK ja Atlas Vantaa iskev\u00e4t yhteen loppiaisena"},"content":{"rendered":"<p>\u00c5IFK ja Atlas Vantaa aloittavat SM-liigan kev\u00e4tkauden joulutauon j\u00e4lkeen osaltaan Turussa tiistaina. Ottelu on SM-liigan ainoa loppiaisena.<\/p>\n<p>Kotijoukkue \u00c5IFK on usein ollut kotonaan vaikea vastustaja vantaalaisille. Viime kaudella \u00c5IFK hoiteli p\u00e4\u00e4kaupunkiseudun vieraansa 32-27. Atlas Vantaa l\u00e4htee kev\u00e4tkaudelle liiganelosena. Joukkue on koonnut 14 ottelusta 15 pistett\u00e4, kun taas \u00c5IFK on kaksi sijaa alempana, 12 ottelua ja 9 pistett\u00e4.<\/p>\n<p>Atlas Vantaa py\u00f6ritti pahasti varamiehist\u00e4 \u00c5IFK:ta kotonaan lokakuussa 32-20, mutta keltapaidat ovat sen j\u00e4lkeen tehostaneet otteitaan. Varsinkin liigan maalitilaston kolmonen Andreas Nystr\u00f6m (72 osumaa) ja Topias Laine (64) ovat olleet hankalia pys\u00e4ytett\u00e4vi\u00e4.<\/p>\n<p>Molemmat joukkueet l\u00e4htiv\u00e4t joulun viettoon miltei identtisell\u00e4 tavalla: alla on kotitappio Cocksille ja vierasvoitto toisesta riihim\u00e4kel\u00e4isjoukkueesta Dynamosta.<\/p>\n<p>Atlas Vantaan tilannetta ei t\u00e4ll\u00e4 kertaa helpota kahden ulkomaalaispelaajan poissaolo, sill\u00e4 Milos Maksimovic ja Dragan Vrgoc ehtiv\u00e4t Suomeen vastaan ottelup\u00e4iv\u00e4n iltana. Sen sijaan tuorein hankinta Mladen Cacic on mukana joukkueen viimeistelyharjoituksissa maanantaina.<\/p>\n<p>Cacic, 38-vuotias kymmeness\u00e4 maassa pelannut veteraani, p\u00e4\u00e4see ensimm\u00e4iseen liigaotteluunsa. Joulua ennen h\u00e4n ehti ottaa tuntumaa joukkueeseen kahdessa Suomen cupin ottelussa.<\/p>\n<p>&#8211; Ei t\u00e4ss\u00e4 itku auta, Atlas Vantaan p\u00e4\u00e4valmentaja Besim Qerimi sanoi seuran verkkosivuilla.<\/p>\n<p>&#8211; Nyt t\u00e4ytyy vain l\u00e4hte\u00e4 liikkeelle aivan eri tavalla ja keskitytt\u00e4v\u00e4 siihen, ett\u00e4 saadaan puolustus pit\u00e4v\u00e4ksi.<\/p>\n<p>Ottelu Samppalinnan palloiluhallissa alkaa loppiaistiistaina kello 18.00.<\/p>\n","protected":false},"excerpt":{"rendered":"<p>\u00c5IFK ja Atlas Vantaa aloittavat SM-liigan kev\u00e4tkauden joulutauon j\u00e4lkeen osaltaan Turussa tiistaina. Ottelu on SM-liigan ainoa loppiaisena. Kotijoukkue \u00c5IFK on usein ollut kotonaan vaikea vastustaja vantaalaisille. Viime kaudella \u00c5IFK hoiteli p\u00e4\u00e4kaupunkiseudun vieraansa 32-27. Atlas Vantaa l\u00e4htee kev\u00e4tkaudelle liiganelosena. Joukkue on koonnut 14 ottelusta 15 pistett\u00e4, kun taas \u00c5IFK on kaksi sijaa alempana, 12 ottelua ja [&hellip;]<\/p>\n","protected":false},"author":13,"featured_media":9008,"comment_status":"closed","ping_status":"closed","sticky":false,"template":"","format":"standard","meta":{"_acf_changed":false,"jetpack_post_was_ever_published":false,"_jetpack_newsletter_access":"","_jetpack_dont_email_post_to_subs":false,"_jetpack_newsletter_tier_id":0,"_jetpack_memberships_contains_paywalled_content":false,"_jetpack_memberships_contains_paid_content":false,"footnotes":""},"categories":[41],"tags":[50,54],"class_list":["post-9293","post","type-post","status-publish","format-standard","has-post-thumbnail","hentry","category-ennakot-2014-2015","tag-aifk","tag-atlas-vantaa"],"acf":[],"yoast_head":"<!-- This site is optimized with the Yoast SEO plugin v27.5 - https:\/\/yoast.com\/product\/yoast-seo-wordpress\/ -->\n<title>\u00c5IFK ja Atlas Vantaa iskev\u00e4t yhteen loppiaisena | K\u00e4sipallon miesten Aktialiiga<\/title>\n<meta name=\"robots\" content=\"index, follow, max-snippet:-1, max-image-preview:large, max-video-preview:-1\" \/>\n<link rel=\"canonical\" href=\"https:\/\/aktialiiga.fi\/miehet\/2014-2015\/ennakot-2014-2015\/aifk-ja-atlas-vantaa-iskevat-yhteen-loppiaisena\/\" \/>\n<meta property=\"og:locale\" content=\"fi_FI\" \/>\n<meta property=\"og:type\" content=\"article\" \/>\n<meta property=\"og:title\" content=\"\u00c5IFK ja Atlas Vantaa iskev\u00e4t yhteen loppiaisena | K\u00e4sipallon miesten Aktialiiga\" \/>\n<meta property=\"og:description\" content=\"\u00c5IFK ja Atlas Vantaa aloittavat SM-liigan kev\u00e4tkauden joulutauon j\u00e4lkeen osaltaan Turussa tiistaina. Ottelu on SM-liigan ainoa loppiaisena. Kotijoukkue \u00c5IFK on usein ollut kotonaan vaikea vastustaja vantaalaisille. Viime kaudella \u00c5IFK hoiteli p\u00e4\u00e4kaupunkiseudun vieraansa 32-27. Atlas Vantaa l\u00e4htee kev\u00e4tkaudelle liiganelosena. Joukkue on koonnut 14 ottelusta 15 pistett\u00e4, kun taas \u00c5IFK on kaksi sijaa alempana, 12 ottelua ja [&hellip;]\" \/>\n<meta property=\"og:url\" content=\"https:\/\/aktialiiga.fi\/miehet\/2014-2015\/ennakot-2014-2015\/aifk-ja-atlas-vantaa-iskevat-yhteen-loppiaisena\/\" \/>\n<meta property=\"og:site_name\" content=\"K\u00e4sipallon miesten Aktialiiga\" \/>\n<meta property=\"article:publisher\" content=\"https:\/\/www.facebook.com\/finnhandball\" \/>\n<meta property=\"article:published_time\" content=\"2015-01-05T20:45:54+00:00\" \/>\n<meta property=\"article:modified_time\" content=\"2018-04-20T09:51:54+00:00\" \/>\n<meta property=\"og:image\" content=\"https:\/\/i0.wp.com\/aktialiiga.fi\/miehet\/wp-content\/uploads\/sites\/5\/2014\/11\/AIFK_timeout1415.jpg?fit=640%2C360&ssl=1\" \/>\n\t<meta property=\"og:image:width\" content=\"640\" \/>\n\t<meta property=\"og:image:height\" content=\"360\" \/>\n\t<meta property=\"og:image:type\" content=\"image\/jpeg\" \/>\n<meta name=\"author\" content=\"tbrmedia\" \/>\n<meta name=\"twitter:card\" content=\"summary_large_image\" \/>\n<meta name=\"twitter:creator\" content=\"@finnhandball\" \/>\n<meta name=\"twitter:site\" content=\"@finnhandball\" \/>\n<script type=\"application\/ld+json\" class=\"yoast-schema-graph\">{\"@context\":\"https:\\\/\\\/schema.org\",\"@graph\":[{\"@type\":\"Article\",\"@id\":\"https:\\\/\\\/aktialiiga.fi\\\/miehet\\\/2014-2015\\\/ennakot-2014-2015\\\/aifk-ja-atlas-vantaa-iskevat-yhteen-loppiaisena\\\/#article\",\"isPartOf\":{\"@id\":\"https:\\\/\\\/aktialiiga.fi\\\/miehet\\\/2014-2015\\\/ennakot-2014-2015\\\/aifk-ja-atlas-vantaa-iskevat-yhteen-loppiaisena\\\/\"},\"author\":{\"name\":\"tbrmedia\",\"@id\":\"https:\\\/\\\/aktialiiga.fi\\\/miehet\\\/#\\\/schema\\\/person\\\/c14bf42f47041db74603c45afcb18d87\"},\"headline\":\"\u00c5IFK ja Atlas Vantaa iskev\u00e4t yhteen loppiaisena\",\"datePublished\":\"2015-01-05T20:45:54+00:00\",\"dateModified\":\"2018-04-20T09:51:54+00:00\",\"mainEntityOfPage\":{\"@id\":\"https:\\\/\\\/aktialiiga.fi\\\/miehet\\\/2014-2015\\\/ennakot-2014-2015\\\/aifk-ja-atlas-vantaa-iskevat-yhteen-loppiaisena\\\/\"},\"wordCount\":224,\"publisher\":{\"@id\":\"https:\\\/\\\/aktialiiga.fi\\\/miehet\\\/#organization\"},\"image\":{\"@id\":\"https:\\\/\\\/aktialiiga.fi\\\/miehet\\\/2014-2015\\\/ennakot-2014-2015\\\/aifk-ja-atlas-vantaa-iskevat-yhteen-loppiaisena\\\/#primaryimage\"},\"thumbnailUrl\":\"https:\\\/\\\/i0.wp.com\\\/aktialiiga.fi\\\/miehet\\\/wp-content\\\/uploads\\\/sites\\\/5\\\/2014\\\/11\\\/AIFK_timeout1415.jpg?fit=640%2C360&ssl=1\",\"keywords\":[\"\u00c5IFK\",\"Atlas Vantaa\"],\"articleSection\":[\"Ennakot\"],\"inLanguage\":\"fi\"},{\"@type\":\"WebPage\",\"@id\":\"https:\\\/\\\/aktialiiga.fi\\\/miehet\\\/2014-2015\\\/ennakot-2014-2015\\\/aifk-ja-atlas-vantaa-iskevat-yhteen-loppiaisena\\\/\",\"url\":\"https:\\\/\\\/aktialiiga.fi\\\/miehet\\\/2014-2015\\\/ennakot-2014-2015\\\/aifk-ja-atlas-vantaa-iskevat-yhteen-loppiaisena\\\/\",\"name\":\"\u00c5IFK ja Atlas Vantaa iskev\u00e4t yhteen loppiaisena | K\u00e4sipallon miesten Aktialiiga\",\"isPartOf\":{\"@id\":\"https:\\\/\\\/aktialiiga.fi\\\/miehet\\\/#website\"},\"primaryImageOfPage\":{\"@id\":\"https:\\\/\\\/aktialiiga.fi\\\/miehet\\\/2014-2015\\\/ennakot-2014-2015\\\/aifk-ja-atlas-vantaa-iskevat-yhteen-loppiaisena\\\/#primaryimage\"},\"image\":{\"@id\":\"https:\\\/\\\/aktialiiga.fi\\\/miehet\\\/2014-2015\\\/ennakot-2014-2015\\\/aifk-ja-atlas-vantaa-iskevat-yhteen-loppiaisena\\\/#primaryimage\"},\"thumbnailUrl\":\"https:\\\/\\\/i0.wp.com\\\/aktialiiga.fi\\\/miehet\\\/wp-content\\\/uploads\\\/sites\\\/5\\\/2014\\\/11\\\/AIFK_timeout1415.jpg?fit=640%2C360&ssl=1\",\"datePublished\":\"2015-01-05T20:45:54+00:00\",\"dateModified\":\"2018-04-20T09:51:54+00:00\",\"breadcrumb\":{\"@id\":\"https:\\\/\\\/aktialiiga.fi\\\/miehet\\\/2014-2015\\\/ennakot-2014-2015\\\/aifk-ja-atlas-vantaa-iskevat-yhteen-loppiaisena\\\/#breadcrumb\"},\"inLanguage\":\"fi\",\"potentialAction\":[{\"@type\":\"ReadAction\",\"target\":[\"https:\\\/\\\/aktialiiga.fi\\\/miehet\\\/2014-2015\\\/ennakot-2014-2015\\\/aifk-ja-atlas-vantaa-iskevat-yhteen-loppiaisena\\\/\"]}]},{\"@type\":\"ImageObject\",\"inLanguage\":\"fi\",\"@id\":\"https:\\\/\\\/aktialiiga.fi\\\/miehet\\\/2014-2015\\\/ennakot-2014-2015\\\/aifk-ja-atlas-vantaa-iskevat-yhteen-loppiaisena\\\/#primaryimage\",\"url\":\"https:\\\/\\\/i0.wp.com\\\/aktialiiga.fi\\\/miehet\\\/wp-content\\\/uploads\\\/sites\\\/5\\\/2014\\\/11\\\/AIFK_timeout1415.jpg?fit=640%2C360&ssl=1\",\"contentUrl\":\"https:\\\/\\\/i0.wp.com\\\/aktialiiga.fi\\\/miehet\\\/wp-content\\\/uploads\\\/sites\\\/5\\\/2014\\\/11\\\/AIFK_timeout1415.jpg?fit=640%2C360&ssl=1\",\"width\":640,\"height\":360},{\"@type\":\"BreadcrumbList\",\"@id\":\"https:\\\/\\\/aktialiiga.fi\\\/miehet\\\/2014-2015\\\/ennakot-2014-2015\\\/aifk-ja-atlas-vantaa-iskevat-yhteen-loppiaisena\\\/#breadcrumb\",\"itemListElement\":[{\"@type\":\"ListItem\",\"position\":1,\"name\":\"Etusivu\",\"item\":\"https:\\\/\\\/aktialiiga.fi\\\/miehet\\\/\"},{\"@type\":\"ListItem\",\"position\":2,\"name\":\"\u00c5IFK ja Atlas Vantaa iskev\u00e4t yhteen loppiaisena\"}]},{\"@type\":\"WebSite\",\"@id\":\"https:\\\/\\\/aktialiiga.fi\\\/miehet\\\/#website\",\"url\":\"https:\\\/\\\/aktialiiga.fi\\\/miehet\\\/\",\"name\":\"K\u00e4sipallon miesten Aktialiiga\",\"description\":\"Valtakunnan vauhdikkainta palloilua!\",\"publisher\":{\"@id\":\"https:\\\/\\\/aktialiiga.fi\\\/miehet\\\/#organization\"},\"potentialAction\":[{\"@type\":\"SearchAction\",\"target\":{\"@type\":\"EntryPoint\",\"urlTemplate\":\"https:\\\/\\\/aktialiiga.fi\\\/miehet\\\/?s={search_term_string}\"},\"query-input\":{\"@type\":\"PropertyValueSpecification\",\"valueRequired\":true,\"valueName\":\"search_term_string\"}}],\"inLanguage\":\"fi\"},{\"@type\":\"Organization\",\"@id\":\"https:\\\/\\\/aktialiiga.fi\\\/miehet\\\/#organization\",\"name\":\"K\u00e4sipallon miesten Aktialiiga\",\"url\":\"https:\\\/\\\/aktialiiga.fi\\\/miehet\\\/\",\"logo\":{\"@type\":\"ImageObject\",\"inLanguage\":\"fi\",\"@id\":\"https:\\\/\\\/aktialiiga.fi\\\/miehet\\\/#\\\/schema\\\/logo\\\/image\\\/\",\"url\":\"https:\\\/\\\/i0.wp.com\\\/aktialiiga.fi\\\/miehet\\\/wp-content\\\/uploads\\\/sites\\\/5\\\/2024\\\/09\\\/Aktialiiga-Yoast-512.png?fit=512%2C512&ssl=1\",\"contentUrl\":\"https:\\\/\\\/i0.wp.com\\\/aktialiiga.fi\\\/miehet\\\/wp-content\\\/uploads\\\/sites\\\/5\\\/2024\\\/09\\\/Aktialiiga-Yoast-512.png?fit=512%2C512&ssl=1\",\"width\":512,\"height\":512,\"caption\":\"K\u00e4sipallon miesten Aktialiiga\"},\"image\":{\"@id\":\"https:\\\/\\\/aktialiiga.fi\\\/miehet\\\/#\\\/schema\\\/logo\\\/image\\\/\"},\"sameAs\":[\"https:\\\/\\\/www.facebook.com\\\/finnhandball\",\"https:\\\/\\\/x.com\\\/finnhandball\",\"https:\\\/\\\/www.instagram.com\\\/handballfinland\\\/\"]},{\"@type\":\"Person\",\"@id\":\"https:\\\/\\\/aktialiiga.fi\\\/miehet\\\/#\\\/schema\\\/person\\\/c14bf42f47041db74603c45afcb18d87\",\"name\":\"tbrmedia\",\"image\":{\"@type\":\"ImageObject\",\"inLanguage\":\"fi\",\"@id\":\"https:\\\/\\\/secure.gravatar.com\\\/avatar\\\/ee975fa091fe581d12b60debb3439022686618368a7c142044c56724d4666b16?s=96&d=mm&r=g\",\"url\":\"https:\\\/\\\/secure.gravatar.com\\\/avatar\\\/ee975fa091fe581d12b60debb3439022686618368a7c142044c56724d4666b16?s=96&d=mm&r=g\",\"contentUrl\":\"https:\\\/\\\/secure.gravatar.com\\\/avatar\\\/ee975fa091fe581d12b60debb3439022686618368a7c142044c56724d4666b16?s=96&d=mm&r=g\",\"caption\":\"tbrmedia\"}}]}<\/script>\n<!-- \/ Yoast SEO plugin. -->","yoast_head_json":{"title":"\u00c5IFK ja Atlas Vantaa iskev\u00e4t yhteen loppiaisena | K\u00e4sipallon miesten Aktialiiga","robots":{"index":"index","follow":"follow","max-snippet":"max-snippet:-1","max-image-preview":"max-image-preview:large","max-video-preview":"max-video-preview:-1"},"canonical":"https:\/\/aktialiiga.fi\/miehet\/2014-2015\/ennakot-2014-2015\/aifk-ja-atlas-vantaa-iskevat-yhteen-loppiaisena\/","og_locale":"fi_FI","og_type":"article","og_title":"\u00c5IFK ja Atlas Vantaa iskev\u00e4t yhteen loppiaisena | K\u00e4sipallon miesten Aktialiiga","og_description":"\u00c5IFK ja Atlas Vantaa aloittavat SM-liigan kev\u00e4tkauden joulutauon j\u00e4lkeen osaltaan Turussa tiistaina. Ottelu on SM-liigan ainoa loppiaisena. Kotijoukkue \u00c5IFK on usein ollut kotonaan vaikea vastustaja vantaalaisille. Viime kaudella \u00c5IFK hoiteli p\u00e4\u00e4kaupunkiseudun vieraansa 32-27. Atlas Vantaa l\u00e4htee kev\u00e4tkaudelle liiganelosena. Joukkue on koonnut 14 ottelusta 15 pistett\u00e4, kun taas \u00c5IFK on kaksi sijaa alempana, 12 ottelua ja [&hellip;]","og_url":"https:\/\/aktialiiga.fi\/miehet\/2014-2015\/ennakot-2014-2015\/aifk-ja-atlas-vantaa-iskevat-yhteen-loppiaisena\/","og_site_name":"K\u00e4sipallon miesten Aktialiiga","article_publisher":"https:\/\/www.facebook.com\/finnhandball","article_published_time":"2015-01-05T20:45:54+00:00","article_modified_time":"2018-04-20T09:51:54+00:00","og_image":[{"width":640,"height":360,"url":"https:\/\/i0.wp.com\/aktialiiga.fi\/miehet\/wp-content\/uploads\/sites\/5\/2014\/11\/AIFK_timeout1415.jpg?fit=640%2C360&ssl=1","type":"image\/jpeg"}],"author":"tbrmedia","twitter_card":"summary_large_image","twitter_creator":"@finnhandball","twitter_site":"@finnhandball","schema":{"@context":"https:\/\/schema.org","@graph":[{"@type":"Article","@id":"https:\/\/aktialiiga.fi\/miehet\/2014-2015\/ennakot-2014-2015\/aifk-ja-atlas-vantaa-iskevat-yhteen-loppiaisena\/#article","isPartOf":{"@id":"https:\/\/aktialiiga.fi\/miehet\/2014-2015\/ennakot-2014-2015\/aifk-ja-atlas-vantaa-iskevat-yhteen-loppiaisena\/"},"author":{"name":"tbrmedia","@id":"https:\/\/aktialiiga.fi\/miehet\/#\/schema\/person\/c14bf42f47041db74603c45afcb18d87"},"headline":"\u00c5IFK ja Atlas Vantaa iskev\u00e4t yhteen loppiaisena","datePublished":"2015-01-05T20:45:54+00:00","dateModified":"2018-04-20T09:51:54+00:00","mainEntityOfPage":{"@id":"https:\/\/aktialiiga.fi\/miehet\/2014-2015\/ennakot-2014-2015\/aifk-ja-atlas-vantaa-iskevat-yhteen-loppiaisena\/"},"wordCount":224,"publisher":{"@id":"https:\/\/aktialiiga.fi\/miehet\/#organization"},"image":{"@id":"https:\/\/aktialiiga.fi\/miehet\/2014-2015\/ennakot-2014-2015\/aifk-ja-atlas-vantaa-iskevat-yhteen-loppiaisena\/#primaryimage"},"thumbnailUrl":"https:\/\/i0.wp.com\/aktialiiga.fi\/miehet\/wp-content\/uploads\/sites\/5\/2014\/11\/AIFK_timeout1415.jpg?fit=640%2C360&ssl=1","keywords":["\u00c5IFK","Atlas Vantaa"],"articleSection":["Ennakot"],"inLanguage":"fi"},{"@type":"WebPage","@id":"https:\/\/aktialiiga.fi\/miehet\/2014-2015\/ennakot-2014-2015\/aifk-ja-atlas-vantaa-iskevat-yhteen-loppiaisena\/","url":"https:\/\/aktialiiga.fi\/miehet\/2014-2015\/ennakot-2014-2015\/aifk-ja-atlas-vantaa-iskevat-yhteen-loppiaisena\/","name":"\u00c5IFK ja Atlas Vantaa iskev\u00e4t yhteen loppiaisena | K\u00e4sipallon miesten Aktialiiga","isPartOf":{"@id":"https:\/\/aktialiiga.fi\/miehet\/#website"},"primaryImageOfPage":{"@id":"https:\/\/aktialiiga.fi\/miehet\/2014-2015\/ennakot-2014-2015\/aifk-ja-atlas-vantaa-iskevat-yhteen-loppiaisena\/#primaryimage"},"image":{"@id":"https:\/\/aktialiiga.fi\/miehet\/2014-2015\/ennakot-2014-2015\/aifk-ja-atlas-vantaa-iskevat-yhteen-loppiaisena\/#primaryimage"},"thumbnailUrl":"https:\/\/i0.wp.com\/aktialiiga.fi\/miehet\/wp-content\/uploads\/sites\/5\/2014\/11\/AIFK_timeout1415.jpg?fit=640%2C360&ssl=1","datePublished":"2015-01-05T20:45:54+00:00","dateModified":"2018-04-20T09:51:54+00:00","breadcrumb":{"@id":"https:\/\/aktialiiga.fi\/miehet\/2014-2015\/ennakot-2014-2015\/aifk-ja-atlas-vantaa-iskevat-yhteen-loppiaisena\/#breadcrumb"},"inLanguage":"fi","potentialAction":[{"@type":"ReadAction","target":["https:\/\/aktialiiga.fi\/miehet\/2014-2015\/ennakot-2014-2015\/aifk-ja-atlas-vantaa-iskevat-yhteen-loppiaisena\/"]}]},{"@type":"ImageObject","inLanguage":"fi","@id":"https:\/\/aktialiiga.fi\/miehet\/2014-2015\/ennakot-2014-2015\/aifk-ja-atlas-vantaa-iskevat-yhteen-loppiaisena\/#primaryimage","url":"https:\/\/i0.wp.com\/aktialiiga.fi\/miehet\/wp-content\/uploads\/sites\/5\/2014\/11\/AIFK_timeout1415.jpg?fit=640%2C360&ssl=1","contentUrl":"https:\/\/i0.wp.com\/aktialiiga.fi\/miehet\/wp-content\/uploads\/sites\/5\/2014\/11\/AIFK_timeout1415.jpg?fit=640%2C360&ssl=1","width":640,"height":360},{"@type":"BreadcrumbList","@id":"https:\/\/aktialiiga.fi\/miehet\/2014-2015\/ennakot-2014-2015\/aifk-ja-atlas-vantaa-iskevat-yhteen-loppiaisena\/#breadcrumb","itemListElement":[{"@type":"ListItem","position":1,"name":"Etusivu","item":"https:\/\/aktialiiga.fi\/miehet\/"},{"@type":"ListItem","position":2,"name":"\u00c5IFK ja Atlas Vantaa iskev\u00e4t yhteen loppiaisena"}]},{"@type":"WebSite","@id":"https:\/\/aktialiiga.fi\/miehet\/#website","url":"https:\/\/aktialiiga.fi\/miehet\/","name":"K\u00e4sipallon miesten Aktialiiga","description":"Valtakunnan vauhdikkainta palloilua!","publisher":{"@id":"https:\/\/aktialiiga.fi\/miehet\/#organization"},"potentialAction":[{"@type":"SearchAction","target":{"@type":"EntryPoint","urlTemplate":"https:\/\/aktialiiga.fi\/miehet\/?s={search_term_string}"},"query-input":{"@type":"PropertyValueSpecification","valueRequired":true,"valueName":"search_term_string"}}],"inLanguage":"fi"},{"@type":"Organization","@id":"https:\/\/aktialiiga.fi\/miehet\/#organization","name":"K\u00e4sipallon miesten Aktialiiga","url":"https:\/\/aktialiiga.fi\/miehet\/","logo":{"@type":"ImageObject","inLanguage":"fi","@id":"https:\/\/aktialiiga.fi\/miehet\/#\/schema\/logo\/image\/","url":"https:\/\/i0.wp.com\/aktialiiga.fi\/miehet\/wp-content\/uploads\/sites\/5\/2024\/09\/Aktialiiga-Yoast-512.png?fit=512%2C512&ssl=1","contentUrl":"https:\/\/i0.wp.com\/aktialiiga.fi\/miehet\/wp-content\/uploads\/sites\/5\/2024\/09\/Aktialiiga-Yoast-512.png?fit=512%2C512&ssl=1","width":512,"height":512,"caption":"K\u00e4sipallon miesten Aktialiiga"},"image":{"@id":"https:\/\/aktialiiga.fi\/miehet\/#\/schema\/logo\/image\/"},"sameAs":["https:\/\/www.facebook.com\/finnhandball","https:\/\/x.com\/finnhandball","https:\/\/www.instagram.com\/handballfinland\/"]},{"@type":"Person","@id":"https:\/\/aktialiiga.fi\/miehet\/#\/schema\/person\/c14bf42f47041db74603c45afcb18d87","name":"tbrmedia","image":{"@type":"ImageObject","inLanguage":"fi","@id":"https:\/\/secure.gravatar.com\/avatar\/ee975fa091fe581d12b60debb3439022686618368a7c142044c56724d4666b16?s=96&d=mm&r=g","url":"https:\/\/secure.gravatar.com\/avatar\/ee975fa091fe581d12b60debb3439022686618368a7c142044c56724d4666b16?s=96&d=mm&r=g","contentUrl":"https:\/\/secure.gravatar.com\/avatar\/ee975fa091fe581d12b60debb3439022686618368a7c142044c56724d4666b16?s=96&d=mm&r=g","caption":"tbrmedia"}}]}},"jetpack_featured_media_url":"https:\/\/i0.wp.com\/aktialiiga.fi\/miehet\/wp-content\/uploads\/sites\/5\/2014\/11\/AIFK_timeout1415.jpg?fit=640%2C360&ssl=1","jetpack_sharing_enabled":true,"jetpack_shortlink":"https:\/\/wp.me\/pfTxOr-2pT","_links":{"self":[{"href":"https:\/\/aktialiiga.fi\/miehet\/wp-json\/wp\/v2\/posts\/9293","targetHints":{"allow":["GET"]}}],"collection":[{"href":"https:\/\/aktialiiga.fi\/miehet\/wp-json\/wp\/v2\/posts"}],"about":[{"href":"https:\/\/aktialiiga.fi\/miehet\/wp-json\/wp\/v2\/types\/post"}],"author":[{"embeddable":true,"href":"https:\/\/aktialiiga.fi\/miehet\/wp-json\/wp\/v2\/users\/13"}],"replies":[{"embeddable":true,"href":"https:\/\/aktialiiga.fi\/miehet\/wp-json\/wp\/v2\/comments?post=9293"}],"version-history":[{"count":0,"href":"https:\/\/aktialiiga.fi\/miehet\/wp-json\/wp\/v2\/posts\/9293\/revisions"}],"wp:featuredmedia":[{"embeddable":true,"href":"https:\/\/aktialiiga.fi\/miehet\/wp-json\/wp\/v2\/media\/9008"}],"wp:attachment":[{"href":"https:\/\/aktialiiga.fi\/miehet\/wp-json\/wp\/v2\/media?parent=9293"}],"wp:term":[{"taxonomy":"category","embeddable":true,"href":"https:\/\/aktialiiga.fi\/miehet\/wp-json\/wp\/v2\/categories?post=9293"},{"taxonomy":"post_tag","embeddable":true,"href":"https:\/\/aktialiiga.fi\/miehet\/wp-json\/wp\/v2\/tags?post=9293"}],"curies":[{"name":"wp","href":"https:\/\/api.w.org\/{rel}","templated":true}]}}