{"id":93006,"date":"2026-09-02T09:20:42","date_gmt":"2026-09-02T06:20:42","guid":{"rendered":"https:\/\/aktialiiga.fi\/miehet\/?p=93006"},"modified":"2026-09-01T21:24:38","modified_gmt":"2026-09-01T18:24:38","slug":"kohti-kautta-bk-46-11","status":"publish","type":"post","link":"https:\/\/aktialiiga.fi\/miehet\/2026-2027\/kohti-kautta\/kohti-kautta-bk-46-11\/","title":{"rendered":"Kohti kautta: BK-46"},"content":{"rendered":"<p>BK-46 teki paluun mestariksi viime kev\u00e4\u00e4n\u00e4 pelattuaan vakuuttavan kauden pudotuspelej\u00e4 my\u00f6ten. Nyt Karjaalla puhaltavat osin uudet tuulet.<\/p>\n<p>Mestarivalmentaja Andreas R\u00f6nnberg ilmoitti jo ennen viime kauden loppua j\u00e4tt\u00e4v\u00e4ns\u00e4 teht\u00e4v\u00e4ns\u00e4 ja edess\u00e4 oli lopulta siirto Norjaan. R\u00f6nnbergin j\u00e4lkeen tahtipuikkoon tarttui kokenut pelimies Jac Karlsson, jolla tuntumaa huippuk\u00e4sipalloon riitt\u00e4\u00e4, mutta v\u00e4hemm\u00e4n valmennuspuolelta.<\/p>\n<p>Karlsson toki tuntee BK:n joukkueen erinomaisesti ja on viime kaudet toiminut kent\u00e4ll\u00e4 tavallaan pelaavan valmentajan roolissa. Nyt edess\u00e4 on kuitenkin ensimm\u00e4inen kausi valmennusvastuussa ja tunnelma sen mukainen.<\/p>\n<p>&#8211; Tuntuu j\u00e4nnitt\u00e4v\u00e4lt\u00e4, kauden tavoitteesta emme ole viel\u00e4 puhuneet, Karlsson sanoo.<\/p>\n<p>Pelaajapuolella Norjaan siirtynyt Miska Henriksson on vaikeasti paikattava menetys, mutta Karlsson on tyytyv\u00e4inen saatuihin vahvistuksiin.<\/p>\n<p>&#8211; Pari vasenk\u00e4tist\u00e4 pelaajaa on tullut ja sen my\u00f6t\u00e4 hy\u00f6kk\u00e4yspelaamisemme tulee hiukan monipuolisemmaksi.<\/p>\n<p>Kes\u00e4 on Karjaalla sujunut Karlssonin mukaan kaikin puolin hyvin ja joukkue on p\u00e4\u00e4ssyt harjoittelemaan suunnitellun mukaisesti.<\/p>\n<p>&#8211; Tunnelma joukkueessa on hyv\u00e4. Kes\u00e4n harjoittelussa olemme keskittyneet puolustukseen, vastaiskuihin ja hy\u00f6kk\u00e4ykseen. Tavoitteemme on alkavalla kaudella pelata nopeaa peli\u00e4, Karlsson kertoo.<\/p>\n<p>Vaikka Karlsson pit\u00e4\u00e4 viel\u00e4 kynttil\u00e4n vakan alla tavoitteiden suhteen, niin viidest\u00e4 edellisest\u00e4 mestaruudesta nelj\u00e4 nimiins\u00e4 vienyt karjaalaisryhm\u00e4 on ennakkoveikkailuissa j\u00e4lleen se joukkue, joka pit\u00e4\u00e4 pysty\u00e4 ly\u00f6m\u00e4\u00e4n voidakseen taistella mestaruudesta.<\/p>\n<p>Aktialiigan ottelum\u00e4\u00e4r\u00e4n v\u00e4hentyminen viime kaudesta on jakanut mielipiteit\u00e4, mutta Karlsson l\u00f6yt\u00e4\u00e4 asiasta ainakin yhden positiivisen puolen.<\/p>\n<p>&#8211; Ehk\u00e4 se tarkoittaa enemm\u00e4n yleis\u00f6\u00e4 otteluihin, Karlsson miettii.<\/p>\n<p><strong>BK-46<\/strong><br \/>\nKaudella 2025-26: kultaa<br \/>\nRunkosarjassa ykk\u00f6nen. Voitti v\u00e4lieriss\u00e4 GrIFK:n otteluvoitoin 3-0. Voitti finaaleissa HIFK:n otteluvoitoin 3-0.<\/p>\n<p><a href=\"https:\/\/aktialiiga.fi\/miehet\/joukkueet-2026-27\/bk-46-karjaa\/\">BK-46:n joukkuesivu &gt;&gt;<\/a><\/p>\n","protected":false},"excerpt":{"rendered":"<p>BK-46 teki paluun mestariksi viime kev\u00e4\u00e4n\u00e4 pelattuaan vakuuttavan kauden pudotuspelej\u00e4 my\u00f6ten. Nyt Karjaalla puhaltavat osin uudet tuulet. Mestarivalmentaja Andreas R\u00f6nnberg ilmoitti jo ennen viime kauden loppua j\u00e4tt\u00e4v\u00e4ns\u00e4 teht\u00e4v\u00e4ns\u00e4 ja edess\u00e4 oli lopulta siirto Norjaan. R\u00f6nnbergin j\u00e4lkeen tahtipuikkoon tarttui kokenut pelimies Jac Karlsson, jolla tuntumaa huippuk\u00e4sipalloon riitt\u00e4\u00e4, mutta v\u00e4hemm\u00e4n valmennuspuolelta. Karlsson toki tuntee BK:n joukkueen erinomaisesti [&hellip;]<\/p>\n","protected":false},"author":13,"featured_media":70129,"comment_status":"closed","ping_status":"closed","sticky":false,"template":"","format":"standard","meta":{"_acf_changed":false,"_jetpack_newsletter_access":"","_jetpack_dont_email_post_to_subs":false,"_jetpack_newsletter_tier_id":0,"_jetpack_memberships_contains_paywalled_content":false,"_jetpack_feature_clip_id":0,"_jetpack_memberships_contains_paid_content":false,"footnotes":"","jetpack_post_was_ever_published":false},"categories":[396],"tags":[56],"class_list":["post-93006","post","type-post","status-publish","format-standard","has-post-thumbnail","hentry","category-kohti-kautta","tag-bk-46"],"acf":[],"yoast_head":"<!-- This site is optimized with the Yoast SEO plugin v28.4 - https:\/\/yoast.com\/product\/yoast-seo-wordpress\/ -->\n<title>Kohti kautta: BK-46 | K\u00e4sipallon miesten Aktialiiga<\/title>\n<meta name=\"robots\" content=\"index, follow, max-snippet:-1, max-image-preview:large, max-video-preview:-1\" \/>\n<link rel=\"canonical\" href=\"https:\/\/aktialiiga.fi\/miehet\/2026-2027\/kohti-kautta\/kohti-kautta-bk-46-11\/\" \/>\n<meta property=\"og:locale\" content=\"fi_FI\" \/>\n<meta property=\"og:type\" content=\"article\" \/>\n<meta property=\"og:title\" content=\"Kohti kautta: BK-46 | K\u00e4sipallon miesten Aktialiiga\" \/>\n<meta property=\"og:description\" content=\"BK-46 teki paluun mestariksi viime kev\u00e4\u00e4n\u00e4 pelattuaan vakuuttavan kauden pudotuspelej\u00e4 my\u00f6ten. Nyt Karjaalla puhaltavat osin uudet tuulet. Mestarivalmentaja Andreas R\u00f6nnberg ilmoitti jo ennen viime kauden loppua j\u00e4tt\u00e4v\u00e4ns\u00e4 teht\u00e4v\u00e4ns\u00e4 ja edess\u00e4 oli lopulta siirto Norjaan. R\u00f6nnbergin j\u00e4lkeen tahtipuikkoon tarttui kokenut pelimies Jac Karlsson, jolla tuntumaa huippuk\u00e4sipalloon riitt\u00e4\u00e4, mutta v\u00e4hemm\u00e4n valmennuspuolelta. Karlsson toki tuntee BK:n joukkueen erinomaisesti [&hellip;]\" \/>\n<meta property=\"og:url\" content=\"https:\/\/aktialiiga.fi\/miehet\/2026-2027\/kohti-kautta\/kohti-kautta-bk-46-11\/\" \/>\n<meta property=\"og:site_name\" content=\"K\u00e4sipallon miesten Aktialiiga\" \/>\n<meta property=\"article:publisher\" content=\"https:\/\/www.facebook.com\/finnhandball\" \/>\n<meta property=\"article:published_time\" content=\"2026-09-02T06:20:42+00:00\" \/>\n<meta property=\"og:image\" content=\"https:\/\/aktialiiga.fi\/miehet\/wp-content\/uploads\/sites\/5\/2026\/05\/A7308197-1030x687.jpg\" \/>\n\t<meta property=\"og:image:width\" content=\"1030\" \/>\n\t<meta property=\"og:image:height\" content=\"687\" \/>\n\t<meta property=\"og:image:type\" content=\"image\/jpeg\" \/>\n<meta name=\"author\" content=\"tbrmedia\" \/>\n<meta name=\"twitter:card\" content=\"summary_large_image\" \/>\n<meta name=\"twitter:creator\" content=\"@finnhandball\" \/>\n<meta name=\"twitter:site\" content=\"@finnhandball\" \/>\n<script type=\"application\/ld+json\" class=\"yoast-schema-graph\">{\"@context\":\"https:\\\/\\\/schema.org\",\"@graph\":[{\"@type\":\"Article\",\"@id\":\"https:\\\/\\\/aktialiiga.fi\\\/miehet\\\/2026-2027\\\/kohti-kautta\\\/kohti-kautta-bk-46-11\\\/#article\",\"isPartOf\":{\"@id\":\"https:\\\/\\\/aktialiiga.fi\\\/miehet\\\/2026-2027\\\/kohti-kautta\\\/kohti-kautta-bk-46-11\\\/\"},\"author\":{\"name\":\"tbrmedia\",\"@id\":\"https:\\\/\\\/aktialiiga.fi\\\/miehet\\\/#\\\/schema\\\/person\\\/c14bf42f47041db74603c45afcb18d87\"},\"headline\":\"Kohti kautta: BK-46\",\"datePublished\":\"2026-09-02T06:20:42+00:00\",\"mainEntityOfPage\":{\"@id\":\"https:\\\/\\\/aktialiiga.fi\\\/miehet\\\/2026-2027\\\/kohti-kautta\\\/kohti-kautta-bk-46-11\\\/\"},\"wordCount\":272,\"publisher\":{\"@id\":\"https:\\\/\\\/aktialiiga.fi\\\/miehet\\\/#organization\"},\"image\":{\"@id\":\"https:\\\/\\\/aktialiiga.fi\\\/miehet\\\/2026-2027\\\/kohti-kautta\\\/kohti-kautta-bk-46-11\\\/#primaryimage\"},\"thumbnailUrl\":\"https:\\\/\\\/i0.wp.com\\\/aktialiiga.fi\\\/miehet\\\/wp-content\\\/uploads\\\/sites\\\/5\\\/2026\\\/05\\\/A7308197.jpg?fit=5571%2C3714&ssl=1\",\"keywords\":[\"BK-46\"],\"articleSection\":[\"Kohti kautta\"],\"inLanguage\":\"fi\"},{\"@type\":\"WebPage\",\"@id\":\"https:\\\/\\\/aktialiiga.fi\\\/miehet\\\/2026-2027\\\/kohti-kautta\\\/kohti-kautta-bk-46-11\\\/\",\"url\":\"https:\\\/\\\/aktialiiga.fi\\\/miehet\\\/2026-2027\\\/kohti-kautta\\\/kohti-kautta-bk-46-11\\\/\",\"name\":\"Kohti kautta: BK-46 | K\u00e4sipallon miesten Aktialiiga\",\"isPartOf\":{\"@id\":\"https:\\\/\\\/aktialiiga.fi\\\/miehet\\\/#website\"},\"primaryImageOfPage\":{\"@id\":\"https:\\\/\\\/aktialiiga.fi\\\/miehet\\\/2026-2027\\\/kohti-kautta\\\/kohti-kautta-bk-46-11\\\/#primaryimage\"},\"image\":{\"@id\":\"https:\\\/\\\/aktialiiga.fi\\\/miehet\\\/2026-2027\\\/kohti-kautta\\\/kohti-kautta-bk-46-11\\\/#primaryimage\"},\"thumbnailUrl\":\"https:\\\/\\\/i0.wp.com\\\/aktialiiga.fi\\\/miehet\\\/wp-content\\\/uploads\\\/sites\\\/5\\\/2026\\\/05\\\/A7308197.jpg?fit=5571%2C3714&ssl=1\",\"datePublished\":\"2026-09-02T06:20:42+00:00\",\"breadcrumb\":{\"@id\":\"https:\\\/\\\/aktialiiga.fi\\\/miehet\\\/2026-2027\\\/kohti-kautta\\\/kohti-kautta-bk-46-11\\\/#breadcrumb\"},\"inLanguage\":\"fi\",\"potentialAction\":[{\"@type\":\"ReadAction\",\"target\":[\"https:\\\/\\\/aktialiiga.fi\\\/miehet\\\/2026-2027\\\/kohti-kautta\\\/kohti-kautta-bk-46-11\\\/\"]}]},{\"@type\":\"ImageObject\",\"inLanguage\":\"fi\",\"@id\":\"https:\\\/\\\/aktialiiga.fi\\\/miehet\\\/2026-2027\\\/kohti-kautta\\\/kohti-kautta-bk-46-11\\\/#primaryimage\",\"url\":\"https:\\\/\\\/i0.wp.com\\\/aktialiiga.fi\\\/miehet\\\/wp-content\\\/uploads\\\/sites\\\/5\\\/2026\\\/05\\\/A7308197.jpg?fit=5571%2C3714&ssl=1\",\"contentUrl\":\"https:\\\/\\\/i0.wp.com\\\/aktialiiga.fi\\\/miehet\\\/wp-content\\\/uploads\\\/sites\\\/5\\\/2026\\\/05\\\/A7308197.jpg?fit=5571%2C3714&ssl=1\",\"width\":5571,\"height\":3714},{\"@type\":\"BreadcrumbList\",\"@id\":\"https:\\\/\\\/aktialiiga.fi\\\/miehet\\\/2026-2027\\\/kohti-kautta\\\/kohti-kautta-bk-46-11\\\/#breadcrumb\",\"itemListElement\":[{\"@type\":\"ListItem\",\"position\":1,\"name\":\"Etusivu\",\"item\":\"https:\\\/\\\/aktialiiga.fi\\\/miehet\\\/etusivu-260806\\\/\"},{\"@type\":\"ListItem\",\"position\":2,\"name\":\"Kohti kautta: BK-46\"}]},{\"@type\":\"WebSite\",\"@id\":\"https:\\\/\\\/aktialiiga.fi\\\/miehet\\\/#website\",\"url\":\"https:\\\/\\\/aktialiiga.fi\\\/miehet\\\/\",\"name\":\"K\u00e4sipallon miesten Aktialiiga\",\"description\":\"Valtakunnan vauhdikkainta palloilua!\",\"publisher\":{\"@id\":\"https:\\\/\\\/aktialiiga.fi\\\/miehet\\\/#organization\"},\"potentialAction\":[{\"@type\":\"SearchAction\",\"target\":{\"@type\":\"EntryPoint\",\"urlTemplate\":\"https:\\\/\\\/aktialiiga.fi\\\/miehet\\\/?s={search_term_string}\"},\"query-input\":{\"@type\":\"PropertyValueSpecification\",\"valueRequired\":true,\"valueName\":\"search_term_string\"}}],\"inLanguage\":\"fi\"},{\"@type\":\"Organization\",\"@id\":\"https:\\\/\\\/aktialiiga.fi\\\/miehet\\\/#organization\",\"name\":\"K\u00e4sipallon miesten Aktialiiga\",\"url\":\"https:\\\/\\\/aktialiiga.fi\\\/miehet\\\/\",\"logo\":{\"@type\":\"ImageObject\",\"inLanguage\":\"fi\",\"@id\":\"https:\\\/\\\/aktialiiga.fi\\\/miehet\\\/#\\\/schema\\\/logo\\\/image\\\/\",\"url\":\"https:\\\/\\\/i0.wp.com\\\/aktialiiga.fi\\\/miehet\\\/wp-content\\\/uploads\\\/sites\\\/5\\\/2024\\\/09\\\/Aktialiiga-Yoast-512.png?fit=512%2C512&ssl=1\",\"contentUrl\":\"https:\\\/\\\/i0.wp.com\\\/aktialiiga.fi\\\/miehet\\\/wp-content\\\/uploads\\\/sites\\\/5\\\/2024\\\/09\\\/Aktialiiga-Yoast-512.png?fit=512%2C512&ssl=1\",\"width\":512,\"height\":512,\"caption\":\"K\u00e4sipallon miesten Aktialiiga\"},\"image\":{\"@id\":\"https:\\\/\\\/aktialiiga.fi\\\/miehet\\\/#\\\/schema\\\/logo\\\/image\\\/\"},\"sameAs\":[\"https:\\\/\\\/www.facebook.com\\\/finnhandball\",\"https:\\\/\\\/x.com\\\/finnhandball\",\"https:\\\/\\\/www.instagram.com\\\/handballfinland\\\/\"]},{\"@type\":\"Person\",\"@id\":\"https:\\\/\\\/aktialiiga.fi\\\/miehet\\\/#\\\/schema\\\/person\\\/c14bf42f47041db74603c45afcb18d87\",\"name\":\"tbrmedia\",\"image\":{\"@type\":\"ImageObject\",\"inLanguage\":\"fi\",\"@id\":\"https:\\\/\\\/secure.gravatar.com\\\/avatar\\\/ee975fa091fe581d12b60debb3439022686618368a7c142044c56724d4666b16?s=96&d=mm&r=g\",\"url\":\"https:\\\/\\\/secure.gravatar.com\\\/avatar\\\/ee975fa091fe581d12b60debb3439022686618368a7c142044c56724d4666b16?s=96&d=mm&r=g\",\"contentUrl\":\"https:\\\/\\\/secure.gravatar.com\\\/avatar\\\/ee975fa091fe581d12b60debb3439022686618368a7c142044c56724d4666b16?s=96&d=mm&r=g\",\"caption\":\"tbrmedia\"}}]}<\/script>\n<!-- \/ Yoast SEO plugin. -->","yoast_head_json":{"title":"Kohti kautta: BK-46 | K\u00e4sipallon miesten Aktialiiga","robots":{"index":"index","follow":"follow","max-snippet":"max-snippet:-1","max-image-preview":"max-image-preview:large","max-video-preview":"max-video-preview:-1"},"canonical":"https:\/\/aktialiiga.fi\/miehet\/2026-2027\/kohti-kautta\/kohti-kautta-bk-46-11\/","og_locale":"fi_FI","og_type":"article","og_title":"Kohti kautta: BK-46 | K\u00e4sipallon miesten Aktialiiga","og_description":"BK-46 teki paluun mestariksi viime kev\u00e4\u00e4n\u00e4 pelattuaan vakuuttavan kauden pudotuspelej\u00e4 my\u00f6ten. Nyt Karjaalla puhaltavat osin uudet tuulet. Mestarivalmentaja Andreas R\u00f6nnberg ilmoitti jo ennen viime kauden loppua j\u00e4tt\u00e4v\u00e4ns\u00e4 teht\u00e4v\u00e4ns\u00e4 ja edess\u00e4 oli lopulta siirto Norjaan. R\u00f6nnbergin j\u00e4lkeen tahtipuikkoon tarttui kokenut pelimies Jac Karlsson, jolla tuntumaa huippuk\u00e4sipalloon riitt\u00e4\u00e4, mutta v\u00e4hemm\u00e4n valmennuspuolelta. Karlsson toki tuntee BK:n joukkueen erinomaisesti [&hellip;]","og_url":"https:\/\/aktialiiga.fi\/miehet\/2026-2027\/kohti-kautta\/kohti-kautta-bk-46-11\/","og_site_name":"K\u00e4sipallon miesten Aktialiiga","article_publisher":"https:\/\/www.facebook.com\/finnhandball","article_published_time":"2026-09-02T06:20:42+00:00","og_image":[{"width":1030,"height":687,"url":"https:\/\/aktialiiga.fi\/miehet\/wp-content\/uploads\/sites\/5\/2026\/05\/A7308197-1030x687.jpg","type":"image\/jpeg"}],"author":"tbrmedia","twitter_card":"summary_large_image","twitter_creator":"@finnhandball","twitter_site":"@finnhandball","schema":{"@context":"https:\/\/schema.org","@graph":[{"@type":"Article","@id":"https:\/\/aktialiiga.fi\/miehet\/2026-2027\/kohti-kautta\/kohti-kautta-bk-46-11\/#article","isPartOf":{"@id":"https:\/\/aktialiiga.fi\/miehet\/2026-2027\/kohti-kautta\/kohti-kautta-bk-46-11\/"},"author":{"name":"tbrmedia","@id":"https:\/\/aktialiiga.fi\/miehet\/#\/schema\/person\/c14bf42f47041db74603c45afcb18d87"},"headline":"Kohti kautta: BK-46","datePublished":"2026-09-02T06:20:42+00:00","mainEntityOfPage":{"@id":"https:\/\/aktialiiga.fi\/miehet\/2026-2027\/kohti-kautta\/kohti-kautta-bk-46-11\/"},"wordCount":272,"publisher":{"@id":"https:\/\/aktialiiga.fi\/miehet\/#organization"},"image":{"@id":"https:\/\/aktialiiga.fi\/miehet\/2026-2027\/kohti-kautta\/kohti-kautta-bk-46-11\/#primaryimage"},"thumbnailUrl":"https:\/\/i0.wp.com\/aktialiiga.fi\/miehet\/wp-content\/uploads\/sites\/5\/2026\/05\/A7308197.jpg?fit=5571%2C3714&ssl=1","keywords":["BK-46"],"articleSection":["Kohti kautta"],"inLanguage":"fi"},{"@type":"WebPage","@id":"https:\/\/aktialiiga.fi\/miehet\/2026-2027\/kohti-kautta\/kohti-kautta-bk-46-11\/","url":"https:\/\/aktialiiga.fi\/miehet\/2026-2027\/kohti-kautta\/kohti-kautta-bk-46-11\/","name":"Kohti kautta: BK-46 | K\u00e4sipallon miesten Aktialiiga","isPartOf":{"@id":"https:\/\/aktialiiga.fi\/miehet\/#website"},"primaryImageOfPage":{"@id":"https:\/\/aktialiiga.fi\/miehet\/2026-2027\/kohti-kautta\/kohti-kautta-bk-46-11\/#primaryimage"},"image":{"@id":"https:\/\/aktialiiga.fi\/miehet\/2026-2027\/kohti-kautta\/kohti-kautta-bk-46-11\/#primaryimage"},"thumbnailUrl":"https:\/\/i0.wp.com\/aktialiiga.fi\/miehet\/wp-content\/uploads\/sites\/5\/2026\/05\/A7308197.jpg?fit=5571%2C3714&ssl=1","datePublished":"2026-09-02T06:20:42+00:00","breadcrumb":{"@id":"https:\/\/aktialiiga.fi\/miehet\/2026-2027\/kohti-kautta\/kohti-kautta-bk-46-11\/#breadcrumb"},"inLanguage":"fi","potentialAction":[{"@type":"ReadAction","target":["https:\/\/aktialiiga.fi\/miehet\/2026-2027\/kohti-kautta\/kohti-kautta-bk-46-11\/"]}]},{"@type":"ImageObject","inLanguage":"fi","@id":"https:\/\/aktialiiga.fi\/miehet\/2026-2027\/kohti-kautta\/kohti-kautta-bk-46-11\/#primaryimage","url":"https:\/\/i0.wp.com\/aktialiiga.fi\/miehet\/wp-content\/uploads\/sites\/5\/2026\/05\/A7308197.jpg?fit=5571%2C3714&ssl=1","contentUrl":"https:\/\/i0.wp.com\/aktialiiga.fi\/miehet\/wp-content\/uploads\/sites\/5\/2026\/05\/A7308197.jpg?fit=5571%2C3714&ssl=1","width":5571,"height":3714},{"@type":"BreadcrumbList","@id":"https:\/\/aktialiiga.fi\/miehet\/2026-2027\/kohti-kautta\/kohti-kautta-bk-46-11\/#breadcrumb","itemListElement":[{"@type":"ListItem","position":1,"name":"Etusivu","item":"https:\/\/aktialiiga.fi\/miehet\/etusivu-260806\/"},{"@type":"ListItem","position":2,"name":"Kohti kautta: BK-46"}]},{"@type":"WebSite","@id":"https:\/\/aktialiiga.fi\/miehet\/#website","url":"https:\/\/aktialiiga.fi\/miehet\/","name":"K\u00e4sipallon miesten Aktialiiga","description":"Valtakunnan vauhdikkainta palloilua!","publisher":{"@id":"https:\/\/aktialiiga.fi\/miehet\/#organization"},"potentialAction":[{"@type":"SearchAction","target":{"@type":"EntryPoint","urlTemplate":"https:\/\/aktialiiga.fi\/miehet\/?s={search_term_string}"},"query-input":{"@type":"PropertyValueSpecification","valueRequired":true,"valueName":"search_term_string"}}],"inLanguage":"fi"},{"@type":"Organization","@id":"https:\/\/aktialiiga.fi\/miehet\/#organization","name":"K\u00e4sipallon miesten Aktialiiga","url":"https:\/\/aktialiiga.fi\/miehet\/","logo":{"@type":"ImageObject","inLanguage":"fi","@id":"https:\/\/aktialiiga.fi\/miehet\/#\/schema\/logo\/image\/","url":"https:\/\/i0.wp.com\/aktialiiga.fi\/miehet\/wp-content\/uploads\/sites\/5\/2024\/09\/Aktialiiga-Yoast-512.png?fit=512%2C512&ssl=1","contentUrl":"https:\/\/i0.wp.com\/aktialiiga.fi\/miehet\/wp-content\/uploads\/sites\/5\/2024\/09\/Aktialiiga-Yoast-512.png?fit=512%2C512&ssl=1","width":512,"height":512,"caption":"K\u00e4sipallon miesten Aktialiiga"},"image":{"@id":"https:\/\/aktialiiga.fi\/miehet\/#\/schema\/logo\/image\/"},"sameAs":["https:\/\/www.facebook.com\/finnhandball","https:\/\/x.com\/finnhandball","https:\/\/www.instagram.com\/handballfinland\/"]},{"@type":"Person","@id":"https:\/\/aktialiiga.fi\/miehet\/#\/schema\/person\/c14bf42f47041db74603c45afcb18d87","name":"tbrmedia","image":{"@type":"ImageObject","inLanguage":"fi","@id":"https:\/\/secure.gravatar.com\/avatar\/ee975fa091fe581d12b60debb3439022686618368a7c142044c56724d4666b16?s=96&d=mm&r=g","url":"https:\/\/secure.gravatar.com\/avatar\/ee975fa091fe581d12b60debb3439022686618368a7c142044c56724d4666b16?s=96&d=mm&r=g","contentUrl":"https:\/\/secure.gravatar.com\/avatar\/ee975fa091fe581d12b60debb3439022686618368a7c142044c56724d4666b16?s=96&d=mm&r=g","caption":"tbrmedia"}}]}},"jetpack_sharing_enabled":true,"jetpack_shortlink":"https:\/\/wp.me\/pfTxOr-oc6","jetpack_featured_media_url":"https:\/\/i0.wp.com\/aktialiiga.fi\/miehet\/wp-content\/uploads\/sites\/5\/2026\/05\/A7308197.jpg?fit=5571%2C3714&ssl=1","_links":{"self":[{"href":"https:\/\/aktialiiga.fi\/miehet\/wp-json\/wp\/v2\/posts\/93006","targetHints":{"allow":["GET"]}}],"collection":[{"href":"https:\/\/aktialiiga.fi\/miehet\/wp-json\/wp\/v2\/posts"}],"about":[{"href":"https:\/\/aktialiiga.fi\/miehet\/wp-json\/wp\/v2\/types\/post"}],"author":[{"embeddable":true,"href":"https:\/\/aktialiiga.fi\/miehet\/wp-json\/wp\/v2\/users\/13"}],"replies":[{"embeddable":true,"href":"https:\/\/aktialiiga.fi\/miehet\/wp-json\/wp\/v2\/comments?post=93006"}],"version-history":[{"count":2,"href":"https:\/\/aktialiiga.fi\/miehet\/wp-json\/wp\/v2\/posts\/93006\/revisions"}],"predecessor-version":[{"id":93008,"href":"https:\/\/aktialiiga.fi\/miehet\/wp-json\/wp\/v2\/posts\/93006\/revisions\/93008"}],"wp:featuredmedia":[{"embeddable":true,"href":"https:\/\/aktialiiga.fi\/miehet\/wp-json\/wp\/v2\/media\/70129"}],"wp:attachment":[{"href":"https:\/\/aktialiiga.fi\/miehet\/wp-json\/wp\/v2\/media?parent=93006"}],"wp:term":[{"taxonomy":"category","embeddable":true,"href":"https:\/\/aktialiiga.fi\/miehet\/wp-json\/wp\/v2\/categories?post=93006"},{"taxonomy":"post_tag","embeddable":true,"href":"https:\/\/aktialiiga.fi\/miehet\/wp-json\/wp\/v2\/tags?post=93006"}],"curies":[{"name":"wp","href":"https:\/\/api.w.org\/{rel}","templated":true}]}}