{"id":93860,"date":"2026-09-02T14:27:51","date_gmt":"2026-09-02T11:27:51","guid":{"rendered":"https:\/\/aktialiiga.fi\/miehet\/?p=93860"},"modified":"2026-09-02T14:27:51","modified_gmt":"2026-09-02T11:27:51","slug":"kohti-kautta-dicken-11","status":"publish","type":"post","link":"https:\/\/aktialiiga.fi\/miehet\/2026-2027\/kohti-kautta\/kohti-kautta-dicken-11\/","title":{"rendered":"Kohti kautta: Dicken"},"content":{"rendered":"<p>Viime kaudella runkosarjan edetess\u00e4 vahvasti otteitaan parantanut Dicken l\u00e4htee uuteen kauteen j\u00e4lleen paitsi viime kauden tapaan nuorella my\u00f6s uudistuneella joukkueella.<\/p>\n<p>Dickeniss\u00e4 tapahtui muutoksia pelaajistossa jo viime kauden aikana ja kev\u00e4\u00e4n j\u00e4lkeen seuran ovat j\u00e4tt\u00e4neet ulkomaan kentille siirtyneet Mikael M\u00e4kel\u00e4, Tristan Illman ja Oliver Ahlb\u00e4ck.<\/p>\n<p>&#8211; Isoja muutoksia on ollut joukkueessa. Ulkomaille l\u00e4htev\u00e4t pelaajat ovat tosin hyv\u00e4 signaali siit\u00e4, ett\u00e4 onnistumme tavoitteissa pelaajakehityksen saralla. Muutoin saa taas moni nuori ottaa vastuuta t\u00e4ll\u00e4 kaudella, Dickenin p\u00e4\u00e4valmentaja Ken Sirenius kertoo.<\/p>\n<p>Toki joukkueesta viel\u00e4 kokeneempiakin pelaajia l\u00f6ytyy muun muassa Max Granlundin, Gusten Montosen, Rui Rolon ja Alex Vaahtorannan muodossa.<\/p>\n<p>Viidett\u00e4 kauttaan Dickenin per\u00e4simess\u00e4 oleva Sirenius l\u00e4htee valtaosin nuoren ryhm\u00e4ns\u00e4 kanssa uuteen kauteen positiivisin mielin ja paitsi menestym\u00e4\u00e4n my\u00f6s kehitt\u00e4m\u00e4\u00e4n pelaajia.<\/p>\n<p>&#8211; L\u00e4hdemme hyvin mielin ja tavoitteet rakentuvat seuran strategian mukaisesti pelaajakehityksen ja kilpailun ymp\u00e4rille.<\/p>\n<p>Dicken on ennakkoarviossa j\u00e4lleen haastajan asemassa. Sirenius uskoo kuitenkin joukkueen ammentavan voimia nuoruuden innosta.<\/p>\n<p>&#8211; Pelaajilla on n\u00e4lk\u00e4\u00e4 kilpailla ja rohkeutta ottaa tulevat kovat haasteet vastaan, Sirenius kuvaa.<\/p>\n<p>&#8211; Kauteen valmistauduttaessa keskeisi\u00e4 asioita, joihin olemme paneutuneet, ovat pelin tempo ja maalinteon tehokkuus. Tavoitteena on olla nopea ja n\u00e4lk\u00e4inen joukkue.<\/p>\n<p>Runkosarjan otteluohjelma on hiukan aiempia kausia v\u00e4ljempi ja Dickenille t\u00e4m\u00e4 sopii nimenomaan pelaajakehityksen n\u00e4k\u00f6kulmasta Sireniuksen mukaan mainiosti.<\/p>\n<p>&#8211; Luulen ett\u00e4 sill\u00e4 on hyv\u00e4 vaikutus. Saamme enemm\u00e4n kokonaisia treeniviikkoja ja mahdollisuuden lis\u00e4t\u00e4 fysiikkaharjoittelua, Sirenius miettii.<\/p>\n<p><strong>Dicken<\/strong><br \/>\nKaudella 2025-26: viides<br \/>\nRunkosarjassa viides. H\u00e4visi puoliv\u00e4lieriss\u00e4 GrIFK:lle otteluvoitoin 0-2.<\/p>\n<p><a href=\"https:\/\/aktialiiga.fi\/miehet\/joukkueet-2026-27\/dicken-helsinki\/\">Dickenin joukkuesivu &gt;&gt;<\/a><\/p>\n","protected":false},"excerpt":{"rendered":"<p>Viime kaudella runkosarjan edetess\u00e4 vahvasti otteitaan parantanut Dicken l\u00e4htee uuteen kauteen j\u00e4lleen paitsi viime kauden tapaan nuorella my\u00f6s uudistuneella joukkueella. Dickeniss\u00e4 tapahtui muutoksia pelaajistossa jo viime kauden aikana ja kev\u00e4\u00e4n j\u00e4lkeen seuran ovat j\u00e4tt\u00e4neet ulkomaan kentille siirtyneet Mikael M\u00e4kel\u00e4, Tristan Illman ja Oliver Ahlb\u00e4ck. &#8211; Isoja muutoksia on ollut joukkueessa. Ulkomaille l\u00e4htev\u00e4t pelaajat ovat tosin [&hellip;]<\/p>\n","protected":false},"author":13,"featured_media":66202,"comment_status":"closed","ping_status":"closed","sticky":false,"template":"","format":"standard","meta":{"_acf_changed":false,"_jetpack_newsletter_access":"","_jetpack_dont_email_post_to_subs":false,"_jetpack_newsletter_tier_id":0,"_jetpack_memberships_contains_paywalled_content":false,"_jetpack_feature_clip_id":0,"_jetpack_memberships_contains_paid_content":false,"footnotes":"","jetpack_post_was_ever_published":false},"categories":[396],"tags":[58],"class_list":["post-93860","post","type-post","status-publish","format-standard","has-post-thumbnail","hentry","category-kohti-kautta","tag-dicken"],"acf":[],"yoast_head":"<!-- This site is optimized with the Yoast SEO plugin v28.4 - https:\/\/yoast.com\/product\/yoast-seo-wordpress\/ -->\n<title>Kohti kautta: Dicken | K\u00e4sipallon miesten Aktialiiga<\/title>\n<meta name=\"robots\" content=\"index, follow, max-snippet:-1, max-image-preview:large, max-video-preview:-1\" \/>\n<link rel=\"canonical\" href=\"https:\/\/aktialiiga.fi\/miehet\/2026-2027\/kohti-kautta\/kohti-kautta-dicken-11\/\" \/>\n<meta property=\"og:locale\" content=\"fi_FI\" \/>\n<meta property=\"og:type\" content=\"article\" \/>\n<meta property=\"og:title\" content=\"Kohti kautta: Dicken | K\u00e4sipallon miesten Aktialiiga\" \/>\n<meta property=\"og:description\" content=\"Viime kaudella runkosarjan edetess\u00e4 vahvasti otteitaan parantanut Dicken l\u00e4htee uuteen kauteen j\u00e4lleen paitsi viime kauden tapaan nuorella my\u00f6s uudistuneella joukkueella. Dickeniss\u00e4 tapahtui muutoksia pelaajistossa jo viime kauden aikana ja kev\u00e4\u00e4n j\u00e4lkeen seuran ovat j\u00e4tt\u00e4neet ulkomaan kentille siirtyneet Mikael M\u00e4kel\u00e4, Tristan Illman ja Oliver Ahlb\u00e4ck. &#8211; Isoja muutoksia on ollut joukkueessa. Ulkomaille l\u00e4htev\u00e4t pelaajat ovat tosin [&hellip;]\" \/>\n<meta property=\"og:url\" content=\"https:\/\/aktialiiga.fi\/miehet\/2026-2027\/kohti-kautta\/kohti-kautta-dicken-11\/\" \/>\n<meta property=\"og:site_name\" content=\"K\u00e4sipallon miesten Aktialiiga\" \/>\n<meta property=\"article:publisher\" content=\"https:\/\/www.facebook.com\/finnhandball\" \/>\n<meta property=\"article:published_time\" content=\"2026-09-02T11:27:51+00:00\" \/>\n<meta property=\"og:image\" content=\"https:\/\/aktialiiga.fi\/miehet\/wp-content\/uploads\/sites\/5\/2025\/09\/A7306797-e1769708660877.jpg\" \/>\n\t<meta property=\"og:image:width\" content=\"2922\" \/>\n\t<meta property=\"og:image:height\" content=\"1636\" \/>\n\t<meta property=\"og:image:type\" content=\"image\/jpeg\" \/>\n<meta name=\"author\" content=\"tbrmedia\" \/>\n<meta name=\"twitter:card\" content=\"summary_large_image\" \/>\n<meta name=\"twitter:creator\" content=\"@finnhandball\" \/>\n<meta name=\"twitter:site\" content=\"@finnhandball\" \/>\n<script type=\"application\/ld+json\" class=\"yoast-schema-graph\">{\"@context\":\"https:\\\/\\\/schema.org\",\"@graph\":[{\"@type\":\"Article\",\"@id\":\"https:\\\/\\\/aktialiiga.fi\\\/miehet\\\/2026-2027\\\/kohti-kautta\\\/kohti-kautta-dicken-11\\\/#article\",\"isPartOf\":{\"@id\":\"https:\\\/\\\/aktialiiga.fi\\\/miehet\\\/2026-2027\\\/kohti-kautta\\\/kohti-kautta-dicken-11\\\/\"},\"author\":{\"name\":\"tbrmedia\",\"@id\":\"https:\\\/\\\/aktialiiga.fi\\\/miehet\\\/#\\\/schema\\\/person\\\/c14bf42f47041db74603c45afcb18d87\"},\"headline\":\"Kohti kautta: Dicken\",\"datePublished\":\"2026-09-02T11:27:51+00:00\",\"mainEntityOfPage\":{\"@id\":\"https:\\\/\\\/aktialiiga.fi\\\/miehet\\\/2026-2027\\\/kohti-kautta\\\/kohti-kautta-dicken-11\\\/\"},\"wordCount\":267,\"publisher\":{\"@id\":\"https:\\\/\\\/aktialiiga.fi\\\/miehet\\\/#organization\"},\"image\":{\"@id\":\"https:\\\/\\\/aktialiiga.fi\\\/miehet\\\/2026-2027\\\/kohti-kautta\\\/kohti-kautta-dicken-11\\\/#primaryimage\"},\"thumbnailUrl\":\"https:\\\/\\\/i0.wp.com\\\/aktialiiga.fi\\\/miehet\\\/wp-content\\\/uploads\\\/sites\\\/5\\\/2025\\\/09\\\/A7306797-e1769708660877.jpg?fit=2922%2C1636&ssl=1\",\"keywords\":[\"Dicken\"],\"articleSection\":[\"Kohti kautta\"],\"inLanguage\":\"fi\"},{\"@type\":\"WebPage\",\"@id\":\"https:\\\/\\\/aktialiiga.fi\\\/miehet\\\/2026-2027\\\/kohti-kautta\\\/kohti-kautta-dicken-11\\\/\",\"url\":\"https:\\\/\\\/aktialiiga.fi\\\/miehet\\\/2026-2027\\\/kohti-kautta\\\/kohti-kautta-dicken-11\\\/\",\"name\":\"Kohti kautta: Dicken | K\u00e4sipallon miesten Aktialiiga\",\"isPartOf\":{\"@id\":\"https:\\\/\\\/aktialiiga.fi\\\/miehet\\\/#website\"},\"primaryImageOfPage\":{\"@id\":\"https:\\\/\\\/aktialiiga.fi\\\/miehet\\\/2026-2027\\\/kohti-kautta\\\/kohti-kautta-dicken-11\\\/#primaryimage\"},\"image\":{\"@id\":\"https:\\\/\\\/aktialiiga.fi\\\/miehet\\\/2026-2027\\\/kohti-kautta\\\/kohti-kautta-dicken-11\\\/#primaryimage\"},\"thumbnailUrl\":\"https:\\\/\\\/i0.wp.com\\\/aktialiiga.fi\\\/miehet\\\/wp-content\\\/uploads\\\/sites\\\/5\\\/2025\\\/09\\\/A7306797-e1769708660877.jpg?fit=2922%2C1636&ssl=1\",\"datePublished\":\"2026-09-02T11:27:51+00:00\",\"breadcrumb\":{\"@id\":\"https:\\\/\\\/aktialiiga.fi\\\/miehet\\\/2026-2027\\\/kohti-kautta\\\/kohti-kautta-dicken-11\\\/#breadcrumb\"},\"inLanguage\":\"fi\",\"potentialAction\":[{\"@type\":\"ReadAction\",\"target\":[\"https:\\\/\\\/aktialiiga.fi\\\/miehet\\\/2026-2027\\\/kohti-kautta\\\/kohti-kautta-dicken-11\\\/\"]}]},{\"@type\":\"ImageObject\",\"inLanguage\":\"fi\",\"@id\":\"https:\\\/\\\/aktialiiga.fi\\\/miehet\\\/2026-2027\\\/kohti-kautta\\\/kohti-kautta-dicken-11\\\/#primaryimage\",\"url\":\"https:\\\/\\\/i0.wp.com\\\/aktialiiga.fi\\\/miehet\\\/wp-content\\\/uploads\\\/sites\\\/5\\\/2025\\\/09\\\/A7306797-e1769708660877.jpg?fit=2922%2C1636&ssl=1\",\"contentUrl\":\"https:\\\/\\\/i0.wp.com\\\/aktialiiga.fi\\\/miehet\\\/wp-content\\\/uploads\\\/sites\\\/5\\\/2025\\\/09\\\/A7306797-e1769708660877.jpg?fit=2922%2C1636&ssl=1\",\"width\":2922,\"height\":1636},{\"@type\":\"BreadcrumbList\",\"@id\":\"https:\\\/\\\/aktialiiga.fi\\\/miehet\\\/2026-2027\\\/kohti-kautta\\\/kohti-kautta-dicken-11\\\/#breadcrumb\",\"itemListElement\":[{\"@type\":\"ListItem\",\"position\":1,\"name\":\"Etusivu\",\"item\":\"https:\\\/\\\/aktialiiga.fi\\\/miehet\\\/etusivu-260806\\\/\"},{\"@type\":\"ListItem\",\"position\":2,\"name\":\"Kohti kautta: Dicken\"}]},{\"@type\":\"WebSite\",\"@id\":\"https:\\\/\\\/aktialiiga.fi\\\/miehet\\\/#website\",\"url\":\"https:\\\/\\\/aktialiiga.fi\\\/miehet\\\/\",\"name\":\"K\u00e4sipallon miesten Aktialiiga\",\"description\":\"Valtakunnan vauhdikkainta palloilua!\",\"publisher\":{\"@id\":\"https:\\\/\\\/aktialiiga.fi\\\/miehet\\\/#organization\"},\"potentialAction\":[{\"@type\":\"SearchAction\",\"target\":{\"@type\":\"EntryPoint\",\"urlTemplate\":\"https:\\\/\\\/aktialiiga.fi\\\/miehet\\\/?s={search_term_string}\"},\"query-input\":{\"@type\":\"PropertyValueSpecification\",\"valueRequired\":true,\"valueName\":\"search_term_string\"}}],\"inLanguage\":\"fi\"},{\"@type\":\"Organization\",\"@id\":\"https:\\\/\\\/aktialiiga.fi\\\/miehet\\\/#organization\",\"name\":\"K\u00e4sipallon miesten Aktialiiga\",\"url\":\"https:\\\/\\\/aktialiiga.fi\\\/miehet\\\/\",\"logo\":{\"@type\":\"ImageObject\",\"inLanguage\":\"fi\",\"@id\":\"https:\\\/\\\/aktialiiga.fi\\\/miehet\\\/#\\\/schema\\\/logo\\\/image\\\/\",\"url\":\"https:\\\/\\\/i0.wp.com\\\/aktialiiga.fi\\\/miehet\\\/wp-content\\\/uploads\\\/sites\\\/5\\\/2024\\\/09\\\/Aktialiiga-Yoast-512.png?fit=512%2C512&ssl=1\",\"contentUrl\":\"https:\\\/\\\/i0.wp.com\\\/aktialiiga.fi\\\/miehet\\\/wp-content\\\/uploads\\\/sites\\\/5\\\/2024\\\/09\\\/Aktialiiga-Yoast-512.png?fit=512%2C512&ssl=1\",\"width\":512,\"height\":512,\"caption\":\"K\u00e4sipallon miesten Aktialiiga\"},\"image\":{\"@id\":\"https:\\\/\\\/aktialiiga.fi\\\/miehet\\\/#\\\/schema\\\/logo\\\/image\\\/\"},\"sameAs\":[\"https:\\\/\\\/www.facebook.com\\\/finnhandball\",\"https:\\\/\\\/x.com\\\/finnhandball\",\"https:\\\/\\\/www.instagram.com\\\/handballfinland\\\/\"]},{\"@type\":\"Person\",\"@id\":\"https:\\\/\\\/aktialiiga.fi\\\/miehet\\\/#\\\/schema\\\/person\\\/c14bf42f47041db74603c45afcb18d87\",\"name\":\"tbrmedia\",\"image\":{\"@type\":\"ImageObject\",\"inLanguage\":\"fi\",\"@id\":\"https:\\\/\\\/secure.gravatar.com\\\/avatar\\\/ee975fa091fe581d12b60debb3439022686618368a7c142044c56724d4666b16?s=96&d=mm&r=g\",\"url\":\"https:\\\/\\\/secure.gravatar.com\\\/avatar\\\/ee975fa091fe581d12b60debb3439022686618368a7c142044c56724d4666b16?s=96&d=mm&r=g\",\"contentUrl\":\"https:\\\/\\\/secure.gravatar.com\\\/avatar\\\/ee975fa091fe581d12b60debb3439022686618368a7c142044c56724d4666b16?s=96&d=mm&r=g\",\"caption\":\"tbrmedia\"}}]}<\/script>\n<!-- \/ Yoast SEO plugin. -->","yoast_head_json":{"title":"Kohti kautta: Dicken | K\u00e4sipallon miesten Aktialiiga","robots":{"index":"index","follow":"follow","max-snippet":"max-snippet:-1","max-image-preview":"max-image-preview:large","max-video-preview":"max-video-preview:-1"},"canonical":"https:\/\/aktialiiga.fi\/miehet\/2026-2027\/kohti-kautta\/kohti-kautta-dicken-11\/","og_locale":"fi_FI","og_type":"article","og_title":"Kohti kautta: Dicken | K\u00e4sipallon miesten Aktialiiga","og_description":"Viime kaudella runkosarjan edetess\u00e4 vahvasti otteitaan parantanut Dicken l\u00e4htee uuteen kauteen j\u00e4lleen paitsi viime kauden tapaan nuorella my\u00f6s uudistuneella joukkueella. Dickeniss\u00e4 tapahtui muutoksia pelaajistossa jo viime kauden aikana ja kev\u00e4\u00e4n j\u00e4lkeen seuran ovat j\u00e4tt\u00e4neet ulkomaan kentille siirtyneet Mikael M\u00e4kel\u00e4, Tristan Illman ja Oliver Ahlb\u00e4ck. &#8211; Isoja muutoksia on ollut joukkueessa. Ulkomaille l\u00e4htev\u00e4t pelaajat ovat tosin [&hellip;]","og_url":"https:\/\/aktialiiga.fi\/miehet\/2026-2027\/kohti-kautta\/kohti-kautta-dicken-11\/","og_site_name":"K\u00e4sipallon miesten Aktialiiga","article_publisher":"https:\/\/www.facebook.com\/finnhandball","article_published_time":"2026-09-02T11:27:51+00:00","og_image":[{"width":2922,"height":1636,"url":"https:\/\/aktialiiga.fi\/miehet\/wp-content\/uploads\/sites\/5\/2025\/09\/A7306797-e1769708660877.jpg","type":"image\/jpeg"}],"author":"tbrmedia","twitter_card":"summary_large_image","twitter_creator":"@finnhandball","twitter_site":"@finnhandball","schema":{"@context":"https:\/\/schema.org","@graph":[{"@type":"Article","@id":"https:\/\/aktialiiga.fi\/miehet\/2026-2027\/kohti-kautta\/kohti-kautta-dicken-11\/#article","isPartOf":{"@id":"https:\/\/aktialiiga.fi\/miehet\/2026-2027\/kohti-kautta\/kohti-kautta-dicken-11\/"},"author":{"name":"tbrmedia","@id":"https:\/\/aktialiiga.fi\/miehet\/#\/schema\/person\/c14bf42f47041db74603c45afcb18d87"},"headline":"Kohti kautta: Dicken","datePublished":"2026-09-02T11:27:51+00:00","mainEntityOfPage":{"@id":"https:\/\/aktialiiga.fi\/miehet\/2026-2027\/kohti-kautta\/kohti-kautta-dicken-11\/"},"wordCount":267,"publisher":{"@id":"https:\/\/aktialiiga.fi\/miehet\/#organization"},"image":{"@id":"https:\/\/aktialiiga.fi\/miehet\/2026-2027\/kohti-kautta\/kohti-kautta-dicken-11\/#primaryimage"},"thumbnailUrl":"https:\/\/i0.wp.com\/aktialiiga.fi\/miehet\/wp-content\/uploads\/sites\/5\/2025\/09\/A7306797-e1769708660877.jpg?fit=2922%2C1636&ssl=1","keywords":["Dicken"],"articleSection":["Kohti kautta"],"inLanguage":"fi"},{"@type":"WebPage","@id":"https:\/\/aktialiiga.fi\/miehet\/2026-2027\/kohti-kautta\/kohti-kautta-dicken-11\/","url":"https:\/\/aktialiiga.fi\/miehet\/2026-2027\/kohti-kautta\/kohti-kautta-dicken-11\/","name":"Kohti kautta: Dicken | K\u00e4sipallon miesten Aktialiiga","isPartOf":{"@id":"https:\/\/aktialiiga.fi\/miehet\/#website"},"primaryImageOfPage":{"@id":"https:\/\/aktialiiga.fi\/miehet\/2026-2027\/kohti-kautta\/kohti-kautta-dicken-11\/#primaryimage"},"image":{"@id":"https:\/\/aktialiiga.fi\/miehet\/2026-2027\/kohti-kautta\/kohti-kautta-dicken-11\/#primaryimage"},"thumbnailUrl":"https:\/\/i0.wp.com\/aktialiiga.fi\/miehet\/wp-content\/uploads\/sites\/5\/2025\/09\/A7306797-e1769708660877.jpg?fit=2922%2C1636&ssl=1","datePublished":"2026-09-02T11:27:51+00:00","breadcrumb":{"@id":"https:\/\/aktialiiga.fi\/miehet\/2026-2027\/kohti-kautta\/kohti-kautta-dicken-11\/#breadcrumb"},"inLanguage":"fi","potentialAction":[{"@type":"ReadAction","target":["https:\/\/aktialiiga.fi\/miehet\/2026-2027\/kohti-kautta\/kohti-kautta-dicken-11\/"]}]},{"@type":"ImageObject","inLanguage":"fi","@id":"https:\/\/aktialiiga.fi\/miehet\/2026-2027\/kohti-kautta\/kohti-kautta-dicken-11\/#primaryimage","url":"https:\/\/i0.wp.com\/aktialiiga.fi\/miehet\/wp-content\/uploads\/sites\/5\/2025\/09\/A7306797-e1769708660877.jpg?fit=2922%2C1636&ssl=1","contentUrl":"https:\/\/i0.wp.com\/aktialiiga.fi\/miehet\/wp-content\/uploads\/sites\/5\/2025\/09\/A7306797-e1769708660877.jpg?fit=2922%2C1636&ssl=1","width":2922,"height":1636},{"@type":"BreadcrumbList","@id":"https:\/\/aktialiiga.fi\/miehet\/2026-2027\/kohti-kautta\/kohti-kautta-dicken-11\/#breadcrumb","itemListElement":[{"@type":"ListItem","position":1,"name":"Etusivu","item":"https:\/\/aktialiiga.fi\/miehet\/etusivu-260806\/"},{"@type":"ListItem","position":2,"name":"Kohti kautta: Dicken"}]},{"@type":"WebSite","@id":"https:\/\/aktialiiga.fi\/miehet\/#website","url":"https:\/\/aktialiiga.fi\/miehet\/","name":"K\u00e4sipallon miesten Aktialiiga","description":"Valtakunnan vauhdikkainta palloilua!","publisher":{"@id":"https:\/\/aktialiiga.fi\/miehet\/#organization"},"potentialAction":[{"@type":"SearchAction","target":{"@type":"EntryPoint","urlTemplate":"https:\/\/aktialiiga.fi\/miehet\/?s={search_term_string}"},"query-input":{"@type":"PropertyValueSpecification","valueRequired":true,"valueName":"search_term_string"}}],"inLanguage":"fi"},{"@type":"Organization","@id":"https:\/\/aktialiiga.fi\/miehet\/#organization","name":"K\u00e4sipallon miesten Aktialiiga","url":"https:\/\/aktialiiga.fi\/miehet\/","logo":{"@type":"ImageObject","inLanguage":"fi","@id":"https:\/\/aktialiiga.fi\/miehet\/#\/schema\/logo\/image\/","url":"https:\/\/i0.wp.com\/aktialiiga.fi\/miehet\/wp-content\/uploads\/sites\/5\/2024\/09\/Aktialiiga-Yoast-512.png?fit=512%2C512&ssl=1","contentUrl":"https:\/\/i0.wp.com\/aktialiiga.fi\/miehet\/wp-content\/uploads\/sites\/5\/2024\/09\/Aktialiiga-Yoast-512.png?fit=512%2C512&ssl=1","width":512,"height":512,"caption":"K\u00e4sipallon miesten Aktialiiga"},"image":{"@id":"https:\/\/aktialiiga.fi\/miehet\/#\/schema\/logo\/image\/"},"sameAs":["https:\/\/www.facebook.com\/finnhandball","https:\/\/x.com\/finnhandball","https:\/\/www.instagram.com\/handballfinland\/"]},{"@type":"Person","@id":"https:\/\/aktialiiga.fi\/miehet\/#\/schema\/person\/c14bf42f47041db74603c45afcb18d87","name":"tbrmedia","image":{"@type":"ImageObject","inLanguage":"fi","@id":"https:\/\/secure.gravatar.com\/avatar\/ee975fa091fe581d12b60debb3439022686618368a7c142044c56724d4666b16?s=96&d=mm&r=g","url":"https:\/\/secure.gravatar.com\/avatar\/ee975fa091fe581d12b60debb3439022686618368a7c142044c56724d4666b16?s=96&d=mm&r=g","contentUrl":"https:\/\/secure.gravatar.com\/avatar\/ee975fa091fe581d12b60debb3439022686618368a7c142044c56724d4666b16?s=96&d=mm&r=g","caption":"tbrmedia"}}]}},"jetpack_sharing_enabled":true,"jetpack_shortlink":"https:\/\/wp.me\/pfTxOr-opS","jetpack_featured_media_url":"https:\/\/i0.wp.com\/aktialiiga.fi\/miehet\/wp-content\/uploads\/sites\/5\/2025\/09\/A7306797-e1769708660877.jpg?fit=2922%2C1636&ssl=1","_links":{"self":[{"href":"https:\/\/aktialiiga.fi\/miehet\/wp-json\/wp\/v2\/posts\/93860","targetHints":{"allow":["GET"]}}],"collection":[{"href":"https:\/\/aktialiiga.fi\/miehet\/wp-json\/wp\/v2\/posts"}],"about":[{"href":"https:\/\/aktialiiga.fi\/miehet\/wp-json\/wp\/v2\/types\/post"}],"author":[{"embeddable":true,"href":"https:\/\/aktialiiga.fi\/miehet\/wp-json\/wp\/v2\/users\/13"}],"replies":[{"embeddable":true,"href":"https:\/\/aktialiiga.fi\/miehet\/wp-json\/wp\/v2\/comments?post=93860"}],"version-history":[{"count":2,"href":"https:\/\/aktialiiga.fi\/miehet\/wp-json\/wp\/v2\/posts\/93860\/revisions"}],"predecessor-version":[{"id":93862,"href":"https:\/\/aktialiiga.fi\/miehet\/wp-json\/wp\/v2\/posts\/93860\/revisions\/93862"}],"wp:featuredmedia":[{"embeddable":true,"href":"https:\/\/aktialiiga.fi\/miehet\/wp-json\/wp\/v2\/media\/66202"}],"wp:attachment":[{"href":"https:\/\/aktialiiga.fi\/miehet\/wp-json\/wp\/v2\/media?parent=93860"}],"wp:term":[{"taxonomy":"category","embeddable":true,"href":"https:\/\/aktialiiga.fi\/miehet\/wp-json\/wp\/v2\/categories?post=93860"},{"taxonomy":"post_tag","embeddable":true,"href":"https:\/\/aktialiiga.fi\/miehet\/wp-json\/wp\/v2\/tags?post=93860"}],"curies":[{"name":"wp","href":"https:\/\/api.w.org\/{rel}","templated":true}]}}