{"id":94242,"date":"2026-09-03T08:35:11","date_gmt":"2026-09-03T05:35:11","guid":{"rendered":"https:\/\/aktialiiga.fi\/miehet\/?p=94242"},"modified":"2026-09-02T22:24:21","modified_gmt":"2026-09-02T19:24:21","slug":"kohti-kautta-grifk-10","status":"publish","type":"post","link":"https:\/\/aktialiiga.fi\/miehet\/2026-2027\/kohti-kautta\/kohti-kautta-grifk-10\/","title":{"rendered":"Kohti kautta: GrIFK"},"content":{"rendered":"<p>Viime kaudella pronssiotteluun saakka ylt\u00e4nyt, mutta miteleitta j\u00e4\u00e4nyt GrIFK l\u00e4htee toiseen kauteensa p\u00e4\u00e4valmentaja Anthony Hellakosken alaisuudessa positiivisin miettein ja kohti parempaa katsoen.<\/p>\n<p>Grani on l\u00e4ht\u00f6kohtaisesti vahvistunut viime kaudesta ja ainakin materiaali on aiempaa leve\u00e4mpi tulijoiden m\u00e4\u00e4r\u00e4n ollessa l\u00e4htij\u00f6it\u00e4 suurempi.<\/p>\n<p>&#8211; Meille on pari pelaajaa tullut vuoden tauon j\u00e4lkeen ja muutama lis\u00e4vahvistus muista seuroista. Vahvistuksilla pystymme pelaamaan monipuolisempaa peli\u00e4 sek\u00e4 pystymme luomaan enemm\u00e4n kilpailua harjoituksiin my\u00f6s.<\/p>\n<p>&#8211; Hyv\u00e4ll\u00e4 mielell\u00e4 kauteen l\u00e4hdet\u00e4\u00e4n niin kuin aina. Tavoite on saada joukkue pelaamaan tasaisemmin kuin viime kaudella, p\u00e4\u00e4valmentaja Hellakoski sanoo kauden alla.<\/p>\n<p>Nimenomaan materiaalin leveyden aiempaan n\u00e4hden Hellakoski uskoo tuovan ja jo tuoneen positiivisen kilpailutilanteen peliajasta.<\/p>\n<p>&#8211; Meill\u00e4 on suurempi rinki t\u00e4ll\u00e4 kaudella ja kaikki pelaajat ovat motivoituneita tekem\u00e4\u00e4n t\u00f6it\u00e4 joukkueen eteen.<\/p>\n<p>Kes\u00e4n harjoituskausi on Kauniaisissa edetty selkein tavoittein. Pohjaa on luotu ja sen Hellakoski toivoo n\u00e4kyv\u00e4n otteissa kauden py\u00f6r\u00e4ht\u00e4ess\u00e4 k\u00e4yntiin.<\/p>\n<p>&#8211; Haluamme pelata huomattavasti vahvempaa vastahy\u00f6kk\u00e4yspeli\u00e4 kuin viime kaudella. Nyt meill\u00e4 on paremmat mahdollisuudet siihen, Hellakoski uskoo.<\/p>\n<p>&#8211; Juoksuvoimaa haluamme kehitt\u00e4\u00e4 sek\u00e4 saada uusien pelaajien yhteispelin sopimaan meid\u00e4n perustaktisiin asioihimme, p\u00e4\u00e4valmentaja kertaa pre-seasonin painopisteit\u00e4.<\/p>\n<p>Hiukan aiemmista kausista harventunut ottelutahti runkosarjassa sopii Granille kokonaisrytmityksen kannalta oikein mainiosti.<\/p>\n<p>&#8211; Pystymme kehitt\u00e4m\u00e4\u00e4n pelaajia enemm\u00e4n ja pit\u00e4m\u00e4\u00e4n korkeampaa tempoa harjoituksissa. Saamme my\u00f6s paremman rytmin peleihin ja harjoituksiin, kun pelataan keskim\u00e4\u00e4rin kerran viikossa, yleens\u00e4 viikonloppuna, Hellakoski laskeskelee.<\/p>\n<p><strong>GrIFK<\/strong><br \/>\nKaudella 2025-26: nelj\u00e4s<br \/>\nRunkosarjassa nelj\u00e4s. Voitti puoliv\u00e4lieriss\u00e4 Dickenin otteluvoitoin 2-0. H\u00e4visi v\u00e4lieriss\u00e4 BK-46:lle voitoin 0-3. H\u00e4visi pronssiotteluissa Cocksille yhteismaalein 50-56.<\/p>\n<p><a href=\"https:\/\/aktialiiga.fi\/miehet\/joukkueet-2026-27\/grifk-kauniainen\/\">GrIFK:n joukkuesivu &gt;&gt;<\/a><\/p>\n","protected":false},"excerpt":{"rendered":"<p>Viime kaudella pronssiotteluun saakka ylt\u00e4nyt, mutta miteleitta j\u00e4\u00e4nyt GrIFK l\u00e4htee toiseen kauteensa p\u00e4\u00e4valmentaja Anthony Hellakosken alaisuudessa positiivisin miettein ja kohti parempaa katsoen. Grani on l\u00e4ht\u00f6kohtaisesti vahvistunut viime kaudesta ja ainakin materiaali on aiempaa leve\u00e4mpi tulijoiden m\u00e4\u00e4r\u00e4n ollessa l\u00e4htij\u00f6it\u00e4 suurempi. &#8211; Meille on pari pelaajaa tullut vuoden tauon j\u00e4lkeen ja muutama lis\u00e4vahvistus muista seuroista. Vahvistuksilla pystymme [&hellip;]<\/p>\n","protected":false},"author":13,"featured_media":69488,"comment_status":"closed","ping_status":"closed","sticky":false,"template":"","format":"standard","meta":{"_acf_changed":false,"_jetpack_newsletter_access":"","_jetpack_dont_email_post_to_subs":false,"_jetpack_newsletter_tier_id":0,"_jetpack_memberships_contains_paywalled_content":false,"_jetpack_feature_clip_id":0,"_jetpack_memberships_contains_paid_content":false,"footnotes":"","jetpack_post_was_ever_published":false},"categories":[396],"tags":[64],"class_list":["post-94242","post","type-post","status-publish","format-standard","has-post-thumbnail","hentry","category-kohti-kautta","tag-grifk"],"acf":[],"yoast_head":"<!-- This site is optimized with the Yoast SEO plugin v28.4 - https:\/\/yoast.com\/product\/yoast-seo-wordpress\/ -->\n<title>Kohti kautta: GrIFK | K\u00e4sipallon miesten Aktialiiga<\/title>\n<meta name=\"robots\" content=\"index, follow, max-snippet:-1, max-image-preview:large, max-video-preview:-1\" \/>\n<link rel=\"canonical\" href=\"https:\/\/aktialiiga.fi\/miehet\/2026-2027\/kohti-kautta\/kohti-kautta-grifk-10\/\" \/>\n<meta property=\"og:locale\" content=\"fi_FI\" \/>\n<meta property=\"og:type\" content=\"article\" \/>\n<meta property=\"og:title\" content=\"Kohti kautta: GrIFK | K\u00e4sipallon miesten Aktialiiga\" \/>\n<meta property=\"og:description\" content=\"Viime kaudella pronssiotteluun saakka ylt\u00e4nyt, mutta miteleitta j\u00e4\u00e4nyt GrIFK l\u00e4htee toiseen kauteensa p\u00e4\u00e4valmentaja Anthony Hellakosken alaisuudessa positiivisin miettein ja kohti parempaa katsoen. Grani on l\u00e4ht\u00f6kohtaisesti vahvistunut viime kaudesta ja ainakin materiaali on aiempaa leve\u00e4mpi tulijoiden m\u00e4\u00e4r\u00e4n ollessa l\u00e4htij\u00f6it\u00e4 suurempi. &#8211; Meille on pari pelaajaa tullut vuoden tauon j\u00e4lkeen ja muutama lis\u00e4vahvistus muista seuroista. Vahvistuksilla pystymme [&hellip;]\" \/>\n<meta property=\"og:url\" content=\"https:\/\/aktialiiga.fi\/miehet\/2026-2027\/kohti-kautta\/kohti-kautta-grifk-10\/\" \/>\n<meta property=\"og:site_name\" content=\"K\u00e4sipallon miesten Aktialiiga\" \/>\n<meta property=\"article:publisher\" content=\"https:\/\/www.facebook.com\/finnhandball\" \/>\n<meta property=\"article:published_time\" content=\"2026-09-03T05:35:11+00:00\" \/>\n<meta property=\"og:image\" content=\"https:\/\/i0.wp.com\/aktialiiga.fi\/miehet\/wp-content\/uploads\/sites\/5\/2026\/03\/2I1A1152-e1772808253352.jpg?fit=2320%2C1628&ssl=1\" \/>\n\t<meta property=\"og:image:width\" content=\"2320\" \/>\n\t<meta property=\"og:image:height\" content=\"1628\" \/>\n\t<meta property=\"og:image:type\" content=\"image\/jpeg\" \/>\n<meta name=\"author\" content=\"tbrmedia\" \/>\n<meta name=\"twitter:card\" content=\"summary_large_image\" \/>\n<meta name=\"twitter:creator\" content=\"@finnhandball\" \/>\n<meta name=\"twitter:site\" content=\"@finnhandball\" \/>\n<script type=\"application\/ld+json\" class=\"yoast-schema-graph\">{\"@context\":\"https:\\\/\\\/schema.org\",\"@graph\":[{\"@type\":\"Article\",\"@id\":\"https:\\\/\\\/aktialiiga.fi\\\/miehet\\\/2026-2027\\\/kohti-kautta\\\/kohti-kautta-grifk-10\\\/#article\",\"isPartOf\":{\"@id\":\"https:\\\/\\\/aktialiiga.fi\\\/miehet\\\/2026-2027\\\/kohti-kautta\\\/kohti-kautta-grifk-10\\\/\"},\"author\":{\"name\":\"tbrmedia\",\"@id\":\"https:\\\/\\\/aktialiiga.fi\\\/miehet\\\/#\\\/schema\\\/person\\\/c14bf42f47041db74603c45afcb18d87\"},\"headline\":\"Kohti kautta: GrIFK\",\"datePublished\":\"2026-09-03T05:35:11+00:00\",\"mainEntityOfPage\":{\"@id\":\"https:\\\/\\\/aktialiiga.fi\\\/miehet\\\/2026-2027\\\/kohti-kautta\\\/kohti-kautta-grifk-10\\\/\"},\"wordCount\":285,\"publisher\":{\"@id\":\"https:\\\/\\\/aktialiiga.fi\\\/miehet\\\/#organization\"},\"image\":{\"@id\":\"https:\\\/\\\/aktialiiga.fi\\\/miehet\\\/2026-2027\\\/kohti-kautta\\\/kohti-kautta-grifk-10\\\/#primaryimage\"},\"thumbnailUrl\":\"https:\\\/\\\/i0.wp.com\\\/aktialiiga.fi\\\/miehet\\\/wp-content\\\/uploads\\\/sites\\\/5\\\/2026\\\/03\\\/2I1A1152-e1772808253352.jpg?fit=2320%2C1628&ssl=1\",\"keywords\":[\"GrIFK\"],\"articleSection\":[\"Kohti kautta\"],\"inLanguage\":\"fi\"},{\"@type\":\"WebPage\",\"@id\":\"https:\\\/\\\/aktialiiga.fi\\\/miehet\\\/2026-2027\\\/kohti-kautta\\\/kohti-kautta-grifk-10\\\/\",\"url\":\"https:\\\/\\\/aktialiiga.fi\\\/miehet\\\/2026-2027\\\/kohti-kautta\\\/kohti-kautta-grifk-10\\\/\",\"name\":\"Kohti kautta: GrIFK | K\u00e4sipallon miesten Aktialiiga\",\"isPartOf\":{\"@id\":\"https:\\\/\\\/aktialiiga.fi\\\/miehet\\\/#website\"},\"primaryImageOfPage\":{\"@id\":\"https:\\\/\\\/aktialiiga.fi\\\/miehet\\\/2026-2027\\\/kohti-kautta\\\/kohti-kautta-grifk-10\\\/#primaryimage\"},\"image\":{\"@id\":\"https:\\\/\\\/aktialiiga.fi\\\/miehet\\\/2026-2027\\\/kohti-kautta\\\/kohti-kautta-grifk-10\\\/#primaryimage\"},\"thumbnailUrl\":\"https:\\\/\\\/i0.wp.com\\\/aktialiiga.fi\\\/miehet\\\/wp-content\\\/uploads\\\/sites\\\/5\\\/2026\\\/03\\\/2I1A1152-e1772808253352.jpg?fit=2320%2C1628&ssl=1\",\"datePublished\":\"2026-09-03T05:35:11+00:00\",\"breadcrumb\":{\"@id\":\"https:\\\/\\\/aktialiiga.fi\\\/miehet\\\/2026-2027\\\/kohti-kautta\\\/kohti-kautta-grifk-10\\\/#breadcrumb\"},\"inLanguage\":\"fi\",\"potentialAction\":[{\"@type\":\"ReadAction\",\"target\":[\"https:\\\/\\\/aktialiiga.fi\\\/miehet\\\/2026-2027\\\/kohti-kautta\\\/kohti-kautta-grifk-10\\\/\"]}]},{\"@type\":\"ImageObject\",\"inLanguage\":\"fi\",\"@id\":\"https:\\\/\\\/aktialiiga.fi\\\/miehet\\\/2026-2027\\\/kohti-kautta\\\/kohti-kautta-grifk-10\\\/#primaryimage\",\"url\":\"https:\\\/\\\/i0.wp.com\\\/aktialiiga.fi\\\/miehet\\\/wp-content\\\/uploads\\\/sites\\\/5\\\/2026\\\/03\\\/2I1A1152-e1772808253352.jpg?fit=2320%2C1628&ssl=1\",\"contentUrl\":\"https:\\\/\\\/i0.wp.com\\\/aktialiiga.fi\\\/miehet\\\/wp-content\\\/uploads\\\/sites\\\/5\\\/2026\\\/03\\\/2I1A1152-e1772808253352.jpg?fit=2320%2C1628&ssl=1\",\"width\":2320,\"height\":1628},{\"@type\":\"BreadcrumbList\",\"@id\":\"https:\\\/\\\/aktialiiga.fi\\\/miehet\\\/2026-2027\\\/kohti-kautta\\\/kohti-kautta-grifk-10\\\/#breadcrumb\",\"itemListElement\":[{\"@type\":\"ListItem\",\"position\":1,\"name\":\"Etusivu\",\"item\":\"https:\\\/\\\/aktialiiga.fi\\\/miehet\\\/etusivu-260806\\\/\"},{\"@type\":\"ListItem\",\"position\":2,\"name\":\"Kohti kautta: GrIFK\"}]},{\"@type\":\"WebSite\",\"@id\":\"https:\\\/\\\/aktialiiga.fi\\\/miehet\\\/#website\",\"url\":\"https:\\\/\\\/aktialiiga.fi\\\/miehet\\\/\",\"name\":\"K\u00e4sipallon miesten Aktialiiga\",\"description\":\"Valtakunnan vauhdikkainta palloilua!\",\"publisher\":{\"@id\":\"https:\\\/\\\/aktialiiga.fi\\\/miehet\\\/#organization\"},\"potentialAction\":[{\"@type\":\"SearchAction\",\"target\":{\"@type\":\"EntryPoint\",\"urlTemplate\":\"https:\\\/\\\/aktialiiga.fi\\\/miehet\\\/?s={search_term_string}\"},\"query-input\":{\"@type\":\"PropertyValueSpecification\",\"valueRequired\":true,\"valueName\":\"search_term_string\"}}],\"inLanguage\":\"fi\"},{\"@type\":\"Organization\",\"@id\":\"https:\\\/\\\/aktialiiga.fi\\\/miehet\\\/#organization\",\"name\":\"K\u00e4sipallon miesten Aktialiiga\",\"url\":\"https:\\\/\\\/aktialiiga.fi\\\/miehet\\\/\",\"logo\":{\"@type\":\"ImageObject\",\"inLanguage\":\"fi\",\"@id\":\"https:\\\/\\\/aktialiiga.fi\\\/miehet\\\/#\\\/schema\\\/logo\\\/image\\\/\",\"url\":\"https:\\\/\\\/i0.wp.com\\\/aktialiiga.fi\\\/miehet\\\/wp-content\\\/uploads\\\/sites\\\/5\\\/2024\\\/09\\\/Aktialiiga-Yoast-512.png?fit=512%2C512&ssl=1\",\"contentUrl\":\"https:\\\/\\\/i0.wp.com\\\/aktialiiga.fi\\\/miehet\\\/wp-content\\\/uploads\\\/sites\\\/5\\\/2024\\\/09\\\/Aktialiiga-Yoast-512.png?fit=512%2C512&ssl=1\",\"width\":512,\"height\":512,\"caption\":\"K\u00e4sipallon miesten Aktialiiga\"},\"image\":{\"@id\":\"https:\\\/\\\/aktialiiga.fi\\\/miehet\\\/#\\\/schema\\\/logo\\\/image\\\/\"},\"sameAs\":[\"https:\\\/\\\/www.facebook.com\\\/finnhandball\",\"https:\\\/\\\/x.com\\\/finnhandball\",\"https:\\\/\\\/www.instagram.com\\\/handballfinland\\\/\"]},{\"@type\":\"Person\",\"@id\":\"https:\\\/\\\/aktialiiga.fi\\\/miehet\\\/#\\\/schema\\\/person\\\/c14bf42f47041db74603c45afcb18d87\",\"name\":\"tbrmedia\",\"image\":{\"@type\":\"ImageObject\",\"inLanguage\":\"fi\",\"@id\":\"https:\\\/\\\/secure.gravatar.com\\\/avatar\\\/ee975fa091fe581d12b60debb3439022686618368a7c142044c56724d4666b16?s=96&d=mm&r=g\",\"url\":\"https:\\\/\\\/secure.gravatar.com\\\/avatar\\\/ee975fa091fe581d12b60debb3439022686618368a7c142044c56724d4666b16?s=96&d=mm&r=g\",\"contentUrl\":\"https:\\\/\\\/secure.gravatar.com\\\/avatar\\\/ee975fa091fe581d12b60debb3439022686618368a7c142044c56724d4666b16?s=96&d=mm&r=g\",\"caption\":\"tbrmedia\"}}]}<\/script>\n<!-- \/ Yoast SEO plugin. -->","yoast_head_json":{"title":"Kohti kautta: GrIFK | K\u00e4sipallon miesten Aktialiiga","robots":{"index":"index","follow":"follow","max-snippet":"max-snippet:-1","max-image-preview":"max-image-preview:large","max-video-preview":"max-video-preview:-1"},"canonical":"https:\/\/aktialiiga.fi\/miehet\/2026-2027\/kohti-kautta\/kohti-kautta-grifk-10\/","og_locale":"fi_FI","og_type":"article","og_title":"Kohti kautta: GrIFK | K\u00e4sipallon miesten Aktialiiga","og_description":"Viime kaudella pronssiotteluun saakka ylt\u00e4nyt, mutta miteleitta j\u00e4\u00e4nyt GrIFK l\u00e4htee toiseen kauteensa p\u00e4\u00e4valmentaja Anthony Hellakosken alaisuudessa positiivisin miettein ja kohti parempaa katsoen. Grani on l\u00e4ht\u00f6kohtaisesti vahvistunut viime kaudesta ja ainakin materiaali on aiempaa leve\u00e4mpi tulijoiden m\u00e4\u00e4r\u00e4n ollessa l\u00e4htij\u00f6it\u00e4 suurempi. &#8211; Meille on pari pelaajaa tullut vuoden tauon j\u00e4lkeen ja muutama lis\u00e4vahvistus muista seuroista. Vahvistuksilla pystymme [&hellip;]","og_url":"https:\/\/aktialiiga.fi\/miehet\/2026-2027\/kohti-kautta\/kohti-kautta-grifk-10\/","og_site_name":"K\u00e4sipallon miesten Aktialiiga","article_publisher":"https:\/\/www.facebook.com\/finnhandball","article_published_time":"2026-09-03T05:35:11+00:00","og_image":[{"width":2320,"height":1628,"url":"https:\/\/i0.wp.com\/aktialiiga.fi\/miehet\/wp-content\/uploads\/sites\/5\/2026\/03\/2I1A1152-e1772808253352.jpg?fit=2320%2C1628&ssl=1","type":"image\/jpeg"}],"author":"tbrmedia","twitter_card":"summary_large_image","twitter_creator":"@finnhandball","twitter_site":"@finnhandball","schema":{"@context":"https:\/\/schema.org","@graph":[{"@type":"Article","@id":"https:\/\/aktialiiga.fi\/miehet\/2026-2027\/kohti-kautta\/kohti-kautta-grifk-10\/#article","isPartOf":{"@id":"https:\/\/aktialiiga.fi\/miehet\/2026-2027\/kohti-kautta\/kohti-kautta-grifk-10\/"},"author":{"name":"tbrmedia","@id":"https:\/\/aktialiiga.fi\/miehet\/#\/schema\/person\/c14bf42f47041db74603c45afcb18d87"},"headline":"Kohti kautta: GrIFK","datePublished":"2026-09-03T05:35:11+00:00","mainEntityOfPage":{"@id":"https:\/\/aktialiiga.fi\/miehet\/2026-2027\/kohti-kautta\/kohti-kautta-grifk-10\/"},"wordCount":285,"publisher":{"@id":"https:\/\/aktialiiga.fi\/miehet\/#organization"},"image":{"@id":"https:\/\/aktialiiga.fi\/miehet\/2026-2027\/kohti-kautta\/kohti-kautta-grifk-10\/#primaryimage"},"thumbnailUrl":"https:\/\/i0.wp.com\/aktialiiga.fi\/miehet\/wp-content\/uploads\/sites\/5\/2026\/03\/2I1A1152-e1772808253352.jpg?fit=2320%2C1628&ssl=1","keywords":["GrIFK"],"articleSection":["Kohti kautta"],"inLanguage":"fi"},{"@type":"WebPage","@id":"https:\/\/aktialiiga.fi\/miehet\/2026-2027\/kohti-kautta\/kohti-kautta-grifk-10\/","url":"https:\/\/aktialiiga.fi\/miehet\/2026-2027\/kohti-kautta\/kohti-kautta-grifk-10\/","name":"Kohti kautta: GrIFK | K\u00e4sipallon miesten Aktialiiga","isPartOf":{"@id":"https:\/\/aktialiiga.fi\/miehet\/#website"},"primaryImageOfPage":{"@id":"https:\/\/aktialiiga.fi\/miehet\/2026-2027\/kohti-kautta\/kohti-kautta-grifk-10\/#primaryimage"},"image":{"@id":"https:\/\/aktialiiga.fi\/miehet\/2026-2027\/kohti-kautta\/kohti-kautta-grifk-10\/#primaryimage"},"thumbnailUrl":"https:\/\/i0.wp.com\/aktialiiga.fi\/miehet\/wp-content\/uploads\/sites\/5\/2026\/03\/2I1A1152-e1772808253352.jpg?fit=2320%2C1628&ssl=1","datePublished":"2026-09-03T05:35:11+00:00","breadcrumb":{"@id":"https:\/\/aktialiiga.fi\/miehet\/2026-2027\/kohti-kautta\/kohti-kautta-grifk-10\/#breadcrumb"},"inLanguage":"fi","potentialAction":[{"@type":"ReadAction","target":["https:\/\/aktialiiga.fi\/miehet\/2026-2027\/kohti-kautta\/kohti-kautta-grifk-10\/"]}]},{"@type":"ImageObject","inLanguage":"fi","@id":"https:\/\/aktialiiga.fi\/miehet\/2026-2027\/kohti-kautta\/kohti-kautta-grifk-10\/#primaryimage","url":"https:\/\/i0.wp.com\/aktialiiga.fi\/miehet\/wp-content\/uploads\/sites\/5\/2026\/03\/2I1A1152-e1772808253352.jpg?fit=2320%2C1628&ssl=1","contentUrl":"https:\/\/i0.wp.com\/aktialiiga.fi\/miehet\/wp-content\/uploads\/sites\/5\/2026\/03\/2I1A1152-e1772808253352.jpg?fit=2320%2C1628&ssl=1","width":2320,"height":1628},{"@type":"BreadcrumbList","@id":"https:\/\/aktialiiga.fi\/miehet\/2026-2027\/kohti-kautta\/kohti-kautta-grifk-10\/#breadcrumb","itemListElement":[{"@type":"ListItem","position":1,"name":"Etusivu","item":"https:\/\/aktialiiga.fi\/miehet\/etusivu-260806\/"},{"@type":"ListItem","position":2,"name":"Kohti kautta: GrIFK"}]},{"@type":"WebSite","@id":"https:\/\/aktialiiga.fi\/miehet\/#website","url":"https:\/\/aktialiiga.fi\/miehet\/","name":"K\u00e4sipallon miesten Aktialiiga","description":"Valtakunnan vauhdikkainta palloilua!","publisher":{"@id":"https:\/\/aktialiiga.fi\/miehet\/#organization"},"potentialAction":[{"@type":"SearchAction","target":{"@type":"EntryPoint","urlTemplate":"https:\/\/aktialiiga.fi\/miehet\/?s={search_term_string}"},"query-input":{"@type":"PropertyValueSpecification","valueRequired":true,"valueName":"search_term_string"}}],"inLanguage":"fi"},{"@type":"Organization","@id":"https:\/\/aktialiiga.fi\/miehet\/#organization","name":"K\u00e4sipallon miesten Aktialiiga","url":"https:\/\/aktialiiga.fi\/miehet\/","logo":{"@type":"ImageObject","inLanguage":"fi","@id":"https:\/\/aktialiiga.fi\/miehet\/#\/schema\/logo\/image\/","url":"https:\/\/i0.wp.com\/aktialiiga.fi\/miehet\/wp-content\/uploads\/sites\/5\/2024\/09\/Aktialiiga-Yoast-512.png?fit=512%2C512&ssl=1","contentUrl":"https:\/\/i0.wp.com\/aktialiiga.fi\/miehet\/wp-content\/uploads\/sites\/5\/2024\/09\/Aktialiiga-Yoast-512.png?fit=512%2C512&ssl=1","width":512,"height":512,"caption":"K\u00e4sipallon miesten Aktialiiga"},"image":{"@id":"https:\/\/aktialiiga.fi\/miehet\/#\/schema\/logo\/image\/"},"sameAs":["https:\/\/www.facebook.com\/finnhandball","https:\/\/x.com\/finnhandball","https:\/\/www.instagram.com\/handballfinland\/"]},{"@type":"Person","@id":"https:\/\/aktialiiga.fi\/miehet\/#\/schema\/person\/c14bf42f47041db74603c45afcb18d87","name":"tbrmedia","image":{"@type":"ImageObject","inLanguage":"fi","@id":"https:\/\/secure.gravatar.com\/avatar\/ee975fa091fe581d12b60debb3439022686618368a7c142044c56724d4666b16?s=96&d=mm&r=g","url":"https:\/\/secure.gravatar.com\/avatar\/ee975fa091fe581d12b60debb3439022686618368a7c142044c56724d4666b16?s=96&d=mm&r=g","contentUrl":"https:\/\/secure.gravatar.com\/avatar\/ee975fa091fe581d12b60debb3439022686618368a7c142044c56724d4666b16?s=96&d=mm&r=g","caption":"tbrmedia"}}]}},"jetpack_sharing_enabled":true,"jetpack_shortlink":"https:\/\/wp.me\/pfTxOr-ow2","jetpack_featured_media_url":"https:\/\/i0.wp.com\/aktialiiga.fi\/miehet\/wp-content\/uploads\/sites\/5\/2026\/03\/2I1A1152-e1772808253352.jpg?fit=2320%2C1628&ssl=1","_links":{"self":[{"href":"https:\/\/aktialiiga.fi\/miehet\/wp-json\/wp\/v2\/posts\/94242","targetHints":{"allow":["GET"]}}],"collection":[{"href":"https:\/\/aktialiiga.fi\/miehet\/wp-json\/wp\/v2\/posts"}],"about":[{"href":"https:\/\/aktialiiga.fi\/miehet\/wp-json\/wp\/v2\/types\/post"}],"author":[{"embeddable":true,"href":"https:\/\/aktialiiga.fi\/miehet\/wp-json\/wp\/v2\/users\/13"}],"replies":[{"embeddable":true,"href":"https:\/\/aktialiiga.fi\/miehet\/wp-json\/wp\/v2\/comments?post=94242"}],"version-history":[{"count":2,"href":"https:\/\/aktialiiga.fi\/miehet\/wp-json\/wp\/v2\/posts\/94242\/revisions"}],"predecessor-version":[{"id":94250,"href":"https:\/\/aktialiiga.fi\/miehet\/wp-json\/wp\/v2\/posts\/94242\/revisions\/94250"}],"wp:featuredmedia":[{"embeddable":true,"href":"https:\/\/aktialiiga.fi\/miehet\/wp-json\/wp\/v2\/media\/69488"}],"wp:attachment":[{"href":"https:\/\/aktialiiga.fi\/miehet\/wp-json\/wp\/v2\/media?parent=94242"}],"wp:term":[{"taxonomy":"category","embeddable":true,"href":"https:\/\/aktialiiga.fi\/miehet\/wp-json\/wp\/v2\/categories?post=94242"},{"taxonomy":"post_tag","embeddable":true,"href":"https:\/\/aktialiiga.fi\/miehet\/wp-json\/wp\/v2\/tags?post=94242"}],"curies":[{"name":"wp","href":"https:\/\/api.w.org\/{rel}","templated":true}]}}