{"id":95053,"date":"2026-09-04T08:50:41","date_gmt":"2026-09-04T05:50:41","guid":{"rendered":"https:\/\/aktialiiga.fi\/miehet\/?p=95053"},"modified":"2026-09-03T14:52:12","modified_gmt":"2026-09-03T11:52:12","slug":"kohti-kautta-aifk-11","status":"publish","type":"post","link":"https:\/\/aktialiiga.fi\/miehet\/2026-2027\/kohti-kautta\/kohti-kautta-aifk-11\/","title":{"rendered":"Kohti kautta: \u00c5IFK"},"content":{"rendered":"<p>\u00c5IFK l\u00e4htee alkavaan kauteen melkoisen uudistuneella ilmeell\u00e4 aina p\u00e4\u00e4valmentajaa my\u00f6ten, kun Joni Lindberg otti valmennusvastuun monivuotisen piiskurin Aku Kuusiston j\u00e4lkeen.<\/p>\n<p>Turkulaiset aloittavat kauden muutenkin melkoisen puhtaalta p\u00f6yd\u00e4lt\u00e4, sill\u00e4 vaihtuvuus pelaajistossa on ollut suhteellisen suurta.<\/p>\n<p>&#8211; Meill\u00e4 on iso m\u00e4\u00e4r\u00e4 pelaajia joko lopettanut, vaihtanut seuraa tai siirtynyt ulkomaille. Olemme nostaneet mukaan junioreita ja hankkineet nuoria pelaajia, jotka haluavat pelata nopeaa k\u00e4sipalloa, Lindberg taustoittaa l\u00e4ht\u00f6kohtia.<\/p>\n<p>Nimenomaan nopean k\u00e4sipallon eteen on Lindbergin mukaan tehty t\u00f6it\u00e4 kauden alla, mutta ty\u00f6 jatkuu edelleen.<\/p>\n<p>&#8211; Olemme juosseet paljon ja sit\u00e4 tulemme my\u00f6s jatkamaan. Teemme t\u00f6it\u00e4 sill\u00e4 t\u00e4ht\u00e4imell\u00e4, ett\u00e4 joulun j\u00e4lkeen jaksamme pelata nopeaa k\u00e4sipalloa koko ottelun ajan.<\/p>\n<p>&#8211; Minusta me alamme jo l\u00f6yt\u00e4\u00e4 idean siit\u00e4, miten haluamme pelata, mutta viel\u00e4 on pitk\u00e4 tie edess\u00e4mme, Lindberg sanoo.<\/p>\n<p>Sen suhteen milt\u00e4 \u00c5IFK:n peli tulee n\u00e4ytt\u00e4m\u00e4\u00e4n kauden edetess\u00e4 Lindbergill\u00e4 on selke\u00e4 n\u00e4kemys.<\/p>\n<p>&#8211; Tulemme pelaamaan nopeaa k\u00e4sipalloa, jossa mukana on paljon sek\u00e4 vauhtia, tahtoa ett\u00e4 syd\u00e4nt\u00e4, Lindberg tiivist\u00e4\u00e4.<\/p>\n<p>&#8211; L\u00e4hdemme kauteen uudella, nuorella joukkueella, joka tulee antamaan kaikkensa ja taistelemaan sataprosenttisesti joka ottelussa. Tavoitteenamme on kehitt\u00e4\u00e4 joukkuetta ja yhteispeli\u00e4 sek\u00e4 yritt\u00e4\u00e4 ottaa niin paljon pisteit\u00e4 kuin mahdollista.<\/p>\n<p>Hiukan harvempi ottelutahti runkosarjassa on Lindbergin mukaan turkulaisille eduksi.<\/p>\n<p>&#8211; Meill\u00e4 on kapea ryhm\u00e4, joten toivotaan, ett\u00e4 nyt tulee v\u00e4hemm\u00e4n loukkaantumisia ja ett\u00e4 pystymme pysym\u00e4\u00e4n kunnossa koko kauden, kun on enemm\u00e4n mahdollisuuksia harjoitella fysiikkaa, Lindberg toteaa.<\/p>\n<p>Kaikkineen Lindberg odottaa innokkaana uuden kauden py\u00f6r\u00e4ht\u00e4mist\u00e4 toden teolla k\u00e4yntiin.<\/p>\n<p>&#8211; Toivotaan hyv\u00e4\u00e4 ja vauhdikasta kautta!<\/p>\n<p><strong>\u00c5IFK<\/strong><br \/>\nKaudella 2025-26: seitsem\u00e4s<br \/>\nRunkosarjassa seitsem\u00e4s. Ei selvinnyt pudotuspeleihin<\/p>\n<p><a href=\"https:\/\/aktialiiga.fi\/miehet\/joukkueet-2026-27\/aifk-turku\/\">\u00c5IFK:n joukkuesivu &gt;&gt;<\/a><\/p>\n","protected":false},"excerpt":{"rendered":"<p>\u00c5IFK l\u00e4htee alkavaan kauteen melkoisen uudistuneella ilmeell\u00e4 aina p\u00e4\u00e4valmentajaa my\u00f6ten, kun Joni Lindberg otti valmennusvastuun monivuotisen piiskurin Aku Kuusiston j\u00e4lkeen. Turkulaiset aloittavat kauden muutenkin melkoisen puhtaalta p\u00f6yd\u00e4lt\u00e4, sill\u00e4 vaihtuvuus pelaajistossa on ollut suhteellisen suurta. &#8211; Meill\u00e4 on iso m\u00e4\u00e4r\u00e4 pelaajia joko lopettanut, vaihtanut seuraa tai siirtynyt ulkomaille. Olemme nostaneet mukaan junioreita ja hankkineet nuoria pelaajia, [&hellip;]<\/p>\n","protected":false},"author":13,"featured_media":66187,"comment_status":"closed","ping_status":"closed","sticky":false,"template":"","format":"standard","meta":{"_acf_changed":false,"_jetpack_newsletter_access":"","_jetpack_dont_email_post_to_subs":false,"_jetpack_newsletter_tier_id":0,"_jetpack_memberships_contains_paywalled_content":false,"_jetpack_feature_clip_id":0,"_jetpack_memberships_contains_paid_content":false,"footnotes":"","jetpack_post_was_ever_published":false},"categories":[396],"tags":[50],"class_list":["post-95053","post","type-post","status-publish","format-standard","has-post-thumbnail","hentry","category-kohti-kautta","tag-aifk"],"acf":[],"yoast_head":"<!-- This site is optimized with the Yoast SEO plugin v28.4 - https:\/\/yoast.com\/product\/yoast-seo-wordpress\/ -->\n<title>Kohti kautta: \u00c5IFK | K\u00e4sipallon miesten Aktialiiga<\/title>\n<meta name=\"robots\" content=\"index, follow, max-snippet:-1, max-image-preview:large, max-video-preview:-1\" \/>\n<link rel=\"canonical\" href=\"https:\/\/aktialiiga.fi\/miehet\/2026-2027\/kohti-kautta\/kohti-kautta-aifk-11\/\" \/>\n<meta property=\"og:locale\" content=\"fi_FI\" \/>\n<meta property=\"og:type\" content=\"article\" \/>\n<meta property=\"og:title\" content=\"Kohti kautta: \u00c5IFK | K\u00e4sipallon miesten Aktialiiga\" \/>\n<meta property=\"og:description\" content=\"\u00c5IFK l\u00e4htee alkavaan kauteen melkoisen uudistuneella ilmeell\u00e4 aina p\u00e4\u00e4valmentajaa my\u00f6ten, kun Joni Lindberg otti valmennusvastuun monivuotisen piiskurin Aku Kuusiston j\u00e4lkeen. Turkulaiset aloittavat kauden muutenkin melkoisen puhtaalta p\u00f6yd\u00e4lt\u00e4, sill\u00e4 vaihtuvuus pelaajistossa on ollut suhteellisen suurta. &#8211; Meill\u00e4 on iso m\u00e4\u00e4r\u00e4 pelaajia joko lopettanut, vaihtanut seuraa tai siirtynyt ulkomaille. Olemme nostaneet mukaan junioreita ja hankkineet nuoria pelaajia, [&hellip;]\" \/>\n<meta property=\"og:url\" content=\"https:\/\/aktialiiga.fi\/miehet\/2026-2027\/kohti-kautta\/kohti-kautta-aifk-11\/\" \/>\n<meta property=\"og:site_name\" content=\"K\u00e4sipallon miesten Aktialiiga\" \/>\n<meta property=\"article:publisher\" content=\"https:\/\/www.facebook.com\/finnhandball\" \/>\n<meta property=\"article:published_time\" content=\"2026-09-04T05:50:41+00:00\" \/>\n<meta property=\"og:image\" content=\"https:\/\/aktialiiga.fi\/miehet\/wp-content\/uploads\/sites\/5\/2025\/09\/A7307051-1030x687.jpg\" \/>\n\t<meta property=\"og:image:width\" content=\"1030\" \/>\n\t<meta property=\"og:image:height\" content=\"687\" \/>\n\t<meta property=\"og:image:type\" content=\"image\/jpeg\" \/>\n<meta name=\"author\" content=\"tbrmedia\" \/>\n<meta name=\"twitter:card\" content=\"summary_large_image\" \/>\n<meta name=\"twitter:creator\" content=\"@finnhandball\" \/>\n<meta name=\"twitter:site\" content=\"@finnhandball\" \/>\n<script type=\"application\/ld+json\" class=\"yoast-schema-graph\">{\"@context\":\"https:\\\/\\\/schema.org\",\"@graph\":[{\"@type\":\"Article\",\"@id\":\"https:\\\/\\\/aktialiiga.fi\\\/miehet\\\/2026-2027\\\/kohti-kautta\\\/kohti-kautta-aifk-11\\\/#article\",\"isPartOf\":{\"@id\":\"https:\\\/\\\/aktialiiga.fi\\\/miehet\\\/2026-2027\\\/kohti-kautta\\\/kohti-kautta-aifk-11\\\/\"},\"author\":{\"name\":\"tbrmedia\",\"@id\":\"https:\\\/\\\/aktialiiga.fi\\\/miehet\\\/#\\\/schema\\\/person\\\/c14bf42f47041db74603c45afcb18d87\"},\"headline\":\"Kohti kautta: \u00c5IFK\",\"datePublished\":\"2026-09-04T05:50:41+00:00\",\"mainEntityOfPage\":{\"@id\":\"https:\\\/\\\/aktialiiga.fi\\\/miehet\\\/2026-2027\\\/kohti-kautta\\\/kohti-kautta-aifk-11\\\/\"},\"wordCount\":285,\"publisher\":{\"@id\":\"https:\\\/\\\/aktialiiga.fi\\\/miehet\\\/#organization\"},\"image\":{\"@id\":\"https:\\\/\\\/aktialiiga.fi\\\/miehet\\\/2026-2027\\\/kohti-kautta\\\/kohti-kautta-aifk-11\\\/#primaryimage\"},\"thumbnailUrl\":\"https:\\\/\\\/i0.wp.com\\\/aktialiiga.fi\\\/miehet\\\/wp-content\\\/uploads\\\/sites\\\/5\\\/2025\\\/09\\\/A7307051.jpg?fit=3520%2C2347&ssl=1\",\"keywords\":[\"\u00c5IFK\"],\"articleSection\":[\"Kohti kautta\"],\"inLanguage\":\"fi\"},{\"@type\":\"WebPage\",\"@id\":\"https:\\\/\\\/aktialiiga.fi\\\/miehet\\\/2026-2027\\\/kohti-kautta\\\/kohti-kautta-aifk-11\\\/\",\"url\":\"https:\\\/\\\/aktialiiga.fi\\\/miehet\\\/2026-2027\\\/kohti-kautta\\\/kohti-kautta-aifk-11\\\/\",\"name\":\"Kohti kautta: \u00c5IFK | K\u00e4sipallon miesten Aktialiiga\",\"isPartOf\":{\"@id\":\"https:\\\/\\\/aktialiiga.fi\\\/miehet\\\/#website\"},\"primaryImageOfPage\":{\"@id\":\"https:\\\/\\\/aktialiiga.fi\\\/miehet\\\/2026-2027\\\/kohti-kautta\\\/kohti-kautta-aifk-11\\\/#primaryimage\"},\"image\":{\"@id\":\"https:\\\/\\\/aktialiiga.fi\\\/miehet\\\/2026-2027\\\/kohti-kautta\\\/kohti-kautta-aifk-11\\\/#primaryimage\"},\"thumbnailUrl\":\"https:\\\/\\\/i0.wp.com\\\/aktialiiga.fi\\\/miehet\\\/wp-content\\\/uploads\\\/sites\\\/5\\\/2025\\\/09\\\/A7307051.jpg?fit=3520%2C2347&ssl=1\",\"datePublished\":\"2026-09-04T05:50:41+00:00\",\"breadcrumb\":{\"@id\":\"https:\\\/\\\/aktialiiga.fi\\\/miehet\\\/2026-2027\\\/kohti-kautta\\\/kohti-kautta-aifk-11\\\/#breadcrumb\"},\"inLanguage\":\"fi\",\"potentialAction\":[{\"@type\":\"ReadAction\",\"target\":[\"https:\\\/\\\/aktialiiga.fi\\\/miehet\\\/2026-2027\\\/kohti-kautta\\\/kohti-kautta-aifk-11\\\/\"]}]},{\"@type\":\"ImageObject\",\"inLanguage\":\"fi\",\"@id\":\"https:\\\/\\\/aktialiiga.fi\\\/miehet\\\/2026-2027\\\/kohti-kautta\\\/kohti-kautta-aifk-11\\\/#primaryimage\",\"url\":\"https:\\\/\\\/i0.wp.com\\\/aktialiiga.fi\\\/miehet\\\/wp-content\\\/uploads\\\/sites\\\/5\\\/2025\\\/09\\\/A7307051.jpg?fit=3520%2C2347&ssl=1\",\"contentUrl\":\"https:\\\/\\\/i0.wp.com\\\/aktialiiga.fi\\\/miehet\\\/wp-content\\\/uploads\\\/sites\\\/5\\\/2025\\\/09\\\/A7307051.jpg?fit=3520%2C2347&ssl=1\",\"width\":3520,\"height\":2347},{\"@type\":\"BreadcrumbList\",\"@id\":\"https:\\\/\\\/aktialiiga.fi\\\/miehet\\\/2026-2027\\\/kohti-kautta\\\/kohti-kautta-aifk-11\\\/#breadcrumb\",\"itemListElement\":[{\"@type\":\"ListItem\",\"position\":1,\"name\":\"Etusivu\",\"item\":\"https:\\\/\\\/aktialiiga.fi\\\/miehet\\\/etusivu-260806\\\/\"},{\"@type\":\"ListItem\",\"position\":2,\"name\":\"Kohti kautta: \u00c5IFK\"}]},{\"@type\":\"WebSite\",\"@id\":\"https:\\\/\\\/aktialiiga.fi\\\/miehet\\\/#website\",\"url\":\"https:\\\/\\\/aktialiiga.fi\\\/miehet\\\/\",\"name\":\"K\u00e4sipallon miesten Aktialiiga\",\"description\":\"Valtakunnan vauhdikkainta palloilua!\",\"publisher\":{\"@id\":\"https:\\\/\\\/aktialiiga.fi\\\/miehet\\\/#organization\"},\"potentialAction\":[{\"@type\":\"SearchAction\",\"target\":{\"@type\":\"EntryPoint\",\"urlTemplate\":\"https:\\\/\\\/aktialiiga.fi\\\/miehet\\\/?s={search_term_string}\"},\"query-input\":{\"@type\":\"PropertyValueSpecification\",\"valueRequired\":true,\"valueName\":\"search_term_string\"}}],\"inLanguage\":\"fi\"},{\"@type\":\"Organization\",\"@id\":\"https:\\\/\\\/aktialiiga.fi\\\/miehet\\\/#organization\",\"name\":\"K\u00e4sipallon miesten Aktialiiga\",\"url\":\"https:\\\/\\\/aktialiiga.fi\\\/miehet\\\/\",\"logo\":{\"@type\":\"ImageObject\",\"inLanguage\":\"fi\",\"@id\":\"https:\\\/\\\/aktialiiga.fi\\\/miehet\\\/#\\\/schema\\\/logo\\\/image\\\/\",\"url\":\"https:\\\/\\\/i0.wp.com\\\/aktialiiga.fi\\\/miehet\\\/wp-content\\\/uploads\\\/sites\\\/5\\\/2024\\\/09\\\/Aktialiiga-Yoast-512.png?fit=512%2C512&ssl=1\",\"contentUrl\":\"https:\\\/\\\/i0.wp.com\\\/aktialiiga.fi\\\/miehet\\\/wp-content\\\/uploads\\\/sites\\\/5\\\/2024\\\/09\\\/Aktialiiga-Yoast-512.png?fit=512%2C512&ssl=1\",\"width\":512,\"height\":512,\"caption\":\"K\u00e4sipallon miesten Aktialiiga\"},\"image\":{\"@id\":\"https:\\\/\\\/aktialiiga.fi\\\/miehet\\\/#\\\/schema\\\/logo\\\/image\\\/\"},\"sameAs\":[\"https:\\\/\\\/www.facebook.com\\\/finnhandball\",\"https:\\\/\\\/x.com\\\/finnhandball\",\"https:\\\/\\\/www.instagram.com\\\/handballfinland\\\/\"]},{\"@type\":\"Person\",\"@id\":\"https:\\\/\\\/aktialiiga.fi\\\/miehet\\\/#\\\/schema\\\/person\\\/c14bf42f47041db74603c45afcb18d87\",\"name\":\"tbrmedia\",\"image\":{\"@type\":\"ImageObject\",\"inLanguage\":\"fi\",\"@id\":\"https:\\\/\\\/secure.gravatar.com\\\/avatar\\\/ee975fa091fe581d12b60debb3439022686618368a7c142044c56724d4666b16?s=96&d=mm&r=g\",\"url\":\"https:\\\/\\\/secure.gravatar.com\\\/avatar\\\/ee975fa091fe581d12b60debb3439022686618368a7c142044c56724d4666b16?s=96&d=mm&r=g\",\"contentUrl\":\"https:\\\/\\\/secure.gravatar.com\\\/avatar\\\/ee975fa091fe581d12b60debb3439022686618368a7c142044c56724d4666b16?s=96&d=mm&r=g\",\"caption\":\"tbrmedia\"}}]}<\/script>\n<!-- \/ Yoast SEO plugin. -->","yoast_head_json":{"title":"Kohti kautta: \u00c5IFK | K\u00e4sipallon miesten Aktialiiga","robots":{"index":"index","follow":"follow","max-snippet":"max-snippet:-1","max-image-preview":"max-image-preview:large","max-video-preview":"max-video-preview:-1"},"canonical":"https:\/\/aktialiiga.fi\/miehet\/2026-2027\/kohti-kautta\/kohti-kautta-aifk-11\/","og_locale":"fi_FI","og_type":"article","og_title":"Kohti kautta: \u00c5IFK | K\u00e4sipallon miesten Aktialiiga","og_description":"\u00c5IFK l\u00e4htee alkavaan kauteen melkoisen uudistuneella ilmeell\u00e4 aina p\u00e4\u00e4valmentajaa my\u00f6ten, kun Joni Lindberg otti valmennusvastuun monivuotisen piiskurin Aku Kuusiston j\u00e4lkeen. Turkulaiset aloittavat kauden muutenkin melkoisen puhtaalta p\u00f6yd\u00e4lt\u00e4, sill\u00e4 vaihtuvuus pelaajistossa on ollut suhteellisen suurta. &#8211; Meill\u00e4 on iso m\u00e4\u00e4r\u00e4 pelaajia joko lopettanut, vaihtanut seuraa tai siirtynyt ulkomaille. Olemme nostaneet mukaan junioreita ja hankkineet nuoria pelaajia, [&hellip;]","og_url":"https:\/\/aktialiiga.fi\/miehet\/2026-2027\/kohti-kautta\/kohti-kautta-aifk-11\/","og_site_name":"K\u00e4sipallon miesten Aktialiiga","article_publisher":"https:\/\/www.facebook.com\/finnhandball","article_published_time":"2026-09-04T05:50:41+00:00","og_image":[{"width":1030,"height":687,"url":"https:\/\/aktialiiga.fi\/miehet\/wp-content\/uploads\/sites\/5\/2025\/09\/A7307051-1030x687.jpg","type":"image\/jpeg"}],"author":"tbrmedia","twitter_card":"summary_large_image","twitter_creator":"@finnhandball","twitter_site":"@finnhandball","schema":{"@context":"https:\/\/schema.org","@graph":[{"@type":"Article","@id":"https:\/\/aktialiiga.fi\/miehet\/2026-2027\/kohti-kautta\/kohti-kautta-aifk-11\/#article","isPartOf":{"@id":"https:\/\/aktialiiga.fi\/miehet\/2026-2027\/kohti-kautta\/kohti-kautta-aifk-11\/"},"author":{"name":"tbrmedia","@id":"https:\/\/aktialiiga.fi\/miehet\/#\/schema\/person\/c14bf42f47041db74603c45afcb18d87"},"headline":"Kohti kautta: \u00c5IFK","datePublished":"2026-09-04T05:50:41+00:00","mainEntityOfPage":{"@id":"https:\/\/aktialiiga.fi\/miehet\/2026-2027\/kohti-kautta\/kohti-kautta-aifk-11\/"},"wordCount":285,"publisher":{"@id":"https:\/\/aktialiiga.fi\/miehet\/#organization"},"image":{"@id":"https:\/\/aktialiiga.fi\/miehet\/2026-2027\/kohti-kautta\/kohti-kautta-aifk-11\/#primaryimage"},"thumbnailUrl":"https:\/\/i0.wp.com\/aktialiiga.fi\/miehet\/wp-content\/uploads\/sites\/5\/2025\/09\/A7307051.jpg?fit=3520%2C2347&ssl=1","keywords":["\u00c5IFK"],"articleSection":["Kohti kautta"],"inLanguage":"fi"},{"@type":"WebPage","@id":"https:\/\/aktialiiga.fi\/miehet\/2026-2027\/kohti-kautta\/kohti-kautta-aifk-11\/","url":"https:\/\/aktialiiga.fi\/miehet\/2026-2027\/kohti-kautta\/kohti-kautta-aifk-11\/","name":"Kohti kautta: \u00c5IFK | K\u00e4sipallon miesten Aktialiiga","isPartOf":{"@id":"https:\/\/aktialiiga.fi\/miehet\/#website"},"primaryImageOfPage":{"@id":"https:\/\/aktialiiga.fi\/miehet\/2026-2027\/kohti-kautta\/kohti-kautta-aifk-11\/#primaryimage"},"image":{"@id":"https:\/\/aktialiiga.fi\/miehet\/2026-2027\/kohti-kautta\/kohti-kautta-aifk-11\/#primaryimage"},"thumbnailUrl":"https:\/\/i0.wp.com\/aktialiiga.fi\/miehet\/wp-content\/uploads\/sites\/5\/2025\/09\/A7307051.jpg?fit=3520%2C2347&ssl=1","datePublished":"2026-09-04T05:50:41+00:00","breadcrumb":{"@id":"https:\/\/aktialiiga.fi\/miehet\/2026-2027\/kohti-kautta\/kohti-kautta-aifk-11\/#breadcrumb"},"inLanguage":"fi","potentialAction":[{"@type":"ReadAction","target":["https:\/\/aktialiiga.fi\/miehet\/2026-2027\/kohti-kautta\/kohti-kautta-aifk-11\/"]}]},{"@type":"ImageObject","inLanguage":"fi","@id":"https:\/\/aktialiiga.fi\/miehet\/2026-2027\/kohti-kautta\/kohti-kautta-aifk-11\/#primaryimage","url":"https:\/\/i0.wp.com\/aktialiiga.fi\/miehet\/wp-content\/uploads\/sites\/5\/2025\/09\/A7307051.jpg?fit=3520%2C2347&ssl=1","contentUrl":"https:\/\/i0.wp.com\/aktialiiga.fi\/miehet\/wp-content\/uploads\/sites\/5\/2025\/09\/A7307051.jpg?fit=3520%2C2347&ssl=1","width":3520,"height":2347},{"@type":"BreadcrumbList","@id":"https:\/\/aktialiiga.fi\/miehet\/2026-2027\/kohti-kautta\/kohti-kautta-aifk-11\/#breadcrumb","itemListElement":[{"@type":"ListItem","position":1,"name":"Etusivu","item":"https:\/\/aktialiiga.fi\/miehet\/etusivu-260806\/"},{"@type":"ListItem","position":2,"name":"Kohti kautta: \u00c5IFK"}]},{"@type":"WebSite","@id":"https:\/\/aktialiiga.fi\/miehet\/#website","url":"https:\/\/aktialiiga.fi\/miehet\/","name":"K\u00e4sipallon miesten Aktialiiga","description":"Valtakunnan vauhdikkainta palloilua!","publisher":{"@id":"https:\/\/aktialiiga.fi\/miehet\/#organization"},"potentialAction":[{"@type":"SearchAction","target":{"@type":"EntryPoint","urlTemplate":"https:\/\/aktialiiga.fi\/miehet\/?s={search_term_string}"},"query-input":{"@type":"PropertyValueSpecification","valueRequired":true,"valueName":"search_term_string"}}],"inLanguage":"fi"},{"@type":"Organization","@id":"https:\/\/aktialiiga.fi\/miehet\/#organization","name":"K\u00e4sipallon miesten Aktialiiga","url":"https:\/\/aktialiiga.fi\/miehet\/","logo":{"@type":"ImageObject","inLanguage":"fi","@id":"https:\/\/aktialiiga.fi\/miehet\/#\/schema\/logo\/image\/","url":"https:\/\/i0.wp.com\/aktialiiga.fi\/miehet\/wp-content\/uploads\/sites\/5\/2024\/09\/Aktialiiga-Yoast-512.png?fit=512%2C512&ssl=1","contentUrl":"https:\/\/i0.wp.com\/aktialiiga.fi\/miehet\/wp-content\/uploads\/sites\/5\/2024\/09\/Aktialiiga-Yoast-512.png?fit=512%2C512&ssl=1","width":512,"height":512,"caption":"K\u00e4sipallon miesten Aktialiiga"},"image":{"@id":"https:\/\/aktialiiga.fi\/miehet\/#\/schema\/logo\/image\/"},"sameAs":["https:\/\/www.facebook.com\/finnhandball","https:\/\/x.com\/finnhandball","https:\/\/www.instagram.com\/handballfinland\/"]},{"@type":"Person","@id":"https:\/\/aktialiiga.fi\/miehet\/#\/schema\/person\/c14bf42f47041db74603c45afcb18d87","name":"tbrmedia","image":{"@type":"ImageObject","inLanguage":"fi","@id":"https:\/\/secure.gravatar.com\/avatar\/ee975fa091fe581d12b60debb3439022686618368a7c142044c56724d4666b16?s=96&d=mm&r=g","url":"https:\/\/secure.gravatar.com\/avatar\/ee975fa091fe581d12b60debb3439022686618368a7c142044c56724d4666b16?s=96&d=mm&r=g","contentUrl":"https:\/\/secure.gravatar.com\/avatar\/ee975fa091fe581d12b60debb3439022686618368a7c142044c56724d4666b16?s=96&d=mm&r=g","caption":"tbrmedia"}}]}},"jetpack_sharing_enabled":true,"jetpack_shortlink":"https:\/\/wp.me\/pfTxOr-oJ7","jetpack_featured_media_url":"https:\/\/i0.wp.com\/aktialiiga.fi\/miehet\/wp-content\/uploads\/sites\/5\/2025\/09\/A7307051.jpg?fit=3520%2C2347&ssl=1","_links":{"self":[{"href":"https:\/\/aktialiiga.fi\/miehet\/wp-json\/wp\/v2\/posts\/95053","targetHints":{"allow":["GET"]}}],"collection":[{"href":"https:\/\/aktialiiga.fi\/miehet\/wp-json\/wp\/v2\/posts"}],"about":[{"href":"https:\/\/aktialiiga.fi\/miehet\/wp-json\/wp\/v2\/types\/post"}],"author":[{"embeddable":true,"href":"https:\/\/aktialiiga.fi\/miehet\/wp-json\/wp\/v2\/users\/13"}],"replies":[{"embeddable":true,"href":"https:\/\/aktialiiga.fi\/miehet\/wp-json\/wp\/v2\/comments?post=95053"}],"version-history":[{"count":2,"href":"https:\/\/aktialiiga.fi\/miehet\/wp-json\/wp\/v2\/posts\/95053\/revisions"}],"predecessor-version":[{"id":95378,"href":"https:\/\/aktialiiga.fi\/miehet\/wp-json\/wp\/v2\/posts\/95053\/revisions\/95378"}],"wp:featuredmedia":[{"embeddable":true,"href":"https:\/\/aktialiiga.fi\/miehet\/wp-json\/wp\/v2\/media\/66187"}],"wp:attachment":[{"href":"https:\/\/aktialiiga.fi\/miehet\/wp-json\/wp\/v2\/media?parent=95053"}],"wp:term":[{"taxonomy":"category","embeddable":true,"href":"https:\/\/aktialiiga.fi\/miehet\/wp-json\/wp\/v2\/categories?post=95053"},{"taxonomy":"post_tag","embeddable":true,"href":"https:\/\/aktialiiga.fi\/miehet\/wp-json\/wp\/v2\/tags?post=95053"}],"curies":[{"name":"wp","href":"https:\/\/api.w.org\/{rel}","templated":true}]}}