{"id":95379,"date":"2026-09-04T10:18:43","date_gmt":"2026-09-04T07:18:43","guid":{"rendered":"https:\/\/aktialiiga.fi\/miehet\/?p=95379"},"modified":"2026-09-03T21:52:15","modified_gmt":"2026-09-03T18:52:15","slug":"kohti-kautta-sif-11","status":"publish","type":"post","link":"https:\/\/aktialiiga.fi\/miehet\/2026-2027\/kohti-kautta\/kohti-kautta-sif-11\/","title":{"rendered":"Kohti kautta: SIF"},"content":{"rendered":"<p>SIF l\u00e4htee alkavaan kauteen uudessa komennossa, kun jo aikaisin kev\u00e4\u00e4ll\u00e4 alkanut valmentajahaku Siuntiossa p\u00e4\u00e4ttyi lopulta sis\u00e4iseen ratkaisuun eli kokenut pelaaja Miro Koljonen tarttui nyt my\u00f6s valmennusvastuuseen.<\/p>\n<p>Ainakin tarpeen mukaan varmasti viel\u00e4 pelaajanakin n\u00e4ht\u00e4v\u00e4n\u00e4 Koljosella on kent\u00e4n puolelta luonnollisesti hyv\u00e4 tuntuma joukkueeseen ja vaikka vaihtuvuutta on jonkin verran ollut, SIF p\u00e4\u00e4see Koljosen mukaan aika pitk\u00e4lti jatkamaan siit\u00e4 mihin viime kausi p\u00e4\u00e4ttyi.<\/p>\n<p>&#8211; Joukkueen rungossa ei onneksi ole hirve\u00e4n suuria muutoksia, hyvi\u00e4 korvaajia on saatu l\u00e4hteneiden tilalle ja hienoa saada pari uutta omaa junioria sek\u00e4 pari paluumuuttajaa joukkueeseen my\u00f6s mukaan.<\/p>\n<p>&#8211; Ydinrunko on k\u00e4yt\u00e4nn\u00f6ss\u00e4 sama ja p\u00e4\u00e4st\u00e4\u00e4n jatkamaan ty\u00f6ntekoa hyvin siit\u00e4 mihin viime kauden p\u00e4\u00e4tteeksi j\u00e4\u00e4tiin, Koljonen linjaa.<\/p>\n<p>Viime kausi Siuntiossa oli osin nousujohteinen, mutta p\u00e4\u00e4ttyi lopulta puoliv\u00e4lier\u00e4tappioon Cocksia vastaan. Nyt tavoitteet ovat korkeammalla jo runkosarjasta l\u00e4htien.<\/p>\n<p>&#8211; Hyvill\u00e4 mielin l\u00e4hdet\u00e4\u00e4n uuteen kauteen, mielenkiintoinen kausi luvassa. Tavoitteena on parantaa viime kaudesta.<\/p>\n<p>Pohja on siis periaatteessa hyv\u00e4 ja Koljosen mukaan kauteen valmistauduttaessa on pyritty sen p\u00e4\u00e4lle rakentamaan my\u00f6s uutta.<\/p>\n<p>&#8211; Olemme pyrkineet pit\u00e4m\u00e4\u00e4n hyv\u00e4\u00e4 tempoa kes\u00e4ll\u00e4 ja tavoitteena onkin pelata edelliskauteen verrattuna vauhdikkaampaan k\u00e4sipalloa.<\/p>\n<p>&#8211; Aktiivinen puolustus- ja suoraviivainen hy\u00f6kk\u00e4yspeli, Koljonen tiivist\u00e4\u00e4 SIF:n pelaamisen teesit.<\/p>\n<p>Kahdeksan joukkueen kolminkertainen runkosarja muutoksena aiempaa saa monen muun tavoin kiitosta my\u00f6s Koljoselta.<\/p>\n<p>&#8211; Mielest\u00e4ni hyv\u00e4 muutos ja toivon mukaan kyseisell\u00e4 muutoksella p\u00e4\u00e4st\u00e4\u00e4n pitk\u00e4lti eroon arkipeleist\u00e4, joka mahdollistaa sen, ett\u00e4 pystyt\u00e4\u00e4n laittamaan enemm\u00e4n fokusta laadukkaaseen harjoitteluun koko kauden l\u00e4pi ja saadaan ehji\u00e4 treeniviikkoja alle.<\/p>\n<p><strong>SIF<\/strong><br \/>\nKaudella 2025-26: kuudes<br \/>\nRunkosarjassa kuudes. H\u00e4visi puoliv\u00e4lieriss\u00e4 Cocksille otteluvoitoin 1-2.<\/p>\n<p><a href=\"https:\/\/aktialiiga.fi\/miehet\/joukkueet-2026-27\/sif-siuntio\/\">SIF:n joukkuesivu &gt;&gt;<\/a><\/p>\n","protected":false},"excerpt":{"rendered":"<p>SIF l\u00e4htee alkavaan kauteen uudessa komennossa, kun jo aikaisin kev\u00e4\u00e4ll\u00e4 alkanut valmentajahaku Siuntiossa p\u00e4\u00e4ttyi lopulta sis\u00e4iseen ratkaisuun eli kokenut pelaaja Miro Koljonen tarttui nyt my\u00f6s valmennusvastuuseen. Ainakin tarpeen mukaan varmasti viel\u00e4 pelaajanakin n\u00e4ht\u00e4v\u00e4n\u00e4 Koljosella on kent\u00e4n puolelta luonnollisesti hyv\u00e4 tuntuma joukkueeseen ja vaikka vaihtuvuutta on jonkin verran ollut, SIF p\u00e4\u00e4see Koljosen mukaan aika pitk\u00e4lti jatkamaan [&hellip;]<\/p>\n","protected":false},"author":13,"featured_media":66961,"comment_status":"closed","ping_status":"closed","sticky":false,"template":"","format":"standard","meta":{"_acf_changed":false,"_jetpack_newsletter_access":"","_jetpack_dont_email_post_to_subs":false,"_jetpack_newsletter_tier_id":0,"_jetpack_memberships_contains_paywalled_content":false,"_jetpack_feature_clip_id":0,"_jetpack_memberships_contains_paid_content":false,"footnotes":"","jetpack_post_was_ever_published":false},"categories":[396],"tags":[111],"class_list":["post-95379","post","type-post","status-publish","format-standard","has-post-thumbnail","hentry","category-kohti-kautta","tag-sif"],"acf":[],"yoast_head":"<!-- This site is optimized with the Yoast SEO plugin v28.4 - https:\/\/yoast.com\/product\/yoast-seo-wordpress\/ -->\n<title>Kohti kautta: SIF | K\u00e4sipallon miesten Aktialiiga<\/title>\n<meta name=\"robots\" content=\"index, follow, max-snippet:-1, max-image-preview:large, max-video-preview:-1\" \/>\n<link rel=\"canonical\" href=\"https:\/\/aktialiiga.fi\/miehet\/2026-2027\/kohti-kautta\/kohti-kautta-sif-11\/\" \/>\n<meta property=\"og:locale\" content=\"fi_FI\" \/>\n<meta property=\"og:type\" content=\"article\" \/>\n<meta property=\"og:title\" content=\"Kohti kautta: SIF | K\u00e4sipallon miesten Aktialiiga\" \/>\n<meta property=\"og:description\" content=\"SIF l\u00e4htee alkavaan kauteen uudessa komennossa, kun jo aikaisin kev\u00e4\u00e4ll\u00e4 alkanut valmentajahaku Siuntiossa p\u00e4\u00e4ttyi lopulta sis\u00e4iseen ratkaisuun eli kokenut pelaaja Miro Koljonen tarttui nyt my\u00f6s valmennusvastuuseen. Ainakin tarpeen mukaan varmasti viel\u00e4 pelaajanakin n\u00e4ht\u00e4v\u00e4n\u00e4 Koljosella on kent\u00e4n puolelta luonnollisesti hyv\u00e4 tuntuma joukkueeseen ja vaikka vaihtuvuutta on jonkin verran ollut, SIF p\u00e4\u00e4see Koljosen mukaan aika pitk\u00e4lti jatkamaan [&hellip;]\" \/>\n<meta property=\"og:url\" content=\"https:\/\/aktialiiga.fi\/miehet\/2026-2027\/kohti-kautta\/kohti-kautta-sif-11\/\" \/>\n<meta property=\"og:site_name\" content=\"K\u00e4sipallon miesten Aktialiiga\" \/>\n<meta property=\"article:publisher\" content=\"https:\/\/www.facebook.com\/finnhandball\" \/>\n<meta property=\"article:published_time\" content=\"2026-09-04T07:18:43+00:00\" \/>\n<meta property=\"og:image\" content=\"https:\/\/aktialiiga.fi\/miehet\/wp-content\/uploads\/sites\/5\/2025\/10\/A7302172-1030x687.jpg\" \/>\n\t<meta property=\"og:image:width\" content=\"1030\" \/>\n\t<meta property=\"og:image:height\" content=\"687\" \/>\n\t<meta property=\"og:image:type\" content=\"image\/jpeg\" \/>\n<meta name=\"author\" content=\"tbrmedia\" \/>\n<meta name=\"twitter:card\" content=\"summary_large_image\" \/>\n<meta name=\"twitter:creator\" content=\"@finnhandball\" \/>\n<meta name=\"twitter:site\" content=\"@finnhandball\" \/>\n<script type=\"application\/ld+json\" class=\"yoast-schema-graph\">{\"@context\":\"https:\\\/\\\/schema.org\",\"@graph\":[{\"@type\":\"Article\",\"@id\":\"https:\\\/\\\/aktialiiga.fi\\\/miehet\\\/2026-2027\\\/kohti-kautta\\\/kohti-kautta-sif-11\\\/#article\",\"isPartOf\":{\"@id\":\"https:\\\/\\\/aktialiiga.fi\\\/miehet\\\/2026-2027\\\/kohti-kautta\\\/kohti-kautta-sif-11\\\/\"},\"author\":{\"name\":\"tbrmedia\",\"@id\":\"https:\\\/\\\/aktialiiga.fi\\\/miehet\\\/#\\\/schema\\\/person\\\/c14bf42f47041db74603c45afcb18d87\"},\"headline\":\"Kohti kautta: SIF\",\"datePublished\":\"2026-09-04T07:18:43+00:00\",\"mainEntityOfPage\":{\"@id\":\"https:\\\/\\\/aktialiiga.fi\\\/miehet\\\/2026-2027\\\/kohti-kautta\\\/kohti-kautta-sif-11\\\/\"},\"wordCount\":293,\"publisher\":{\"@id\":\"https:\\\/\\\/aktialiiga.fi\\\/miehet\\\/#organization\"},\"image\":{\"@id\":\"https:\\\/\\\/aktialiiga.fi\\\/miehet\\\/2026-2027\\\/kohti-kautta\\\/kohti-kautta-sif-11\\\/#primaryimage\"},\"thumbnailUrl\":\"https:\\\/\\\/i0.wp.com\\\/aktialiiga.fi\\\/miehet\\\/wp-content\\\/uploads\\\/sites\\\/5\\\/2025\\\/10\\\/A7302172.jpg?fit=4374%2C2916&ssl=1\",\"keywords\":[\"SIF\"],\"articleSection\":[\"Kohti kautta\"],\"inLanguage\":\"fi\"},{\"@type\":\"WebPage\",\"@id\":\"https:\\\/\\\/aktialiiga.fi\\\/miehet\\\/2026-2027\\\/kohti-kautta\\\/kohti-kautta-sif-11\\\/\",\"url\":\"https:\\\/\\\/aktialiiga.fi\\\/miehet\\\/2026-2027\\\/kohti-kautta\\\/kohti-kautta-sif-11\\\/\",\"name\":\"Kohti kautta: SIF | K\u00e4sipallon miesten Aktialiiga\",\"isPartOf\":{\"@id\":\"https:\\\/\\\/aktialiiga.fi\\\/miehet\\\/#website\"},\"primaryImageOfPage\":{\"@id\":\"https:\\\/\\\/aktialiiga.fi\\\/miehet\\\/2026-2027\\\/kohti-kautta\\\/kohti-kautta-sif-11\\\/#primaryimage\"},\"image\":{\"@id\":\"https:\\\/\\\/aktialiiga.fi\\\/miehet\\\/2026-2027\\\/kohti-kautta\\\/kohti-kautta-sif-11\\\/#primaryimage\"},\"thumbnailUrl\":\"https:\\\/\\\/i0.wp.com\\\/aktialiiga.fi\\\/miehet\\\/wp-content\\\/uploads\\\/sites\\\/5\\\/2025\\\/10\\\/A7302172.jpg?fit=4374%2C2916&ssl=1\",\"datePublished\":\"2026-09-04T07:18:43+00:00\",\"breadcrumb\":{\"@id\":\"https:\\\/\\\/aktialiiga.fi\\\/miehet\\\/2026-2027\\\/kohti-kautta\\\/kohti-kautta-sif-11\\\/#breadcrumb\"},\"inLanguage\":\"fi\",\"potentialAction\":[{\"@type\":\"ReadAction\",\"target\":[\"https:\\\/\\\/aktialiiga.fi\\\/miehet\\\/2026-2027\\\/kohti-kautta\\\/kohti-kautta-sif-11\\\/\"]}]},{\"@type\":\"ImageObject\",\"inLanguage\":\"fi\",\"@id\":\"https:\\\/\\\/aktialiiga.fi\\\/miehet\\\/2026-2027\\\/kohti-kautta\\\/kohti-kautta-sif-11\\\/#primaryimage\",\"url\":\"https:\\\/\\\/i0.wp.com\\\/aktialiiga.fi\\\/miehet\\\/wp-content\\\/uploads\\\/sites\\\/5\\\/2025\\\/10\\\/A7302172.jpg?fit=4374%2C2916&ssl=1\",\"contentUrl\":\"https:\\\/\\\/i0.wp.com\\\/aktialiiga.fi\\\/miehet\\\/wp-content\\\/uploads\\\/sites\\\/5\\\/2025\\\/10\\\/A7302172.jpg?fit=4374%2C2916&ssl=1\",\"width\":4374,\"height\":2916},{\"@type\":\"BreadcrumbList\",\"@id\":\"https:\\\/\\\/aktialiiga.fi\\\/miehet\\\/2026-2027\\\/kohti-kautta\\\/kohti-kautta-sif-11\\\/#breadcrumb\",\"itemListElement\":[{\"@type\":\"ListItem\",\"position\":1,\"name\":\"Etusivu\",\"item\":\"https:\\\/\\\/aktialiiga.fi\\\/miehet\\\/etusivu-260806\\\/\"},{\"@type\":\"ListItem\",\"position\":2,\"name\":\"Kohti kautta: SIF\"}]},{\"@type\":\"WebSite\",\"@id\":\"https:\\\/\\\/aktialiiga.fi\\\/miehet\\\/#website\",\"url\":\"https:\\\/\\\/aktialiiga.fi\\\/miehet\\\/\",\"name\":\"K\u00e4sipallon miesten Aktialiiga\",\"description\":\"Valtakunnan vauhdikkainta palloilua!\",\"publisher\":{\"@id\":\"https:\\\/\\\/aktialiiga.fi\\\/miehet\\\/#organization\"},\"potentialAction\":[{\"@type\":\"SearchAction\",\"target\":{\"@type\":\"EntryPoint\",\"urlTemplate\":\"https:\\\/\\\/aktialiiga.fi\\\/miehet\\\/?s={search_term_string}\"},\"query-input\":{\"@type\":\"PropertyValueSpecification\",\"valueRequired\":true,\"valueName\":\"search_term_string\"}}],\"inLanguage\":\"fi\"},{\"@type\":\"Organization\",\"@id\":\"https:\\\/\\\/aktialiiga.fi\\\/miehet\\\/#organization\",\"name\":\"K\u00e4sipallon miesten Aktialiiga\",\"url\":\"https:\\\/\\\/aktialiiga.fi\\\/miehet\\\/\",\"logo\":{\"@type\":\"ImageObject\",\"inLanguage\":\"fi\",\"@id\":\"https:\\\/\\\/aktialiiga.fi\\\/miehet\\\/#\\\/schema\\\/logo\\\/image\\\/\",\"url\":\"https:\\\/\\\/i0.wp.com\\\/aktialiiga.fi\\\/miehet\\\/wp-content\\\/uploads\\\/sites\\\/5\\\/2024\\\/09\\\/Aktialiiga-Yoast-512.png?fit=512%2C512&ssl=1\",\"contentUrl\":\"https:\\\/\\\/i0.wp.com\\\/aktialiiga.fi\\\/miehet\\\/wp-content\\\/uploads\\\/sites\\\/5\\\/2024\\\/09\\\/Aktialiiga-Yoast-512.png?fit=512%2C512&ssl=1\",\"width\":512,\"height\":512,\"caption\":\"K\u00e4sipallon miesten Aktialiiga\"},\"image\":{\"@id\":\"https:\\\/\\\/aktialiiga.fi\\\/miehet\\\/#\\\/schema\\\/logo\\\/image\\\/\"},\"sameAs\":[\"https:\\\/\\\/www.facebook.com\\\/finnhandball\",\"https:\\\/\\\/x.com\\\/finnhandball\",\"https:\\\/\\\/www.instagram.com\\\/handballfinland\\\/\"]},{\"@type\":\"Person\",\"@id\":\"https:\\\/\\\/aktialiiga.fi\\\/miehet\\\/#\\\/schema\\\/person\\\/c14bf42f47041db74603c45afcb18d87\",\"name\":\"tbrmedia\",\"image\":{\"@type\":\"ImageObject\",\"inLanguage\":\"fi\",\"@id\":\"https:\\\/\\\/secure.gravatar.com\\\/avatar\\\/ee975fa091fe581d12b60debb3439022686618368a7c142044c56724d4666b16?s=96&d=mm&r=g\",\"url\":\"https:\\\/\\\/secure.gravatar.com\\\/avatar\\\/ee975fa091fe581d12b60debb3439022686618368a7c142044c56724d4666b16?s=96&d=mm&r=g\",\"contentUrl\":\"https:\\\/\\\/secure.gravatar.com\\\/avatar\\\/ee975fa091fe581d12b60debb3439022686618368a7c142044c56724d4666b16?s=96&d=mm&r=g\",\"caption\":\"tbrmedia\"}}]}<\/script>\n<!-- \/ Yoast SEO plugin. -->","yoast_head_json":{"title":"Kohti kautta: SIF | K\u00e4sipallon miesten Aktialiiga","robots":{"index":"index","follow":"follow","max-snippet":"max-snippet:-1","max-image-preview":"max-image-preview:large","max-video-preview":"max-video-preview:-1"},"canonical":"https:\/\/aktialiiga.fi\/miehet\/2026-2027\/kohti-kautta\/kohti-kautta-sif-11\/","og_locale":"fi_FI","og_type":"article","og_title":"Kohti kautta: SIF | K\u00e4sipallon miesten Aktialiiga","og_description":"SIF l\u00e4htee alkavaan kauteen uudessa komennossa, kun jo aikaisin kev\u00e4\u00e4ll\u00e4 alkanut valmentajahaku Siuntiossa p\u00e4\u00e4ttyi lopulta sis\u00e4iseen ratkaisuun eli kokenut pelaaja Miro Koljonen tarttui nyt my\u00f6s valmennusvastuuseen. Ainakin tarpeen mukaan varmasti viel\u00e4 pelaajanakin n\u00e4ht\u00e4v\u00e4n\u00e4 Koljosella on kent\u00e4n puolelta luonnollisesti hyv\u00e4 tuntuma joukkueeseen ja vaikka vaihtuvuutta on jonkin verran ollut, SIF p\u00e4\u00e4see Koljosen mukaan aika pitk\u00e4lti jatkamaan [&hellip;]","og_url":"https:\/\/aktialiiga.fi\/miehet\/2026-2027\/kohti-kautta\/kohti-kautta-sif-11\/","og_site_name":"K\u00e4sipallon miesten Aktialiiga","article_publisher":"https:\/\/www.facebook.com\/finnhandball","article_published_time":"2026-09-04T07:18:43+00:00","og_image":[{"width":1030,"height":687,"url":"https:\/\/aktialiiga.fi\/miehet\/wp-content\/uploads\/sites\/5\/2025\/10\/A7302172-1030x687.jpg","type":"image\/jpeg"}],"author":"tbrmedia","twitter_card":"summary_large_image","twitter_creator":"@finnhandball","twitter_site":"@finnhandball","schema":{"@context":"https:\/\/schema.org","@graph":[{"@type":"Article","@id":"https:\/\/aktialiiga.fi\/miehet\/2026-2027\/kohti-kautta\/kohti-kautta-sif-11\/#article","isPartOf":{"@id":"https:\/\/aktialiiga.fi\/miehet\/2026-2027\/kohti-kautta\/kohti-kautta-sif-11\/"},"author":{"name":"tbrmedia","@id":"https:\/\/aktialiiga.fi\/miehet\/#\/schema\/person\/c14bf42f47041db74603c45afcb18d87"},"headline":"Kohti kautta: SIF","datePublished":"2026-09-04T07:18:43+00:00","mainEntityOfPage":{"@id":"https:\/\/aktialiiga.fi\/miehet\/2026-2027\/kohti-kautta\/kohti-kautta-sif-11\/"},"wordCount":293,"publisher":{"@id":"https:\/\/aktialiiga.fi\/miehet\/#organization"},"image":{"@id":"https:\/\/aktialiiga.fi\/miehet\/2026-2027\/kohti-kautta\/kohti-kautta-sif-11\/#primaryimage"},"thumbnailUrl":"https:\/\/i0.wp.com\/aktialiiga.fi\/miehet\/wp-content\/uploads\/sites\/5\/2025\/10\/A7302172.jpg?fit=4374%2C2916&ssl=1","keywords":["SIF"],"articleSection":["Kohti kautta"],"inLanguage":"fi"},{"@type":"WebPage","@id":"https:\/\/aktialiiga.fi\/miehet\/2026-2027\/kohti-kautta\/kohti-kautta-sif-11\/","url":"https:\/\/aktialiiga.fi\/miehet\/2026-2027\/kohti-kautta\/kohti-kautta-sif-11\/","name":"Kohti kautta: SIF | K\u00e4sipallon miesten Aktialiiga","isPartOf":{"@id":"https:\/\/aktialiiga.fi\/miehet\/#website"},"primaryImageOfPage":{"@id":"https:\/\/aktialiiga.fi\/miehet\/2026-2027\/kohti-kautta\/kohti-kautta-sif-11\/#primaryimage"},"image":{"@id":"https:\/\/aktialiiga.fi\/miehet\/2026-2027\/kohti-kautta\/kohti-kautta-sif-11\/#primaryimage"},"thumbnailUrl":"https:\/\/i0.wp.com\/aktialiiga.fi\/miehet\/wp-content\/uploads\/sites\/5\/2025\/10\/A7302172.jpg?fit=4374%2C2916&ssl=1","datePublished":"2026-09-04T07:18:43+00:00","breadcrumb":{"@id":"https:\/\/aktialiiga.fi\/miehet\/2026-2027\/kohti-kautta\/kohti-kautta-sif-11\/#breadcrumb"},"inLanguage":"fi","potentialAction":[{"@type":"ReadAction","target":["https:\/\/aktialiiga.fi\/miehet\/2026-2027\/kohti-kautta\/kohti-kautta-sif-11\/"]}]},{"@type":"ImageObject","inLanguage":"fi","@id":"https:\/\/aktialiiga.fi\/miehet\/2026-2027\/kohti-kautta\/kohti-kautta-sif-11\/#primaryimage","url":"https:\/\/i0.wp.com\/aktialiiga.fi\/miehet\/wp-content\/uploads\/sites\/5\/2025\/10\/A7302172.jpg?fit=4374%2C2916&ssl=1","contentUrl":"https:\/\/i0.wp.com\/aktialiiga.fi\/miehet\/wp-content\/uploads\/sites\/5\/2025\/10\/A7302172.jpg?fit=4374%2C2916&ssl=1","width":4374,"height":2916},{"@type":"BreadcrumbList","@id":"https:\/\/aktialiiga.fi\/miehet\/2026-2027\/kohti-kautta\/kohti-kautta-sif-11\/#breadcrumb","itemListElement":[{"@type":"ListItem","position":1,"name":"Etusivu","item":"https:\/\/aktialiiga.fi\/miehet\/etusivu-260806\/"},{"@type":"ListItem","position":2,"name":"Kohti kautta: SIF"}]},{"@type":"WebSite","@id":"https:\/\/aktialiiga.fi\/miehet\/#website","url":"https:\/\/aktialiiga.fi\/miehet\/","name":"K\u00e4sipallon miesten Aktialiiga","description":"Valtakunnan vauhdikkainta palloilua!","publisher":{"@id":"https:\/\/aktialiiga.fi\/miehet\/#organization"},"potentialAction":[{"@type":"SearchAction","target":{"@type":"EntryPoint","urlTemplate":"https:\/\/aktialiiga.fi\/miehet\/?s={search_term_string}"},"query-input":{"@type":"PropertyValueSpecification","valueRequired":true,"valueName":"search_term_string"}}],"inLanguage":"fi"},{"@type":"Organization","@id":"https:\/\/aktialiiga.fi\/miehet\/#organization","name":"K\u00e4sipallon miesten Aktialiiga","url":"https:\/\/aktialiiga.fi\/miehet\/","logo":{"@type":"ImageObject","inLanguage":"fi","@id":"https:\/\/aktialiiga.fi\/miehet\/#\/schema\/logo\/image\/","url":"https:\/\/i0.wp.com\/aktialiiga.fi\/miehet\/wp-content\/uploads\/sites\/5\/2024\/09\/Aktialiiga-Yoast-512.png?fit=512%2C512&ssl=1","contentUrl":"https:\/\/i0.wp.com\/aktialiiga.fi\/miehet\/wp-content\/uploads\/sites\/5\/2024\/09\/Aktialiiga-Yoast-512.png?fit=512%2C512&ssl=1","width":512,"height":512,"caption":"K\u00e4sipallon miesten Aktialiiga"},"image":{"@id":"https:\/\/aktialiiga.fi\/miehet\/#\/schema\/logo\/image\/"},"sameAs":["https:\/\/www.facebook.com\/finnhandball","https:\/\/x.com\/finnhandball","https:\/\/www.instagram.com\/handballfinland\/"]},{"@type":"Person","@id":"https:\/\/aktialiiga.fi\/miehet\/#\/schema\/person\/c14bf42f47041db74603c45afcb18d87","name":"tbrmedia","image":{"@type":"ImageObject","inLanguage":"fi","@id":"https:\/\/secure.gravatar.com\/avatar\/ee975fa091fe581d12b60debb3439022686618368a7c142044c56724d4666b16?s=96&d=mm&r=g","url":"https:\/\/secure.gravatar.com\/avatar\/ee975fa091fe581d12b60debb3439022686618368a7c142044c56724d4666b16?s=96&d=mm&r=g","contentUrl":"https:\/\/secure.gravatar.com\/avatar\/ee975fa091fe581d12b60debb3439022686618368a7c142044c56724d4666b16?s=96&d=mm&r=g","caption":"tbrmedia"}}]}},"jetpack_sharing_enabled":true,"jetpack_shortlink":"https:\/\/wp.me\/pfTxOr-oOn","jetpack_featured_media_url":"https:\/\/i0.wp.com\/aktialiiga.fi\/miehet\/wp-content\/uploads\/sites\/5\/2025\/10\/A7302172.jpg?fit=4374%2C2916&ssl=1","_links":{"self":[{"href":"https:\/\/aktialiiga.fi\/miehet\/wp-json\/wp\/v2\/posts\/95379","targetHints":{"allow":["GET"]}}],"collection":[{"href":"https:\/\/aktialiiga.fi\/miehet\/wp-json\/wp\/v2\/posts"}],"about":[{"href":"https:\/\/aktialiiga.fi\/miehet\/wp-json\/wp\/v2\/types\/post"}],"author":[{"embeddable":true,"href":"https:\/\/aktialiiga.fi\/miehet\/wp-json\/wp\/v2\/users\/13"}],"replies":[{"embeddable":true,"href":"https:\/\/aktialiiga.fi\/miehet\/wp-json\/wp\/v2\/comments?post=95379"}],"version-history":[{"count":2,"href":"https:\/\/aktialiiga.fi\/miehet\/wp-json\/wp\/v2\/posts\/95379\/revisions"}],"predecessor-version":[{"id":95381,"href":"https:\/\/aktialiiga.fi\/miehet\/wp-json\/wp\/v2\/posts\/95379\/revisions\/95381"}],"wp:featuredmedia":[{"embeddable":true,"href":"https:\/\/aktialiiga.fi\/miehet\/wp-json\/wp\/v2\/media\/66961"}],"wp:attachment":[{"href":"https:\/\/aktialiiga.fi\/miehet\/wp-json\/wp\/v2\/media?parent=95379"}],"wp:term":[{"taxonomy":"category","embeddable":true,"href":"https:\/\/aktialiiga.fi\/miehet\/wp-json\/wp\/v2\/categories?post=95379"},{"taxonomy":"post_tag","embeddable":true,"href":"https:\/\/aktialiiga.fi\/miehet\/wp-json\/wp\/v2\/tags?post=95379"}],"curies":[{"name":"wp","href":"https:\/\/api.w.org\/{rel}","templated":true}]}}