{"id":97412,"date":"2026-09-05T17:40:26","date_gmt":"2026-09-05T14:40:26","guid":{"rendered":"https:\/\/aktialiiga.fi\/miehet\/?p=97412"},"modified":"2026-09-05T18:57:09","modified_gmt":"2026-09-05T15:57:09","slug":"dicken-yllatti-bk-46n-kauden-avauksessa","status":"publish","type":"post","link":"https:\/\/aktialiiga.fi\/miehet\/2026-2027\/ottelut\/dicken-yllatti-bk-46n-kauden-avauksessa\/","title":{"rendered":"Dicken yll\u00e4tti BK-46:n kauden avauksessa"},"content":{"rendered":"<p>Hallitseva mestari BK-46 joutui kauden avauksessa kotonaan eritt\u00e4in tiukalle Dickenin kanssa ja vieraat puristivat tasaisessa ottelussa lopulta pisteet matkaansa.<\/p>\n<p>Dicken aloitti ottelun ter\u00e4v\u00e4mmin, mutta BK her\u00e4si nopeasti peliin mukaan ja siirtyi my\u00f6s johtoon. Dicken puristi kuitenkin j\u00e4lleen rinnalle ja tauon viettoon Karjaalla mentiin tasatilanteessa.<\/p>\n<p>Tasaisesti jatkettiin my\u00f6s tauon j\u00e4lkeen ja toisen jakson puoliv\u00e4liss\u00e4 taululla olivat numerot 19-19. T\u00e4st\u00e4 Dicken p\u00e4\u00e4si rep\u00e4isem\u00e4\u00e4n muutaman maalin eron ja pystyi pit\u00e4m\u00e4\u00e4n sen loppuun saakka, vaikka BK lopussa viel\u00e4 puristi maalin p\u00e4\u00e4h\u00e4n.<\/p>\n<p>BK-46:n p\u00e4\u00e4valmentaja Jac Karlsson ei selitellyt tappiota, vaan otti sen hyv\u00e4n\u00e4 opetuksena koko joukkueelle.<\/p>\n<p>&#8211; T\u00e4m\u00e4 oli hyv\u00e4 her\u00e4tyskello. Meill\u00e4 alkaa nyt rakentaminen. Valitettavasti emme ole parempia kuin p\u00e4iv\u00e4n tulos, Karlsson kiteytti.<\/p>\n<p>Dickenin p\u00e4\u00e4valmentaja Ken Sirenius oli arvattavasti huomattavasti tyytyv\u00e4isempi.<\/p>\n<p>&#8211; Haluan nostaa esiin meid\u00e4n asenteemme ja sen, miten me otimme haastavan teht\u00e4v\u00e4n vastaan. Jokainen pelaaja antoi 100 prosenttia koko ottelun ajan ja t\u00e4n\u00e4\u00e4n meill\u00e4 oli onnea ja voitimme ottelun, Sirenius sanaili tyytyv\u00e4isen\u00e4.<\/p>\n<p>Ottelun parhaana pelaajana palkittiin Dickenin maalivahti Fredrik Parvinen.<\/p>\n<p>&#8211; Puolustettiin kuten olimme sopineet. Se n\u00e4kyy taululla, ei niin paljon maaleja t\u00e4n\u00e4\u00e4n, Parvinen kiitteli koko joukkuetta.<\/p>\n","protected":false},"excerpt":{"rendered":"<p>Hallitseva mestari BK-46 joutui kauden avauksessa kotonaan eritt\u00e4in tiukalle Dickenin kanssa ja vieraat puristivat tasaisessa ottelussa lopulta pisteet matkaansa. Dicken aloitti ottelun ter\u00e4v\u00e4mmin, mutta BK her\u00e4si nopeasti peliin mukaan ja siirtyi my\u00f6s johtoon. Dicken puristi kuitenkin j\u00e4lleen rinnalle ja tauon viettoon Karjaalla mentiin tasatilanteessa. Tasaisesti jatkettiin my\u00f6s tauon j\u00e4lkeen ja toisen jakson puoliv\u00e4liss\u00e4 taululla olivat [&hellip;]<\/p>\n","protected":false},"author":13,"featured_media":62763,"comment_status":"closed","ping_status":"closed","sticky":false,"template":"","format":"standard","meta":{"_acf_changed":false,"_jetpack_newsletter_access":"","_jetpack_dont_email_post_to_subs":false,"_jetpack_newsletter_tier_id":0,"_jetpack_memberships_contains_paywalled_content":false,"_jetpack_feature_clip_id":0,"_jetpack_memberships_contains_paid_content":false,"footnotes":"","jetpack_post_was_ever_published":false},"categories":[389],"tags":[56,58],"class_list":["post-97412","post","type-post","status-publish","format-standard","has-post-thumbnail","hentry","category-ottelut","tag-bk-46","tag-dicken"],"acf":[],"yoast_head":"<!-- This site is optimized with the Yoast SEO plugin v28.4 - https:\/\/yoast.com\/product\/yoast-seo-wordpress\/ -->\n<title>Dicken yll\u00e4tti BK-46:n kauden avauksessa | K\u00e4sipallon miesten Aktialiiga<\/title>\n<meta name=\"robots\" content=\"index, follow, max-snippet:-1, max-image-preview:large, max-video-preview:-1\" \/>\n<link rel=\"canonical\" href=\"https:\/\/aktialiiga.fi\/miehet\/2026-2027\/ottelut\/dicken-yllatti-bk-46n-kauden-avauksessa\/\" \/>\n<meta property=\"og:locale\" content=\"fi_FI\" \/>\n<meta property=\"og:type\" content=\"article\" \/>\n<meta property=\"og:title\" content=\"Dicken yll\u00e4tti BK-46:n kauden avauksessa | K\u00e4sipallon miesten Aktialiiga\" \/>\n<meta property=\"og:description\" content=\"Hallitseva mestari BK-46 joutui kauden avauksessa kotonaan eritt\u00e4in tiukalle Dickenin kanssa ja vieraat puristivat tasaisessa ottelussa lopulta pisteet matkaansa. Dicken aloitti ottelun ter\u00e4v\u00e4mmin, mutta BK her\u00e4si nopeasti peliin mukaan ja siirtyi my\u00f6s johtoon. Dicken puristi kuitenkin j\u00e4lleen rinnalle ja tauon viettoon Karjaalla mentiin tasatilanteessa. Tasaisesti jatkettiin my\u00f6s tauon j\u00e4lkeen ja toisen jakson puoliv\u00e4liss\u00e4 taululla olivat [&hellip;]\" \/>\n<meta property=\"og:url\" content=\"https:\/\/aktialiiga.fi\/miehet\/2026-2027\/ottelut\/dicken-yllatti-bk-46n-kauden-avauksessa\/\" \/>\n<meta property=\"og:site_name\" content=\"K\u00e4sipallon miesten Aktialiiga\" \/>\n<meta property=\"article:publisher\" content=\"https:\/\/www.facebook.com\/finnhandball\" \/>\n<meta property=\"article:published_time\" content=\"2026-09-05T14:40:26+00:00\" \/>\n<meta property=\"article:modified_time\" content=\"2026-09-05T15:57:09+00:00\" \/>\n<meta property=\"og:image\" content=\"https:\/\/aktialiiga.fi\/miehet\/wp-content\/uploads\/sites\/5\/2025\/01\/Dicken_Parvinen_Fredrik_2425.jpg\" \/>\n\t<meta property=\"og:image:width\" content=\"2504\" \/>\n\t<meta property=\"og:image:height\" content=\"1521\" \/>\n\t<meta property=\"og:image:type\" content=\"image\/jpeg\" \/>\n<meta name=\"author\" content=\"tbrmedia\" \/>\n<meta name=\"twitter:card\" content=\"summary_large_image\" \/>\n<meta name=\"twitter:creator\" content=\"@finnhandball\" \/>\n<meta name=\"twitter:site\" content=\"@finnhandball\" \/>\n<script type=\"application\/ld+json\" class=\"yoast-schema-graph\">{\"@context\":\"https:\\\/\\\/schema.org\",\"@graph\":[{\"@type\":\"Article\",\"@id\":\"https:\\\/\\\/aktialiiga.fi\\\/miehet\\\/2026-2027\\\/ottelut\\\/dicken-yllatti-bk-46n-kauden-avauksessa\\\/#article\",\"isPartOf\":{\"@id\":\"https:\\\/\\\/aktialiiga.fi\\\/miehet\\\/2026-2027\\\/ottelut\\\/dicken-yllatti-bk-46n-kauden-avauksessa\\\/\"},\"author\":{\"name\":\"tbrmedia\",\"@id\":\"https:\\\/\\\/aktialiiga.fi\\\/miehet\\\/#\\\/schema\\\/person\\\/c14bf42f47041db74603c45afcb18d87\"},\"headline\":\"Dicken yll\u00e4tti BK-46:n kauden avauksessa\",\"datePublished\":\"2026-09-05T14:40:26+00:00\",\"dateModified\":\"2026-09-05T15:57:09+00:00\",\"mainEntityOfPage\":{\"@id\":\"https:\\\/\\\/aktialiiga.fi\\\/miehet\\\/2026-2027\\\/ottelut\\\/dicken-yllatti-bk-46n-kauden-avauksessa\\\/\"},\"wordCount\":216,\"publisher\":{\"@id\":\"https:\\\/\\\/aktialiiga.fi\\\/miehet\\\/#organization\"},\"image\":{\"@id\":\"https:\\\/\\\/aktialiiga.fi\\\/miehet\\\/2026-2027\\\/ottelut\\\/dicken-yllatti-bk-46n-kauden-avauksessa\\\/#primaryimage\"},\"thumbnailUrl\":\"https:\\\/\\\/i0.wp.com\\\/aktialiiga.fi\\\/miehet\\\/wp-content\\\/uploads\\\/sites\\\/5\\\/2025\\\/01\\\/Dicken_Parvinen_Fredrik_2425.jpg?fit=2504%2C1521&ssl=1\",\"keywords\":[\"BK-46\",\"Dicken\"],\"articleSection\":[\"Ottelut\"],\"inLanguage\":\"fi\"},{\"@type\":\"WebPage\",\"@id\":\"https:\\\/\\\/aktialiiga.fi\\\/miehet\\\/2026-2027\\\/ottelut\\\/dicken-yllatti-bk-46n-kauden-avauksessa\\\/\",\"url\":\"https:\\\/\\\/aktialiiga.fi\\\/miehet\\\/2026-2027\\\/ottelut\\\/dicken-yllatti-bk-46n-kauden-avauksessa\\\/\",\"name\":\"Dicken yll\u00e4tti BK-46:n kauden avauksessa | K\u00e4sipallon miesten Aktialiiga\",\"isPartOf\":{\"@id\":\"https:\\\/\\\/aktialiiga.fi\\\/miehet\\\/#website\"},\"primaryImageOfPage\":{\"@id\":\"https:\\\/\\\/aktialiiga.fi\\\/miehet\\\/2026-2027\\\/ottelut\\\/dicken-yllatti-bk-46n-kauden-avauksessa\\\/#primaryimage\"},\"image\":{\"@id\":\"https:\\\/\\\/aktialiiga.fi\\\/miehet\\\/2026-2027\\\/ottelut\\\/dicken-yllatti-bk-46n-kauden-avauksessa\\\/#primaryimage\"},\"thumbnailUrl\":\"https:\\\/\\\/i0.wp.com\\\/aktialiiga.fi\\\/miehet\\\/wp-content\\\/uploads\\\/sites\\\/5\\\/2025\\\/01\\\/Dicken_Parvinen_Fredrik_2425.jpg?fit=2504%2C1521&ssl=1\",\"datePublished\":\"2026-09-05T14:40:26+00:00\",\"dateModified\":\"2026-09-05T15:57:09+00:00\",\"breadcrumb\":{\"@id\":\"https:\\\/\\\/aktialiiga.fi\\\/miehet\\\/2026-2027\\\/ottelut\\\/dicken-yllatti-bk-46n-kauden-avauksessa\\\/#breadcrumb\"},\"inLanguage\":\"fi\",\"potentialAction\":[{\"@type\":\"ReadAction\",\"target\":[\"https:\\\/\\\/aktialiiga.fi\\\/miehet\\\/2026-2027\\\/ottelut\\\/dicken-yllatti-bk-46n-kauden-avauksessa\\\/\"]}]},{\"@type\":\"ImageObject\",\"inLanguage\":\"fi\",\"@id\":\"https:\\\/\\\/aktialiiga.fi\\\/miehet\\\/2026-2027\\\/ottelut\\\/dicken-yllatti-bk-46n-kauden-avauksessa\\\/#primaryimage\",\"url\":\"https:\\\/\\\/i0.wp.com\\\/aktialiiga.fi\\\/miehet\\\/wp-content\\\/uploads\\\/sites\\\/5\\\/2025\\\/01\\\/Dicken_Parvinen_Fredrik_2425.jpg?fit=2504%2C1521&ssl=1\",\"contentUrl\":\"https:\\\/\\\/i0.wp.com\\\/aktialiiga.fi\\\/miehet\\\/wp-content\\\/uploads\\\/sites\\\/5\\\/2025\\\/01\\\/Dicken_Parvinen_Fredrik_2425.jpg?fit=2504%2C1521&ssl=1\",\"width\":2504,\"height\":1521},{\"@type\":\"BreadcrumbList\",\"@id\":\"https:\\\/\\\/aktialiiga.fi\\\/miehet\\\/2026-2027\\\/ottelut\\\/dicken-yllatti-bk-46n-kauden-avauksessa\\\/#breadcrumb\",\"itemListElement\":[{\"@type\":\"ListItem\",\"position\":1,\"name\":\"Etusivu\",\"item\":\"https:\\\/\\\/aktialiiga.fi\\\/miehet\\\/etusivu-260806\\\/\"},{\"@type\":\"ListItem\",\"position\":2,\"name\":\"Dicken yll\u00e4tti BK-46:n kauden avauksessa\"}]},{\"@type\":\"WebSite\",\"@id\":\"https:\\\/\\\/aktialiiga.fi\\\/miehet\\\/#website\",\"url\":\"https:\\\/\\\/aktialiiga.fi\\\/miehet\\\/\",\"name\":\"K\u00e4sipallon miesten Aktialiiga\",\"description\":\"Valtakunnan vauhdikkainta palloilua!\",\"publisher\":{\"@id\":\"https:\\\/\\\/aktialiiga.fi\\\/miehet\\\/#organization\"},\"potentialAction\":[{\"@type\":\"SearchAction\",\"target\":{\"@type\":\"EntryPoint\",\"urlTemplate\":\"https:\\\/\\\/aktialiiga.fi\\\/miehet\\\/?s={search_term_string}\"},\"query-input\":{\"@type\":\"PropertyValueSpecification\",\"valueRequired\":true,\"valueName\":\"search_term_string\"}}],\"inLanguage\":\"fi\"},{\"@type\":\"Organization\",\"@id\":\"https:\\\/\\\/aktialiiga.fi\\\/miehet\\\/#organization\",\"name\":\"K\u00e4sipallon miesten Aktialiiga\",\"url\":\"https:\\\/\\\/aktialiiga.fi\\\/miehet\\\/\",\"logo\":{\"@type\":\"ImageObject\",\"inLanguage\":\"fi\",\"@id\":\"https:\\\/\\\/aktialiiga.fi\\\/miehet\\\/#\\\/schema\\\/logo\\\/image\\\/\",\"url\":\"https:\\\/\\\/i0.wp.com\\\/aktialiiga.fi\\\/miehet\\\/wp-content\\\/uploads\\\/sites\\\/5\\\/2024\\\/09\\\/Aktialiiga-Yoast-512.png?fit=512%2C512&ssl=1\",\"contentUrl\":\"https:\\\/\\\/i0.wp.com\\\/aktialiiga.fi\\\/miehet\\\/wp-content\\\/uploads\\\/sites\\\/5\\\/2024\\\/09\\\/Aktialiiga-Yoast-512.png?fit=512%2C512&ssl=1\",\"width\":512,\"height\":512,\"caption\":\"K\u00e4sipallon miesten Aktialiiga\"},\"image\":{\"@id\":\"https:\\\/\\\/aktialiiga.fi\\\/miehet\\\/#\\\/schema\\\/logo\\\/image\\\/\"},\"sameAs\":[\"https:\\\/\\\/www.facebook.com\\\/finnhandball\",\"https:\\\/\\\/x.com\\\/finnhandball\",\"https:\\\/\\\/www.instagram.com\\\/handballfinland\\\/\"]},{\"@type\":\"Person\",\"@id\":\"https:\\\/\\\/aktialiiga.fi\\\/miehet\\\/#\\\/schema\\\/person\\\/c14bf42f47041db74603c45afcb18d87\",\"name\":\"tbrmedia\",\"image\":{\"@type\":\"ImageObject\",\"inLanguage\":\"fi\",\"@id\":\"https:\\\/\\\/secure.gravatar.com\\\/avatar\\\/ee975fa091fe581d12b60debb3439022686618368a7c142044c56724d4666b16?s=96&d=mm&r=g\",\"url\":\"https:\\\/\\\/secure.gravatar.com\\\/avatar\\\/ee975fa091fe581d12b60debb3439022686618368a7c142044c56724d4666b16?s=96&d=mm&r=g\",\"contentUrl\":\"https:\\\/\\\/secure.gravatar.com\\\/avatar\\\/ee975fa091fe581d12b60debb3439022686618368a7c142044c56724d4666b16?s=96&d=mm&r=g\",\"caption\":\"tbrmedia\"}}]}<\/script>\n<!-- \/ Yoast SEO plugin. -->","yoast_head_json":{"title":"Dicken yll\u00e4tti BK-46:n kauden avauksessa | K\u00e4sipallon miesten Aktialiiga","robots":{"index":"index","follow":"follow","max-snippet":"max-snippet:-1","max-image-preview":"max-image-preview:large","max-video-preview":"max-video-preview:-1"},"canonical":"https:\/\/aktialiiga.fi\/miehet\/2026-2027\/ottelut\/dicken-yllatti-bk-46n-kauden-avauksessa\/","og_locale":"fi_FI","og_type":"article","og_title":"Dicken yll\u00e4tti BK-46:n kauden avauksessa | K\u00e4sipallon miesten Aktialiiga","og_description":"Hallitseva mestari BK-46 joutui kauden avauksessa kotonaan eritt\u00e4in tiukalle Dickenin kanssa ja vieraat puristivat tasaisessa ottelussa lopulta pisteet matkaansa. Dicken aloitti ottelun ter\u00e4v\u00e4mmin, mutta BK her\u00e4si nopeasti peliin mukaan ja siirtyi my\u00f6s johtoon. Dicken puristi kuitenkin j\u00e4lleen rinnalle ja tauon viettoon Karjaalla mentiin tasatilanteessa. Tasaisesti jatkettiin my\u00f6s tauon j\u00e4lkeen ja toisen jakson puoliv\u00e4liss\u00e4 taululla olivat [&hellip;]","og_url":"https:\/\/aktialiiga.fi\/miehet\/2026-2027\/ottelut\/dicken-yllatti-bk-46n-kauden-avauksessa\/","og_site_name":"K\u00e4sipallon miesten Aktialiiga","article_publisher":"https:\/\/www.facebook.com\/finnhandball","article_published_time":"2026-09-05T14:40:26+00:00","article_modified_time":"2026-09-05T15:57:09+00:00","og_image":[{"width":2504,"height":1521,"url":"https:\/\/aktialiiga.fi\/miehet\/wp-content\/uploads\/sites\/5\/2025\/01\/Dicken_Parvinen_Fredrik_2425.jpg","type":"image\/jpeg"}],"author":"tbrmedia","twitter_card":"summary_large_image","twitter_creator":"@finnhandball","twitter_site":"@finnhandball","schema":{"@context":"https:\/\/schema.org","@graph":[{"@type":"Article","@id":"https:\/\/aktialiiga.fi\/miehet\/2026-2027\/ottelut\/dicken-yllatti-bk-46n-kauden-avauksessa\/#article","isPartOf":{"@id":"https:\/\/aktialiiga.fi\/miehet\/2026-2027\/ottelut\/dicken-yllatti-bk-46n-kauden-avauksessa\/"},"author":{"name":"tbrmedia","@id":"https:\/\/aktialiiga.fi\/miehet\/#\/schema\/person\/c14bf42f47041db74603c45afcb18d87"},"headline":"Dicken yll\u00e4tti BK-46:n kauden avauksessa","datePublished":"2026-09-05T14:40:26+00:00","dateModified":"2026-09-05T15:57:09+00:00","mainEntityOfPage":{"@id":"https:\/\/aktialiiga.fi\/miehet\/2026-2027\/ottelut\/dicken-yllatti-bk-46n-kauden-avauksessa\/"},"wordCount":216,"publisher":{"@id":"https:\/\/aktialiiga.fi\/miehet\/#organization"},"image":{"@id":"https:\/\/aktialiiga.fi\/miehet\/2026-2027\/ottelut\/dicken-yllatti-bk-46n-kauden-avauksessa\/#primaryimage"},"thumbnailUrl":"https:\/\/i0.wp.com\/aktialiiga.fi\/miehet\/wp-content\/uploads\/sites\/5\/2025\/01\/Dicken_Parvinen_Fredrik_2425.jpg?fit=2504%2C1521&ssl=1","keywords":["BK-46","Dicken"],"articleSection":["Ottelut"],"inLanguage":"fi"},{"@type":"WebPage","@id":"https:\/\/aktialiiga.fi\/miehet\/2026-2027\/ottelut\/dicken-yllatti-bk-46n-kauden-avauksessa\/","url":"https:\/\/aktialiiga.fi\/miehet\/2026-2027\/ottelut\/dicken-yllatti-bk-46n-kauden-avauksessa\/","name":"Dicken yll\u00e4tti BK-46:n kauden avauksessa | K\u00e4sipallon miesten Aktialiiga","isPartOf":{"@id":"https:\/\/aktialiiga.fi\/miehet\/#website"},"primaryImageOfPage":{"@id":"https:\/\/aktialiiga.fi\/miehet\/2026-2027\/ottelut\/dicken-yllatti-bk-46n-kauden-avauksessa\/#primaryimage"},"image":{"@id":"https:\/\/aktialiiga.fi\/miehet\/2026-2027\/ottelut\/dicken-yllatti-bk-46n-kauden-avauksessa\/#primaryimage"},"thumbnailUrl":"https:\/\/i0.wp.com\/aktialiiga.fi\/miehet\/wp-content\/uploads\/sites\/5\/2025\/01\/Dicken_Parvinen_Fredrik_2425.jpg?fit=2504%2C1521&ssl=1","datePublished":"2026-09-05T14:40:26+00:00","dateModified":"2026-09-05T15:57:09+00:00","breadcrumb":{"@id":"https:\/\/aktialiiga.fi\/miehet\/2026-2027\/ottelut\/dicken-yllatti-bk-46n-kauden-avauksessa\/#breadcrumb"},"inLanguage":"fi","potentialAction":[{"@type":"ReadAction","target":["https:\/\/aktialiiga.fi\/miehet\/2026-2027\/ottelut\/dicken-yllatti-bk-46n-kauden-avauksessa\/"]}]},{"@type":"ImageObject","inLanguage":"fi","@id":"https:\/\/aktialiiga.fi\/miehet\/2026-2027\/ottelut\/dicken-yllatti-bk-46n-kauden-avauksessa\/#primaryimage","url":"https:\/\/i0.wp.com\/aktialiiga.fi\/miehet\/wp-content\/uploads\/sites\/5\/2025\/01\/Dicken_Parvinen_Fredrik_2425.jpg?fit=2504%2C1521&ssl=1","contentUrl":"https:\/\/i0.wp.com\/aktialiiga.fi\/miehet\/wp-content\/uploads\/sites\/5\/2025\/01\/Dicken_Parvinen_Fredrik_2425.jpg?fit=2504%2C1521&ssl=1","width":2504,"height":1521},{"@type":"BreadcrumbList","@id":"https:\/\/aktialiiga.fi\/miehet\/2026-2027\/ottelut\/dicken-yllatti-bk-46n-kauden-avauksessa\/#breadcrumb","itemListElement":[{"@type":"ListItem","position":1,"name":"Etusivu","item":"https:\/\/aktialiiga.fi\/miehet\/etusivu-260806\/"},{"@type":"ListItem","position":2,"name":"Dicken yll\u00e4tti BK-46:n kauden avauksessa"}]},{"@type":"WebSite","@id":"https:\/\/aktialiiga.fi\/miehet\/#website","url":"https:\/\/aktialiiga.fi\/miehet\/","name":"K\u00e4sipallon miesten Aktialiiga","description":"Valtakunnan vauhdikkainta palloilua!","publisher":{"@id":"https:\/\/aktialiiga.fi\/miehet\/#organization"},"potentialAction":[{"@type":"SearchAction","target":{"@type":"EntryPoint","urlTemplate":"https:\/\/aktialiiga.fi\/miehet\/?s={search_term_string}"},"query-input":{"@type":"PropertyValueSpecification","valueRequired":true,"valueName":"search_term_string"}}],"inLanguage":"fi"},{"@type":"Organization","@id":"https:\/\/aktialiiga.fi\/miehet\/#organization","name":"K\u00e4sipallon miesten Aktialiiga","url":"https:\/\/aktialiiga.fi\/miehet\/","logo":{"@type":"ImageObject","inLanguage":"fi","@id":"https:\/\/aktialiiga.fi\/miehet\/#\/schema\/logo\/image\/","url":"https:\/\/i0.wp.com\/aktialiiga.fi\/miehet\/wp-content\/uploads\/sites\/5\/2024\/09\/Aktialiiga-Yoast-512.png?fit=512%2C512&ssl=1","contentUrl":"https:\/\/i0.wp.com\/aktialiiga.fi\/miehet\/wp-content\/uploads\/sites\/5\/2024\/09\/Aktialiiga-Yoast-512.png?fit=512%2C512&ssl=1","width":512,"height":512,"caption":"K\u00e4sipallon miesten Aktialiiga"},"image":{"@id":"https:\/\/aktialiiga.fi\/miehet\/#\/schema\/logo\/image\/"},"sameAs":["https:\/\/www.facebook.com\/finnhandball","https:\/\/x.com\/finnhandball","https:\/\/www.instagram.com\/handballfinland\/"]},{"@type":"Person","@id":"https:\/\/aktialiiga.fi\/miehet\/#\/schema\/person\/c14bf42f47041db74603c45afcb18d87","name":"tbrmedia","image":{"@type":"ImageObject","inLanguage":"fi","@id":"https:\/\/secure.gravatar.com\/avatar\/ee975fa091fe581d12b60debb3439022686618368a7c142044c56724d4666b16?s=96&d=mm&r=g","url":"https:\/\/secure.gravatar.com\/avatar\/ee975fa091fe581d12b60debb3439022686618368a7c142044c56724d4666b16?s=96&d=mm&r=g","contentUrl":"https:\/\/secure.gravatar.com\/avatar\/ee975fa091fe581d12b60debb3439022686618368a7c142044c56724d4666b16?s=96&d=mm&r=g","caption":"tbrmedia"}}]}},"jetpack_sharing_enabled":true,"jetpack_shortlink":"https:\/\/wp.me\/pfTxOr-pla","jetpack_featured_media_url":"https:\/\/i0.wp.com\/aktialiiga.fi\/miehet\/wp-content\/uploads\/sites\/5\/2025\/01\/Dicken_Parvinen_Fredrik_2425.jpg?fit=2504%2C1521&ssl=1","_links":{"self":[{"href":"https:\/\/aktialiiga.fi\/miehet\/wp-json\/wp\/v2\/posts\/97412","targetHints":{"allow":["GET"]}}],"collection":[{"href":"https:\/\/aktialiiga.fi\/miehet\/wp-json\/wp\/v2\/posts"}],"about":[{"href":"https:\/\/aktialiiga.fi\/miehet\/wp-json\/wp\/v2\/types\/post"}],"author":[{"embeddable":true,"href":"https:\/\/aktialiiga.fi\/miehet\/wp-json\/wp\/v2\/users\/13"}],"replies":[{"embeddable":true,"href":"https:\/\/aktialiiga.fi\/miehet\/wp-json\/wp\/v2\/comments?post=97412"}],"version-history":[{"count":4,"href":"https:\/\/aktialiiga.fi\/miehet\/wp-json\/wp\/v2\/posts\/97412\/revisions"}],"predecessor-version":[{"id":97513,"href":"https:\/\/aktialiiga.fi\/miehet\/wp-json\/wp\/v2\/posts\/97412\/revisions\/97513"}],"wp:featuredmedia":[{"embeddable":true,"href":"https:\/\/aktialiiga.fi\/miehet\/wp-json\/wp\/v2\/media\/62763"}],"wp:attachment":[{"href":"https:\/\/aktialiiga.fi\/miehet\/wp-json\/wp\/v2\/media?parent=97412"}],"wp:term":[{"taxonomy":"category","embeddable":true,"href":"https:\/\/aktialiiga.fi\/miehet\/wp-json\/wp\/v2\/categories?post=97412"},{"taxonomy":"post_tag","embeddable":true,"href":"https:\/\/aktialiiga.fi\/miehet\/wp-json\/wp\/v2\/tags?post=97412"}],"curies":[{"name":"wp","href":"https:\/\/api.w.org\/{rel}","templated":true}]}}