{"id":97512,"date":"2026-09-05T19:41:18","date_gmt":"2026-09-05T16:41:18","guid":{"rendered":"https:\/\/aktialiiga.fi\/miehet\/?p=97512"},"modified":"2026-09-05T20:16:45","modified_gmt":"2026-09-05T17:16:45","slug":"eif-avasi-vahvasti-grifk-kaatui-vieraissa","status":"publish","type":"post","link":"https:\/\/aktialiiga.fi\/miehet\/2026-2027\/ottelut\/eif-avasi-vahvasti-grifk-kaatui-vieraissa\/","title":{"rendered":"EIF avasi vahvasti \u2013 GrIFK kaatui vieraissa"},"content":{"rendered":"<p>EIF avasi kauden parhaalla mahdollisella tavalla hakemalla lauantaina vierasvoiton GrIFK:sta.<\/p>\n<p>Avausjakso eteni hyvin tasaisena aina 25. minuutille saakka. EIF:n loppuveto ennen taukoa oli kuitenkin vahva ja tauolle Kauniaisissa siirryttiin vieraiden johtaessa kolmella maalilla.<\/p>\n<p>Tauon j\u00e4lkeen EIF:n vahva veto jatkui ja ero ven\u00e4hti nopeasti jo seitsem\u00e4\u00e4n maaliin. Grani ei p\u00e4\u00e4ssyt iskem\u00e4\u00e4n takaisin, vaan p\u00e4invastoin vierasjohto vain kasvoi. Toisen jakson puoliv\u00e4lin j\u00e4lkeen kotijoukkue sai viimein kirivaihteen p\u00e4\u00e4lle, mutta liian my\u00f6h\u00e4\u00e4n. EIF:n yhdeks\u00e4n maalin johto kutistui kahteen maaliin, mutta l\u00e4hemm\u00e4s Grani ei ylt\u00e4nyt.<\/p>\n<p>GrIFK:n p\u00e4\u00e4valmentaja Anthony Hellakoski oli pettynyt omiensa esitykseen loppua lukuun ottamatta.<\/p>\n<p>&#8211; Jos alamme pelata k\u00e4sipalloa ottelussa vasta noin 45 minuutin kohdalla, h\u00e4vi\u00e4mme usein pelin. Meill\u00e4 oli vaikeuksia tehd\u00e4 maaleja noin 45 minuuttia, sitten pelasimme ihan hyvin. Viimeinen rutistus puuttui kumminkin t\u00e4n\u00e4\u00e4n, Hellakoski harmitteli.<\/p>\n<p>EIF:n p\u00e4\u00e4valmentaja Kaj Hagman sen sijaan oli avausvoittoon enemm\u00e4n kuin tyytyv\u00e4inen.<\/p>\n<p>&#8211; Olen todella tyytyv\u00e4inen poikien suoritukseen t\u00e4n\u00e4\u00e4n. Kaikki auttoivat t\u00e4h\u00e4n voittoon. Erityisesti puolustuspeli ja maalivahti loivat perustan voitolle t\u00e4n\u00e4\u00e4n. Loppu meni tiukaksi, Grani taisteli loppuun asti hyvin, mutta meill\u00e4 oli ehk\u00e4 enemm\u00e4n onnea puolellamme, jos niin voi sanoa. He painostivat, mutta me selvittiin siit\u00e4, Hagman totesi.<\/p>\n<p>Ottelun parhaan pelaajan tittelin nappasi nimiins\u00e4 EIF:n Liam Hagman.<\/p>\n<p>&#8211; Olen todella tyytyv\u00e4inen joukkueen suoritukseen t\u00e4n\u00e4\u00e4n. Kaikki sujui hyvin ensimm\u00e4isell\u00e4 puoliajalla sek\u00e4 hy\u00f6kk\u00e4yksess\u00e4 ett\u00e4 puolustuksessa. Maalivahtimme Olle [Sj\u00f6str\u00f6m] torjui paljon. Johdimme tauolla ja toinen puolisko alkoi viel\u00e4 paremmin, Olle jatkoi ja torjui kaiken. Saimme onnistumisia hy\u00f6kk\u00e4yksess\u00e4 ja meill\u00e4 on ehk\u00e4 kahdeksan maalin johto.<\/p>\n<p>&#8211; Sitten Olle loukkaantui ja pelin kuva muuttui. Olimme huolimattomia ja puolustus alkoivuotaa. Onnistuimme silti taistelemaan ottelun loppuun saakka. Kello ei ole koskaan liikkunut niin hitaasti ottelun lopussa kuin t\u00e4n\u00e4\u00e4n. Taistelimme hyvin, onnistuimme vaihdoissa, kaikki antoivat sataprosenttia ja olen todella ylpe\u00e4 joukkueesta t\u00e4n\u00e4\u00e4n, Hagman kertasi.<\/p>\n","protected":false},"excerpt":{"rendered":"<p>EIF avasi kauden parhaalla mahdollisella tavalla hakemalla lauantaina vierasvoiton GrIFK:sta. Avausjakso eteni hyvin tasaisena aina 25. minuutille saakka. EIF:n loppuveto ennen taukoa oli kuitenkin vahva ja tauolle Kauniaisissa siirryttiin vieraiden johtaessa kolmella maalilla. Tauon j\u00e4lkeen EIF:n vahva veto jatkui ja ero ven\u00e4hti nopeasti jo seitsem\u00e4\u00e4n maaliin. Grani ei p\u00e4\u00e4ssyt iskem\u00e4\u00e4n takaisin, vaan p\u00e4invastoin vierasjohto vain [&hellip;]<\/p>\n","protected":false},"author":13,"featured_media":66938,"comment_status":"closed","ping_status":"closed","sticky":false,"template":"","format":"standard","meta":{"_acf_changed":false,"_jetpack_newsletter_access":"","_jetpack_dont_email_post_to_subs":false,"_jetpack_newsletter_tier_id":0,"_jetpack_memberships_contains_paywalled_content":false,"_jetpack_feature_clip_id":0,"_jetpack_memberships_contains_paid_content":false,"footnotes":"","jetpack_post_was_ever_published":false},"categories":[389],"tags":[60,64],"class_list":["post-97512","post","type-post","status-publish","format-standard","has-post-thumbnail","hentry","category-ottelut","tag-eif","tag-grifk"],"acf":[],"yoast_head":"<!-- This site is optimized with the Yoast SEO plugin v28.4 - https:\/\/yoast.com\/product\/yoast-seo-wordpress\/ -->\n<title>EIF avasi vahvasti \u2013 GrIFK kaatui vieraissa | K\u00e4sipallon miesten Aktialiiga<\/title>\n<meta name=\"robots\" content=\"index, follow, max-snippet:-1, max-image-preview:large, max-video-preview:-1\" \/>\n<link rel=\"canonical\" href=\"https:\/\/aktialiiga.fi\/miehet\/2026-2027\/ottelut\/eif-avasi-vahvasti-grifk-kaatui-vieraissa\/\" \/>\n<meta property=\"og:locale\" content=\"fi_FI\" \/>\n<meta property=\"og:type\" content=\"article\" \/>\n<meta property=\"og:title\" content=\"EIF avasi vahvasti \u2013 GrIFK kaatui vieraissa | K\u00e4sipallon miesten Aktialiiga\" \/>\n<meta property=\"og:description\" content=\"EIF avasi kauden parhaalla mahdollisella tavalla hakemalla lauantaina vierasvoiton GrIFK:sta. Avausjakso eteni hyvin tasaisena aina 25. minuutille saakka. EIF:n loppuveto ennen taukoa oli kuitenkin vahva ja tauolle Kauniaisissa siirryttiin vieraiden johtaessa kolmella maalilla. Tauon j\u00e4lkeen EIF:n vahva veto jatkui ja ero ven\u00e4hti nopeasti jo seitsem\u00e4\u00e4n maaliin. Grani ei p\u00e4\u00e4ssyt iskem\u00e4\u00e4n takaisin, vaan p\u00e4invastoin vierasjohto vain [&hellip;]\" \/>\n<meta property=\"og:url\" content=\"https:\/\/aktialiiga.fi\/miehet\/2026-2027\/ottelut\/eif-avasi-vahvasti-grifk-kaatui-vieraissa\/\" \/>\n<meta property=\"og:site_name\" content=\"K\u00e4sipallon miesten Aktialiiga\" \/>\n<meta property=\"article:publisher\" content=\"https:\/\/www.facebook.com\/finnhandball\" \/>\n<meta property=\"article:published_time\" content=\"2026-09-05T16:41:18+00:00\" \/>\n<meta property=\"article:modified_time\" content=\"2026-09-05T17:16:45+00:00\" \/>\n<meta property=\"og:image\" content=\"https:\/\/aktialiiga.fi\/miehet\/wp-content\/uploads\/sites\/5\/2025\/10\/A7302475-e1765285176268.jpg\" \/>\n\t<meta property=\"og:image:width\" content=\"1988\" \/>\n\t<meta property=\"og:image:height\" content=\"1280\" \/>\n\t<meta property=\"og:image:type\" content=\"image\/jpeg\" \/>\n<meta name=\"author\" content=\"tbrmedia\" \/>\n<meta name=\"twitter:card\" content=\"summary_large_image\" \/>\n<meta name=\"twitter:creator\" content=\"@finnhandball\" \/>\n<meta name=\"twitter:site\" content=\"@finnhandball\" \/>\n<script type=\"application\/ld+json\" class=\"yoast-schema-graph\">{\"@context\":\"https:\\\/\\\/schema.org\",\"@graph\":[{\"@type\":\"Article\",\"@id\":\"https:\\\/\\\/aktialiiga.fi\\\/miehet\\\/2026-2027\\\/ottelut\\\/eif-avasi-vahvasti-grifk-kaatui-vieraissa\\\/#article\",\"isPartOf\":{\"@id\":\"https:\\\/\\\/aktialiiga.fi\\\/miehet\\\/2026-2027\\\/ottelut\\\/eif-avasi-vahvasti-grifk-kaatui-vieraissa\\\/\"},\"author\":{\"name\":\"tbrmedia\",\"@id\":\"https:\\\/\\\/aktialiiga.fi\\\/miehet\\\/#\\\/schema\\\/person\\\/c14bf42f47041db74603c45afcb18d87\"},\"headline\":\"EIF avasi vahvasti \u2013 GrIFK kaatui vieraissa\",\"datePublished\":\"2026-09-05T16:41:18+00:00\",\"dateModified\":\"2026-09-05T17:16:45+00:00\",\"mainEntityOfPage\":{\"@id\":\"https:\\\/\\\/aktialiiga.fi\\\/miehet\\\/2026-2027\\\/ottelut\\\/eif-avasi-vahvasti-grifk-kaatui-vieraissa\\\/\"},\"wordCount\":335,\"publisher\":{\"@id\":\"https:\\\/\\\/aktialiiga.fi\\\/miehet\\\/#organization\"},\"image\":{\"@id\":\"https:\\\/\\\/aktialiiga.fi\\\/miehet\\\/2026-2027\\\/ottelut\\\/eif-avasi-vahvasti-grifk-kaatui-vieraissa\\\/#primaryimage\"},\"thumbnailUrl\":\"https:\\\/\\\/i0.wp.com\\\/aktialiiga.fi\\\/miehet\\\/wp-content\\\/uploads\\\/sites\\\/5\\\/2025\\\/10\\\/A7302475-e1765285176268.jpg?fit=1988%2C1280&ssl=1\",\"keywords\":[\"EIF\",\"GrIFK\"],\"articleSection\":[\"Ottelut\"],\"inLanguage\":\"fi\"},{\"@type\":\"WebPage\",\"@id\":\"https:\\\/\\\/aktialiiga.fi\\\/miehet\\\/2026-2027\\\/ottelut\\\/eif-avasi-vahvasti-grifk-kaatui-vieraissa\\\/\",\"url\":\"https:\\\/\\\/aktialiiga.fi\\\/miehet\\\/2026-2027\\\/ottelut\\\/eif-avasi-vahvasti-grifk-kaatui-vieraissa\\\/\",\"name\":\"EIF avasi vahvasti \u2013 GrIFK kaatui vieraissa | K\u00e4sipallon miesten Aktialiiga\",\"isPartOf\":{\"@id\":\"https:\\\/\\\/aktialiiga.fi\\\/miehet\\\/#website\"},\"primaryImageOfPage\":{\"@id\":\"https:\\\/\\\/aktialiiga.fi\\\/miehet\\\/2026-2027\\\/ottelut\\\/eif-avasi-vahvasti-grifk-kaatui-vieraissa\\\/#primaryimage\"},\"image\":{\"@id\":\"https:\\\/\\\/aktialiiga.fi\\\/miehet\\\/2026-2027\\\/ottelut\\\/eif-avasi-vahvasti-grifk-kaatui-vieraissa\\\/#primaryimage\"},\"thumbnailUrl\":\"https:\\\/\\\/i0.wp.com\\\/aktialiiga.fi\\\/miehet\\\/wp-content\\\/uploads\\\/sites\\\/5\\\/2025\\\/10\\\/A7302475-e1765285176268.jpg?fit=1988%2C1280&ssl=1\",\"datePublished\":\"2026-09-05T16:41:18+00:00\",\"dateModified\":\"2026-09-05T17:16:45+00:00\",\"breadcrumb\":{\"@id\":\"https:\\\/\\\/aktialiiga.fi\\\/miehet\\\/2026-2027\\\/ottelut\\\/eif-avasi-vahvasti-grifk-kaatui-vieraissa\\\/#breadcrumb\"},\"inLanguage\":\"fi\",\"potentialAction\":[{\"@type\":\"ReadAction\",\"target\":[\"https:\\\/\\\/aktialiiga.fi\\\/miehet\\\/2026-2027\\\/ottelut\\\/eif-avasi-vahvasti-grifk-kaatui-vieraissa\\\/\"]}]},{\"@type\":\"ImageObject\",\"inLanguage\":\"fi\",\"@id\":\"https:\\\/\\\/aktialiiga.fi\\\/miehet\\\/2026-2027\\\/ottelut\\\/eif-avasi-vahvasti-grifk-kaatui-vieraissa\\\/#primaryimage\",\"url\":\"https:\\\/\\\/i0.wp.com\\\/aktialiiga.fi\\\/miehet\\\/wp-content\\\/uploads\\\/sites\\\/5\\\/2025\\\/10\\\/A7302475-e1765285176268.jpg?fit=1988%2C1280&ssl=1\",\"contentUrl\":\"https:\\\/\\\/i0.wp.com\\\/aktialiiga.fi\\\/miehet\\\/wp-content\\\/uploads\\\/sites\\\/5\\\/2025\\\/10\\\/A7302475-e1765285176268.jpg?fit=1988%2C1280&ssl=1\",\"width\":1988,\"height\":1280},{\"@type\":\"BreadcrumbList\",\"@id\":\"https:\\\/\\\/aktialiiga.fi\\\/miehet\\\/2026-2027\\\/ottelut\\\/eif-avasi-vahvasti-grifk-kaatui-vieraissa\\\/#breadcrumb\",\"itemListElement\":[{\"@type\":\"ListItem\",\"position\":1,\"name\":\"Etusivu\",\"item\":\"https:\\\/\\\/aktialiiga.fi\\\/miehet\\\/etusivu-260806\\\/\"},{\"@type\":\"ListItem\",\"position\":2,\"name\":\"EIF avasi vahvasti \u2013 GrIFK kaatui vieraissa\"}]},{\"@type\":\"WebSite\",\"@id\":\"https:\\\/\\\/aktialiiga.fi\\\/miehet\\\/#website\",\"url\":\"https:\\\/\\\/aktialiiga.fi\\\/miehet\\\/\",\"name\":\"K\u00e4sipallon miesten Aktialiiga\",\"description\":\"Valtakunnan vauhdikkainta palloilua!\",\"publisher\":{\"@id\":\"https:\\\/\\\/aktialiiga.fi\\\/miehet\\\/#organization\"},\"potentialAction\":[{\"@type\":\"SearchAction\",\"target\":{\"@type\":\"EntryPoint\",\"urlTemplate\":\"https:\\\/\\\/aktialiiga.fi\\\/miehet\\\/?s={search_term_string}\"},\"query-input\":{\"@type\":\"PropertyValueSpecification\",\"valueRequired\":true,\"valueName\":\"search_term_string\"}}],\"inLanguage\":\"fi\"},{\"@type\":\"Organization\",\"@id\":\"https:\\\/\\\/aktialiiga.fi\\\/miehet\\\/#organization\",\"name\":\"K\u00e4sipallon miesten Aktialiiga\",\"url\":\"https:\\\/\\\/aktialiiga.fi\\\/miehet\\\/\",\"logo\":{\"@type\":\"ImageObject\",\"inLanguage\":\"fi\",\"@id\":\"https:\\\/\\\/aktialiiga.fi\\\/miehet\\\/#\\\/schema\\\/logo\\\/image\\\/\",\"url\":\"https:\\\/\\\/i0.wp.com\\\/aktialiiga.fi\\\/miehet\\\/wp-content\\\/uploads\\\/sites\\\/5\\\/2024\\\/09\\\/Aktialiiga-Yoast-512.png?fit=512%2C512&ssl=1\",\"contentUrl\":\"https:\\\/\\\/i0.wp.com\\\/aktialiiga.fi\\\/miehet\\\/wp-content\\\/uploads\\\/sites\\\/5\\\/2024\\\/09\\\/Aktialiiga-Yoast-512.png?fit=512%2C512&ssl=1\",\"width\":512,\"height\":512,\"caption\":\"K\u00e4sipallon miesten Aktialiiga\"},\"image\":{\"@id\":\"https:\\\/\\\/aktialiiga.fi\\\/miehet\\\/#\\\/schema\\\/logo\\\/image\\\/\"},\"sameAs\":[\"https:\\\/\\\/www.facebook.com\\\/finnhandball\",\"https:\\\/\\\/x.com\\\/finnhandball\",\"https:\\\/\\\/www.instagram.com\\\/handballfinland\\\/\"]},{\"@type\":\"Person\",\"@id\":\"https:\\\/\\\/aktialiiga.fi\\\/miehet\\\/#\\\/schema\\\/person\\\/c14bf42f47041db74603c45afcb18d87\",\"name\":\"tbrmedia\",\"image\":{\"@type\":\"ImageObject\",\"inLanguage\":\"fi\",\"@id\":\"https:\\\/\\\/secure.gravatar.com\\\/avatar\\\/ee975fa091fe581d12b60debb3439022686618368a7c142044c56724d4666b16?s=96&d=mm&r=g\",\"url\":\"https:\\\/\\\/secure.gravatar.com\\\/avatar\\\/ee975fa091fe581d12b60debb3439022686618368a7c142044c56724d4666b16?s=96&d=mm&r=g\",\"contentUrl\":\"https:\\\/\\\/secure.gravatar.com\\\/avatar\\\/ee975fa091fe581d12b60debb3439022686618368a7c142044c56724d4666b16?s=96&d=mm&r=g\",\"caption\":\"tbrmedia\"}}]}<\/script>\n<!-- \/ Yoast SEO plugin. -->","yoast_head_json":{"title":"EIF avasi vahvasti \u2013 GrIFK kaatui vieraissa | K\u00e4sipallon miesten Aktialiiga","robots":{"index":"index","follow":"follow","max-snippet":"max-snippet:-1","max-image-preview":"max-image-preview:large","max-video-preview":"max-video-preview:-1"},"canonical":"https:\/\/aktialiiga.fi\/miehet\/2026-2027\/ottelut\/eif-avasi-vahvasti-grifk-kaatui-vieraissa\/","og_locale":"fi_FI","og_type":"article","og_title":"EIF avasi vahvasti \u2013 GrIFK kaatui vieraissa | K\u00e4sipallon miesten Aktialiiga","og_description":"EIF avasi kauden parhaalla mahdollisella tavalla hakemalla lauantaina vierasvoiton GrIFK:sta. Avausjakso eteni hyvin tasaisena aina 25. minuutille saakka. EIF:n loppuveto ennen taukoa oli kuitenkin vahva ja tauolle Kauniaisissa siirryttiin vieraiden johtaessa kolmella maalilla. Tauon j\u00e4lkeen EIF:n vahva veto jatkui ja ero ven\u00e4hti nopeasti jo seitsem\u00e4\u00e4n maaliin. Grani ei p\u00e4\u00e4ssyt iskem\u00e4\u00e4n takaisin, vaan p\u00e4invastoin vierasjohto vain [&hellip;]","og_url":"https:\/\/aktialiiga.fi\/miehet\/2026-2027\/ottelut\/eif-avasi-vahvasti-grifk-kaatui-vieraissa\/","og_site_name":"K\u00e4sipallon miesten Aktialiiga","article_publisher":"https:\/\/www.facebook.com\/finnhandball","article_published_time":"2026-09-05T16:41:18+00:00","article_modified_time":"2026-09-05T17:16:45+00:00","og_image":[{"width":1988,"height":1280,"url":"https:\/\/aktialiiga.fi\/miehet\/wp-content\/uploads\/sites\/5\/2025\/10\/A7302475-e1765285176268.jpg","type":"image\/jpeg"}],"author":"tbrmedia","twitter_card":"summary_large_image","twitter_creator":"@finnhandball","twitter_site":"@finnhandball","schema":{"@context":"https:\/\/schema.org","@graph":[{"@type":"Article","@id":"https:\/\/aktialiiga.fi\/miehet\/2026-2027\/ottelut\/eif-avasi-vahvasti-grifk-kaatui-vieraissa\/#article","isPartOf":{"@id":"https:\/\/aktialiiga.fi\/miehet\/2026-2027\/ottelut\/eif-avasi-vahvasti-grifk-kaatui-vieraissa\/"},"author":{"name":"tbrmedia","@id":"https:\/\/aktialiiga.fi\/miehet\/#\/schema\/person\/c14bf42f47041db74603c45afcb18d87"},"headline":"EIF avasi vahvasti \u2013 GrIFK kaatui vieraissa","datePublished":"2026-09-05T16:41:18+00:00","dateModified":"2026-09-05T17:16:45+00:00","mainEntityOfPage":{"@id":"https:\/\/aktialiiga.fi\/miehet\/2026-2027\/ottelut\/eif-avasi-vahvasti-grifk-kaatui-vieraissa\/"},"wordCount":335,"publisher":{"@id":"https:\/\/aktialiiga.fi\/miehet\/#organization"},"image":{"@id":"https:\/\/aktialiiga.fi\/miehet\/2026-2027\/ottelut\/eif-avasi-vahvasti-grifk-kaatui-vieraissa\/#primaryimage"},"thumbnailUrl":"https:\/\/i0.wp.com\/aktialiiga.fi\/miehet\/wp-content\/uploads\/sites\/5\/2025\/10\/A7302475-e1765285176268.jpg?fit=1988%2C1280&ssl=1","keywords":["EIF","GrIFK"],"articleSection":["Ottelut"],"inLanguage":"fi"},{"@type":"WebPage","@id":"https:\/\/aktialiiga.fi\/miehet\/2026-2027\/ottelut\/eif-avasi-vahvasti-grifk-kaatui-vieraissa\/","url":"https:\/\/aktialiiga.fi\/miehet\/2026-2027\/ottelut\/eif-avasi-vahvasti-grifk-kaatui-vieraissa\/","name":"EIF avasi vahvasti \u2013 GrIFK kaatui vieraissa | K\u00e4sipallon miesten Aktialiiga","isPartOf":{"@id":"https:\/\/aktialiiga.fi\/miehet\/#website"},"primaryImageOfPage":{"@id":"https:\/\/aktialiiga.fi\/miehet\/2026-2027\/ottelut\/eif-avasi-vahvasti-grifk-kaatui-vieraissa\/#primaryimage"},"image":{"@id":"https:\/\/aktialiiga.fi\/miehet\/2026-2027\/ottelut\/eif-avasi-vahvasti-grifk-kaatui-vieraissa\/#primaryimage"},"thumbnailUrl":"https:\/\/i0.wp.com\/aktialiiga.fi\/miehet\/wp-content\/uploads\/sites\/5\/2025\/10\/A7302475-e1765285176268.jpg?fit=1988%2C1280&ssl=1","datePublished":"2026-09-05T16:41:18+00:00","dateModified":"2026-09-05T17:16:45+00:00","breadcrumb":{"@id":"https:\/\/aktialiiga.fi\/miehet\/2026-2027\/ottelut\/eif-avasi-vahvasti-grifk-kaatui-vieraissa\/#breadcrumb"},"inLanguage":"fi","potentialAction":[{"@type":"ReadAction","target":["https:\/\/aktialiiga.fi\/miehet\/2026-2027\/ottelut\/eif-avasi-vahvasti-grifk-kaatui-vieraissa\/"]}]},{"@type":"ImageObject","inLanguage":"fi","@id":"https:\/\/aktialiiga.fi\/miehet\/2026-2027\/ottelut\/eif-avasi-vahvasti-grifk-kaatui-vieraissa\/#primaryimage","url":"https:\/\/i0.wp.com\/aktialiiga.fi\/miehet\/wp-content\/uploads\/sites\/5\/2025\/10\/A7302475-e1765285176268.jpg?fit=1988%2C1280&ssl=1","contentUrl":"https:\/\/i0.wp.com\/aktialiiga.fi\/miehet\/wp-content\/uploads\/sites\/5\/2025\/10\/A7302475-e1765285176268.jpg?fit=1988%2C1280&ssl=1","width":1988,"height":1280},{"@type":"BreadcrumbList","@id":"https:\/\/aktialiiga.fi\/miehet\/2026-2027\/ottelut\/eif-avasi-vahvasti-grifk-kaatui-vieraissa\/#breadcrumb","itemListElement":[{"@type":"ListItem","position":1,"name":"Etusivu","item":"https:\/\/aktialiiga.fi\/miehet\/etusivu-260806\/"},{"@type":"ListItem","position":2,"name":"EIF avasi vahvasti \u2013 GrIFK kaatui vieraissa"}]},{"@type":"WebSite","@id":"https:\/\/aktialiiga.fi\/miehet\/#website","url":"https:\/\/aktialiiga.fi\/miehet\/","name":"K\u00e4sipallon miesten Aktialiiga","description":"Valtakunnan vauhdikkainta palloilua!","publisher":{"@id":"https:\/\/aktialiiga.fi\/miehet\/#organization"},"potentialAction":[{"@type":"SearchAction","target":{"@type":"EntryPoint","urlTemplate":"https:\/\/aktialiiga.fi\/miehet\/?s={search_term_string}"},"query-input":{"@type":"PropertyValueSpecification","valueRequired":true,"valueName":"search_term_string"}}],"inLanguage":"fi"},{"@type":"Organization","@id":"https:\/\/aktialiiga.fi\/miehet\/#organization","name":"K\u00e4sipallon miesten Aktialiiga","url":"https:\/\/aktialiiga.fi\/miehet\/","logo":{"@type":"ImageObject","inLanguage":"fi","@id":"https:\/\/aktialiiga.fi\/miehet\/#\/schema\/logo\/image\/","url":"https:\/\/i0.wp.com\/aktialiiga.fi\/miehet\/wp-content\/uploads\/sites\/5\/2024\/09\/Aktialiiga-Yoast-512.png?fit=512%2C512&ssl=1","contentUrl":"https:\/\/i0.wp.com\/aktialiiga.fi\/miehet\/wp-content\/uploads\/sites\/5\/2024\/09\/Aktialiiga-Yoast-512.png?fit=512%2C512&ssl=1","width":512,"height":512,"caption":"K\u00e4sipallon miesten Aktialiiga"},"image":{"@id":"https:\/\/aktialiiga.fi\/miehet\/#\/schema\/logo\/image\/"},"sameAs":["https:\/\/www.facebook.com\/finnhandball","https:\/\/x.com\/finnhandball","https:\/\/www.instagram.com\/handballfinland\/"]},{"@type":"Person","@id":"https:\/\/aktialiiga.fi\/miehet\/#\/schema\/person\/c14bf42f47041db74603c45afcb18d87","name":"tbrmedia","image":{"@type":"ImageObject","inLanguage":"fi","@id":"https:\/\/secure.gravatar.com\/avatar\/ee975fa091fe581d12b60debb3439022686618368a7c142044c56724d4666b16?s=96&d=mm&r=g","url":"https:\/\/secure.gravatar.com\/avatar\/ee975fa091fe581d12b60debb3439022686618368a7c142044c56724d4666b16?s=96&d=mm&r=g","contentUrl":"https:\/\/secure.gravatar.com\/avatar\/ee975fa091fe581d12b60debb3439022686618368a7c142044c56724d4666b16?s=96&d=mm&r=g","caption":"tbrmedia"}}]}},"jetpack_sharing_enabled":true,"jetpack_shortlink":"https:\/\/wp.me\/pfTxOr-pmM","jetpack_featured_media_url":"https:\/\/i0.wp.com\/aktialiiga.fi\/miehet\/wp-content\/uploads\/sites\/5\/2025\/10\/A7302475-e1765285176268.jpg?fit=1988%2C1280&ssl=1","_links":{"self":[{"href":"https:\/\/aktialiiga.fi\/miehet\/wp-json\/wp\/v2\/posts\/97512","targetHints":{"allow":["GET"]}}],"collection":[{"href":"https:\/\/aktialiiga.fi\/miehet\/wp-json\/wp\/v2\/posts"}],"about":[{"href":"https:\/\/aktialiiga.fi\/miehet\/wp-json\/wp\/v2\/types\/post"}],"author":[{"embeddable":true,"href":"https:\/\/aktialiiga.fi\/miehet\/wp-json\/wp\/v2\/users\/13"}],"replies":[{"embeddable":true,"href":"https:\/\/aktialiiga.fi\/miehet\/wp-json\/wp\/v2\/comments?post=97512"}],"version-history":[{"count":3,"href":"https:\/\/aktialiiga.fi\/miehet\/wp-json\/wp\/v2\/posts\/97512\/revisions"}],"predecessor-version":[{"id":97537,"href":"https:\/\/aktialiiga.fi\/miehet\/wp-json\/wp\/v2\/posts\/97512\/revisions\/97537"}],"wp:featuredmedia":[{"embeddable":true,"href":"https:\/\/aktialiiga.fi\/miehet\/wp-json\/wp\/v2\/media\/66938"}],"wp:attachment":[{"href":"https:\/\/aktialiiga.fi\/miehet\/wp-json\/wp\/v2\/media?parent=97512"}],"wp:term":[{"taxonomy":"category","embeddable":true,"href":"https:\/\/aktialiiga.fi\/miehet\/wp-json\/wp\/v2\/categories?post=97512"},{"taxonomy":"post_tag","embeddable":true,"href":"https:\/\/aktialiiga.fi\/miehet\/wp-json\/wp\/v2\/tags?post=97512"}],"curies":[{"name":"wp","href":"https:\/\/api.w.org\/{rel}","templated":true}]}}