{"id":9794,"date":"2015-03-16T22:14:44","date_gmt":"2015-03-16T20:14:44","guid":{"rendered":"https:\/\/aktialiiga.fi\/miehet\/?p=9794"},"modified":"2018-04-20T12:51:15","modified_gmt":"2018-04-20T09:51:15","slug":"kohti-puolivalieria-atlas-vantaa-ja-aifk-iskevat-yhteen","status":"publish","type":"post","link":"https:\/\/aktialiiga.fi\/miehet\/2014-2015\/ennakot-2014-2015\/kohti-puolivalieria-atlas-vantaa-ja-aifk-iskevat-yhteen\/","title":{"rendered":"Kohti puoliv\u00e4lieri\u00e4: Atlas Vantaa ja \u00c5IFK iskev\u00e4t yhteen"},"content":{"rendered":"<p>Ainakin paperilla Atlas Vantaan ja \u00c5IFK:n puoliv\u00e4lier\u00e4kohtaaminen on ennakkoon tasaisin. Joukkueet p\u00e4\u00e4tyiv\u00e4t runkosarjassa sijoille 4. ja 5. ja my\u00f6s voittivat toisensa ristiin.<\/p>\n<p>\u00c5IFK:n pelaaminen on kuluvalla kaudella nostanut selke\u00e4sti tasoaan ja t\u00e4m\u00e4 my\u00f6s p\u00e4\u00e4valmentaja Ulf Andersson nostaa runkosarjan merkitt\u00e4vimm\u00e4ksi anniksi.<\/p>\n<p>&#8211; Kaikkien pelaajien panos on ollut positiivista ja vaikka pelaajia on v\u00e4h\u00e4n erityisesti yhdeks\u00e4\u00e4n metriin, olemme onnistuneet parantamaan niin pelaajat henkil\u00f6kohtaisesti kuin kokonaisuutenakin ja sen my\u00f6t\u00e4 olemme voittaneet my\u00f6s enemm\u00e4n otteluita, Andersson tiivist\u00e4\u00e4.<\/p>\n<p>&#8211; Se on my\u00f6s joukkueen vahvuus. Olemme pelanneet itsest\u00e4mme yhten\u00e4isen ryhm\u00e4n ja pelaajat alkavat l\u00f6yt\u00e4\u00e4 toisensa oikein hyvin.<\/p>\n<p>Vahvasti kauteen panostaneilla vantaalaisilla on vienyt aikaa saada kaikki palaset peliss\u00e4 toimimaan, mutta v\u00e4l\u00e4yksitt\u00e4in peli on kulkenut jo eritt\u00e4in hyvin ailahteluista huolimatta. Atlas Vantaa vei runkosarjan kaksi kohtaamista nimiins\u00e4 selkein lukemin, mutta Samppalinnassa \u00c5IFK vei voiton. Tuosta tappiosta Vantaalla pyrit\u00e4\u00e4n nyt ottamaan opiksi.<\/p>\n<p>&#8211; Kaksi viimeist\u00e4 ottelua \u00c5IFK:ta vastaan ovat olleet v\u00e4h\u00e4n ihmeellisi\u00e4 ja erilaisia. Turussa kohellettiin ja p\u00e4\u00e4stettiin \u00c5IFK tulemaan keskelt\u00e4 ja viimeksi laidoilta, valmentaja Martin Noodla muistelee Atlas Vantaan verkkosivuilla.<\/p>\n<p>&#8211; K\u00e4ymme tietyt asiat tarkasti l\u00e4pi. Toista samanlaista kuin viimeksi ei tule. Emme saa tippua puolustuksessa liian alas vaan meid\u00e4n on pakotettava turkulaiset heitt\u00e4m\u00e4\u00e4n kauempaa.<\/p>\n<p>Molemmat joukkueet ovat saaneet osansa kolhuista kauden aikana ja pienempi vammoja on ollut l\u00e4pi kauden. \u00c5IFK:lla on kuitenkin yksi lis\u00e4huoli puoliv\u00e4lier\u00e4sarjan alla.<\/p>\n<p>&#8211; Valto Kuusisto on ollut sairaana. Saa n\u00e4hd\u00e4 onko h\u00e4n kunnossa pudotuspelien alkaessa, Andersson kertoo.<\/p>\n<p>Vastustajaa kunnioitetaan kummassakin leiriss\u00e4 ja varmaa on, ett\u00e4 puoliv\u00e4lier\u00e4sarjassa tullaan n\u00e4kem\u00e4\u00e4n kovaa taistelua voitoista ja jatkopaikasta.<\/p>\n<p>&#8211; Atlaksella on leveytt\u00e4 ryhm\u00e4ss\u00e4\u00e4n. He pelaavat paljon parempaa joukkuepeli\u00e4 t\u00e4ll\u00e4 kaudella ja ovat ilman muuta kova vastus, Andersson sanoo.<\/p>\n<p>Atlas-maalilla mainiota kautta pelaava Tuomas Laitinen vastaa kohteliaisuuteen.<\/p>\n<p>&#8211; \u00c5IFK on hyv\u00e4 joukkue ja on parantanut peli\u00e4\u00e4n ja sarjasijoitustaan huomattavasti viime kaudesta, Laitinen muotoilee.<\/p>\n<p><strong>Kohtaamiset runkosarjassa<\/strong>:<\/p>\n<p>11.10. Atlas Vantaa \u2013 \u00c5IFK 32-20<br \/>\n06.01. \u00c5IFK \u2013 Atlas Vantaa 29-24<br \/>\n28.02. Atlas Vantaa \u2013 \u00c5IFK 35-26<\/p>\n<p><strong>Puoliv\u00e4lierien aikataulu:<\/strong><\/p>\n<p>17.03. 19.00 Atlas Vantaa &#8211; \u00c5IFK<br \/>\n19.03. 18.30 \u00c5IFK \u2013 Atlas Vantaa<br \/>\n24.03. 19.00 Atlas Vantaa &#8211; \u00c5IFK<br \/>\n<em>tarvittaessa<\/em>:<br \/>\n30.03. 18.30 \u00c5IFK \u2013 Atlas Vantaa<br \/>\n01.04. 19.00 Atlas Vantaa &#8211; \u00c5IFK<\/p>\n","protected":false},"excerpt":{"rendered":"<p>Ainakin paperilla Atlas Vantaan ja \u00c5IFK:n puoliv\u00e4lier\u00e4kohtaaminen on ennakkoon tasaisin. Joukkueet p\u00e4\u00e4tyiv\u00e4t runkosarjassa sijoille 4. ja 5. ja my\u00f6s voittivat toisensa ristiin. \u00c5IFK:n pelaaminen on kuluvalla kaudella nostanut selke\u00e4sti tasoaan ja t\u00e4m\u00e4 my\u00f6s p\u00e4\u00e4valmentaja Ulf Andersson nostaa runkosarjan merkitt\u00e4vimm\u00e4ksi anniksi. &#8211; Kaikkien pelaajien panos on ollut positiivista ja vaikka pelaajia on v\u00e4h\u00e4n erityisesti yhdeks\u00e4\u00e4n metriin, [&hellip;]<\/p>\n","protected":false},"author":13,"featured_media":9049,"comment_status":"closed","ping_status":"closed","sticky":false,"template":"","format":"standard","meta":{"_acf_changed":false,"jetpack_post_was_ever_published":false,"_jetpack_newsletter_access":"","_jetpack_dont_email_post_to_subs":false,"_jetpack_newsletter_tier_id":0,"_jetpack_memberships_contains_paywalled_content":false,"_jetpack_memberships_contains_paid_content":false,"footnotes":""},"categories":[41],"tags":[50,54],"class_list":["post-9794","post","type-post","status-publish","format-standard","has-post-thumbnail","hentry","category-ennakot-2014-2015","tag-aifk","tag-atlas-vantaa"],"acf":[],"yoast_head":"<!-- This site is optimized with the Yoast SEO plugin v27.5 - https:\/\/yoast.com\/product\/yoast-seo-wordpress\/ -->\n<title>Kohti puoliv\u00e4lieri\u00e4: Atlas Vantaa ja \u00c5IFK iskev\u00e4t yhteen | K\u00e4sipallon miesten Aktialiiga<\/title>\n<meta name=\"robots\" content=\"index, follow, max-snippet:-1, max-image-preview:large, max-video-preview:-1\" \/>\n<link rel=\"canonical\" href=\"https:\/\/aktialiiga.fi\/miehet\/2014-2015\/ennakot-2014-2015\/kohti-puolivalieria-atlas-vantaa-ja-aifk-iskevat-yhteen\/\" \/>\n<meta property=\"og:locale\" content=\"fi_FI\" \/>\n<meta property=\"og:type\" content=\"article\" \/>\n<meta property=\"og:title\" content=\"Kohti puoliv\u00e4lieri\u00e4: Atlas Vantaa ja \u00c5IFK iskev\u00e4t yhteen | K\u00e4sipallon miesten Aktialiiga\" \/>\n<meta property=\"og:description\" content=\"Ainakin paperilla Atlas Vantaan ja \u00c5IFK:n puoliv\u00e4lier\u00e4kohtaaminen on ennakkoon tasaisin. Joukkueet p\u00e4\u00e4tyiv\u00e4t runkosarjassa sijoille 4. ja 5. ja my\u00f6s voittivat toisensa ristiin. \u00c5IFK:n pelaaminen on kuluvalla kaudella nostanut selke\u00e4sti tasoaan ja t\u00e4m\u00e4 my\u00f6s p\u00e4\u00e4valmentaja Ulf Andersson nostaa runkosarjan merkitt\u00e4vimm\u00e4ksi anniksi. &#8211; Kaikkien pelaajien panos on ollut positiivista ja vaikka pelaajia on v\u00e4h\u00e4n erityisesti yhdeks\u00e4\u00e4n metriin, [&hellip;]\" \/>\n<meta property=\"og:url\" content=\"https:\/\/aktialiiga.fi\/miehet\/2014-2015\/ennakot-2014-2015\/kohti-puolivalieria-atlas-vantaa-ja-aifk-iskevat-yhteen\/\" \/>\n<meta property=\"og:site_name\" content=\"K\u00e4sipallon miesten Aktialiiga\" \/>\n<meta property=\"article:publisher\" content=\"https:\/\/www.facebook.com\/finnhandball\" \/>\n<meta property=\"article:published_time\" content=\"2015-03-16T20:14:44+00:00\" \/>\n<meta property=\"article:modified_time\" content=\"2018-04-20T09:51:15+00:00\" \/>\n<meta property=\"og:image\" content=\"https:\/\/i0.wp.com\/aktialiiga.fi\/miehet\/wp-content\/uploads\/sites\/5\/2014\/11\/Atlas_timeout_1415.jpg?fit=640%2C361&ssl=1\" \/>\n\t<meta property=\"og:image:width\" content=\"640\" \/>\n\t<meta property=\"og:image:height\" content=\"361\" \/>\n\t<meta property=\"og:image:type\" content=\"image\/jpeg\" \/>\n<meta name=\"author\" content=\"tbrmedia\" \/>\n<meta name=\"twitter:card\" content=\"summary_large_image\" \/>\n<meta name=\"twitter:creator\" content=\"@finnhandball\" \/>\n<meta name=\"twitter:site\" content=\"@finnhandball\" \/>\n<script type=\"application\/ld+json\" class=\"yoast-schema-graph\">{\"@context\":\"https:\\\/\\\/schema.org\",\"@graph\":[{\"@type\":\"Article\",\"@id\":\"https:\\\/\\\/aktialiiga.fi\\\/miehet\\\/2014-2015\\\/ennakot-2014-2015\\\/kohti-puolivalieria-atlas-vantaa-ja-aifk-iskevat-yhteen\\\/#article\",\"isPartOf\":{\"@id\":\"https:\\\/\\\/aktialiiga.fi\\\/miehet\\\/2014-2015\\\/ennakot-2014-2015\\\/kohti-puolivalieria-atlas-vantaa-ja-aifk-iskevat-yhteen\\\/\"},\"author\":{\"name\":\"tbrmedia\",\"@id\":\"https:\\\/\\\/aktialiiga.fi\\\/miehet\\\/#\\\/schema\\\/person\\\/c14bf42f47041db74603c45afcb18d87\"},\"headline\":\"Kohti puoliv\u00e4lieri\u00e4: Atlas Vantaa ja \u00c5IFK iskev\u00e4t yhteen\",\"datePublished\":\"2015-03-16T20:14:44+00:00\",\"dateModified\":\"2018-04-20T09:51:15+00:00\",\"mainEntityOfPage\":{\"@id\":\"https:\\\/\\\/aktialiiga.fi\\\/miehet\\\/2014-2015\\\/ennakot-2014-2015\\\/kohti-puolivalieria-atlas-vantaa-ja-aifk-iskevat-yhteen\\\/\"},\"wordCount\":383,\"publisher\":{\"@id\":\"https:\\\/\\\/aktialiiga.fi\\\/miehet\\\/#organization\"},\"image\":{\"@id\":\"https:\\\/\\\/aktialiiga.fi\\\/miehet\\\/2014-2015\\\/ennakot-2014-2015\\\/kohti-puolivalieria-atlas-vantaa-ja-aifk-iskevat-yhteen\\\/#primaryimage\"},\"thumbnailUrl\":\"https:\\\/\\\/i0.wp.com\\\/aktialiiga.fi\\\/miehet\\\/wp-content\\\/uploads\\\/sites\\\/5\\\/2014\\\/11\\\/Atlas_timeout_1415.jpg?fit=640%2C361&ssl=1\",\"keywords\":[\"\u00c5IFK\",\"Atlas Vantaa\"],\"articleSection\":[\"Ennakot\"],\"inLanguage\":\"fi\"},{\"@type\":\"WebPage\",\"@id\":\"https:\\\/\\\/aktialiiga.fi\\\/miehet\\\/2014-2015\\\/ennakot-2014-2015\\\/kohti-puolivalieria-atlas-vantaa-ja-aifk-iskevat-yhteen\\\/\",\"url\":\"https:\\\/\\\/aktialiiga.fi\\\/miehet\\\/2014-2015\\\/ennakot-2014-2015\\\/kohti-puolivalieria-atlas-vantaa-ja-aifk-iskevat-yhteen\\\/\",\"name\":\"Kohti puoliv\u00e4lieri\u00e4: Atlas Vantaa ja \u00c5IFK iskev\u00e4t yhteen | K\u00e4sipallon miesten Aktialiiga\",\"isPartOf\":{\"@id\":\"https:\\\/\\\/aktialiiga.fi\\\/miehet\\\/#website\"},\"primaryImageOfPage\":{\"@id\":\"https:\\\/\\\/aktialiiga.fi\\\/miehet\\\/2014-2015\\\/ennakot-2014-2015\\\/kohti-puolivalieria-atlas-vantaa-ja-aifk-iskevat-yhteen\\\/#primaryimage\"},\"image\":{\"@id\":\"https:\\\/\\\/aktialiiga.fi\\\/miehet\\\/2014-2015\\\/ennakot-2014-2015\\\/kohti-puolivalieria-atlas-vantaa-ja-aifk-iskevat-yhteen\\\/#primaryimage\"},\"thumbnailUrl\":\"https:\\\/\\\/i0.wp.com\\\/aktialiiga.fi\\\/miehet\\\/wp-content\\\/uploads\\\/sites\\\/5\\\/2014\\\/11\\\/Atlas_timeout_1415.jpg?fit=640%2C361&ssl=1\",\"datePublished\":\"2015-03-16T20:14:44+00:00\",\"dateModified\":\"2018-04-20T09:51:15+00:00\",\"breadcrumb\":{\"@id\":\"https:\\\/\\\/aktialiiga.fi\\\/miehet\\\/2014-2015\\\/ennakot-2014-2015\\\/kohti-puolivalieria-atlas-vantaa-ja-aifk-iskevat-yhteen\\\/#breadcrumb\"},\"inLanguage\":\"fi\",\"potentialAction\":[{\"@type\":\"ReadAction\",\"target\":[\"https:\\\/\\\/aktialiiga.fi\\\/miehet\\\/2014-2015\\\/ennakot-2014-2015\\\/kohti-puolivalieria-atlas-vantaa-ja-aifk-iskevat-yhteen\\\/\"]}]},{\"@type\":\"ImageObject\",\"inLanguage\":\"fi\",\"@id\":\"https:\\\/\\\/aktialiiga.fi\\\/miehet\\\/2014-2015\\\/ennakot-2014-2015\\\/kohti-puolivalieria-atlas-vantaa-ja-aifk-iskevat-yhteen\\\/#primaryimage\",\"url\":\"https:\\\/\\\/i0.wp.com\\\/aktialiiga.fi\\\/miehet\\\/wp-content\\\/uploads\\\/sites\\\/5\\\/2014\\\/11\\\/Atlas_timeout_1415.jpg?fit=640%2C361&ssl=1\",\"contentUrl\":\"https:\\\/\\\/i0.wp.com\\\/aktialiiga.fi\\\/miehet\\\/wp-content\\\/uploads\\\/sites\\\/5\\\/2014\\\/11\\\/Atlas_timeout_1415.jpg?fit=640%2C361&ssl=1\",\"width\":640,\"height\":361},{\"@type\":\"BreadcrumbList\",\"@id\":\"https:\\\/\\\/aktialiiga.fi\\\/miehet\\\/2014-2015\\\/ennakot-2014-2015\\\/kohti-puolivalieria-atlas-vantaa-ja-aifk-iskevat-yhteen\\\/#breadcrumb\",\"itemListElement\":[{\"@type\":\"ListItem\",\"position\":1,\"name\":\"Etusivu\",\"item\":\"https:\\\/\\\/aktialiiga.fi\\\/miehet\\\/\"},{\"@type\":\"ListItem\",\"position\":2,\"name\":\"Kohti puoliv\u00e4lieri\u00e4: Atlas Vantaa ja \u00c5IFK iskev\u00e4t yhteen\"}]},{\"@type\":\"WebSite\",\"@id\":\"https:\\\/\\\/aktialiiga.fi\\\/miehet\\\/#website\",\"url\":\"https:\\\/\\\/aktialiiga.fi\\\/miehet\\\/\",\"name\":\"K\u00e4sipallon miesten Aktialiiga\",\"description\":\"Valtakunnan vauhdikkainta palloilua!\",\"publisher\":{\"@id\":\"https:\\\/\\\/aktialiiga.fi\\\/miehet\\\/#organization\"},\"potentialAction\":[{\"@type\":\"SearchAction\",\"target\":{\"@type\":\"EntryPoint\",\"urlTemplate\":\"https:\\\/\\\/aktialiiga.fi\\\/miehet\\\/?s={search_term_string}\"},\"query-input\":{\"@type\":\"PropertyValueSpecification\",\"valueRequired\":true,\"valueName\":\"search_term_string\"}}],\"inLanguage\":\"fi\"},{\"@type\":\"Organization\",\"@id\":\"https:\\\/\\\/aktialiiga.fi\\\/miehet\\\/#organization\",\"name\":\"K\u00e4sipallon miesten Aktialiiga\",\"url\":\"https:\\\/\\\/aktialiiga.fi\\\/miehet\\\/\",\"logo\":{\"@type\":\"ImageObject\",\"inLanguage\":\"fi\",\"@id\":\"https:\\\/\\\/aktialiiga.fi\\\/miehet\\\/#\\\/schema\\\/logo\\\/image\\\/\",\"url\":\"https:\\\/\\\/i0.wp.com\\\/aktialiiga.fi\\\/miehet\\\/wp-content\\\/uploads\\\/sites\\\/5\\\/2024\\\/09\\\/Aktialiiga-Yoast-512.png?fit=512%2C512&ssl=1\",\"contentUrl\":\"https:\\\/\\\/i0.wp.com\\\/aktialiiga.fi\\\/miehet\\\/wp-content\\\/uploads\\\/sites\\\/5\\\/2024\\\/09\\\/Aktialiiga-Yoast-512.png?fit=512%2C512&ssl=1\",\"width\":512,\"height\":512,\"caption\":\"K\u00e4sipallon miesten Aktialiiga\"},\"image\":{\"@id\":\"https:\\\/\\\/aktialiiga.fi\\\/miehet\\\/#\\\/schema\\\/logo\\\/image\\\/\"},\"sameAs\":[\"https:\\\/\\\/www.facebook.com\\\/finnhandball\",\"https:\\\/\\\/x.com\\\/finnhandball\",\"https:\\\/\\\/www.instagram.com\\\/handballfinland\\\/\"]},{\"@type\":\"Person\",\"@id\":\"https:\\\/\\\/aktialiiga.fi\\\/miehet\\\/#\\\/schema\\\/person\\\/c14bf42f47041db74603c45afcb18d87\",\"name\":\"tbrmedia\",\"image\":{\"@type\":\"ImageObject\",\"inLanguage\":\"fi\",\"@id\":\"https:\\\/\\\/secure.gravatar.com\\\/avatar\\\/ee975fa091fe581d12b60debb3439022686618368a7c142044c56724d4666b16?s=96&d=mm&r=g\",\"url\":\"https:\\\/\\\/secure.gravatar.com\\\/avatar\\\/ee975fa091fe581d12b60debb3439022686618368a7c142044c56724d4666b16?s=96&d=mm&r=g\",\"contentUrl\":\"https:\\\/\\\/secure.gravatar.com\\\/avatar\\\/ee975fa091fe581d12b60debb3439022686618368a7c142044c56724d4666b16?s=96&d=mm&r=g\",\"caption\":\"tbrmedia\"}}]}<\/script>\n<!-- \/ Yoast SEO plugin. -->","yoast_head_json":{"title":"Kohti puoliv\u00e4lieri\u00e4: Atlas Vantaa ja \u00c5IFK iskev\u00e4t yhteen | K\u00e4sipallon miesten Aktialiiga","robots":{"index":"index","follow":"follow","max-snippet":"max-snippet:-1","max-image-preview":"max-image-preview:large","max-video-preview":"max-video-preview:-1"},"canonical":"https:\/\/aktialiiga.fi\/miehet\/2014-2015\/ennakot-2014-2015\/kohti-puolivalieria-atlas-vantaa-ja-aifk-iskevat-yhteen\/","og_locale":"fi_FI","og_type":"article","og_title":"Kohti puoliv\u00e4lieri\u00e4: Atlas Vantaa ja \u00c5IFK iskev\u00e4t yhteen | K\u00e4sipallon miesten Aktialiiga","og_description":"Ainakin paperilla Atlas Vantaan ja \u00c5IFK:n puoliv\u00e4lier\u00e4kohtaaminen on ennakkoon tasaisin. Joukkueet p\u00e4\u00e4tyiv\u00e4t runkosarjassa sijoille 4. ja 5. ja my\u00f6s voittivat toisensa ristiin. \u00c5IFK:n pelaaminen on kuluvalla kaudella nostanut selke\u00e4sti tasoaan ja t\u00e4m\u00e4 my\u00f6s p\u00e4\u00e4valmentaja Ulf Andersson nostaa runkosarjan merkitt\u00e4vimm\u00e4ksi anniksi. &#8211; Kaikkien pelaajien panos on ollut positiivista ja vaikka pelaajia on v\u00e4h\u00e4n erityisesti yhdeks\u00e4\u00e4n metriin, [&hellip;]","og_url":"https:\/\/aktialiiga.fi\/miehet\/2014-2015\/ennakot-2014-2015\/kohti-puolivalieria-atlas-vantaa-ja-aifk-iskevat-yhteen\/","og_site_name":"K\u00e4sipallon miesten Aktialiiga","article_publisher":"https:\/\/www.facebook.com\/finnhandball","article_published_time":"2015-03-16T20:14:44+00:00","article_modified_time":"2018-04-20T09:51:15+00:00","og_image":[{"width":640,"height":361,"url":"https:\/\/i0.wp.com\/aktialiiga.fi\/miehet\/wp-content\/uploads\/sites\/5\/2014\/11\/Atlas_timeout_1415.jpg?fit=640%2C361&ssl=1","type":"image\/jpeg"}],"author":"tbrmedia","twitter_card":"summary_large_image","twitter_creator":"@finnhandball","twitter_site":"@finnhandball","schema":{"@context":"https:\/\/schema.org","@graph":[{"@type":"Article","@id":"https:\/\/aktialiiga.fi\/miehet\/2014-2015\/ennakot-2014-2015\/kohti-puolivalieria-atlas-vantaa-ja-aifk-iskevat-yhteen\/#article","isPartOf":{"@id":"https:\/\/aktialiiga.fi\/miehet\/2014-2015\/ennakot-2014-2015\/kohti-puolivalieria-atlas-vantaa-ja-aifk-iskevat-yhteen\/"},"author":{"name":"tbrmedia","@id":"https:\/\/aktialiiga.fi\/miehet\/#\/schema\/person\/c14bf42f47041db74603c45afcb18d87"},"headline":"Kohti puoliv\u00e4lieri\u00e4: Atlas Vantaa ja \u00c5IFK iskev\u00e4t yhteen","datePublished":"2015-03-16T20:14:44+00:00","dateModified":"2018-04-20T09:51:15+00:00","mainEntityOfPage":{"@id":"https:\/\/aktialiiga.fi\/miehet\/2014-2015\/ennakot-2014-2015\/kohti-puolivalieria-atlas-vantaa-ja-aifk-iskevat-yhteen\/"},"wordCount":383,"publisher":{"@id":"https:\/\/aktialiiga.fi\/miehet\/#organization"},"image":{"@id":"https:\/\/aktialiiga.fi\/miehet\/2014-2015\/ennakot-2014-2015\/kohti-puolivalieria-atlas-vantaa-ja-aifk-iskevat-yhteen\/#primaryimage"},"thumbnailUrl":"https:\/\/i0.wp.com\/aktialiiga.fi\/miehet\/wp-content\/uploads\/sites\/5\/2014\/11\/Atlas_timeout_1415.jpg?fit=640%2C361&ssl=1","keywords":["\u00c5IFK","Atlas Vantaa"],"articleSection":["Ennakot"],"inLanguage":"fi"},{"@type":"WebPage","@id":"https:\/\/aktialiiga.fi\/miehet\/2014-2015\/ennakot-2014-2015\/kohti-puolivalieria-atlas-vantaa-ja-aifk-iskevat-yhteen\/","url":"https:\/\/aktialiiga.fi\/miehet\/2014-2015\/ennakot-2014-2015\/kohti-puolivalieria-atlas-vantaa-ja-aifk-iskevat-yhteen\/","name":"Kohti puoliv\u00e4lieri\u00e4: Atlas Vantaa ja \u00c5IFK iskev\u00e4t yhteen | K\u00e4sipallon miesten Aktialiiga","isPartOf":{"@id":"https:\/\/aktialiiga.fi\/miehet\/#website"},"primaryImageOfPage":{"@id":"https:\/\/aktialiiga.fi\/miehet\/2014-2015\/ennakot-2014-2015\/kohti-puolivalieria-atlas-vantaa-ja-aifk-iskevat-yhteen\/#primaryimage"},"image":{"@id":"https:\/\/aktialiiga.fi\/miehet\/2014-2015\/ennakot-2014-2015\/kohti-puolivalieria-atlas-vantaa-ja-aifk-iskevat-yhteen\/#primaryimage"},"thumbnailUrl":"https:\/\/i0.wp.com\/aktialiiga.fi\/miehet\/wp-content\/uploads\/sites\/5\/2014\/11\/Atlas_timeout_1415.jpg?fit=640%2C361&ssl=1","datePublished":"2015-03-16T20:14:44+00:00","dateModified":"2018-04-20T09:51:15+00:00","breadcrumb":{"@id":"https:\/\/aktialiiga.fi\/miehet\/2014-2015\/ennakot-2014-2015\/kohti-puolivalieria-atlas-vantaa-ja-aifk-iskevat-yhteen\/#breadcrumb"},"inLanguage":"fi","potentialAction":[{"@type":"ReadAction","target":["https:\/\/aktialiiga.fi\/miehet\/2014-2015\/ennakot-2014-2015\/kohti-puolivalieria-atlas-vantaa-ja-aifk-iskevat-yhteen\/"]}]},{"@type":"ImageObject","inLanguage":"fi","@id":"https:\/\/aktialiiga.fi\/miehet\/2014-2015\/ennakot-2014-2015\/kohti-puolivalieria-atlas-vantaa-ja-aifk-iskevat-yhteen\/#primaryimage","url":"https:\/\/i0.wp.com\/aktialiiga.fi\/miehet\/wp-content\/uploads\/sites\/5\/2014\/11\/Atlas_timeout_1415.jpg?fit=640%2C361&ssl=1","contentUrl":"https:\/\/i0.wp.com\/aktialiiga.fi\/miehet\/wp-content\/uploads\/sites\/5\/2014\/11\/Atlas_timeout_1415.jpg?fit=640%2C361&ssl=1","width":640,"height":361},{"@type":"BreadcrumbList","@id":"https:\/\/aktialiiga.fi\/miehet\/2014-2015\/ennakot-2014-2015\/kohti-puolivalieria-atlas-vantaa-ja-aifk-iskevat-yhteen\/#breadcrumb","itemListElement":[{"@type":"ListItem","position":1,"name":"Etusivu","item":"https:\/\/aktialiiga.fi\/miehet\/"},{"@type":"ListItem","position":2,"name":"Kohti puoliv\u00e4lieri\u00e4: Atlas Vantaa ja \u00c5IFK iskev\u00e4t yhteen"}]},{"@type":"WebSite","@id":"https:\/\/aktialiiga.fi\/miehet\/#website","url":"https:\/\/aktialiiga.fi\/miehet\/","name":"K\u00e4sipallon miesten Aktialiiga","description":"Valtakunnan vauhdikkainta palloilua!","publisher":{"@id":"https:\/\/aktialiiga.fi\/miehet\/#organization"},"potentialAction":[{"@type":"SearchAction","target":{"@type":"EntryPoint","urlTemplate":"https:\/\/aktialiiga.fi\/miehet\/?s={search_term_string}"},"query-input":{"@type":"PropertyValueSpecification","valueRequired":true,"valueName":"search_term_string"}}],"inLanguage":"fi"},{"@type":"Organization","@id":"https:\/\/aktialiiga.fi\/miehet\/#organization","name":"K\u00e4sipallon miesten Aktialiiga","url":"https:\/\/aktialiiga.fi\/miehet\/","logo":{"@type":"ImageObject","inLanguage":"fi","@id":"https:\/\/aktialiiga.fi\/miehet\/#\/schema\/logo\/image\/","url":"https:\/\/i0.wp.com\/aktialiiga.fi\/miehet\/wp-content\/uploads\/sites\/5\/2024\/09\/Aktialiiga-Yoast-512.png?fit=512%2C512&ssl=1","contentUrl":"https:\/\/i0.wp.com\/aktialiiga.fi\/miehet\/wp-content\/uploads\/sites\/5\/2024\/09\/Aktialiiga-Yoast-512.png?fit=512%2C512&ssl=1","width":512,"height":512,"caption":"K\u00e4sipallon miesten Aktialiiga"},"image":{"@id":"https:\/\/aktialiiga.fi\/miehet\/#\/schema\/logo\/image\/"},"sameAs":["https:\/\/www.facebook.com\/finnhandball","https:\/\/x.com\/finnhandball","https:\/\/www.instagram.com\/handballfinland\/"]},{"@type":"Person","@id":"https:\/\/aktialiiga.fi\/miehet\/#\/schema\/person\/c14bf42f47041db74603c45afcb18d87","name":"tbrmedia","image":{"@type":"ImageObject","inLanguage":"fi","@id":"https:\/\/secure.gravatar.com\/avatar\/ee975fa091fe581d12b60debb3439022686618368a7c142044c56724d4666b16?s=96&d=mm&r=g","url":"https:\/\/secure.gravatar.com\/avatar\/ee975fa091fe581d12b60debb3439022686618368a7c142044c56724d4666b16?s=96&d=mm&r=g","contentUrl":"https:\/\/secure.gravatar.com\/avatar\/ee975fa091fe581d12b60debb3439022686618368a7c142044c56724d4666b16?s=96&d=mm&r=g","caption":"tbrmedia"}}]}},"jetpack_featured_media_url":"https:\/\/i0.wp.com\/aktialiiga.fi\/miehet\/wp-content\/uploads\/sites\/5\/2014\/11\/Atlas_timeout_1415.jpg?fit=640%2C361&ssl=1","jetpack_sharing_enabled":true,"jetpack_shortlink":"https:\/\/wp.me\/pfTxOr-2xY","_links":{"self":[{"href":"https:\/\/aktialiiga.fi\/miehet\/wp-json\/wp\/v2\/posts\/9794","targetHints":{"allow":["GET"]}}],"collection":[{"href":"https:\/\/aktialiiga.fi\/miehet\/wp-json\/wp\/v2\/posts"}],"about":[{"href":"https:\/\/aktialiiga.fi\/miehet\/wp-json\/wp\/v2\/types\/post"}],"author":[{"embeddable":true,"href":"https:\/\/aktialiiga.fi\/miehet\/wp-json\/wp\/v2\/users\/13"}],"replies":[{"embeddable":true,"href":"https:\/\/aktialiiga.fi\/miehet\/wp-json\/wp\/v2\/comments?post=9794"}],"version-history":[{"count":0,"href":"https:\/\/aktialiiga.fi\/miehet\/wp-json\/wp\/v2\/posts\/9794\/revisions"}],"wp:featuredmedia":[{"embeddable":true,"href":"https:\/\/aktialiiga.fi\/miehet\/wp-json\/wp\/v2\/media\/9049"}],"wp:attachment":[{"href":"https:\/\/aktialiiga.fi\/miehet\/wp-json\/wp\/v2\/media?parent=9794"}],"wp:term":[{"taxonomy":"category","embeddable":true,"href":"https:\/\/aktialiiga.fi\/miehet\/wp-json\/wp\/v2\/categories?post=9794"},{"taxonomy":"post_tag","embeddable":true,"href":"https:\/\/aktialiiga.fi\/miehet\/wp-json\/wp\/v2\/tags?post=9794"}],"curies":[{"name":"wp","href":"https:\/\/api.w.org\/{rel}","templated":true}]}}