{"id":98441,"date":"2026-09-06T15:54:11","date_gmt":"2026-09-06T12:54:11","guid":{"rendered":"https:\/\/aktialiiga.fi\/miehet\/?p=98441"},"modified":"2026-09-06T17:28:57","modified_gmt":"2026-09-06T14:28:57","slug":"sif-haki-pisteet-aifklta-2","status":"publish","type":"post","link":"https:\/\/aktialiiga.fi\/miehet\/2026-2027\/ottelut\/sif-haki-pisteet-aifklta-2\/","title":{"rendered":"SIF haki pisteet \u00c5IFK:lta"},"content":{"rendered":"<p>Aktialiigan avauskierroksen p\u00e4\u00e4t\u00f6sottelussa sunnuntaina SIF haki vierasvoiton \u00c5IFK:sta varsin vakuuttavasti.<\/p>\n<p>Ottelun avausmaalia saatiin odotella kuudennelle minuutille saakka. SIF l\u00f6ysi jyv\u00e4n ensin ja hallitsi hienokseltaan ottelua sen j\u00e4lkeen. \u00c5IFK oli kuitenkin vain kahden maalin p\u00e4\u00e4ss\u00e4 vajaa kymmenen minuuttia ennen taukoa, mutta SIF venytti eron viiteen osumaan avausjakson lopulla.<\/p>\n<p>Tauon j\u00e4lkeen \u00c5IFK nousi viel\u00e4 kahden maalin p\u00e4\u00e4h\u00e4n, mutta sen j\u00e4lkeen SIF karkasi lopullisesti. Vaikka is\u00e4nn\u00e4t p\u00e4\u00e4siv\u00e4t hiukan kaunistelemaan numeroita lopussa, ei voittajasta j\u00e4\u00e4nyt ep\u00e4selvyytt\u00e4.<\/p>\n<p>\u00c5IFK:n p\u00e4\u00e4valmentaja Joni Lindberg harmitteli k\u00e4ynnistysvaikeuksia Aktialiigakauden avauksessa.<\/p>\n<p>&#8211; Valitettavasti emme p\u00e4\u00e4sseet siihen vauhtiin ja iloon mit\u00e4 halusimme ja meill\u00e4 on ollut alkukauden. Lis\u00e4\u00e4 treeni\u00e4 ja pelej\u00e4 niin varmasti l\u00f6ydet\u00e4\u00e4n se. Positiivista on se, ett\u00e4 kaikki saivat t\u00e4n\u00e4\u00e4n peliaikaa ja ensimm\u00e4inen liigapeli on pelattu, niin ei ole niin paljon hermostuneisuutta jatkossa, Lindberg uskoi.<\/p>\n<p>SIF:n p\u00e4\u00e4valmentaja Miro Koljonen oli pitk\u00e4lti samoilla linjoilla, joskin pisteet toki maistuivat.<\/p>\n<p>&#8211; Huomasi ett\u00e4 on kauden eka peli, hermostuneisuutta molemmissa joukkueissa. Liian paljon helppoja virheit\u00e4 t\u00e4n\u00e4\u00e4n. Henkisess\u00e4 valmistuksessa parannettavaa. Kaksi pistett\u00e4 eik\u00e4 uusia loukkaantumisia. Kiitos \u00c5bolle!<\/p>\n<p>Ottelun parhaan pelaajan tittelin vei nimiins\u00e4 vahvasti siuntiolaisten maalilla torjunut Oscar Snellman.<\/p>\n<p>&#8211; Pastorin kanssa hoidettu n\u00e4m\u00e4 kes\u00e4treenit, niin t\u00e4ss\u00e4 lopputulos! Kiitos \u00c5bolle, Snellman kuittasi.<\/p>\n","protected":false},"excerpt":{"rendered":"<p>Aktialiigan avauskierroksen p\u00e4\u00e4t\u00f6sottelussa sunnuntaina SIF haki vierasvoiton \u00c5IFK:sta varsin vakuuttavasti. Ottelun avausmaalia saatiin odotella kuudennelle minuutille saakka. SIF l\u00f6ysi jyv\u00e4n ensin ja hallitsi hienokseltaan ottelua sen j\u00e4lkeen. \u00c5IFK oli kuitenkin vain kahden maalin p\u00e4\u00e4ss\u00e4 vajaa kymmenen minuuttia ennen taukoa, mutta SIF venytti eron viiteen osumaan avausjakson lopulla. Tauon j\u00e4lkeen \u00c5IFK nousi viel\u00e4 kahden maalin p\u00e4\u00e4h\u00e4n, [&hellip;]<\/p>\n","protected":false},"author":13,"featured_media":66984,"comment_status":"closed","ping_status":"closed","sticky":false,"template":"","format":"standard","meta":{"_acf_changed":false,"_jetpack_newsletter_access":"","_jetpack_dont_email_post_to_subs":false,"_jetpack_newsletter_tier_id":0,"_jetpack_memberships_contains_paywalled_content":false,"_jetpack_feature_clip_id":0,"_jetpack_memberships_contains_paid_content":false,"footnotes":"","jetpack_post_was_ever_published":false},"categories":[389],"tags":[50,111],"class_list":["post-98441","post","type-post","status-publish","format-standard","has-post-thumbnail","hentry","category-ottelut","tag-aifk","tag-sif"],"acf":[],"yoast_head":"<!-- This site is optimized with the Yoast SEO plugin v28.4 - https:\/\/yoast.com\/product\/yoast-seo-wordpress\/ -->\n<title>SIF haki pisteet \u00c5IFK:lta | K\u00e4sipallon miesten Aktialiiga<\/title>\n<meta name=\"robots\" content=\"index, follow, max-snippet:-1, max-image-preview:large, max-video-preview:-1\" \/>\n<link rel=\"canonical\" href=\"https:\/\/aktialiiga.fi\/miehet\/2026-2027\/ottelut\/sif-haki-pisteet-aifklta-2\/\" \/>\n<meta property=\"og:locale\" content=\"fi_FI\" \/>\n<meta property=\"og:type\" content=\"article\" \/>\n<meta property=\"og:title\" content=\"SIF haki pisteet \u00c5IFK:lta | K\u00e4sipallon miesten Aktialiiga\" \/>\n<meta property=\"og:description\" content=\"Aktialiigan avauskierroksen p\u00e4\u00e4t\u00f6sottelussa sunnuntaina SIF haki vierasvoiton \u00c5IFK:sta varsin vakuuttavasti. Ottelun avausmaalia saatiin odotella kuudennelle minuutille saakka. SIF l\u00f6ysi jyv\u00e4n ensin ja hallitsi hienokseltaan ottelua sen j\u00e4lkeen. \u00c5IFK oli kuitenkin vain kahden maalin p\u00e4\u00e4ss\u00e4 vajaa kymmenen minuuttia ennen taukoa, mutta SIF venytti eron viiteen osumaan avausjakson lopulla. Tauon j\u00e4lkeen \u00c5IFK nousi viel\u00e4 kahden maalin p\u00e4\u00e4h\u00e4n, [&hellip;]\" \/>\n<meta property=\"og:url\" content=\"https:\/\/aktialiiga.fi\/miehet\/2026-2027\/ottelut\/sif-haki-pisteet-aifklta-2\/\" \/>\n<meta property=\"og:site_name\" content=\"K\u00e4sipallon miesten Aktialiiga\" \/>\n<meta property=\"article:publisher\" content=\"https:\/\/www.facebook.com\/finnhandball\" \/>\n<meta property=\"article:published_time\" content=\"2026-09-06T12:54:11+00:00\" \/>\n<meta property=\"article:modified_time\" content=\"2026-09-06T14:28:57+00:00\" \/>\n<meta property=\"og:image\" content=\"https:\/\/aktialiiga.fi\/miehet\/wp-content\/uploads\/sites\/5\/2025\/10\/A7301839-e1761649753817.jpg\" \/>\n\t<meta property=\"og:image:width\" content=\"2625\" \/>\n\t<meta property=\"og:image:height\" content=\"1737\" \/>\n\t<meta property=\"og:image:type\" content=\"image\/jpeg\" \/>\n<meta name=\"author\" content=\"tbrmedia\" \/>\n<meta name=\"twitter:card\" content=\"summary_large_image\" \/>\n<meta name=\"twitter:creator\" content=\"@finnhandball\" \/>\n<meta name=\"twitter:site\" content=\"@finnhandball\" \/>\n<script type=\"application\/ld+json\" class=\"yoast-schema-graph\">{\"@context\":\"https:\\\/\\\/schema.org\",\"@graph\":[{\"@type\":\"Article\",\"@id\":\"https:\\\/\\\/aktialiiga.fi\\\/miehet\\\/2026-2027\\\/ottelut\\\/sif-haki-pisteet-aifklta-2\\\/#article\",\"isPartOf\":{\"@id\":\"https:\\\/\\\/aktialiiga.fi\\\/miehet\\\/2026-2027\\\/ottelut\\\/sif-haki-pisteet-aifklta-2\\\/\"},\"author\":{\"name\":\"tbrmedia\",\"@id\":\"https:\\\/\\\/aktialiiga.fi\\\/miehet\\\/#\\\/schema\\\/person\\\/c14bf42f47041db74603c45afcb18d87\"},\"headline\":\"SIF haki pisteet \u00c5IFK:lta\",\"datePublished\":\"2026-09-06T12:54:11+00:00\",\"dateModified\":\"2026-09-06T14:28:57+00:00\",\"mainEntityOfPage\":{\"@id\":\"https:\\\/\\\/aktialiiga.fi\\\/miehet\\\/2026-2027\\\/ottelut\\\/sif-haki-pisteet-aifklta-2\\\/\"},\"wordCount\":226,\"publisher\":{\"@id\":\"https:\\\/\\\/aktialiiga.fi\\\/miehet\\\/#organization\"},\"image\":{\"@id\":\"https:\\\/\\\/aktialiiga.fi\\\/miehet\\\/2026-2027\\\/ottelut\\\/sif-haki-pisteet-aifklta-2\\\/#primaryimage\"},\"thumbnailUrl\":\"https:\\\/\\\/i0.wp.com\\\/aktialiiga.fi\\\/miehet\\\/wp-content\\\/uploads\\\/sites\\\/5\\\/2025\\\/10\\\/A7301839-e1761649753817.jpg?fit=2625%2C1737&ssl=1\",\"keywords\":[\"\u00c5IFK\",\"SIF\"],\"articleSection\":[\"Ottelut\"],\"inLanguage\":\"fi\"},{\"@type\":\"WebPage\",\"@id\":\"https:\\\/\\\/aktialiiga.fi\\\/miehet\\\/2026-2027\\\/ottelut\\\/sif-haki-pisteet-aifklta-2\\\/\",\"url\":\"https:\\\/\\\/aktialiiga.fi\\\/miehet\\\/2026-2027\\\/ottelut\\\/sif-haki-pisteet-aifklta-2\\\/\",\"name\":\"SIF haki pisteet \u00c5IFK:lta | K\u00e4sipallon miesten Aktialiiga\",\"isPartOf\":{\"@id\":\"https:\\\/\\\/aktialiiga.fi\\\/miehet\\\/#website\"},\"primaryImageOfPage\":{\"@id\":\"https:\\\/\\\/aktialiiga.fi\\\/miehet\\\/2026-2027\\\/ottelut\\\/sif-haki-pisteet-aifklta-2\\\/#primaryimage\"},\"image\":{\"@id\":\"https:\\\/\\\/aktialiiga.fi\\\/miehet\\\/2026-2027\\\/ottelut\\\/sif-haki-pisteet-aifklta-2\\\/#primaryimage\"},\"thumbnailUrl\":\"https:\\\/\\\/i0.wp.com\\\/aktialiiga.fi\\\/miehet\\\/wp-content\\\/uploads\\\/sites\\\/5\\\/2025\\\/10\\\/A7301839-e1761649753817.jpg?fit=2625%2C1737&ssl=1\",\"datePublished\":\"2026-09-06T12:54:11+00:00\",\"dateModified\":\"2026-09-06T14:28:57+00:00\",\"breadcrumb\":{\"@id\":\"https:\\\/\\\/aktialiiga.fi\\\/miehet\\\/2026-2027\\\/ottelut\\\/sif-haki-pisteet-aifklta-2\\\/#breadcrumb\"},\"inLanguage\":\"fi\",\"potentialAction\":[{\"@type\":\"ReadAction\",\"target\":[\"https:\\\/\\\/aktialiiga.fi\\\/miehet\\\/2026-2027\\\/ottelut\\\/sif-haki-pisteet-aifklta-2\\\/\"]}]},{\"@type\":\"ImageObject\",\"inLanguage\":\"fi\",\"@id\":\"https:\\\/\\\/aktialiiga.fi\\\/miehet\\\/2026-2027\\\/ottelut\\\/sif-haki-pisteet-aifklta-2\\\/#primaryimage\",\"url\":\"https:\\\/\\\/i0.wp.com\\\/aktialiiga.fi\\\/miehet\\\/wp-content\\\/uploads\\\/sites\\\/5\\\/2025\\\/10\\\/A7301839-e1761649753817.jpg?fit=2625%2C1737&ssl=1\",\"contentUrl\":\"https:\\\/\\\/i0.wp.com\\\/aktialiiga.fi\\\/miehet\\\/wp-content\\\/uploads\\\/sites\\\/5\\\/2025\\\/10\\\/A7301839-e1761649753817.jpg?fit=2625%2C1737&ssl=1\",\"width\":2625,\"height\":1737},{\"@type\":\"BreadcrumbList\",\"@id\":\"https:\\\/\\\/aktialiiga.fi\\\/miehet\\\/2026-2027\\\/ottelut\\\/sif-haki-pisteet-aifklta-2\\\/#breadcrumb\",\"itemListElement\":[{\"@type\":\"ListItem\",\"position\":1,\"name\":\"Etusivu\",\"item\":\"https:\\\/\\\/aktialiiga.fi\\\/miehet\\\/etusivu-260806\\\/\"},{\"@type\":\"ListItem\",\"position\":2,\"name\":\"SIF haki pisteet \u00c5IFK:lta\"}]},{\"@type\":\"WebSite\",\"@id\":\"https:\\\/\\\/aktialiiga.fi\\\/miehet\\\/#website\",\"url\":\"https:\\\/\\\/aktialiiga.fi\\\/miehet\\\/\",\"name\":\"K\u00e4sipallon miesten Aktialiiga\",\"description\":\"Valtakunnan vauhdikkainta palloilua!\",\"publisher\":{\"@id\":\"https:\\\/\\\/aktialiiga.fi\\\/miehet\\\/#organization\"},\"potentialAction\":[{\"@type\":\"SearchAction\",\"target\":{\"@type\":\"EntryPoint\",\"urlTemplate\":\"https:\\\/\\\/aktialiiga.fi\\\/miehet\\\/?s={search_term_string}\"},\"query-input\":{\"@type\":\"PropertyValueSpecification\",\"valueRequired\":true,\"valueName\":\"search_term_string\"}}],\"inLanguage\":\"fi\"},{\"@type\":\"Organization\",\"@id\":\"https:\\\/\\\/aktialiiga.fi\\\/miehet\\\/#organization\",\"name\":\"K\u00e4sipallon miesten Aktialiiga\",\"url\":\"https:\\\/\\\/aktialiiga.fi\\\/miehet\\\/\",\"logo\":{\"@type\":\"ImageObject\",\"inLanguage\":\"fi\",\"@id\":\"https:\\\/\\\/aktialiiga.fi\\\/miehet\\\/#\\\/schema\\\/logo\\\/image\\\/\",\"url\":\"https:\\\/\\\/i0.wp.com\\\/aktialiiga.fi\\\/miehet\\\/wp-content\\\/uploads\\\/sites\\\/5\\\/2024\\\/09\\\/Aktialiiga-Yoast-512.png?fit=512%2C512&ssl=1\",\"contentUrl\":\"https:\\\/\\\/i0.wp.com\\\/aktialiiga.fi\\\/miehet\\\/wp-content\\\/uploads\\\/sites\\\/5\\\/2024\\\/09\\\/Aktialiiga-Yoast-512.png?fit=512%2C512&ssl=1\",\"width\":512,\"height\":512,\"caption\":\"K\u00e4sipallon miesten Aktialiiga\"},\"image\":{\"@id\":\"https:\\\/\\\/aktialiiga.fi\\\/miehet\\\/#\\\/schema\\\/logo\\\/image\\\/\"},\"sameAs\":[\"https:\\\/\\\/www.facebook.com\\\/finnhandball\",\"https:\\\/\\\/x.com\\\/finnhandball\",\"https:\\\/\\\/www.instagram.com\\\/handballfinland\\\/\"]},{\"@type\":\"Person\",\"@id\":\"https:\\\/\\\/aktialiiga.fi\\\/miehet\\\/#\\\/schema\\\/person\\\/c14bf42f47041db74603c45afcb18d87\",\"name\":\"tbrmedia\",\"image\":{\"@type\":\"ImageObject\",\"inLanguage\":\"fi\",\"@id\":\"https:\\\/\\\/secure.gravatar.com\\\/avatar\\\/ee975fa091fe581d12b60debb3439022686618368a7c142044c56724d4666b16?s=96&d=mm&r=g\",\"url\":\"https:\\\/\\\/secure.gravatar.com\\\/avatar\\\/ee975fa091fe581d12b60debb3439022686618368a7c142044c56724d4666b16?s=96&d=mm&r=g\",\"contentUrl\":\"https:\\\/\\\/secure.gravatar.com\\\/avatar\\\/ee975fa091fe581d12b60debb3439022686618368a7c142044c56724d4666b16?s=96&d=mm&r=g\",\"caption\":\"tbrmedia\"}}]}<\/script>\n<!-- \/ Yoast SEO plugin. -->","yoast_head_json":{"title":"SIF haki pisteet \u00c5IFK:lta | K\u00e4sipallon miesten Aktialiiga","robots":{"index":"index","follow":"follow","max-snippet":"max-snippet:-1","max-image-preview":"max-image-preview:large","max-video-preview":"max-video-preview:-1"},"canonical":"https:\/\/aktialiiga.fi\/miehet\/2026-2027\/ottelut\/sif-haki-pisteet-aifklta-2\/","og_locale":"fi_FI","og_type":"article","og_title":"SIF haki pisteet \u00c5IFK:lta | K\u00e4sipallon miesten Aktialiiga","og_description":"Aktialiigan avauskierroksen p\u00e4\u00e4t\u00f6sottelussa sunnuntaina SIF haki vierasvoiton \u00c5IFK:sta varsin vakuuttavasti. Ottelun avausmaalia saatiin odotella kuudennelle minuutille saakka. SIF l\u00f6ysi jyv\u00e4n ensin ja hallitsi hienokseltaan ottelua sen j\u00e4lkeen. \u00c5IFK oli kuitenkin vain kahden maalin p\u00e4\u00e4ss\u00e4 vajaa kymmenen minuuttia ennen taukoa, mutta SIF venytti eron viiteen osumaan avausjakson lopulla. Tauon j\u00e4lkeen \u00c5IFK nousi viel\u00e4 kahden maalin p\u00e4\u00e4h\u00e4n, [&hellip;]","og_url":"https:\/\/aktialiiga.fi\/miehet\/2026-2027\/ottelut\/sif-haki-pisteet-aifklta-2\/","og_site_name":"K\u00e4sipallon miesten Aktialiiga","article_publisher":"https:\/\/www.facebook.com\/finnhandball","article_published_time":"2026-09-06T12:54:11+00:00","article_modified_time":"2026-09-06T14:28:57+00:00","og_image":[{"width":2625,"height":1737,"url":"https:\/\/aktialiiga.fi\/miehet\/wp-content\/uploads\/sites\/5\/2025\/10\/A7301839-e1761649753817.jpg","type":"image\/jpeg"}],"author":"tbrmedia","twitter_card":"summary_large_image","twitter_creator":"@finnhandball","twitter_site":"@finnhandball","schema":{"@context":"https:\/\/schema.org","@graph":[{"@type":"Article","@id":"https:\/\/aktialiiga.fi\/miehet\/2026-2027\/ottelut\/sif-haki-pisteet-aifklta-2\/#article","isPartOf":{"@id":"https:\/\/aktialiiga.fi\/miehet\/2026-2027\/ottelut\/sif-haki-pisteet-aifklta-2\/"},"author":{"name":"tbrmedia","@id":"https:\/\/aktialiiga.fi\/miehet\/#\/schema\/person\/c14bf42f47041db74603c45afcb18d87"},"headline":"SIF haki pisteet \u00c5IFK:lta","datePublished":"2026-09-06T12:54:11+00:00","dateModified":"2026-09-06T14:28:57+00:00","mainEntityOfPage":{"@id":"https:\/\/aktialiiga.fi\/miehet\/2026-2027\/ottelut\/sif-haki-pisteet-aifklta-2\/"},"wordCount":226,"publisher":{"@id":"https:\/\/aktialiiga.fi\/miehet\/#organization"},"image":{"@id":"https:\/\/aktialiiga.fi\/miehet\/2026-2027\/ottelut\/sif-haki-pisteet-aifklta-2\/#primaryimage"},"thumbnailUrl":"https:\/\/i0.wp.com\/aktialiiga.fi\/miehet\/wp-content\/uploads\/sites\/5\/2025\/10\/A7301839-e1761649753817.jpg?fit=2625%2C1737&ssl=1","keywords":["\u00c5IFK","SIF"],"articleSection":["Ottelut"],"inLanguage":"fi"},{"@type":"WebPage","@id":"https:\/\/aktialiiga.fi\/miehet\/2026-2027\/ottelut\/sif-haki-pisteet-aifklta-2\/","url":"https:\/\/aktialiiga.fi\/miehet\/2026-2027\/ottelut\/sif-haki-pisteet-aifklta-2\/","name":"SIF haki pisteet \u00c5IFK:lta | K\u00e4sipallon miesten Aktialiiga","isPartOf":{"@id":"https:\/\/aktialiiga.fi\/miehet\/#website"},"primaryImageOfPage":{"@id":"https:\/\/aktialiiga.fi\/miehet\/2026-2027\/ottelut\/sif-haki-pisteet-aifklta-2\/#primaryimage"},"image":{"@id":"https:\/\/aktialiiga.fi\/miehet\/2026-2027\/ottelut\/sif-haki-pisteet-aifklta-2\/#primaryimage"},"thumbnailUrl":"https:\/\/i0.wp.com\/aktialiiga.fi\/miehet\/wp-content\/uploads\/sites\/5\/2025\/10\/A7301839-e1761649753817.jpg?fit=2625%2C1737&ssl=1","datePublished":"2026-09-06T12:54:11+00:00","dateModified":"2026-09-06T14:28:57+00:00","breadcrumb":{"@id":"https:\/\/aktialiiga.fi\/miehet\/2026-2027\/ottelut\/sif-haki-pisteet-aifklta-2\/#breadcrumb"},"inLanguage":"fi","potentialAction":[{"@type":"ReadAction","target":["https:\/\/aktialiiga.fi\/miehet\/2026-2027\/ottelut\/sif-haki-pisteet-aifklta-2\/"]}]},{"@type":"ImageObject","inLanguage":"fi","@id":"https:\/\/aktialiiga.fi\/miehet\/2026-2027\/ottelut\/sif-haki-pisteet-aifklta-2\/#primaryimage","url":"https:\/\/i0.wp.com\/aktialiiga.fi\/miehet\/wp-content\/uploads\/sites\/5\/2025\/10\/A7301839-e1761649753817.jpg?fit=2625%2C1737&ssl=1","contentUrl":"https:\/\/i0.wp.com\/aktialiiga.fi\/miehet\/wp-content\/uploads\/sites\/5\/2025\/10\/A7301839-e1761649753817.jpg?fit=2625%2C1737&ssl=1","width":2625,"height":1737},{"@type":"BreadcrumbList","@id":"https:\/\/aktialiiga.fi\/miehet\/2026-2027\/ottelut\/sif-haki-pisteet-aifklta-2\/#breadcrumb","itemListElement":[{"@type":"ListItem","position":1,"name":"Etusivu","item":"https:\/\/aktialiiga.fi\/miehet\/etusivu-260806\/"},{"@type":"ListItem","position":2,"name":"SIF haki pisteet \u00c5IFK:lta"}]},{"@type":"WebSite","@id":"https:\/\/aktialiiga.fi\/miehet\/#website","url":"https:\/\/aktialiiga.fi\/miehet\/","name":"K\u00e4sipallon miesten Aktialiiga","description":"Valtakunnan vauhdikkainta palloilua!","publisher":{"@id":"https:\/\/aktialiiga.fi\/miehet\/#organization"},"potentialAction":[{"@type":"SearchAction","target":{"@type":"EntryPoint","urlTemplate":"https:\/\/aktialiiga.fi\/miehet\/?s={search_term_string}"},"query-input":{"@type":"PropertyValueSpecification","valueRequired":true,"valueName":"search_term_string"}}],"inLanguage":"fi"},{"@type":"Organization","@id":"https:\/\/aktialiiga.fi\/miehet\/#organization","name":"K\u00e4sipallon miesten Aktialiiga","url":"https:\/\/aktialiiga.fi\/miehet\/","logo":{"@type":"ImageObject","inLanguage":"fi","@id":"https:\/\/aktialiiga.fi\/miehet\/#\/schema\/logo\/image\/","url":"https:\/\/i0.wp.com\/aktialiiga.fi\/miehet\/wp-content\/uploads\/sites\/5\/2024\/09\/Aktialiiga-Yoast-512.png?fit=512%2C512&ssl=1","contentUrl":"https:\/\/i0.wp.com\/aktialiiga.fi\/miehet\/wp-content\/uploads\/sites\/5\/2024\/09\/Aktialiiga-Yoast-512.png?fit=512%2C512&ssl=1","width":512,"height":512,"caption":"K\u00e4sipallon miesten Aktialiiga"},"image":{"@id":"https:\/\/aktialiiga.fi\/miehet\/#\/schema\/logo\/image\/"},"sameAs":["https:\/\/www.facebook.com\/finnhandball","https:\/\/x.com\/finnhandball","https:\/\/www.instagram.com\/handballfinland\/"]},{"@type":"Person","@id":"https:\/\/aktialiiga.fi\/miehet\/#\/schema\/person\/c14bf42f47041db74603c45afcb18d87","name":"tbrmedia","image":{"@type":"ImageObject","inLanguage":"fi","@id":"https:\/\/secure.gravatar.com\/avatar\/ee975fa091fe581d12b60debb3439022686618368a7c142044c56724d4666b16?s=96&d=mm&r=g","url":"https:\/\/secure.gravatar.com\/avatar\/ee975fa091fe581d12b60debb3439022686618368a7c142044c56724d4666b16?s=96&d=mm&r=g","contentUrl":"https:\/\/secure.gravatar.com\/avatar\/ee975fa091fe581d12b60debb3439022686618368a7c142044c56724d4666b16?s=96&d=mm&r=g","caption":"tbrmedia"}}]}},"jetpack_sharing_enabled":true,"jetpack_shortlink":"https:\/\/wp.me\/pfTxOr-pBL","jetpack_featured_media_url":"https:\/\/i0.wp.com\/aktialiiga.fi\/miehet\/wp-content\/uploads\/sites\/5\/2025\/10\/A7301839-e1761649753817.jpg?fit=2625%2C1737&ssl=1","_links":{"self":[{"href":"https:\/\/aktialiiga.fi\/miehet\/wp-json\/wp\/v2\/posts\/98441","targetHints":{"allow":["GET"]}}],"collection":[{"href":"https:\/\/aktialiiga.fi\/miehet\/wp-json\/wp\/v2\/posts"}],"about":[{"href":"https:\/\/aktialiiga.fi\/miehet\/wp-json\/wp\/v2\/types\/post"}],"author":[{"embeddable":true,"href":"https:\/\/aktialiiga.fi\/miehet\/wp-json\/wp\/v2\/users\/13"}],"replies":[{"embeddable":true,"href":"https:\/\/aktialiiga.fi\/miehet\/wp-json\/wp\/v2\/comments?post=98441"}],"version-history":[{"count":3,"href":"https:\/\/aktialiiga.fi\/miehet\/wp-json\/wp\/v2\/posts\/98441\/revisions"}],"predecessor-version":[{"id":98512,"href":"https:\/\/aktialiiga.fi\/miehet\/wp-json\/wp\/v2\/posts\/98441\/revisions\/98512"}],"wp:featuredmedia":[{"embeddable":true,"href":"https:\/\/aktialiiga.fi\/miehet\/wp-json\/wp\/v2\/media\/66984"}],"wp:attachment":[{"href":"https:\/\/aktialiiga.fi\/miehet\/wp-json\/wp\/v2\/media?parent=98441"}],"wp:term":[{"taxonomy":"category","embeddable":true,"href":"https:\/\/aktialiiga.fi\/miehet\/wp-json\/wp\/v2\/categories?post=98441"},{"taxonomy":"post_tag","embeddable":true,"href":"https:\/\/aktialiiga.fi\/miehet\/wp-json\/wp\/v2\/tags?post=98441"}],"curies":[{"name":"wp","href":"https:\/\/api.w.org\/{rel}","templated":true}]}}