{"id":9922,"date":"2015-04-07T21:42:08","date_gmt":"2015-04-07T18:42:08","guid":{"rendered":"https:\/\/aktialiiga.fi\/miehet\/?p=9922"},"modified":"2018-04-20T12:51:06","modified_gmt":"2018-04-20T09:51:06","slug":"kohti-valieria-dicken-saa-haasteen-hc-westilta","status":"publish","type":"post","link":"https:\/\/aktialiiga.fi\/miehet\/2014-2015\/ennakot-2014-2015\/kohti-valieria-dicken-saa-haasteen-hc-westilta\/","title":{"rendered":"Kohti v\u00e4lieri\u00e4: Dicken saa haasteen HC Westilt\u00e4"},"content":{"rendered":"<p>Dicken l\u00e4htee keskiviikkona alkaviin v\u00e4lieriin ennakkosuosikkina HC Westi\u00e4 vastaan. Dicken vei kaikki joukkueiden v\u00e4liset kohtaamiset runkosarjassa ja on muutoinkin ollut sarjan selke\u00e4sti toiseksi paras joukkue viime kausia dominoineen Cocksin j\u00e4lkeen.<\/p>\n<p>HC Westin valmentajavelho Mikael K\u00e4llman l\u00e4htee kuitenkin luottavaisena haastamaan helsinkil\u00e4isi\u00e4 ja sys\u00e4\u00e4 joukkueeltaan paineet pois.<\/p>\n<p>&#8211; Toivon, ett\u00e4 pystymme pelaamaan tasaisesti Dickeni\u00e4 vastaan. Olemme onnistuneet valmisteluissa ja pystymme jopa voittamaan heid\u00e4t. Emme toki ole ennakkosuosikkeja.<\/p>\n<p>&#8211; Kaikilla on ollut aikaa valmistautua n\u00e4ihin v\u00e4lieriin, joka on hyv\u00e4 juttu. Videot puoliv\u00e4lierist\u00e4 on katsottu. Kaikki tied\u00e4mme, mit\u00e4 pit\u00e4\u00e4 tehd\u00e4 ja mit\u00e4 pit\u00e4\u00e4 v\u00e4ltt\u00e4\u00e4. N\u00e4it\u00e4 asioita on harjoiteltu niin paljon. ett\u00e4 ne ovat pelaajilla selk\u00e4rangoissa, K\u00e4llman sanoo.<\/p>\n<p>K\u00e4llman tiet\u00e4\u00e4, mit\u00e4 vastustajan peliss\u00e4 kannattaa varoa. H\u00e4n korostaa my\u00f6s pelikellon loppuun asti pelaamista.<\/p>\n<p>&#8211; Meid\u00e4n pit\u00e4\u00e4 v\u00e4ltt\u00e4\u00e4 Dickenin nopeat vastaiskut. Se tarkoittaa sit\u00e4, ett\u00e4 meid\u00e4n pit\u00e4\u00e4 pelata j\u00e4rkev\u00e4sti hy\u00f6kk\u00e4ysp\u00e4\u00e4ss\u00e4 ja emme voi menett\u00e4\u00e4 palloa liian nopeasti. Jos saamme pelaamaan heid\u00e4t meid\u00e4n puolustusmuuriamme vastaan, niin se on jo paljon.<\/p>\n<p><strong>J\u00e4lleen tiukkaa?<\/strong><\/p>\n<p>Dickenin p\u00e4\u00e4valmentaja Bj\u00f6rn Monnberg ei usko maalikarkeloihin v\u00e4lieriss\u00e4.<\/p>\n<p>&#8211; Kohtaamisemme ovat olleet aika v\u00e4h\u00e4maalisia ja tiukkaa puolustuspeli\u00e4 t\u00e4ll\u00e4 kaudella. Odotan n\u00e4ist\u00e4 kohtaamisista samanlaisia.<\/p>\n<p>Joukkueet ovat toisillensa eritt\u00e4in tuttuja. Monnberg nostaa n\u00e4in esiin Westin heittovoimaisen takamieskolmikon.<\/p>\n<p>&#8211; Meid\u00e4n pit\u00e4\u00e4 seist\u00e4 oikeassa paikassa ja n\u00e4in he eiv\u00e4t p\u00e4\u00e4se parhaille heittopaikoille. Olemme k\u00e4yneet n\u00e4it\u00e4 asioita paljon l\u00e4pi ja toki vastustajan pelaajat ovat aika tuttuja meille, joka helpottaa asiaa.<\/p>\n<p>Valmentaja haluaa joukkueensa hy\u00f6dynt\u00e4v\u00e4n joukkueensa nopeusedun.<\/p>\n<p>&#8211; Puolustuksessa meid\u00e4n pit\u00e4\u00e4 saada tiivis ryhm\u00e4 kaarelle ja sit\u00e4 kautta vaikeuksia hy\u00f6kk\u00e4\u00e4jille. Vahvuuksiamme on nopeus, koska olemme pienikokoisempi joukkue. Sit\u00e4 pit\u00e4\u00e4 pysty\u00e4 hy\u00f6dynt\u00e4m\u00e4\u00e4n.<\/p>\n<p><strong>V\u00e4lierien aikataulu<\/strong><\/p>\n<p>8.4 18.15 Pirkkola Dicken \u2013 HC West<br \/>\n11.4 16:00 Kauniainen HC West &#8211; Dicken<br \/>\n15.4 18:15 Pirkkola Dicken \u2013 HC West<\/p>\n<p><em>Tarvittaessa<\/em><\/p>\n<p>18.4 16:00 Kauniainen HC West &#8211; Dicken<br \/>\n21.4 xx:xx Pirkkola Dicken \u2013 HC West<\/p>\n","protected":false},"excerpt":{"rendered":"<p>Dicken l\u00e4htee keskiviikkona alkaviin v\u00e4lieriin ennakkosuosikkina HC Westi\u00e4 vastaan. Dicken vei kaikki joukkueiden v\u00e4liset kohtaamiset runkosarjassa ja on muutoinkin ollut sarjan selke\u00e4sti toiseksi paras joukkue viime kausia dominoineen Cocksin j\u00e4lkeen. HC Westin valmentajavelho Mikael K\u00e4llman l\u00e4htee kuitenkin luottavaisena haastamaan helsinkil\u00e4isi\u00e4 ja sys\u00e4\u00e4 joukkueeltaan paineet pois. &#8211; Toivon, ett\u00e4 pystymme pelaamaan tasaisesti Dickeni\u00e4 vastaan. Olemme onnistuneet [&hellip;]<\/p>\n","protected":false},"author":13,"featured_media":9160,"comment_status":"closed","ping_status":"closed","sticky":false,"template":"","format":"standard","meta":{"_acf_changed":false,"jetpack_post_was_ever_published":false,"_jetpack_newsletter_access":"","_jetpack_dont_email_post_to_subs":false,"_jetpack_newsletter_tier_id":0,"_jetpack_memberships_contains_paywalled_content":false,"_jetpack_memberships_contains_paid_content":false,"footnotes":""},"categories":[41],"tags":[58,68],"class_list":["post-9922","post","type-post","status-publish","format-standard","has-post-thumbnail","hentry","category-ennakot-2014-2015","tag-dicken","tag-hc-west"],"acf":[],"yoast_head":"<!-- This site is optimized with the Yoast SEO plugin v27.5 - https:\/\/yoast.com\/product\/yoast-seo-wordpress\/ -->\n<title>Kohti v\u00e4lieri\u00e4: Dicken saa haasteen HC Westilt\u00e4 | K\u00e4sipallon miesten Aktialiiga<\/title>\n<meta name=\"robots\" content=\"index, follow, max-snippet:-1, max-image-preview:large, max-video-preview:-1\" \/>\n<link rel=\"canonical\" href=\"https:\/\/aktialiiga.fi\/miehet\/2014-2015\/ennakot-2014-2015\/kohti-valieria-dicken-saa-haasteen-hc-westilta\/\" \/>\n<meta property=\"og:locale\" content=\"fi_FI\" \/>\n<meta property=\"og:type\" content=\"article\" \/>\n<meta property=\"og:title\" content=\"Kohti v\u00e4lieri\u00e4: Dicken saa haasteen HC Westilt\u00e4 | K\u00e4sipallon miesten Aktialiiga\" \/>\n<meta property=\"og:description\" content=\"Dicken l\u00e4htee keskiviikkona alkaviin v\u00e4lieriin ennakkosuosikkina HC Westi\u00e4 vastaan. Dicken vei kaikki joukkueiden v\u00e4liset kohtaamiset runkosarjassa ja on muutoinkin ollut sarjan selke\u00e4sti toiseksi paras joukkue viime kausia dominoineen Cocksin j\u00e4lkeen. HC Westin valmentajavelho Mikael K\u00e4llman l\u00e4htee kuitenkin luottavaisena haastamaan helsinkil\u00e4isi\u00e4 ja sys\u00e4\u00e4 joukkueeltaan paineet pois. &#8211; Toivon, ett\u00e4 pystymme pelaamaan tasaisesti Dickeni\u00e4 vastaan. Olemme onnistuneet [&hellip;]\" \/>\n<meta property=\"og:url\" content=\"https:\/\/aktialiiga.fi\/miehet\/2014-2015\/ennakot-2014-2015\/kohti-valieria-dicken-saa-haasteen-hc-westilta\/\" \/>\n<meta property=\"og:site_name\" content=\"K\u00e4sipallon miesten Aktialiiga\" \/>\n<meta property=\"article:publisher\" content=\"https:\/\/www.facebook.com\/finnhandball\" \/>\n<meta property=\"article:published_time\" content=\"2015-04-07T18:42:08+00:00\" \/>\n<meta property=\"article:modified_time\" content=\"2018-04-20T09:51:06+00:00\" \/>\n<meta property=\"og:image\" content=\"https:\/\/i0.wp.com\/aktialiiga.fi\/miehet\/wp-content\/uploads\/sites\/5\/2014\/12\/Dicken_peli1415a.jpg?fit=640%2C362&ssl=1\" \/>\n\t<meta property=\"og:image:width\" content=\"640\" \/>\n\t<meta property=\"og:image:height\" content=\"362\" \/>\n\t<meta property=\"og:image:type\" content=\"image\/jpeg\" \/>\n<meta name=\"author\" content=\"tbrmedia\" \/>\n<meta name=\"twitter:card\" content=\"summary_large_image\" \/>\n<meta name=\"twitter:creator\" content=\"@finnhandball\" \/>\n<meta name=\"twitter:site\" content=\"@finnhandball\" \/>\n<script type=\"application\/ld+json\" class=\"yoast-schema-graph\">{\"@context\":\"https:\\\/\\\/schema.org\",\"@graph\":[{\"@type\":\"Article\",\"@id\":\"https:\\\/\\\/aktialiiga.fi\\\/miehet\\\/2014-2015\\\/ennakot-2014-2015\\\/kohti-valieria-dicken-saa-haasteen-hc-westilta\\\/#article\",\"isPartOf\":{\"@id\":\"https:\\\/\\\/aktialiiga.fi\\\/miehet\\\/2014-2015\\\/ennakot-2014-2015\\\/kohti-valieria-dicken-saa-haasteen-hc-westilta\\\/\"},\"author\":{\"name\":\"tbrmedia\",\"@id\":\"https:\\\/\\\/aktialiiga.fi\\\/miehet\\\/#\\\/schema\\\/person\\\/c14bf42f47041db74603c45afcb18d87\"},\"headline\":\"Kohti v\u00e4lieri\u00e4: Dicken saa haasteen HC Westilt\u00e4\",\"datePublished\":\"2015-04-07T18:42:08+00:00\",\"dateModified\":\"2018-04-20T09:51:06+00:00\",\"mainEntityOfPage\":{\"@id\":\"https:\\\/\\\/aktialiiga.fi\\\/miehet\\\/2014-2015\\\/ennakot-2014-2015\\\/kohti-valieria-dicken-saa-haasteen-hc-westilta\\\/\"},\"wordCount\":341,\"publisher\":{\"@id\":\"https:\\\/\\\/aktialiiga.fi\\\/miehet\\\/#organization\"},\"image\":{\"@id\":\"https:\\\/\\\/aktialiiga.fi\\\/miehet\\\/2014-2015\\\/ennakot-2014-2015\\\/kohti-valieria-dicken-saa-haasteen-hc-westilta\\\/#primaryimage\"},\"thumbnailUrl\":\"https:\\\/\\\/i0.wp.com\\\/aktialiiga.fi\\\/miehet\\\/wp-content\\\/uploads\\\/sites\\\/5\\\/2014\\\/12\\\/Dicken_peli1415a.jpg?fit=640%2C362&ssl=1\",\"keywords\":[\"Dicken\",\"HC West\"],\"articleSection\":[\"Ennakot\"],\"inLanguage\":\"fi\"},{\"@type\":\"WebPage\",\"@id\":\"https:\\\/\\\/aktialiiga.fi\\\/miehet\\\/2014-2015\\\/ennakot-2014-2015\\\/kohti-valieria-dicken-saa-haasteen-hc-westilta\\\/\",\"url\":\"https:\\\/\\\/aktialiiga.fi\\\/miehet\\\/2014-2015\\\/ennakot-2014-2015\\\/kohti-valieria-dicken-saa-haasteen-hc-westilta\\\/\",\"name\":\"Kohti v\u00e4lieri\u00e4: Dicken saa haasteen HC Westilt\u00e4 | K\u00e4sipallon miesten Aktialiiga\",\"isPartOf\":{\"@id\":\"https:\\\/\\\/aktialiiga.fi\\\/miehet\\\/#website\"},\"primaryImageOfPage\":{\"@id\":\"https:\\\/\\\/aktialiiga.fi\\\/miehet\\\/2014-2015\\\/ennakot-2014-2015\\\/kohti-valieria-dicken-saa-haasteen-hc-westilta\\\/#primaryimage\"},\"image\":{\"@id\":\"https:\\\/\\\/aktialiiga.fi\\\/miehet\\\/2014-2015\\\/ennakot-2014-2015\\\/kohti-valieria-dicken-saa-haasteen-hc-westilta\\\/#primaryimage\"},\"thumbnailUrl\":\"https:\\\/\\\/i0.wp.com\\\/aktialiiga.fi\\\/miehet\\\/wp-content\\\/uploads\\\/sites\\\/5\\\/2014\\\/12\\\/Dicken_peli1415a.jpg?fit=640%2C362&ssl=1\",\"datePublished\":\"2015-04-07T18:42:08+00:00\",\"dateModified\":\"2018-04-20T09:51:06+00:00\",\"breadcrumb\":{\"@id\":\"https:\\\/\\\/aktialiiga.fi\\\/miehet\\\/2014-2015\\\/ennakot-2014-2015\\\/kohti-valieria-dicken-saa-haasteen-hc-westilta\\\/#breadcrumb\"},\"inLanguage\":\"fi\",\"potentialAction\":[{\"@type\":\"ReadAction\",\"target\":[\"https:\\\/\\\/aktialiiga.fi\\\/miehet\\\/2014-2015\\\/ennakot-2014-2015\\\/kohti-valieria-dicken-saa-haasteen-hc-westilta\\\/\"]}]},{\"@type\":\"ImageObject\",\"inLanguage\":\"fi\",\"@id\":\"https:\\\/\\\/aktialiiga.fi\\\/miehet\\\/2014-2015\\\/ennakot-2014-2015\\\/kohti-valieria-dicken-saa-haasteen-hc-westilta\\\/#primaryimage\",\"url\":\"https:\\\/\\\/i0.wp.com\\\/aktialiiga.fi\\\/miehet\\\/wp-content\\\/uploads\\\/sites\\\/5\\\/2014\\\/12\\\/Dicken_peli1415a.jpg?fit=640%2C362&ssl=1\",\"contentUrl\":\"https:\\\/\\\/i0.wp.com\\\/aktialiiga.fi\\\/miehet\\\/wp-content\\\/uploads\\\/sites\\\/5\\\/2014\\\/12\\\/Dicken_peli1415a.jpg?fit=640%2C362&ssl=1\",\"width\":640,\"height\":362},{\"@type\":\"BreadcrumbList\",\"@id\":\"https:\\\/\\\/aktialiiga.fi\\\/miehet\\\/2014-2015\\\/ennakot-2014-2015\\\/kohti-valieria-dicken-saa-haasteen-hc-westilta\\\/#breadcrumb\",\"itemListElement\":[{\"@type\":\"ListItem\",\"position\":1,\"name\":\"Etusivu\",\"item\":\"https:\\\/\\\/aktialiiga.fi\\\/miehet\\\/\"},{\"@type\":\"ListItem\",\"position\":2,\"name\":\"Kohti v\u00e4lieri\u00e4: Dicken saa haasteen HC Westilt\u00e4\"}]},{\"@type\":\"WebSite\",\"@id\":\"https:\\\/\\\/aktialiiga.fi\\\/miehet\\\/#website\",\"url\":\"https:\\\/\\\/aktialiiga.fi\\\/miehet\\\/\",\"name\":\"K\u00e4sipallon miesten Aktialiiga\",\"description\":\"Valtakunnan vauhdikkainta palloilua!\",\"publisher\":{\"@id\":\"https:\\\/\\\/aktialiiga.fi\\\/miehet\\\/#organization\"},\"potentialAction\":[{\"@type\":\"SearchAction\",\"target\":{\"@type\":\"EntryPoint\",\"urlTemplate\":\"https:\\\/\\\/aktialiiga.fi\\\/miehet\\\/?s={search_term_string}\"},\"query-input\":{\"@type\":\"PropertyValueSpecification\",\"valueRequired\":true,\"valueName\":\"search_term_string\"}}],\"inLanguage\":\"fi\"},{\"@type\":\"Organization\",\"@id\":\"https:\\\/\\\/aktialiiga.fi\\\/miehet\\\/#organization\",\"name\":\"K\u00e4sipallon miesten Aktialiiga\",\"url\":\"https:\\\/\\\/aktialiiga.fi\\\/miehet\\\/\",\"logo\":{\"@type\":\"ImageObject\",\"inLanguage\":\"fi\",\"@id\":\"https:\\\/\\\/aktialiiga.fi\\\/miehet\\\/#\\\/schema\\\/logo\\\/image\\\/\",\"url\":\"https:\\\/\\\/i0.wp.com\\\/aktialiiga.fi\\\/miehet\\\/wp-content\\\/uploads\\\/sites\\\/5\\\/2024\\\/09\\\/Aktialiiga-Yoast-512.png?fit=512%2C512&ssl=1\",\"contentUrl\":\"https:\\\/\\\/i0.wp.com\\\/aktialiiga.fi\\\/miehet\\\/wp-content\\\/uploads\\\/sites\\\/5\\\/2024\\\/09\\\/Aktialiiga-Yoast-512.png?fit=512%2C512&ssl=1\",\"width\":512,\"height\":512,\"caption\":\"K\u00e4sipallon miesten Aktialiiga\"},\"image\":{\"@id\":\"https:\\\/\\\/aktialiiga.fi\\\/miehet\\\/#\\\/schema\\\/logo\\\/image\\\/\"},\"sameAs\":[\"https:\\\/\\\/www.facebook.com\\\/finnhandball\",\"https:\\\/\\\/x.com\\\/finnhandball\",\"https:\\\/\\\/www.instagram.com\\\/handballfinland\\\/\"]},{\"@type\":\"Person\",\"@id\":\"https:\\\/\\\/aktialiiga.fi\\\/miehet\\\/#\\\/schema\\\/person\\\/c14bf42f47041db74603c45afcb18d87\",\"name\":\"tbrmedia\",\"image\":{\"@type\":\"ImageObject\",\"inLanguage\":\"fi\",\"@id\":\"https:\\\/\\\/secure.gravatar.com\\\/avatar\\\/ee975fa091fe581d12b60debb3439022686618368a7c142044c56724d4666b16?s=96&d=mm&r=g\",\"url\":\"https:\\\/\\\/secure.gravatar.com\\\/avatar\\\/ee975fa091fe581d12b60debb3439022686618368a7c142044c56724d4666b16?s=96&d=mm&r=g\",\"contentUrl\":\"https:\\\/\\\/secure.gravatar.com\\\/avatar\\\/ee975fa091fe581d12b60debb3439022686618368a7c142044c56724d4666b16?s=96&d=mm&r=g\",\"caption\":\"tbrmedia\"}}]}<\/script>\n<!-- \/ Yoast SEO plugin. -->","yoast_head_json":{"title":"Kohti v\u00e4lieri\u00e4: Dicken saa haasteen HC Westilt\u00e4 | K\u00e4sipallon miesten Aktialiiga","robots":{"index":"index","follow":"follow","max-snippet":"max-snippet:-1","max-image-preview":"max-image-preview:large","max-video-preview":"max-video-preview:-1"},"canonical":"https:\/\/aktialiiga.fi\/miehet\/2014-2015\/ennakot-2014-2015\/kohti-valieria-dicken-saa-haasteen-hc-westilta\/","og_locale":"fi_FI","og_type":"article","og_title":"Kohti v\u00e4lieri\u00e4: Dicken saa haasteen HC Westilt\u00e4 | K\u00e4sipallon miesten Aktialiiga","og_description":"Dicken l\u00e4htee keskiviikkona alkaviin v\u00e4lieriin ennakkosuosikkina HC Westi\u00e4 vastaan. Dicken vei kaikki joukkueiden v\u00e4liset kohtaamiset runkosarjassa ja on muutoinkin ollut sarjan selke\u00e4sti toiseksi paras joukkue viime kausia dominoineen Cocksin j\u00e4lkeen. HC Westin valmentajavelho Mikael K\u00e4llman l\u00e4htee kuitenkin luottavaisena haastamaan helsinkil\u00e4isi\u00e4 ja sys\u00e4\u00e4 joukkueeltaan paineet pois. &#8211; Toivon, ett\u00e4 pystymme pelaamaan tasaisesti Dickeni\u00e4 vastaan. Olemme onnistuneet [&hellip;]","og_url":"https:\/\/aktialiiga.fi\/miehet\/2014-2015\/ennakot-2014-2015\/kohti-valieria-dicken-saa-haasteen-hc-westilta\/","og_site_name":"K\u00e4sipallon miesten Aktialiiga","article_publisher":"https:\/\/www.facebook.com\/finnhandball","article_published_time":"2015-04-07T18:42:08+00:00","article_modified_time":"2018-04-20T09:51:06+00:00","og_image":[{"width":640,"height":362,"url":"https:\/\/i0.wp.com\/aktialiiga.fi\/miehet\/wp-content\/uploads\/sites\/5\/2014\/12\/Dicken_peli1415a.jpg?fit=640%2C362&ssl=1","type":"image\/jpeg"}],"author":"tbrmedia","twitter_card":"summary_large_image","twitter_creator":"@finnhandball","twitter_site":"@finnhandball","schema":{"@context":"https:\/\/schema.org","@graph":[{"@type":"Article","@id":"https:\/\/aktialiiga.fi\/miehet\/2014-2015\/ennakot-2014-2015\/kohti-valieria-dicken-saa-haasteen-hc-westilta\/#article","isPartOf":{"@id":"https:\/\/aktialiiga.fi\/miehet\/2014-2015\/ennakot-2014-2015\/kohti-valieria-dicken-saa-haasteen-hc-westilta\/"},"author":{"name":"tbrmedia","@id":"https:\/\/aktialiiga.fi\/miehet\/#\/schema\/person\/c14bf42f47041db74603c45afcb18d87"},"headline":"Kohti v\u00e4lieri\u00e4: Dicken saa haasteen HC Westilt\u00e4","datePublished":"2015-04-07T18:42:08+00:00","dateModified":"2018-04-20T09:51:06+00:00","mainEntityOfPage":{"@id":"https:\/\/aktialiiga.fi\/miehet\/2014-2015\/ennakot-2014-2015\/kohti-valieria-dicken-saa-haasteen-hc-westilta\/"},"wordCount":341,"publisher":{"@id":"https:\/\/aktialiiga.fi\/miehet\/#organization"},"image":{"@id":"https:\/\/aktialiiga.fi\/miehet\/2014-2015\/ennakot-2014-2015\/kohti-valieria-dicken-saa-haasteen-hc-westilta\/#primaryimage"},"thumbnailUrl":"https:\/\/i0.wp.com\/aktialiiga.fi\/miehet\/wp-content\/uploads\/sites\/5\/2014\/12\/Dicken_peli1415a.jpg?fit=640%2C362&ssl=1","keywords":["Dicken","HC West"],"articleSection":["Ennakot"],"inLanguage":"fi"},{"@type":"WebPage","@id":"https:\/\/aktialiiga.fi\/miehet\/2014-2015\/ennakot-2014-2015\/kohti-valieria-dicken-saa-haasteen-hc-westilta\/","url":"https:\/\/aktialiiga.fi\/miehet\/2014-2015\/ennakot-2014-2015\/kohti-valieria-dicken-saa-haasteen-hc-westilta\/","name":"Kohti v\u00e4lieri\u00e4: Dicken saa haasteen HC Westilt\u00e4 | K\u00e4sipallon miesten Aktialiiga","isPartOf":{"@id":"https:\/\/aktialiiga.fi\/miehet\/#website"},"primaryImageOfPage":{"@id":"https:\/\/aktialiiga.fi\/miehet\/2014-2015\/ennakot-2014-2015\/kohti-valieria-dicken-saa-haasteen-hc-westilta\/#primaryimage"},"image":{"@id":"https:\/\/aktialiiga.fi\/miehet\/2014-2015\/ennakot-2014-2015\/kohti-valieria-dicken-saa-haasteen-hc-westilta\/#primaryimage"},"thumbnailUrl":"https:\/\/i0.wp.com\/aktialiiga.fi\/miehet\/wp-content\/uploads\/sites\/5\/2014\/12\/Dicken_peli1415a.jpg?fit=640%2C362&ssl=1","datePublished":"2015-04-07T18:42:08+00:00","dateModified":"2018-04-20T09:51:06+00:00","breadcrumb":{"@id":"https:\/\/aktialiiga.fi\/miehet\/2014-2015\/ennakot-2014-2015\/kohti-valieria-dicken-saa-haasteen-hc-westilta\/#breadcrumb"},"inLanguage":"fi","potentialAction":[{"@type":"ReadAction","target":["https:\/\/aktialiiga.fi\/miehet\/2014-2015\/ennakot-2014-2015\/kohti-valieria-dicken-saa-haasteen-hc-westilta\/"]}]},{"@type":"ImageObject","inLanguage":"fi","@id":"https:\/\/aktialiiga.fi\/miehet\/2014-2015\/ennakot-2014-2015\/kohti-valieria-dicken-saa-haasteen-hc-westilta\/#primaryimage","url":"https:\/\/i0.wp.com\/aktialiiga.fi\/miehet\/wp-content\/uploads\/sites\/5\/2014\/12\/Dicken_peli1415a.jpg?fit=640%2C362&ssl=1","contentUrl":"https:\/\/i0.wp.com\/aktialiiga.fi\/miehet\/wp-content\/uploads\/sites\/5\/2014\/12\/Dicken_peli1415a.jpg?fit=640%2C362&ssl=1","width":640,"height":362},{"@type":"BreadcrumbList","@id":"https:\/\/aktialiiga.fi\/miehet\/2014-2015\/ennakot-2014-2015\/kohti-valieria-dicken-saa-haasteen-hc-westilta\/#breadcrumb","itemListElement":[{"@type":"ListItem","position":1,"name":"Etusivu","item":"https:\/\/aktialiiga.fi\/miehet\/"},{"@type":"ListItem","position":2,"name":"Kohti v\u00e4lieri\u00e4: Dicken saa haasteen HC Westilt\u00e4"}]},{"@type":"WebSite","@id":"https:\/\/aktialiiga.fi\/miehet\/#website","url":"https:\/\/aktialiiga.fi\/miehet\/","name":"K\u00e4sipallon miesten Aktialiiga","description":"Valtakunnan vauhdikkainta palloilua!","publisher":{"@id":"https:\/\/aktialiiga.fi\/miehet\/#organization"},"potentialAction":[{"@type":"SearchAction","target":{"@type":"EntryPoint","urlTemplate":"https:\/\/aktialiiga.fi\/miehet\/?s={search_term_string}"},"query-input":{"@type":"PropertyValueSpecification","valueRequired":true,"valueName":"search_term_string"}}],"inLanguage":"fi"},{"@type":"Organization","@id":"https:\/\/aktialiiga.fi\/miehet\/#organization","name":"K\u00e4sipallon miesten Aktialiiga","url":"https:\/\/aktialiiga.fi\/miehet\/","logo":{"@type":"ImageObject","inLanguage":"fi","@id":"https:\/\/aktialiiga.fi\/miehet\/#\/schema\/logo\/image\/","url":"https:\/\/i0.wp.com\/aktialiiga.fi\/miehet\/wp-content\/uploads\/sites\/5\/2024\/09\/Aktialiiga-Yoast-512.png?fit=512%2C512&ssl=1","contentUrl":"https:\/\/i0.wp.com\/aktialiiga.fi\/miehet\/wp-content\/uploads\/sites\/5\/2024\/09\/Aktialiiga-Yoast-512.png?fit=512%2C512&ssl=1","width":512,"height":512,"caption":"K\u00e4sipallon miesten Aktialiiga"},"image":{"@id":"https:\/\/aktialiiga.fi\/miehet\/#\/schema\/logo\/image\/"},"sameAs":["https:\/\/www.facebook.com\/finnhandball","https:\/\/x.com\/finnhandball","https:\/\/www.instagram.com\/handballfinland\/"]},{"@type":"Person","@id":"https:\/\/aktialiiga.fi\/miehet\/#\/schema\/person\/c14bf42f47041db74603c45afcb18d87","name":"tbrmedia","image":{"@type":"ImageObject","inLanguage":"fi","@id":"https:\/\/secure.gravatar.com\/avatar\/ee975fa091fe581d12b60debb3439022686618368a7c142044c56724d4666b16?s=96&d=mm&r=g","url":"https:\/\/secure.gravatar.com\/avatar\/ee975fa091fe581d12b60debb3439022686618368a7c142044c56724d4666b16?s=96&d=mm&r=g","contentUrl":"https:\/\/secure.gravatar.com\/avatar\/ee975fa091fe581d12b60debb3439022686618368a7c142044c56724d4666b16?s=96&d=mm&r=g","caption":"tbrmedia"}}]}},"jetpack_featured_media_url":"https:\/\/i0.wp.com\/aktialiiga.fi\/miehet\/wp-content\/uploads\/sites\/5\/2014\/12\/Dicken_peli1415a.jpg?fit=640%2C362&ssl=1","jetpack_sharing_enabled":true,"jetpack_shortlink":"https:\/\/wp.me\/pfTxOr-2A2","_links":{"self":[{"href":"https:\/\/aktialiiga.fi\/miehet\/wp-json\/wp\/v2\/posts\/9922","targetHints":{"allow":["GET"]}}],"collection":[{"href":"https:\/\/aktialiiga.fi\/miehet\/wp-json\/wp\/v2\/posts"}],"about":[{"href":"https:\/\/aktialiiga.fi\/miehet\/wp-json\/wp\/v2\/types\/post"}],"author":[{"embeddable":true,"href":"https:\/\/aktialiiga.fi\/miehet\/wp-json\/wp\/v2\/users\/13"}],"replies":[{"embeddable":true,"href":"https:\/\/aktialiiga.fi\/miehet\/wp-json\/wp\/v2\/comments?post=9922"}],"version-history":[{"count":0,"href":"https:\/\/aktialiiga.fi\/miehet\/wp-json\/wp\/v2\/posts\/9922\/revisions"}],"wp:featuredmedia":[{"embeddable":true,"href":"https:\/\/aktialiiga.fi\/miehet\/wp-json\/wp\/v2\/media\/9160"}],"wp:attachment":[{"href":"https:\/\/aktialiiga.fi\/miehet\/wp-json\/wp\/v2\/media?parent=9922"}],"wp:term":[{"taxonomy":"category","embeddable":true,"href":"https:\/\/aktialiiga.fi\/miehet\/wp-json\/wp\/v2\/categories?post=9922"},{"taxonomy":"post_tag","embeddable":true,"href":"https:\/\/aktialiiga.fi\/miehet\/wp-json\/wp\/v2\/tags?post=9922"}],"curies":[{"name":"wp","href":"https:\/\/api.w.org\/{rel}","templated":true}]}}