{"id":13151,"date":"2016-09-12T17:44:32","date_gmt":"2016-09-12T14:44:32","guid":{"rendered":"https:\/\/aktialiiga.fi\/naiset\/?p=13151"},"modified":"2018-04-20T12:45:09","modified_gmt":"2018-04-20T09:45:09","slug":"niemi-ja-kullberg-hifkn-riveihin","status":"publish","type":"post","link":"https:\/\/aktialiiga.fi\/naiset\/ajankohtaista\/niemi-ja-kullberg-hifkn-riveihin\/","title":{"rendered":"Niemi ja Kullberg HIFK:n riveihin"},"content":{"rendered":"<p>Porvoolainen 16-vuotias maalivahtilupaus Roosa Niemi on ottanut toisen avoinna olleen maalivahdin paikan HIFK:n naisten joukkueesta. Toinen vastik\u00e4\u00e4n joukkueeseen liittynyt pelaaja, Heidi Kullberg (s. 1991) puolestaan edustaa kokemusta.<\/p>\n<p>Niemi on Akilleksen kasvatti ja on mukana sek\u00e4 98- ett\u00e4 00-tytt\u00f6jen maajoukkueringiss\u00e4. Niemi tekee SM-sarjadebyyttins\u00e4 ensi keskiviikon sarja-avauksessa. N\u00e4in HIFK:n maalivahtikaarti nuorentui 15 vuodella, kun kokenut kaksikko, vuonna 1982 syntyneet Annika Lindstr\u00f6m ja Matilda Bj\u00f6rkqvist p\u00e4\u00e4ttiv\u00e4t laittaa k\u00e4siskeng\u00e4t naulaan ja keskitty\u00e4 perheeseen.<\/p>\n<p>Toinen HIFK:n maalivahdeista, Alexandra Olsson, on my\u00f6s viel\u00e4 nuori lupaus, 18-vuotias. I\u00e4st\u00e4\u00e4n huolimatta uudet veskarit ovat soljahtaneet kuin huomaamatta joukkueeseen sis\u00e4\u00e4n ja osoittivat viime viikonlopun Ruotsin turnauksessa, ett\u00e4 heid\u00e4n taakseen ei noin vain tehd\u00e4 maaleja. T\u00e4rkeint\u00e4 heille oli saada henkist\u00e4 p\u00e4\u00e4omaa ajatelleen sarjan alkamista. Joukkue on ollut eritt\u00e4in tyytyv\u00e4inen maalivahtien toimintaan ja l\u00e4htee luottavaisin mielin kauteen.<\/p>\n<p>Alun perin my\u00f6s porvoolainen mutta pitk\u00e4\u00e4n \u00c5IFK:ta edustanut viivapelaaja Kullberg p\u00e4\u00e4tti opintonsa Turussa ja muutti Helsinkiin. N\u00e4in tutun nuoruusvuosien valmentajan Nalle Nylundin luotsaama HIFK tuntui luonnollisimmalta vaihtoehdolta.<\/p>\n","protected":false},"excerpt":{"rendered":"<p>Porvoolainen 16-vuotias maalivahtilupaus Roosa Niemi on ottanut toisen avoinna olleen maalivahdin paikan HIFK:n naisten joukkueesta. Toinen vastik\u00e4\u00e4n joukkueeseen liittynyt pelaaja, Heidi Kullberg (s. 1991) puolestaan edustaa kokemusta. Niemi on Akilleksen kasvatti ja on mukana sek\u00e4 98- ett\u00e4 00-tytt\u00f6jen maajoukkueringiss\u00e4. Niemi tekee SM-sarjadebyyttins\u00e4 ensi keskiviikon sarja-avauksessa. N\u00e4in HIFK:n maalivahtikaarti nuorentui 15 vuodella, kun kokenut kaksikko, vuonna [&hellip;]<\/p>\n","protected":false},"author":13,"featured_media":7248,"comment_status":"closed","ping_status":"open","sticky":false,"template":"","format":"standard","meta":{"_acf_changed":false,"jetpack_post_was_ever_published":false,"_jetpack_newsletter_access":"","_jetpack_dont_email_post_to_subs":false,"_jetpack_newsletter_tier_id":0,"_jetpack_memberships_contains_paywalled_content":false,"_jetpack_memberships_contains_paid_content":false,"footnotes":""},"categories":[2],"tags":[61],"class_list":["post-13151","post","type-post","status-publish","format-standard","has-post-thumbnail","hentry","category-ajankohtaista","tag-hifk"],"acf":[],"yoast_head":"<!-- This site is optimized with the Yoast SEO plugin v27.5 - https:\/\/yoast.com\/product\/yoast-seo-wordpress\/ -->\n<title>Niemi ja Kullberg HIFK:n riveihin | K\u00e4sipallon naisten Aktialiiga<\/title>\n<meta name=\"robots\" content=\"index, follow, max-snippet:-1, max-image-preview:large, max-video-preview:-1\" \/>\n<link rel=\"canonical\" href=\"https:\/\/aktialiiga.fi\/naiset\/ajankohtaista\/niemi-ja-kullberg-hifkn-riveihin\/\" \/>\n<meta property=\"og:locale\" content=\"fi_FI\" \/>\n<meta property=\"og:type\" content=\"article\" \/>\n<meta property=\"og:title\" content=\"Niemi ja Kullberg HIFK:n riveihin | K\u00e4sipallon naisten Aktialiiga\" \/>\n<meta property=\"og:description\" content=\"Porvoolainen 16-vuotias maalivahtilupaus Roosa Niemi on ottanut toisen avoinna olleen maalivahdin paikan HIFK:n naisten joukkueesta. Toinen vastik\u00e4\u00e4n joukkueeseen liittynyt pelaaja, Heidi Kullberg (s. 1991) puolestaan edustaa kokemusta. Niemi on Akilleksen kasvatti ja on mukana sek\u00e4 98- ett\u00e4 00-tytt\u00f6jen maajoukkueringiss\u00e4. Niemi tekee SM-sarjadebyyttins\u00e4 ensi keskiviikon sarja-avauksessa. N\u00e4in HIFK:n maalivahtikaarti nuorentui 15 vuodella, kun kokenut kaksikko, vuonna [&hellip;]\" \/>\n<meta property=\"og:url\" content=\"https:\/\/aktialiiga.fi\/naiset\/ajankohtaista\/niemi-ja-kullberg-hifkn-riveihin\/\" \/>\n<meta property=\"og:site_name\" content=\"K\u00e4sipallon naisten Aktialiiga\" \/>\n<meta property=\"article:publisher\" content=\"https:\/\/www.facebook.com\/finnhandball\" \/>\n<meta property=\"article:published_time\" content=\"2016-09-12T14:44:32+00:00\" \/>\n<meta property=\"article:modified_time\" content=\"2018-04-20T09:45:09+00:00\" \/>\n<meta property=\"og:image\" content=\"https:\/\/aktialiiga.fi\/naiset\/wp-content\/uploads\/sites\/6\/2016\/03\/HIFK-SIF_peli1516.jpg\" \/>\n\t<meta property=\"og:image:width\" content=\"640\" \/>\n\t<meta property=\"og:image:height\" content=\"360\" \/>\n\t<meta property=\"og:image:type\" content=\"image\/jpeg\" \/>\n<meta name=\"author\" content=\"tbrmedia\" \/>\n<meta name=\"twitter:card\" content=\"summary_large_image\" \/>\n<meta name=\"twitter:creator\" content=\"@finnhandball\" \/>\n<meta name=\"twitter:site\" content=\"@finnhandball\" \/>\n<script type=\"application\/ld+json\" class=\"yoast-schema-graph\">{\"@context\":\"https:\\\/\\\/schema.org\",\"@graph\":[{\"@type\":\"Article\",\"@id\":\"https:\\\/\\\/aktialiiga.fi\\\/naiset\\\/ajankohtaista\\\/niemi-ja-kullberg-hifkn-riveihin\\\/#article\",\"isPartOf\":{\"@id\":\"https:\\\/\\\/aktialiiga.fi\\\/naiset\\\/ajankohtaista\\\/niemi-ja-kullberg-hifkn-riveihin\\\/\"},\"author\":{\"name\":\"tbrmedia\",\"@id\":\"https:\\\/\\\/aktialiiga.fi\\\/naiset\\\/#\\\/schema\\\/person\\\/c14bf42f47041db74603c45afcb18d87\"},\"headline\":\"Niemi ja Kullberg HIFK:n riveihin\",\"datePublished\":\"2016-09-12T14:44:32+00:00\",\"dateModified\":\"2018-04-20T09:45:09+00:00\",\"mainEntityOfPage\":{\"@id\":\"https:\\\/\\\/aktialiiga.fi\\\/naiset\\\/ajankohtaista\\\/niemi-ja-kullberg-hifkn-riveihin\\\/\"},\"wordCount\":182,\"publisher\":{\"@id\":\"https:\\\/\\\/aktialiiga.fi\\\/naiset\\\/#organization\"},\"image\":{\"@id\":\"https:\\\/\\\/aktialiiga.fi\\\/naiset\\\/ajankohtaista\\\/niemi-ja-kullberg-hifkn-riveihin\\\/#primaryimage\"},\"thumbnailUrl\":\"https:\\\/\\\/aktialiiga.fi\\\/naiset\\\/wp-content\\\/uploads\\\/sites\\\/6\\\/2016\\\/03\\\/HIFK-SIF_peli1516.jpg\",\"keywords\":[\"HIFK\"],\"articleSection\":[\"Ajankohtaista\"],\"inLanguage\":\"fi\"},{\"@type\":\"WebPage\",\"@id\":\"https:\\\/\\\/aktialiiga.fi\\\/naiset\\\/ajankohtaista\\\/niemi-ja-kullberg-hifkn-riveihin\\\/\",\"url\":\"https:\\\/\\\/aktialiiga.fi\\\/naiset\\\/ajankohtaista\\\/niemi-ja-kullberg-hifkn-riveihin\\\/\",\"name\":\"Niemi ja Kullberg HIFK:n riveihin | K\u00e4sipallon naisten Aktialiiga\",\"isPartOf\":{\"@id\":\"https:\\\/\\\/aktialiiga.fi\\\/naiset\\\/#website\"},\"primaryImageOfPage\":{\"@id\":\"https:\\\/\\\/aktialiiga.fi\\\/naiset\\\/ajankohtaista\\\/niemi-ja-kullberg-hifkn-riveihin\\\/#primaryimage\"},\"image\":{\"@id\":\"https:\\\/\\\/aktialiiga.fi\\\/naiset\\\/ajankohtaista\\\/niemi-ja-kullberg-hifkn-riveihin\\\/#primaryimage\"},\"thumbnailUrl\":\"https:\\\/\\\/aktialiiga.fi\\\/naiset\\\/wp-content\\\/uploads\\\/sites\\\/6\\\/2016\\\/03\\\/HIFK-SIF_peli1516.jpg\",\"datePublished\":\"2016-09-12T14:44:32+00:00\",\"dateModified\":\"2018-04-20T09:45:09+00:00\",\"breadcrumb\":{\"@id\":\"https:\\\/\\\/aktialiiga.fi\\\/naiset\\\/ajankohtaista\\\/niemi-ja-kullberg-hifkn-riveihin\\\/#breadcrumb\"},\"inLanguage\":\"fi\",\"potentialAction\":[{\"@type\":\"ReadAction\",\"target\":[\"https:\\\/\\\/aktialiiga.fi\\\/naiset\\\/ajankohtaista\\\/niemi-ja-kullberg-hifkn-riveihin\\\/\"]}]},{\"@type\":\"ImageObject\",\"inLanguage\":\"fi\",\"@id\":\"https:\\\/\\\/aktialiiga.fi\\\/naiset\\\/ajankohtaista\\\/niemi-ja-kullberg-hifkn-riveihin\\\/#primaryimage\",\"url\":\"https:\\\/\\\/aktialiiga.fi\\\/naiset\\\/wp-content\\\/uploads\\\/sites\\\/6\\\/2016\\\/03\\\/HIFK-SIF_peli1516.jpg\",\"contentUrl\":\"https:\\\/\\\/aktialiiga.fi\\\/naiset\\\/wp-content\\\/uploads\\\/sites\\\/6\\\/2016\\\/03\\\/HIFK-SIF_peli1516.jpg\",\"width\":640,\"height\":360},{\"@type\":\"BreadcrumbList\",\"@id\":\"https:\\\/\\\/aktialiiga.fi\\\/naiset\\\/ajankohtaista\\\/niemi-ja-kullberg-hifkn-riveihin\\\/#breadcrumb\",\"itemListElement\":[{\"@type\":\"ListItem\",\"position\":1,\"name\":\"Etusivu\",\"item\":\"https:\\\/\\\/aktialiiga.fi\\\/naiset\\\/\"},{\"@type\":\"ListItem\",\"position\":2,\"name\":\"Niemi ja Kullberg HIFK:n riveihin\"}]},{\"@type\":\"WebSite\",\"@id\":\"https:\\\/\\\/aktialiiga.fi\\\/naiset\\\/#website\",\"url\":\"https:\\\/\\\/aktialiiga.fi\\\/naiset\\\/\",\"name\":\"K\u00e4sipallon naisten Aktialiiga\",\"description\":\"Valtakunnan vauhdikkainta palloilua!\",\"publisher\":{\"@id\":\"https:\\\/\\\/aktialiiga.fi\\\/naiset\\\/#organization\"},\"potentialAction\":[{\"@type\":\"SearchAction\",\"target\":{\"@type\":\"EntryPoint\",\"urlTemplate\":\"https:\\\/\\\/aktialiiga.fi\\\/naiset\\\/?s={search_term_string}\"},\"query-input\":{\"@type\":\"PropertyValueSpecification\",\"valueRequired\":true,\"valueName\":\"search_term_string\"}}],\"inLanguage\":\"fi\"},{\"@type\":\"Organization\",\"@id\":\"https:\\\/\\\/aktialiiga.fi\\\/naiset\\\/#organization\",\"name\":\"K\u00e4sipallon naisten Aktialiiga\",\"url\":\"https:\\\/\\\/aktialiiga.fi\\\/naiset\\\/\",\"logo\":{\"@type\":\"ImageObject\",\"inLanguage\":\"fi\",\"@id\":\"https:\\\/\\\/aktialiiga.fi\\\/naiset\\\/#\\\/schema\\\/logo\\\/image\\\/\",\"url\":\"https:\\\/\\\/aktialiiga.fi\\\/naiset\\\/wp-content\\\/uploads\\\/sites\\\/6\\\/2024\\\/09\\\/Aktialiiga-Yoast-512.png\",\"contentUrl\":\"https:\\\/\\\/aktialiiga.fi\\\/naiset\\\/wp-content\\\/uploads\\\/sites\\\/6\\\/2024\\\/09\\\/Aktialiiga-Yoast-512.png\",\"width\":512,\"height\":512,\"caption\":\"K\u00e4sipallon naisten Aktialiiga\"},\"image\":{\"@id\":\"https:\\\/\\\/aktialiiga.fi\\\/naiset\\\/#\\\/schema\\\/logo\\\/image\\\/\"},\"sameAs\":[\"https:\\\/\\\/www.facebook.com\\\/finnhandball\",\"https:\\\/\\\/x.com\\\/finnhandball\",\"https:\\\/\\\/www.instagram.com\\\/handballfinland\\\/\"]},{\"@type\":\"Person\",\"@id\":\"https:\\\/\\\/aktialiiga.fi\\\/naiset\\\/#\\\/schema\\\/person\\\/c14bf42f47041db74603c45afcb18d87\",\"name\":\"tbrmedia\",\"image\":{\"@type\":\"ImageObject\",\"inLanguage\":\"fi\",\"@id\":\"https:\\\/\\\/secure.gravatar.com\\\/avatar\\\/ee975fa091fe581d12b60debb3439022686618368a7c142044c56724d4666b16?s=96&d=mm&r=g\",\"url\":\"https:\\\/\\\/secure.gravatar.com\\\/avatar\\\/ee975fa091fe581d12b60debb3439022686618368a7c142044c56724d4666b16?s=96&d=mm&r=g\",\"contentUrl\":\"https:\\\/\\\/secure.gravatar.com\\\/avatar\\\/ee975fa091fe581d12b60debb3439022686618368a7c142044c56724d4666b16?s=96&d=mm&r=g\",\"caption\":\"tbrmedia\"}}]}<\/script>\n<!-- \/ Yoast SEO plugin. -->","yoast_head_json":{"title":"Niemi ja Kullberg HIFK:n riveihin | K\u00e4sipallon naisten Aktialiiga","robots":{"index":"index","follow":"follow","max-snippet":"max-snippet:-1","max-image-preview":"max-image-preview:large","max-video-preview":"max-video-preview:-1"},"canonical":"https:\/\/aktialiiga.fi\/naiset\/ajankohtaista\/niemi-ja-kullberg-hifkn-riveihin\/","og_locale":"fi_FI","og_type":"article","og_title":"Niemi ja Kullberg HIFK:n riveihin | K\u00e4sipallon naisten Aktialiiga","og_description":"Porvoolainen 16-vuotias maalivahtilupaus Roosa Niemi on ottanut toisen avoinna olleen maalivahdin paikan HIFK:n naisten joukkueesta. Toinen vastik\u00e4\u00e4n joukkueeseen liittynyt pelaaja, Heidi Kullberg (s. 1991) puolestaan edustaa kokemusta. Niemi on Akilleksen kasvatti ja on mukana sek\u00e4 98- ett\u00e4 00-tytt\u00f6jen maajoukkueringiss\u00e4. Niemi tekee SM-sarjadebyyttins\u00e4 ensi keskiviikon sarja-avauksessa. N\u00e4in HIFK:n maalivahtikaarti nuorentui 15 vuodella, kun kokenut kaksikko, vuonna [&hellip;]","og_url":"https:\/\/aktialiiga.fi\/naiset\/ajankohtaista\/niemi-ja-kullberg-hifkn-riveihin\/","og_site_name":"K\u00e4sipallon naisten Aktialiiga","article_publisher":"https:\/\/www.facebook.com\/finnhandball","article_published_time":"2016-09-12T14:44:32+00:00","article_modified_time":"2018-04-20T09:45:09+00:00","og_image":[{"width":640,"height":360,"url":"https:\/\/aktialiiga.fi\/naiset\/wp-content\/uploads\/sites\/6\/2016\/03\/HIFK-SIF_peli1516.jpg","type":"image\/jpeg"}],"author":"tbrmedia","twitter_card":"summary_large_image","twitter_creator":"@finnhandball","twitter_site":"@finnhandball","schema":{"@context":"https:\/\/schema.org","@graph":[{"@type":"Article","@id":"https:\/\/aktialiiga.fi\/naiset\/ajankohtaista\/niemi-ja-kullberg-hifkn-riveihin\/#article","isPartOf":{"@id":"https:\/\/aktialiiga.fi\/naiset\/ajankohtaista\/niemi-ja-kullberg-hifkn-riveihin\/"},"author":{"name":"tbrmedia","@id":"https:\/\/aktialiiga.fi\/naiset\/#\/schema\/person\/c14bf42f47041db74603c45afcb18d87"},"headline":"Niemi ja Kullberg HIFK:n riveihin","datePublished":"2016-09-12T14:44:32+00:00","dateModified":"2018-04-20T09:45:09+00:00","mainEntityOfPage":{"@id":"https:\/\/aktialiiga.fi\/naiset\/ajankohtaista\/niemi-ja-kullberg-hifkn-riveihin\/"},"wordCount":182,"publisher":{"@id":"https:\/\/aktialiiga.fi\/naiset\/#organization"},"image":{"@id":"https:\/\/aktialiiga.fi\/naiset\/ajankohtaista\/niemi-ja-kullberg-hifkn-riveihin\/#primaryimage"},"thumbnailUrl":"https:\/\/aktialiiga.fi\/naiset\/wp-content\/uploads\/sites\/6\/2016\/03\/HIFK-SIF_peli1516.jpg","keywords":["HIFK"],"articleSection":["Ajankohtaista"],"inLanguage":"fi"},{"@type":"WebPage","@id":"https:\/\/aktialiiga.fi\/naiset\/ajankohtaista\/niemi-ja-kullberg-hifkn-riveihin\/","url":"https:\/\/aktialiiga.fi\/naiset\/ajankohtaista\/niemi-ja-kullberg-hifkn-riveihin\/","name":"Niemi ja Kullberg HIFK:n riveihin | K\u00e4sipallon naisten Aktialiiga","isPartOf":{"@id":"https:\/\/aktialiiga.fi\/naiset\/#website"},"primaryImageOfPage":{"@id":"https:\/\/aktialiiga.fi\/naiset\/ajankohtaista\/niemi-ja-kullberg-hifkn-riveihin\/#primaryimage"},"image":{"@id":"https:\/\/aktialiiga.fi\/naiset\/ajankohtaista\/niemi-ja-kullberg-hifkn-riveihin\/#primaryimage"},"thumbnailUrl":"https:\/\/aktialiiga.fi\/naiset\/wp-content\/uploads\/sites\/6\/2016\/03\/HIFK-SIF_peli1516.jpg","datePublished":"2016-09-12T14:44:32+00:00","dateModified":"2018-04-20T09:45:09+00:00","breadcrumb":{"@id":"https:\/\/aktialiiga.fi\/naiset\/ajankohtaista\/niemi-ja-kullberg-hifkn-riveihin\/#breadcrumb"},"inLanguage":"fi","potentialAction":[{"@type":"ReadAction","target":["https:\/\/aktialiiga.fi\/naiset\/ajankohtaista\/niemi-ja-kullberg-hifkn-riveihin\/"]}]},{"@type":"ImageObject","inLanguage":"fi","@id":"https:\/\/aktialiiga.fi\/naiset\/ajankohtaista\/niemi-ja-kullberg-hifkn-riveihin\/#primaryimage","url":"https:\/\/aktialiiga.fi\/naiset\/wp-content\/uploads\/sites\/6\/2016\/03\/HIFK-SIF_peli1516.jpg","contentUrl":"https:\/\/aktialiiga.fi\/naiset\/wp-content\/uploads\/sites\/6\/2016\/03\/HIFK-SIF_peli1516.jpg","width":640,"height":360},{"@type":"BreadcrumbList","@id":"https:\/\/aktialiiga.fi\/naiset\/ajankohtaista\/niemi-ja-kullberg-hifkn-riveihin\/#breadcrumb","itemListElement":[{"@type":"ListItem","position":1,"name":"Etusivu","item":"https:\/\/aktialiiga.fi\/naiset\/"},{"@type":"ListItem","position":2,"name":"Niemi ja Kullberg HIFK:n riveihin"}]},{"@type":"WebSite","@id":"https:\/\/aktialiiga.fi\/naiset\/#website","url":"https:\/\/aktialiiga.fi\/naiset\/","name":"K\u00e4sipallon naisten Aktialiiga","description":"Valtakunnan vauhdikkainta palloilua!","publisher":{"@id":"https:\/\/aktialiiga.fi\/naiset\/#organization"},"potentialAction":[{"@type":"SearchAction","target":{"@type":"EntryPoint","urlTemplate":"https:\/\/aktialiiga.fi\/naiset\/?s={search_term_string}"},"query-input":{"@type":"PropertyValueSpecification","valueRequired":true,"valueName":"search_term_string"}}],"inLanguage":"fi"},{"@type":"Organization","@id":"https:\/\/aktialiiga.fi\/naiset\/#organization","name":"K\u00e4sipallon naisten Aktialiiga","url":"https:\/\/aktialiiga.fi\/naiset\/","logo":{"@type":"ImageObject","inLanguage":"fi","@id":"https:\/\/aktialiiga.fi\/naiset\/#\/schema\/logo\/image\/","url":"https:\/\/aktialiiga.fi\/naiset\/wp-content\/uploads\/sites\/6\/2024\/09\/Aktialiiga-Yoast-512.png","contentUrl":"https:\/\/aktialiiga.fi\/naiset\/wp-content\/uploads\/sites\/6\/2024\/09\/Aktialiiga-Yoast-512.png","width":512,"height":512,"caption":"K\u00e4sipallon naisten Aktialiiga"},"image":{"@id":"https:\/\/aktialiiga.fi\/naiset\/#\/schema\/logo\/image\/"},"sameAs":["https:\/\/www.facebook.com\/finnhandball","https:\/\/x.com\/finnhandball","https:\/\/www.instagram.com\/handballfinland\/"]},{"@type":"Person","@id":"https:\/\/aktialiiga.fi\/naiset\/#\/schema\/person\/c14bf42f47041db74603c45afcb18d87","name":"tbrmedia","image":{"@type":"ImageObject","inLanguage":"fi","@id":"https:\/\/secure.gravatar.com\/avatar\/ee975fa091fe581d12b60debb3439022686618368a7c142044c56724d4666b16?s=96&d=mm&r=g","url":"https:\/\/secure.gravatar.com\/avatar\/ee975fa091fe581d12b60debb3439022686618368a7c142044c56724d4666b16?s=96&d=mm&r=g","contentUrl":"https:\/\/secure.gravatar.com\/avatar\/ee975fa091fe581d12b60debb3439022686618368a7c142044c56724d4666b16?s=96&d=mm&r=g","caption":"tbrmedia"}}]}},"jetpack_featured_media_url":"https:\/\/aktialiiga.fi\/naiset\/wp-content\/uploads\/sites\/6\/2016\/03\/HIFK-SIF_peli1516.jpg","jetpack_sharing_enabled":true,"jetpack_shortlink":"https:\/\/wp.me\/pfYhm6-3q7","_links":{"self":[{"href":"https:\/\/aktialiiga.fi\/naiset\/wp-json\/wp\/v2\/posts\/13151","targetHints":{"allow":["GET"]}}],"collection":[{"href":"https:\/\/aktialiiga.fi\/naiset\/wp-json\/wp\/v2\/posts"}],"about":[{"href":"https:\/\/aktialiiga.fi\/naiset\/wp-json\/wp\/v2\/types\/post"}],"author":[{"embeddable":true,"href":"https:\/\/aktialiiga.fi\/naiset\/wp-json\/wp\/v2\/users\/13"}],"replies":[{"embeddable":true,"href":"https:\/\/aktialiiga.fi\/naiset\/wp-json\/wp\/v2\/comments?post=13151"}],"version-history":[{"count":0,"href":"https:\/\/aktialiiga.fi\/naiset\/wp-json\/wp\/v2\/posts\/13151\/revisions"}],"wp:featuredmedia":[{"embeddable":true,"href":"https:\/\/aktialiiga.fi\/naiset\/wp-json\/wp\/v2\/media\/7248"}],"wp:attachment":[{"href":"https:\/\/aktialiiga.fi\/naiset\/wp-json\/wp\/v2\/media?parent=13151"}],"wp:term":[{"taxonomy":"category","embeddable":true,"href":"https:\/\/aktialiiga.fi\/naiset\/wp-json\/wp\/v2\/categories?post=13151"},{"taxonomy":"post_tag","embeddable":true,"href":"https:\/\/aktialiiga.fi\/naiset\/wp-json\/wp\/v2\/tags?post=13151"}],"curies":[{"name":"wp","href":"https:\/\/api.w.org\/{rel}","templated":true}]}}