{"id":13183,"date":"2016-09-16T20:41:15","date_gmt":"2016-09-16T17:41:15","guid":{"rendered":"https:\/\/aktialiiga.fi\/naiset\/?p=13183"},"modified":"2018-04-20T12:45:06","modified_gmt":"2018-04-20T09:45:06","slug":"kohti-kautta-sif-2","status":"publish","type":"post","link":"https:\/\/aktialiiga.fi\/naiset\/2016-2017\/kohti-kautta-2016-2017\/kohti-kautta-sif-2\/","title":{"rendered":"Kohti kautta: SIF"},"content":{"rendered":"<p><strong>SIF<\/strong><br \/>\n<em>Kaudella 2015-16<\/em>: Runkosarjan 3., h\u00e4visi pronssiottelussa Spartalle<br \/>\n<em>Suomen mestaruuksia<\/em>: 4<\/p>\n<p>Siuntiolaisten viime kausi p\u00e4\u00e4ttyi pettymykseen, kun pronssimitalit karkasivat Spartalle niukimmalla mahdollisella erolla vierasmaalis\u00e4\u00e4nn\u00f6n perusteella. Alkavalle kaudelle rimaa ei miss\u00e4\u00e4n nimess\u00e4 ainakaan l\u00e4hdet\u00e4 laskemaan joukkueen per\u00e4simeen tarttuneen Harry Wikstr\u00f6min mukaan.<\/p>\n<p>&#8211; Mitali on tytt\u00f6jen ja my\u00f6s valmentajien tavoite. Eli v\u00e4hint\u00e4\u00e4n mitalipeleihin on tarkoitus p\u00e4\u00e4st\u00e4, Wikstr\u00f6m linjaa.<\/p>\n<p>Oman mausteensa kaudelle tuo Siuntion uusi Folksam Arena.<\/p>\n<p>&#8211; Toivotaan ett\u00e4 uuden hallin my\u00f6t\u00e4 saamme my\u00f6s lis\u00e4\u00e4 yleis\u00f6\u00e4 kotiotteluihimme, Wikstr\u00f6m sanoo.<\/p>\n<p>Pelaajistossa SIF:lla on muutoksia ennen kaikkea maalivahtipuolella ja lis\u00e4ksi riviin on nostettu nuoria lupauksia. Runko on kuitenkin suhteellisen kokenut ja sen varaan voi laskea paljon, vaikka Wikstr\u00f6m my\u00f6nt\u00e4\u00e4, ett\u00e4 nuorten sis\u00e4\u00e4najo on hiukan arvaamatonta.<\/p>\n<p>&#8211; Meill\u00e4 on nuori joukkue ja moni pelaaja on syntynyt vuonna 1998. Toki siit\u00e4 voi tulla hiukan vaikeuksia, kun nuoret haluavat kehitty\u00e4 samaan aikaan kun vanhemmat hakevat tulosta, Wikstr\u00f6m linjasi V\u00e4stra Nylandille.<\/p>\n<p>Pelillisesti SIF hakee enemm\u00e4n tehoja vastaiskuilla kun edelliskaudella.<\/p>\n<p>&#8211; Tarvitsemme enemm\u00e4n helppoja maaleja ja liikkuvuutta peliimme. Ne asiat eiv\u00e4t oikein miss\u00e4\u00e4n vaiheessa toimineet niiss\u00e4 peleiss\u00e4, jotka viime talvena n\u00e4in.<\/p>\n","protected":false},"excerpt":{"rendered":"<p>SIF Kaudella 2015-16: Runkosarjan 3., h\u00e4visi pronssiottelussa Spartalle Suomen mestaruuksia: 4 Siuntiolaisten viime kausi p\u00e4\u00e4ttyi pettymykseen, kun pronssimitalit karkasivat Spartalle niukimmalla mahdollisella erolla vierasmaalis\u00e4\u00e4nn\u00f6n perusteella. Alkavalle kaudelle rimaa ei miss\u00e4\u00e4n nimess\u00e4 ainakaan l\u00e4hdet\u00e4 laskemaan joukkueen per\u00e4simeen tarttuneen Harry Wikstr\u00f6min mukaan. &#8211; Mitali on tytt\u00f6jen ja my\u00f6s valmentajien tavoite. Eli v\u00e4hint\u00e4\u00e4n mitalipeleihin on tarkoitus p\u00e4\u00e4st\u00e4, Wikstr\u00f6m [&hellip;]<\/p>\n","protected":false},"author":13,"featured_media":63,"comment_status":"closed","ping_status":"open","sticky":false,"template":"","format":"standard","meta":{"_acf_changed":false,"jetpack_post_was_ever_published":false,"_jetpack_newsletter_access":"","_jetpack_dont_email_post_to_subs":false,"_jetpack_newsletter_tier_id":0,"_jetpack_memberships_contains_paywalled_content":false,"_jetpack_memberships_contains_paid_content":false,"footnotes":""},"categories":[12],"tags":[81],"class_list":["post-13183","post","type-post","status-publish","format-standard","has-post-thumbnail","hentry","category-kohti-kautta-2016-2017","tag-sif"],"acf":[],"yoast_head":"<!-- This site is optimized with the Yoast SEO plugin v27.5 - https:\/\/yoast.com\/product\/yoast-seo-wordpress\/ -->\n<title>Kohti kautta: SIF | K\u00e4sipallon naisten Aktialiiga<\/title>\n<meta name=\"robots\" content=\"index, follow, max-snippet:-1, max-image-preview:large, max-video-preview:-1\" \/>\n<link rel=\"canonical\" href=\"https:\/\/aktialiiga.fi\/naiset\/2016-2017\/kohti-kautta-2016-2017\/kohti-kautta-sif-2\/\" \/>\n<meta property=\"og:locale\" content=\"fi_FI\" \/>\n<meta property=\"og:type\" content=\"article\" \/>\n<meta property=\"og:title\" content=\"Kohti kautta: SIF | K\u00e4sipallon naisten Aktialiiga\" \/>\n<meta property=\"og:description\" content=\"SIF Kaudella 2015-16: Runkosarjan 3., h\u00e4visi pronssiottelussa Spartalle Suomen mestaruuksia: 4 Siuntiolaisten viime kausi p\u00e4\u00e4ttyi pettymykseen, kun pronssimitalit karkasivat Spartalle niukimmalla mahdollisella erolla vierasmaalis\u00e4\u00e4nn\u00f6n perusteella. Alkavalle kaudelle rimaa ei miss\u00e4\u00e4n nimess\u00e4 ainakaan l\u00e4hdet\u00e4 laskemaan joukkueen per\u00e4simeen tarttuneen Harry Wikstr\u00f6min mukaan. &#8211; Mitali on tytt\u00f6jen ja my\u00f6s valmentajien tavoite. Eli v\u00e4hint\u00e4\u00e4n mitalipeleihin on tarkoitus p\u00e4\u00e4st\u00e4, Wikstr\u00f6m [&hellip;]\" \/>\n<meta property=\"og:url\" content=\"https:\/\/aktialiiga.fi\/naiset\/2016-2017\/kohti-kautta-2016-2017\/kohti-kautta-sif-2\/\" \/>\n<meta property=\"og:site_name\" content=\"K\u00e4sipallon naisten Aktialiiga\" \/>\n<meta property=\"article:publisher\" content=\"https:\/\/www.facebook.com\/finnhandball\" \/>\n<meta property=\"article:published_time\" content=\"2016-09-16T17:41:15+00:00\" \/>\n<meta property=\"article:modified_time\" content=\"2018-04-20T09:45:06+00:00\" \/>\n<meta property=\"og:image\" content=\"https:\/\/aktialiiga.fi\/naiset\/wp-content\/uploads\/sites\/6\/2011\/08\/logo-sif.gif\" \/>\n\t<meta property=\"og:image:width\" content=\"105\" \/>\n\t<meta property=\"og:image:height\" content=\"115\" \/>\n\t<meta property=\"og:image:type\" content=\"image\/gif\" \/>\n<meta name=\"author\" content=\"tbrmedia\" \/>\n<meta name=\"twitter:card\" content=\"summary_large_image\" \/>\n<meta name=\"twitter:creator\" content=\"@finnhandball\" \/>\n<meta name=\"twitter:site\" content=\"@finnhandball\" \/>\n<script type=\"application\/ld+json\" class=\"yoast-schema-graph\">{\"@context\":\"https:\\\/\\\/schema.org\",\"@graph\":[{\"@type\":\"Article\",\"@id\":\"https:\\\/\\\/aktialiiga.fi\\\/naiset\\\/2016-2017\\\/kohti-kautta-2016-2017\\\/kohti-kautta-sif-2\\\/#article\",\"isPartOf\":{\"@id\":\"https:\\\/\\\/aktialiiga.fi\\\/naiset\\\/2016-2017\\\/kohti-kautta-2016-2017\\\/kohti-kautta-sif-2\\\/\"},\"author\":{\"name\":\"tbrmedia\",\"@id\":\"https:\\\/\\\/aktialiiga.fi\\\/naiset\\\/#\\\/schema\\\/person\\\/c14bf42f47041db74603c45afcb18d87\"},\"headline\":\"Kohti kautta: SIF\",\"datePublished\":\"2016-09-16T17:41:15+00:00\",\"dateModified\":\"2018-04-20T09:45:06+00:00\",\"mainEntityOfPage\":{\"@id\":\"https:\\\/\\\/aktialiiga.fi\\\/naiset\\\/2016-2017\\\/kohti-kautta-2016-2017\\\/kohti-kautta-sif-2\\\/\"},\"wordCount\":201,\"publisher\":{\"@id\":\"https:\\\/\\\/aktialiiga.fi\\\/naiset\\\/#organization\"},\"image\":{\"@id\":\"https:\\\/\\\/aktialiiga.fi\\\/naiset\\\/2016-2017\\\/kohti-kautta-2016-2017\\\/kohti-kautta-sif-2\\\/#primaryimage\"},\"thumbnailUrl\":\"https:\\\/\\\/aktialiiga.fi\\\/naiset\\\/wp-content\\\/uploads\\\/sites\\\/6\\\/2011\\\/08\\\/logo-sif.gif\",\"keywords\":[\"SIF\"],\"articleSection\":[\"Kohti kautta\"],\"inLanguage\":\"fi\"},{\"@type\":\"WebPage\",\"@id\":\"https:\\\/\\\/aktialiiga.fi\\\/naiset\\\/2016-2017\\\/kohti-kautta-2016-2017\\\/kohti-kautta-sif-2\\\/\",\"url\":\"https:\\\/\\\/aktialiiga.fi\\\/naiset\\\/2016-2017\\\/kohti-kautta-2016-2017\\\/kohti-kautta-sif-2\\\/\",\"name\":\"Kohti kautta: SIF | K\u00e4sipallon naisten Aktialiiga\",\"isPartOf\":{\"@id\":\"https:\\\/\\\/aktialiiga.fi\\\/naiset\\\/#website\"},\"primaryImageOfPage\":{\"@id\":\"https:\\\/\\\/aktialiiga.fi\\\/naiset\\\/2016-2017\\\/kohti-kautta-2016-2017\\\/kohti-kautta-sif-2\\\/#primaryimage\"},\"image\":{\"@id\":\"https:\\\/\\\/aktialiiga.fi\\\/naiset\\\/2016-2017\\\/kohti-kautta-2016-2017\\\/kohti-kautta-sif-2\\\/#primaryimage\"},\"thumbnailUrl\":\"https:\\\/\\\/aktialiiga.fi\\\/naiset\\\/wp-content\\\/uploads\\\/sites\\\/6\\\/2011\\\/08\\\/logo-sif.gif\",\"datePublished\":\"2016-09-16T17:41:15+00:00\",\"dateModified\":\"2018-04-20T09:45:06+00:00\",\"breadcrumb\":{\"@id\":\"https:\\\/\\\/aktialiiga.fi\\\/naiset\\\/2016-2017\\\/kohti-kautta-2016-2017\\\/kohti-kautta-sif-2\\\/#breadcrumb\"},\"inLanguage\":\"fi\",\"potentialAction\":[{\"@type\":\"ReadAction\",\"target\":[\"https:\\\/\\\/aktialiiga.fi\\\/naiset\\\/2016-2017\\\/kohti-kautta-2016-2017\\\/kohti-kautta-sif-2\\\/\"]}]},{\"@type\":\"ImageObject\",\"inLanguage\":\"fi\",\"@id\":\"https:\\\/\\\/aktialiiga.fi\\\/naiset\\\/2016-2017\\\/kohti-kautta-2016-2017\\\/kohti-kautta-sif-2\\\/#primaryimage\",\"url\":\"https:\\\/\\\/aktialiiga.fi\\\/naiset\\\/wp-content\\\/uploads\\\/sites\\\/6\\\/2011\\\/08\\\/logo-sif.gif\",\"contentUrl\":\"https:\\\/\\\/aktialiiga.fi\\\/naiset\\\/wp-content\\\/uploads\\\/sites\\\/6\\\/2011\\\/08\\\/logo-sif.gif\",\"width\":105,\"height\":115,\"caption\":\"SIF, Siuntio\"},{\"@type\":\"BreadcrumbList\",\"@id\":\"https:\\\/\\\/aktialiiga.fi\\\/naiset\\\/2016-2017\\\/kohti-kautta-2016-2017\\\/kohti-kautta-sif-2\\\/#breadcrumb\",\"itemListElement\":[{\"@type\":\"ListItem\",\"position\":1,\"name\":\"Etusivu\",\"item\":\"https:\\\/\\\/aktialiiga.fi\\\/naiset\\\/\"},{\"@type\":\"ListItem\",\"position\":2,\"name\":\"Kohti kautta: SIF\"}]},{\"@type\":\"WebSite\",\"@id\":\"https:\\\/\\\/aktialiiga.fi\\\/naiset\\\/#website\",\"url\":\"https:\\\/\\\/aktialiiga.fi\\\/naiset\\\/\",\"name\":\"K\u00e4sipallon naisten Aktialiiga\",\"description\":\"Valtakunnan vauhdikkainta palloilua!\",\"publisher\":{\"@id\":\"https:\\\/\\\/aktialiiga.fi\\\/naiset\\\/#organization\"},\"potentialAction\":[{\"@type\":\"SearchAction\",\"target\":{\"@type\":\"EntryPoint\",\"urlTemplate\":\"https:\\\/\\\/aktialiiga.fi\\\/naiset\\\/?s={search_term_string}\"},\"query-input\":{\"@type\":\"PropertyValueSpecification\",\"valueRequired\":true,\"valueName\":\"search_term_string\"}}],\"inLanguage\":\"fi\"},{\"@type\":\"Organization\",\"@id\":\"https:\\\/\\\/aktialiiga.fi\\\/naiset\\\/#organization\",\"name\":\"K\u00e4sipallon naisten Aktialiiga\",\"url\":\"https:\\\/\\\/aktialiiga.fi\\\/naiset\\\/\",\"logo\":{\"@type\":\"ImageObject\",\"inLanguage\":\"fi\",\"@id\":\"https:\\\/\\\/aktialiiga.fi\\\/naiset\\\/#\\\/schema\\\/logo\\\/image\\\/\",\"url\":\"https:\\\/\\\/aktialiiga.fi\\\/naiset\\\/wp-content\\\/uploads\\\/sites\\\/6\\\/2024\\\/09\\\/Aktialiiga-Yoast-512.png\",\"contentUrl\":\"https:\\\/\\\/aktialiiga.fi\\\/naiset\\\/wp-content\\\/uploads\\\/sites\\\/6\\\/2024\\\/09\\\/Aktialiiga-Yoast-512.png\",\"width\":512,\"height\":512,\"caption\":\"K\u00e4sipallon naisten Aktialiiga\"},\"image\":{\"@id\":\"https:\\\/\\\/aktialiiga.fi\\\/naiset\\\/#\\\/schema\\\/logo\\\/image\\\/\"},\"sameAs\":[\"https:\\\/\\\/www.facebook.com\\\/finnhandball\",\"https:\\\/\\\/x.com\\\/finnhandball\",\"https:\\\/\\\/www.instagram.com\\\/handballfinland\\\/\"]},{\"@type\":\"Person\",\"@id\":\"https:\\\/\\\/aktialiiga.fi\\\/naiset\\\/#\\\/schema\\\/person\\\/c14bf42f47041db74603c45afcb18d87\",\"name\":\"tbrmedia\",\"image\":{\"@type\":\"ImageObject\",\"inLanguage\":\"fi\",\"@id\":\"https:\\\/\\\/secure.gravatar.com\\\/avatar\\\/ee975fa091fe581d12b60debb3439022686618368a7c142044c56724d4666b16?s=96&d=mm&r=g\",\"url\":\"https:\\\/\\\/secure.gravatar.com\\\/avatar\\\/ee975fa091fe581d12b60debb3439022686618368a7c142044c56724d4666b16?s=96&d=mm&r=g\",\"contentUrl\":\"https:\\\/\\\/secure.gravatar.com\\\/avatar\\\/ee975fa091fe581d12b60debb3439022686618368a7c142044c56724d4666b16?s=96&d=mm&r=g\",\"caption\":\"tbrmedia\"}}]}<\/script>\n<!-- \/ Yoast SEO plugin. -->","yoast_head_json":{"title":"Kohti kautta: SIF | K\u00e4sipallon naisten Aktialiiga","robots":{"index":"index","follow":"follow","max-snippet":"max-snippet:-1","max-image-preview":"max-image-preview:large","max-video-preview":"max-video-preview:-1"},"canonical":"https:\/\/aktialiiga.fi\/naiset\/2016-2017\/kohti-kautta-2016-2017\/kohti-kautta-sif-2\/","og_locale":"fi_FI","og_type":"article","og_title":"Kohti kautta: SIF | K\u00e4sipallon naisten Aktialiiga","og_description":"SIF Kaudella 2015-16: Runkosarjan 3., h\u00e4visi pronssiottelussa Spartalle Suomen mestaruuksia: 4 Siuntiolaisten viime kausi p\u00e4\u00e4ttyi pettymykseen, kun pronssimitalit karkasivat Spartalle niukimmalla mahdollisella erolla vierasmaalis\u00e4\u00e4nn\u00f6n perusteella. Alkavalle kaudelle rimaa ei miss\u00e4\u00e4n nimess\u00e4 ainakaan l\u00e4hdet\u00e4 laskemaan joukkueen per\u00e4simeen tarttuneen Harry Wikstr\u00f6min mukaan. &#8211; Mitali on tytt\u00f6jen ja my\u00f6s valmentajien tavoite. Eli v\u00e4hint\u00e4\u00e4n mitalipeleihin on tarkoitus p\u00e4\u00e4st\u00e4, Wikstr\u00f6m [&hellip;]","og_url":"https:\/\/aktialiiga.fi\/naiset\/2016-2017\/kohti-kautta-2016-2017\/kohti-kautta-sif-2\/","og_site_name":"K\u00e4sipallon naisten Aktialiiga","article_publisher":"https:\/\/www.facebook.com\/finnhandball","article_published_time":"2016-09-16T17:41:15+00:00","article_modified_time":"2018-04-20T09:45:06+00:00","og_image":[{"width":105,"height":115,"url":"https:\/\/aktialiiga.fi\/naiset\/wp-content\/uploads\/sites\/6\/2011\/08\/logo-sif.gif","type":"image\/gif"}],"author":"tbrmedia","twitter_card":"summary_large_image","twitter_creator":"@finnhandball","twitter_site":"@finnhandball","schema":{"@context":"https:\/\/schema.org","@graph":[{"@type":"Article","@id":"https:\/\/aktialiiga.fi\/naiset\/2016-2017\/kohti-kautta-2016-2017\/kohti-kautta-sif-2\/#article","isPartOf":{"@id":"https:\/\/aktialiiga.fi\/naiset\/2016-2017\/kohti-kautta-2016-2017\/kohti-kautta-sif-2\/"},"author":{"name":"tbrmedia","@id":"https:\/\/aktialiiga.fi\/naiset\/#\/schema\/person\/c14bf42f47041db74603c45afcb18d87"},"headline":"Kohti kautta: SIF","datePublished":"2016-09-16T17:41:15+00:00","dateModified":"2018-04-20T09:45:06+00:00","mainEntityOfPage":{"@id":"https:\/\/aktialiiga.fi\/naiset\/2016-2017\/kohti-kautta-2016-2017\/kohti-kautta-sif-2\/"},"wordCount":201,"publisher":{"@id":"https:\/\/aktialiiga.fi\/naiset\/#organization"},"image":{"@id":"https:\/\/aktialiiga.fi\/naiset\/2016-2017\/kohti-kautta-2016-2017\/kohti-kautta-sif-2\/#primaryimage"},"thumbnailUrl":"https:\/\/aktialiiga.fi\/naiset\/wp-content\/uploads\/sites\/6\/2011\/08\/logo-sif.gif","keywords":["SIF"],"articleSection":["Kohti kautta"],"inLanguage":"fi"},{"@type":"WebPage","@id":"https:\/\/aktialiiga.fi\/naiset\/2016-2017\/kohti-kautta-2016-2017\/kohti-kautta-sif-2\/","url":"https:\/\/aktialiiga.fi\/naiset\/2016-2017\/kohti-kautta-2016-2017\/kohti-kautta-sif-2\/","name":"Kohti kautta: SIF | K\u00e4sipallon naisten Aktialiiga","isPartOf":{"@id":"https:\/\/aktialiiga.fi\/naiset\/#website"},"primaryImageOfPage":{"@id":"https:\/\/aktialiiga.fi\/naiset\/2016-2017\/kohti-kautta-2016-2017\/kohti-kautta-sif-2\/#primaryimage"},"image":{"@id":"https:\/\/aktialiiga.fi\/naiset\/2016-2017\/kohti-kautta-2016-2017\/kohti-kautta-sif-2\/#primaryimage"},"thumbnailUrl":"https:\/\/aktialiiga.fi\/naiset\/wp-content\/uploads\/sites\/6\/2011\/08\/logo-sif.gif","datePublished":"2016-09-16T17:41:15+00:00","dateModified":"2018-04-20T09:45:06+00:00","breadcrumb":{"@id":"https:\/\/aktialiiga.fi\/naiset\/2016-2017\/kohti-kautta-2016-2017\/kohti-kautta-sif-2\/#breadcrumb"},"inLanguage":"fi","potentialAction":[{"@type":"ReadAction","target":["https:\/\/aktialiiga.fi\/naiset\/2016-2017\/kohti-kautta-2016-2017\/kohti-kautta-sif-2\/"]}]},{"@type":"ImageObject","inLanguage":"fi","@id":"https:\/\/aktialiiga.fi\/naiset\/2016-2017\/kohti-kautta-2016-2017\/kohti-kautta-sif-2\/#primaryimage","url":"https:\/\/aktialiiga.fi\/naiset\/wp-content\/uploads\/sites\/6\/2011\/08\/logo-sif.gif","contentUrl":"https:\/\/aktialiiga.fi\/naiset\/wp-content\/uploads\/sites\/6\/2011\/08\/logo-sif.gif","width":105,"height":115,"caption":"SIF, Siuntio"},{"@type":"BreadcrumbList","@id":"https:\/\/aktialiiga.fi\/naiset\/2016-2017\/kohti-kautta-2016-2017\/kohti-kautta-sif-2\/#breadcrumb","itemListElement":[{"@type":"ListItem","position":1,"name":"Etusivu","item":"https:\/\/aktialiiga.fi\/naiset\/"},{"@type":"ListItem","position":2,"name":"Kohti kautta: SIF"}]},{"@type":"WebSite","@id":"https:\/\/aktialiiga.fi\/naiset\/#website","url":"https:\/\/aktialiiga.fi\/naiset\/","name":"K\u00e4sipallon naisten Aktialiiga","description":"Valtakunnan vauhdikkainta palloilua!","publisher":{"@id":"https:\/\/aktialiiga.fi\/naiset\/#organization"},"potentialAction":[{"@type":"SearchAction","target":{"@type":"EntryPoint","urlTemplate":"https:\/\/aktialiiga.fi\/naiset\/?s={search_term_string}"},"query-input":{"@type":"PropertyValueSpecification","valueRequired":true,"valueName":"search_term_string"}}],"inLanguage":"fi"},{"@type":"Organization","@id":"https:\/\/aktialiiga.fi\/naiset\/#organization","name":"K\u00e4sipallon naisten Aktialiiga","url":"https:\/\/aktialiiga.fi\/naiset\/","logo":{"@type":"ImageObject","inLanguage":"fi","@id":"https:\/\/aktialiiga.fi\/naiset\/#\/schema\/logo\/image\/","url":"https:\/\/aktialiiga.fi\/naiset\/wp-content\/uploads\/sites\/6\/2024\/09\/Aktialiiga-Yoast-512.png","contentUrl":"https:\/\/aktialiiga.fi\/naiset\/wp-content\/uploads\/sites\/6\/2024\/09\/Aktialiiga-Yoast-512.png","width":512,"height":512,"caption":"K\u00e4sipallon naisten Aktialiiga"},"image":{"@id":"https:\/\/aktialiiga.fi\/naiset\/#\/schema\/logo\/image\/"},"sameAs":["https:\/\/www.facebook.com\/finnhandball","https:\/\/x.com\/finnhandball","https:\/\/www.instagram.com\/handballfinland\/"]},{"@type":"Person","@id":"https:\/\/aktialiiga.fi\/naiset\/#\/schema\/person\/c14bf42f47041db74603c45afcb18d87","name":"tbrmedia","image":{"@type":"ImageObject","inLanguage":"fi","@id":"https:\/\/secure.gravatar.com\/avatar\/ee975fa091fe581d12b60debb3439022686618368a7c142044c56724d4666b16?s=96&d=mm&r=g","url":"https:\/\/secure.gravatar.com\/avatar\/ee975fa091fe581d12b60debb3439022686618368a7c142044c56724d4666b16?s=96&d=mm&r=g","contentUrl":"https:\/\/secure.gravatar.com\/avatar\/ee975fa091fe581d12b60debb3439022686618368a7c142044c56724d4666b16?s=96&d=mm&r=g","caption":"tbrmedia"}}]}},"jetpack_featured_media_url":"https:\/\/aktialiiga.fi\/naiset\/wp-content\/uploads\/sites\/6\/2011\/08\/logo-sif.gif","jetpack_sharing_enabled":true,"jetpack_shortlink":"https:\/\/wp.me\/pfYhm6-3qD","_links":{"self":[{"href":"https:\/\/aktialiiga.fi\/naiset\/wp-json\/wp\/v2\/posts\/13183","targetHints":{"allow":["GET"]}}],"collection":[{"href":"https:\/\/aktialiiga.fi\/naiset\/wp-json\/wp\/v2\/posts"}],"about":[{"href":"https:\/\/aktialiiga.fi\/naiset\/wp-json\/wp\/v2\/types\/post"}],"author":[{"embeddable":true,"href":"https:\/\/aktialiiga.fi\/naiset\/wp-json\/wp\/v2\/users\/13"}],"replies":[{"embeddable":true,"href":"https:\/\/aktialiiga.fi\/naiset\/wp-json\/wp\/v2\/comments?post=13183"}],"version-history":[{"count":0,"href":"https:\/\/aktialiiga.fi\/naiset\/wp-json\/wp\/v2\/posts\/13183\/revisions"}],"wp:featuredmedia":[{"embeddable":true,"href":"https:\/\/aktialiiga.fi\/naiset\/wp-json\/wp\/v2\/media\/63"}],"wp:attachment":[{"href":"https:\/\/aktialiiga.fi\/naiset\/wp-json\/wp\/v2\/media?parent=13183"}],"wp:term":[{"taxonomy":"category","embeddable":true,"href":"https:\/\/aktialiiga.fi\/naiset\/wp-json\/wp\/v2\/categories?post=13183"},{"taxonomy":"post_tag","embeddable":true,"href":"https:\/\/aktialiiga.fi\/naiset\/wp-json\/wp\/v2\/tags?post=13183"}],"curies":[{"name":"wp","href":"https:\/\/api.w.org\/{rel}","templated":true}]}}