{"id":13192,"date":"2016-09-17T10:13:54","date_gmt":"2016-09-17T07:13:54","guid":{"rendered":"https:\/\/aktialiiga.fi\/naiset\/?p=13192"},"modified":"2018-04-20T12:45:05","modified_gmt":"2018-04-20T09:45:05","slug":"grifk-ja-atlas-avaavat-kautensa-lauantaina","status":"publish","type":"post","link":"https:\/\/aktialiiga.fi\/naiset\/2016-2017\/ennakot-2016-2017\/grifk-ja-atlas-avaavat-kautensa-lauantaina\/","title":{"rendered":"GrIFK ja Atlas avaavat kautensa lauantaina"},"content":{"rendered":"<p>Viime kauden runkosarjan 7. ja 8. GrIFK ja Atlas avaavat kautensa keskin\u00e4isell\u00e4 kohtaamisella lauantaina iltap\u00e4iv\u00e4ll\u00e4.<\/p>\n<p>Viime kaudeksi SM-sarjaan palannut GrIFK on edelleen liikkeell\u00e4 melkoisen nuorella joukkueella, joskin kokemusta on nyt taskussa kauden verran.<\/p>\n<p>Atlas puolestaan on nuorentunut merkitt\u00e4v\u00e4sti sitten kev\u00e4\u00e4n, mutta joukkueessa on viel\u00e4 muutama rutinoitunut pelaaja mukana ja n\u00e4ht\u00e4v\u00e4ksi j\u00e4\u00e4 miten kausi uudistuneella ilmeell\u00e4 l\u00e4htee k\u00e4yntiin.<\/p>\n<p>Jos viime kautta k\u00e4ytet\u00e4\u00e4n vertailukohtana, niin odotettavissa on tasainen koitos. Atlas vei viime kauden ensimm\u00e4isen kohtaamisen niukasti maalin erolla ja GrIFK voitti kaksi muuta nelj\u00e4n ja kahden maalin marginaalilla.<\/p>\n<p>Kumpikin joukkue kertoi kauden alla tavoitteekseen sijoituksen parantamisen viime kaudesta ja nyt on tilaisuus ottaa ensimm\u00e4inen askel kohti tavoitetta.<\/p>\n<p>&#8211; Alltid lite b\u00e4ttre, kiteytti Grani-luotsi Sebastian Aarnio teeman kauden kynnyksell\u00e4.<\/p>\n<p>Ottelu Kauniaisten Luolassa alkaa kello 16.00.<\/p>\n","protected":false},"excerpt":{"rendered":"<p>Viime kauden runkosarjan 7. ja 8. GrIFK ja Atlas avaavat kautensa keskin\u00e4isell\u00e4 kohtaamisella lauantaina iltap\u00e4iv\u00e4ll\u00e4. Viime kaudeksi SM-sarjaan palannut GrIFK on edelleen liikkeell\u00e4 melkoisen nuorella joukkueella, joskin kokemusta on nyt taskussa kauden verran. Atlas puolestaan on nuorentunut merkitt\u00e4v\u00e4sti sitten kev\u00e4\u00e4n, mutta joukkueessa on viel\u00e4 muutama rutinoitunut pelaaja mukana ja n\u00e4ht\u00e4v\u00e4ksi j\u00e4\u00e4 miten kausi uudistuneella ilmeell\u00e4 [&hellip;]<\/p>\n","protected":false},"author":13,"featured_media":7055,"comment_status":"closed","ping_status":"open","sticky":false,"template":"","format":"standard","meta":{"_acf_changed":false,"jetpack_post_was_ever_published":false,"_jetpack_newsletter_access":"","_jetpack_dont_email_post_to_subs":false,"_jetpack_newsletter_tier_id":0,"_jetpack_memberships_contains_paywalled_content":false,"_jetpack_memberships_contains_paid_content":false,"footnotes":""},"categories":[38],"tags":[48,57],"class_list":["post-13192","post","type-post","status-publish","format-standard","has-post-thumbnail","hentry","category-ennakot-2016-2017","tag-atlas","tag-grifk"],"acf":[],"yoast_head":"<!-- This site is optimized with the Yoast SEO plugin v27.5 - https:\/\/yoast.com\/product\/yoast-seo-wordpress\/ -->\n<title>GrIFK ja Atlas avaavat kautensa lauantaina | K\u00e4sipallon naisten Aktialiiga<\/title>\n<meta name=\"robots\" content=\"index, follow, max-snippet:-1, max-image-preview:large, max-video-preview:-1\" \/>\n<link rel=\"canonical\" href=\"https:\/\/aktialiiga.fi\/naiset\/2016-2017\/ennakot-2016-2017\/grifk-ja-atlas-avaavat-kautensa-lauantaina\/\" \/>\n<meta property=\"og:locale\" content=\"fi_FI\" \/>\n<meta property=\"og:type\" content=\"article\" \/>\n<meta property=\"og:title\" content=\"GrIFK ja Atlas avaavat kautensa lauantaina | K\u00e4sipallon naisten Aktialiiga\" \/>\n<meta property=\"og:description\" content=\"Viime kauden runkosarjan 7. ja 8. GrIFK ja Atlas avaavat kautensa keskin\u00e4isell\u00e4 kohtaamisella lauantaina iltap\u00e4iv\u00e4ll\u00e4. Viime kaudeksi SM-sarjaan palannut GrIFK on edelleen liikkeell\u00e4 melkoisen nuorella joukkueella, joskin kokemusta on nyt taskussa kauden verran. Atlas puolestaan on nuorentunut merkitt\u00e4v\u00e4sti sitten kev\u00e4\u00e4n, mutta joukkueessa on viel\u00e4 muutama rutinoitunut pelaaja mukana ja n\u00e4ht\u00e4v\u00e4ksi j\u00e4\u00e4 miten kausi uudistuneella ilmeell\u00e4 [&hellip;]\" \/>\n<meta property=\"og:url\" content=\"https:\/\/aktialiiga.fi\/naiset\/2016-2017\/ennakot-2016-2017\/grifk-ja-atlas-avaavat-kautensa-lauantaina\/\" \/>\n<meta property=\"og:site_name\" content=\"K\u00e4sipallon naisten Aktialiiga\" \/>\n<meta property=\"article:publisher\" content=\"https:\/\/www.facebook.com\/finnhandball\" \/>\n<meta property=\"article:published_time\" content=\"2016-09-17T07:13:54+00:00\" \/>\n<meta property=\"article:modified_time\" content=\"2018-04-20T09:45:05+00:00\" \/>\n<meta property=\"og:image\" content=\"https:\/\/aktialiiga.fi\/naiset\/wp-content\/uploads\/sites\/6\/2016\/02\/GrIFK_Aarnio_Sebastian_1516.jpg\" \/>\n\t<meta property=\"og:image:width\" content=\"600\" \/>\n\t<meta property=\"og:image:height\" content=\"400\" \/>\n\t<meta property=\"og:image:type\" content=\"image\/jpeg\" \/>\n<meta name=\"author\" content=\"tbrmedia\" \/>\n<meta name=\"twitter:card\" content=\"summary_large_image\" \/>\n<meta name=\"twitter:creator\" content=\"@finnhandball\" \/>\n<meta name=\"twitter:site\" content=\"@finnhandball\" \/>\n<script type=\"application\/ld+json\" class=\"yoast-schema-graph\">{\"@context\":\"https:\\\/\\\/schema.org\",\"@graph\":[{\"@type\":\"Article\",\"@id\":\"https:\\\/\\\/aktialiiga.fi\\\/naiset\\\/2016-2017\\\/ennakot-2016-2017\\\/grifk-ja-atlas-avaavat-kautensa-lauantaina\\\/#article\",\"isPartOf\":{\"@id\":\"https:\\\/\\\/aktialiiga.fi\\\/naiset\\\/2016-2017\\\/ennakot-2016-2017\\\/grifk-ja-atlas-avaavat-kautensa-lauantaina\\\/\"},\"author\":{\"name\":\"tbrmedia\",\"@id\":\"https:\\\/\\\/aktialiiga.fi\\\/naiset\\\/#\\\/schema\\\/person\\\/c14bf42f47041db74603c45afcb18d87\"},\"headline\":\"GrIFK ja Atlas avaavat kautensa lauantaina\",\"datePublished\":\"2016-09-17T07:13:54+00:00\",\"dateModified\":\"2018-04-20T09:45:05+00:00\",\"mainEntityOfPage\":{\"@id\":\"https:\\\/\\\/aktialiiga.fi\\\/naiset\\\/2016-2017\\\/ennakot-2016-2017\\\/grifk-ja-atlas-avaavat-kautensa-lauantaina\\\/\"},\"wordCount\":142,\"publisher\":{\"@id\":\"https:\\\/\\\/aktialiiga.fi\\\/naiset\\\/#organization\"},\"image\":{\"@id\":\"https:\\\/\\\/aktialiiga.fi\\\/naiset\\\/2016-2017\\\/ennakot-2016-2017\\\/grifk-ja-atlas-avaavat-kautensa-lauantaina\\\/#primaryimage\"},\"thumbnailUrl\":\"https:\\\/\\\/aktialiiga.fi\\\/naiset\\\/wp-content\\\/uploads\\\/sites\\\/6\\\/2016\\\/02\\\/GrIFK_Aarnio_Sebastian_1516.jpg\",\"keywords\":[\"Atlas\",\"GrIFK\"],\"articleSection\":[\"Ennakot\"],\"inLanguage\":\"fi\"},{\"@type\":\"WebPage\",\"@id\":\"https:\\\/\\\/aktialiiga.fi\\\/naiset\\\/2016-2017\\\/ennakot-2016-2017\\\/grifk-ja-atlas-avaavat-kautensa-lauantaina\\\/\",\"url\":\"https:\\\/\\\/aktialiiga.fi\\\/naiset\\\/2016-2017\\\/ennakot-2016-2017\\\/grifk-ja-atlas-avaavat-kautensa-lauantaina\\\/\",\"name\":\"GrIFK ja Atlas avaavat kautensa lauantaina | K\u00e4sipallon naisten Aktialiiga\",\"isPartOf\":{\"@id\":\"https:\\\/\\\/aktialiiga.fi\\\/naiset\\\/#website\"},\"primaryImageOfPage\":{\"@id\":\"https:\\\/\\\/aktialiiga.fi\\\/naiset\\\/2016-2017\\\/ennakot-2016-2017\\\/grifk-ja-atlas-avaavat-kautensa-lauantaina\\\/#primaryimage\"},\"image\":{\"@id\":\"https:\\\/\\\/aktialiiga.fi\\\/naiset\\\/2016-2017\\\/ennakot-2016-2017\\\/grifk-ja-atlas-avaavat-kautensa-lauantaina\\\/#primaryimage\"},\"thumbnailUrl\":\"https:\\\/\\\/aktialiiga.fi\\\/naiset\\\/wp-content\\\/uploads\\\/sites\\\/6\\\/2016\\\/02\\\/GrIFK_Aarnio_Sebastian_1516.jpg\",\"datePublished\":\"2016-09-17T07:13:54+00:00\",\"dateModified\":\"2018-04-20T09:45:05+00:00\",\"breadcrumb\":{\"@id\":\"https:\\\/\\\/aktialiiga.fi\\\/naiset\\\/2016-2017\\\/ennakot-2016-2017\\\/grifk-ja-atlas-avaavat-kautensa-lauantaina\\\/#breadcrumb\"},\"inLanguage\":\"fi\",\"potentialAction\":[{\"@type\":\"ReadAction\",\"target\":[\"https:\\\/\\\/aktialiiga.fi\\\/naiset\\\/2016-2017\\\/ennakot-2016-2017\\\/grifk-ja-atlas-avaavat-kautensa-lauantaina\\\/\"]}]},{\"@type\":\"ImageObject\",\"inLanguage\":\"fi\",\"@id\":\"https:\\\/\\\/aktialiiga.fi\\\/naiset\\\/2016-2017\\\/ennakot-2016-2017\\\/grifk-ja-atlas-avaavat-kautensa-lauantaina\\\/#primaryimage\",\"url\":\"https:\\\/\\\/aktialiiga.fi\\\/naiset\\\/wp-content\\\/uploads\\\/sites\\\/6\\\/2016\\\/02\\\/GrIFK_Aarnio_Sebastian_1516.jpg\",\"contentUrl\":\"https:\\\/\\\/aktialiiga.fi\\\/naiset\\\/wp-content\\\/uploads\\\/sites\\\/6\\\/2016\\\/02\\\/GrIFK_Aarnio_Sebastian_1516.jpg\",\"width\":600,\"height\":400},{\"@type\":\"BreadcrumbList\",\"@id\":\"https:\\\/\\\/aktialiiga.fi\\\/naiset\\\/2016-2017\\\/ennakot-2016-2017\\\/grifk-ja-atlas-avaavat-kautensa-lauantaina\\\/#breadcrumb\",\"itemListElement\":[{\"@type\":\"ListItem\",\"position\":1,\"name\":\"Etusivu\",\"item\":\"https:\\\/\\\/aktialiiga.fi\\\/naiset\\\/\"},{\"@type\":\"ListItem\",\"position\":2,\"name\":\"GrIFK ja Atlas avaavat kautensa lauantaina\"}]},{\"@type\":\"WebSite\",\"@id\":\"https:\\\/\\\/aktialiiga.fi\\\/naiset\\\/#website\",\"url\":\"https:\\\/\\\/aktialiiga.fi\\\/naiset\\\/\",\"name\":\"K\u00e4sipallon naisten Aktialiiga\",\"description\":\"Valtakunnan vauhdikkainta palloilua!\",\"publisher\":{\"@id\":\"https:\\\/\\\/aktialiiga.fi\\\/naiset\\\/#organization\"},\"potentialAction\":[{\"@type\":\"SearchAction\",\"target\":{\"@type\":\"EntryPoint\",\"urlTemplate\":\"https:\\\/\\\/aktialiiga.fi\\\/naiset\\\/?s={search_term_string}\"},\"query-input\":{\"@type\":\"PropertyValueSpecification\",\"valueRequired\":true,\"valueName\":\"search_term_string\"}}],\"inLanguage\":\"fi\"},{\"@type\":\"Organization\",\"@id\":\"https:\\\/\\\/aktialiiga.fi\\\/naiset\\\/#organization\",\"name\":\"K\u00e4sipallon naisten Aktialiiga\",\"url\":\"https:\\\/\\\/aktialiiga.fi\\\/naiset\\\/\",\"logo\":{\"@type\":\"ImageObject\",\"inLanguage\":\"fi\",\"@id\":\"https:\\\/\\\/aktialiiga.fi\\\/naiset\\\/#\\\/schema\\\/logo\\\/image\\\/\",\"url\":\"https:\\\/\\\/aktialiiga.fi\\\/naiset\\\/wp-content\\\/uploads\\\/sites\\\/6\\\/2024\\\/09\\\/Aktialiiga-Yoast-512.png\",\"contentUrl\":\"https:\\\/\\\/aktialiiga.fi\\\/naiset\\\/wp-content\\\/uploads\\\/sites\\\/6\\\/2024\\\/09\\\/Aktialiiga-Yoast-512.png\",\"width\":512,\"height\":512,\"caption\":\"K\u00e4sipallon naisten Aktialiiga\"},\"image\":{\"@id\":\"https:\\\/\\\/aktialiiga.fi\\\/naiset\\\/#\\\/schema\\\/logo\\\/image\\\/\"},\"sameAs\":[\"https:\\\/\\\/www.facebook.com\\\/finnhandball\",\"https:\\\/\\\/x.com\\\/finnhandball\",\"https:\\\/\\\/www.instagram.com\\\/handballfinland\\\/\"]},{\"@type\":\"Person\",\"@id\":\"https:\\\/\\\/aktialiiga.fi\\\/naiset\\\/#\\\/schema\\\/person\\\/c14bf42f47041db74603c45afcb18d87\",\"name\":\"tbrmedia\",\"image\":{\"@type\":\"ImageObject\",\"inLanguage\":\"fi\",\"@id\":\"https:\\\/\\\/secure.gravatar.com\\\/avatar\\\/ee975fa091fe581d12b60debb3439022686618368a7c142044c56724d4666b16?s=96&d=mm&r=g\",\"url\":\"https:\\\/\\\/secure.gravatar.com\\\/avatar\\\/ee975fa091fe581d12b60debb3439022686618368a7c142044c56724d4666b16?s=96&d=mm&r=g\",\"contentUrl\":\"https:\\\/\\\/secure.gravatar.com\\\/avatar\\\/ee975fa091fe581d12b60debb3439022686618368a7c142044c56724d4666b16?s=96&d=mm&r=g\",\"caption\":\"tbrmedia\"}}]}<\/script>\n<!-- \/ Yoast SEO plugin. -->","yoast_head_json":{"title":"GrIFK ja Atlas avaavat kautensa lauantaina | K\u00e4sipallon naisten Aktialiiga","robots":{"index":"index","follow":"follow","max-snippet":"max-snippet:-1","max-image-preview":"max-image-preview:large","max-video-preview":"max-video-preview:-1"},"canonical":"https:\/\/aktialiiga.fi\/naiset\/2016-2017\/ennakot-2016-2017\/grifk-ja-atlas-avaavat-kautensa-lauantaina\/","og_locale":"fi_FI","og_type":"article","og_title":"GrIFK ja Atlas avaavat kautensa lauantaina | K\u00e4sipallon naisten Aktialiiga","og_description":"Viime kauden runkosarjan 7. ja 8. GrIFK ja Atlas avaavat kautensa keskin\u00e4isell\u00e4 kohtaamisella lauantaina iltap\u00e4iv\u00e4ll\u00e4. Viime kaudeksi SM-sarjaan palannut GrIFK on edelleen liikkeell\u00e4 melkoisen nuorella joukkueella, joskin kokemusta on nyt taskussa kauden verran. Atlas puolestaan on nuorentunut merkitt\u00e4v\u00e4sti sitten kev\u00e4\u00e4n, mutta joukkueessa on viel\u00e4 muutama rutinoitunut pelaaja mukana ja n\u00e4ht\u00e4v\u00e4ksi j\u00e4\u00e4 miten kausi uudistuneella ilmeell\u00e4 [&hellip;]","og_url":"https:\/\/aktialiiga.fi\/naiset\/2016-2017\/ennakot-2016-2017\/grifk-ja-atlas-avaavat-kautensa-lauantaina\/","og_site_name":"K\u00e4sipallon naisten Aktialiiga","article_publisher":"https:\/\/www.facebook.com\/finnhandball","article_published_time":"2016-09-17T07:13:54+00:00","article_modified_time":"2018-04-20T09:45:05+00:00","og_image":[{"width":600,"height":400,"url":"https:\/\/aktialiiga.fi\/naiset\/wp-content\/uploads\/sites\/6\/2016\/02\/GrIFK_Aarnio_Sebastian_1516.jpg","type":"image\/jpeg"}],"author":"tbrmedia","twitter_card":"summary_large_image","twitter_creator":"@finnhandball","twitter_site":"@finnhandball","schema":{"@context":"https:\/\/schema.org","@graph":[{"@type":"Article","@id":"https:\/\/aktialiiga.fi\/naiset\/2016-2017\/ennakot-2016-2017\/grifk-ja-atlas-avaavat-kautensa-lauantaina\/#article","isPartOf":{"@id":"https:\/\/aktialiiga.fi\/naiset\/2016-2017\/ennakot-2016-2017\/grifk-ja-atlas-avaavat-kautensa-lauantaina\/"},"author":{"name":"tbrmedia","@id":"https:\/\/aktialiiga.fi\/naiset\/#\/schema\/person\/c14bf42f47041db74603c45afcb18d87"},"headline":"GrIFK ja Atlas avaavat kautensa lauantaina","datePublished":"2016-09-17T07:13:54+00:00","dateModified":"2018-04-20T09:45:05+00:00","mainEntityOfPage":{"@id":"https:\/\/aktialiiga.fi\/naiset\/2016-2017\/ennakot-2016-2017\/grifk-ja-atlas-avaavat-kautensa-lauantaina\/"},"wordCount":142,"publisher":{"@id":"https:\/\/aktialiiga.fi\/naiset\/#organization"},"image":{"@id":"https:\/\/aktialiiga.fi\/naiset\/2016-2017\/ennakot-2016-2017\/grifk-ja-atlas-avaavat-kautensa-lauantaina\/#primaryimage"},"thumbnailUrl":"https:\/\/aktialiiga.fi\/naiset\/wp-content\/uploads\/sites\/6\/2016\/02\/GrIFK_Aarnio_Sebastian_1516.jpg","keywords":["Atlas","GrIFK"],"articleSection":["Ennakot"],"inLanguage":"fi"},{"@type":"WebPage","@id":"https:\/\/aktialiiga.fi\/naiset\/2016-2017\/ennakot-2016-2017\/grifk-ja-atlas-avaavat-kautensa-lauantaina\/","url":"https:\/\/aktialiiga.fi\/naiset\/2016-2017\/ennakot-2016-2017\/grifk-ja-atlas-avaavat-kautensa-lauantaina\/","name":"GrIFK ja Atlas avaavat kautensa lauantaina | K\u00e4sipallon naisten Aktialiiga","isPartOf":{"@id":"https:\/\/aktialiiga.fi\/naiset\/#website"},"primaryImageOfPage":{"@id":"https:\/\/aktialiiga.fi\/naiset\/2016-2017\/ennakot-2016-2017\/grifk-ja-atlas-avaavat-kautensa-lauantaina\/#primaryimage"},"image":{"@id":"https:\/\/aktialiiga.fi\/naiset\/2016-2017\/ennakot-2016-2017\/grifk-ja-atlas-avaavat-kautensa-lauantaina\/#primaryimage"},"thumbnailUrl":"https:\/\/aktialiiga.fi\/naiset\/wp-content\/uploads\/sites\/6\/2016\/02\/GrIFK_Aarnio_Sebastian_1516.jpg","datePublished":"2016-09-17T07:13:54+00:00","dateModified":"2018-04-20T09:45:05+00:00","breadcrumb":{"@id":"https:\/\/aktialiiga.fi\/naiset\/2016-2017\/ennakot-2016-2017\/grifk-ja-atlas-avaavat-kautensa-lauantaina\/#breadcrumb"},"inLanguage":"fi","potentialAction":[{"@type":"ReadAction","target":["https:\/\/aktialiiga.fi\/naiset\/2016-2017\/ennakot-2016-2017\/grifk-ja-atlas-avaavat-kautensa-lauantaina\/"]}]},{"@type":"ImageObject","inLanguage":"fi","@id":"https:\/\/aktialiiga.fi\/naiset\/2016-2017\/ennakot-2016-2017\/grifk-ja-atlas-avaavat-kautensa-lauantaina\/#primaryimage","url":"https:\/\/aktialiiga.fi\/naiset\/wp-content\/uploads\/sites\/6\/2016\/02\/GrIFK_Aarnio_Sebastian_1516.jpg","contentUrl":"https:\/\/aktialiiga.fi\/naiset\/wp-content\/uploads\/sites\/6\/2016\/02\/GrIFK_Aarnio_Sebastian_1516.jpg","width":600,"height":400},{"@type":"BreadcrumbList","@id":"https:\/\/aktialiiga.fi\/naiset\/2016-2017\/ennakot-2016-2017\/grifk-ja-atlas-avaavat-kautensa-lauantaina\/#breadcrumb","itemListElement":[{"@type":"ListItem","position":1,"name":"Etusivu","item":"https:\/\/aktialiiga.fi\/naiset\/"},{"@type":"ListItem","position":2,"name":"GrIFK ja Atlas avaavat kautensa lauantaina"}]},{"@type":"WebSite","@id":"https:\/\/aktialiiga.fi\/naiset\/#website","url":"https:\/\/aktialiiga.fi\/naiset\/","name":"K\u00e4sipallon naisten Aktialiiga","description":"Valtakunnan vauhdikkainta palloilua!","publisher":{"@id":"https:\/\/aktialiiga.fi\/naiset\/#organization"},"potentialAction":[{"@type":"SearchAction","target":{"@type":"EntryPoint","urlTemplate":"https:\/\/aktialiiga.fi\/naiset\/?s={search_term_string}"},"query-input":{"@type":"PropertyValueSpecification","valueRequired":true,"valueName":"search_term_string"}}],"inLanguage":"fi"},{"@type":"Organization","@id":"https:\/\/aktialiiga.fi\/naiset\/#organization","name":"K\u00e4sipallon naisten Aktialiiga","url":"https:\/\/aktialiiga.fi\/naiset\/","logo":{"@type":"ImageObject","inLanguage":"fi","@id":"https:\/\/aktialiiga.fi\/naiset\/#\/schema\/logo\/image\/","url":"https:\/\/aktialiiga.fi\/naiset\/wp-content\/uploads\/sites\/6\/2024\/09\/Aktialiiga-Yoast-512.png","contentUrl":"https:\/\/aktialiiga.fi\/naiset\/wp-content\/uploads\/sites\/6\/2024\/09\/Aktialiiga-Yoast-512.png","width":512,"height":512,"caption":"K\u00e4sipallon naisten Aktialiiga"},"image":{"@id":"https:\/\/aktialiiga.fi\/naiset\/#\/schema\/logo\/image\/"},"sameAs":["https:\/\/www.facebook.com\/finnhandball","https:\/\/x.com\/finnhandball","https:\/\/www.instagram.com\/handballfinland\/"]},{"@type":"Person","@id":"https:\/\/aktialiiga.fi\/naiset\/#\/schema\/person\/c14bf42f47041db74603c45afcb18d87","name":"tbrmedia","image":{"@type":"ImageObject","inLanguage":"fi","@id":"https:\/\/secure.gravatar.com\/avatar\/ee975fa091fe581d12b60debb3439022686618368a7c142044c56724d4666b16?s=96&d=mm&r=g","url":"https:\/\/secure.gravatar.com\/avatar\/ee975fa091fe581d12b60debb3439022686618368a7c142044c56724d4666b16?s=96&d=mm&r=g","contentUrl":"https:\/\/secure.gravatar.com\/avatar\/ee975fa091fe581d12b60debb3439022686618368a7c142044c56724d4666b16?s=96&d=mm&r=g","caption":"tbrmedia"}}]}},"jetpack_featured_media_url":"https:\/\/aktialiiga.fi\/naiset\/wp-content\/uploads\/sites\/6\/2016\/02\/GrIFK_Aarnio_Sebastian_1516.jpg","jetpack_sharing_enabled":true,"jetpack_shortlink":"https:\/\/wp.me\/pfYhm6-3qM","_links":{"self":[{"href":"https:\/\/aktialiiga.fi\/naiset\/wp-json\/wp\/v2\/posts\/13192","targetHints":{"allow":["GET"]}}],"collection":[{"href":"https:\/\/aktialiiga.fi\/naiset\/wp-json\/wp\/v2\/posts"}],"about":[{"href":"https:\/\/aktialiiga.fi\/naiset\/wp-json\/wp\/v2\/types\/post"}],"author":[{"embeddable":true,"href":"https:\/\/aktialiiga.fi\/naiset\/wp-json\/wp\/v2\/users\/13"}],"replies":[{"embeddable":true,"href":"https:\/\/aktialiiga.fi\/naiset\/wp-json\/wp\/v2\/comments?post=13192"}],"version-history":[{"count":0,"href":"https:\/\/aktialiiga.fi\/naiset\/wp-json\/wp\/v2\/posts\/13192\/revisions"}],"wp:featuredmedia":[{"embeddable":true,"href":"https:\/\/aktialiiga.fi\/naiset\/wp-json\/wp\/v2\/media\/7055"}],"wp:attachment":[{"href":"https:\/\/aktialiiga.fi\/naiset\/wp-json\/wp\/v2\/media?parent=13192"}],"wp:term":[{"taxonomy":"category","embeddable":true,"href":"https:\/\/aktialiiga.fi\/naiset\/wp-json\/wp\/v2\/categories?post=13192"},{"taxonomy":"post_tag","embeddable":true,"href":"https:\/\/aktialiiga.fi\/naiset\/wp-json\/wp\/v2\/tags?post=13192"}],"curies":[{"name":"wp","href":"https:\/\/api.w.org\/{rel}","templated":true}]}}