{"id":13752,"date":"2016-12-18T17:24:00","date_gmt":"2016-12-18T15:24:00","guid":{"rendered":"https:\/\/aktialiiga.fi\/naiset\/?p=13752"},"modified":"2018-04-20T12:44:36","modified_gmt":"2018-04-20T09:44:36","slug":"sif-otti-syksyn-paatospisteet-grifklta","status":"publish","type":"post","link":"https:\/\/aktialiiga.fi\/naiset\/2016-2017\/ottelut-2016-2017\/sif-otti-syksyn-paatospisteet-grifklta\/","title":{"rendered":"SIF otti syksyn p\u00e4\u00e4t\u00f6spisteet GrIFK:lta"},"content":{"rendered":"<p>Naisten SM-sarjan syksy saatiin p\u00e4\u00e4t\u00f6kseen sunnuntaina, kun SIF kaatoi kotonaan GrIFK:n maalein 23-19.<\/p>\n<p>GrIFK kuittasi SIF:n vahvan alun numeroihin 4-4, mutta t\u00e4m\u00e4n j\u00e4lkeen em\u00e4nn\u00e4t l\u00e4htiv\u00e4t karkumatkalle. Ero kasvoi nopeasti viiteen maaliin, joskin peli tasaantui tauon alla ja taukojohto kirjattiin SIF:lle nelj\u00e4n maalin erolla.<\/p>\n<p>Tauon j\u00e4lkeen ero pysytteli viiden maalin tuntumassa, kunnes GrIFK jakson puoliv\u00e4lin j\u00e4lkeen nousi jo kahden maalin p\u00e4\u00e4h\u00e4n. SIF venytti kaulan nopeasti kuitenkin j\u00e4lleen viiteen maaliin ja piti johdostaan varmasti kiinni loppuminuutit.<\/p>\n<p>SIF-luotsi Harry Wikstr\u00f6m jakoi kiitosta ennen kaikkea maalivahti Moa Wasstr\u00f6mille, eik\u00e4 kovin korkealle esityst\u00e4 muuten nostanut &#8211; toki voitto maistui.<\/p>\n<p>&#8211; Moa pelasi hienon ottelun maalissa vaikka puolustuksemme ei toiminut kovinkaan hyvin. T\u00e4m\u00e4 oli t\u00e4rke\u00e4 peli ja se n\u00e4kyi hermoilussa kent\u00e4ll\u00e4. Olen tyytyv\u00e4inen voittoon, Wikstr\u00f6m tiivisti.<\/p>\n<p>Vakuuttavimman pelaajan tittelin vei nimiins\u00e4 SIF:n Ellen Voutilainen, joka kiitteli niin ik\u00e4\u00e4n Wasstr\u00f6mi\u00e4.<\/p>\n<p>&#8211; Maalivahtipeli toimi hienosti. Pelasimme aaltoillen, mutta kun saimme pelin kulkemaan se toimi hyvin. Uskalsimme ajaa loppuun asti puolinopeissa hy\u00f6kk\u00e4yksiss\u00e4 ja tarpeen vaatiessa rauhoittaa peli\u00e4.<\/p>\n<p>GrIFK:n p\u00e4\u00e4valmentaja Sebastian Aarnio harmitteli poissaoloja.<\/p>\n<p>&#8211; Joukkueemme on t\u00e4ll\u00e4 hetkell\u00e4 hiukan vajaalukuinen, joten siihen n\u00e4hden ihan ok suoritus. Meid\u00e4n pit\u00e4isi l\u00f6yt\u00e4\u00e4 peliin enemm\u00e4n tasaisuutta niin ett\u00e4 jokainen pelaisi omalla tasollaan ottelun l\u00e4pi. Emme laita paikoista palloja maaliin. Puolustus toimii ihan hyvin, Aarnio kertaili.<\/p>\n<p><strong>SIF \u2013 GrIFK 23-19 (12-8)<\/strong><\/p>\n<p><strong>Maalintekij\u00e4t<\/strong><br \/>\nSIF: Barck Maria 8, Voutilainen Ellen 7, Weurlander Anna-Mi 2, Lehtola Saara 2, Skoglund Sanni 1, Ratilainen Linda 1, Lindholm Madeleine 1, Jensen Corinna 1<br \/>\nGrIFK: B\u00f6ckelman Sophia 5, Rehnberg Carolina 4, Berglund Emelie 3, Karsten Alexandra 2, Andersson Annika 2, Nystr\u00f6m Annina 1, Kaivola Karolina 1, Heerman Nea 1<\/p>\n<p><strong>L\u00e4hiTapiola-t\u00e4htipelaajat<\/strong><br \/>\nVoutilainen Ellen, SIF 3<br \/>\nWasstr\u00f6m Moa, SIF 2<br \/>\nFeodoroff Cara, GrIFK 1<\/p>\n<p><strong>2 min ulosajot sek\u00e4 pelist\u00e4 sulkemiset<\/strong><br \/>\nSIF: Barck Maria 1 x 2 min, Lindholm Madeleine3 x 2 min (sulkeminen 3 ulosajon takia), Weurlander Anna-Mi 1 x 2 min<br \/>\nGrIFK: Nystr\u00f6m Annina 1 x 2 min, Rehnberg Carolina 1 x 2 min<\/p>\n<p><em>Erotuomarit<\/em>: Skogberg Johan &#8211; Karlsson Robin<\/p>\n<p><em>Yleis\u00f6\u00e4<\/em>: 141<\/p>\n","protected":false},"excerpt":{"rendered":"<p>Naisten SM-sarjan syksy saatiin p\u00e4\u00e4t\u00f6kseen sunnuntaina, kun SIF kaatoi kotonaan GrIFK:n maalein 23-19. GrIFK kuittasi SIF:n vahvan alun numeroihin 4-4, mutta t\u00e4m\u00e4n j\u00e4lkeen em\u00e4nn\u00e4t l\u00e4htiv\u00e4t karkumatkalle. Ero kasvoi nopeasti viiteen maaliin, joskin peli tasaantui tauon alla ja taukojohto kirjattiin SIF:lle nelj\u00e4n maalin erolla. Tauon j\u00e4lkeen ero pysytteli viiden maalin tuntumassa, kunnes GrIFK jakson puoliv\u00e4lin j\u00e4lkeen [&hellip;]<\/p>\n","protected":false},"author":13,"featured_media":13707,"comment_status":"closed","ping_status":"open","sticky":false,"template":"","format":"standard","meta":{"_acf_changed":false,"jetpack_post_was_ever_published":false,"_jetpack_newsletter_access":"","_jetpack_dont_email_post_to_subs":false,"_jetpack_newsletter_tier_id":0,"_jetpack_memberships_contains_paywalled_content":false,"_jetpack_memberships_contains_paid_content":false,"footnotes":""},"categories":[21],"tags":[57,81],"class_list":["post-13752","post","type-post","status-publish","format-standard","has-post-thumbnail","hentry","category-ottelut-2016-2017","tag-grifk","tag-sif"],"acf":[],"yoast_head":"<!-- This site is optimized with the Yoast SEO plugin v27.5 - https:\/\/yoast.com\/product\/yoast-seo-wordpress\/ -->\n<title>SIF otti syksyn p\u00e4\u00e4t\u00f6spisteet GrIFK:lta | K\u00e4sipallon naisten Aktialiiga<\/title>\n<meta name=\"robots\" content=\"index, follow, max-snippet:-1, max-image-preview:large, max-video-preview:-1\" \/>\n<link rel=\"canonical\" href=\"https:\/\/aktialiiga.fi\/naiset\/2016-2017\/ottelut-2016-2017\/sif-otti-syksyn-paatospisteet-grifklta\/\" \/>\n<meta property=\"og:locale\" content=\"fi_FI\" \/>\n<meta property=\"og:type\" content=\"article\" \/>\n<meta property=\"og:title\" content=\"SIF otti syksyn p\u00e4\u00e4t\u00f6spisteet GrIFK:lta | K\u00e4sipallon naisten Aktialiiga\" \/>\n<meta property=\"og:description\" content=\"Naisten SM-sarjan syksy saatiin p\u00e4\u00e4t\u00f6kseen sunnuntaina, kun SIF kaatoi kotonaan GrIFK:n maalein 23-19. GrIFK kuittasi SIF:n vahvan alun numeroihin 4-4, mutta t\u00e4m\u00e4n j\u00e4lkeen em\u00e4nn\u00e4t l\u00e4htiv\u00e4t karkumatkalle. Ero kasvoi nopeasti viiteen maaliin, joskin peli tasaantui tauon alla ja taukojohto kirjattiin SIF:lle nelj\u00e4n maalin erolla. Tauon j\u00e4lkeen ero pysytteli viiden maalin tuntumassa, kunnes GrIFK jakson puoliv\u00e4lin j\u00e4lkeen [&hellip;]\" \/>\n<meta property=\"og:url\" content=\"https:\/\/aktialiiga.fi\/naiset\/2016-2017\/ottelut-2016-2017\/sif-otti-syksyn-paatospisteet-grifklta\/\" \/>\n<meta property=\"og:site_name\" content=\"K\u00e4sipallon naisten Aktialiiga\" \/>\n<meta property=\"article:publisher\" content=\"https:\/\/www.facebook.com\/finnhandball\" \/>\n<meta property=\"article:published_time\" content=\"2016-12-18T15:24:00+00:00\" \/>\n<meta property=\"article:modified_time\" content=\"2018-04-20T09:44:36+00:00\" \/>\n<meta property=\"og:image\" content=\"https:\/\/aktialiiga.fi\/naiset\/wp-content\/uploads\/sites\/6\/2016\/08\/KP54924.jpg\" \/>\n\t<meta property=\"og:image:width\" content=\"1920\" \/>\n\t<meta property=\"og:image:height\" content=\"1280\" \/>\n\t<meta property=\"og:image:type\" content=\"image\/jpeg\" \/>\n<meta name=\"author\" content=\"tbrmedia\" \/>\n<meta name=\"twitter:card\" content=\"summary_large_image\" \/>\n<meta name=\"twitter:creator\" content=\"@finnhandball\" \/>\n<meta name=\"twitter:site\" content=\"@finnhandball\" \/>\n<script type=\"application\/ld+json\" class=\"yoast-schema-graph\">{\"@context\":\"https:\\\/\\\/schema.org\",\"@graph\":[{\"@type\":\"Article\",\"@id\":\"https:\\\/\\\/aktialiiga.fi\\\/naiset\\\/2016-2017\\\/ottelut-2016-2017\\\/sif-otti-syksyn-paatospisteet-grifklta\\\/#article\",\"isPartOf\":{\"@id\":\"https:\\\/\\\/aktialiiga.fi\\\/naiset\\\/2016-2017\\\/ottelut-2016-2017\\\/sif-otti-syksyn-paatospisteet-grifklta\\\/\"},\"author\":{\"name\":\"tbrmedia\",\"@id\":\"https:\\\/\\\/aktialiiga.fi\\\/naiset\\\/#\\\/schema\\\/person\\\/c14bf42f47041db74603c45afcb18d87\"},\"headline\":\"SIF otti syksyn p\u00e4\u00e4t\u00f6spisteet GrIFK:lta\",\"datePublished\":\"2016-12-18T15:24:00+00:00\",\"dateModified\":\"2018-04-20T09:44:36+00:00\",\"mainEntityOfPage\":{\"@id\":\"https:\\\/\\\/aktialiiga.fi\\\/naiset\\\/2016-2017\\\/ottelut-2016-2017\\\/sif-otti-syksyn-paatospisteet-grifklta\\\/\"},\"wordCount\":344,\"publisher\":{\"@id\":\"https:\\\/\\\/aktialiiga.fi\\\/naiset\\\/#organization\"},\"image\":{\"@id\":\"https:\\\/\\\/aktialiiga.fi\\\/naiset\\\/2016-2017\\\/ottelut-2016-2017\\\/sif-otti-syksyn-paatospisteet-grifklta\\\/#primaryimage\"},\"thumbnailUrl\":\"https:\\\/\\\/aktialiiga.fi\\\/naiset\\\/wp-content\\\/uploads\\\/sites\\\/6\\\/2016\\\/08\\\/KP54924.jpg\",\"keywords\":[\"GrIFK\",\"SIF\"],\"articleSection\":[\"Ottelut\"],\"inLanguage\":\"fi\"},{\"@type\":\"WebPage\",\"@id\":\"https:\\\/\\\/aktialiiga.fi\\\/naiset\\\/2016-2017\\\/ottelut-2016-2017\\\/sif-otti-syksyn-paatospisteet-grifklta\\\/\",\"url\":\"https:\\\/\\\/aktialiiga.fi\\\/naiset\\\/2016-2017\\\/ottelut-2016-2017\\\/sif-otti-syksyn-paatospisteet-grifklta\\\/\",\"name\":\"SIF otti syksyn p\u00e4\u00e4t\u00f6spisteet GrIFK:lta | K\u00e4sipallon naisten Aktialiiga\",\"isPartOf\":{\"@id\":\"https:\\\/\\\/aktialiiga.fi\\\/naiset\\\/#website\"},\"primaryImageOfPage\":{\"@id\":\"https:\\\/\\\/aktialiiga.fi\\\/naiset\\\/2016-2017\\\/ottelut-2016-2017\\\/sif-otti-syksyn-paatospisteet-grifklta\\\/#primaryimage\"},\"image\":{\"@id\":\"https:\\\/\\\/aktialiiga.fi\\\/naiset\\\/2016-2017\\\/ottelut-2016-2017\\\/sif-otti-syksyn-paatospisteet-grifklta\\\/#primaryimage\"},\"thumbnailUrl\":\"https:\\\/\\\/aktialiiga.fi\\\/naiset\\\/wp-content\\\/uploads\\\/sites\\\/6\\\/2016\\\/08\\\/KP54924.jpg\",\"datePublished\":\"2016-12-18T15:24:00+00:00\",\"dateModified\":\"2018-04-20T09:44:36+00:00\",\"breadcrumb\":{\"@id\":\"https:\\\/\\\/aktialiiga.fi\\\/naiset\\\/2016-2017\\\/ottelut-2016-2017\\\/sif-otti-syksyn-paatospisteet-grifklta\\\/#breadcrumb\"},\"inLanguage\":\"fi\",\"potentialAction\":[{\"@type\":\"ReadAction\",\"target\":[\"https:\\\/\\\/aktialiiga.fi\\\/naiset\\\/2016-2017\\\/ottelut-2016-2017\\\/sif-otti-syksyn-paatospisteet-grifklta\\\/\"]}]},{\"@type\":\"ImageObject\",\"inLanguage\":\"fi\",\"@id\":\"https:\\\/\\\/aktialiiga.fi\\\/naiset\\\/2016-2017\\\/ottelut-2016-2017\\\/sif-otti-syksyn-paatospisteet-grifklta\\\/#primaryimage\",\"url\":\"https:\\\/\\\/aktialiiga.fi\\\/naiset\\\/wp-content\\\/uploads\\\/sites\\\/6\\\/2016\\\/08\\\/KP54924.jpg\",\"contentUrl\":\"https:\\\/\\\/aktialiiga.fi\\\/naiset\\\/wp-content\\\/uploads\\\/sites\\\/6\\\/2016\\\/08\\\/KP54924.jpg\",\"width\":1920,\"height\":1280},{\"@type\":\"BreadcrumbList\",\"@id\":\"https:\\\/\\\/aktialiiga.fi\\\/naiset\\\/2016-2017\\\/ottelut-2016-2017\\\/sif-otti-syksyn-paatospisteet-grifklta\\\/#breadcrumb\",\"itemListElement\":[{\"@type\":\"ListItem\",\"position\":1,\"name\":\"Etusivu\",\"item\":\"https:\\\/\\\/aktialiiga.fi\\\/naiset\\\/\"},{\"@type\":\"ListItem\",\"position\":2,\"name\":\"SIF otti syksyn p\u00e4\u00e4t\u00f6spisteet GrIFK:lta\"}]},{\"@type\":\"WebSite\",\"@id\":\"https:\\\/\\\/aktialiiga.fi\\\/naiset\\\/#website\",\"url\":\"https:\\\/\\\/aktialiiga.fi\\\/naiset\\\/\",\"name\":\"K\u00e4sipallon naisten Aktialiiga\",\"description\":\"Valtakunnan vauhdikkainta palloilua!\",\"publisher\":{\"@id\":\"https:\\\/\\\/aktialiiga.fi\\\/naiset\\\/#organization\"},\"potentialAction\":[{\"@type\":\"SearchAction\",\"target\":{\"@type\":\"EntryPoint\",\"urlTemplate\":\"https:\\\/\\\/aktialiiga.fi\\\/naiset\\\/?s={search_term_string}\"},\"query-input\":{\"@type\":\"PropertyValueSpecification\",\"valueRequired\":true,\"valueName\":\"search_term_string\"}}],\"inLanguage\":\"fi\"},{\"@type\":\"Organization\",\"@id\":\"https:\\\/\\\/aktialiiga.fi\\\/naiset\\\/#organization\",\"name\":\"K\u00e4sipallon naisten Aktialiiga\",\"url\":\"https:\\\/\\\/aktialiiga.fi\\\/naiset\\\/\",\"logo\":{\"@type\":\"ImageObject\",\"inLanguage\":\"fi\",\"@id\":\"https:\\\/\\\/aktialiiga.fi\\\/naiset\\\/#\\\/schema\\\/logo\\\/image\\\/\",\"url\":\"https:\\\/\\\/aktialiiga.fi\\\/naiset\\\/wp-content\\\/uploads\\\/sites\\\/6\\\/2024\\\/09\\\/Aktialiiga-Yoast-512.png\",\"contentUrl\":\"https:\\\/\\\/aktialiiga.fi\\\/naiset\\\/wp-content\\\/uploads\\\/sites\\\/6\\\/2024\\\/09\\\/Aktialiiga-Yoast-512.png\",\"width\":512,\"height\":512,\"caption\":\"K\u00e4sipallon naisten Aktialiiga\"},\"image\":{\"@id\":\"https:\\\/\\\/aktialiiga.fi\\\/naiset\\\/#\\\/schema\\\/logo\\\/image\\\/\"},\"sameAs\":[\"https:\\\/\\\/www.facebook.com\\\/finnhandball\",\"https:\\\/\\\/x.com\\\/finnhandball\",\"https:\\\/\\\/www.instagram.com\\\/handballfinland\\\/\"]},{\"@type\":\"Person\",\"@id\":\"https:\\\/\\\/aktialiiga.fi\\\/naiset\\\/#\\\/schema\\\/person\\\/c14bf42f47041db74603c45afcb18d87\",\"name\":\"tbrmedia\",\"image\":{\"@type\":\"ImageObject\",\"inLanguage\":\"fi\",\"@id\":\"https:\\\/\\\/secure.gravatar.com\\\/avatar\\\/ee975fa091fe581d12b60debb3439022686618368a7c142044c56724d4666b16?s=96&d=mm&r=g\",\"url\":\"https:\\\/\\\/secure.gravatar.com\\\/avatar\\\/ee975fa091fe581d12b60debb3439022686618368a7c142044c56724d4666b16?s=96&d=mm&r=g\",\"contentUrl\":\"https:\\\/\\\/secure.gravatar.com\\\/avatar\\\/ee975fa091fe581d12b60debb3439022686618368a7c142044c56724d4666b16?s=96&d=mm&r=g\",\"caption\":\"tbrmedia\"}}]}<\/script>\n<!-- \/ Yoast SEO plugin. -->","yoast_head_json":{"title":"SIF otti syksyn p\u00e4\u00e4t\u00f6spisteet GrIFK:lta | K\u00e4sipallon naisten Aktialiiga","robots":{"index":"index","follow":"follow","max-snippet":"max-snippet:-1","max-image-preview":"max-image-preview:large","max-video-preview":"max-video-preview:-1"},"canonical":"https:\/\/aktialiiga.fi\/naiset\/2016-2017\/ottelut-2016-2017\/sif-otti-syksyn-paatospisteet-grifklta\/","og_locale":"fi_FI","og_type":"article","og_title":"SIF otti syksyn p\u00e4\u00e4t\u00f6spisteet GrIFK:lta | K\u00e4sipallon naisten Aktialiiga","og_description":"Naisten SM-sarjan syksy saatiin p\u00e4\u00e4t\u00f6kseen sunnuntaina, kun SIF kaatoi kotonaan GrIFK:n maalein 23-19. GrIFK kuittasi SIF:n vahvan alun numeroihin 4-4, mutta t\u00e4m\u00e4n j\u00e4lkeen em\u00e4nn\u00e4t l\u00e4htiv\u00e4t karkumatkalle. Ero kasvoi nopeasti viiteen maaliin, joskin peli tasaantui tauon alla ja taukojohto kirjattiin SIF:lle nelj\u00e4n maalin erolla. Tauon j\u00e4lkeen ero pysytteli viiden maalin tuntumassa, kunnes GrIFK jakson puoliv\u00e4lin j\u00e4lkeen [&hellip;]","og_url":"https:\/\/aktialiiga.fi\/naiset\/2016-2017\/ottelut-2016-2017\/sif-otti-syksyn-paatospisteet-grifklta\/","og_site_name":"K\u00e4sipallon naisten Aktialiiga","article_publisher":"https:\/\/www.facebook.com\/finnhandball","article_published_time":"2016-12-18T15:24:00+00:00","article_modified_time":"2018-04-20T09:44:36+00:00","og_image":[{"width":1920,"height":1280,"url":"https:\/\/aktialiiga.fi\/naiset\/wp-content\/uploads\/sites\/6\/2016\/08\/KP54924.jpg","type":"image\/jpeg"}],"author":"tbrmedia","twitter_card":"summary_large_image","twitter_creator":"@finnhandball","twitter_site":"@finnhandball","schema":{"@context":"https:\/\/schema.org","@graph":[{"@type":"Article","@id":"https:\/\/aktialiiga.fi\/naiset\/2016-2017\/ottelut-2016-2017\/sif-otti-syksyn-paatospisteet-grifklta\/#article","isPartOf":{"@id":"https:\/\/aktialiiga.fi\/naiset\/2016-2017\/ottelut-2016-2017\/sif-otti-syksyn-paatospisteet-grifklta\/"},"author":{"name":"tbrmedia","@id":"https:\/\/aktialiiga.fi\/naiset\/#\/schema\/person\/c14bf42f47041db74603c45afcb18d87"},"headline":"SIF otti syksyn p\u00e4\u00e4t\u00f6spisteet GrIFK:lta","datePublished":"2016-12-18T15:24:00+00:00","dateModified":"2018-04-20T09:44:36+00:00","mainEntityOfPage":{"@id":"https:\/\/aktialiiga.fi\/naiset\/2016-2017\/ottelut-2016-2017\/sif-otti-syksyn-paatospisteet-grifklta\/"},"wordCount":344,"publisher":{"@id":"https:\/\/aktialiiga.fi\/naiset\/#organization"},"image":{"@id":"https:\/\/aktialiiga.fi\/naiset\/2016-2017\/ottelut-2016-2017\/sif-otti-syksyn-paatospisteet-grifklta\/#primaryimage"},"thumbnailUrl":"https:\/\/aktialiiga.fi\/naiset\/wp-content\/uploads\/sites\/6\/2016\/08\/KP54924.jpg","keywords":["GrIFK","SIF"],"articleSection":["Ottelut"],"inLanguage":"fi"},{"@type":"WebPage","@id":"https:\/\/aktialiiga.fi\/naiset\/2016-2017\/ottelut-2016-2017\/sif-otti-syksyn-paatospisteet-grifklta\/","url":"https:\/\/aktialiiga.fi\/naiset\/2016-2017\/ottelut-2016-2017\/sif-otti-syksyn-paatospisteet-grifklta\/","name":"SIF otti syksyn p\u00e4\u00e4t\u00f6spisteet GrIFK:lta | K\u00e4sipallon naisten Aktialiiga","isPartOf":{"@id":"https:\/\/aktialiiga.fi\/naiset\/#website"},"primaryImageOfPage":{"@id":"https:\/\/aktialiiga.fi\/naiset\/2016-2017\/ottelut-2016-2017\/sif-otti-syksyn-paatospisteet-grifklta\/#primaryimage"},"image":{"@id":"https:\/\/aktialiiga.fi\/naiset\/2016-2017\/ottelut-2016-2017\/sif-otti-syksyn-paatospisteet-grifklta\/#primaryimage"},"thumbnailUrl":"https:\/\/aktialiiga.fi\/naiset\/wp-content\/uploads\/sites\/6\/2016\/08\/KP54924.jpg","datePublished":"2016-12-18T15:24:00+00:00","dateModified":"2018-04-20T09:44:36+00:00","breadcrumb":{"@id":"https:\/\/aktialiiga.fi\/naiset\/2016-2017\/ottelut-2016-2017\/sif-otti-syksyn-paatospisteet-grifklta\/#breadcrumb"},"inLanguage":"fi","potentialAction":[{"@type":"ReadAction","target":["https:\/\/aktialiiga.fi\/naiset\/2016-2017\/ottelut-2016-2017\/sif-otti-syksyn-paatospisteet-grifklta\/"]}]},{"@type":"ImageObject","inLanguage":"fi","@id":"https:\/\/aktialiiga.fi\/naiset\/2016-2017\/ottelut-2016-2017\/sif-otti-syksyn-paatospisteet-grifklta\/#primaryimage","url":"https:\/\/aktialiiga.fi\/naiset\/wp-content\/uploads\/sites\/6\/2016\/08\/KP54924.jpg","contentUrl":"https:\/\/aktialiiga.fi\/naiset\/wp-content\/uploads\/sites\/6\/2016\/08\/KP54924.jpg","width":1920,"height":1280},{"@type":"BreadcrumbList","@id":"https:\/\/aktialiiga.fi\/naiset\/2016-2017\/ottelut-2016-2017\/sif-otti-syksyn-paatospisteet-grifklta\/#breadcrumb","itemListElement":[{"@type":"ListItem","position":1,"name":"Etusivu","item":"https:\/\/aktialiiga.fi\/naiset\/"},{"@type":"ListItem","position":2,"name":"SIF otti syksyn p\u00e4\u00e4t\u00f6spisteet GrIFK:lta"}]},{"@type":"WebSite","@id":"https:\/\/aktialiiga.fi\/naiset\/#website","url":"https:\/\/aktialiiga.fi\/naiset\/","name":"K\u00e4sipallon naisten Aktialiiga","description":"Valtakunnan vauhdikkainta palloilua!","publisher":{"@id":"https:\/\/aktialiiga.fi\/naiset\/#organization"},"potentialAction":[{"@type":"SearchAction","target":{"@type":"EntryPoint","urlTemplate":"https:\/\/aktialiiga.fi\/naiset\/?s={search_term_string}"},"query-input":{"@type":"PropertyValueSpecification","valueRequired":true,"valueName":"search_term_string"}}],"inLanguage":"fi"},{"@type":"Organization","@id":"https:\/\/aktialiiga.fi\/naiset\/#organization","name":"K\u00e4sipallon naisten Aktialiiga","url":"https:\/\/aktialiiga.fi\/naiset\/","logo":{"@type":"ImageObject","inLanguage":"fi","@id":"https:\/\/aktialiiga.fi\/naiset\/#\/schema\/logo\/image\/","url":"https:\/\/aktialiiga.fi\/naiset\/wp-content\/uploads\/sites\/6\/2024\/09\/Aktialiiga-Yoast-512.png","contentUrl":"https:\/\/aktialiiga.fi\/naiset\/wp-content\/uploads\/sites\/6\/2024\/09\/Aktialiiga-Yoast-512.png","width":512,"height":512,"caption":"K\u00e4sipallon naisten Aktialiiga"},"image":{"@id":"https:\/\/aktialiiga.fi\/naiset\/#\/schema\/logo\/image\/"},"sameAs":["https:\/\/www.facebook.com\/finnhandball","https:\/\/x.com\/finnhandball","https:\/\/www.instagram.com\/handballfinland\/"]},{"@type":"Person","@id":"https:\/\/aktialiiga.fi\/naiset\/#\/schema\/person\/c14bf42f47041db74603c45afcb18d87","name":"tbrmedia","image":{"@type":"ImageObject","inLanguage":"fi","@id":"https:\/\/secure.gravatar.com\/avatar\/ee975fa091fe581d12b60debb3439022686618368a7c142044c56724d4666b16?s=96&d=mm&r=g","url":"https:\/\/secure.gravatar.com\/avatar\/ee975fa091fe581d12b60debb3439022686618368a7c142044c56724d4666b16?s=96&d=mm&r=g","contentUrl":"https:\/\/secure.gravatar.com\/avatar\/ee975fa091fe581d12b60debb3439022686618368a7c142044c56724d4666b16?s=96&d=mm&r=g","caption":"tbrmedia"}}]}},"jetpack_featured_media_url":"https:\/\/aktialiiga.fi\/naiset\/wp-content\/uploads\/sites\/6\/2016\/08\/KP54924.jpg","jetpack_sharing_enabled":true,"jetpack_shortlink":"https:\/\/wp.me\/pfYhm6-3zO","_links":{"self":[{"href":"https:\/\/aktialiiga.fi\/naiset\/wp-json\/wp\/v2\/posts\/13752","targetHints":{"allow":["GET"]}}],"collection":[{"href":"https:\/\/aktialiiga.fi\/naiset\/wp-json\/wp\/v2\/posts"}],"about":[{"href":"https:\/\/aktialiiga.fi\/naiset\/wp-json\/wp\/v2\/types\/post"}],"author":[{"embeddable":true,"href":"https:\/\/aktialiiga.fi\/naiset\/wp-json\/wp\/v2\/users\/13"}],"replies":[{"embeddable":true,"href":"https:\/\/aktialiiga.fi\/naiset\/wp-json\/wp\/v2\/comments?post=13752"}],"version-history":[{"count":0,"href":"https:\/\/aktialiiga.fi\/naiset\/wp-json\/wp\/v2\/posts\/13752\/revisions"}],"wp:featuredmedia":[{"embeddable":true,"href":"https:\/\/aktialiiga.fi\/naiset\/wp-json\/wp\/v2\/media\/13707"}],"wp:attachment":[{"href":"https:\/\/aktialiiga.fi\/naiset\/wp-json\/wp\/v2\/media?parent=13752"}],"wp:term":[{"taxonomy":"category","embeddable":true,"href":"https:\/\/aktialiiga.fi\/naiset\/wp-json\/wp\/v2\/categories?post=13752"},{"taxonomy":"post_tag","embeddable":true,"href":"https:\/\/aktialiiga.fi\/naiset\/wp-json\/wp\/v2\/tags?post=13752"}],"curies":[{"name":"wp","href":"https:\/\/api.w.org\/{rel}","templated":true}]}}