{"id":13916,"date":"2017-01-19T19:47:22","date_gmt":"2017-01-19T17:47:22","guid":{"rendered":"https:\/\/aktialiiga.fi\/naiset\/?p=13916"},"modified":"2018-04-20T12:44:33","modified_gmt":"2018-04-20T09:44:33","slug":"degerman-joutuu-leikkaukseen-radojevic-bk-46n-maalille","status":"publish","type":"post","link":"https:\/\/aktialiiga.fi\/naiset\/ajankohtaista\/degerman-joutuu-leikkaukseen-radojevic-bk-46n-maalille\/","title":{"rendered":"Degerman joutuu leikkaukseen \u2013 Radojevic BK-46:n maalille"},"content":{"rendered":"<p>BK-46 on saanut sek\u00e4 hyvi\u00e4 ett\u00e4 huonoja uutisia. Positiivisella saralla on maalivahti Ana Radojevicin liittyminen joukkueeseen. Ik\u00e4vien uutisten puolelta sen sijaan maalitykki Pamela Degermanin kausi on ohi viikonlopun j\u00e4lkeen.<\/p>\n<p>Radojevic oli jo syksyll\u00e4 tulossa Suomeen ja p\u00e4\u00e4si nyt vihdoin vahvistamaan karjaalaisia. H\u00e4n debytoi maalilla jo lauantaina BK-46:n kohdatessa Dickenin.<\/p>\n<p>&#8211; H\u00e4n oli keskiviikkona ensimm\u00e4ist\u00e4 kertaa harjoituksissa ja ensimm\u00e4inen peli tietenkin j\u00e4nnitti. Peliin sis\u00e4lle p\u00e4\u00e4sty\u00e4\u00e4n j\u00e4nnitys siit\u00e4 kuitenkin karisi ja Ana teki ihan hyvi\u00e4 torjuntoja varsinkin laitaheitoista. Minulle t\u00e4m\u00e4 tiet\u00e4\u00e4 v\u00e4h\u00e4n englannin kielen taitojen skarppaamista, vaikka hyvin on kommunikaatio saatu t\u00e4h\u00e4n asti pelaamaan, BK-46:n p\u00e4\u00e4valmentaja Thomas Holmberg totesi Etel\u00e4-Uusimaassa.<\/p>\n<p>Degerman joutuu sen sijaan seuraamaan loppukauden sivusta. Joukkueen parhaan maalintekij\u00e4n kausi on ohi kyyn\u00e4rp\u00e4\u00e4vamman vuoksi. Degermanilta j\u00e4i alkukausi jo v\u00e4liin rannevamman takia, mutta nyt vasenta heittok\u00e4tt\u00e4 vaivaa kyyn\u00e4rp\u00e4\u00e4. H\u00e4n on mukana viel\u00e4 sunnuntaisessa SIF-ottelussa, mutta menee sen j\u00e4lkeen leikkaukseen ja sit\u00e4 my\u00f6ten kausi on ohi.<\/p>\n<p>&#8211; Kyyn\u00e4rp\u00e4\u00e4 on s\u00e4rkenyt koko ajan ja kun h\u00e4n heitt\u00e4\u00e4 aika paljon, niin se ei s\u00e4rky\u00e4 yht\u00e4\u00e4n helpota. Olemme pohtineet mik\u00e4 olisi paras tapa edet\u00e4 ja kun h\u00e4n menee leikkaukseen nyt, niin kentille paluu onnistuu syksyll\u00e4. Jos \u201dPamme\u201d olisi yritt\u00e4nyt pelata t\u00e4m\u00e4n kauden loppuun ja mennyt vasta sitten leikkaukseen, niin syyskausi olisi luultavasi j\u00e4\u00e4nyt v\u00e4liin, Holmberg sanoi.<\/p>\n<p>Vaikka Degerman joutui j\u00e4tt\u00e4m\u00e4\u00e4n alkukaudesta otteluita v\u00e4liin, on h\u00e4n silti joukkueensa paras maalintekij\u00e4. Degerman on heitt\u00e4nyt t\u00e4ll\u00e4 kaudella 51 osumaa. Degermanin menetys on kova kolaus my\u00f6s joukkueen menestyshaaveille.<\/p>\n<p>&#8211; Tavoitteemme oli p\u00e4\u00e4st\u00e4 runkosarjassa nelj\u00e4n parhaan joukkoon ja sit\u00e4 my\u00f6ten ylemp\u00e4\u00e4n loppusarjaan emmek\u00e4 siit\u00e4 tavoitteesta luovu. Maalinteosta poistuu voimaa, mutta muille avautuu tilaisuus ottaa enemm\u00e4n vastuuta. Kyll\u00e4 me alkukaudella p\u00e4rj\u00e4simme ihan mukavasti ilman Pammea ja siit\u00e4 on jo kokemusta, Holmberg mietti.<\/p>\n","protected":false},"excerpt":{"rendered":"<p>BK-46 on saanut sek\u00e4 hyvi\u00e4 ett\u00e4 huonoja uutisia. Positiivisella saralla on maalivahti Ana Radojevicin liittyminen joukkueeseen. Ik\u00e4vien uutisten puolelta sen sijaan maalitykki Pamela Degermanin kausi on ohi viikonlopun j\u00e4lkeen. Radojevic oli jo syksyll\u00e4 tulossa Suomeen ja p\u00e4\u00e4si nyt vihdoin vahvistamaan karjaalaisia. H\u00e4n debytoi maalilla jo lauantaina BK-46:n kohdatessa Dickenin. &#8211; H\u00e4n oli keskiviikkona ensimm\u00e4ist\u00e4 kertaa [&hellip;]<\/p>\n","protected":false},"author":13,"featured_media":13721,"comment_status":"closed","ping_status":"open","sticky":false,"template":"","format":"standard","meta":{"_acf_changed":false,"jetpack_post_was_ever_published":false,"_jetpack_newsletter_access":"","_jetpack_dont_email_post_to_subs":false,"_jetpack_newsletter_tier_id":0,"_jetpack_memberships_contains_paywalled_content":false,"_jetpack_memberships_contains_paid_content":false,"footnotes":""},"categories":[2],"tags":[49],"class_list":["post-13916","post","type-post","status-publish","format-standard","has-post-thumbnail","hentry","category-ajankohtaista","tag-bk-46"],"acf":[],"yoast_head":"<!-- This site is optimized with the Yoast SEO plugin v27.5 - https:\/\/yoast.com\/product\/yoast-seo-wordpress\/ -->\n<title>Degerman joutuu leikkaukseen \u2013 Radojevic BK-46:n maalille | K\u00e4sipallon naisten Aktialiiga<\/title>\n<meta name=\"robots\" content=\"index, follow, max-snippet:-1, max-image-preview:large, max-video-preview:-1\" \/>\n<link rel=\"canonical\" href=\"https:\/\/aktialiiga.fi\/naiset\/ajankohtaista\/degerman-joutuu-leikkaukseen-radojevic-bk-46n-maalille\/\" \/>\n<meta property=\"og:locale\" content=\"fi_FI\" \/>\n<meta property=\"og:type\" content=\"article\" \/>\n<meta property=\"og:title\" content=\"Degerman joutuu leikkaukseen \u2013 Radojevic BK-46:n maalille | K\u00e4sipallon naisten Aktialiiga\" \/>\n<meta property=\"og:description\" content=\"BK-46 on saanut sek\u00e4 hyvi\u00e4 ett\u00e4 huonoja uutisia. Positiivisella saralla on maalivahti Ana Radojevicin liittyminen joukkueeseen. Ik\u00e4vien uutisten puolelta sen sijaan maalitykki Pamela Degermanin kausi on ohi viikonlopun j\u00e4lkeen. Radojevic oli jo syksyll\u00e4 tulossa Suomeen ja p\u00e4\u00e4si nyt vihdoin vahvistamaan karjaalaisia. H\u00e4n debytoi maalilla jo lauantaina BK-46:n kohdatessa Dickenin. &#8211; H\u00e4n oli keskiviikkona ensimm\u00e4ist\u00e4 kertaa [&hellip;]\" \/>\n<meta property=\"og:url\" content=\"https:\/\/aktialiiga.fi\/naiset\/ajankohtaista\/degerman-joutuu-leikkaukseen-radojevic-bk-46n-maalille\/\" \/>\n<meta property=\"og:site_name\" content=\"K\u00e4sipallon naisten Aktialiiga\" \/>\n<meta property=\"article:publisher\" content=\"https:\/\/www.facebook.com\/finnhandball\" \/>\n<meta property=\"article:published_time\" content=\"2017-01-19T17:47:22+00:00\" \/>\n<meta property=\"article:modified_time\" content=\"2018-04-20T09:44:33+00:00\" \/>\n<meta property=\"og:image\" content=\"https:\/\/aktialiiga.fi\/naiset\/wp-content\/uploads\/sites\/6\/2016\/08\/IMG_4507_Fotosto-686x1030.jpg\" \/>\n\t<meta property=\"og:image:width\" content=\"686\" \/>\n\t<meta property=\"og:image:height\" content=\"1030\" \/>\n\t<meta property=\"og:image:type\" content=\"image\/jpeg\" \/>\n<meta name=\"author\" content=\"tbrmedia\" \/>\n<meta name=\"twitter:card\" content=\"summary_large_image\" \/>\n<meta name=\"twitter:creator\" content=\"@finnhandball\" \/>\n<meta name=\"twitter:site\" content=\"@finnhandball\" \/>\n<script type=\"application\/ld+json\" class=\"yoast-schema-graph\">{\"@context\":\"https:\\\/\\\/schema.org\",\"@graph\":[{\"@type\":\"Article\",\"@id\":\"https:\\\/\\\/aktialiiga.fi\\\/naiset\\\/ajankohtaista\\\/degerman-joutuu-leikkaukseen-radojevic-bk-46n-maalille\\\/#article\",\"isPartOf\":{\"@id\":\"https:\\\/\\\/aktialiiga.fi\\\/naiset\\\/ajankohtaista\\\/degerman-joutuu-leikkaukseen-radojevic-bk-46n-maalille\\\/\"},\"author\":{\"name\":\"tbrmedia\",\"@id\":\"https:\\\/\\\/aktialiiga.fi\\\/naiset\\\/#\\\/schema\\\/person\\\/c14bf42f47041db74603c45afcb18d87\"},\"headline\":\"Degerman joutuu leikkaukseen \u2013 Radojevic BK-46:n maalille\",\"datePublished\":\"2017-01-19T17:47:22+00:00\",\"dateModified\":\"2018-04-20T09:44:33+00:00\",\"mainEntityOfPage\":{\"@id\":\"https:\\\/\\\/aktialiiga.fi\\\/naiset\\\/ajankohtaista\\\/degerman-joutuu-leikkaukseen-radojevic-bk-46n-maalille\\\/\"},\"wordCount\":333,\"publisher\":{\"@id\":\"https:\\\/\\\/aktialiiga.fi\\\/naiset\\\/#organization\"},\"image\":{\"@id\":\"https:\\\/\\\/aktialiiga.fi\\\/naiset\\\/ajankohtaista\\\/degerman-joutuu-leikkaukseen-radojevic-bk-46n-maalille\\\/#primaryimage\"},\"thumbnailUrl\":\"https:\\\/\\\/aktialiiga.fi\\\/naiset\\\/wp-content\\\/uploads\\\/sites\\\/6\\\/2016\\\/08\\\/IMG_4507_Fotosto.jpg\",\"keywords\":[\"BK-46\"],\"articleSection\":[\"Ajankohtaista\"],\"inLanguage\":\"fi\"},{\"@type\":\"WebPage\",\"@id\":\"https:\\\/\\\/aktialiiga.fi\\\/naiset\\\/ajankohtaista\\\/degerman-joutuu-leikkaukseen-radojevic-bk-46n-maalille\\\/\",\"url\":\"https:\\\/\\\/aktialiiga.fi\\\/naiset\\\/ajankohtaista\\\/degerman-joutuu-leikkaukseen-radojevic-bk-46n-maalille\\\/\",\"name\":\"Degerman joutuu leikkaukseen \u2013 Radojevic BK-46:n maalille | K\u00e4sipallon naisten Aktialiiga\",\"isPartOf\":{\"@id\":\"https:\\\/\\\/aktialiiga.fi\\\/naiset\\\/#website\"},\"primaryImageOfPage\":{\"@id\":\"https:\\\/\\\/aktialiiga.fi\\\/naiset\\\/ajankohtaista\\\/degerman-joutuu-leikkaukseen-radojevic-bk-46n-maalille\\\/#primaryimage\"},\"image\":{\"@id\":\"https:\\\/\\\/aktialiiga.fi\\\/naiset\\\/ajankohtaista\\\/degerman-joutuu-leikkaukseen-radojevic-bk-46n-maalille\\\/#primaryimage\"},\"thumbnailUrl\":\"https:\\\/\\\/aktialiiga.fi\\\/naiset\\\/wp-content\\\/uploads\\\/sites\\\/6\\\/2016\\\/08\\\/IMG_4507_Fotosto.jpg\",\"datePublished\":\"2017-01-19T17:47:22+00:00\",\"dateModified\":\"2018-04-20T09:44:33+00:00\",\"breadcrumb\":{\"@id\":\"https:\\\/\\\/aktialiiga.fi\\\/naiset\\\/ajankohtaista\\\/degerman-joutuu-leikkaukseen-radojevic-bk-46n-maalille\\\/#breadcrumb\"},\"inLanguage\":\"fi\",\"potentialAction\":[{\"@type\":\"ReadAction\",\"target\":[\"https:\\\/\\\/aktialiiga.fi\\\/naiset\\\/ajankohtaista\\\/degerman-joutuu-leikkaukseen-radojevic-bk-46n-maalille\\\/\"]}]},{\"@type\":\"ImageObject\",\"inLanguage\":\"fi\",\"@id\":\"https:\\\/\\\/aktialiiga.fi\\\/naiset\\\/ajankohtaista\\\/degerman-joutuu-leikkaukseen-radojevic-bk-46n-maalille\\\/#primaryimage\",\"url\":\"https:\\\/\\\/aktialiiga.fi\\\/naiset\\\/wp-content\\\/uploads\\\/sites\\\/6\\\/2016\\\/08\\\/IMG_4507_Fotosto.jpg\",\"contentUrl\":\"https:\\\/\\\/aktialiiga.fi\\\/naiset\\\/wp-content\\\/uploads\\\/sites\\\/6\\\/2016\\\/08\\\/IMG_4507_Fotosto.jpg\",\"width\":2006,\"height\":3010,\"caption\":\"Pamela Degerman\"},{\"@type\":\"BreadcrumbList\",\"@id\":\"https:\\\/\\\/aktialiiga.fi\\\/naiset\\\/ajankohtaista\\\/degerman-joutuu-leikkaukseen-radojevic-bk-46n-maalille\\\/#breadcrumb\",\"itemListElement\":[{\"@type\":\"ListItem\",\"position\":1,\"name\":\"Etusivu\",\"item\":\"https:\\\/\\\/aktialiiga.fi\\\/naiset\\\/\"},{\"@type\":\"ListItem\",\"position\":2,\"name\":\"Degerman joutuu leikkaukseen \u2013 Radojevic BK-46:n maalille\"}]},{\"@type\":\"WebSite\",\"@id\":\"https:\\\/\\\/aktialiiga.fi\\\/naiset\\\/#website\",\"url\":\"https:\\\/\\\/aktialiiga.fi\\\/naiset\\\/\",\"name\":\"K\u00e4sipallon naisten Aktialiiga\",\"description\":\"Valtakunnan vauhdikkainta palloilua!\",\"publisher\":{\"@id\":\"https:\\\/\\\/aktialiiga.fi\\\/naiset\\\/#organization\"},\"potentialAction\":[{\"@type\":\"SearchAction\",\"target\":{\"@type\":\"EntryPoint\",\"urlTemplate\":\"https:\\\/\\\/aktialiiga.fi\\\/naiset\\\/?s={search_term_string}\"},\"query-input\":{\"@type\":\"PropertyValueSpecification\",\"valueRequired\":true,\"valueName\":\"search_term_string\"}}],\"inLanguage\":\"fi\"},{\"@type\":\"Organization\",\"@id\":\"https:\\\/\\\/aktialiiga.fi\\\/naiset\\\/#organization\",\"name\":\"K\u00e4sipallon naisten Aktialiiga\",\"url\":\"https:\\\/\\\/aktialiiga.fi\\\/naiset\\\/\",\"logo\":{\"@type\":\"ImageObject\",\"inLanguage\":\"fi\",\"@id\":\"https:\\\/\\\/aktialiiga.fi\\\/naiset\\\/#\\\/schema\\\/logo\\\/image\\\/\",\"url\":\"https:\\\/\\\/aktialiiga.fi\\\/naiset\\\/wp-content\\\/uploads\\\/sites\\\/6\\\/2024\\\/09\\\/Aktialiiga-Yoast-512.png\",\"contentUrl\":\"https:\\\/\\\/aktialiiga.fi\\\/naiset\\\/wp-content\\\/uploads\\\/sites\\\/6\\\/2024\\\/09\\\/Aktialiiga-Yoast-512.png\",\"width\":512,\"height\":512,\"caption\":\"K\u00e4sipallon naisten Aktialiiga\"},\"image\":{\"@id\":\"https:\\\/\\\/aktialiiga.fi\\\/naiset\\\/#\\\/schema\\\/logo\\\/image\\\/\"},\"sameAs\":[\"https:\\\/\\\/www.facebook.com\\\/finnhandball\",\"https:\\\/\\\/x.com\\\/finnhandball\",\"https:\\\/\\\/www.instagram.com\\\/handballfinland\\\/\"]},{\"@type\":\"Person\",\"@id\":\"https:\\\/\\\/aktialiiga.fi\\\/naiset\\\/#\\\/schema\\\/person\\\/c14bf42f47041db74603c45afcb18d87\",\"name\":\"tbrmedia\",\"image\":{\"@type\":\"ImageObject\",\"inLanguage\":\"fi\",\"@id\":\"https:\\\/\\\/secure.gravatar.com\\\/avatar\\\/ee975fa091fe581d12b60debb3439022686618368a7c142044c56724d4666b16?s=96&d=mm&r=g\",\"url\":\"https:\\\/\\\/secure.gravatar.com\\\/avatar\\\/ee975fa091fe581d12b60debb3439022686618368a7c142044c56724d4666b16?s=96&d=mm&r=g\",\"contentUrl\":\"https:\\\/\\\/secure.gravatar.com\\\/avatar\\\/ee975fa091fe581d12b60debb3439022686618368a7c142044c56724d4666b16?s=96&d=mm&r=g\",\"caption\":\"tbrmedia\"}}]}<\/script>\n<!-- \/ Yoast SEO plugin. -->","yoast_head_json":{"title":"Degerman joutuu leikkaukseen \u2013 Radojevic BK-46:n maalille | K\u00e4sipallon naisten Aktialiiga","robots":{"index":"index","follow":"follow","max-snippet":"max-snippet:-1","max-image-preview":"max-image-preview:large","max-video-preview":"max-video-preview:-1"},"canonical":"https:\/\/aktialiiga.fi\/naiset\/ajankohtaista\/degerman-joutuu-leikkaukseen-radojevic-bk-46n-maalille\/","og_locale":"fi_FI","og_type":"article","og_title":"Degerman joutuu leikkaukseen \u2013 Radojevic BK-46:n maalille | K\u00e4sipallon naisten Aktialiiga","og_description":"BK-46 on saanut sek\u00e4 hyvi\u00e4 ett\u00e4 huonoja uutisia. Positiivisella saralla on maalivahti Ana Radojevicin liittyminen joukkueeseen. Ik\u00e4vien uutisten puolelta sen sijaan maalitykki Pamela Degermanin kausi on ohi viikonlopun j\u00e4lkeen. Radojevic oli jo syksyll\u00e4 tulossa Suomeen ja p\u00e4\u00e4si nyt vihdoin vahvistamaan karjaalaisia. H\u00e4n debytoi maalilla jo lauantaina BK-46:n kohdatessa Dickenin. &#8211; H\u00e4n oli keskiviikkona ensimm\u00e4ist\u00e4 kertaa [&hellip;]","og_url":"https:\/\/aktialiiga.fi\/naiset\/ajankohtaista\/degerman-joutuu-leikkaukseen-radojevic-bk-46n-maalille\/","og_site_name":"K\u00e4sipallon naisten Aktialiiga","article_publisher":"https:\/\/www.facebook.com\/finnhandball","article_published_time":"2017-01-19T17:47:22+00:00","article_modified_time":"2018-04-20T09:44:33+00:00","og_image":[{"width":686,"height":1030,"url":"https:\/\/aktialiiga.fi\/naiset\/wp-content\/uploads\/sites\/6\/2016\/08\/IMG_4507_Fotosto-686x1030.jpg","type":"image\/jpeg"}],"author":"tbrmedia","twitter_card":"summary_large_image","twitter_creator":"@finnhandball","twitter_site":"@finnhandball","schema":{"@context":"https:\/\/schema.org","@graph":[{"@type":"Article","@id":"https:\/\/aktialiiga.fi\/naiset\/ajankohtaista\/degerman-joutuu-leikkaukseen-radojevic-bk-46n-maalille\/#article","isPartOf":{"@id":"https:\/\/aktialiiga.fi\/naiset\/ajankohtaista\/degerman-joutuu-leikkaukseen-radojevic-bk-46n-maalille\/"},"author":{"name":"tbrmedia","@id":"https:\/\/aktialiiga.fi\/naiset\/#\/schema\/person\/c14bf42f47041db74603c45afcb18d87"},"headline":"Degerman joutuu leikkaukseen \u2013 Radojevic BK-46:n maalille","datePublished":"2017-01-19T17:47:22+00:00","dateModified":"2018-04-20T09:44:33+00:00","mainEntityOfPage":{"@id":"https:\/\/aktialiiga.fi\/naiset\/ajankohtaista\/degerman-joutuu-leikkaukseen-radojevic-bk-46n-maalille\/"},"wordCount":333,"publisher":{"@id":"https:\/\/aktialiiga.fi\/naiset\/#organization"},"image":{"@id":"https:\/\/aktialiiga.fi\/naiset\/ajankohtaista\/degerman-joutuu-leikkaukseen-radojevic-bk-46n-maalille\/#primaryimage"},"thumbnailUrl":"https:\/\/aktialiiga.fi\/naiset\/wp-content\/uploads\/sites\/6\/2016\/08\/IMG_4507_Fotosto.jpg","keywords":["BK-46"],"articleSection":["Ajankohtaista"],"inLanguage":"fi"},{"@type":"WebPage","@id":"https:\/\/aktialiiga.fi\/naiset\/ajankohtaista\/degerman-joutuu-leikkaukseen-radojevic-bk-46n-maalille\/","url":"https:\/\/aktialiiga.fi\/naiset\/ajankohtaista\/degerman-joutuu-leikkaukseen-radojevic-bk-46n-maalille\/","name":"Degerman joutuu leikkaukseen \u2013 Radojevic BK-46:n maalille | K\u00e4sipallon naisten Aktialiiga","isPartOf":{"@id":"https:\/\/aktialiiga.fi\/naiset\/#website"},"primaryImageOfPage":{"@id":"https:\/\/aktialiiga.fi\/naiset\/ajankohtaista\/degerman-joutuu-leikkaukseen-radojevic-bk-46n-maalille\/#primaryimage"},"image":{"@id":"https:\/\/aktialiiga.fi\/naiset\/ajankohtaista\/degerman-joutuu-leikkaukseen-radojevic-bk-46n-maalille\/#primaryimage"},"thumbnailUrl":"https:\/\/aktialiiga.fi\/naiset\/wp-content\/uploads\/sites\/6\/2016\/08\/IMG_4507_Fotosto.jpg","datePublished":"2017-01-19T17:47:22+00:00","dateModified":"2018-04-20T09:44:33+00:00","breadcrumb":{"@id":"https:\/\/aktialiiga.fi\/naiset\/ajankohtaista\/degerman-joutuu-leikkaukseen-radojevic-bk-46n-maalille\/#breadcrumb"},"inLanguage":"fi","potentialAction":[{"@type":"ReadAction","target":["https:\/\/aktialiiga.fi\/naiset\/ajankohtaista\/degerman-joutuu-leikkaukseen-radojevic-bk-46n-maalille\/"]}]},{"@type":"ImageObject","inLanguage":"fi","@id":"https:\/\/aktialiiga.fi\/naiset\/ajankohtaista\/degerman-joutuu-leikkaukseen-radojevic-bk-46n-maalille\/#primaryimage","url":"https:\/\/aktialiiga.fi\/naiset\/wp-content\/uploads\/sites\/6\/2016\/08\/IMG_4507_Fotosto.jpg","contentUrl":"https:\/\/aktialiiga.fi\/naiset\/wp-content\/uploads\/sites\/6\/2016\/08\/IMG_4507_Fotosto.jpg","width":2006,"height":3010,"caption":"Pamela Degerman"},{"@type":"BreadcrumbList","@id":"https:\/\/aktialiiga.fi\/naiset\/ajankohtaista\/degerman-joutuu-leikkaukseen-radojevic-bk-46n-maalille\/#breadcrumb","itemListElement":[{"@type":"ListItem","position":1,"name":"Etusivu","item":"https:\/\/aktialiiga.fi\/naiset\/"},{"@type":"ListItem","position":2,"name":"Degerman joutuu leikkaukseen \u2013 Radojevic BK-46:n maalille"}]},{"@type":"WebSite","@id":"https:\/\/aktialiiga.fi\/naiset\/#website","url":"https:\/\/aktialiiga.fi\/naiset\/","name":"K\u00e4sipallon naisten Aktialiiga","description":"Valtakunnan vauhdikkainta palloilua!","publisher":{"@id":"https:\/\/aktialiiga.fi\/naiset\/#organization"},"potentialAction":[{"@type":"SearchAction","target":{"@type":"EntryPoint","urlTemplate":"https:\/\/aktialiiga.fi\/naiset\/?s={search_term_string}"},"query-input":{"@type":"PropertyValueSpecification","valueRequired":true,"valueName":"search_term_string"}}],"inLanguage":"fi"},{"@type":"Organization","@id":"https:\/\/aktialiiga.fi\/naiset\/#organization","name":"K\u00e4sipallon naisten Aktialiiga","url":"https:\/\/aktialiiga.fi\/naiset\/","logo":{"@type":"ImageObject","inLanguage":"fi","@id":"https:\/\/aktialiiga.fi\/naiset\/#\/schema\/logo\/image\/","url":"https:\/\/aktialiiga.fi\/naiset\/wp-content\/uploads\/sites\/6\/2024\/09\/Aktialiiga-Yoast-512.png","contentUrl":"https:\/\/aktialiiga.fi\/naiset\/wp-content\/uploads\/sites\/6\/2024\/09\/Aktialiiga-Yoast-512.png","width":512,"height":512,"caption":"K\u00e4sipallon naisten Aktialiiga"},"image":{"@id":"https:\/\/aktialiiga.fi\/naiset\/#\/schema\/logo\/image\/"},"sameAs":["https:\/\/www.facebook.com\/finnhandball","https:\/\/x.com\/finnhandball","https:\/\/www.instagram.com\/handballfinland\/"]},{"@type":"Person","@id":"https:\/\/aktialiiga.fi\/naiset\/#\/schema\/person\/c14bf42f47041db74603c45afcb18d87","name":"tbrmedia","image":{"@type":"ImageObject","inLanguage":"fi","@id":"https:\/\/secure.gravatar.com\/avatar\/ee975fa091fe581d12b60debb3439022686618368a7c142044c56724d4666b16?s=96&d=mm&r=g","url":"https:\/\/secure.gravatar.com\/avatar\/ee975fa091fe581d12b60debb3439022686618368a7c142044c56724d4666b16?s=96&d=mm&r=g","contentUrl":"https:\/\/secure.gravatar.com\/avatar\/ee975fa091fe581d12b60debb3439022686618368a7c142044c56724d4666b16?s=96&d=mm&r=g","caption":"tbrmedia"}}]}},"jetpack_featured_media_url":"https:\/\/aktialiiga.fi\/naiset\/wp-content\/uploads\/sites\/6\/2016\/08\/IMG_4507_Fotosto.jpg","jetpack_sharing_enabled":true,"jetpack_shortlink":"https:\/\/wp.me\/pfYhm6-3Cs","_links":{"self":[{"href":"https:\/\/aktialiiga.fi\/naiset\/wp-json\/wp\/v2\/posts\/13916","targetHints":{"allow":["GET"]}}],"collection":[{"href":"https:\/\/aktialiiga.fi\/naiset\/wp-json\/wp\/v2\/posts"}],"about":[{"href":"https:\/\/aktialiiga.fi\/naiset\/wp-json\/wp\/v2\/types\/post"}],"author":[{"embeddable":true,"href":"https:\/\/aktialiiga.fi\/naiset\/wp-json\/wp\/v2\/users\/13"}],"replies":[{"embeddable":true,"href":"https:\/\/aktialiiga.fi\/naiset\/wp-json\/wp\/v2\/comments?post=13916"}],"version-history":[{"count":0,"href":"https:\/\/aktialiiga.fi\/naiset\/wp-json\/wp\/v2\/posts\/13916\/revisions"}],"wp:featuredmedia":[{"embeddable":true,"href":"https:\/\/aktialiiga.fi\/naiset\/wp-json\/wp\/v2\/media\/13721"}],"wp:attachment":[{"href":"https:\/\/aktialiiga.fi\/naiset\/wp-json\/wp\/v2\/media?parent=13916"}],"wp:term":[{"taxonomy":"category","embeddable":true,"href":"https:\/\/aktialiiga.fi\/naiset\/wp-json\/wp\/v2\/categories?post=13916"},{"taxonomy":"post_tag","embeddable":true,"href":"https:\/\/aktialiiga.fi\/naiset\/wp-json\/wp\/v2\/tags?post=13916"}],"curies":[{"name":"wp","href":"https:\/\/api.w.org\/{rel}","templated":true}]}}