{"id":14036,"date":"2017-02-10T21:20:11","date_gmt":"2017-02-10T19:20:11","guid":{"rendered":"https:\/\/aktialiiga.fi\/naiset\/?p=14036"},"modified":"2018-04-20T12:44:27","modified_gmt":"2018-04-20T09:44:27","slug":"atlas-ja-aifk-avaavat-alemmassa-jatkosarjassa","status":"publish","type":"post","link":"https:\/\/aktialiiga.fi\/naiset\/2016-2017\/ennakot-2016-2017\/atlas-ja-aifk-avaavat-alemmassa-jatkosarjassa\/","title":{"rendered":"Atlas ja \u00c5IFK avaavat alemmassa jatkosarjassa"},"content":{"rendered":"<p>\u00c5IFK l\u00e4htee alempaan jatkosarjaan ykk\u00f6spaikalta ja se aloittaa ottelunsa kohtaamalla jumbona l\u00e4htev\u00e4n Atlaksen vieraissa.<\/p>\n<p>Atlaksen kannalta runkosarja oli murheellinen, sill\u00e4 vantaalaiset eiv\u00e4t saaneet runkosarjan aikana pistett\u00e4k\u00e4\u00e4n. Nyt on kuitenkin uusi sarja ja uusi mahdollisuus. Atlaksen peli on parantunut kauden edetess\u00e4 ja avauspisteet ja -voitto roikkuu ilmassa.<\/p>\n<p>\u00c5IFK l\u00e4htee alempaan jatkosarjaan ennakkosuosikkina, sill\u00e4 se h\u00e4visi vastustajilleen vain yhden ottelun runkosarjan aikana ja se tuli marraskuussa Karjaalla.<\/p>\n<p>Joukkueet kohtasivat toisensa runkosarjan p\u00e4\u00e4t\u00f6skierroksella Turussa ja tuolloin \u00c5IFK oli vahvempi 30-17. Vantaalla pelattu ottelu p\u00e4\u00e4ttyi sen sijaan \u00c5IFK:n 27-17-voittolukemiin.<\/p>\n<p>Ottelu Myyrm\u00e4ess\u00e4 alkaa kello 15.00.<\/p>\n","protected":false},"excerpt":{"rendered":"<p>\u00c5IFK l\u00e4htee alempaan jatkosarjaan ykk\u00f6spaikalta ja se aloittaa ottelunsa kohtaamalla jumbona l\u00e4htev\u00e4n Atlaksen vieraissa. Atlaksen kannalta runkosarja oli murheellinen, sill\u00e4 vantaalaiset eiv\u00e4t saaneet runkosarjan aikana pistett\u00e4k\u00e4\u00e4n. Nyt on kuitenkin uusi sarja ja uusi mahdollisuus. Atlaksen peli on parantunut kauden edetess\u00e4 ja avauspisteet ja -voitto roikkuu ilmassa. \u00c5IFK l\u00e4htee alempaan jatkosarjaan ennakkosuosikkina, sill\u00e4 se h\u00e4visi vastustajilleen [&hellip;]<\/p>\n","protected":false},"author":13,"featured_media":13169,"comment_status":"closed","ping_status":"open","sticky":false,"template":"","format":"standard","meta":{"_acf_changed":false,"jetpack_post_was_ever_published":false,"_jetpack_newsletter_access":"","_jetpack_dont_email_post_to_subs":false,"_jetpack_newsletter_tier_id":0,"_jetpack_memberships_contains_paywalled_content":false,"_jetpack_memberships_contains_paid_content":false,"footnotes":""},"categories":[38],"tags":[48,45],"class_list":["post-14036","post","type-post","status-publish","format-standard","has-post-thumbnail","hentry","category-ennakot-2016-2017","tag-atlas","tag-aifk"],"acf":[],"yoast_head":"<!-- This site is optimized with the Yoast SEO plugin v27.5 - https:\/\/yoast.com\/product\/yoast-seo-wordpress\/ -->\n<title>Atlas ja \u00c5IFK avaavat alemmassa jatkosarjassa | K\u00e4sipallon naisten Aktialiiga<\/title>\n<meta name=\"robots\" content=\"index, follow, max-snippet:-1, max-image-preview:large, max-video-preview:-1\" \/>\n<link rel=\"canonical\" href=\"https:\/\/aktialiiga.fi\/naiset\/2016-2017\/ennakot-2016-2017\/atlas-ja-aifk-avaavat-alemmassa-jatkosarjassa\/\" \/>\n<meta property=\"og:locale\" content=\"fi_FI\" \/>\n<meta property=\"og:type\" content=\"article\" \/>\n<meta property=\"og:title\" content=\"Atlas ja \u00c5IFK avaavat alemmassa jatkosarjassa | K\u00e4sipallon naisten Aktialiiga\" \/>\n<meta property=\"og:description\" content=\"\u00c5IFK l\u00e4htee alempaan jatkosarjaan ykk\u00f6spaikalta ja se aloittaa ottelunsa kohtaamalla jumbona l\u00e4htev\u00e4n Atlaksen vieraissa. Atlaksen kannalta runkosarja oli murheellinen, sill\u00e4 vantaalaiset eiv\u00e4t saaneet runkosarjan aikana pistett\u00e4k\u00e4\u00e4n. Nyt on kuitenkin uusi sarja ja uusi mahdollisuus. Atlaksen peli on parantunut kauden edetess\u00e4 ja avauspisteet ja -voitto roikkuu ilmassa. \u00c5IFK l\u00e4htee alempaan jatkosarjaan ennakkosuosikkina, sill\u00e4 se h\u00e4visi vastustajilleen [&hellip;]\" \/>\n<meta property=\"og:url\" content=\"https:\/\/aktialiiga.fi\/naiset\/2016-2017\/ennakot-2016-2017\/atlas-ja-aifk-avaavat-alemmassa-jatkosarjassa\/\" \/>\n<meta property=\"og:site_name\" content=\"K\u00e4sipallon naisten Aktialiiga\" \/>\n<meta property=\"article:publisher\" content=\"https:\/\/www.facebook.com\/finnhandball\" \/>\n<meta property=\"article:published_time\" content=\"2017-02-10T19:20:11+00:00\" \/>\n<meta property=\"article:modified_time\" content=\"2018-04-20T09:44:27+00:00\" \/>\n<meta property=\"og:image\" content=\"https:\/\/aktialiiga.fi\/naiset\/wp-content\/uploads\/sites\/6\/2016\/09\/atlas-2016-17.jpg\" \/>\n\t<meta property=\"og:image:width\" content=\"1920\" \/>\n\t<meta property=\"og:image:height\" content=\"1280\" \/>\n\t<meta property=\"og:image:type\" content=\"image\/jpeg\" \/>\n<meta name=\"author\" content=\"tbrmedia\" \/>\n<meta name=\"twitter:card\" content=\"summary_large_image\" \/>\n<meta name=\"twitter:creator\" content=\"@finnhandball\" \/>\n<meta name=\"twitter:site\" content=\"@finnhandball\" \/>\n<script type=\"application\/ld+json\" class=\"yoast-schema-graph\">{\"@context\":\"https:\\\/\\\/schema.org\",\"@graph\":[{\"@type\":\"Article\",\"@id\":\"https:\\\/\\\/aktialiiga.fi\\\/naiset\\\/2016-2017\\\/ennakot-2016-2017\\\/atlas-ja-aifk-avaavat-alemmassa-jatkosarjassa\\\/#article\",\"isPartOf\":{\"@id\":\"https:\\\/\\\/aktialiiga.fi\\\/naiset\\\/2016-2017\\\/ennakot-2016-2017\\\/atlas-ja-aifk-avaavat-alemmassa-jatkosarjassa\\\/\"},\"author\":{\"name\":\"tbrmedia\",\"@id\":\"https:\\\/\\\/aktialiiga.fi\\\/naiset\\\/#\\\/schema\\\/person\\\/c14bf42f47041db74603c45afcb18d87\"},\"headline\":\"Atlas ja \u00c5IFK avaavat alemmassa jatkosarjassa\",\"datePublished\":\"2017-02-10T19:20:11+00:00\",\"dateModified\":\"2018-04-20T09:44:27+00:00\",\"mainEntityOfPage\":{\"@id\":\"https:\\\/\\\/aktialiiga.fi\\\/naiset\\\/2016-2017\\\/ennakot-2016-2017\\\/atlas-ja-aifk-avaavat-alemmassa-jatkosarjassa\\\/\"},\"wordCount\":110,\"publisher\":{\"@id\":\"https:\\\/\\\/aktialiiga.fi\\\/naiset\\\/#organization\"},\"image\":{\"@id\":\"https:\\\/\\\/aktialiiga.fi\\\/naiset\\\/2016-2017\\\/ennakot-2016-2017\\\/atlas-ja-aifk-avaavat-alemmassa-jatkosarjassa\\\/#primaryimage\"},\"thumbnailUrl\":\"https:\\\/\\\/aktialiiga.fi\\\/naiset\\\/wp-content\\\/uploads\\\/sites\\\/6\\\/2016\\\/09\\\/atlas-2016-17.jpg\",\"keywords\":[\"Atlas\",\"\u00c5IFK\"],\"articleSection\":[\"Ennakot\"],\"inLanguage\":\"fi\"},{\"@type\":\"WebPage\",\"@id\":\"https:\\\/\\\/aktialiiga.fi\\\/naiset\\\/2016-2017\\\/ennakot-2016-2017\\\/atlas-ja-aifk-avaavat-alemmassa-jatkosarjassa\\\/\",\"url\":\"https:\\\/\\\/aktialiiga.fi\\\/naiset\\\/2016-2017\\\/ennakot-2016-2017\\\/atlas-ja-aifk-avaavat-alemmassa-jatkosarjassa\\\/\",\"name\":\"Atlas ja \u00c5IFK avaavat alemmassa jatkosarjassa | K\u00e4sipallon naisten Aktialiiga\",\"isPartOf\":{\"@id\":\"https:\\\/\\\/aktialiiga.fi\\\/naiset\\\/#website\"},\"primaryImageOfPage\":{\"@id\":\"https:\\\/\\\/aktialiiga.fi\\\/naiset\\\/2016-2017\\\/ennakot-2016-2017\\\/atlas-ja-aifk-avaavat-alemmassa-jatkosarjassa\\\/#primaryimage\"},\"image\":{\"@id\":\"https:\\\/\\\/aktialiiga.fi\\\/naiset\\\/2016-2017\\\/ennakot-2016-2017\\\/atlas-ja-aifk-avaavat-alemmassa-jatkosarjassa\\\/#primaryimage\"},\"thumbnailUrl\":\"https:\\\/\\\/aktialiiga.fi\\\/naiset\\\/wp-content\\\/uploads\\\/sites\\\/6\\\/2016\\\/09\\\/atlas-2016-17.jpg\",\"datePublished\":\"2017-02-10T19:20:11+00:00\",\"dateModified\":\"2018-04-20T09:44:27+00:00\",\"breadcrumb\":{\"@id\":\"https:\\\/\\\/aktialiiga.fi\\\/naiset\\\/2016-2017\\\/ennakot-2016-2017\\\/atlas-ja-aifk-avaavat-alemmassa-jatkosarjassa\\\/#breadcrumb\"},\"inLanguage\":\"fi\",\"potentialAction\":[{\"@type\":\"ReadAction\",\"target\":[\"https:\\\/\\\/aktialiiga.fi\\\/naiset\\\/2016-2017\\\/ennakot-2016-2017\\\/atlas-ja-aifk-avaavat-alemmassa-jatkosarjassa\\\/\"]}]},{\"@type\":\"ImageObject\",\"inLanguage\":\"fi\",\"@id\":\"https:\\\/\\\/aktialiiga.fi\\\/naiset\\\/2016-2017\\\/ennakot-2016-2017\\\/atlas-ja-aifk-avaavat-alemmassa-jatkosarjassa\\\/#primaryimage\",\"url\":\"https:\\\/\\\/aktialiiga.fi\\\/naiset\\\/wp-content\\\/uploads\\\/sites\\\/6\\\/2016\\\/09\\\/atlas-2016-17.jpg\",\"contentUrl\":\"https:\\\/\\\/aktialiiga.fi\\\/naiset\\\/wp-content\\\/uploads\\\/sites\\\/6\\\/2016\\\/09\\\/atlas-2016-17.jpg\",\"width\":1920,\"height\":1280},{\"@type\":\"BreadcrumbList\",\"@id\":\"https:\\\/\\\/aktialiiga.fi\\\/naiset\\\/2016-2017\\\/ennakot-2016-2017\\\/atlas-ja-aifk-avaavat-alemmassa-jatkosarjassa\\\/#breadcrumb\",\"itemListElement\":[{\"@type\":\"ListItem\",\"position\":1,\"name\":\"Etusivu\",\"item\":\"https:\\\/\\\/aktialiiga.fi\\\/naiset\\\/\"},{\"@type\":\"ListItem\",\"position\":2,\"name\":\"Atlas ja \u00c5IFK avaavat alemmassa jatkosarjassa\"}]},{\"@type\":\"WebSite\",\"@id\":\"https:\\\/\\\/aktialiiga.fi\\\/naiset\\\/#website\",\"url\":\"https:\\\/\\\/aktialiiga.fi\\\/naiset\\\/\",\"name\":\"K\u00e4sipallon naisten Aktialiiga\",\"description\":\"Valtakunnan vauhdikkainta palloilua!\",\"publisher\":{\"@id\":\"https:\\\/\\\/aktialiiga.fi\\\/naiset\\\/#organization\"},\"potentialAction\":[{\"@type\":\"SearchAction\",\"target\":{\"@type\":\"EntryPoint\",\"urlTemplate\":\"https:\\\/\\\/aktialiiga.fi\\\/naiset\\\/?s={search_term_string}\"},\"query-input\":{\"@type\":\"PropertyValueSpecification\",\"valueRequired\":true,\"valueName\":\"search_term_string\"}}],\"inLanguage\":\"fi\"},{\"@type\":\"Organization\",\"@id\":\"https:\\\/\\\/aktialiiga.fi\\\/naiset\\\/#organization\",\"name\":\"K\u00e4sipallon naisten Aktialiiga\",\"url\":\"https:\\\/\\\/aktialiiga.fi\\\/naiset\\\/\",\"logo\":{\"@type\":\"ImageObject\",\"inLanguage\":\"fi\",\"@id\":\"https:\\\/\\\/aktialiiga.fi\\\/naiset\\\/#\\\/schema\\\/logo\\\/image\\\/\",\"url\":\"https:\\\/\\\/aktialiiga.fi\\\/naiset\\\/wp-content\\\/uploads\\\/sites\\\/6\\\/2024\\\/09\\\/Aktialiiga-Yoast-512.png\",\"contentUrl\":\"https:\\\/\\\/aktialiiga.fi\\\/naiset\\\/wp-content\\\/uploads\\\/sites\\\/6\\\/2024\\\/09\\\/Aktialiiga-Yoast-512.png\",\"width\":512,\"height\":512,\"caption\":\"K\u00e4sipallon naisten Aktialiiga\"},\"image\":{\"@id\":\"https:\\\/\\\/aktialiiga.fi\\\/naiset\\\/#\\\/schema\\\/logo\\\/image\\\/\"},\"sameAs\":[\"https:\\\/\\\/www.facebook.com\\\/finnhandball\",\"https:\\\/\\\/x.com\\\/finnhandball\",\"https:\\\/\\\/www.instagram.com\\\/handballfinland\\\/\"]},{\"@type\":\"Person\",\"@id\":\"https:\\\/\\\/aktialiiga.fi\\\/naiset\\\/#\\\/schema\\\/person\\\/c14bf42f47041db74603c45afcb18d87\",\"name\":\"tbrmedia\",\"image\":{\"@type\":\"ImageObject\",\"inLanguage\":\"fi\",\"@id\":\"https:\\\/\\\/secure.gravatar.com\\\/avatar\\\/ee975fa091fe581d12b60debb3439022686618368a7c142044c56724d4666b16?s=96&d=mm&r=g\",\"url\":\"https:\\\/\\\/secure.gravatar.com\\\/avatar\\\/ee975fa091fe581d12b60debb3439022686618368a7c142044c56724d4666b16?s=96&d=mm&r=g\",\"contentUrl\":\"https:\\\/\\\/secure.gravatar.com\\\/avatar\\\/ee975fa091fe581d12b60debb3439022686618368a7c142044c56724d4666b16?s=96&d=mm&r=g\",\"caption\":\"tbrmedia\"}}]}<\/script>\n<!-- \/ Yoast SEO plugin. -->","yoast_head_json":{"title":"Atlas ja \u00c5IFK avaavat alemmassa jatkosarjassa | K\u00e4sipallon naisten Aktialiiga","robots":{"index":"index","follow":"follow","max-snippet":"max-snippet:-1","max-image-preview":"max-image-preview:large","max-video-preview":"max-video-preview:-1"},"canonical":"https:\/\/aktialiiga.fi\/naiset\/2016-2017\/ennakot-2016-2017\/atlas-ja-aifk-avaavat-alemmassa-jatkosarjassa\/","og_locale":"fi_FI","og_type":"article","og_title":"Atlas ja \u00c5IFK avaavat alemmassa jatkosarjassa | K\u00e4sipallon naisten Aktialiiga","og_description":"\u00c5IFK l\u00e4htee alempaan jatkosarjaan ykk\u00f6spaikalta ja se aloittaa ottelunsa kohtaamalla jumbona l\u00e4htev\u00e4n Atlaksen vieraissa. Atlaksen kannalta runkosarja oli murheellinen, sill\u00e4 vantaalaiset eiv\u00e4t saaneet runkosarjan aikana pistett\u00e4k\u00e4\u00e4n. Nyt on kuitenkin uusi sarja ja uusi mahdollisuus. Atlaksen peli on parantunut kauden edetess\u00e4 ja avauspisteet ja -voitto roikkuu ilmassa. \u00c5IFK l\u00e4htee alempaan jatkosarjaan ennakkosuosikkina, sill\u00e4 se h\u00e4visi vastustajilleen [&hellip;]","og_url":"https:\/\/aktialiiga.fi\/naiset\/2016-2017\/ennakot-2016-2017\/atlas-ja-aifk-avaavat-alemmassa-jatkosarjassa\/","og_site_name":"K\u00e4sipallon naisten Aktialiiga","article_publisher":"https:\/\/www.facebook.com\/finnhandball","article_published_time":"2017-02-10T19:20:11+00:00","article_modified_time":"2018-04-20T09:44:27+00:00","og_image":[{"width":1920,"height":1280,"url":"https:\/\/aktialiiga.fi\/naiset\/wp-content\/uploads\/sites\/6\/2016\/09\/atlas-2016-17.jpg","type":"image\/jpeg"}],"author":"tbrmedia","twitter_card":"summary_large_image","twitter_creator":"@finnhandball","twitter_site":"@finnhandball","schema":{"@context":"https:\/\/schema.org","@graph":[{"@type":"Article","@id":"https:\/\/aktialiiga.fi\/naiset\/2016-2017\/ennakot-2016-2017\/atlas-ja-aifk-avaavat-alemmassa-jatkosarjassa\/#article","isPartOf":{"@id":"https:\/\/aktialiiga.fi\/naiset\/2016-2017\/ennakot-2016-2017\/atlas-ja-aifk-avaavat-alemmassa-jatkosarjassa\/"},"author":{"name":"tbrmedia","@id":"https:\/\/aktialiiga.fi\/naiset\/#\/schema\/person\/c14bf42f47041db74603c45afcb18d87"},"headline":"Atlas ja \u00c5IFK avaavat alemmassa jatkosarjassa","datePublished":"2017-02-10T19:20:11+00:00","dateModified":"2018-04-20T09:44:27+00:00","mainEntityOfPage":{"@id":"https:\/\/aktialiiga.fi\/naiset\/2016-2017\/ennakot-2016-2017\/atlas-ja-aifk-avaavat-alemmassa-jatkosarjassa\/"},"wordCount":110,"publisher":{"@id":"https:\/\/aktialiiga.fi\/naiset\/#organization"},"image":{"@id":"https:\/\/aktialiiga.fi\/naiset\/2016-2017\/ennakot-2016-2017\/atlas-ja-aifk-avaavat-alemmassa-jatkosarjassa\/#primaryimage"},"thumbnailUrl":"https:\/\/aktialiiga.fi\/naiset\/wp-content\/uploads\/sites\/6\/2016\/09\/atlas-2016-17.jpg","keywords":["Atlas","\u00c5IFK"],"articleSection":["Ennakot"],"inLanguage":"fi"},{"@type":"WebPage","@id":"https:\/\/aktialiiga.fi\/naiset\/2016-2017\/ennakot-2016-2017\/atlas-ja-aifk-avaavat-alemmassa-jatkosarjassa\/","url":"https:\/\/aktialiiga.fi\/naiset\/2016-2017\/ennakot-2016-2017\/atlas-ja-aifk-avaavat-alemmassa-jatkosarjassa\/","name":"Atlas ja \u00c5IFK avaavat alemmassa jatkosarjassa | K\u00e4sipallon naisten Aktialiiga","isPartOf":{"@id":"https:\/\/aktialiiga.fi\/naiset\/#website"},"primaryImageOfPage":{"@id":"https:\/\/aktialiiga.fi\/naiset\/2016-2017\/ennakot-2016-2017\/atlas-ja-aifk-avaavat-alemmassa-jatkosarjassa\/#primaryimage"},"image":{"@id":"https:\/\/aktialiiga.fi\/naiset\/2016-2017\/ennakot-2016-2017\/atlas-ja-aifk-avaavat-alemmassa-jatkosarjassa\/#primaryimage"},"thumbnailUrl":"https:\/\/aktialiiga.fi\/naiset\/wp-content\/uploads\/sites\/6\/2016\/09\/atlas-2016-17.jpg","datePublished":"2017-02-10T19:20:11+00:00","dateModified":"2018-04-20T09:44:27+00:00","breadcrumb":{"@id":"https:\/\/aktialiiga.fi\/naiset\/2016-2017\/ennakot-2016-2017\/atlas-ja-aifk-avaavat-alemmassa-jatkosarjassa\/#breadcrumb"},"inLanguage":"fi","potentialAction":[{"@type":"ReadAction","target":["https:\/\/aktialiiga.fi\/naiset\/2016-2017\/ennakot-2016-2017\/atlas-ja-aifk-avaavat-alemmassa-jatkosarjassa\/"]}]},{"@type":"ImageObject","inLanguage":"fi","@id":"https:\/\/aktialiiga.fi\/naiset\/2016-2017\/ennakot-2016-2017\/atlas-ja-aifk-avaavat-alemmassa-jatkosarjassa\/#primaryimage","url":"https:\/\/aktialiiga.fi\/naiset\/wp-content\/uploads\/sites\/6\/2016\/09\/atlas-2016-17.jpg","contentUrl":"https:\/\/aktialiiga.fi\/naiset\/wp-content\/uploads\/sites\/6\/2016\/09\/atlas-2016-17.jpg","width":1920,"height":1280},{"@type":"BreadcrumbList","@id":"https:\/\/aktialiiga.fi\/naiset\/2016-2017\/ennakot-2016-2017\/atlas-ja-aifk-avaavat-alemmassa-jatkosarjassa\/#breadcrumb","itemListElement":[{"@type":"ListItem","position":1,"name":"Etusivu","item":"https:\/\/aktialiiga.fi\/naiset\/"},{"@type":"ListItem","position":2,"name":"Atlas ja \u00c5IFK avaavat alemmassa jatkosarjassa"}]},{"@type":"WebSite","@id":"https:\/\/aktialiiga.fi\/naiset\/#website","url":"https:\/\/aktialiiga.fi\/naiset\/","name":"K\u00e4sipallon naisten Aktialiiga","description":"Valtakunnan vauhdikkainta palloilua!","publisher":{"@id":"https:\/\/aktialiiga.fi\/naiset\/#organization"},"potentialAction":[{"@type":"SearchAction","target":{"@type":"EntryPoint","urlTemplate":"https:\/\/aktialiiga.fi\/naiset\/?s={search_term_string}"},"query-input":{"@type":"PropertyValueSpecification","valueRequired":true,"valueName":"search_term_string"}}],"inLanguage":"fi"},{"@type":"Organization","@id":"https:\/\/aktialiiga.fi\/naiset\/#organization","name":"K\u00e4sipallon naisten Aktialiiga","url":"https:\/\/aktialiiga.fi\/naiset\/","logo":{"@type":"ImageObject","inLanguage":"fi","@id":"https:\/\/aktialiiga.fi\/naiset\/#\/schema\/logo\/image\/","url":"https:\/\/aktialiiga.fi\/naiset\/wp-content\/uploads\/sites\/6\/2024\/09\/Aktialiiga-Yoast-512.png","contentUrl":"https:\/\/aktialiiga.fi\/naiset\/wp-content\/uploads\/sites\/6\/2024\/09\/Aktialiiga-Yoast-512.png","width":512,"height":512,"caption":"K\u00e4sipallon naisten Aktialiiga"},"image":{"@id":"https:\/\/aktialiiga.fi\/naiset\/#\/schema\/logo\/image\/"},"sameAs":["https:\/\/www.facebook.com\/finnhandball","https:\/\/x.com\/finnhandball","https:\/\/www.instagram.com\/handballfinland\/"]},{"@type":"Person","@id":"https:\/\/aktialiiga.fi\/naiset\/#\/schema\/person\/c14bf42f47041db74603c45afcb18d87","name":"tbrmedia","image":{"@type":"ImageObject","inLanguage":"fi","@id":"https:\/\/secure.gravatar.com\/avatar\/ee975fa091fe581d12b60debb3439022686618368a7c142044c56724d4666b16?s=96&d=mm&r=g","url":"https:\/\/secure.gravatar.com\/avatar\/ee975fa091fe581d12b60debb3439022686618368a7c142044c56724d4666b16?s=96&d=mm&r=g","contentUrl":"https:\/\/secure.gravatar.com\/avatar\/ee975fa091fe581d12b60debb3439022686618368a7c142044c56724d4666b16?s=96&d=mm&r=g","caption":"tbrmedia"}}]}},"jetpack_featured_media_url":"https:\/\/aktialiiga.fi\/naiset\/wp-content\/uploads\/sites\/6\/2016\/09\/atlas-2016-17.jpg","jetpack_sharing_enabled":true,"jetpack_shortlink":"https:\/\/wp.me\/pfYhm6-3Eo","_links":{"self":[{"href":"https:\/\/aktialiiga.fi\/naiset\/wp-json\/wp\/v2\/posts\/14036","targetHints":{"allow":["GET"]}}],"collection":[{"href":"https:\/\/aktialiiga.fi\/naiset\/wp-json\/wp\/v2\/posts"}],"about":[{"href":"https:\/\/aktialiiga.fi\/naiset\/wp-json\/wp\/v2\/types\/post"}],"author":[{"embeddable":true,"href":"https:\/\/aktialiiga.fi\/naiset\/wp-json\/wp\/v2\/users\/13"}],"replies":[{"embeddable":true,"href":"https:\/\/aktialiiga.fi\/naiset\/wp-json\/wp\/v2\/comments?post=14036"}],"version-history":[{"count":0,"href":"https:\/\/aktialiiga.fi\/naiset\/wp-json\/wp\/v2\/posts\/14036\/revisions"}],"wp:featuredmedia":[{"embeddable":true,"href":"https:\/\/aktialiiga.fi\/naiset\/wp-json\/wp\/v2\/media\/13169"}],"wp:attachment":[{"href":"https:\/\/aktialiiga.fi\/naiset\/wp-json\/wp\/v2\/media?parent=14036"}],"wp:term":[{"taxonomy":"category","embeddable":true,"href":"https:\/\/aktialiiga.fi\/naiset\/wp-json\/wp\/v2\/categories?post=14036"},{"taxonomy":"post_tag","embeddable":true,"href":"https:\/\/aktialiiga.fi\/naiset\/wp-json\/wp\/v2\/tags?post=14036"}],"curies":[{"name":"wp","href":"https:\/\/api.w.org\/{rel}","templated":true}]}}