{"id":14255,"date":"2017-03-23T20:23:11","date_gmt":"2017-03-23T18:23:11","guid":{"rendered":"https:\/\/aktialiiga.fi\/naiset\/?p=14255"},"modified":"2018-04-20T12:44:17","modified_gmt":"2018-04-20T09:44:17","slug":"sif-otti-kiinnityksen-valierapaikkaan","status":"publish","type":"post","link":"https:\/\/aktialiiga.fi\/naiset\/2016-2017\/ottelut-2016-2017\/sif-otti-kiinnityksen-valierapaikkaan\/","title":{"rendered":"SIF otti kiinnityksen v\u00e4lier\u00e4paikkaan"},"content":{"rendered":"<p>SIF ei antanut GrIFK:lle mahdollisuuksia joukkueiden ensimm\u00e4isess\u00e4 puoliv\u00e4lier\u00e4ottelussa. SIF otti kotonaan 25-17 (10-8)-voiton.<\/p>\n<p>GrIFK sai otteluun vahvemman alun ja johti ottelua reilun 16 minuutin kohdalla 7-4. Sen j\u00e4lkeen vaaka kuitenkin k\u00e4\u00e4ntyi ja SIF vei ensimm\u00e4isen puoliajan lopun 6-1 ja tauolle mentiin SIF:n kahden maalin johtoasemassa.<\/p>\n<p>Ottelun ratkaisu n\u00e4htiin toisen puoliajan alussa, kun SIF rep\u00e4isi 9-0-jakson. GrIFK ei siit\u00e4 en\u00e4\u00e4 toipunut eik\u00e4 pystynyt kirim\u00e4\u00e4n kotijoukkueen eroa kiinni. GrIFK saa mahdollisuuden tasoittaa puntit lauantaina kotikent\u00e4ll\u00e4\u00e4n.<\/p>\n<p>SIF:n p\u00e4\u00e4valmentaja Harry Wikstr\u00f6m oli tyytyv\u00e4inen, ett\u00e4 joukkue pystyi vaikean alun j\u00e4lkeen parantamaan otteitaan.<\/p>\n<p>&#8211; Meill\u00e4 oli huono alku, mutta kun j\u00e4nnitys laukesi, saimme joukkuepelin toimimaan molemmissa p\u00e4iss\u00e4. Meill\u00e4 oli t\u00e4n\u00e4\u00e4n hieno huutosakki, mutta lis\u00e4\u00e4 yleis\u00f6\u00e4 mahtuu viel\u00e4 halliin, jatkopelej\u00e4 ajatellen, Wikstr\u00f6m iloitsi.<\/p>\n<p>GrIFK:n valmentaja Sebastian Aarnio harmitteli loukkaantumisia ja joukkueen virheit\u00e4.<\/p>\n<p>&#8211; Meit\u00e4 rasittavat harmillisesti lukuisat loukkaantumiset ja Ingrid Degerth lep\u00e4si t\u00e4n\u00e4\u00e4n ottelusuman vuoksi. Teemme yksinkertaisesti liikaa helppoja virheit\u00e4. 25 p\u00e4\u00e4stetty\u00e4 maalia pit\u00e4isi riitt\u00e4\u00e4 voittoon, mutta niin ei ollut t\u00e4n\u00e4\u00e4n. Nyt t\u00e4ytyy vaan latautua uudestaan lauantain otteluun.<\/p>\n<p>Ottelun vakuuttavimman pelaajan palkinnon pokannut SIF:n Sofie Lindholm oli eritt\u00e4in tyytyv\u00e4inen peliin.<\/p>\n<p>&#8211; Aloitimme tahmeasti, mutta kun saimme pelin kuntoon, tuloksena oli hienoa joukkuepeli\u00e4. Saimme nopeat aloitukset, puolinopeat ja nopeat hy\u00f6kk\u00e4ykset, jotka t\u00e4h\u00e4n asti ovat olleet hakusessa, vihdoin toimimaan ja ne tuottivat tulosta. Puolustuksessa teimme my\u00f6s hyvin t\u00f6it\u00e4.<\/p>\n<p><strong>SIF-GrIFK 25-17 (10-8)<\/strong><br \/>\nMaalintekij\u00e4t<br \/>\nSIF: Lindholm Sofie 7, Lindholm Madeleine 7, Voutilainen Ellen 6, Jensen Corinna 3, Sj\u00f6lund Elin 2<br \/>\nGrIFK: B\u00f6ckelman Sophia 5, Nystr\u00f6m Annina 2, Heerman Nea 2, Berglund Emelie 2, Axberg Fanny 2, Karsten Alexandra 1, Kankainen Alisa 1, Harms Linnea 1, Gr\u00f6nholm Felicia 1<\/p>\n<p>L\u00e4hiTapiola-t\u00e4htipelaajat<br \/>\nLindholm Sofie SIF 3<br \/>\nVoutilainen Ellen SIF 2<br \/>\nB\u00f6ckelman Sophia GrIFK 1<\/p>\n<p>2 min ulosajot sek\u00e4 pelist\u00e4 sulkemiset<br \/>\nSIF: Jensen Corinna 1 x 2 min, Vaskelainen Janica 1 x 2 min<br \/>\nGrIFK: &#8211;<\/p>\n<p><em>Erotuomarit:<\/em> Skogberg Johan &#8211; R\u00f6nnberg Jan<\/p>\n<p>Yleis\u00f6\u00e4: 182<\/p>\n","protected":false},"excerpt":{"rendered":"<p>SIF ei antanut GrIFK:lle mahdollisuuksia joukkueiden ensimm\u00e4isess\u00e4 puoliv\u00e4lier\u00e4ottelussa. SIF otti kotonaan 25-17 (10-8)-voiton. GrIFK sai otteluun vahvemman alun ja johti ottelua reilun 16 minuutin kohdalla 7-4. Sen j\u00e4lkeen vaaka kuitenkin k\u00e4\u00e4ntyi ja SIF vei ensimm\u00e4isen puoliajan lopun 6-1 ja tauolle mentiin SIF:n kahden maalin johtoasemassa. Ottelun ratkaisu n\u00e4htiin toisen puoliajan alussa, kun SIF rep\u00e4isi 9-0-jakson. [&hellip;]<\/p>\n","protected":false},"author":13,"featured_media":63,"comment_status":"closed","ping_status":"open","sticky":false,"template":"","format":"standard","meta":{"_acf_changed":false,"jetpack_post_was_ever_published":false,"_jetpack_newsletter_access":"","_jetpack_dont_email_post_to_subs":false,"_jetpack_newsletter_tier_id":0,"_jetpack_memberships_contains_paywalled_content":false,"_jetpack_memberships_contains_paid_content":false,"footnotes":""},"categories":[21],"tags":[57,81],"class_list":["post-14255","post","type-post","status-publish","format-standard","has-post-thumbnail","hentry","category-ottelut-2016-2017","tag-grifk","tag-sif"],"acf":[],"yoast_head":"<!-- This site is optimized with the Yoast SEO plugin v27.5 - https:\/\/yoast.com\/product\/yoast-seo-wordpress\/ -->\n<title>SIF otti kiinnityksen v\u00e4lier\u00e4paikkaan | K\u00e4sipallon naisten Aktialiiga<\/title>\n<meta name=\"robots\" content=\"index, follow, max-snippet:-1, max-image-preview:large, max-video-preview:-1\" \/>\n<link rel=\"canonical\" href=\"https:\/\/aktialiiga.fi\/naiset\/2016-2017\/ottelut-2016-2017\/sif-otti-kiinnityksen-valierapaikkaan\/\" \/>\n<meta property=\"og:locale\" content=\"fi_FI\" \/>\n<meta property=\"og:type\" content=\"article\" \/>\n<meta property=\"og:title\" content=\"SIF otti kiinnityksen v\u00e4lier\u00e4paikkaan | K\u00e4sipallon naisten Aktialiiga\" \/>\n<meta property=\"og:description\" content=\"SIF ei antanut GrIFK:lle mahdollisuuksia joukkueiden ensimm\u00e4isess\u00e4 puoliv\u00e4lier\u00e4ottelussa. SIF otti kotonaan 25-17 (10-8)-voiton. GrIFK sai otteluun vahvemman alun ja johti ottelua reilun 16 minuutin kohdalla 7-4. Sen j\u00e4lkeen vaaka kuitenkin k\u00e4\u00e4ntyi ja SIF vei ensimm\u00e4isen puoliajan lopun 6-1 ja tauolle mentiin SIF:n kahden maalin johtoasemassa. Ottelun ratkaisu n\u00e4htiin toisen puoliajan alussa, kun SIF rep\u00e4isi 9-0-jakson. [&hellip;]\" \/>\n<meta property=\"og:url\" content=\"https:\/\/aktialiiga.fi\/naiset\/2016-2017\/ottelut-2016-2017\/sif-otti-kiinnityksen-valierapaikkaan\/\" \/>\n<meta property=\"og:site_name\" content=\"K\u00e4sipallon naisten Aktialiiga\" \/>\n<meta property=\"article:publisher\" content=\"https:\/\/www.facebook.com\/finnhandball\" \/>\n<meta property=\"article:published_time\" content=\"2017-03-23T18:23:11+00:00\" \/>\n<meta property=\"article:modified_time\" content=\"2018-04-20T09:44:17+00:00\" \/>\n<meta property=\"og:image\" content=\"https:\/\/aktialiiga.fi\/naiset\/wp-content\/uploads\/sites\/6\/2011\/08\/logo-sif.gif\" \/>\n\t<meta property=\"og:image:width\" content=\"105\" \/>\n\t<meta property=\"og:image:height\" content=\"115\" \/>\n\t<meta property=\"og:image:type\" content=\"image\/gif\" \/>\n<meta name=\"author\" content=\"tbrmedia\" \/>\n<meta name=\"twitter:card\" content=\"summary_large_image\" \/>\n<meta name=\"twitter:creator\" content=\"@finnhandball\" \/>\n<meta name=\"twitter:site\" content=\"@finnhandball\" \/>\n<script type=\"application\/ld+json\" class=\"yoast-schema-graph\">{\"@context\":\"https:\\\/\\\/schema.org\",\"@graph\":[{\"@type\":\"Article\",\"@id\":\"https:\\\/\\\/aktialiiga.fi\\\/naiset\\\/2016-2017\\\/ottelut-2016-2017\\\/sif-otti-kiinnityksen-valierapaikkaan\\\/#article\",\"isPartOf\":{\"@id\":\"https:\\\/\\\/aktialiiga.fi\\\/naiset\\\/2016-2017\\\/ottelut-2016-2017\\\/sif-otti-kiinnityksen-valierapaikkaan\\\/\"},\"author\":{\"name\":\"tbrmedia\",\"@id\":\"https:\\\/\\\/aktialiiga.fi\\\/naiset\\\/#\\\/schema\\\/person\\\/c14bf42f47041db74603c45afcb18d87\"},\"headline\":\"SIF otti kiinnityksen v\u00e4lier\u00e4paikkaan\",\"datePublished\":\"2017-03-23T18:23:11+00:00\",\"dateModified\":\"2018-04-20T09:44:17+00:00\",\"mainEntityOfPage\":{\"@id\":\"https:\\\/\\\/aktialiiga.fi\\\/naiset\\\/2016-2017\\\/ottelut-2016-2017\\\/sif-otti-kiinnityksen-valierapaikkaan\\\/\"},\"wordCount\":332,\"publisher\":{\"@id\":\"https:\\\/\\\/aktialiiga.fi\\\/naiset\\\/#organization\"},\"image\":{\"@id\":\"https:\\\/\\\/aktialiiga.fi\\\/naiset\\\/2016-2017\\\/ottelut-2016-2017\\\/sif-otti-kiinnityksen-valierapaikkaan\\\/#primaryimage\"},\"thumbnailUrl\":\"https:\\\/\\\/aktialiiga.fi\\\/naiset\\\/wp-content\\\/uploads\\\/sites\\\/6\\\/2011\\\/08\\\/logo-sif.gif\",\"keywords\":[\"GrIFK\",\"SIF\"],\"articleSection\":[\"Ottelut\"],\"inLanguage\":\"fi\"},{\"@type\":\"WebPage\",\"@id\":\"https:\\\/\\\/aktialiiga.fi\\\/naiset\\\/2016-2017\\\/ottelut-2016-2017\\\/sif-otti-kiinnityksen-valierapaikkaan\\\/\",\"url\":\"https:\\\/\\\/aktialiiga.fi\\\/naiset\\\/2016-2017\\\/ottelut-2016-2017\\\/sif-otti-kiinnityksen-valierapaikkaan\\\/\",\"name\":\"SIF otti kiinnityksen v\u00e4lier\u00e4paikkaan | K\u00e4sipallon naisten Aktialiiga\",\"isPartOf\":{\"@id\":\"https:\\\/\\\/aktialiiga.fi\\\/naiset\\\/#website\"},\"primaryImageOfPage\":{\"@id\":\"https:\\\/\\\/aktialiiga.fi\\\/naiset\\\/2016-2017\\\/ottelut-2016-2017\\\/sif-otti-kiinnityksen-valierapaikkaan\\\/#primaryimage\"},\"image\":{\"@id\":\"https:\\\/\\\/aktialiiga.fi\\\/naiset\\\/2016-2017\\\/ottelut-2016-2017\\\/sif-otti-kiinnityksen-valierapaikkaan\\\/#primaryimage\"},\"thumbnailUrl\":\"https:\\\/\\\/aktialiiga.fi\\\/naiset\\\/wp-content\\\/uploads\\\/sites\\\/6\\\/2011\\\/08\\\/logo-sif.gif\",\"datePublished\":\"2017-03-23T18:23:11+00:00\",\"dateModified\":\"2018-04-20T09:44:17+00:00\",\"breadcrumb\":{\"@id\":\"https:\\\/\\\/aktialiiga.fi\\\/naiset\\\/2016-2017\\\/ottelut-2016-2017\\\/sif-otti-kiinnityksen-valierapaikkaan\\\/#breadcrumb\"},\"inLanguage\":\"fi\",\"potentialAction\":[{\"@type\":\"ReadAction\",\"target\":[\"https:\\\/\\\/aktialiiga.fi\\\/naiset\\\/2016-2017\\\/ottelut-2016-2017\\\/sif-otti-kiinnityksen-valierapaikkaan\\\/\"]}]},{\"@type\":\"ImageObject\",\"inLanguage\":\"fi\",\"@id\":\"https:\\\/\\\/aktialiiga.fi\\\/naiset\\\/2016-2017\\\/ottelut-2016-2017\\\/sif-otti-kiinnityksen-valierapaikkaan\\\/#primaryimage\",\"url\":\"https:\\\/\\\/aktialiiga.fi\\\/naiset\\\/wp-content\\\/uploads\\\/sites\\\/6\\\/2011\\\/08\\\/logo-sif.gif\",\"contentUrl\":\"https:\\\/\\\/aktialiiga.fi\\\/naiset\\\/wp-content\\\/uploads\\\/sites\\\/6\\\/2011\\\/08\\\/logo-sif.gif\",\"width\":105,\"height\":115,\"caption\":\"SIF, Siuntio\"},{\"@type\":\"BreadcrumbList\",\"@id\":\"https:\\\/\\\/aktialiiga.fi\\\/naiset\\\/2016-2017\\\/ottelut-2016-2017\\\/sif-otti-kiinnityksen-valierapaikkaan\\\/#breadcrumb\",\"itemListElement\":[{\"@type\":\"ListItem\",\"position\":1,\"name\":\"Etusivu\",\"item\":\"https:\\\/\\\/aktialiiga.fi\\\/naiset\\\/\"},{\"@type\":\"ListItem\",\"position\":2,\"name\":\"SIF otti kiinnityksen v\u00e4lier\u00e4paikkaan\"}]},{\"@type\":\"WebSite\",\"@id\":\"https:\\\/\\\/aktialiiga.fi\\\/naiset\\\/#website\",\"url\":\"https:\\\/\\\/aktialiiga.fi\\\/naiset\\\/\",\"name\":\"K\u00e4sipallon naisten Aktialiiga\",\"description\":\"Valtakunnan vauhdikkainta palloilua!\",\"publisher\":{\"@id\":\"https:\\\/\\\/aktialiiga.fi\\\/naiset\\\/#organization\"},\"potentialAction\":[{\"@type\":\"SearchAction\",\"target\":{\"@type\":\"EntryPoint\",\"urlTemplate\":\"https:\\\/\\\/aktialiiga.fi\\\/naiset\\\/?s={search_term_string}\"},\"query-input\":{\"@type\":\"PropertyValueSpecification\",\"valueRequired\":true,\"valueName\":\"search_term_string\"}}],\"inLanguage\":\"fi\"},{\"@type\":\"Organization\",\"@id\":\"https:\\\/\\\/aktialiiga.fi\\\/naiset\\\/#organization\",\"name\":\"K\u00e4sipallon naisten Aktialiiga\",\"url\":\"https:\\\/\\\/aktialiiga.fi\\\/naiset\\\/\",\"logo\":{\"@type\":\"ImageObject\",\"inLanguage\":\"fi\",\"@id\":\"https:\\\/\\\/aktialiiga.fi\\\/naiset\\\/#\\\/schema\\\/logo\\\/image\\\/\",\"url\":\"https:\\\/\\\/aktialiiga.fi\\\/naiset\\\/wp-content\\\/uploads\\\/sites\\\/6\\\/2024\\\/09\\\/Aktialiiga-Yoast-512.png\",\"contentUrl\":\"https:\\\/\\\/aktialiiga.fi\\\/naiset\\\/wp-content\\\/uploads\\\/sites\\\/6\\\/2024\\\/09\\\/Aktialiiga-Yoast-512.png\",\"width\":512,\"height\":512,\"caption\":\"K\u00e4sipallon naisten Aktialiiga\"},\"image\":{\"@id\":\"https:\\\/\\\/aktialiiga.fi\\\/naiset\\\/#\\\/schema\\\/logo\\\/image\\\/\"},\"sameAs\":[\"https:\\\/\\\/www.facebook.com\\\/finnhandball\",\"https:\\\/\\\/x.com\\\/finnhandball\",\"https:\\\/\\\/www.instagram.com\\\/handballfinland\\\/\"]},{\"@type\":\"Person\",\"@id\":\"https:\\\/\\\/aktialiiga.fi\\\/naiset\\\/#\\\/schema\\\/person\\\/c14bf42f47041db74603c45afcb18d87\",\"name\":\"tbrmedia\",\"image\":{\"@type\":\"ImageObject\",\"inLanguage\":\"fi\",\"@id\":\"https:\\\/\\\/secure.gravatar.com\\\/avatar\\\/ee975fa091fe581d12b60debb3439022686618368a7c142044c56724d4666b16?s=96&d=mm&r=g\",\"url\":\"https:\\\/\\\/secure.gravatar.com\\\/avatar\\\/ee975fa091fe581d12b60debb3439022686618368a7c142044c56724d4666b16?s=96&d=mm&r=g\",\"contentUrl\":\"https:\\\/\\\/secure.gravatar.com\\\/avatar\\\/ee975fa091fe581d12b60debb3439022686618368a7c142044c56724d4666b16?s=96&d=mm&r=g\",\"caption\":\"tbrmedia\"}}]}<\/script>\n<!-- \/ Yoast SEO plugin. -->","yoast_head_json":{"title":"SIF otti kiinnityksen v\u00e4lier\u00e4paikkaan | K\u00e4sipallon naisten Aktialiiga","robots":{"index":"index","follow":"follow","max-snippet":"max-snippet:-1","max-image-preview":"max-image-preview:large","max-video-preview":"max-video-preview:-1"},"canonical":"https:\/\/aktialiiga.fi\/naiset\/2016-2017\/ottelut-2016-2017\/sif-otti-kiinnityksen-valierapaikkaan\/","og_locale":"fi_FI","og_type":"article","og_title":"SIF otti kiinnityksen v\u00e4lier\u00e4paikkaan | K\u00e4sipallon naisten Aktialiiga","og_description":"SIF ei antanut GrIFK:lle mahdollisuuksia joukkueiden ensimm\u00e4isess\u00e4 puoliv\u00e4lier\u00e4ottelussa. SIF otti kotonaan 25-17 (10-8)-voiton. GrIFK sai otteluun vahvemman alun ja johti ottelua reilun 16 minuutin kohdalla 7-4. Sen j\u00e4lkeen vaaka kuitenkin k\u00e4\u00e4ntyi ja SIF vei ensimm\u00e4isen puoliajan lopun 6-1 ja tauolle mentiin SIF:n kahden maalin johtoasemassa. Ottelun ratkaisu n\u00e4htiin toisen puoliajan alussa, kun SIF rep\u00e4isi 9-0-jakson. [&hellip;]","og_url":"https:\/\/aktialiiga.fi\/naiset\/2016-2017\/ottelut-2016-2017\/sif-otti-kiinnityksen-valierapaikkaan\/","og_site_name":"K\u00e4sipallon naisten Aktialiiga","article_publisher":"https:\/\/www.facebook.com\/finnhandball","article_published_time":"2017-03-23T18:23:11+00:00","article_modified_time":"2018-04-20T09:44:17+00:00","og_image":[{"width":105,"height":115,"url":"https:\/\/aktialiiga.fi\/naiset\/wp-content\/uploads\/sites\/6\/2011\/08\/logo-sif.gif","type":"image\/gif"}],"author":"tbrmedia","twitter_card":"summary_large_image","twitter_creator":"@finnhandball","twitter_site":"@finnhandball","schema":{"@context":"https:\/\/schema.org","@graph":[{"@type":"Article","@id":"https:\/\/aktialiiga.fi\/naiset\/2016-2017\/ottelut-2016-2017\/sif-otti-kiinnityksen-valierapaikkaan\/#article","isPartOf":{"@id":"https:\/\/aktialiiga.fi\/naiset\/2016-2017\/ottelut-2016-2017\/sif-otti-kiinnityksen-valierapaikkaan\/"},"author":{"name":"tbrmedia","@id":"https:\/\/aktialiiga.fi\/naiset\/#\/schema\/person\/c14bf42f47041db74603c45afcb18d87"},"headline":"SIF otti kiinnityksen v\u00e4lier\u00e4paikkaan","datePublished":"2017-03-23T18:23:11+00:00","dateModified":"2018-04-20T09:44:17+00:00","mainEntityOfPage":{"@id":"https:\/\/aktialiiga.fi\/naiset\/2016-2017\/ottelut-2016-2017\/sif-otti-kiinnityksen-valierapaikkaan\/"},"wordCount":332,"publisher":{"@id":"https:\/\/aktialiiga.fi\/naiset\/#organization"},"image":{"@id":"https:\/\/aktialiiga.fi\/naiset\/2016-2017\/ottelut-2016-2017\/sif-otti-kiinnityksen-valierapaikkaan\/#primaryimage"},"thumbnailUrl":"https:\/\/aktialiiga.fi\/naiset\/wp-content\/uploads\/sites\/6\/2011\/08\/logo-sif.gif","keywords":["GrIFK","SIF"],"articleSection":["Ottelut"],"inLanguage":"fi"},{"@type":"WebPage","@id":"https:\/\/aktialiiga.fi\/naiset\/2016-2017\/ottelut-2016-2017\/sif-otti-kiinnityksen-valierapaikkaan\/","url":"https:\/\/aktialiiga.fi\/naiset\/2016-2017\/ottelut-2016-2017\/sif-otti-kiinnityksen-valierapaikkaan\/","name":"SIF otti kiinnityksen v\u00e4lier\u00e4paikkaan | K\u00e4sipallon naisten Aktialiiga","isPartOf":{"@id":"https:\/\/aktialiiga.fi\/naiset\/#website"},"primaryImageOfPage":{"@id":"https:\/\/aktialiiga.fi\/naiset\/2016-2017\/ottelut-2016-2017\/sif-otti-kiinnityksen-valierapaikkaan\/#primaryimage"},"image":{"@id":"https:\/\/aktialiiga.fi\/naiset\/2016-2017\/ottelut-2016-2017\/sif-otti-kiinnityksen-valierapaikkaan\/#primaryimage"},"thumbnailUrl":"https:\/\/aktialiiga.fi\/naiset\/wp-content\/uploads\/sites\/6\/2011\/08\/logo-sif.gif","datePublished":"2017-03-23T18:23:11+00:00","dateModified":"2018-04-20T09:44:17+00:00","breadcrumb":{"@id":"https:\/\/aktialiiga.fi\/naiset\/2016-2017\/ottelut-2016-2017\/sif-otti-kiinnityksen-valierapaikkaan\/#breadcrumb"},"inLanguage":"fi","potentialAction":[{"@type":"ReadAction","target":["https:\/\/aktialiiga.fi\/naiset\/2016-2017\/ottelut-2016-2017\/sif-otti-kiinnityksen-valierapaikkaan\/"]}]},{"@type":"ImageObject","inLanguage":"fi","@id":"https:\/\/aktialiiga.fi\/naiset\/2016-2017\/ottelut-2016-2017\/sif-otti-kiinnityksen-valierapaikkaan\/#primaryimage","url":"https:\/\/aktialiiga.fi\/naiset\/wp-content\/uploads\/sites\/6\/2011\/08\/logo-sif.gif","contentUrl":"https:\/\/aktialiiga.fi\/naiset\/wp-content\/uploads\/sites\/6\/2011\/08\/logo-sif.gif","width":105,"height":115,"caption":"SIF, Siuntio"},{"@type":"BreadcrumbList","@id":"https:\/\/aktialiiga.fi\/naiset\/2016-2017\/ottelut-2016-2017\/sif-otti-kiinnityksen-valierapaikkaan\/#breadcrumb","itemListElement":[{"@type":"ListItem","position":1,"name":"Etusivu","item":"https:\/\/aktialiiga.fi\/naiset\/"},{"@type":"ListItem","position":2,"name":"SIF otti kiinnityksen v\u00e4lier\u00e4paikkaan"}]},{"@type":"WebSite","@id":"https:\/\/aktialiiga.fi\/naiset\/#website","url":"https:\/\/aktialiiga.fi\/naiset\/","name":"K\u00e4sipallon naisten Aktialiiga","description":"Valtakunnan vauhdikkainta palloilua!","publisher":{"@id":"https:\/\/aktialiiga.fi\/naiset\/#organization"},"potentialAction":[{"@type":"SearchAction","target":{"@type":"EntryPoint","urlTemplate":"https:\/\/aktialiiga.fi\/naiset\/?s={search_term_string}"},"query-input":{"@type":"PropertyValueSpecification","valueRequired":true,"valueName":"search_term_string"}}],"inLanguage":"fi"},{"@type":"Organization","@id":"https:\/\/aktialiiga.fi\/naiset\/#organization","name":"K\u00e4sipallon naisten Aktialiiga","url":"https:\/\/aktialiiga.fi\/naiset\/","logo":{"@type":"ImageObject","inLanguage":"fi","@id":"https:\/\/aktialiiga.fi\/naiset\/#\/schema\/logo\/image\/","url":"https:\/\/aktialiiga.fi\/naiset\/wp-content\/uploads\/sites\/6\/2024\/09\/Aktialiiga-Yoast-512.png","contentUrl":"https:\/\/aktialiiga.fi\/naiset\/wp-content\/uploads\/sites\/6\/2024\/09\/Aktialiiga-Yoast-512.png","width":512,"height":512,"caption":"K\u00e4sipallon naisten Aktialiiga"},"image":{"@id":"https:\/\/aktialiiga.fi\/naiset\/#\/schema\/logo\/image\/"},"sameAs":["https:\/\/www.facebook.com\/finnhandball","https:\/\/x.com\/finnhandball","https:\/\/www.instagram.com\/handballfinland\/"]},{"@type":"Person","@id":"https:\/\/aktialiiga.fi\/naiset\/#\/schema\/person\/c14bf42f47041db74603c45afcb18d87","name":"tbrmedia","image":{"@type":"ImageObject","inLanguage":"fi","@id":"https:\/\/secure.gravatar.com\/avatar\/ee975fa091fe581d12b60debb3439022686618368a7c142044c56724d4666b16?s=96&d=mm&r=g","url":"https:\/\/secure.gravatar.com\/avatar\/ee975fa091fe581d12b60debb3439022686618368a7c142044c56724d4666b16?s=96&d=mm&r=g","contentUrl":"https:\/\/secure.gravatar.com\/avatar\/ee975fa091fe581d12b60debb3439022686618368a7c142044c56724d4666b16?s=96&d=mm&r=g","caption":"tbrmedia"}}]}},"jetpack_featured_media_url":"https:\/\/aktialiiga.fi\/naiset\/wp-content\/uploads\/sites\/6\/2011\/08\/logo-sif.gif","jetpack_sharing_enabled":true,"jetpack_shortlink":"https:\/\/wp.me\/pfYhm6-3HV","_links":{"self":[{"href":"https:\/\/aktialiiga.fi\/naiset\/wp-json\/wp\/v2\/posts\/14255","targetHints":{"allow":["GET"]}}],"collection":[{"href":"https:\/\/aktialiiga.fi\/naiset\/wp-json\/wp\/v2\/posts"}],"about":[{"href":"https:\/\/aktialiiga.fi\/naiset\/wp-json\/wp\/v2\/types\/post"}],"author":[{"embeddable":true,"href":"https:\/\/aktialiiga.fi\/naiset\/wp-json\/wp\/v2\/users\/13"}],"replies":[{"embeddable":true,"href":"https:\/\/aktialiiga.fi\/naiset\/wp-json\/wp\/v2\/comments?post=14255"}],"version-history":[{"count":0,"href":"https:\/\/aktialiiga.fi\/naiset\/wp-json\/wp\/v2\/posts\/14255\/revisions"}],"wp:featuredmedia":[{"embeddable":true,"href":"https:\/\/aktialiiga.fi\/naiset\/wp-json\/wp\/v2\/media\/63"}],"wp:attachment":[{"href":"https:\/\/aktialiiga.fi\/naiset\/wp-json\/wp\/v2\/media?parent=14255"}],"wp:term":[{"taxonomy":"category","embeddable":true,"href":"https:\/\/aktialiiga.fi\/naiset\/wp-json\/wp\/v2\/categories?post=14255"},{"taxonomy":"post_tag","embeddable":true,"href":"https:\/\/aktialiiga.fi\/naiset\/wp-json\/wp\/v2\/tags?post=14255"}],"curies":[{"name":"wp","href":"https:\/\/api.w.org\/{rel}","templated":true}]}}