{"id":14304,"date":"2017-04-01T17:28:22","date_gmt":"2017-04-01T14:28:22","guid":{"rendered":"https:\/\/aktialiiga.fi\/naiset\/?p=14304"},"modified":"2018-04-20T12:44:14","modified_gmt":"2018-04-20T09:44:14","slug":"dicken-avasi-valierat-selvalla-voitolla","status":"publish","type":"post","link":"https:\/\/aktialiiga.fi\/naiset\/2016-2017\/ottelut-2016-2017\/dicken-avasi-valierat-selvalla-voitolla\/","title":{"rendered":"Dicken avasi v\u00e4lier\u00e4t selv\u00e4ll\u00e4 voitolla"},"content":{"rendered":"<p>Dicken ei antanut \u00c5IFK:n yll\u00e4tt\u00e4\u00e4, vaan avasi v\u00e4lier\u00e4pelit selv\u00e4ll\u00e4 33-24 (14-11)-voitolla.<\/p>\n<p>Ensimm\u00e4inen puoliaika oli viel\u00e4 tasainen ja \u00c5IFK pysyi kotijoukkueen kannassa. Dicken vei avausjaksoa ja johti parhaimmillaan viidell\u00e4 maalilla, mutta \u00c5IFK:n loppukiri toi turkulaiset kolmen maalin p\u00e4\u00e4h\u00e4n tauolle ment\u00e4ess\u00e4.<\/p>\n<p>Dicken ratkaisi ottelun kuitenkin heti toisen puoliajan alussa, kun se vei ensimm\u00e4isen pariminuuttisen 3-0 ja pudotti \u00c5IFK:n samalla kyydist\u00e4. Helsinkil\u00e4iset kasvattivat eroa tasaisesti koko toisen jakson ajan ja kirjauttivat lopulta selv\u00e4n voiton.<\/p>\n<p>Dicken johtaa ottelusarjaa 1-0 ja toinen ottelu on edess\u00e4 keskiviikkona Turussa.<\/p>\n<p>Dickenin p\u00e4\u00e4valmentaja Thomas Hivertin mukaan joukkueella oli hieman karstaa koneessa parin viikon pelitauon j\u00e4lkeen.<\/p>\n<p>&#8211; T\u00e4n\u00e4\u00e4n oli vaikeata l\u00f6yt\u00e4\u00e4 oikea tempo otteluun. Huomattiin, ett\u00e4 pitk\u00e4 ottelu tauko vaikutti pelaamiseen.<\/p>\n<p>Ottelun parhaana palkittu Anna Lindholm manasi my\u00f6s pelituntuman puutetta.<\/p>\n<p>&#8211; Meill\u00e4 oli hieman vaikeata. Huomattiin ett\u00e4 meill\u00e4 oli pitk\u00e4 ottelutauko ja t\u00e4m\u00e4 huomattiin t\u00e4n\u00e4\u00e4n.<\/p>\n<p>\u00c5IFK-valmentaja James Mashirin mukaan numerot repesiv\u00e4t lopussa turhaan.<\/p>\n<p>&#8211; Loppulukemat eiv\u00e4t kerro koko totuutta, Dicken p\u00e4\u00e4si kaunistelemaan lukemia lopussa. Tehtiin liian paljon teknisi\u00e4 virheit\u00e4 ja Dicken p\u00e4\u00e4si hy\u00f6dynt\u00e4m\u00e4\u00e4n n\u00e4it\u00e4.<\/p>\n<p><strong>Dicken-\u00c5IFK 33-24 (14-11)<\/strong><br \/>\nMaalintekij\u00e4t<br \/>\nDicken: Lindholm Anna 8, Nylund Karolina 7, Gammals Jessika 5, N\u00e4r\u00e4kk\u00e4 Annika 3, B\u00f6ckelman Carolina 3, Lindahl Anna 2, Lillqvist Betina 2, Genberg Martina 1, Friman Carla 1, Ahlroth Alexandra 1<br \/>\n\u00c5IFK: Norrgrann Ellen 10, Symes Elin 4, Harri Anna 4, Ahlb\u00e4ck Antonia 3, Sk\u00f6n Emilia 2, Lindbom Ingrid 1<\/p>\n<p>L\u00e4hiTapiola-t\u00e4htipelaajat<br \/>\nLindholm Anna Dicken 3<br \/>\nNylund Karolina Dicken 2<br \/>\nNorrgrann Ellen \u00c5IFK 1<\/p>\n<p>2 min ulosajot sek\u00e4 pelist\u00e4 sulkemiset<br \/>\nDicken: Ahlroth Alexandra 1 x 2 min, B\u00f6ckelman Carolina 1 x 2 min, Friman Carla 1 x 2 min, Lillqvist Betina 1 x 2 min<br \/>\n\u00c5IFK: Sk\u00f6n Emilia 1 x 2 min, Symes Elin 1 x 2 min<\/p>\n<p><em>Erotuomarit: <\/em>Tuomi Markku &#8211; Nieminen Harri<\/p>\n<p>Yleis\u00f6\u00e4: 129<\/p>\n","protected":false},"excerpt":{"rendered":"<p>Dicken ei antanut \u00c5IFK:n yll\u00e4tt\u00e4\u00e4, vaan avasi v\u00e4lier\u00e4pelit selv\u00e4ll\u00e4 33-24 (14-11)-voitolla. Ensimm\u00e4inen puoliaika oli viel\u00e4 tasainen ja \u00c5IFK pysyi kotijoukkueen kannassa. Dicken vei avausjaksoa ja johti parhaimmillaan viidell\u00e4 maalilla, mutta \u00c5IFK:n loppukiri toi turkulaiset kolmen maalin p\u00e4\u00e4h\u00e4n tauolle ment\u00e4ess\u00e4. Dicken ratkaisi ottelun kuitenkin heti toisen puoliajan alussa, kun se vei ensimm\u00e4isen pariminuuttisen 3-0 ja pudotti [&hellip;]<\/p>\n","protected":false},"author":13,"featured_media":14305,"comment_status":"closed","ping_status":"open","sticky":false,"template":"","format":"standard","meta":{"_acf_changed":false,"jetpack_post_was_ever_published":false,"_jetpack_newsletter_access":"","_jetpack_dont_email_post_to_subs":false,"_jetpack_newsletter_tier_id":0,"_jetpack_memberships_contains_paywalled_content":false,"_jetpack_memberships_contains_paid_content":false,"footnotes":""},"categories":[21],"tags":[51,45],"class_list":["post-14304","post","type-post","status-publish","format-standard","has-post-thumbnail","hentry","category-ottelut-2016-2017","tag-dicken","tag-aifk"],"acf":[],"yoast_head":"<!-- This site is optimized with the Yoast SEO plugin v27.5 - https:\/\/yoast.com\/product\/yoast-seo-wordpress\/ -->\n<title>Dicken avasi v\u00e4lier\u00e4t selv\u00e4ll\u00e4 voitolla | K\u00e4sipallon naisten Aktialiiga<\/title>\n<meta name=\"robots\" content=\"index, follow, max-snippet:-1, max-image-preview:large, max-video-preview:-1\" \/>\n<link rel=\"canonical\" href=\"https:\/\/aktialiiga.fi\/naiset\/2016-2017\/ottelut-2016-2017\/dicken-avasi-valierat-selvalla-voitolla\/\" \/>\n<meta property=\"og:locale\" content=\"fi_FI\" \/>\n<meta property=\"og:type\" content=\"article\" \/>\n<meta property=\"og:title\" content=\"Dicken avasi v\u00e4lier\u00e4t selv\u00e4ll\u00e4 voitolla | K\u00e4sipallon naisten Aktialiiga\" \/>\n<meta property=\"og:description\" content=\"Dicken ei antanut \u00c5IFK:n yll\u00e4tt\u00e4\u00e4, vaan avasi v\u00e4lier\u00e4pelit selv\u00e4ll\u00e4 33-24 (14-11)-voitolla. Ensimm\u00e4inen puoliaika oli viel\u00e4 tasainen ja \u00c5IFK pysyi kotijoukkueen kannassa. Dicken vei avausjaksoa ja johti parhaimmillaan viidell\u00e4 maalilla, mutta \u00c5IFK:n loppukiri toi turkulaiset kolmen maalin p\u00e4\u00e4h\u00e4n tauolle ment\u00e4ess\u00e4. Dicken ratkaisi ottelun kuitenkin heti toisen puoliajan alussa, kun se vei ensimm\u00e4isen pariminuuttisen 3-0 ja pudotti [&hellip;]\" \/>\n<meta property=\"og:url\" content=\"https:\/\/aktialiiga.fi\/naiset\/2016-2017\/ottelut-2016-2017\/dicken-avasi-valierat-selvalla-voitolla\/\" \/>\n<meta property=\"og:site_name\" content=\"K\u00e4sipallon naisten Aktialiiga\" \/>\n<meta property=\"article:publisher\" content=\"https:\/\/www.facebook.com\/finnhandball\" \/>\n<meta property=\"article:published_time\" content=\"2017-04-01T14:28:22+00:00\" \/>\n<meta property=\"article:modified_time\" content=\"2018-04-20T09:44:14+00:00\" \/>\n<meta property=\"og:image\" content=\"https:\/\/aktialiiga.fi\/naiset\/wp-content\/uploads\/sites\/6\/2017\/04\/nylund_karolina_dicken_2017.jpg\" \/>\n\t<meta property=\"og:image:width\" content=\"711\" \/>\n\t<meta property=\"og:image:height\" content=\"320\" \/>\n\t<meta property=\"og:image:type\" content=\"image\/jpeg\" \/>\n<meta name=\"author\" content=\"tbrmedia\" \/>\n<meta name=\"twitter:card\" content=\"summary_large_image\" \/>\n<meta name=\"twitter:creator\" content=\"@finnhandball\" \/>\n<meta name=\"twitter:site\" content=\"@finnhandball\" \/>\n<script type=\"application\/ld+json\" class=\"yoast-schema-graph\">{\"@context\":\"https:\\\/\\\/schema.org\",\"@graph\":[{\"@type\":\"Article\",\"@id\":\"https:\\\/\\\/aktialiiga.fi\\\/naiset\\\/2016-2017\\\/ottelut-2016-2017\\\/dicken-avasi-valierat-selvalla-voitolla\\\/#article\",\"isPartOf\":{\"@id\":\"https:\\\/\\\/aktialiiga.fi\\\/naiset\\\/2016-2017\\\/ottelut-2016-2017\\\/dicken-avasi-valierat-selvalla-voitolla\\\/\"},\"author\":{\"name\":\"tbrmedia\",\"@id\":\"https:\\\/\\\/aktialiiga.fi\\\/naiset\\\/#\\\/schema\\\/person\\\/c14bf42f47041db74603c45afcb18d87\"},\"headline\":\"Dicken avasi v\u00e4lier\u00e4t selv\u00e4ll\u00e4 voitolla\",\"datePublished\":\"2017-04-01T14:28:22+00:00\",\"dateModified\":\"2018-04-20T09:44:14+00:00\",\"mainEntityOfPage\":{\"@id\":\"https:\\\/\\\/aktialiiga.fi\\\/naiset\\\/2016-2017\\\/ottelut-2016-2017\\\/dicken-avasi-valierat-selvalla-voitolla\\\/\"},\"wordCount\":301,\"publisher\":{\"@id\":\"https:\\\/\\\/aktialiiga.fi\\\/naiset\\\/#organization\"},\"image\":{\"@id\":\"https:\\\/\\\/aktialiiga.fi\\\/naiset\\\/2016-2017\\\/ottelut-2016-2017\\\/dicken-avasi-valierat-selvalla-voitolla\\\/#primaryimage\"},\"thumbnailUrl\":\"https:\\\/\\\/aktialiiga.fi\\\/naiset\\\/wp-content\\\/uploads\\\/sites\\\/6\\\/2017\\\/04\\\/nylund_karolina_dicken_2017.jpg\",\"keywords\":[\"Dicken\",\"\u00c5IFK\"],\"articleSection\":[\"Ottelut\"],\"inLanguage\":\"fi\"},{\"@type\":\"WebPage\",\"@id\":\"https:\\\/\\\/aktialiiga.fi\\\/naiset\\\/2016-2017\\\/ottelut-2016-2017\\\/dicken-avasi-valierat-selvalla-voitolla\\\/\",\"url\":\"https:\\\/\\\/aktialiiga.fi\\\/naiset\\\/2016-2017\\\/ottelut-2016-2017\\\/dicken-avasi-valierat-selvalla-voitolla\\\/\",\"name\":\"Dicken avasi v\u00e4lier\u00e4t selv\u00e4ll\u00e4 voitolla | K\u00e4sipallon naisten Aktialiiga\",\"isPartOf\":{\"@id\":\"https:\\\/\\\/aktialiiga.fi\\\/naiset\\\/#website\"},\"primaryImageOfPage\":{\"@id\":\"https:\\\/\\\/aktialiiga.fi\\\/naiset\\\/2016-2017\\\/ottelut-2016-2017\\\/dicken-avasi-valierat-selvalla-voitolla\\\/#primaryimage\"},\"image\":{\"@id\":\"https:\\\/\\\/aktialiiga.fi\\\/naiset\\\/2016-2017\\\/ottelut-2016-2017\\\/dicken-avasi-valierat-selvalla-voitolla\\\/#primaryimage\"},\"thumbnailUrl\":\"https:\\\/\\\/aktialiiga.fi\\\/naiset\\\/wp-content\\\/uploads\\\/sites\\\/6\\\/2017\\\/04\\\/nylund_karolina_dicken_2017.jpg\",\"datePublished\":\"2017-04-01T14:28:22+00:00\",\"dateModified\":\"2018-04-20T09:44:14+00:00\",\"breadcrumb\":{\"@id\":\"https:\\\/\\\/aktialiiga.fi\\\/naiset\\\/2016-2017\\\/ottelut-2016-2017\\\/dicken-avasi-valierat-selvalla-voitolla\\\/#breadcrumb\"},\"inLanguage\":\"fi\",\"potentialAction\":[{\"@type\":\"ReadAction\",\"target\":[\"https:\\\/\\\/aktialiiga.fi\\\/naiset\\\/2016-2017\\\/ottelut-2016-2017\\\/dicken-avasi-valierat-selvalla-voitolla\\\/\"]}]},{\"@type\":\"ImageObject\",\"inLanguage\":\"fi\",\"@id\":\"https:\\\/\\\/aktialiiga.fi\\\/naiset\\\/2016-2017\\\/ottelut-2016-2017\\\/dicken-avasi-valierat-selvalla-voitolla\\\/#primaryimage\",\"url\":\"https:\\\/\\\/aktialiiga.fi\\\/naiset\\\/wp-content\\\/uploads\\\/sites\\\/6\\\/2017\\\/04\\\/nylund_karolina_dicken_2017.jpg\",\"contentUrl\":\"https:\\\/\\\/aktialiiga.fi\\\/naiset\\\/wp-content\\\/uploads\\\/sites\\\/6\\\/2017\\\/04\\\/nylund_karolina_dicken_2017.jpg\",\"width\":711,\"height\":320,\"caption\":\"Karolina Nylund, Dicken, K\u00e4sipallon Naisten SM - liiga, HIFK - Dicken , Helsingin urheilutalolla, Helsingiss\u00e4 1. Maaliskuuta 2017. (Matti Matikainen\\\/Newspix24)\"},{\"@type\":\"BreadcrumbList\",\"@id\":\"https:\\\/\\\/aktialiiga.fi\\\/naiset\\\/2016-2017\\\/ottelut-2016-2017\\\/dicken-avasi-valierat-selvalla-voitolla\\\/#breadcrumb\",\"itemListElement\":[{\"@type\":\"ListItem\",\"position\":1,\"name\":\"Etusivu\",\"item\":\"https:\\\/\\\/aktialiiga.fi\\\/naiset\\\/\"},{\"@type\":\"ListItem\",\"position\":2,\"name\":\"Dicken avasi v\u00e4lier\u00e4t selv\u00e4ll\u00e4 voitolla\"}]},{\"@type\":\"WebSite\",\"@id\":\"https:\\\/\\\/aktialiiga.fi\\\/naiset\\\/#website\",\"url\":\"https:\\\/\\\/aktialiiga.fi\\\/naiset\\\/\",\"name\":\"K\u00e4sipallon naisten Aktialiiga\",\"description\":\"Valtakunnan vauhdikkainta palloilua!\",\"publisher\":{\"@id\":\"https:\\\/\\\/aktialiiga.fi\\\/naiset\\\/#organization\"},\"potentialAction\":[{\"@type\":\"SearchAction\",\"target\":{\"@type\":\"EntryPoint\",\"urlTemplate\":\"https:\\\/\\\/aktialiiga.fi\\\/naiset\\\/?s={search_term_string}\"},\"query-input\":{\"@type\":\"PropertyValueSpecification\",\"valueRequired\":true,\"valueName\":\"search_term_string\"}}],\"inLanguage\":\"fi\"},{\"@type\":\"Organization\",\"@id\":\"https:\\\/\\\/aktialiiga.fi\\\/naiset\\\/#organization\",\"name\":\"K\u00e4sipallon naisten Aktialiiga\",\"url\":\"https:\\\/\\\/aktialiiga.fi\\\/naiset\\\/\",\"logo\":{\"@type\":\"ImageObject\",\"inLanguage\":\"fi\",\"@id\":\"https:\\\/\\\/aktialiiga.fi\\\/naiset\\\/#\\\/schema\\\/logo\\\/image\\\/\",\"url\":\"https:\\\/\\\/aktialiiga.fi\\\/naiset\\\/wp-content\\\/uploads\\\/sites\\\/6\\\/2024\\\/09\\\/Aktialiiga-Yoast-512.png\",\"contentUrl\":\"https:\\\/\\\/aktialiiga.fi\\\/naiset\\\/wp-content\\\/uploads\\\/sites\\\/6\\\/2024\\\/09\\\/Aktialiiga-Yoast-512.png\",\"width\":512,\"height\":512,\"caption\":\"K\u00e4sipallon naisten Aktialiiga\"},\"image\":{\"@id\":\"https:\\\/\\\/aktialiiga.fi\\\/naiset\\\/#\\\/schema\\\/logo\\\/image\\\/\"},\"sameAs\":[\"https:\\\/\\\/www.facebook.com\\\/finnhandball\",\"https:\\\/\\\/x.com\\\/finnhandball\",\"https:\\\/\\\/www.instagram.com\\\/handballfinland\\\/\"]},{\"@type\":\"Person\",\"@id\":\"https:\\\/\\\/aktialiiga.fi\\\/naiset\\\/#\\\/schema\\\/person\\\/c14bf42f47041db74603c45afcb18d87\",\"name\":\"tbrmedia\",\"image\":{\"@type\":\"ImageObject\",\"inLanguage\":\"fi\",\"@id\":\"https:\\\/\\\/secure.gravatar.com\\\/avatar\\\/ee975fa091fe581d12b60debb3439022686618368a7c142044c56724d4666b16?s=96&d=mm&r=g\",\"url\":\"https:\\\/\\\/secure.gravatar.com\\\/avatar\\\/ee975fa091fe581d12b60debb3439022686618368a7c142044c56724d4666b16?s=96&d=mm&r=g\",\"contentUrl\":\"https:\\\/\\\/secure.gravatar.com\\\/avatar\\\/ee975fa091fe581d12b60debb3439022686618368a7c142044c56724d4666b16?s=96&d=mm&r=g\",\"caption\":\"tbrmedia\"}}]}<\/script>\n<!-- \/ Yoast SEO plugin. -->","yoast_head_json":{"title":"Dicken avasi v\u00e4lier\u00e4t selv\u00e4ll\u00e4 voitolla | K\u00e4sipallon naisten Aktialiiga","robots":{"index":"index","follow":"follow","max-snippet":"max-snippet:-1","max-image-preview":"max-image-preview:large","max-video-preview":"max-video-preview:-1"},"canonical":"https:\/\/aktialiiga.fi\/naiset\/2016-2017\/ottelut-2016-2017\/dicken-avasi-valierat-selvalla-voitolla\/","og_locale":"fi_FI","og_type":"article","og_title":"Dicken avasi v\u00e4lier\u00e4t selv\u00e4ll\u00e4 voitolla | K\u00e4sipallon naisten Aktialiiga","og_description":"Dicken ei antanut \u00c5IFK:n yll\u00e4tt\u00e4\u00e4, vaan avasi v\u00e4lier\u00e4pelit selv\u00e4ll\u00e4 33-24 (14-11)-voitolla. Ensimm\u00e4inen puoliaika oli viel\u00e4 tasainen ja \u00c5IFK pysyi kotijoukkueen kannassa. Dicken vei avausjaksoa ja johti parhaimmillaan viidell\u00e4 maalilla, mutta \u00c5IFK:n loppukiri toi turkulaiset kolmen maalin p\u00e4\u00e4h\u00e4n tauolle ment\u00e4ess\u00e4. Dicken ratkaisi ottelun kuitenkin heti toisen puoliajan alussa, kun se vei ensimm\u00e4isen pariminuuttisen 3-0 ja pudotti [&hellip;]","og_url":"https:\/\/aktialiiga.fi\/naiset\/2016-2017\/ottelut-2016-2017\/dicken-avasi-valierat-selvalla-voitolla\/","og_site_name":"K\u00e4sipallon naisten Aktialiiga","article_publisher":"https:\/\/www.facebook.com\/finnhandball","article_published_time":"2017-04-01T14:28:22+00:00","article_modified_time":"2018-04-20T09:44:14+00:00","og_image":[{"width":711,"height":320,"url":"https:\/\/aktialiiga.fi\/naiset\/wp-content\/uploads\/sites\/6\/2017\/04\/nylund_karolina_dicken_2017.jpg","type":"image\/jpeg"}],"author":"tbrmedia","twitter_card":"summary_large_image","twitter_creator":"@finnhandball","twitter_site":"@finnhandball","schema":{"@context":"https:\/\/schema.org","@graph":[{"@type":"Article","@id":"https:\/\/aktialiiga.fi\/naiset\/2016-2017\/ottelut-2016-2017\/dicken-avasi-valierat-selvalla-voitolla\/#article","isPartOf":{"@id":"https:\/\/aktialiiga.fi\/naiset\/2016-2017\/ottelut-2016-2017\/dicken-avasi-valierat-selvalla-voitolla\/"},"author":{"name":"tbrmedia","@id":"https:\/\/aktialiiga.fi\/naiset\/#\/schema\/person\/c14bf42f47041db74603c45afcb18d87"},"headline":"Dicken avasi v\u00e4lier\u00e4t selv\u00e4ll\u00e4 voitolla","datePublished":"2017-04-01T14:28:22+00:00","dateModified":"2018-04-20T09:44:14+00:00","mainEntityOfPage":{"@id":"https:\/\/aktialiiga.fi\/naiset\/2016-2017\/ottelut-2016-2017\/dicken-avasi-valierat-selvalla-voitolla\/"},"wordCount":301,"publisher":{"@id":"https:\/\/aktialiiga.fi\/naiset\/#organization"},"image":{"@id":"https:\/\/aktialiiga.fi\/naiset\/2016-2017\/ottelut-2016-2017\/dicken-avasi-valierat-selvalla-voitolla\/#primaryimage"},"thumbnailUrl":"https:\/\/aktialiiga.fi\/naiset\/wp-content\/uploads\/sites\/6\/2017\/04\/nylund_karolina_dicken_2017.jpg","keywords":["Dicken","\u00c5IFK"],"articleSection":["Ottelut"],"inLanguage":"fi"},{"@type":"WebPage","@id":"https:\/\/aktialiiga.fi\/naiset\/2016-2017\/ottelut-2016-2017\/dicken-avasi-valierat-selvalla-voitolla\/","url":"https:\/\/aktialiiga.fi\/naiset\/2016-2017\/ottelut-2016-2017\/dicken-avasi-valierat-selvalla-voitolla\/","name":"Dicken avasi v\u00e4lier\u00e4t selv\u00e4ll\u00e4 voitolla | K\u00e4sipallon naisten Aktialiiga","isPartOf":{"@id":"https:\/\/aktialiiga.fi\/naiset\/#website"},"primaryImageOfPage":{"@id":"https:\/\/aktialiiga.fi\/naiset\/2016-2017\/ottelut-2016-2017\/dicken-avasi-valierat-selvalla-voitolla\/#primaryimage"},"image":{"@id":"https:\/\/aktialiiga.fi\/naiset\/2016-2017\/ottelut-2016-2017\/dicken-avasi-valierat-selvalla-voitolla\/#primaryimage"},"thumbnailUrl":"https:\/\/aktialiiga.fi\/naiset\/wp-content\/uploads\/sites\/6\/2017\/04\/nylund_karolina_dicken_2017.jpg","datePublished":"2017-04-01T14:28:22+00:00","dateModified":"2018-04-20T09:44:14+00:00","breadcrumb":{"@id":"https:\/\/aktialiiga.fi\/naiset\/2016-2017\/ottelut-2016-2017\/dicken-avasi-valierat-selvalla-voitolla\/#breadcrumb"},"inLanguage":"fi","potentialAction":[{"@type":"ReadAction","target":["https:\/\/aktialiiga.fi\/naiset\/2016-2017\/ottelut-2016-2017\/dicken-avasi-valierat-selvalla-voitolla\/"]}]},{"@type":"ImageObject","inLanguage":"fi","@id":"https:\/\/aktialiiga.fi\/naiset\/2016-2017\/ottelut-2016-2017\/dicken-avasi-valierat-selvalla-voitolla\/#primaryimage","url":"https:\/\/aktialiiga.fi\/naiset\/wp-content\/uploads\/sites\/6\/2017\/04\/nylund_karolina_dicken_2017.jpg","contentUrl":"https:\/\/aktialiiga.fi\/naiset\/wp-content\/uploads\/sites\/6\/2017\/04\/nylund_karolina_dicken_2017.jpg","width":711,"height":320,"caption":"Karolina Nylund, Dicken, K\u00e4sipallon Naisten SM - liiga, HIFK - Dicken , Helsingin urheilutalolla, Helsingiss\u00e4 1. Maaliskuuta 2017. (Matti Matikainen\/Newspix24)"},{"@type":"BreadcrumbList","@id":"https:\/\/aktialiiga.fi\/naiset\/2016-2017\/ottelut-2016-2017\/dicken-avasi-valierat-selvalla-voitolla\/#breadcrumb","itemListElement":[{"@type":"ListItem","position":1,"name":"Etusivu","item":"https:\/\/aktialiiga.fi\/naiset\/"},{"@type":"ListItem","position":2,"name":"Dicken avasi v\u00e4lier\u00e4t selv\u00e4ll\u00e4 voitolla"}]},{"@type":"WebSite","@id":"https:\/\/aktialiiga.fi\/naiset\/#website","url":"https:\/\/aktialiiga.fi\/naiset\/","name":"K\u00e4sipallon naisten Aktialiiga","description":"Valtakunnan vauhdikkainta palloilua!","publisher":{"@id":"https:\/\/aktialiiga.fi\/naiset\/#organization"},"potentialAction":[{"@type":"SearchAction","target":{"@type":"EntryPoint","urlTemplate":"https:\/\/aktialiiga.fi\/naiset\/?s={search_term_string}"},"query-input":{"@type":"PropertyValueSpecification","valueRequired":true,"valueName":"search_term_string"}}],"inLanguage":"fi"},{"@type":"Organization","@id":"https:\/\/aktialiiga.fi\/naiset\/#organization","name":"K\u00e4sipallon naisten Aktialiiga","url":"https:\/\/aktialiiga.fi\/naiset\/","logo":{"@type":"ImageObject","inLanguage":"fi","@id":"https:\/\/aktialiiga.fi\/naiset\/#\/schema\/logo\/image\/","url":"https:\/\/aktialiiga.fi\/naiset\/wp-content\/uploads\/sites\/6\/2024\/09\/Aktialiiga-Yoast-512.png","contentUrl":"https:\/\/aktialiiga.fi\/naiset\/wp-content\/uploads\/sites\/6\/2024\/09\/Aktialiiga-Yoast-512.png","width":512,"height":512,"caption":"K\u00e4sipallon naisten Aktialiiga"},"image":{"@id":"https:\/\/aktialiiga.fi\/naiset\/#\/schema\/logo\/image\/"},"sameAs":["https:\/\/www.facebook.com\/finnhandball","https:\/\/x.com\/finnhandball","https:\/\/www.instagram.com\/handballfinland\/"]},{"@type":"Person","@id":"https:\/\/aktialiiga.fi\/naiset\/#\/schema\/person\/c14bf42f47041db74603c45afcb18d87","name":"tbrmedia","image":{"@type":"ImageObject","inLanguage":"fi","@id":"https:\/\/secure.gravatar.com\/avatar\/ee975fa091fe581d12b60debb3439022686618368a7c142044c56724d4666b16?s=96&d=mm&r=g","url":"https:\/\/secure.gravatar.com\/avatar\/ee975fa091fe581d12b60debb3439022686618368a7c142044c56724d4666b16?s=96&d=mm&r=g","contentUrl":"https:\/\/secure.gravatar.com\/avatar\/ee975fa091fe581d12b60debb3439022686618368a7c142044c56724d4666b16?s=96&d=mm&r=g","caption":"tbrmedia"}}]}},"jetpack_featured_media_url":"https:\/\/aktialiiga.fi\/naiset\/wp-content\/uploads\/sites\/6\/2017\/04\/nylund_karolina_dicken_2017.jpg","jetpack_sharing_enabled":true,"jetpack_shortlink":"https:\/\/wp.me\/pfYhm6-3II","_links":{"self":[{"href":"https:\/\/aktialiiga.fi\/naiset\/wp-json\/wp\/v2\/posts\/14304","targetHints":{"allow":["GET"]}}],"collection":[{"href":"https:\/\/aktialiiga.fi\/naiset\/wp-json\/wp\/v2\/posts"}],"about":[{"href":"https:\/\/aktialiiga.fi\/naiset\/wp-json\/wp\/v2\/types\/post"}],"author":[{"embeddable":true,"href":"https:\/\/aktialiiga.fi\/naiset\/wp-json\/wp\/v2\/users\/13"}],"replies":[{"embeddable":true,"href":"https:\/\/aktialiiga.fi\/naiset\/wp-json\/wp\/v2\/comments?post=14304"}],"version-history":[{"count":0,"href":"https:\/\/aktialiiga.fi\/naiset\/wp-json\/wp\/v2\/posts\/14304\/revisions"}],"wp:featuredmedia":[{"embeddable":true,"href":"https:\/\/aktialiiga.fi\/naiset\/wp-json\/wp\/v2\/media\/14305"}],"wp:attachment":[{"href":"https:\/\/aktialiiga.fi\/naiset\/wp-json\/wp\/v2\/media?parent=14304"}],"wp:term":[{"taxonomy":"category","embeddable":true,"href":"https:\/\/aktialiiga.fi\/naiset\/wp-json\/wp\/v2\/categories?post=14304"},{"taxonomy":"post_tag","embeddable":true,"href":"https:\/\/aktialiiga.fi\/naiset\/wp-json\/wp\/v2\/tags?post=14304"}],"curies":[{"name":"wp","href":"https:\/\/api.w.org\/{rel}","templated":true}]}}