{"id":14369,"date":"2017-04-22T18:56:19","date_gmt":"2017-04-22T15:56:19","guid":{"rendered":"https:\/\/aktialiiga.fi\/naiset\/?p=14369"},"modified":"2018-04-20T12:44:09","modified_gmt":"2018-04-20T09:44:09","slug":"sif-vei-pronssimitalit-nimiinsa","status":"publish","type":"post","link":"https:\/\/aktialiiga.fi\/naiset\/2016-2017\/ottelut-2016-2017\/sif-vei-pronssimitalit-nimiinsa\/","title":{"rendered":"SIF vei pronssimitalit nimiins\u00e4"},"content":{"rendered":"<p>SIF vei pronssimitalit kaudella 2016-17 nimiins\u00e4 \u00c5IFK:n annettua kuitenkin tiukan vastuksen.<\/p>\n<p>\u00c5IFK l\u00e4hti otteluun nelj\u00e4n maalin takaa-ajomatkalta, mutta kiri eron umpeen ja otti jo yhteismaalissa johdonkin viety\u00e4\u00e4n ensimm\u00e4isen 15-minuuttisen maalein 9-2. T\u00e4m\u00e4n j\u00e4lkeen SIF p\u00e4\u00e4si peliin mukaan ja alkoi kuroa eroa kiinni, mutta viel\u00e4 tauolla \u00c5IFK oli niukasti kiinni pronssimitaleissa.<\/p>\n<p>SIF:n kiri alkoi toisen jakson ensimm\u00e4isen kymmenminuuttisen ollessa t\u00e4yttym\u00e4ss\u00e4 ja numerot tasoittuivat nopeasti. Tasaisesti edettiin aina loppuminuuteille saakka ja vaikka \u00c5IFK vei pelin niukasti nimiins\u00e4, riitti SIF:n avausosassa hankkima johto pronssiin kolmen maalin erolla.<\/p>\n<p>SIF-luotsi Harry Wikstr\u00f6m oli kokonaisuuteen tyytyv\u00e4inen huolimatta lauantain niukasta tappiosta.<\/p>\n<p>&#8211; Hyvin teimme ty\u00f6t\u00e4 puolustuksessa koko ottelun. Toisella puoliajalla saimme hy\u00f6kk\u00e4yspelin kuntoon ja kaikki uskalsivat, Wikstr\u00f6m kiitteli.<\/p>\n<p>\u00c5IFK-piiskuri Besim Qerimi j\u00e4i harmittelemaan hyv\u00e4n alun sulamista, mutta antoi samalla t\u00e4yden tunnustuksen vastustajalle.<\/p>\n<p>&#8211; Siuntio ansaitsi voiton. Hallitsimme ottelua, mutta jostain syyst\u00e4 kadotimme johdon. Toisella puoliajalla meill\u00e4 oli musta jakso josta emme palautuneet. Siuntiolla olla oli enemm\u00e4n kokemusta ja se ratkaisi, kun paineet kasvoivat liikaa, meill\u00e4 meni peli lukkoon, Qerimi mietti.<\/p>\n<p>Moa Wasstr\u00f6m vei ottelun vakuuttavimman pelaajan tittelin, mutta ei ollut kovin tyytyv\u00e4inen esitykseen.<\/p>\n<p>&#8211; Teimme alun liian vaikeaksi itsellemme. Hy\u00f6kk\u00e4yspelist\u00e4 puuttui syvyys ja emme hy\u00f6dynt\u00e4neet maalitilaisuuksia niin kuin olisi pit\u00e4nyt. Tunsimme paineet vaikka ottelu alkoi nelj\u00e4n maalin johtoasemasta.<\/p>\n<p>&#8211; Tauolla puhuimme paljon asenteesta ja jokaisen omasta vastuusta. Sen ja loistavan kotiyleis\u00f6n tuen avulla pystyimme parantamaan peli\u00e4mme ja ryhdyimme vihdoin pelaamaan joukkueena, Wasstr\u00f6m antoi tunnustusta Folksam Arenan tuelle.<\/p>\n<p><em><strong>2. pronssiottelu:<\/strong><\/em><br \/>\n<strong>SIF &#8211; \u00c5IFK 26-27 (9-14)<\/strong><br \/>\nSIF:lle pronssia yhteismaalein 57-54.<\/p>\n<p><strong>Maalintekij\u00e4t<\/strong><br \/>\nSIF: Lindholm Sofie 6, Lindholm Madeleine 6, Voutilainen Ellen 5, Jensen Corinna 4, Sj\u00f6lund Elin 2, Weurlander Anna-Mi 1, Wasstr\u00f6m Moa 1, Pietil\u00e4inen Aino 1<br \/>\n\u00c5IFK: Harri Anna 10, Norrgrann Ellen 6, Sj\u00f6blom Malin 3, Pettersson Sara 3, Lindbom Ingrid 2, Symes Elin 1, Sk\u00f6n Emilia 1, Dahl Emilia 1<\/p>\n<p><strong>L\u00e4hiTapiola-t\u00e4htipelaajat<\/strong><br \/>\nWasstr\u00f6m Moa, SIF 3<br \/>\nHarri Anna, \u00c5IFK 2<br \/>\nVoutilainen Ellen, SIF 1<\/p>\n<p><strong>2 min ulosajot sek\u00e4 pelist\u00e4 sulkemiset<\/strong><br \/>\nSIF: Jensen Corinna 2 x 2 min, Weurlander Anna-Mi 2 x 2 min<br \/>\n\u00c5IFK: Harri Anna 1 x 2 min, Sj\u00f6blom Malin 1 x 2 min<\/p>\n<p><em>Erotuomarit<\/em>: R\u00f6nnberg Jan &#8211; Skogberg Johan<\/p>\n<p><em>Yleis\u00f6\u00e4<\/em>: 292<\/p>\n","protected":false},"excerpt":{"rendered":"<p>SIF vei pronssimitalit kaudella 2016-17 nimiins\u00e4 \u00c5IFK:n annettua kuitenkin tiukan vastuksen. \u00c5IFK l\u00e4hti otteluun nelj\u00e4n maalin takaa-ajomatkalta, mutta kiri eron umpeen ja otti jo yhteismaalissa johdonkin viety\u00e4\u00e4n ensimm\u00e4isen 15-minuuttisen maalein 9-2. T\u00e4m\u00e4n j\u00e4lkeen SIF p\u00e4\u00e4si peliin mukaan ja alkoi kuroa eroa kiinni, mutta viel\u00e4 tauolla \u00c5IFK oli niukasti kiinni pronssimitaleissa. SIF:n kiri alkoi toisen jakson [&hellip;]<\/p>\n","protected":false},"author":13,"featured_media":13889,"comment_status":"closed","ping_status":"open","sticky":false,"template":"","format":"standard","meta":{"_acf_changed":false,"jetpack_post_was_ever_published":false,"_jetpack_newsletter_access":"","_jetpack_dont_email_post_to_subs":false,"_jetpack_newsletter_tier_id":0,"_jetpack_memberships_contains_paywalled_content":false,"_jetpack_memberships_contains_paid_content":false,"footnotes":""},"categories":[21],"tags":[81,45],"class_list":["post-14369","post","type-post","status-publish","format-standard","has-post-thumbnail","hentry","category-ottelut-2016-2017","tag-sif","tag-aifk"],"acf":[],"yoast_head":"<!-- This site is optimized with the Yoast SEO plugin v27.5 - https:\/\/yoast.com\/product\/yoast-seo-wordpress\/ -->\n<title>SIF vei pronssimitalit nimiins\u00e4 | K\u00e4sipallon naisten Aktialiiga<\/title>\n<meta name=\"robots\" content=\"index, follow, max-snippet:-1, max-image-preview:large, max-video-preview:-1\" \/>\n<link rel=\"canonical\" href=\"https:\/\/aktialiiga.fi\/naiset\/2016-2017\/ottelut-2016-2017\/sif-vei-pronssimitalit-nimiinsa\/\" \/>\n<meta property=\"og:locale\" content=\"fi_FI\" \/>\n<meta property=\"og:type\" content=\"article\" \/>\n<meta property=\"og:title\" content=\"SIF vei pronssimitalit nimiins\u00e4 | K\u00e4sipallon naisten Aktialiiga\" \/>\n<meta property=\"og:description\" content=\"SIF vei pronssimitalit kaudella 2016-17 nimiins\u00e4 \u00c5IFK:n annettua kuitenkin tiukan vastuksen. \u00c5IFK l\u00e4hti otteluun nelj\u00e4n maalin takaa-ajomatkalta, mutta kiri eron umpeen ja otti jo yhteismaalissa johdonkin viety\u00e4\u00e4n ensimm\u00e4isen 15-minuuttisen maalein 9-2. T\u00e4m\u00e4n j\u00e4lkeen SIF p\u00e4\u00e4si peliin mukaan ja alkoi kuroa eroa kiinni, mutta viel\u00e4 tauolla \u00c5IFK oli niukasti kiinni pronssimitaleissa. SIF:n kiri alkoi toisen jakson [&hellip;]\" \/>\n<meta property=\"og:url\" content=\"https:\/\/aktialiiga.fi\/naiset\/2016-2017\/ottelut-2016-2017\/sif-vei-pronssimitalit-nimiinsa\/\" \/>\n<meta property=\"og:site_name\" content=\"K\u00e4sipallon naisten Aktialiiga\" \/>\n<meta property=\"article:publisher\" content=\"https:\/\/www.facebook.com\/finnhandball\" \/>\n<meta property=\"article:published_time\" content=\"2017-04-22T15:56:19+00:00\" \/>\n<meta property=\"article:modified_time\" content=\"2018-04-20T09:44:09+00:00\" \/>\n<meta property=\"og:image\" content=\"https:\/\/aktialiiga.fi\/naiset\/wp-content\/uploads\/sites\/6\/2017\/01\/barck_maria_2016_sif.jpg\" \/>\n\t<meta property=\"og:image:width\" content=\"711\" \/>\n\t<meta property=\"og:image:height\" content=\"320\" \/>\n\t<meta property=\"og:image:type\" content=\"image\/jpeg\" \/>\n<meta name=\"author\" content=\"tbrmedia\" \/>\n<meta name=\"twitter:card\" content=\"summary_large_image\" \/>\n<meta name=\"twitter:creator\" content=\"@finnhandball\" \/>\n<meta name=\"twitter:site\" content=\"@finnhandball\" \/>\n<script type=\"application\/ld+json\" class=\"yoast-schema-graph\">{\"@context\":\"https:\\\/\\\/schema.org\",\"@graph\":[{\"@type\":\"Article\",\"@id\":\"https:\\\/\\\/aktialiiga.fi\\\/naiset\\\/2016-2017\\\/ottelut-2016-2017\\\/sif-vei-pronssimitalit-nimiinsa\\\/#article\",\"isPartOf\":{\"@id\":\"https:\\\/\\\/aktialiiga.fi\\\/naiset\\\/2016-2017\\\/ottelut-2016-2017\\\/sif-vei-pronssimitalit-nimiinsa\\\/\"},\"author\":{\"name\":\"tbrmedia\",\"@id\":\"https:\\\/\\\/aktialiiga.fi\\\/naiset\\\/#\\\/schema\\\/person\\\/c14bf42f47041db74603c45afcb18d87\"},\"headline\":\"SIF vei pronssimitalit nimiins\u00e4\",\"datePublished\":\"2017-04-22T15:56:19+00:00\",\"dateModified\":\"2018-04-20T09:44:09+00:00\",\"mainEntityOfPage\":{\"@id\":\"https:\\\/\\\/aktialiiga.fi\\\/naiset\\\/2016-2017\\\/ottelut-2016-2017\\\/sif-vei-pronssimitalit-nimiinsa\\\/\"},\"wordCount\":366,\"publisher\":{\"@id\":\"https:\\\/\\\/aktialiiga.fi\\\/naiset\\\/#organization\"},\"image\":{\"@id\":\"https:\\\/\\\/aktialiiga.fi\\\/naiset\\\/2016-2017\\\/ottelut-2016-2017\\\/sif-vei-pronssimitalit-nimiinsa\\\/#primaryimage\"},\"thumbnailUrl\":\"https:\\\/\\\/aktialiiga.fi\\\/naiset\\\/wp-content\\\/uploads\\\/sites\\\/6\\\/2017\\\/01\\\/barck_maria_2016_sif.jpg\",\"keywords\":[\"SIF\",\"\u00c5IFK\"],\"articleSection\":[\"Ottelut\"],\"inLanguage\":\"fi\"},{\"@type\":\"WebPage\",\"@id\":\"https:\\\/\\\/aktialiiga.fi\\\/naiset\\\/2016-2017\\\/ottelut-2016-2017\\\/sif-vei-pronssimitalit-nimiinsa\\\/\",\"url\":\"https:\\\/\\\/aktialiiga.fi\\\/naiset\\\/2016-2017\\\/ottelut-2016-2017\\\/sif-vei-pronssimitalit-nimiinsa\\\/\",\"name\":\"SIF vei pronssimitalit nimiins\u00e4 | K\u00e4sipallon naisten Aktialiiga\",\"isPartOf\":{\"@id\":\"https:\\\/\\\/aktialiiga.fi\\\/naiset\\\/#website\"},\"primaryImageOfPage\":{\"@id\":\"https:\\\/\\\/aktialiiga.fi\\\/naiset\\\/2016-2017\\\/ottelut-2016-2017\\\/sif-vei-pronssimitalit-nimiinsa\\\/#primaryimage\"},\"image\":{\"@id\":\"https:\\\/\\\/aktialiiga.fi\\\/naiset\\\/2016-2017\\\/ottelut-2016-2017\\\/sif-vei-pronssimitalit-nimiinsa\\\/#primaryimage\"},\"thumbnailUrl\":\"https:\\\/\\\/aktialiiga.fi\\\/naiset\\\/wp-content\\\/uploads\\\/sites\\\/6\\\/2017\\\/01\\\/barck_maria_2016_sif.jpg\",\"datePublished\":\"2017-04-22T15:56:19+00:00\",\"dateModified\":\"2018-04-20T09:44:09+00:00\",\"breadcrumb\":{\"@id\":\"https:\\\/\\\/aktialiiga.fi\\\/naiset\\\/2016-2017\\\/ottelut-2016-2017\\\/sif-vei-pronssimitalit-nimiinsa\\\/#breadcrumb\"},\"inLanguage\":\"fi\",\"potentialAction\":[{\"@type\":\"ReadAction\",\"target\":[\"https:\\\/\\\/aktialiiga.fi\\\/naiset\\\/2016-2017\\\/ottelut-2016-2017\\\/sif-vei-pronssimitalit-nimiinsa\\\/\"]}]},{\"@type\":\"ImageObject\",\"inLanguage\":\"fi\",\"@id\":\"https:\\\/\\\/aktialiiga.fi\\\/naiset\\\/2016-2017\\\/ottelut-2016-2017\\\/sif-vei-pronssimitalit-nimiinsa\\\/#primaryimage\",\"url\":\"https:\\\/\\\/aktialiiga.fi\\\/naiset\\\/wp-content\\\/uploads\\\/sites\\\/6\\\/2017\\\/01\\\/barck_maria_2016_sif.jpg\",\"contentUrl\":\"https:\\\/\\\/aktialiiga.fi\\\/naiset\\\/wp-content\\\/uploads\\\/sites\\\/6\\\/2017\\\/01\\\/barck_maria_2016_sif.jpg\",\"width\":711,\"height\":320,\"caption\":\"K\u00e4sipallon Suomen cup finaali 3. joulukuuta 2016. (Kalle Parkkinen\\\/Newspix24)\"},{\"@type\":\"BreadcrumbList\",\"@id\":\"https:\\\/\\\/aktialiiga.fi\\\/naiset\\\/2016-2017\\\/ottelut-2016-2017\\\/sif-vei-pronssimitalit-nimiinsa\\\/#breadcrumb\",\"itemListElement\":[{\"@type\":\"ListItem\",\"position\":1,\"name\":\"Etusivu\",\"item\":\"https:\\\/\\\/aktialiiga.fi\\\/naiset\\\/\"},{\"@type\":\"ListItem\",\"position\":2,\"name\":\"SIF vei pronssimitalit nimiins\u00e4\"}]},{\"@type\":\"WebSite\",\"@id\":\"https:\\\/\\\/aktialiiga.fi\\\/naiset\\\/#website\",\"url\":\"https:\\\/\\\/aktialiiga.fi\\\/naiset\\\/\",\"name\":\"K\u00e4sipallon naisten Aktialiiga\",\"description\":\"Valtakunnan vauhdikkainta palloilua!\",\"publisher\":{\"@id\":\"https:\\\/\\\/aktialiiga.fi\\\/naiset\\\/#organization\"},\"potentialAction\":[{\"@type\":\"SearchAction\",\"target\":{\"@type\":\"EntryPoint\",\"urlTemplate\":\"https:\\\/\\\/aktialiiga.fi\\\/naiset\\\/?s={search_term_string}\"},\"query-input\":{\"@type\":\"PropertyValueSpecification\",\"valueRequired\":true,\"valueName\":\"search_term_string\"}}],\"inLanguage\":\"fi\"},{\"@type\":\"Organization\",\"@id\":\"https:\\\/\\\/aktialiiga.fi\\\/naiset\\\/#organization\",\"name\":\"K\u00e4sipallon naisten Aktialiiga\",\"url\":\"https:\\\/\\\/aktialiiga.fi\\\/naiset\\\/\",\"logo\":{\"@type\":\"ImageObject\",\"inLanguage\":\"fi\",\"@id\":\"https:\\\/\\\/aktialiiga.fi\\\/naiset\\\/#\\\/schema\\\/logo\\\/image\\\/\",\"url\":\"https:\\\/\\\/aktialiiga.fi\\\/naiset\\\/wp-content\\\/uploads\\\/sites\\\/6\\\/2024\\\/09\\\/Aktialiiga-Yoast-512.png\",\"contentUrl\":\"https:\\\/\\\/aktialiiga.fi\\\/naiset\\\/wp-content\\\/uploads\\\/sites\\\/6\\\/2024\\\/09\\\/Aktialiiga-Yoast-512.png\",\"width\":512,\"height\":512,\"caption\":\"K\u00e4sipallon naisten Aktialiiga\"},\"image\":{\"@id\":\"https:\\\/\\\/aktialiiga.fi\\\/naiset\\\/#\\\/schema\\\/logo\\\/image\\\/\"},\"sameAs\":[\"https:\\\/\\\/www.facebook.com\\\/finnhandball\",\"https:\\\/\\\/x.com\\\/finnhandball\",\"https:\\\/\\\/www.instagram.com\\\/handballfinland\\\/\"]},{\"@type\":\"Person\",\"@id\":\"https:\\\/\\\/aktialiiga.fi\\\/naiset\\\/#\\\/schema\\\/person\\\/c14bf42f47041db74603c45afcb18d87\",\"name\":\"tbrmedia\",\"image\":{\"@type\":\"ImageObject\",\"inLanguage\":\"fi\",\"@id\":\"https:\\\/\\\/secure.gravatar.com\\\/avatar\\\/ee975fa091fe581d12b60debb3439022686618368a7c142044c56724d4666b16?s=96&d=mm&r=g\",\"url\":\"https:\\\/\\\/secure.gravatar.com\\\/avatar\\\/ee975fa091fe581d12b60debb3439022686618368a7c142044c56724d4666b16?s=96&d=mm&r=g\",\"contentUrl\":\"https:\\\/\\\/secure.gravatar.com\\\/avatar\\\/ee975fa091fe581d12b60debb3439022686618368a7c142044c56724d4666b16?s=96&d=mm&r=g\",\"caption\":\"tbrmedia\"}}]}<\/script>\n<!-- \/ Yoast SEO plugin. -->","yoast_head_json":{"title":"SIF vei pronssimitalit nimiins\u00e4 | K\u00e4sipallon naisten Aktialiiga","robots":{"index":"index","follow":"follow","max-snippet":"max-snippet:-1","max-image-preview":"max-image-preview:large","max-video-preview":"max-video-preview:-1"},"canonical":"https:\/\/aktialiiga.fi\/naiset\/2016-2017\/ottelut-2016-2017\/sif-vei-pronssimitalit-nimiinsa\/","og_locale":"fi_FI","og_type":"article","og_title":"SIF vei pronssimitalit nimiins\u00e4 | K\u00e4sipallon naisten Aktialiiga","og_description":"SIF vei pronssimitalit kaudella 2016-17 nimiins\u00e4 \u00c5IFK:n annettua kuitenkin tiukan vastuksen. \u00c5IFK l\u00e4hti otteluun nelj\u00e4n maalin takaa-ajomatkalta, mutta kiri eron umpeen ja otti jo yhteismaalissa johdonkin viety\u00e4\u00e4n ensimm\u00e4isen 15-minuuttisen maalein 9-2. T\u00e4m\u00e4n j\u00e4lkeen SIF p\u00e4\u00e4si peliin mukaan ja alkoi kuroa eroa kiinni, mutta viel\u00e4 tauolla \u00c5IFK oli niukasti kiinni pronssimitaleissa. SIF:n kiri alkoi toisen jakson [&hellip;]","og_url":"https:\/\/aktialiiga.fi\/naiset\/2016-2017\/ottelut-2016-2017\/sif-vei-pronssimitalit-nimiinsa\/","og_site_name":"K\u00e4sipallon naisten Aktialiiga","article_publisher":"https:\/\/www.facebook.com\/finnhandball","article_published_time":"2017-04-22T15:56:19+00:00","article_modified_time":"2018-04-20T09:44:09+00:00","og_image":[{"width":711,"height":320,"url":"https:\/\/aktialiiga.fi\/naiset\/wp-content\/uploads\/sites\/6\/2017\/01\/barck_maria_2016_sif.jpg","type":"image\/jpeg"}],"author":"tbrmedia","twitter_card":"summary_large_image","twitter_creator":"@finnhandball","twitter_site":"@finnhandball","schema":{"@context":"https:\/\/schema.org","@graph":[{"@type":"Article","@id":"https:\/\/aktialiiga.fi\/naiset\/2016-2017\/ottelut-2016-2017\/sif-vei-pronssimitalit-nimiinsa\/#article","isPartOf":{"@id":"https:\/\/aktialiiga.fi\/naiset\/2016-2017\/ottelut-2016-2017\/sif-vei-pronssimitalit-nimiinsa\/"},"author":{"name":"tbrmedia","@id":"https:\/\/aktialiiga.fi\/naiset\/#\/schema\/person\/c14bf42f47041db74603c45afcb18d87"},"headline":"SIF vei pronssimitalit nimiins\u00e4","datePublished":"2017-04-22T15:56:19+00:00","dateModified":"2018-04-20T09:44:09+00:00","mainEntityOfPage":{"@id":"https:\/\/aktialiiga.fi\/naiset\/2016-2017\/ottelut-2016-2017\/sif-vei-pronssimitalit-nimiinsa\/"},"wordCount":366,"publisher":{"@id":"https:\/\/aktialiiga.fi\/naiset\/#organization"},"image":{"@id":"https:\/\/aktialiiga.fi\/naiset\/2016-2017\/ottelut-2016-2017\/sif-vei-pronssimitalit-nimiinsa\/#primaryimage"},"thumbnailUrl":"https:\/\/aktialiiga.fi\/naiset\/wp-content\/uploads\/sites\/6\/2017\/01\/barck_maria_2016_sif.jpg","keywords":["SIF","\u00c5IFK"],"articleSection":["Ottelut"],"inLanguage":"fi"},{"@type":"WebPage","@id":"https:\/\/aktialiiga.fi\/naiset\/2016-2017\/ottelut-2016-2017\/sif-vei-pronssimitalit-nimiinsa\/","url":"https:\/\/aktialiiga.fi\/naiset\/2016-2017\/ottelut-2016-2017\/sif-vei-pronssimitalit-nimiinsa\/","name":"SIF vei pronssimitalit nimiins\u00e4 | K\u00e4sipallon naisten Aktialiiga","isPartOf":{"@id":"https:\/\/aktialiiga.fi\/naiset\/#website"},"primaryImageOfPage":{"@id":"https:\/\/aktialiiga.fi\/naiset\/2016-2017\/ottelut-2016-2017\/sif-vei-pronssimitalit-nimiinsa\/#primaryimage"},"image":{"@id":"https:\/\/aktialiiga.fi\/naiset\/2016-2017\/ottelut-2016-2017\/sif-vei-pronssimitalit-nimiinsa\/#primaryimage"},"thumbnailUrl":"https:\/\/aktialiiga.fi\/naiset\/wp-content\/uploads\/sites\/6\/2017\/01\/barck_maria_2016_sif.jpg","datePublished":"2017-04-22T15:56:19+00:00","dateModified":"2018-04-20T09:44:09+00:00","breadcrumb":{"@id":"https:\/\/aktialiiga.fi\/naiset\/2016-2017\/ottelut-2016-2017\/sif-vei-pronssimitalit-nimiinsa\/#breadcrumb"},"inLanguage":"fi","potentialAction":[{"@type":"ReadAction","target":["https:\/\/aktialiiga.fi\/naiset\/2016-2017\/ottelut-2016-2017\/sif-vei-pronssimitalit-nimiinsa\/"]}]},{"@type":"ImageObject","inLanguage":"fi","@id":"https:\/\/aktialiiga.fi\/naiset\/2016-2017\/ottelut-2016-2017\/sif-vei-pronssimitalit-nimiinsa\/#primaryimage","url":"https:\/\/aktialiiga.fi\/naiset\/wp-content\/uploads\/sites\/6\/2017\/01\/barck_maria_2016_sif.jpg","contentUrl":"https:\/\/aktialiiga.fi\/naiset\/wp-content\/uploads\/sites\/6\/2017\/01\/barck_maria_2016_sif.jpg","width":711,"height":320,"caption":"K\u00e4sipallon Suomen cup finaali 3. joulukuuta 2016. (Kalle Parkkinen\/Newspix24)"},{"@type":"BreadcrumbList","@id":"https:\/\/aktialiiga.fi\/naiset\/2016-2017\/ottelut-2016-2017\/sif-vei-pronssimitalit-nimiinsa\/#breadcrumb","itemListElement":[{"@type":"ListItem","position":1,"name":"Etusivu","item":"https:\/\/aktialiiga.fi\/naiset\/"},{"@type":"ListItem","position":2,"name":"SIF vei pronssimitalit nimiins\u00e4"}]},{"@type":"WebSite","@id":"https:\/\/aktialiiga.fi\/naiset\/#website","url":"https:\/\/aktialiiga.fi\/naiset\/","name":"K\u00e4sipallon naisten Aktialiiga","description":"Valtakunnan vauhdikkainta palloilua!","publisher":{"@id":"https:\/\/aktialiiga.fi\/naiset\/#organization"},"potentialAction":[{"@type":"SearchAction","target":{"@type":"EntryPoint","urlTemplate":"https:\/\/aktialiiga.fi\/naiset\/?s={search_term_string}"},"query-input":{"@type":"PropertyValueSpecification","valueRequired":true,"valueName":"search_term_string"}}],"inLanguage":"fi"},{"@type":"Organization","@id":"https:\/\/aktialiiga.fi\/naiset\/#organization","name":"K\u00e4sipallon naisten Aktialiiga","url":"https:\/\/aktialiiga.fi\/naiset\/","logo":{"@type":"ImageObject","inLanguage":"fi","@id":"https:\/\/aktialiiga.fi\/naiset\/#\/schema\/logo\/image\/","url":"https:\/\/aktialiiga.fi\/naiset\/wp-content\/uploads\/sites\/6\/2024\/09\/Aktialiiga-Yoast-512.png","contentUrl":"https:\/\/aktialiiga.fi\/naiset\/wp-content\/uploads\/sites\/6\/2024\/09\/Aktialiiga-Yoast-512.png","width":512,"height":512,"caption":"K\u00e4sipallon naisten Aktialiiga"},"image":{"@id":"https:\/\/aktialiiga.fi\/naiset\/#\/schema\/logo\/image\/"},"sameAs":["https:\/\/www.facebook.com\/finnhandball","https:\/\/x.com\/finnhandball","https:\/\/www.instagram.com\/handballfinland\/"]},{"@type":"Person","@id":"https:\/\/aktialiiga.fi\/naiset\/#\/schema\/person\/c14bf42f47041db74603c45afcb18d87","name":"tbrmedia","image":{"@type":"ImageObject","inLanguage":"fi","@id":"https:\/\/secure.gravatar.com\/avatar\/ee975fa091fe581d12b60debb3439022686618368a7c142044c56724d4666b16?s=96&d=mm&r=g","url":"https:\/\/secure.gravatar.com\/avatar\/ee975fa091fe581d12b60debb3439022686618368a7c142044c56724d4666b16?s=96&d=mm&r=g","contentUrl":"https:\/\/secure.gravatar.com\/avatar\/ee975fa091fe581d12b60debb3439022686618368a7c142044c56724d4666b16?s=96&d=mm&r=g","caption":"tbrmedia"}}]}},"jetpack_featured_media_url":"https:\/\/aktialiiga.fi\/naiset\/wp-content\/uploads\/sites\/6\/2017\/01\/barck_maria_2016_sif.jpg","jetpack_sharing_enabled":true,"jetpack_shortlink":"https:\/\/wp.me\/pfYhm6-3JL","_links":{"self":[{"href":"https:\/\/aktialiiga.fi\/naiset\/wp-json\/wp\/v2\/posts\/14369","targetHints":{"allow":["GET"]}}],"collection":[{"href":"https:\/\/aktialiiga.fi\/naiset\/wp-json\/wp\/v2\/posts"}],"about":[{"href":"https:\/\/aktialiiga.fi\/naiset\/wp-json\/wp\/v2\/types\/post"}],"author":[{"embeddable":true,"href":"https:\/\/aktialiiga.fi\/naiset\/wp-json\/wp\/v2\/users\/13"}],"replies":[{"embeddable":true,"href":"https:\/\/aktialiiga.fi\/naiset\/wp-json\/wp\/v2\/comments?post=14369"}],"version-history":[{"count":0,"href":"https:\/\/aktialiiga.fi\/naiset\/wp-json\/wp\/v2\/posts\/14369\/revisions"}],"wp:featuredmedia":[{"embeddable":true,"href":"https:\/\/aktialiiga.fi\/naiset\/wp-json\/wp\/v2\/media\/13889"}],"wp:attachment":[{"href":"https:\/\/aktialiiga.fi\/naiset\/wp-json\/wp\/v2\/media?parent=14369"}],"wp:term":[{"taxonomy":"category","embeddable":true,"href":"https:\/\/aktialiiga.fi\/naiset\/wp-json\/wp\/v2\/categories?post=14369"},{"taxonomy":"post_tag","embeddable":true,"href":"https:\/\/aktialiiga.fi\/naiset\/wp-json\/wp\/v2\/tags?post=14369"}],"curies":[{"name":"wp","href":"https:\/\/api.w.org\/{rel}","templated":true}]}}