{"id":1482,"date":"2011-12-08T10:56:38","date_gmt":"2011-12-08T07:56:38","guid":{"rendered":"https:\/\/www.finnhandball.net\/nsm\/?p=1482"},"modified":"2024-08-28T18:31:40","modified_gmt":"2024-08-28T15:31:40","slug":"dicken-sparta-17-32-9-15","status":"publish","type":"post","link":"https:\/\/aktialiiga.fi\/naiset\/2011-2012\/ottelut\/dicken-sparta-17-32-9-15\/","title":{"rendered":"Dicken\u2013Sparta 17-32 (9-15)"},"content":{"rendered":"<p><strong>&#8211; Sen n\u00e4k\u00f6inen peli, kuin pelin pit\u00e4\u00e4kin olla. Kummatkin juoksivat kovalla vauhdilla, kommentoi Spartan p\u00e4\u00e4valmentaja Jani Vaskola.<\/strong><\/p>\n<p><!--more-->Paikallispeliss\u00e4 Sara J\u00e4ntti teki maaleista viisi ja Inka J\u00e4ntti seitsem\u00e4n. T\u00e4hti\u00e4 sisarukset ker\u00e4siv\u00e4t yhteens\u00e4 viisi. Sparta jatkaa sarjassa toisena, kaksi pistett\u00e4 SIF:\u00e4 per\u00e4ss\u00e4.<\/p>\n<p>&#8211; Hyv\u00e4tempoinen peli molemmin puolin ja laadukasta peli\u00e4. Kummatkin joukkueet tuntevt toisensa hyvin ja osasivat katsoa peli\u00e4 sen mukaan. Loppua kohden leve\u00e4mpi materiaali ja rutiini toi tasaisesti eroa ja voittajasta ei ollut ep\u00e4selvyytt\u00e4, ottelun vakuuttajaksi valittu Sara J\u00e4ntti sanoi.<\/p>\n<p>Nousijajoukkue Dicken on kolmella voitollaan sarjassa seitsem\u00e4nten\u00e4, kun kymmenen ottelua on takana.<\/p>\n<p>&#8211; Pelasimme hyv\u00e4n ensimm\u00e4isen jakson, vaikka tulostaulu n\u00e4yttikin 9-15 puoliajalla. Toisella jaksolla k\u00e4vi kuten monesti aiemminkin kauden aikana. Usko loppui ja tilanteisiin ei menty kuten ensimm\u00e4isell\u00e4 jaksolla. Sparta rankaisi virheist\u00e4 armotta. Kausi ja koulutus ovat viel\u00e4 kesken ajatellen kev\u00e4\u00e4n ratkaisupelej\u00e4, Dickenin Markku Enstr\u00f6m totesi.<\/p>\n<p><strong>Maalintekij\u00e4t<\/strong><\/p>\n<p>Dicken: Lindahl Anna 5, Nylund Karolina 3, Kankainen Kiira 2, Martola Anna 2, Pitk\u00e4j\u00e4rvi Pia-Stina 2, Nylund Sara 1, N\u00e4r\u00e4kk\u00e4 Annika 1, Ratilainen Linda 1.<\/p>\n<p>Sparta:\u00a0J\u00e4ntti Inka 7, Hallio Jessica 5, J\u00e4ntti Sara 5, Kaikko Anni 4, Koskela Katri 4, Manninen Elisa 2, Tanner Erika 2, B\u00f6ckelman Carolina 1, Heiskanen Hanna 1, Lehto Marzanna 1<\/p>\n<p><strong>L\u00e4hivakuutus T\u00e4hdet<\/strong><\/p>\n<p>*** J\u00e4ntti Sara, Sparta<br \/>\n** J\u00e4ntti Inka, Sparta<br \/>\n* B\u00f6ckelman Carolina, Sparta<\/p>\n","protected":false},"excerpt":{"rendered":"<p>&#8211; Sen n\u00e4k\u00f6inen peli, kuin pelin pit\u00e4\u00e4kin olla. Kummatkin juoksivat kovalla vauhdilla, kommentoi Spartan p\u00e4\u00e4valmentaja Jani Vaskola.<\/p>\n","protected":false},"author":13,"featured_media":64,"comment_status":"closed","ping_status":"closed","sticky":false,"template":"","format":"standard","meta":{"_acf_changed":false,"jetpack_post_was_ever_published":false,"_jetpack_newsletter_access":"","_jetpack_dont_email_post_to_subs":false,"_jetpack_newsletter_tier_id":0,"_jetpack_memberships_contains_paywalled_content":false,"_jetpack_memberships_contains_paid_content":false,"footnotes":""},"categories":[16],"tags":[51,84],"class_list":["post-1482","post","type-post","status-publish","format-standard","has-post-thumbnail","hentry","category-ottelut","tag-dicken","tag-sparta"],"acf":[],"yoast_head":"<!-- This site is optimized with the Yoast SEO plugin v27.5 - https:\/\/yoast.com\/product\/yoast-seo-wordpress\/ -->\n<title>Dicken\u2013Sparta 17-32 (9-15) | K\u00e4sipallon naisten Aktialiiga<\/title>\n<meta name=\"robots\" content=\"index, follow, max-snippet:-1, max-image-preview:large, max-video-preview:-1\" \/>\n<link rel=\"canonical\" href=\"https:\/\/aktialiiga.fi\/naiset\/2011-2012\/ottelut\/dicken-sparta-17-32-9-15\/\" \/>\n<meta property=\"og:locale\" content=\"fi_FI\" \/>\n<meta property=\"og:type\" content=\"article\" \/>\n<meta property=\"og:title\" content=\"Dicken\u2013Sparta 17-32 (9-15) | K\u00e4sipallon naisten Aktialiiga\" \/>\n<meta property=\"og:description\" content=\"&#8211; Sen n\u00e4k\u00f6inen peli, kuin pelin pit\u00e4\u00e4kin olla. Kummatkin juoksivat kovalla vauhdilla, kommentoi Spartan p\u00e4\u00e4valmentaja Jani Vaskola.\" \/>\n<meta property=\"og:url\" content=\"https:\/\/aktialiiga.fi\/naiset\/2011-2012\/ottelut\/dicken-sparta-17-32-9-15\/\" \/>\n<meta property=\"og:site_name\" content=\"K\u00e4sipallon naisten Aktialiiga\" \/>\n<meta property=\"article:publisher\" content=\"https:\/\/www.facebook.com\/finnhandball\" \/>\n<meta property=\"article:published_time\" content=\"2011-12-08T07:56:38+00:00\" \/>\n<meta property=\"article:modified_time\" content=\"2024-08-28T15:31:40+00:00\" \/>\n<meta property=\"og:image\" content=\"https:\/\/aktialiiga.fi\/naiset\/wp-content\/uploads\/sites\/6\/2011\/08\/logo-sparta.gif\" \/>\n\t<meta property=\"og:image:width\" content=\"100\" \/>\n\t<meta property=\"og:image:height\" content=\"115\" \/>\n\t<meta property=\"og:image:type\" content=\"image\/gif\" \/>\n<meta name=\"author\" content=\"tbrmedia\" \/>\n<meta name=\"twitter:card\" content=\"summary_large_image\" \/>\n<meta name=\"twitter:creator\" content=\"@finnhandball\" \/>\n<meta name=\"twitter:site\" content=\"@finnhandball\" \/>\n<script type=\"application\/ld+json\" class=\"yoast-schema-graph\">{\"@context\":\"https:\\\/\\\/schema.org\",\"@graph\":[{\"@type\":\"Article\",\"@id\":\"https:\\\/\\\/aktialiiga.fi\\\/naiset\\\/2011-2012\\\/ottelut\\\/dicken-sparta-17-32-9-15\\\/#article\",\"isPartOf\":{\"@id\":\"https:\\\/\\\/aktialiiga.fi\\\/naiset\\\/2011-2012\\\/ottelut\\\/dicken-sparta-17-32-9-15\\\/\"},\"author\":{\"name\":\"tbrmedia\",\"@id\":\"https:\\\/\\\/aktialiiga.fi\\\/naiset\\\/#\\\/schema\\\/person\\\/c14bf42f47041db74603c45afcb18d87\"},\"headline\":\"Dicken\u2013Sparta 17-32 (9-15)\",\"datePublished\":\"2011-12-08T07:56:38+00:00\",\"dateModified\":\"2024-08-28T15:31:40+00:00\",\"mainEntityOfPage\":{\"@id\":\"https:\\\/\\\/aktialiiga.fi\\\/naiset\\\/2011-2012\\\/ottelut\\\/dicken-sparta-17-32-9-15\\\/\"},\"wordCount\":225,\"publisher\":{\"@id\":\"https:\\\/\\\/aktialiiga.fi\\\/naiset\\\/#organization\"},\"image\":{\"@id\":\"https:\\\/\\\/aktialiiga.fi\\\/naiset\\\/2011-2012\\\/ottelut\\\/dicken-sparta-17-32-9-15\\\/#primaryimage\"},\"thumbnailUrl\":\"https:\\\/\\\/aktialiiga.fi\\\/naiset\\\/wp-content\\\/uploads\\\/sites\\\/6\\\/2011\\\/08\\\/logo-sparta.gif\",\"keywords\":[\"Dicken\",\"Sparta\"],\"articleSection\":[\"Ottelut\"],\"inLanguage\":\"fi\"},{\"@type\":\"WebPage\",\"@id\":\"https:\\\/\\\/aktialiiga.fi\\\/naiset\\\/2011-2012\\\/ottelut\\\/dicken-sparta-17-32-9-15\\\/\",\"url\":\"https:\\\/\\\/aktialiiga.fi\\\/naiset\\\/2011-2012\\\/ottelut\\\/dicken-sparta-17-32-9-15\\\/\",\"name\":\"Dicken\u2013Sparta 17-32 (9-15) | K\u00e4sipallon naisten Aktialiiga\",\"isPartOf\":{\"@id\":\"https:\\\/\\\/aktialiiga.fi\\\/naiset\\\/#website\"},\"primaryImageOfPage\":{\"@id\":\"https:\\\/\\\/aktialiiga.fi\\\/naiset\\\/2011-2012\\\/ottelut\\\/dicken-sparta-17-32-9-15\\\/#primaryimage\"},\"image\":{\"@id\":\"https:\\\/\\\/aktialiiga.fi\\\/naiset\\\/2011-2012\\\/ottelut\\\/dicken-sparta-17-32-9-15\\\/#primaryimage\"},\"thumbnailUrl\":\"https:\\\/\\\/aktialiiga.fi\\\/naiset\\\/wp-content\\\/uploads\\\/sites\\\/6\\\/2011\\\/08\\\/logo-sparta.gif\",\"datePublished\":\"2011-12-08T07:56:38+00:00\",\"dateModified\":\"2024-08-28T15:31:40+00:00\",\"breadcrumb\":{\"@id\":\"https:\\\/\\\/aktialiiga.fi\\\/naiset\\\/2011-2012\\\/ottelut\\\/dicken-sparta-17-32-9-15\\\/#breadcrumb\"},\"inLanguage\":\"fi\",\"potentialAction\":[{\"@type\":\"ReadAction\",\"target\":[\"https:\\\/\\\/aktialiiga.fi\\\/naiset\\\/2011-2012\\\/ottelut\\\/dicken-sparta-17-32-9-15\\\/\"]}]},{\"@type\":\"ImageObject\",\"inLanguage\":\"fi\",\"@id\":\"https:\\\/\\\/aktialiiga.fi\\\/naiset\\\/2011-2012\\\/ottelut\\\/dicken-sparta-17-32-9-15\\\/#primaryimage\",\"url\":\"https:\\\/\\\/aktialiiga.fi\\\/naiset\\\/wp-content\\\/uploads\\\/sites\\\/6\\\/2011\\\/08\\\/logo-sparta.gif\",\"contentUrl\":\"https:\\\/\\\/aktialiiga.fi\\\/naiset\\\/wp-content\\\/uploads\\\/sites\\\/6\\\/2011\\\/08\\\/logo-sparta.gif\",\"width\":100,\"height\":115,\"caption\":\"Sparta, Helsinki\"},{\"@type\":\"BreadcrumbList\",\"@id\":\"https:\\\/\\\/aktialiiga.fi\\\/naiset\\\/2011-2012\\\/ottelut\\\/dicken-sparta-17-32-9-15\\\/#breadcrumb\",\"itemListElement\":[{\"@type\":\"ListItem\",\"position\":1,\"name\":\"Etusivu\",\"item\":\"https:\\\/\\\/aktialiiga.fi\\\/naiset\\\/\"},{\"@type\":\"ListItem\",\"position\":2,\"name\":\"Dicken\u2013Sparta 17-32 (9-15)\"}]},{\"@type\":\"WebSite\",\"@id\":\"https:\\\/\\\/aktialiiga.fi\\\/naiset\\\/#website\",\"url\":\"https:\\\/\\\/aktialiiga.fi\\\/naiset\\\/\",\"name\":\"K\u00e4sipallon naisten Aktialiiga\",\"description\":\"Valtakunnan vauhdikkainta palloilua!\",\"publisher\":{\"@id\":\"https:\\\/\\\/aktialiiga.fi\\\/naiset\\\/#organization\"},\"potentialAction\":[{\"@type\":\"SearchAction\",\"target\":{\"@type\":\"EntryPoint\",\"urlTemplate\":\"https:\\\/\\\/aktialiiga.fi\\\/naiset\\\/?s={search_term_string}\"},\"query-input\":{\"@type\":\"PropertyValueSpecification\",\"valueRequired\":true,\"valueName\":\"search_term_string\"}}],\"inLanguage\":\"fi\"},{\"@type\":\"Organization\",\"@id\":\"https:\\\/\\\/aktialiiga.fi\\\/naiset\\\/#organization\",\"name\":\"K\u00e4sipallon naisten Aktialiiga\",\"url\":\"https:\\\/\\\/aktialiiga.fi\\\/naiset\\\/\",\"logo\":{\"@type\":\"ImageObject\",\"inLanguage\":\"fi\",\"@id\":\"https:\\\/\\\/aktialiiga.fi\\\/naiset\\\/#\\\/schema\\\/logo\\\/image\\\/\",\"url\":\"https:\\\/\\\/aktialiiga.fi\\\/naiset\\\/wp-content\\\/uploads\\\/sites\\\/6\\\/2024\\\/09\\\/Aktialiiga-Yoast-512.png\",\"contentUrl\":\"https:\\\/\\\/aktialiiga.fi\\\/naiset\\\/wp-content\\\/uploads\\\/sites\\\/6\\\/2024\\\/09\\\/Aktialiiga-Yoast-512.png\",\"width\":512,\"height\":512,\"caption\":\"K\u00e4sipallon naisten Aktialiiga\"},\"image\":{\"@id\":\"https:\\\/\\\/aktialiiga.fi\\\/naiset\\\/#\\\/schema\\\/logo\\\/image\\\/\"},\"sameAs\":[\"https:\\\/\\\/www.facebook.com\\\/finnhandball\",\"https:\\\/\\\/x.com\\\/finnhandball\",\"https:\\\/\\\/www.instagram.com\\\/handballfinland\\\/\"]},{\"@type\":\"Person\",\"@id\":\"https:\\\/\\\/aktialiiga.fi\\\/naiset\\\/#\\\/schema\\\/person\\\/c14bf42f47041db74603c45afcb18d87\",\"name\":\"tbrmedia\",\"image\":{\"@type\":\"ImageObject\",\"inLanguage\":\"fi\",\"@id\":\"https:\\\/\\\/secure.gravatar.com\\\/avatar\\\/ee975fa091fe581d12b60debb3439022686618368a7c142044c56724d4666b16?s=96&d=mm&r=g\",\"url\":\"https:\\\/\\\/secure.gravatar.com\\\/avatar\\\/ee975fa091fe581d12b60debb3439022686618368a7c142044c56724d4666b16?s=96&d=mm&r=g\",\"contentUrl\":\"https:\\\/\\\/secure.gravatar.com\\\/avatar\\\/ee975fa091fe581d12b60debb3439022686618368a7c142044c56724d4666b16?s=96&d=mm&r=g\",\"caption\":\"tbrmedia\"}}]}<\/script>\n<!-- \/ Yoast SEO plugin. -->","yoast_head_json":{"title":"Dicken\u2013Sparta 17-32 (9-15) | K\u00e4sipallon naisten Aktialiiga","robots":{"index":"index","follow":"follow","max-snippet":"max-snippet:-1","max-image-preview":"max-image-preview:large","max-video-preview":"max-video-preview:-1"},"canonical":"https:\/\/aktialiiga.fi\/naiset\/2011-2012\/ottelut\/dicken-sparta-17-32-9-15\/","og_locale":"fi_FI","og_type":"article","og_title":"Dicken\u2013Sparta 17-32 (9-15) | K\u00e4sipallon naisten Aktialiiga","og_description":"&#8211; Sen n\u00e4k\u00f6inen peli, kuin pelin pit\u00e4\u00e4kin olla. Kummatkin juoksivat kovalla vauhdilla, kommentoi Spartan p\u00e4\u00e4valmentaja Jani Vaskola.","og_url":"https:\/\/aktialiiga.fi\/naiset\/2011-2012\/ottelut\/dicken-sparta-17-32-9-15\/","og_site_name":"K\u00e4sipallon naisten Aktialiiga","article_publisher":"https:\/\/www.facebook.com\/finnhandball","article_published_time":"2011-12-08T07:56:38+00:00","article_modified_time":"2024-08-28T15:31:40+00:00","og_image":[{"width":100,"height":115,"url":"https:\/\/aktialiiga.fi\/naiset\/wp-content\/uploads\/sites\/6\/2011\/08\/logo-sparta.gif","type":"image\/gif"}],"author":"tbrmedia","twitter_card":"summary_large_image","twitter_creator":"@finnhandball","twitter_site":"@finnhandball","schema":{"@context":"https:\/\/schema.org","@graph":[{"@type":"Article","@id":"https:\/\/aktialiiga.fi\/naiset\/2011-2012\/ottelut\/dicken-sparta-17-32-9-15\/#article","isPartOf":{"@id":"https:\/\/aktialiiga.fi\/naiset\/2011-2012\/ottelut\/dicken-sparta-17-32-9-15\/"},"author":{"name":"tbrmedia","@id":"https:\/\/aktialiiga.fi\/naiset\/#\/schema\/person\/c14bf42f47041db74603c45afcb18d87"},"headline":"Dicken\u2013Sparta 17-32 (9-15)","datePublished":"2011-12-08T07:56:38+00:00","dateModified":"2024-08-28T15:31:40+00:00","mainEntityOfPage":{"@id":"https:\/\/aktialiiga.fi\/naiset\/2011-2012\/ottelut\/dicken-sparta-17-32-9-15\/"},"wordCount":225,"publisher":{"@id":"https:\/\/aktialiiga.fi\/naiset\/#organization"},"image":{"@id":"https:\/\/aktialiiga.fi\/naiset\/2011-2012\/ottelut\/dicken-sparta-17-32-9-15\/#primaryimage"},"thumbnailUrl":"https:\/\/aktialiiga.fi\/naiset\/wp-content\/uploads\/sites\/6\/2011\/08\/logo-sparta.gif","keywords":["Dicken","Sparta"],"articleSection":["Ottelut"],"inLanguage":"fi"},{"@type":"WebPage","@id":"https:\/\/aktialiiga.fi\/naiset\/2011-2012\/ottelut\/dicken-sparta-17-32-9-15\/","url":"https:\/\/aktialiiga.fi\/naiset\/2011-2012\/ottelut\/dicken-sparta-17-32-9-15\/","name":"Dicken\u2013Sparta 17-32 (9-15) | K\u00e4sipallon naisten Aktialiiga","isPartOf":{"@id":"https:\/\/aktialiiga.fi\/naiset\/#website"},"primaryImageOfPage":{"@id":"https:\/\/aktialiiga.fi\/naiset\/2011-2012\/ottelut\/dicken-sparta-17-32-9-15\/#primaryimage"},"image":{"@id":"https:\/\/aktialiiga.fi\/naiset\/2011-2012\/ottelut\/dicken-sparta-17-32-9-15\/#primaryimage"},"thumbnailUrl":"https:\/\/aktialiiga.fi\/naiset\/wp-content\/uploads\/sites\/6\/2011\/08\/logo-sparta.gif","datePublished":"2011-12-08T07:56:38+00:00","dateModified":"2024-08-28T15:31:40+00:00","breadcrumb":{"@id":"https:\/\/aktialiiga.fi\/naiset\/2011-2012\/ottelut\/dicken-sparta-17-32-9-15\/#breadcrumb"},"inLanguage":"fi","potentialAction":[{"@type":"ReadAction","target":["https:\/\/aktialiiga.fi\/naiset\/2011-2012\/ottelut\/dicken-sparta-17-32-9-15\/"]}]},{"@type":"ImageObject","inLanguage":"fi","@id":"https:\/\/aktialiiga.fi\/naiset\/2011-2012\/ottelut\/dicken-sparta-17-32-9-15\/#primaryimage","url":"https:\/\/aktialiiga.fi\/naiset\/wp-content\/uploads\/sites\/6\/2011\/08\/logo-sparta.gif","contentUrl":"https:\/\/aktialiiga.fi\/naiset\/wp-content\/uploads\/sites\/6\/2011\/08\/logo-sparta.gif","width":100,"height":115,"caption":"Sparta, Helsinki"},{"@type":"BreadcrumbList","@id":"https:\/\/aktialiiga.fi\/naiset\/2011-2012\/ottelut\/dicken-sparta-17-32-9-15\/#breadcrumb","itemListElement":[{"@type":"ListItem","position":1,"name":"Etusivu","item":"https:\/\/aktialiiga.fi\/naiset\/"},{"@type":"ListItem","position":2,"name":"Dicken\u2013Sparta 17-32 (9-15)"}]},{"@type":"WebSite","@id":"https:\/\/aktialiiga.fi\/naiset\/#website","url":"https:\/\/aktialiiga.fi\/naiset\/","name":"K\u00e4sipallon naisten Aktialiiga","description":"Valtakunnan vauhdikkainta palloilua!","publisher":{"@id":"https:\/\/aktialiiga.fi\/naiset\/#organization"},"potentialAction":[{"@type":"SearchAction","target":{"@type":"EntryPoint","urlTemplate":"https:\/\/aktialiiga.fi\/naiset\/?s={search_term_string}"},"query-input":{"@type":"PropertyValueSpecification","valueRequired":true,"valueName":"search_term_string"}}],"inLanguage":"fi"},{"@type":"Organization","@id":"https:\/\/aktialiiga.fi\/naiset\/#organization","name":"K\u00e4sipallon naisten Aktialiiga","url":"https:\/\/aktialiiga.fi\/naiset\/","logo":{"@type":"ImageObject","inLanguage":"fi","@id":"https:\/\/aktialiiga.fi\/naiset\/#\/schema\/logo\/image\/","url":"https:\/\/aktialiiga.fi\/naiset\/wp-content\/uploads\/sites\/6\/2024\/09\/Aktialiiga-Yoast-512.png","contentUrl":"https:\/\/aktialiiga.fi\/naiset\/wp-content\/uploads\/sites\/6\/2024\/09\/Aktialiiga-Yoast-512.png","width":512,"height":512,"caption":"K\u00e4sipallon naisten Aktialiiga"},"image":{"@id":"https:\/\/aktialiiga.fi\/naiset\/#\/schema\/logo\/image\/"},"sameAs":["https:\/\/www.facebook.com\/finnhandball","https:\/\/x.com\/finnhandball","https:\/\/www.instagram.com\/handballfinland\/"]},{"@type":"Person","@id":"https:\/\/aktialiiga.fi\/naiset\/#\/schema\/person\/c14bf42f47041db74603c45afcb18d87","name":"tbrmedia","image":{"@type":"ImageObject","inLanguage":"fi","@id":"https:\/\/secure.gravatar.com\/avatar\/ee975fa091fe581d12b60debb3439022686618368a7c142044c56724d4666b16?s=96&d=mm&r=g","url":"https:\/\/secure.gravatar.com\/avatar\/ee975fa091fe581d12b60debb3439022686618368a7c142044c56724d4666b16?s=96&d=mm&r=g","contentUrl":"https:\/\/secure.gravatar.com\/avatar\/ee975fa091fe581d12b60debb3439022686618368a7c142044c56724d4666b16?s=96&d=mm&r=g","caption":"tbrmedia"}}]}},"jetpack_featured_media_url":"https:\/\/aktialiiga.fi\/naiset\/wp-content\/uploads\/sites\/6\/2011\/08\/logo-sparta.gif","jetpack_sharing_enabled":true,"jetpack_shortlink":"https:\/\/wp.me\/pfYhm6-nU","_links":{"self":[{"href":"https:\/\/aktialiiga.fi\/naiset\/wp-json\/wp\/v2\/posts\/1482","targetHints":{"allow":["GET"]}}],"collection":[{"href":"https:\/\/aktialiiga.fi\/naiset\/wp-json\/wp\/v2\/posts"}],"about":[{"href":"https:\/\/aktialiiga.fi\/naiset\/wp-json\/wp\/v2\/types\/post"}],"author":[{"embeddable":true,"href":"https:\/\/aktialiiga.fi\/naiset\/wp-json\/wp\/v2\/users\/13"}],"replies":[{"embeddable":true,"href":"https:\/\/aktialiiga.fi\/naiset\/wp-json\/wp\/v2\/comments?post=1482"}],"version-history":[{"count":1,"href":"https:\/\/aktialiiga.fi\/naiset\/wp-json\/wp\/v2\/posts\/1482\/revisions"}],"predecessor-version":[{"id":39867,"href":"https:\/\/aktialiiga.fi\/naiset\/wp-json\/wp\/v2\/posts\/1482\/revisions\/39867"}],"wp:featuredmedia":[{"embeddable":true,"href":"https:\/\/aktialiiga.fi\/naiset\/wp-json\/wp\/v2\/media\/64"}],"wp:attachment":[{"href":"https:\/\/aktialiiga.fi\/naiset\/wp-json\/wp\/v2\/media?parent=1482"}],"wp:term":[{"taxonomy":"category","embeddable":true,"href":"https:\/\/aktialiiga.fi\/naiset\/wp-json\/wp\/v2\/categories?post=1482"},{"taxonomy":"post_tag","embeddable":true,"href":"https:\/\/aktialiiga.fi\/naiset\/wp-json\/wp\/v2\/tags?post=1482"}],"curies":[{"name":"wp","href":"https:\/\/api.w.org\/{rel}","templated":true}]}}