{"id":1633,"date":"2012-01-21T00:04:55","date_gmt":"2012-01-20T21:04:55","guid":{"rendered":"https:\/\/www.finnhandball.net\/nsm\/?p=1633"},"modified":"2024-08-28T18:31:40","modified_gmt":"2024-08-28T15:31:40","slug":"kyif-otti-kauden-ensimmaisen-voittonsa","status":"publish","type":"post","link":"https:\/\/aktialiiga.fi\/naiset\/2011-2012\/ottelut\/kyif-otti-kauden-ensimmaisen-voittonsa\/","title":{"rendered":"KyIF otti kauden ensimm\u00e4isen voittonsa"},"content":{"rendered":"<p><strong>Atlas taipui n<\/strong><strong>ousijajoukkueiden v\u00e4lienselvittelyss\u00e4 Kirkkonummella maalein\u00a025-22 (13-10).<\/strong><br \/>\n<!--more--><br \/>\n&#8211; Kivikova puolustus, yhdess\u00e4 Emma-Lotta Nordstr\u00f6min huikean maalivahtipelin kanssa, takasi ensimm\u00e4isen voiton. Nuori joukkue piti lopussa p\u00e4\u00e4ns\u00e4 kylm\u00e4n\u00e4, voitto merkitsee t\u00e4lle tulevaisuuden joukkueelle todella paljon, iloinen KyIF-valmentaja Per Friman sanoi.<\/p>\n<p>Vierailijat ottivat lopussa kaksi pelaajaa erikoisvartiointiin, mutta tulostaululle j\u00e4i\u00a0lopulta\u00a0kolmen maalin ero. KyIF:n maalivahti Emma-Lotta Nordstr\u00f6m valittiin syyst\u00e4 ottelun parhaaksi.<\/p>\n<p>&#8211; Hyv\u00e4n puolustuksen takana on helppo pelata, Atlaksen ratkaisut j\u00e4iv\u00e4t usein heikoiksi, vaatimaton veskari totesi.<\/p>\n<p>Voitosta huolimatta KyIF jatkaa sarjan viimeisen\u00e4. Atlas on sarjassa kahdeksantena kaksi pistett\u00e4 edell\u00e4 olevaa Dickeni\u00e4 j\u00e4ljess\u00e4.<\/p>\n<p><strong>Maalintekij\u00e4t<\/strong><\/p>\n<p>KyIF: Mari Paukku 7, Susanna Kaivola 5, Rosalie Bergman 3, Friman Petra 3, Boijer Sofia 3, Cecilia Sundelin 2, Fr\u00f6berg Linda 2.<\/p>\n<p>Atlas: Kunttu Ami 8, Helaskoski Tiina 5, Jauhiainen Anna 4, Shovara Tiina 1, Kytt\u00e4l\u00e4 Henna 1, Ekstr\u00f6m Noora 1, Er\u00e4kanto Anu 1, Martikainen Jenna 1.<\/p>\n<p><div id=\"attachment_1364\" style=\"width: 310px\" class=\"wp-caption alignright\"><a rel=\"attachment wp-att-1364\" href=\"https:\/\/www.finnhandball.net\/nsm\/2011-2012\/joukkueet\/kyif\/attachment\/kyif_2011-2012\/\"><img decoding=\"async\" aria-describedby=\"caption-attachment-1364\" class=\"size-medium wp-image-1364\" title=\"KyIF:n naisten edustusjoukkue 2011-2012\" src=\"https:\/\/www.finnhandball.net\/nsm\/wp-content\/uploads\/2011\/08\/kyif_2011-2012-300x199.jpg\" alt=\"KyIF:n naisten edustusjoukkue 2011-2012\" width=\"300\" height=\"199\" \/><\/a><p id=\"caption-attachment-1364\" class=\"wp-caption-text\">KyIF:n naisten edustusjoukkue 2011-2012<\/p><\/div><br \/>\n<strong>L\u00e4hivakuutus\u00a0T\u00e4hdet <\/strong><\/p>\n<p>*** Emma-Lotta Nordstr\u00f6m, KyIF<br \/>\n** Ami Kunttu, Atlas<br \/>\n*\u00a0Mari Paukku, KyIF<\/p>\n","protected":false},"excerpt":{"rendered":"<p>Atlas taipui nousijajoukkueiden v\u00e4lienselvittelyss\u00e4 Kirkkonummella maalein\u00a025-22 (13-10).<\/p>\n","protected":false},"author":13,"featured_media":62,"comment_status":"closed","ping_status":"closed","sticky":false,"template":"","format":"standard","meta":{"_acf_changed":false,"jetpack_post_was_ever_published":false,"_jetpack_newsletter_access":"","_jetpack_dont_email_post_to_subs":false,"_jetpack_newsletter_tier_id":0,"_jetpack_memberships_contains_paywalled_content":false,"_jetpack_memberships_contains_paid_content":false,"footnotes":""},"categories":[16],"tags":[48,67],"class_list":["post-1633","post","type-post","status-publish","format-standard","has-post-thumbnail","hentry","category-ottelut","tag-atlas","tag-kyif"],"acf":[],"yoast_head":"<!-- This site is optimized with the Yoast SEO plugin v27.5 - https:\/\/yoast.com\/product\/yoast-seo-wordpress\/ -->\n<title>KyIF otti kauden ensimm\u00e4isen voittonsa | K\u00e4sipallon naisten Aktialiiga<\/title>\n<meta name=\"robots\" content=\"index, follow, max-snippet:-1, max-image-preview:large, max-video-preview:-1\" \/>\n<link rel=\"canonical\" href=\"https:\/\/aktialiiga.fi\/naiset\/2011-2012\/ottelut\/kyif-otti-kauden-ensimmaisen-voittonsa\/\" \/>\n<meta property=\"og:locale\" content=\"fi_FI\" \/>\n<meta property=\"og:type\" content=\"article\" \/>\n<meta property=\"og:title\" content=\"KyIF otti kauden ensimm\u00e4isen voittonsa | K\u00e4sipallon naisten Aktialiiga\" \/>\n<meta property=\"og:description\" content=\"Atlas taipui nousijajoukkueiden v\u00e4lienselvittelyss\u00e4 Kirkkonummella maalein\u00a025-22 (13-10).\" \/>\n<meta property=\"og:url\" content=\"https:\/\/aktialiiga.fi\/naiset\/2011-2012\/ottelut\/kyif-otti-kauden-ensimmaisen-voittonsa\/\" \/>\n<meta property=\"og:site_name\" content=\"K\u00e4sipallon naisten Aktialiiga\" \/>\n<meta property=\"article:publisher\" content=\"https:\/\/www.facebook.com\/finnhandball\" \/>\n<meta property=\"article:published_time\" content=\"2012-01-20T21:04:55+00:00\" \/>\n<meta property=\"article:modified_time\" content=\"2024-08-28T15:31:40+00:00\" \/>\n<meta property=\"og:image\" content=\"https:\/\/aktialiiga.fi\/naiset\/wp-content\/uploads\/sites\/6\/2011\/08\/logo-kyif.gif\" \/>\n\t<meta property=\"og:image:width\" content=\"110\" \/>\n\t<meta property=\"og:image:height\" content=\"115\" \/>\n\t<meta property=\"og:image:type\" content=\"image\/gif\" \/>\n<meta name=\"author\" content=\"tbrmedia\" \/>\n<meta name=\"twitter:card\" content=\"summary_large_image\" \/>\n<meta name=\"twitter:creator\" content=\"@finnhandball\" \/>\n<meta name=\"twitter:site\" content=\"@finnhandball\" \/>\n<script type=\"application\/ld+json\" class=\"yoast-schema-graph\">{\"@context\":\"https:\\\/\\\/schema.org\",\"@graph\":[{\"@type\":\"Article\",\"@id\":\"https:\\\/\\\/aktialiiga.fi\\\/naiset\\\/2011-2012\\\/ottelut\\\/kyif-otti-kauden-ensimmaisen-voittonsa\\\/#article\",\"isPartOf\":{\"@id\":\"https:\\\/\\\/aktialiiga.fi\\\/naiset\\\/2011-2012\\\/ottelut\\\/kyif-otti-kauden-ensimmaisen-voittonsa\\\/\"},\"author\":{\"name\":\"tbrmedia\",\"@id\":\"https:\\\/\\\/aktialiiga.fi\\\/naiset\\\/#\\\/schema\\\/person\\\/c14bf42f47041db74603c45afcb18d87\"},\"headline\":\"KyIF otti kauden ensimm\u00e4isen voittonsa\",\"datePublished\":\"2012-01-20T21:04:55+00:00\",\"dateModified\":\"2024-08-28T15:31:40+00:00\",\"mainEntityOfPage\":{\"@id\":\"https:\\\/\\\/aktialiiga.fi\\\/naiset\\\/2011-2012\\\/ottelut\\\/kyif-otti-kauden-ensimmaisen-voittonsa\\\/\"},\"wordCount\":175,\"publisher\":{\"@id\":\"https:\\\/\\\/aktialiiga.fi\\\/naiset\\\/#organization\"},\"image\":{\"@id\":\"https:\\\/\\\/aktialiiga.fi\\\/naiset\\\/2011-2012\\\/ottelut\\\/kyif-otti-kauden-ensimmaisen-voittonsa\\\/#primaryimage\"},\"thumbnailUrl\":\"https:\\\/\\\/aktialiiga.fi\\\/naiset\\\/wp-content\\\/uploads\\\/sites\\\/6\\\/2011\\\/08\\\/logo-kyif.gif\",\"keywords\":[\"Atlas\",\"KyIF\"],\"articleSection\":[\"Ottelut\"],\"inLanguage\":\"fi\"},{\"@type\":\"WebPage\",\"@id\":\"https:\\\/\\\/aktialiiga.fi\\\/naiset\\\/2011-2012\\\/ottelut\\\/kyif-otti-kauden-ensimmaisen-voittonsa\\\/\",\"url\":\"https:\\\/\\\/aktialiiga.fi\\\/naiset\\\/2011-2012\\\/ottelut\\\/kyif-otti-kauden-ensimmaisen-voittonsa\\\/\",\"name\":\"KyIF otti kauden ensimm\u00e4isen voittonsa | K\u00e4sipallon naisten Aktialiiga\",\"isPartOf\":{\"@id\":\"https:\\\/\\\/aktialiiga.fi\\\/naiset\\\/#website\"},\"primaryImageOfPage\":{\"@id\":\"https:\\\/\\\/aktialiiga.fi\\\/naiset\\\/2011-2012\\\/ottelut\\\/kyif-otti-kauden-ensimmaisen-voittonsa\\\/#primaryimage\"},\"image\":{\"@id\":\"https:\\\/\\\/aktialiiga.fi\\\/naiset\\\/2011-2012\\\/ottelut\\\/kyif-otti-kauden-ensimmaisen-voittonsa\\\/#primaryimage\"},\"thumbnailUrl\":\"https:\\\/\\\/aktialiiga.fi\\\/naiset\\\/wp-content\\\/uploads\\\/sites\\\/6\\\/2011\\\/08\\\/logo-kyif.gif\",\"datePublished\":\"2012-01-20T21:04:55+00:00\",\"dateModified\":\"2024-08-28T15:31:40+00:00\",\"breadcrumb\":{\"@id\":\"https:\\\/\\\/aktialiiga.fi\\\/naiset\\\/2011-2012\\\/ottelut\\\/kyif-otti-kauden-ensimmaisen-voittonsa\\\/#breadcrumb\"},\"inLanguage\":\"fi\",\"potentialAction\":[{\"@type\":\"ReadAction\",\"target\":[\"https:\\\/\\\/aktialiiga.fi\\\/naiset\\\/2011-2012\\\/ottelut\\\/kyif-otti-kauden-ensimmaisen-voittonsa\\\/\"]}]},{\"@type\":\"ImageObject\",\"inLanguage\":\"fi\",\"@id\":\"https:\\\/\\\/aktialiiga.fi\\\/naiset\\\/2011-2012\\\/ottelut\\\/kyif-otti-kauden-ensimmaisen-voittonsa\\\/#primaryimage\",\"url\":\"https:\\\/\\\/aktialiiga.fi\\\/naiset\\\/wp-content\\\/uploads\\\/sites\\\/6\\\/2011\\\/08\\\/logo-kyif.gif\",\"contentUrl\":\"https:\\\/\\\/aktialiiga.fi\\\/naiset\\\/wp-content\\\/uploads\\\/sites\\\/6\\\/2011\\\/08\\\/logo-kyif.gif\",\"width\":110,\"height\":115},{\"@type\":\"BreadcrumbList\",\"@id\":\"https:\\\/\\\/aktialiiga.fi\\\/naiset\\\/2011-2012\\\/ottelut\\\/kyif-otti-kauden-ensimmaisen-voittonsa\\\/#breadcrumb\",\"itemListElement\":[{\"@type\":\"ListItem\",\"position\":1,\"name\":\"Etusivu\",\"item\":\"https:\\\/\\\/aktialiiga.fi\\\/naiset\\\/\"},{\"@type\":\"ListItem\",\"position\":2,\"name\":\"KyIF otti kauden ensimm\u00e4isen voittonsa\"}]},{\"@type\":\"WebSite\",\"@id\":\"https:\\\/\\\/aktialiiga.fi\\\/naiset\\\/#website\",\"url\":\"https:\\\/\\\/aktialiiga.fi\\\/naiset\\\/\",\"name\":\"K\u00e4sipallon naisten Aktialiiga\",\"description\":\"Valtakunnan vauhdikkainta palloilua!\",\"publisher\":{\"@id\":\"https:\\\/\\\/aktialiiga.fi\\\/naiset\\\/#organization\"},\"potentialAction\":[{\"@type\":\"SearchAction\",\"target\":{\"@type\":\"EntryPoint\",\"urlTemplate\":\"https:\\\/\\\/aktialiiga.fi\\\/naiset\\\/?s={search_term_string}\"},\"query-input\":{\"@type\":\"PropertyValueSpecification\",\"valueRequired\":true,\"valueName\":\"search_term_string\"}}],\"inLanguage\":\"fi\"},{\"@type\":\"Organization\",\"@id\":\"https:\\\/\\\/aktialiiga.fi\\\/naiset\\\/#organization\",\"name\":\"K\u00e4sipallon naisten Aktialiiga\",\"url\":\"https:\\\/\\\/aktialiiga.fi\\\/naiset\\\/\",\"logo\":{\"@type\":\"ImageObject\",\"inLanguage\":\"fi\",\"@id\":\"https:\\\/\\\/aktialiiga.fi\\\/naiset\\\/#\\\/schema\\\/logo\\\/image\\\/\",\"url\":\"https:\\\/\\\/aktialiiga.fi\\\/naiset\\\/wp-content\\\/uploads\\\/sites\\\/6\\\/2024\\\/09\\\/Aktialiiga-Yoast-512.png\",\"contentUrl\":\"https:\\\/\\\/aktialiiga.fi\\\/naiset\\\/wp-content\\\/uploads\\\/sites\\\/6\\\/2024\\\/09\\\/Aktialiiga-Yoast-512.png\",\"width\":512,\"height\":512,\"caption\":\"K\u00e4sipallon naisten Aktialiiga\"},\"image\":{\"@id\":\"https:\\\/\\\/aktialiiga.fi\\\/naiset\\\/#\\\/schema\\\/logo\\\/image\\\/\"},\"sameAs\":[\"https:\\\/\\\/www.facebook.com\\\/finnhandball\",\"https:\\\/\\\/x.com\\\/finnhandball\",\"https:\\\/\\\/www.instagram.com\\\/handballfinland\\\/\"]},{\"@type\":\"Person\",\"@id\":\"https:\\\/\\\/aktialiiga.fi\\\/naiset\\\/#\\\/schema\\\/person\\\/c14bf42f47041db74603c45afcb18d87\",\"name\":\"tbrmedia\",\"image\":{\"@type\":\"ImageObject\",\"inLanguage\":\"fi\",\"@id\":\"https:\\\/\\\/secure.gravatar.com\\\/avatar\\\/ee975fa091fe581d12b60debb3439022686618368a7c142044c56724d4666b16?s=96&d=mm&r=g\",\"url\":\"https:\\\/\\\/secure.gravatar.com\\\/avatar\\\/ee975fa091fe581d12b60debb3439022686618368a7c142044c56724d4666b16?s=96&d=mm&r=g\",\"contentUrl\":\"https:\\\/\\\/secure.gravatar.com\\\/avatar\\\/ee975fa091fe581d12b60debb3439022686618368a7c142044c56724d4666b16?s=96&d=mm&r=g\",\"caption\":\"tbrmedia\"}}]}<\/script>\n<!-- \/ Yoast SEO plugin. -->","yoast_head_json":{"title":"KyIF otti kauden ensimm\u00e4isen voittonsa | K\u00e4sipallon naisten Aktialiiga","robots":{"index":"index","follow":"follow","max-snippet":"max-snippet:-1","max-image-preview":"max-image-preview:large","max-video-preview":"max-video-preview:-1"},"canonical":"https:\/\/aktialiiga.fi\/naiset\/2011-2012\/ottelut\/kyif-otti-kauden-ensimmaisen-voittonsa\/","og_locale":"fi_FI","og_type":"article","og_title":"KyIF otti kauden ensimm\u00e4isen voittonsa | K\u00e4sipallon naisten Aktialiiga","og_description":"Atlas taipui nousijajoukkueiden v\u00e4lienselvittelyss\u00e4 Kirkkonummella maalein\u00a025-22 (13-10).","og_url":"https:\/\/aktialiiga.fi\/naiset\/2011-2012\/ottelut\/kyif-otti-kauden-ensimmaisen-voittonsa\/","og_site_name":"K\u00e4sipallon naisten Aktialiiga","article_publisher":"https:\/\/www.facebook.com\/finnhandball","article_published_time":"2012-01-20T21:04:55+00:00","article_modified_time":"2024-08-28T15:31:40+00:00","og_image":[{"width":110,"height":115,"url":"https:\/\/aktialiiga.fi\/naiset\/wp-content\/uploads\/sites\/6\/2011\/08\/logo-kyif.gif","type":"image\/gif"}],"author":"tbrmedia","twitter_card":"summary_large_image","twitter_creator":"@finnhandball","twitter_site":"@finnhandball","schema":{"@context":"https:\/\/schema.org","@graph":[{"@type":"Article","@id":"https:\/\/aktialiiga.fi\/naiset\/2011-2012\/ottelut\/kyif-otti-kauden-ensimmaisen-voittonsa\/#article","isPartOf":{"@id":"https:\/\/aktialiiga.fi\/naiset\/2011-2012\/ottelut\/kyif-otti-kauden-ensimmaisen-voittonsa\/"},"author":{"name":"tbrmedia","@id":"https:\/\/aktialiiga.fi\/naiset\/#\/schema\/person\/c14bf42f47041db74603c45afcb18d87"},"headline":"KyIF otti kauden ensimm\u00e4isen voittonsa","datePublished":"2012-01-20T21:04:55+00:00","dateModified":"2024-08-28T15:31:40+00:00","mainEntityOfPage":{"@id":"https:\/\/aktialiiga.fi\/naiset\/2011-2012\/ottelut\/kyif-otti-kauden-ensimmaisen-voittonsa\/"},"wordCount":175,"publisher":{"@id":"https:\/\/aktialiiga.fi\/naiset\/#organization"},"image":{"@id":"https:\/\/aktialiiga.fi\/naiset\/2011-2012\/ottelut\/kyif-otti-kauden-ensimmaisen-voittonsa\/#primaryimage"},"thumbnailUrl":"https:\/\/aktialiiga.fi\/naiset\/wp-content\/uploads\/sites\/6\/2011\/08\/logo-kyif.gif","keywords":["Atlas","KyIF"],"articleSection":["Ottelut"],"inLanguage":"fi"},{"@type":"WebPage","@id":"https:\/\/aktialiiga.fi\/naiset\/2011-2012\/ottelut\/kyif-otti-kauden-ensimmaisen-voittonsa\/","url":"https:\/\/aktialiiga.fi\/naiset\/2011-2012\/ottelut\/kyif-otti-kauden-ensimmaisen-voittonsa\/","name":"KyIF otti kauden ensimm\u00e4isen voittonsa | K\u00e4sipallon naisten Aktialiiga","isPartOf":{"@id":"https:\/\/aktialiiga.fi\/naiset\/#website"},"primaryImageOfPage":{"@id":"https:\/\/aktialiiga.fi\/naiset\/2011-2012\/ottelut\/kyif-otti-kauden-ensimmaisen-voittonsa\/#primaryimage"},"image":{"@id":"https:\/\/aktialiiga.fi\/naiset\/2011-2012\/ottelut\/kyif-otti-kauden-ensimmaisen-voittonsa\/#primaryimage"},"thumbnailUrl":"https:\/\/aktialiiga.fi\/naiset\/wp-content\/uploads\/sites\/6\/2011\/08\/logo-kyif.gif","datePublished":"2012-01-20T21:04:55+00:00","dateModified":"2024-08-28T15:31:40+00:00","breadcrumb":{"@id":"https:\/\/aktialiiga.fi\/naiset\/2011-2012\/ottelut\/kyif-otti-kauden-ensimmaisen-voittonsa\/#breadcrumb"},"inLanguage":"fi","potentialAction":[{"@type":"ReadAction","target":["https:\/\/aktialiiga.fi\/naiset\/2011-2012\/ottelut\/kyif-otti-kauden-ensimmaisen-voittonsa\/"]}]},{"@type":"ImageObject","inLanguage":"fi","@id":"https:\/\/aktialiiga.fi\/naiset\/2011-2012\/ottelut\/kyif-otti-kauden-ensimmaisen-voittonsa\/#primaryimage","url":"https:\/\/aktialiiga.fi\/naiset\/wp-content\/uploads\/sites\/6\/2011\/08\/logo-kyif.gif","contentUrl":"https:\/\/aktialiiga.fi\/naiset\/wp-content\/uploads\/sites\/6\/2011\/08\/logo-kyif.gif","width":110,"height":115},{"@type":"BreadcrumbList","@id":"https:\/\/aktialiiga.fi\/naiset\/2011-2012\/ottelut\/kyif-otti-kauden-ensimmaisen-voittonsa\/#breadcrumb","itemListElement":[{"@type":"ListItem","position":1,"name":"Etusivu","item":"https:\/\/aktialiiga.fi\/naiset\/"},{"@type":"ListItem","position":2,"name":"KyIF otti kauden ensimm\u00e4isen voittonsa"}]},{"@type":"WebSite","@id":"https:\/\/aktialiiga.fi\/naiset\/#website","url":"https:\/\/aktialiiga.fi\/naiset\/","name":"K\u00e4sipallon naisten Aktialiiga","description":"Valtakunnan vauhdikkainta palloilua!","publisher":{"@id":"https:\/\/aktialiiga.fi\/naiset\/#organization"},"potentialAction":[{"@type":"SearchAction","target":{"@type":"EntryPoint","urlTemplate":"https:\/\/aktialiiga.fi\/naiset\/?s={search_term_string}"},"query-input":{"@type":"PropertyValueSpecification","valueRequired":true,"valueName":"search_term_string"}}],"inLanguage":"fi"},{"@type":"Organization","@id":"https:\/\/aktialiiga.fi\/naiset\/#organization","name":"K\u00e4sipallon naisten Aktialiiga","url":"https:\/\/aktialiiga.fi\/naiset\/","logo":{"@type":"ImageObject","inLanguage":"fi","@id":"https:\/\/aktialiiga.fi\/naiset\/#\/schema\/logo\/image\/","url":"https:\/\/aktialiiga.fi\/naiset\/wp-content\/uploads\/sites\/6\/2024\/09\/Aktialiiga-Yoast-512.png","contentUrl":"https:\/\/aktialiiga.fi\/naiset\/wp-content\/uploads\/sites\/6\/2024\/09\/Aktialiiga-Yoast-512.png","width":512,"height":512,"caption":"K\u00e4sipallon naisten Aktialiiga"},"image":{"@id":"https:\/\/aktialiiga.fi\/naiset\/#\/schema\/logo\/image\/"},"sameAs":["https:\/\/www.facebook.com\/finnhandball","https:\/\/x.com\/finnhandball","https:\/\/www.instagram.com\/handballfinland\/"]},{"@type":"Person","@id":"https:\/\/aktialiiga.fi\/naiset\/#\/schema\/person\/c14bf42f47041db74603c45afcb18d87","name":"tbrmedia","image":{"@type":"ImageObject","inLanguage":"fi","@id":"https:\/\/secure.gravatar.com\/avatar\/ee975fa091fe581d12b60debb3439022686618368a7c142044c56724d4666b16?s=96&d=mm&r=g","url":"https:\/\/secure.gravatar.com\/avatar\/ee975fa091fe581d12b60debb3439022686618368a7c142044c56724d4666b16?s=96&d=mm&r=g","contentUrl":"https:\/\/secure.gravatar.com\/avatar\/ee975fa091fe581d12b60debb3439022686618368a7c142044c56724d4666b16?s=96&d=mm&r=g","caption":"tbrmedia"}}]}},"jetpack_featured_media_url":"https:\/\/aktialiiga.fi\/naiset\/wp-content\/uploads\/sites\/6\/2011\/08\/logo-kyif.gif","jetpack_sharing_enabled":true,"jetpack_shortlink":"https:\/\/wp.me\/pfYhm6-ql","_links":{"self":[{"href":"https:\/\/aktialiiga.fi\/naiset\/wp-json\/wp\/v2\/posts\/1633","targetHints":{"allow":["GET"]}}],"collection":[{"href":"https:\/\/aktialiiga.fi\/naiset\/wp-json\/wp\/v2\/posts"}],"about":[{"href":"https:\/\/aktialiiga.fi\/naiset\/wp-json\/wp\/v2\/types\/post"}],"author":[{"embeddable":true,"href":"https:\/\/aktialiiga.fi\/naiset\/wp-json\/wp\/v2\/users\/13"}],"replies":[{"embeddable":true,"href":"https:\/\/aktialiiga.fi\/naiset\/wp-json\/wp\/v2\/comments?post=1633"}],"version-history":[{"count":1,"href":"https:\/\/aktialiiga.fi\/naiset\/wp-json\/wp\/v2\/posts\/1633\/revisions"}],"predecessor-version":[{"id":39860,"href":"https:\/\/aktialiiga.fi\/naiset\/wp-json\/wp\/v2\/posts\/1633\/revisions\/39860"}],"wp:featuredmedia":[{"embeddable":true,"href":"https:\/\/aktialiiga.fi\/naiset\/wp-json\/wp\/v2\/media\/62"}],"wp:attachment":[{"href":"https:\/\/aktialiiga.fi\/naiset\/wp-json\/wp\/v2\/media?parent=1633"}],"wp:term":[{"taxonomy":"category","embeddable":true,"href":"https:\/\/aktialiiga.fi\/naiset\/wp-json\/wp\/v2\/categories?post=1633"},{"taxonomy":"post_tag","embeddable":true,"href":"https:\/\/aktialiiga.fi\/naiset\/wp-json\/wp\/v2\/tags?post=1633"}],"curies":[{"name":"wp","href":"https:\/\/api.w.org\/{rel}","templated":true}]}}