{"id":16962,"date":"2018-02-14T18:39:37","date_gmt":"2018-02-14T16:39:37","guid":{"rendered":"https:\/\/aktialiiga.fi\/naiset\/?p=16962"},"modified":"2018-02-14T18:39:37","modified_gmt":"2018-02-14T16:39:37","slug":"kyifn-sm-sarjan-joukkueen-ensi-kausi-vahvalla-pohjalla","status":"publish","type":"post","link":"https:\/\/aktialiiga.fi\/naiset\/ajankohtaista\/kyifn-sm-sarjan-joukkueen-ensi-kausi-vahvalla-pohjalla\/","title":{"rendered":"KyIF:n SM-sarjan joukkueen ensi kausi vahvalla pohjalla"},"content":{"rendered":"<p>Kirkkonummen KyIF tuli uudestaan mukaan ylimm\u00e4lle sarjatasolle naisten SM-sarjaan t\u00e4lle kaudelle ja on p\u00e4rj\u00e4nnyt tulokkaana varsin hyvin, sijoittuen runkosarjan j\u00e4lkeen viidenneksi.<\/p>\n<p>Joukkueella on edelleen t\u00e4ydet mahdollisuudet olla mukana kev\u00e4\u00e4n mitaliotteluissa, johtaahan se alempaa jatkosarjaa selv\u00e4ll\u00e4 kuuden pisteen erolla seuraaviin.<\/p>\n<p>&#8211; Meill\u00e4 on my\u00f6s seuraavan kauden 2018-2019 kattava sopimus l\u00e4hes koko nykyisen joukkueen pelaajiston kanssa, joten voimme katsoa jatkon olevan vakaalla pohjalla, toteaa NSM joukkueenjohtaja ja seuran puheenjohtaja Nina Sampakoski.<\/p>\n<p>&#8211; Voimme jo t\u00e4ss\u00e4 vaiheessa julkistaa ensi vuoden kokoonpanostamme seuraavat pelaajat, Ingrid Degerth, Johanna Degerth, Suvi Erhovaara, Felicia Gr\u00f6nholm, Liisa Holopainen, Matina Keserci, Emmi Koljonen, Jessi Laasio, Elin M\u00e4nnikk\u00f6, Emmi Paajanen, Linda Ratilainen, Aini Salminen ja Carla Str\u00f6m ovat ainakin mukana my\u00f6s ensi kaudella.<\/p>\n<p>Odotukset ensi kauden suhteen ovatkin Kirkkonummella korkealla, kun kokemusta on ker\u00e4tty kuluvan kauden ajan.<\/p>\n<p>&#8211; Luonnollisesti ensimm\u00e4inen kausi uuden joukkueen ja ylimm\u00e4n sarjatason my\u00f6t\u00e4 on teett\u00e4nyt paljon t\u00f6it\u00e4 saadaksemme tekemisen oikealle tasolle. Olemme kuitenkin pystyneet joko voittamaan tai v\u00e4hint\u00e4\u00e4n tasap\u00e4isesti haastamaan kaikki muut joukkueet paitsi hallitsevan mestarin.<\/p>\n<p>&#8211; Seuraavalla kaudella pystymme nostamaan tasoamme l\u00e4hemm\u00e4s my\u00f6s sarjak\u00e4rke\u00e4, onhan joukkueen nuorille runko pelaajille tullut taas vuosi lis\u00e4\u00e4 kokemusta. Vahvistamme joukkuetta my\u00f6s uusilla pelaajilla, joiden kanssa neuvottelut ovat meneill\u00e4\u00e4n, kommentoi p\u00e4\u00e4valmentaja Tomas Mecklin.<\/p>\n","protected":false},"excerpt":{"rendered":"<p>Kirkkonummen KyIF tuli uudestaan mukaan ylimm\u00e4lle sarjatasolle naisten SM-sarjaan t\u00e4lle kaudelle ja on p\u00e4rj\u00e4nnyt tulokkaana varsin hyvin, sijoittuen runkosarjan j\u00e4lkeen viidenneksi. Joukkueella on edelleen t\u00e4ydet mahdollisuudet olla mukana kev\u00e4\u00e4n mitaliotteluissa, johtaahan se alempaa jatkosarjaa selv\u00e4ll\u00e4 kuuden pisteen erolla seuraaviin. &#8211; Meill\u00e4 on my\u00f6s seuraavan kauden 2018-2019 kattava sopimus l\u00e4hes koko nykyisen joukkueen pelaajiston kanssa, joten [&hellip;]<\/p>\n","protected":false},"author":13,"featured_media":15473,"comment_status":"closed","ping_status":"closed","sticky":false,"template":"","format":"standard","meta":{"_acf_changed":false,"jetpack_post_was_ever_published":false,"_jetpack_newsletter_access":"","_jetpack_dont_email_post_to_subs":false,"_jetpack_newsletter_tier_id":0,"_jetpack_memberships_contains_paywalled_content":false,"_jetpack_memberships_contains_paid_content":false,"footnotes":""},"categories":[2],"tags":[67],"class_list":["post-16962","post","type-post","status-publish","format-standard","has-post-thumbnail","hentry","category-ajankohtaista","tag-kyif"],"acf":[],"yoast_head":"<!-- This site is optimized with the Yoast SEO plugin v27.5 - https:\/\/yoast.com\/product\/yoast-seo-wordpress\/ -->\n<title>KyIF:n SM-sarjan joukkueen ensi kausi vahvalla pohjalla | K\u00e4sipallon naisten Aktialiiga<\/title>\n<meta name=\"robots\" content=\"index, follow, max-snippet:-1, max-image-preview:large, max-video-preview:-1\" \/>\n<link rel=\"canonical\" href=\"https:\/\/aktialiiga.fi\/naiset\/ajankohtaista\/kyifn-sm-sarjan-joukkueen-ensi-kausi-vahvalla-pohjalla\/\" \/>\n<meta property=\"og:locale\" content=\"fi_FI\" \/>\n<meta property=\"og:type\" content=\"article\" \/>\n<meta property=\"og:title\" content=\"KyIF:n SM-sarjan joukkueen ensi kausi vahvalla pohjalla | K\u00e4sipallon naisten Aktialiiga\" \/>\n<meta property=\"og:description\" content=\"Kirkkonummen KyIF tuli uudestaan mukaan ylimm\u00e4lle sarjatasolle naisten SM-sarjaan t\u00e4lle kaudelle ja on p\u00e4rj\u00e4nnyt tulokkaana varsin hyvin, sijoittuen runkosarjan j\u00e4lkeen viidenneksi. Joukkueella on edelleen t\u00e4ydet mahdollisuudet olla mukana kev\u00e4\u00e4n mitaliotteluissa, johtaahan se alempaa jatkosarjaa selv\u00e4ll\u00e4 kuuden pisteen erolla seuraaviin. &#8211; Meill\u00e4 on my\u00f6s seuraavan kauden 2018-2019 kattava sopimus l\u00e4hes koko nykyisen joukkueen pelaajiston kanssa, joten [&hellip;]\" \/>\n<meta property=\"og:url\" content=\"https:\/\/aktialiiga.fi\/naiset\/ajankohtaista\/kyifn-sm-sarjan-joukkueen-ensi-kausi-vahvalla-pohjalla\/\" \/>\n<meta property=\"og:site_name\" content=\"K\u00e4sipallon naisten Aktialiiga\" \/>\n<meta property=\"article:publisher\" content=\"https:\/\/www.facebook.com\/finnhandball\" \/>\n<meta property=\"article:published_time\" content=\"2018-02-14T16:39:37+00:00\" \/>\n<meta property=\"og:image\" content=\"https:\/\/aktialiiga.fi\/naiset\/wp-content\/uploads\/sites\/6\/2017\/11\/KYIF-NSM.jpg\" \/>\n\t<meta property=\"og:image:width\" content=\"1200\" \/>\n\t<meta property=\"og:image:height\" content=\"799\" \/>\n\t<meta property=\"og:image:type\" content=\"image\/jpeg\" \/>\n<meta name=\"author\" content=\"tbrmedia\" \/>\n<meta name=\"twitter:card\" content=\"summary_large_image\" \/>\n<meta name=\"twitter:creator\" content=\"@finnhandball\" \/>\n<meta name=\"twitter:site\" content=\"@finnhandball\" \/>\n<script type=\"application\/ld+json\" class=\"yoast-schema-graph\">{\"@context\":\"https:\\\/\\\/schema.org\",\"@graph\":[{\"@type\":\"Article\",\"@id\":\"https:\\\/\\\/aktialiiga.fi\\\/naiset\\\/ajankohtaista\\\/kyifn-sm-sarjan-joukkueen-ensi-kausi-vahvalla-pohjalla\\\/#article\",\"isPartOf\":{\"@id\":\"https:\\\/\\\/aktialiiga.fi\\\/naiset\\\/ajankohtaista\\\/kyifn-sm-sarjan-joukkueen-ensi-kausi-vahvalla-pohjalla\\\/\"},\"author\":{\"name\":\"tbrmedia\",\"@id\":\"https:\\\/\\\/aktialiiga.fi\\\/naiset\\\/#\\\/schema\\\/person\\\/c14bf42f47041db74603c45afcb18d87\"},\"headline\":\"KyIF:n SM-sarjan joukkueen ensi kausi vahvalla pohjalla\",\"datePublished\":\"2018-02-14T16:39:37+00:00\",\"mainEntityOfPage\":{\"@id\":\"https:\\\/\\\/aktialiiga.fi\\\/naiset\\\/ajankohtaista\\\/kyifn-sm-sarjan-joukkueen-ensi-kausi-vahvalla-pohjalla\\\/\"},\"wordCount\":232,\"publisher\":{\"@id\":\"https:\\\/\\\/aktialiiga.fi\\\/naiset\\\/#organization\"},\"image\":{\"@id\":\"https:\\\/\\\/aktialiiga.fi\\\/naiset\\\/ajankohtaista\\\/kyifn-sm-sarjan-joukkueen-ensi-kausi-vahvalla-pohjalla\\\/#primaryimage\"},\"thumbnailUrl\":\"https:\\\/\\\/aktialiiga.fi\\\/naiset\\\/wp-content\\\/uploads\\\/sites\\\/6\\\/2017\\\/11\\\/KYIF-NSM.jpg\",\"keywords\":[\"KyIF\"],\"articleSection\":[\"Ajankohtaista\"],\"inLanguage\":\"fi\"},{\"@type\":\"WebPage\",\"@id\":\"https:\\\/\\\/aktialiiga.fi\\\/naiset\\\/ajankohtaista\\\/kyifn-sm-sarjan-joukkueen-ensi-kausi-vahvalla-pohjalla\\\/\",\"url\":\"https:\\\/\\\/aktialiiga.fi\\\/naiset\\\/ajankohtaista\\\/kyifn-sm-sarjan-joukkueen-ensi-kausi-vahvalla-pohjalla\\\/\",\"name\":\"KyIF:n SM-sarjan joukkueen ensi kausi vahvalla pohjalla | K\u00e4sipallon naisten Aktialiiga\",\"isPartOf\":{\"@id\":\"https:\\\/\\\/aktialiiga.fi\\\/naiset\\\/#website\"},\"primaryImageOfPage\":{\"@id\":\"https:\\\/\\\/aktialiiga.fi\\\/naiset\\\/ajankohtaista\\\/kyifn-sm-sarjan-joukkueen-ensi-kausi-vahvalla-pohjalla\\\/#primaryimage\"},\"image\":{\"@id\":\"https:\\\/\\\/aktialiiga.fi\\\/naiset\\\/ajankohtaista\\\/kyifn-sm-sarjan-joukkueen-ensi-kausi-vahvalla-pohjalla\\\/#primaryimage\"},\"thumbnailUrl\":\"https:\\\/\\\/aktialiiga.fi\\\/naiset\\\/wp-content\\\/uploads\\\/sites\\\/6\\\/2017\\\/11\\\/KYIF-NSM.jpg\",\"datePublished\":\"2018-02-14T16:39:37+00:00\",\"breadcrumb\":{\"@id\":\"https:\\\/\\\/aktialiiga.fi\\\/naiset\\\/ajankohtaista\\\/kyifn-sm-sarjan-joukkueen-ensi-kausi-vahvalla-pohjalla\\\/#breadcrumb\"},\"inLanguage\":\"fi\",\"potentialAction\":[{\"@type\":\"ReadAction\",\"target\":[\"https:\\\/\\\/aktialiiga.fi\\\/naiset\\\/ajankohtaista\\\/kyifn-sm-sarjan-joukkueen-ensi-kausi-vahvalla-pohjalla\\\/\"]}]},{\"@type\":\"ImageObject\",\"inLanguage\":\"fi\",\"@id\":\"https:\\\/\\\/aktialiiga.fi\\\/naiset\\\/ajankohtaista\\\/kyifn-sm-sarjan-joukkueen-ensi-kausi-vahvalla-pohjalla\\\/#primaryimage\",\"url\":\"https:\\\/\\\/aktialiiga.fi\\\/naiset\\\/wp-content\\\/uploads\\\/sites\\\/6\\\/2017\\\/11\\\/KYIF-NSM.jpg\",\"contentUrl\":\"https:\\\/\\\/aktialiiga.fi\\\/naiset\\\/wp-content\\\/uploads\\\/sites\\\/6\\\/2017\\\/11\\\/KYIF-NSM.jpg\",\"width\":1200,\"height\":799,\"caption\":\"Job: 201718-EX-Sport-Kirkkonummi Kyif Group: KYIF- NSM\"},{\"@type\":\"BreadcrumbList\",\"@id\":\"https:\\\/\\\/aktialiiga.fi\\\/naiset\\\/ajankohtaista\\\/kyifn-sm-sarjan-joukkueen-ensi-kausi-vahvalla-pohjalla\\\/#breadcrumb\",\"itemListElement\":[{\"@type\":\"ListItem\",\"position\":1,\"name\":\"Etusivu\",\"item\":\"https:\\\/\\\/aktialiiga.fi\\\/naiset\\\/\"},{\"@type\":\"ListItem\",\"position\":2,\"name\":\"KyIF:n SM-sarjan joukkueen ensi kausi vahvalla pohjalla\"}]},{\"@type\":\"WebSite\",\"@id\":\"https:\\\/\\\/aktialiiga.fi\\\/naiset\\\/#website\",\"url\":\"https:\\\/\\\/aktialiiga.fi\\\/naiset\\\/\",\"name\":\"K\u00e4sipallon naisten Aktialiiga\",\"description\":\"Valtakunnan vauhdikkainta palloilua!\",\"publisher\":{\"@id\":\"https:\\\/\\\/aktialiiga.fi\\\/naiset\\\/#organization\"},\"potentialAction\":[{\"@type\":\"SearchAction\",\"target\":{\"@type\":\"EntryPoint\",\"urlTemplate\":\"https:\\\/\\\/aktialiiga.fi\\\/naiset\\\/?s={search_term_string}\"},\"query-input\":{\"@type\":\"PropertyValueSpecification\",\"valueRequired\":true,\"valueName\":\"search_term_string\"}}],\"inLanguage\":\"fi\"},{\"@type\":\"Organization\",\"@id\":\"https:\\\/\\\/aktialiiga.fi\\\/naiset\\\/#organization\",\"name\":\"K\u00e4sipallon naisten Aktialiiga\",\"url\":\"https:\\\/\\\/aktialiiga.fi\\\/naiset\\\/\",\"logo\":{\"@type\":\"ImageObject\",\"inLanguage\":\"fi\",\"@id\":\"https:\\\/\\\/aktialiiga.fi\\\/naiset\\\/#\\\/schema\\\/logo\\\/image\\\/\",\"url\":\"https:\\\/\\\/aktialiiga.fi\\\/naiset\\\/wp-content\\\/uploads\\\/sites\\\/6\\\/2024\\\/09\\\/Aktialiiga-Yoast-512.png\",\"contentUrl\":\"https:\\\/\\\/aktialiiga.fi\\\/naiset\\\/wp-content\\\/uploads\\\/sites\\\/6\\\/2024\\\/09\\\/Aktialiiga-Yoast-512.png\",\"width\":512,\"height\":512,\"caption\":\"K\u00e4sipallon naisten Aktialiiga\"},\"image\":{\"@id\":\"https:\\\/\\\/aktialiiga.fi\\\/naiset\\\/#\\\/schema\\\/logo\\\/image\\\/\"},\"sameAs\":[\"https:\\\/\\\/www.facebook.com\\\/finnhandball\",\"https:\\\/\\\/x.com\\\/finnhandball\",\"https:\\\/\\\/www.instagram.com\\\/handballfinland\\\/\"]},{\"@type\":\"Person\",\"@id\":\"https:\\\/\\\/aktialiiga.fi\\\/naiset\\\/#\\\/schema\\\/person\\\/c14bf42f47041db74603c45afcb18d87\",\"name\":\"tbrmedia\",\"image\":{\"@type\":\"ImageObject\",\"inLanguage\":\"fi\",\"@id\":\"https:\\\/\\\/secure.gravatar.com\\\/avatar\\\/ee975fa091fe581d12b60debb3439022686618368a7c142044c56724d4666b16?s=96&d=mm&r=g\",\"url\":\"https:\\\/\\\/secure.gravatar.com\\\/avatar\\\/ee975fa091fe581d12b60debb3439022686618368a7c142044c56724d4666b16?s=96&d=mm&r=g\",\"contentUrl\":\"https:\\\/\\\/secure.gravatar.com\\\/avatar\\\/ee975fa091fe581d12b60debb3439022686618368a7c142044c56724d4666b16?s=96&d=mm&r=g\",\"caption\":\"tbrmedia\"}}]}<\/script>\n<!-- \/ Yoast SEO plugin. -->","yoast_head_json":{"title":"KyIF:n SM-sarjan joukkueen ensi kausi vahvalla pohjalla | K\u00e4sipallon naisten Aktialiiga","robots":{"index":"index","follow":"follow","max-snippet":"max-snippet:-1","max-image-preview":"max-image-preview:large","max-video-preview":"max-video-preview:-1"},"canonical":"https:\/\/aktialiiga.fi\/naiset\/ajankohtaista\/kyifn-sm-sarjan-joukkueen-ensi-kausi-vahvalla-pohjalla\/","og_locale":"fi_FI","og_type":"article","og_title":"KyIF:n SM-sarjan joukkueen ensi kausi vahvalla pohjalla | K\u00e4sipallon naisten Aktialiiga","og_description":"Kirkkonummen KyIF tuli uudestaan mukaan ylimm\u00e4lle sarjatasolle naisten SM-sarjaan t\u00e4lle kaudelle ja on p\u00e4rj\u00e4nnyt tulokkaana varsin hyvin, sijoittuen runkosarjan j\u00e4lkeen viidenneksi. Joukkueella on edelleen t\u00e4ydet mahdollisuudet olla mukana kev\u00e4\u00e4n mitaliotteluissa, johtaahan se alempaa jatkosarjaa selv\u00e4ll\u00e4 kuuden pisteen erolla seuraaviin. &#8211; Meill\u00e4 on my\u00f6s seuraavan kauden 2018-2019 kattava sopimus l\u00e4hes koko nykyisen joukkueen pelaajiston kanssa, joten [&hellip;]","og_url":"https:\/\/aktialiiga.fi\/naiset\/ajankohtaista\/kyifn-sm-sarjan-joukkueen-ensi-kausi-vahvalla-pohjalla\/","og_site_name":"K\u00e4sipallon naisten Aktialiiga","article_publisher":"https:\/\/www.facebook.com\/finnhandball","article_published_time":"2018-02-14T16:39:37+00:00","og_image":[{"width":1200,"height":799,"url":"https:\/\/aktialiiga.fi\/naiset\/wp-content\/uploads\/sites\/6\/2017\/11\/KYIF-NSM.jpg","type":"image\/jpeg"}],"author":"tbrmedia","twitter_card":"summary_large_image","twitter_creator":"@finnhandball","twitter_site":"@finnhandball","schema":{"@context":"https:\/\/schema.org","@graph":[{"@type":"Article","@id":"https:\/\/aktialiiga.fi\/naiset\/ajankohtaista\/kyifn-sm-sarjan-joukkueen-ensi-kausi-vahvalla-pohjalla\/#article","isPartOf":{"@id":"https:\/\/aktialiiga.fi\/naiset\/ajankohtaista\/kyifn-sm-sarjan-joukkueen-ensi-kausi-vahvalla-pohjalla\/"},"author":{"name":"tbrmedia","@id":"https:\/\/aktialiiga.fi\/naiset\/#\/schema\/person\/c14bf42f47041db74603c45afcb18d87"},"headline":"KyIF:n SM-sarjan joukkueen ensi kausi vahvalla pohjalla","datePublished":"2018-02-14T16:39:37+00:00","mainEntityOfPage":{"@id":"https:\/\/aktialiiga.fi\/naiset\/ajankohtaista\/kyifn-sm-sarjan-joukkueen-ensi-kausi-vahvalla-pohjalla\/"},"wordCount":232,"publisher":{"@id":"https:\/\/aktialiiga.fi\/naiset\/#organization"},"image":{"@id":"https:\/\/aktialiiga.fi\/naiset\/ajankohtaista\/kyifn-sm-sarjan-joukkueen-ensi-kausi-vahvalla-pohjalla\/#primaryimage"},"thumbnailUrl":"https:\/\/aktialiiga.fi\/naiset\/wp-content\/uploads\/sites\/6\/2017\/11\/KYIF-NSM.jpg","keywords":["KyIF"],"articleSection":["Ajankohtaista"],"inLanguage":"fi"},{"@type":"WebPage","@id":"https:\/\/aktialiiga.fi\/naiset\/ajankohtaista\/kyifn-sm-sarjan-joukkueen-ensi-kausi-vahvalla-pohjalla\/","url":"https:\/\/aktialiiga.fi\/naiset\/ajankohtaista\/kyifn-sm-sarjan-joukkueen-ensi-kausi-vahvalla-pohjalla\/","name":"KyIF:n SM-sarjan joukkueen ensi kausi vahvalla pohjalla | K\u00e4sipallon naisten Aktialiiga","isPartOf":{"@id":"https:\/\/aktialiiga.fi\/naiset\/#website"},"primaryImageOfPage":{"@id":"https:\/\/aktialiiga.fi\/naiset\/ajankohtaista\/kyifn-sm-sarjan-joukkueen-ensi-kausi-vahvalla-pohjalla\/#primaryimage"},"image":{"@id":"https:\/\/aktialiiga.fi\/naiset\/ajankohtaista\/kyifn-sm-sarjan-joukkueen-ensi-kausi-vahvalla-pohjalla\/#primaryimage"},"thumbnailUrl":"https:\/\/aktialiiga.fi\/naiset\/wp-content\/uploads\/sites\/6\/2017\/11\/KYIF-NSM.jpg","datePublished":"2018-02-14T16:39:37+00:00","breadcrumb":{"@id":"https:\/\/aktialiiga.fi\/naiset\/ajankohtaista\/kyifn-sm-sarjan-joukkueen-ensi-kausi-vahvalla-pohjalla\/#breadcrumb"},"inLanguage":"fi","potentialAction":[{"@type":"ReadAction","target":["https:\/\/aktialiiga.fi\/naiset\/ajankohtaista\/kyifn-sm-sarjan-joukkueen-ensi-kausi-vahvalla-pohjalla\/"]}]},{"@type":"ImageObject","inLanguage":"fi","@id":"https:\/\/aktialiiga.fi\/naiset\/ajankohtaista\/kyifn-sm-sarjan-joukkueen-ensi-kausi-vahvalla-pohjalla\/#primaryimage","url":"https:\/\/aktialiiga.fi\/naiset\/wp-content\/uploads\/sites\/6\/2017\/11\/KYIF-NSM.jpg","contentUrl":"https:\/\/aktialiiga.fi\/naiset\/wp-content\/uploads\/sites\/6\/2017\/11\/KYIF-NSM.jpg","width":1200,"height":799,"caption":"Job: 201718-EX-Sport-Kirkkonummi Kyif Group: KYIF- NSM"},{"@type":"BreadcrumbList","@id":"https:\/\/aktialiiga.fi\/naiset\/ajankohtaista\/kyifn-sm-sarjan-joukkueen-ensi-kausi-vahvalla-pohjalla\/#breadcrumb","itemListElement":[{"@type":"ListItem","position":1,"name":"Etusivu","item":"https:\/\/aktialiiga.fi\/naiset\/"},{"@type":"ListItem","position":2,"name":"KyIF:n SM-sarjan joukkueen ensi kausi vahvalla pohjalla"}]},{"@type":"WebSite","@id":"https:\/\/aktialiiga.fi\/naiset\/#website","url":"https:\/\/aktialiiga.fi\/naiset\/","name":"K\u00e4sipallon naisten Aktialiiga","description":"Valtakunnan vauhdikkainta palloilua!","publisher":{"@id":"https:\/\/aktialiiga.fi\/naiset\/#organization"},"potentialAction":[{"@type":"SearchAction","target":{"@type":"EntryPoint","urlTemplate":"https:\/\/aktialiiga.fi\/naiset\/?s={search_term_string}"},"query-input":{"@type":"PropertyValueSpecification","valueRequired":true,"valueName":"search_term_string"}}],"inLanguage":"fi"},{"@type":"Organization","@id":"https:\/\/aktialiiga.fi\/naiset\/#organization","name":"K\u00e4sipallon naisten Aktialiiga","url":"https:\/\/aktialiiga.fi\/naiset\/","logo":{"@type":"ImageObject","inLanguage":"fi","@id":"https:\/\/aktialiiga.fi\/naiset\/#\/schema\/logo\/image\/","url":"https:\/\/aktialiiga.fi\/naiset\/wp-content\/uploads\/sites\/6\/2024\/09\/Aktialiiga-Yoast-512.png","contentUrl":"https:\/\/aktialiiga.fi\/naiset\/wp-content\/uploads\/sites\/6\/2024\/09\/Aktialiiga-Yoast-512.png","width":512,"height":512,"caption":"K\u00e4sipallon naisten Aktialiiga"},"image":{"@id":"https:\/\/aktialiiga.fi\/naiset\/#\/schema\/logo\/image\/"},"sameAs":["https:\/\/www.facebook.com\/finnhandball","https:\/\/x.com\/finnhandball","https:\/\/www.instagram.com\/handballfinland\/"]},{"@type":"Person","@id":"https:\/\/aktialiiga.fi\/naiset\/#\/schema\/person\/c14bf42f47041db74603c45afcb18d87","name":"tbrmedia","image":{"@type":"ImageObject","inLanguage":"fi","@id":"https:\/\/secure.gravatar.com\/avatar\/ee975fa091fe581d12b60debb3439022686618368a7c142044c56724d4666b16?s=96&d=mm&r=g","url":"https:\/\/secure.gravatar.com\/avatar\/ee975fa091fe581d12b60debb3439022686618368a7c142044c56724d4666b16?s=96&d=mm&r=g","contentUrl":"https:\/\/secure.gravatar.com\/avatar\/ee975fa091fe581d12b60debb3439022686618368a7c142044c56724d4666b16?s=96&d=mm&r=g","caption":"tbrmedia"}}]}},"jetpack_featured_media_url":"https:\/\/aktialiiga.fi\/naiset\/wp-content\/uploads\/sites\/6\/2017\/11\/KYIF-NSM.jpg","jetpack_sharing_enabled":true,"jetpack_shortlink":"https:\/\/wp.me\/pfYhm6-4pA","_links":{"self":[{"href":"https:\/\/aktialiiga.fi\/naiset\/wp-json\/wp\/v2\/posts\/16962","targetHints":{"allow":["GET"]}}],"collection":[{"href":"https:\/\/aktialiiga.fi\/naiset\/wp-json\/wp\/v2\/posts"}],"about":[{"href":"https:\/\/aktialiiga.fi\/naiset\/wp-json\/wp\/v2\/types\/post"}],"author":[{"embeddable":true,"href":"https:\/\/aktialiiga.fi\/naiset\/wp-json\/wp\/v2\/users\/13"}],"replies":[{"embeddable":true,"href":"https:\/\/aktialiiga.fi\/naiset\/wp-json\/wp\/v2\/comments?post=16962"}],"version-history":[{"count":0,"href":"https:\/\/aktialiiga.fi\/naiset\/wp-json\/wp\/v2\/posts\/16962\/revisions"}],"wp:featuredmedia":[{"embeddable":true,"href":"https:\/\/aktialiiga.fi\/naiset\/wp-json\/wp\/v2\/media\/15473"}],"wp:attachment":[{"href":"https:\/\/aktialiiga.fi\/naiset\/wp-json\/wp\/v2\/media?parent=16962"}],"wp:term":[{"taxonomy":"category","embeddable":true,"href":"https:\/\/aktialiiga.fi\/naiset\/wp-json\/wp\/v2\/categories?post=16962"},{"taxonomy":"post_tag","embeddable":true,"href":"https:\/\/aktialiiga.fi\/naiset\/wp-json\/wp\/v2\/tags?post=16962"}],"curies":[{"name":"wp","href":"https:\/\/api.w.org\/{rel}","templated":true}]}}