{"id":17008,"date":"2018-03-03T17:55:31","date_gmt":"2018-03-03T15:55:31","guid":{"rendered":"https:\/\/aktialiiga.fi\/naiset\/?p=17008"},"modified":"2018-03-03T18:46:03","modified_gmt":"2018-03-03T16:46:03","slug":"aifk-otti-tarkean-voiton","status":"publish","type":"post","link":"https:\/\/aktialiiga.fi\/naiset\/2017-2018\/ottelut-2017-2018\/aifk-otti-tarkean-voiton\/","title":{"rendered":"\u00c5IFK otti t\u00e4rke\u00e4n voiton"},"content":{"rendered":"<p>\u00c5IFK piti haaveet puoliv\u00e4lier\u00e4paikastaan elossa, kun se voitti kotikent\u00e4ll\u00e4\u00e4n SIF:lle 40-30 (15-13).<\/p>\n<p>\u00c5IFK aloitti ottelun vahvasti ja sai rep\u00e4isty\u00e4 jo viiden maalin johdon ensimm\u00e4isen jakson puoliv\u00e4liss\u00e4. SIF p\u00e4\u00e4si maalin p\u00e4\u00e4h\u00e4n, mutta tauolle mentiin \u00c5IFK:n kahden maalin johdossa.<\/p>\n<p>Toinen puoliaika alkoi tasaisesti, mutta SIF pystyi pit\u00e4m\u00e4\u00e4n johtonsa. Reilun viiden minuutin j\u00e4lkeen \u00c5IFK teki kuitenkin ratkaisevan iskun, kun se vei seuraavan kuusiminuuttisen 6-1 ja ero kasvoi kuuteen. Lopullisen kuoliniskun \u00c5IFK iski viimeisen kympin alussa tekem\u00e4ll\u00e4 nelj\u00e4 maalia ja ero kasvoi 11. Lopulta \u00c5IFK kuittasi maalirikkaassa peliss\u00e4 40-30-voiton. \u00c5IFK:n tehokaksikko Ellen Norrgrann (15 maalia)-Emilia Dahl (10 maalia) olivat SIF:n puolustukselle myrkky\u00e4.<\/p>\n<p>Voitolla \u00c5IFK nousi pisteen p\u00e4\u00e4h\u00e4n SIF:st\u00e4.<\/p>\n<p>\u00c5IFK:n valmentajavastuussa ollut Bill Anckar iloitsi erityisesti hy\u00f6kk\u00e4yspelist\u00e4.<\/p>\n<p>&#8211; Pitk\u00e4st\u00e4 aikaa 40 tehty\u00e4 maalia. Hy\u00f6kk\u00e4yksess\u00e4 enemm\u00e4n vauhtia, kun aiemmin ja olimme monipuolisempia. Keskipuolustus on haaste, t\u00e4ss\u00e4 meill\u00e4 parannettavaa.<\/p>\n<p>SIF:n p\u00e4\u00e4valmentaja Harry Wikstr\u00f6m my\u00f6nsi \u00c5IFK:n paremmuuden.<\/p>\n<p>&#8211; Aluksi nousimme hyvin puolustuksessa, mutta sitten aloimme peruuttamaan. Hyvi\u00e4 sy\u00f6tt\u00f6j\u00e4 viivalle. \u00c5bo ansaitsi voiton t\u00e4ysin.<\/p>\n<p>Ottelun parhaana palkittu Linda Sipola kiitteli joukkueen puolustuspelaamista maalijuhlien lis\u00e4ksi.<\/p>\n<p>&#8211; Pidin todella paljon puolustuksestamme. Pelasimme hyvin hy\u00f6kk\u00e4yksess\u00e4 ja meill\u00e4 oli korkea tempo l\u00e4pi koko ottelun.<\/p>\n<p><strong>\u00c5IFK-SIF 40-30 (15-13)<\/strong><\/p>\n<p><strong>Maalintekij\u00e4t<br \/>\n<\/strong>\u00c5IFK: Ellen Norrgrann 15, Emilia Dahl 10, Ingrid Lindbom 7, Emilia Sk\u00f6n 4, Amanda Salenius 4<\/p>\n<p>SIF: Corinna Jensen 7, Pernilla Karlsson 6, Daria Kaganez 5, Matilda Sj\u00f6stedt 3, Oona Reinikainen 2, Nea Puijola 2, Madeleine Lindholm 2, Fanny Axberg 2, Sara Falck 1<\/p>\n<p><strong>L\u00e4hiTapiola-t\u00e4htipelaajat<br \/>\n<\/strong>Linda Sipola \u00c5IFK 3<br \/>\nEllen Norrgrann \u00c5IFK 2<br \/>\nCorinna Jensen SIF 1<\/p>\n<p><strong>2 min ulosajot sek\u00e4 pelist\u00e4 sulkemiset<br \/>\n<\/strong>\u00c5IFK: Antonia Ahlb\u00e4ck 1 x 2 min, Ellen Norrgrann 1 x 2 min, Emilia Sk\u00f6n 1 x 2 min<br \/>\nSIF: Daria Kaganez 2 x 2 min, Pernilla Karlsson 1 x 2 min<\/p>\n<p><em>Erotuomarit:<\/em> Robin Karlsson &#8211; Jan R\u00f6nnberg<\/p>\n<p>Yleis\u00f6\u00e4: 47<\/p>\n","protected":false},"excerpt":{"rendered":"<p>\u00c5IFK piti haaveet puoliv\u00e4lier\u00e4paikastaan elossa, kun se voitti kotikent\u00e4ll\u00e4\u00e4n SIF:lle 40-30 (15-13). \u00c5IFK aloitti ottelun vahvasti ja sai rep\u00e4isty\u00e4 jo viiden maalin johdon ensimm\u00e4isen jakson puoliv\u00e4liss\u00e4. SIF p\u00e4\u00e4si maalin p\u00e4\u00e4h\u00e4n, mutta tauolle mentiin \u00c5IFK:n kahden maalin johdossa. Toinen puoliaika alkoi tasaisesti, mutta SIF pystyi pit\u00e4m\u00e4\u00e4n johtonsa. Reilun viiden minuutin j\u00e4lkeen \u00c5IFK teki kuitenkin ratkaisevan iskun, [&hellip;]<\/p>\n","protected":false},"author":13,"featured_media":15321,"comment_status":"closed","ping_status":"closed","sticky":false,"template":"","format":"standard","meta":{"_acf_changed":false,"jetpack_post_was_ever_published":false,"_jetpack_newsletter_access":"","_jetpack_dont_email_post_to_subs":false,"_jetpack_newsletter_tier_id":0,"_jetpack_memberships_contains_paywalled_content":false,"_jetpack_memberships_contains_paid_content":false,"footnotes":""},"categories":[127],"tags":[81,45],"class_list":["post-17008","post","type-post","status-publish","format-standard","has-post-thumbnail","hentry","category-ottelut-2017-2018","tag-sif","tag-aifk"],"acf":[],"yoast_head":"<!-- This site is optimized with the Yoast SEO plugin v27.5 - https:\/\/yoast.com\/product\/yoast-seo-wordpress\/ -->\n<title>\u00c5IFK otti t\u00e4rke\u00e4n voiton | K\u00e4sipallon naisten Aktialiiga<\/title>\n<meta name=\"robots\" content=\"index, follow, max-snippet:-1, max-image-preview:large, max-video-preview:-1\" \/>\n<link rel=\"canonical\" href=\"https:\/\/aktialiiga.fi\/naiset\/2017-2018\/ottelut-2017-2018\/aifk-otti-tarkean-voiton\/\" \/>\n<meta property=\"og:locale\" content=\"fi_FI\" \/>\n<meta property=\"og:type\" content=\"article\" \/>\n<meta property=\"og:title\" content=\"\u00c5IFK otti t\u00e4rke\u00e4n voiton | K\u00e4sipallon naisten Aktialiiga\" \/>\n<meta property=\"og:description\" content=\"\u00c5IFK piti haaveet puoliv\u00e4lier\u00e4paikastaan elossa, kun se voitti kotikent\u00e4ll\u00e4\u00e4n SIF:lle 40-30 (15-13). \u00c5IFK aloitti ottelun vahvasti ja sai rep\u00e4isty\u00e4 jo viiden maalin johdon ensimm\u00e4isen jakson puoliv\u00e4liss\u00e4. SIF p\u00e4\u00e4si maalin p\u00e4\u00e4h\u00e4n, mutta tauolle mentiin \u00c5IFK:n kahden maalin johdossa. Toinen puoliaika alkoi tasaisesti, mutta SIF pystyi pit\u00e4m\u00e4\u00e4n johtonsa. Reilun viiden minuutin j\u00e4lkeen \u00c5IFK teki kuitenkin ratkaisevan iskun, [&hellip;]\" \/>\n<meta property=\"og:url\" content=\"https:\/\/aktialiiga.fi\/naiset\/2017-2018\/ottelut-2017-2018\/aifk-otti-tarkean-voiton\/\" \/>\n<meta property=\"og:site_name\" content=\"K\u00e4sipallon naisten Aktialiiga\" \/>\n<meta property=\"article:publisher\" content=\"https:\/\/www.facebook.com\/finnhandball\" \/>\n<meta property=\"article:published_time\" content=\"2018-03-03T15:55:31+00:00\" \/>\n<meta property=\"article:modified_time\" content=\"2018-03-03T16:46:03+00:00\" \/>\n<meta property=\"og:image\" content=\"https:\/\/aktialiiga.fi\/naiset\/wp-content\/uploads\/sites\/6\/2017\/10\/damer-17-18-retouch-stadium.jpg\" \/>\n\t<meta property=\"og:image:width\" content=\"1622\" \/>\n\t<meta property=\"og:image:height\" content=\"1080\" \/>\n\t<meta property=\"og:image:type\" content=\"image\/jpeg\" \/>\n<meta name=\"author\" content=\"tbrmedia\" \/>\n<meta name=\"twitter:card\" content=\"summary_large_image\" \/>\n<meta name=\"twitter:creator\" content=\"@finnhandball\" \/>\n<meta name=\"twitter:site\" content=\"@finnhandball\" \/>\n<script type=\"application\/ld+json\" class=\"yoast-schema-graph\">{\"@context\":\"https:\\\/\\\/schema.org\",\"@graph\":[{\"@type\":\"Article\",\"@id\":\"https:\\\/\\\/aktialiiga.fi\\\/naiset\\\/2017-2018\\\/ottelut-2017-2018\\\/aifk-otti-tarkean-voiton\\\/#article\",\"isPartOf\":{\"@id\":\"https:\\\/\\\/aktialiiga.fi\\\/naiset\\\/2017-2018\\\/ottelut-2017-2018\\\/aifk-otti-tarkean-voiton\\\/\"},\"author\":{\"name\":\"tbrmedia\",\"@id\":\"https:\\\/\\\/aktialiiga.fi\\\/naiset\\\/#\\\/schema\\\/person\\\/c14bf42f47041db74603c45afcb18d87\"},\"headline\":\"\u00c5IFK otti t\u00e4rke\u00e4n voiton\",\"datePublished\":\"2018-03-03T15:55:31+00:00\",\"dateModified\":\"2018-03-03T16:46:03+00:00\",\"mainEntityOfPage\":{\"@id\":\"https:\\\/\\\/aktialiiga.fi\\\/naiset\\\/2017-2018\\\/ottelut-2017-2018\\\/aifk-otti-tarkean-voiton\\\/\"},\"wordCount\":312,\"publisher\":{\"@id\":\"https:\\\/\\\/aktialiiga.fi\\\/naiset\\\/#organization\"},\"image\":{\"@id\":\"https:\\\/\\\/aktialiiga.fi\\\/naiset\\\/2017-2018\\\/ottelut-2017-2018\\\/aifk-otti-tarkean-voiton\\\/#primaryimage\"},\"thumbnailUrl\":\"https:\\\/\\\/aktialiiga.fi\\\/naiset\\\/wp-content\\\/uploads\\\/sites\\\/6\\\/2017\\\/10\\\/damer-17-18-retouch-stadium.jpg\",\"keywords\":[\"SIF\",\"\u00c5IFK\"],\"articleSection\":[\"Ottelut\"],\"inLanguage\":\"fi\"},{\"@type\":\"WebPage\",\"@id\":\"https:\\\/\\\/aktialiiga.fi\\\/naiset\\\/2017-2018\\\/ottelut-2017-2018\\\/aifk-otti-tarkean-voiton\\\/\",\"url\":\"https:\\\/\\\/aktialiiga.fi\\\/naiset\\\/2017-2018\\\/ottelut-2017-2018\\\/aifk-otti-tarkean-voiton\\\/\",\"name\":\"\u00c5IFK otti t\u00e4rke\u00e4n voiton | K\u00e4sipallon naisten Aktialiiga\",\"isPartOf\":{\"@id\":\"https:\\\/\\\/aktialiiga.fi\\\/naiset\\\/#website\"},\"primaryImageOfPage\":{\"@id\":\"https:\\\/\\\/aktialiiga.fi\\\/naiset\\\/2017-2018\\\/ottelut-2017-2018\\\/aifk-otti-tarkean-voiton\\\/#primaryimage\"},\"image\":{\"@id\":\"https:\\\/\\\/aktialiiga.fi\\\/naiset\\\/2017-2018\\\/ottelut-2017-2018\\\/aifk-otti-tarkean-voiton\\\/#primaryimage\"},\"thumbnailUrl\":\"https:\\\/\\\/aktialiiga.fi\\\/naiset\\\/wp-content\\\/uploads\\\/sites\\\/6\\\/2017\\\/10\\\/damer-17-18-retouch-stadium.jpg\",\"datePublished\":\"2018-03-03T15:55:31+00:00\",\"dateModified\":\"2018-03-03T16:46:03+00:00\",\"breadcrumb\":{\"@id\":\"https:\\\/\\\/aktialiiga.fi\\\/naiset\\\/2017-2018\\\/ottelut-2017-2018\\\/aifk-otti-tarkean-voiton\\\/#breadcrumb\"},\"inLanguage\":\"fi\",\"potentialAction\":[{\"@type\":\"ReadAction\",\"target\":[\"https:\\\/\\\/aktialiiga.fi\\\/naiset\\\/2017-2018\\\/ottelut-2017-2018\\\/aifk-otti-tarkean-voiton\\\/\"]}]},{\"@type\":\"ImageObject\",\"inLanguage\":\"fi\",\"@id\":\"https:\\\/\\\/aktialiiga.fi\\\/naiset\\\/2017-2018\\\/ottelut-2017-2018\\\/aifk-otti-tarkean-voiton\\\/#primaryimage\",\"url\":\"https:\\\/\\\/aktialiiga.fi\\\/naiset\\\/wp-content\\\/uploads\\\/sites\\\/6\\\/2017\\\/10\\\/damer-17-18-retouch-stadium.jpg\",\"contentUrl\":\"https:\\\/\\\/aktialiiga.fi\\\/naiset\\\/wp-content\\\/uploads\\\/sites\\\/6\\\/2017\\\/10\\\/damer-17-18-retouch-stadium.jpg\",\"width\":1622,\"height\":1080},{\"@type\":\"BreadcrumbList\",\"@id\":\"https:\\\/\\\/aktialiiga.fi\\\/naiset\\\/2017-2018\\\/ottelut-2017-2018\\\/aifk-otti-tarkean-voiton\\\/#breadcrumb\",\"itemListElement\":[{\"@type\":\"ListItem\",\"position\":1,\"name\":\"Etusivu\",\"item\":\"https:\\\/\\\/aktialiiga.fi\\\/naiset\\\/\"},{\"@type\":\"ListItem\",\"position\":2,\"name\":\"\u00c5IFK otti t\u00e4rke\u00e4n voiton\"}]},{\"@type\":\"WebSite\",\"@id\":\"https:\\\/\\\/aktialiiga.fi\\\/naiset\\\/#website\",\"url\":\"https:\\\/\\\/aktialiiga.fi\\\/naiset\\\/\",\"name\":\"K\u00e4sipallon naisten Aktialiiga\",\"description\":\"Valtakunnan vauhdikkainta palloilua!\",\"publisher\":{\"@id\":\"https:\\\/\\\/aktialiiga.fi\\\/naiset\\\/#organization\"},\"potentialAction\":[{\"@type\":\"SearchAction\",\"target\":{\"@type\":\"EntryPoint\",\"urlTemplate\":\"https:\\\/\\\/aktialiiga.fi\\\/naiset\\\/?s={search_term_string}\"},\"query-input\":{\"@type\":\"PropertyValueSpecification\",\"valueRequired\":true,\"valueName\":\"search_term_string\"}}],\"inLanguage\":\"fi\"},{\"@type\":\"Organization\",\"@id\":\"https:\\\/\\\/aktialiiga.fi\\\/naiset\\\/#organization\",\"name\":\"K\u00e4sipallon naisten Aktialiiga\",\"url\":\"https:\\\/\\\/aktialiiga.fi\\\/naiset\\\/\",\"logo\":{\"@type\":\"ImageObject\",\"inLanguage\":\"fi\",\"@id\":\"https:\\\/\\\/aktialiiga.fi\\\/naiset\\\/#\\\/schema\\\/logo\\\/image\\\/\",\"url\":\"https:\\\/\\\/aktialiiga.fi\\\/naiset\\\/wp-content\\\/uploads\\\/sites\\\/6\\\/2024\\\/09\\\/Aktialiiga-Yoast-512.png\",\"contentUrl\":\"https:\\\/\\\/aktialiiga.fi\\\/naiset\\\/wp-content\\\/uploads\\\/sites\\\/6\\\/2024\\\/09\\\/Aktialiiga-Yoast-512.png\",\"width\":512,\"height\":512,\"caption\":\"K\u00e4sipallon naisten Aktialiiga\"},\"image\":{\"@id\":\"https:\\\/\\\/aktialiiga.fi\\\/naiset\\\/#\\\/schema\\\/logo\\\/image\\\/\"},\"sameAs\":[\"https:\\\/\\\/www.facebook.com\\\/finnhandball\",\"https:\\\/\\\/x.com\\\/finnhandball\",\"https:\\\/\\\/www.instagram.com\\\/handballfinland\\\/\"]},{\"@type\":\"Person\",\"@id\":\"https:\\\/\\\/aktialiiga.fi\\\/naiset\\\/#\\\/schema\\\/person\\\/c14bf42f47041db74603c45afcb18d87\",\"name\":\"tbrmedia\",\"image\":{\"@type\":\"ImageObject\",\"inLanguage\":\"fi\",\"@id\":\"https:\\\/\\\/secure.gravatar.com\\\/avatar\\\/ee975fa091fe581d12b60debb3439022686618368a7c142044c56724d4666b16?s=96&d=mm&r=g\",\"url\":\"https:\\\/\\\/secure.gravatar.com\\\/avatar\\\/ee975fa091fe581d12b60debb3439022686618368a7c142044c56724d4666b16?s=96&d=mm&r=g\",\"contentUrl\":\"https:\\\/\\\/secure.gravatar.com\\\/avatar\\\/ee975fa091fe581d12b60debb3439022686618368a7c142044c56724d4666b16?s=96&d=mm&r=g\",\"caption\":\"tbrmedia\"}}]}<\/script>\n<!-- \/ Yoast SEO plugin. -->","yoast_head_json":{"title":"\u00c5IFK otti t\u00e4rke\u00e4n voiton | K\u00e4sipallon naisten Aktialiiga","robots":{"index":"index","follow":"follow","max-snippet":"max-snippet:-1","max-image-preview":"max-image-preview:large","max-video-preview":"max-video-preview:-1"},"canonical":"https:\/\/aktialiiga.fi\/naiset\/2017-2018\/ottelut-2017-2018\/aifk-otti-tarkean-voiton\/","og_locale":"fi_FI","og_type":"article","og_title":"\u00c5IFK otti t\u00e4rke\u00e4n voiton | K\u00e4sipallon naisten Aktialiiga","og_description":"\u00c5IFK piti haaveet puoliv\u00e4lier\u00e4paikastaan elossa, kun se voitti kotikent\u00e4ll\u00e4\u00e4n SIF:lle 40-30 (15-13). \u00c5IFK aloitti ottelun vahvasti ja sai rep\u00e4isty\u00e4 jo viiden maalin johdon ensimm\u00e4isen jakson puoliv\u00e4liss\u00e4. SIF p\u00e4\u00e4si maalin p\u00e4\u00e4h\u00e4n, mutta tauolle mentiin \u00c5IFK:n kahden maalin johdossa. Toinen puoliaika alkoi tasaisesti, mutta SIF pystyi pit\u00e4m\u00e4\u00e4n johtonsa. Reilun viiden minuutin j\u00e4lkeen \u00c5IFK teki kuitenkin ratkaisevan iskun, [&hellip;]","og_url":"https:\/\/aktialiiga.fi\/naiset\/2017-2018\/ottelut-2017-2018\/aifk-otti-tarkean-voiton\/","og_site_name":"K\u00e4sipallon naisten Aktialiiga","article_publisher":"https:\/\/www.facebook.com\/finnhandball","article_published_time":"2018-03-03T15:55:31+00:00","article_modified_time":"2018-03-03T16:46:03+00:00","og_image":[{"width":1622,"height":1080,"url":"https:\/\/aktialiiga.fi\/naiset\/wp-content\/uploads\/sites\/6\/2017\/10\/damer-17-18-retouch-stadium.jpg","type":"image\/jpeg"}],"author":"tbrmedia","twitter_card":"summary_large_image","twitter_creator":"@finnhandball","twitter_site":"@finnhandball","schema":{"@context":"https:\/\/schema.org","@graph":[{"@type":"Article","@id":"https:\/\/aktialiiga.fi\/naiset\/2017-2018\/ottelut-2017-2018\/aifk-otti-tarkean-voiton\/#article","isPartOf":{"@id":"https:\/\/aktialiiga.fi\/naiset\/2017-2018\/ottelut-2017-2018\/aifk-otti-tarkean-voiton\/"},"author":{"name":"tbrmedia","@id":"https:\/\/aktialiiga.fi\/naiset\/#\/schema\/person\/c14bf42f47041db74603c45afcb18d87"},"headline":"\u00c5IFK otti t\u00e4rke\u00e4n voiton","datePublished":"2018-03-03T15:55:31+00:00","dateModified":"2018-03-03T16:46:03+00:00","mainEntityOfPage":{"@id":"https:\/\/aktialiiga.fi\/naiset\/2017-2018\/ottelut-2017-2018\/aifk-otti-tarkean-voiton\/"},"wordCount":312,"publisher":{"@id":"https:\/\/aktialiiga.fi\/naiset\/#organization"},"image":{"@id":"https:\/\/aktialiiga.fi\/naiset\/2017-2018\/ottelut-2017-2018\/aifk-otti-tarkean-voiton\/#primaryimage"},"thumbnailUrl":"https:\/\/aktialiiga.fi\/naiset\/wp-content\/uploads\/sites\/6\/2017\/10\/damer-17-18-retouch-stadium.jpg","keywords":["SIF","\u00c5IFK"],"articleSection":["Ottelut"],"inLanguage":"fi"},{"@type":"WebPage","@id":"https:\/\/aktialiiga.fi\/naiset\/2017-2018\/ottelut-2017-2018\/aifk-otti-tarkean-voiton\/","url":"https:\/\/aktialiiga.fi\/naiset\/2017-2018\/ottelut-2017-2018\/aifk-otti-tarkean-voiton\/","name":"\u00c5IFK otti t\u00e4rke\u00e4n voiton | K\u00e4sipallon naisten Aktialiiga","isPartOf":{"@id":"https:\/\/aktialiiga.fi\/naiset\/#website"},"primaryImageOfPage":{"@id":"https:\/\/aktialiiga.fi\/naiset\/2017-2018\/ottelut-2017-2018\/aifk-otti-tarkean-voiton\/#primaryimage"},"image":{"@id":"https:\/\/aktialiiga.fi\/naiset\/2017-2018\/ottelut-2017-2018\/aifk-otti-tarkean-voiton\/#primaryimage"},"thumbnailUrl":"https:\/\/aktialiiga.fi\/naiset\/wp-content\/uploads\/sites\/6\/2017\/10\/damer-17-18-retouch-stadium.jpg","datePublished":"2018-03-03T15:55:31+00:00","dateModified":"2018-03-03T16:46:03+00:00","breadcrumb":{"@id":"https:\/\/aktialiiga.fi\/naiset\/2017-2018\/ottelut-2017-2018\/aifk-otti-tarkean-voiton\/#breadcrumb"},"inLanguage":"fi","potentialAction":[{"@type":"ReadAction","target":["https:\/\/aktialiiga.fi\/naiset\/2017-2018\/ottelut-2017-2018\/aifk-otti-tarkean-voiton\/"]}]},{"@type":"ImageObject","inLanguage":"fi","@id":"https:\/\/aktialiiga.fi\/naiset\/2017-2018\/ottelut-2017-2018\/aifk-otti-tarkean-voiton\/#primaryimage","url":"https:\/\/aktialiiga.fi\/naiset\/wp-content\/uploads\/sites\/6\/2017\/10\/damer-17-18-retouch-stadium.jpg","contentUrl":"https:\/\/aktialiiga.fi\/naiset\/wp-content\/uploads\/sites\/6\/2017\/10\/damer-17-18-retouch-stadium.jpg","width":1622,"height":1080},{"@type":"BreadcrumbList","@id":"https:\/\/aktialiiga.fi\/naiset\/2017-2018\/ottelut-2017-2018\/aifk-otti-tarkean-voiton\/#breadcrumb","itemListElement":[{"@type":"ListItem","position":1,"name":"Etusivu","item":"https:\/\/aktialiiga.fi\/naiset\/"},{"@type":"ListItem","position":2,"name":"\u00c5IFK otti t\u00e4rke\u00e4n voiton"}]},{"@type":"WebSite","@id":"https:\/\/aktialiiga.fi\/naiset\/#website","url":"https:\/\/aktialiiga.fi\/naiset\/","name":"K\u00e4sipallon naisten Aktialiiga","description":"Valtakunnan vauhdikkainta palloilua!","publisher":{"@id":"https:\/\/aktialiiga.fi\/naiset\/#organization"},"potentialAction":[{"@type":"SearchAction","target":{"@type":"EntryPoint","urlTemplate":"https:\/\/aktialiiga.fi\/naiset\/?s={search_term_string}"},"query-input":{"@type":"PropertyValueSpecification","valueRequired":true,"valueName":"search_term_string"}}],"inLanguage":"fi"},{"@type":"Organization","@id":"https:\/\/aktialiiga.fi\/naiset\/#organization","name":"K\u00e4sipallon naisten Aktialiiga","url":"https:\/\/aktialiiga.fi\/naiset\/","logo":{"@type":"ImageObject","inLanguage":"fi","@id":"https:\/\/aktialiiga.fi\/naiset\/#\/schema\/logo\/image\/","url":"https:\/\/aktialiiga.fi\/naiset\/wp-content\/uploads\/sites\/6\/2024\/09\/Aktialiiga-Yoast-512.png","contentUrl":"https:\/\/aktialiiga.fi\/naiset\/wp-content\/uploads\/sites\/6\/2024\/09\/Aktialiiga-Yoast-512.png","width":512,"height":512,"caption":"K\u00e4sipallon naisten Aktialiiga"},"image":{"@id":"https:\/\/aktialiiga.fi\/naiset\/#\/schema\/logo\/image\/"},"sameAs":["https:\/\/www.facebook.com\/finnhandball","https:\/\/x.com\/finnhandball","https:\/\/www.instagram.com\/handballfinland\/"]},{"@type":"Person","@id":"https:\/\/aktialiiga.fi\/naiset\/#\/schema\/person\/c14bf42f47041db74603c45afcb18d87","name":"tbrmedia","image":{"@type":"ImageObject","inLanguage":"fi","@id":"https:\/\/secure.gravatar.com\/avatar\/ee975fa091fe581d12b60debb3439022686618368a7c142044c56724d4666b16?s=96&d=mm&r=g","url":"https:\/\/secure.gravatar.com\/avatar\/ee975fa091fe581d12b60debb3439022686618368a7c142044c56724d4666b16?s=96&d=mm&r=g","contentUrl":"https:\/\/secure.gravatar.com\/avatar\/ee975fa091fe581d12b60debb3439022686618368a7c142044c56724d4666b16?s=96&d=mm&r=g","caption":"tbrmedia"}}]}},"jetpack_featured_media_url":"https:\/\/aktialiiga.fi\/naiset\/wp-content\/uploads\/sites\/6\/2017\/10\/damer-17-18-retouch-stadium.jpg","jetpack_sharing_enabled":true,"jetpack_shortlink":"https:\/\/wp.me\/pfYhm6-4qk","_links":{"self":[{"href":"https:\/\/aktialiiga.fi\/naiset\/wp-json\/wp\/v2\/posts\/17008","targetHints":{"allow":["GET"]}}],"collection":[{"href":"https:\/\/aktialiiga.fi\/naiset\/wp-json\/wp\/v2\/posts"}],"about":[{"href":"https:\/\/aktialiiga.fi\/naiset\/wp-json\/wp\/v2\/types\/post"}],"author":[{"embeddable":true,"href":"https:\/\/aktialiiga.fi\/naiset\/wp-json\/wp\/v2\/users\/13"}],"replies":[{"embeddable":true,"href":"https:\/\/aktialiiga.fi\/naiset\/wp-json\/wp\/v2\/comments?post=17008"}],"version-history":[{"count":0,"href":"https:\/\/aktialiiga.fi\/naiset\/wp-json\/wp\/v2\/posts\/17008\/revisions"}],"wp:featuredmedia":[{"embeddable":true,"href":"https:\/\/aktialiiga.fi\/naiset\/wp-json\/wp\/v2\/media\/15321"}],"wp:attachment":[{"href":"https:\/\/aktialiiga.fi\/naiset\/wp-json\/wp\/v2\/media?parent=17008"}],"wp:term":[{"taxonomy":"category","embeddable":true,"href":"https:\/\/aktialiiga.fi\/naiset\/wp-json\/wp\/v2\/categories?post=17008"},{"taxonomy":"post_tag","embeddable":true,"href":"https:\/\/aktialiiga.fi\/naiset\/wp-json\/wp\/v2\/tags?post=17008"}],"curies":[{"name":"wp","href":"https:\/\/api.w.org\/{rel}","templated":true}]}}