{"id":17212,"date":"2018-04-09T23:06:33","date_gmt":"2018-04-09T20:06:33","guid":{"rendered":"https:\/\/aktialiiga.fi\/naiset\/?p=17212"},"modified":"2018-04-11T10:33:10","modified_gmt":"2018-04-11T07:33:10","slug":"kohti-valieria-grifk","status":"publish","type":"post","link":"https:\/\/aktialiiga.fi\/naiset\/2017-2018\/kohti-play-offeja-2017-2018\/kohti-valieria-grifk\/","title":{"rendered":"Kohti v\u00e4lieri\u00e4: GrIFK"},"content":{"rendered":"<p>GrIFK kohtaa v\u00e4lieriss\u00e4 ylemm\u00e4n jatkosarjan ykk\u00f6sen HIFK:n ja l\u00e4htee selke\u00e4ss\u00e4 haastajan asemassa kaimaseuraansa vastaan.<\/p>\n<p>Granin pelituntuma on v\u00e4lierien alla ainakin kohdallaan, sill\u00e4 tiukka taistelu puoliv\u00e4lieriss\u00e4 KyIF:aa vastaan ratkesi vasta viikonloppuna kauniaislaisten eduksi.<\/p>\n<p>&#8211; Puoliv\u00e4lier\u00e4sarja antoi meille hyv\u00e4n alun play-off-kev\u00e4\u00e4seen ja mielenkiinnolla jatketaan nyt siit\u00e4, p\u00e4\u00e4valmentaja Sam Kihlstedt luonnehtii.<\/p>\n<p>Kihlstedtin mukaan pelin tasoa on pystytt\u00e4v\u00e4 kuitenkin nostamaan etenkin hy\u00f6kk\u00e4yspelin osalta.<\/p>\n<p>&#8211; Puolustus meill\u00e4 on ollut hyv\u00e4, mutta hy\u00f6kk\u00e4yksess\u00e4 pit\u00e4\u00e4 parantaa jos aiomme haastaa HIFK:n. Joukkue on terve, joten sik\u00e4li tilanne on hyv\u00e4.<\/p>\n<p>HIFK:n vahvuudet ovat Granilla toki hyvin tiedossa ja mit\u00e4\u00e4n harhakuvitelmia helposta teht\u00e4v\u00e4st\u00e4 v\u00e4lieriss\u00e4 ei el\u00e4tell\u00e4.<\/p>\n<p>&#8211; HIFK:lla on tosi leve\u00e4 materiaali ja heid\u00e4n pelins\u00e4 on nopeaa. Pyrit\u00e4\u00e4n ottamaan heid\u00e4n laiturinsa pois ja hy\u00f6kk\u00e4yksess\u00e4 meid\u00e4n pit\u00e4\u00e4 pysty\u00e4 parempaan, emme ole kovin hyvi\u00e4 siin\u00e4 olleet, pelaajista Carolina Rehnberg s\u00e4est\u00e4\u00e4 p\u00e4\u00e4valmentajaansa.<\/p>\n<p>Mit\u00e4\u00e4n poppakonsteja hy\u00f6kk\u00e4yspelin suhteen ei HIFK:ta vastaan Rehnbergin mukaan kuitenkaan ole.<\/p>\n<p>&#8211; HIFK on aika tasainen puolustuksessa, joten ei sielt\u00e4 mist\u00e4\u00e4n helpolla l\u00e4pi p\u00e4\u00e4se. V\u00e4h\u00e4n uusia kuvioita on kuitenkin harjoiteltu.<\/p>\n<p>Tavoite pysyy my\u00f6s maltillisena<\/p>\n<p>&#8211; Toivotaan ett\u00e4 ainakin saadaan enemm\u00e4n kuin kolme ottelua, Rehnberg toteaa.<\/p>\n<p><strong>Runkosarjassa<\/strong>: 3.<br \/>\n<strong>Ylemm\u00e4ss\u00e4 jatkosarjassa<\/strong>: 4.<br \/>\n<strong>Puoliv\u00e4lieriss\u00e4<\/strong>: voitti KyIF:n otteluvoitoin 2-1<\/p>\n","protected":false},"excerpt":{"rendered":"<p>GrIFK kohtaa v\u00e4lieriss\u00e4 ylemm\u00e4n jatkosarjan ykk\u00f6sen HIFK:n ja l\u00e4htee selke\u00e4ss\u00e4 haastajan asemassa kaimaseuraansa vastaan. Granin pelituntuma on v\u00e4lierien alla ainakin kohdallaan, sill\u00e4 tiukka taistelu puoliv\u00e4lieriss\u00e4 KyIF:aa vastaan ratkesi vasta viikonloppuna kauniaislaisten eduksi. &#8211; Puoliv\u00e4lier\u00e4sarja antoi meille hyv\u00e4n alun play-off-kev\u00e4\u00e4seen ja mielenkiinnolla jatketaan nyt siit\u00e4, p\u00e4\u00e4valmentaja Sam Kihlstedt luonnehtii. Kihlstedtin mukaan pelin tasoa on pystytt\u00e4v\u00e4 kuitenkin [&hellip;]<\/p>\n","protected":false},"author":13,"featured_media":15093,"comment_status":"closed","ping_status":"closed","sticky":false,"template":"","format":"standard","meta":{"_acf_changed":false,"jetpack_post_was_ever_published":false,"_jetpack_newsletter_access":"","_jetpack_dont_email_post_to_subs":false,"_jetpack_newsletter_tier_id":0,"_jetpack_memberships_contains_paywalled_content":false,"_jetpack_memberships_contains_paid_content":false,"footnotes":""},"categories":[125],"tags":[57],"class_list":["post-17212","post","type-post","status-publish","format-standard","has-post-thumbnail","hentry","category-kohti-play-offeja-2017-2018","tag-grifk"],"acf":[],"yoast_head":"<!-- This site is optimized with the Yoast SEO plugin v27.5 - https:\/\/yoast.com\/product\/yoast-seo-wordpress\/ -->\n<title>Kohti v\u00e4lieri\u00e4: GrIFK | K\u00e4sipallon naisten Aktialiiga<\/title>\n<meta name=\"robots\" content=\"index, follow, max-snippet:-1, max-image-preview:large, max-video-preview:-1\" \/>\n<link rel=\"canonical\" href=\"https:\/\/aktialiiga.fi\/naiset\/2017-2018\/kohti-play-offeja-2017-2018\/kohti-valieria-grifk\/\" \/>\n<meta property=\"og:locale\" content=\"fi_FI\" \/>\n<meta property=\"og:type\" content=\"article\" \/>\n<meta property=\"og:title\" content=\"Kohti v\u00e4lieri\u00e4: GrIFK | K\u00e4sipallon naisten Aktialiiga\" \/>\n<meta property=\"og:description\" content=\"GrIFK kohtaa v\u00e4lieriss\u00e4 ylemm\u00e4n jatkosarjan ykk\u00f6sen HIFK:n ja l\u00e4htee selke\u00e4ss\u00e4 haastajan asemassa kaimaseuraansa vastaan. Granin pelituntuma on v\u00e4lierien alla ainakin kohdallaan, sill\u00e4 tiukka taistelu puoliv\u00e4lieriss\u00e4 KyIF:aa vastaan ratkesi vasta viikonloppuna kauniaislaisten eduksi. &#8211; Puoliv\u00e4lier\u00e4sarja antoi meille hyv\u00e4n alun play-off-kev\u00e4\u00e4seen ja mielenkiinnolla jatketaan nyt siit\u00e4, p\u00e4\u00e4valmentaja Sam Kihlstedt luonnehtii. Kihlstedtin mukaan pelin tasoa on pystytt\u00e4v\u00e4 kuitenkin [&hellip;]\" \/>\n<meta property=\"og:url\" content=\"https:\/\/aktialiiga.fi\/naiset\/2017-2018\/kohti-play-offeja-2017-2018\/kohti-valieria-grifk\/\" \/>\n<meta property=\"og:site_name\" content=\"K\u00e4sipallon naisten Aktialiiga\" \/>\n<meta property=\"article:publisher\" content=\"https:\/\/www.facebook.com\/finnhandball\" \/>\n<meta property=\"article:published_time\" content=\"2018-04-09T20:06:33+00:00\" \/>\n<meta property=\"article:modified_time\" content=\"2018-04-11T07:33:10+00:00\" \/>\n<meta property=\"og:image\" content=\"https:\/\/aktialiiga.fi\/naiset\/wp-content\/uploads\/sites\/6\/2017\/09\/20170918-181539-GrIFK-Naiset-0018.jpg\" \/>\n\t<meta property=\"og:image:width\" content=\"2048\" \/>\n\t<meta property=\"og:image:height\" content=\"1152\" \/>\n\t<meta property=\"og:image:type\" content=\"image\/jpeg\" \/>\n<meta name=\"author\" content=\"tbrmedia\" \/>\n<meta name=\"twitter:card\" content=\"summary_large_image\" \/>\n<meta name=\"twitter:creator\" content=\"@finnhandball\" \/>\n<meta name=\"twitter:site\" content=\"@finnhandball\" \/>\n<script type=\"application\/ld+json\" class=\"yoast-schema-graph\">{\"@context\":\"https:\\\/\\\/schema.org\",\"@graph\":[{\"@type\":\"Article\",\"@id\":\"https:\\\/\\\/aktialiiga.fi\\\/naiset\\\/2017-2018\\\/kohti-play-offeja-2017-2018\\\/kohti-valieria-grifk\\\/#article\",\"isPartOf\":{\"@id\":\"https:\\\/\\\/aktialiiga.fi\\\/naiset\\\/2017-2018\\\/kohti-play-offeja-2017-2018\\\/kohti-valieria-grifk\\\/\"},\"author\":{\"name\":\"tbrmedia\",\"@id\":\"https:\\\/\\\/aktialiiga.fi\\\/naiset\\\/#\\\/schema\\\/person\\\/c14bf42f47041db74603c45afcb18d87\"},\"headline\":\"Kohti v\u00e4lieri\u00e4: GrIFK\",\"datePublished\":\"2018-04-09T20:06:33+00:00\",\"dateModified\":\"2018-04-11T07:33:10+00:00\",\"mainEntityOfPage\":{\"@id\":\"https:\\\/\\\/aktialiiga.fi\\\/naiset\\\/2017-2018\\\/kohti-play-offeja-2017-2018\\\/kohti-valieria-grifk\\\/\"},\"wordCount\":236,\"publisher\":{\"@id\":\"https:\\\/\\\/aktialiiga.fi\\\/naiset\\\/#organization\"},\"image\":{\"@id\":\"https:\\\/\\\/aktialiiga.fi\\\/naiset\\\/2017-2018\\\/kohti-play-offeja-2017-2018\\\/kohti-valieria-grifk\\\/#primaryimage\"},\"thumbnailUrl\":\"https:\\\/\\\/aktialiiga.fi\\\/naiset\\\/wp-content\\\/uploads\\\/sites\\\/6\\\/2017\\\/09\\\/20170918-181539-GrIFK-Naiset-0018.jpg\",\"keywords\":[\"GrIFK\"],\"articleSection\":[\"Kohti Play offeja\"],\"inLanguage\":\"fi\"},{\"@type\":\"WebPage\",\"@id\":\"https:\\\/\\\/aktialiiga.fi\\\/naiset\\\/2017-2018\\\/kohti-play-offeja-2017-2018\\\/kohti-valieria-grifk\\\/\",\"url\":\"https:\\\/\\\/aktialiiga.fi\\\/naiset\\\/2017-2018\\\/kohti-play-offeja-2017-2018\\\/kohti-valieria-grifk\\\/\",\"name\":\"Kohti v\u00e4lieri\u00e4: GrIFK | K\u00e4sipallon naisten Aktialiiga\",\"isPartOf\":{\"@id\":\"https:\\\/\\\/aktialiiga.fi\\\/naiset\\\/#website\"},\"primaryImageOfPage\":{\"@id\":\"https:\\\/\\\/aktialiiga.fi\\\/naiset\\\/2017-2018\\\/kohti-play-offeja-2017-2018\\\/kohti-valieria-grifk\\\/#primaryimage\"},\"image\":{\"@id\":\"https:\\\/\\\/aktialiiga.fi\\\/naiset\\\/2017-2018\\\/kohti-play-offeja-2017-2018\\\/kohti-valieria-grifk\\\/#primaryimage\"},\"thumbnailUrl\":\"https:\\\/\\\/aktialiiga.fi\\\/naiset\\\/wp-content\\\/uploads\\\/sites\\\/6\\\/2017\\\/09\\\/20170918-181539-GrIFK-Naiset-0018.jpg\",\"datePublished\":\"2018-04-09T20:06:33+00:00\",\"dateModified\":\"2018-04-11T07:33:10+00:00\",\"breadcrumb\":{\"@id\":\"https:\\\/\\\/aktialiiga.fi\\\/naiset\\\/2017-2018\\\/kohti-play-offeja-2017-2018\\\/kohti-valieria-grifk\\\/#breadcrumb\"},\"inLanguage\":\"fi\",\"potentialAction\":[{\"@type\":\"ReadAction\",\"target\":[\"https:\\\/\\\/aktialiiga.fi\\\/naiset\\\/2017-2018\\\/kohti-play-offeja-2017-2018\\\/kohti-valieria-grifk\\\/\"]}]},{\"@type\":\"ImageObject\",\"inLanguage\":\"fi\",\"@id\":\"https:\\\/\\\/aktialiiga.fi\\\/naiset\\\/2017-2018\\\/kohti-play-offeja-2017-2018\\\/kohti-valieria-grifk\\\/#primaryimage\",\"url\":\"https:\\\/\\\/aktialiiga.fi\\\/naiset\\\/wp-content\\\/uploads\\\/sites\\\/6\\\/2017\\\/09\\\/20170918-181539-GrIFK-Naiset-0018.jpg\",\"contentUrl\":\"https:\\\/\\\/aktialiiga.fi\\\/naiset\\\/wp-content\\\/uploads\\\/sites\\\/6\\\/2017\\\/09\\\/20170918-181539-GrIFK-Naiset-0018.jpg\",\"width\":2048,\"height\":1152},{\"@type\":\"BreadcrumbList\",\"@id\":\"https:\\\/\\\/aktialiiga.fi\\\/naiset\\\/2017-2018\\\/kohti-play-offeja-2017-2018\\\/kohti-valieria-grifk\\\/#breadcrumb\",\"itemListElement\":[{\"@type\":\"ListItem\",\"position\":1,\"name\":\"Etusivu\",\"item\":\"https:\\\/\\\/aktialiiga.fi\\\/naiset\\\/\"},{\"@type\":\"ListItem\",\"position\":2,\"name\":\"Kohti v\u00e4lieri\u00e4: GrIFK\"}]},{\"@type\":\"WebSite\",\"@id\":\"https:\\\/\\\/aktialiiga.fi\\\/naiset\\\/#website\",\"url\":\"https:\\\/\\\/aktialiiga.fi\\\/naiset\\\/\",\"name\":\"K\u00e4sipallon naisten Aktialiiga\",\"description\":\"Valtakunnan vauhdikkainta palloilua!\",\"publisher\":{\"@id\":\"https:\\\/\\\/aktialiiga.fi\\\/naiset\\\/#organization\"},\"potentialAction\":[{\"@type\":\"SearchAction\",\"target\":{\"@type\":\"EntryPoint\",\"urlTemplate\":\"https:\\\/\\\/aktialiiga.fi\\\/naiset\\\/?s={search_term_string}\"},\"query-input\":{\"@type\":\"PropertyValueSpecification\",\"valueRequired\":true,\"valueName\":\"search_term_string\"}}],\"inLanguage\":\"fi\"},{\"@type\":\"Organization\",\"@id\":\"https:\\\/\\\/aktialiiga.fi\\\/naiset\\\/#organization\",\"name\":\"K\u00e4sipallon naisten Aktialiiga\",\"url\":\"https:\\\/\\\/aktialiiga.fi\\\/naiset\\\/\",\"logo\":{\"@type\":\"ImageObject\",\"inLanguage\":\"fi\",\"@id\":\"https:\\\/\\\/aktialiiga.fi\\\/naiset\\\/#\\\/schema\\\/logo\\\/image\\\/\",\"url\":\"https:\\\/\\\/aktialiiga.fi\\\/naiset\\\/wp-content\\\/uploads\\\/sites\\\/6\\\/2024\\\/09\\\/Aktialiiga-Yoast-512.png\",\"contentUrl\":\"https:\\\/\\\/aktialiiga.fi\\\/naiset\\\/wp-content\\\/uploads\\\/sites\\\/6\\\/2024\\\/09\\\/Aktialiiga-Yoast-512.png\",\"width\":512,\"height\":512,\"caption\":\"K\u00e4sipallon naisten Aktialiiga\"},\"image\":{\"@id\":\"https:\\\/\\\/aktialiiga.fi\\\/naiset\\\/#\\\/schema\\\/logo\\\/image\\\/\"},\"sameAs\":[\"https:\\\/\\\/www.facebook.com\\\/finnhandball\",\"https:\\\/\\\/x.com\\\/finnhandball\",\"https:\\\/\\\/www.instagram.com\\\/handballfinland\\\/\"]},{\"@type\":\"Person\",\"@id\":\"https:\\\/\\\/aktialiiga.fi\\\/naiset\\\/#\\\/schema\\\/person\\\/c14bf42f47041db74603c45afcb18d87\",\"name\":\"tbrmedia\",\"image\":{\"@type\":\"ImageObject\",\"inLanguage\":\"fi\",\"@id\":\"https:\\\/\\\/secure.gravatar.com\\\/avatar\\\/ee975fa091fe581d12b60debb3439022686618368a7c142044c56724d4666b16?s=96&d=mm&r=g\",\"url\":\"https:\\\/\\\/secure.gravatar.com\\\/avatar\\\/ee975fa091fe581d12b60debb3439022686618368a7c142044c56724d4666b16?s=96&d=mm&r=g\",\"contentUrl\":\"https:\\\/\\\/secure.gravatar.com\\\/avatar\\\/ee975fa091fe581d12b60debb3439022686618368a7c142044c56724d4666b16?s=96&d=mm&r=g\",\"caption\":\"tbrmedia\"}}]}<\/script>\n<!-- \/ Yoast SEO plugin. -->","yoast_head_json":{"title":"Kohti v\u00e4lieri\u00e4: GrIFK | K\u00e4sipallon naisten Aktialiiga","robots":{"index":"index","follow":"follow","max-snippet":"max-snippet:-1","max-image-preview":"max-image-preview:large","max-video-preview":"max-video-preview:-1"},"canonical":"https:\/\/aktialiiga.fi\/naiset\/2017-2018\/kohti-play-offeja-2017-2018\/kohti-valieria-grifk\/","og_locale":"fi_FI","og_type":"article","og_title":"Kohti v\u00e4lieri\u00e4: GrIFK | K\u00e4sipallon naisten Aktialiiga","og_description":"GrIFK kohtaa v\u00e4lieriss\u00e4 ylemm\u00e4n jatkosarjan ykk\u00f6sen HIFK:n ja l\u00e4htee selke\u00e4ss\u00e4 haastajan asemassa kaimaseuraansa vastaan. Granin pelituntuma on v\u00e4lierien alla ainakin kohdallaan, sill\u00e4 tiukka taistelu puoliv\u00e4lieriss\u00e4 KyIF:aa vastaan ratkesi vasta viikonloppuna kauniaislaisten eduksi. &#8211; Puoliv\u00e4lier\u00e4sarja antoi meille hyv\u00e4n alun play-off-kev\u00e4\u00e4seen ja mielenkiinnolla jatketaan nyt siit\u00e4, p\u00e4\u00e4valmentaja Sam Kihlstedt luonnehtii. Kihlstedtin mukaan pelin tasoa on pystytt\u00e4v\u00e4 kuitenkin [&hellip;]","og_url":"https:\/\/aktialiiga.fi\/naiset\/2017-2018\/kohti-play-offeja-2017-2018\/kohti-valieria-grifk\/","og_site_name":"K\u00e4sipallon naisten Aktialiiga","article_publisher":"https:\/\/www.facebook.com\/finnhandball","article_published_time":"2018-04-09T20:06:33+00:00","article_modified_time":"2018-04-11T07:33:10+00:00","og_image":[{"width":2048,"height":1152,"url":"https:\/\/aktialiiga.fi\/naiset\/wp-content\/uploads\/sites\/6\/2017\/09\/20170918-181539-GrIFK-Naiset-0018.jpg","type":"image\/jpeg"}],"author":"tbrmedia","twitter_card":"summary_large_image","twitter_creator":"@finnhandball","twitter_site":"@finnhandball","schema":{"@context":"https:\/\/schema.org","@graph":[{"@type":"Article","@id":"https:\/\/aktialiiga.fi\/naiset\/2017-2018\/kohti-play-offeja-2017-2018\/kohti-valieria-grifk\/#article","isPartOf":{"@id":"https:\/\/aktialiiga.fi\/naiset\/2017-2018\/kohti-play-offeja-2017-2018\/kohti-valieria-grifk\/"},"author":{"name":"tbrmedia","@id":"https:\/\/aktialiiga.fi\/naiset\/#\/schema\/person\/c14bf42f47041db74603c45afcb18d87"},"headline":"Kohti v\u00e4lieri\u00e4: GrIFK","datePublished":"2018-04-09T20:06:33+00:00","dateModified":"2018-04-11T07:33:10+00:00","mainEntityOfPage":{"@id":"https:\/\/aktialiiga.fi\/naiset\/2017-2018\/kohti-play-offeja-2017-2018\/kohti-valieria-grifk\/"},"wordCount":236,"publisher":{"@id":"https:\/\/aktialiiga.fi\/naiset\/#organization"},"image":{"@id":"https:\/\/aktialiiga.fi\/naiset\/2017-2018\/kohti-play-offeja-2017-2018\/kohti-valieria-grifk\/#primaryimage"},"thumbnailUrl":"https:\/\/aktialiiga.fi\/naiset\/wp-content\/uploads\/sites\/6\/2017\/09\/20170918-181539-GrIFK-Naiset-0018.jpg","keywords":["GrIFK"],"articleSection":["Kohti Play offeja"],"inLanguage":"fi"},{"@type":"WebPage","@id":"https:\/\/aktialiiga.fi\/naiset\/2017-2018\/kohti-play-offeja-2017-2018\/kohti-valieria-grifk\/","url":"https:\/\/aktialiiga.fi\/naiset\/2017-2018\/kohti-play-offeja-2017-2018\/kohti-valieria-grifk\/","name":"Kohti v\u00e4lieri\u00e4: GrIFK | K\u00e4sipallon naisten Aktialiiga","isPartOf":{"@id":"https:\/\/aktialiiga.fi\/naiset\/#website"},"primaryImageOfPage":{"@id":"https:\/\/aktialiiga.fi\/naiset\/2017-2018\/kohti-play-offeja-2017-2018\/kohti-valieria-grifk\/#primaryimage"},"image":{"@id":"https:\/\/aktialiiga.fi\/naiset\/2017-2018\/kohti-play-offeja-2017-2018\/kohti-valieria-grifk\/#primaryimage"},"thumbnailUrl":"https:\/\/aktialiiga.fi\/naiset\/wp-content\/uploads\/sites\/6\/2017\/09\/20170918-181539-GrIFK-Naiset-0018.jpg","datePublished":"2018-04-09T20:06:33+00:00","dateModified":"2018-04-11T07:33:10+00:00","breadcrumb":{"@id":"https:\/\/aktialiiga.fi\/naiset\/2017-2018\/kohti-play-offeja-2017-2018\/kohti-valieria-grifk\/#breadcrumb"},"inLanguage":"fi","potentialAction":[{"@type":"ReadAction","target":["https:\/\/aktialiiga.fi\/naiset\/2017-2018\/kohti-play-offeja-2017-2018\/kohti-valieria-grifk\/"]}]},{"@type":"ImageObject","inLanguage":"fi","@id":"https:\/\/aktialiiga.fi\/naiset\/2017-2018\/kohti-play-offeja-2017-2018\/kohti-valieria-grifk\/#primaryimage","url":"https:\/\/aktialiiga.fi\/naiset\/wp-content\/uploads\/sites\/6\/2017\/09\/20170918-181539-GrIFK-Naiset-0018.jpg","contentUrl":"https:\/\/aktialiiga.fi\/naiset\/wp-content\/uploads\/sites\/6\/2017\/09\/20170918-181539-GrIFK-Naiset-0018.jpg","width":2048,"height":1152},{"@type":"BreadcrumbList","@id":"https:\/\/aktialiiga.fi\/naiset\/2017-2018\/kohti-play-offeja-2017-2018\/kohti-valieria-grifk\/#breadcrumb","itemListElement":[{"@type":"ListItem","position":1,"name":"Etusivu","item":"https:\/\/aktialiiga.fi\/naiset\/"},{"@type":"ListItem","position":2,"name":"Kohti v\u00e4lieri\u00e4: GrIFK"}]},{"@type":"WebSite","@id":"https:\/\/aktialiiga.fi\/naiset\/#website","url":"https:\/\/aktialiiga.fi\/naiset\/","name":"K\u00e4sipallon naisten Aktialiiga","description":"Valtakunnan vauhdikkainta palloilua!","publisher":{"@id":"https:\/\/aktialiiga.fi\/naiset\/#organization"},"potentialAction":[{"@type":"SearchAction","target":{"@type":"EntryPoint","urlTemplate":"https:\/\/aktialiiga.fi\/naiset\/?s={search_term_string}"},"query-input":{"@type":"PropertyValueSpecification","valueRequired":true,"valueName":"search_term_string"}}],"inLanguage":"fi"},{"@type":"Organization","@id":"https:\/\/aktialiiga.fi\/naiset\/#organization","name":"K\u00e4sipallon naisten Aktialiiga","url":"https:\/\/aktialiiga.fi\/naiset\/","logo":{"@type":"ImageObject","inLanguage":"fi","@id":"https:\/\/aktialiiga.fi\/naiset\/#\/schema\/logo\/image\/","url":"https:\/\/aktialiiga.fi\/naiset\/wp-content\/uploads\/sites\/6\/2024\/09\/Aktialiiga-Yoast-512.png","contentUrl":"https:\/\/aktialiiga.fi\/naiset\/wp-content\/uploads\/sites\/6\/2024\/09\/Aktialiiga-Yoast-512.png","width":512,"height":512,"caption":"K\u00e4sipallon naisten Aktialiiga"},"image":{"@id":"https:\/\/aktialiiga.fi\/naiset\/#\/schema\/logo\/image\/"},"sameAs":["https:\/\/www.facebook.com\/finnhandball","https:\/\/x.com\/finnhandball","https:\/\/www.instagram.com\/handballfinland\/"]},{"@type":"Person","@id":"https:\/\/aktialiiga.fi\/naiset\/#\/schema\/person\/c14bf42f47041db74603c45afcb18d87","name":"tbrmedia","image":{"@type":"ImageObject","inLanguage":"fi","@id":"https:\/\/secure.gravatar.com\/avatar\/ee975fa091fe581d12b60debb3439022686618368a7c142044c56724d4666b16?s=96&d=mm&r=g","url":"https:\/\/secure.gravatar.com\/avatar\/ee975fa091fe581d12b60debb3439022686618368a7c142044c56724d4666b16?s=96&d=mm&r=g","contentUrl":"https:\/\/secure.gravatar.com\/avatar\/ee975fa091fe581d12b60debb3439022686618368a7c142044c56724d4666b16?s=96&d=mm&r=g","caption":"tbrmedia"}}]}},"jetpack_featured_media_url":"https:\/\/aktialiiga.fi\/naiset\/wp-content\/uploads\/sites\/6\/2017\/09\/20170918-181539-GrIFK-Naiset-0018.jpg","jetpack_sharing_enabled":true,"jetpack_shortlink":"https:\/\/wp.me\/pfYhm6-4tC","_links":{"self":[{"href":"https:\/\/aktialiiga.fi\/naiset\/wp-json\/wp\/v2\/posts\/17212","targetHints":{"allow":["GET"]}}],"collection":[{"href":"https:\/\/aktialiiga.fi\/naiset\/wp-json\/wp\/v2\/posts"}],"about":[{"href":"https:\/\/aktialiiga.fi\/naiset\/wp-json\/wp\/v2\/types\/post"}],"author":[{"embeddable":true,"href":"https:\/\/aktialiiga.fi\/naiset\/wp-json\/wp\/v2\/users\/13"}],"replies":[{"embeddable":true,"href":"https:\/\/aktialiiga.fi\/naiset\/wp-json\/wp\/v2\/comments?post=17212"}],"version-history":[{"count":0,"href":"https:\/\/aktialiiga.fi\/naiset\/wp-json\/wp\/v2\/posts\/17212\/revisions"}],"wp:featuredmedia":[{"embeddable":true,"href":"https:\/\/aktialiiga.fi\/naiset\/wp-json\/wp\/v2\/media\/15093"}],"wp:attachment":[{"href":"https:\/\/aktialiiga.fi\/naiset\/wp-json\/wp\/v2\/media?parent=17212"}],"wp:term":[{"taxonomy":"category","embeddable":true,"href":"https:\/\/aktialiiga.fi\/naiset\/wp-json\/wp\/v2\/categories?post=17212"},{"taxonomy":"post_tag","embeddable":true,"href":"https:\/\/aktialiiga.fi\/naiset\/wp-json\/wp\/v2\/tags?post=17212"}],"curies":[{"name":"wp","href":"https:\/\/api.w.org\/{rel}","templated":true}]}}