{"id":17514,"date":"2018-05-16T23:11:15","date_gmt":"2018-05-16T20:11:15","guid":{"rendered":"https:\/\/aktialiiga.fi\/naiset\/?p=17514"},"modified":"2018-05-17T11:12:43","modified_gmt":"2018-05-17T08:12:43","slug":"gustafsson-ja-heerman-bk-46n-uudet-vahvistukset","status":"publish","type":"post","link":"https:\/\/aktialiiga.fi\/naiset\/ajankohtaista\/gustafsson-ja-heerman-bk-46n-uudet-vahvistukset\/","title":{"rendered":"Gustafsson ja Heerman BK-46:n uudet vahvistukset"},"content":{"rendered":"<p>Erica Gustafsson ja Nea Heerman vahvistavat BK:n naisten joukkuetta tulevalla kaudella.<\/p>\n<p>Gustafsson (21), entinen BK:n juniori, on pelannut kaksi edellist\u00e4 kautta Atlaksessa. H\u00e4n oli viime kaudella SM-sarjan viidenneksi paras maalintekij\u00e4 142 osumallaan.<\/p>\n<p>Nea Heermanin (22) junioritausta on Atlaksessa, jossa h\u00e4n on pelannut koko uransa lukuun ottamatta yht\u00e4 kautta Kauniaisissa.<\/p>\n<p>Molemmat odottavat BK:n riveihin liittymisen olevan askel eteenp\u00e4in k\u00e4sipalloilijan uralla.<\/p>\n<p>&#8211; Valitsin BK:n, koska seura n\u00e4ytt\u00e4\u00e4 panostavan naisjoukkueeseen. Ensi vuoden joukkue on my\u00f6s mielenkiintoinen yhdistelm\u00e4 kokeneita ja hieman nuorempia pelaajia, Heerman toteaa.<\/p>\n<p>Gustafsson odottaa kehittyv\u00e4ns\u00e4 pelaajana uudessa seurassaan Karjaalla.<\/p>\n<p>&#8211; Minulla on suuret odotukset ja toivon, ett\u00e4 kykenemme hyv\u00e4\u00e4n joukkuepeliin. Silloin meill\u00e4 on kaikki mahdollisuudet parantaa tulosta t\u00e4m\u00e4n vuoden pronssista, Gustafsson sanoo.<\/p>\n<p>Ensi vuoden joukkuetta rakentavaan ryhm\u00e4\u00e4n kuuluva Peter Kihlstedt on tyytyv\u00e4inen Erican ja Nean liittymisest\u00e4 joukkueeseen.<\/p>\n<p>&#8211; Pamela Degerman, joka on ilmoittanut lopettavansa k\u00e4sipalloilun, j\u00e4tt\u00e4\u00e4 joukkueeseen suuren aukon. Sen vuoksi tarvitsemme Erican tasoisen vasenk\u00e4tisen maalintekij\u00e4n.<\/p>\n<p>Nea Heermanissa Kihlstedt n\u00e4kee paljon potentiaalia.<\/p>\n<p>&#8211; H\u00e4n on nuori ja n\u00e4lk\u00e4inen pelaaja ja h\u00e4nell\u00e4 tulee olemaan t\u00e4rke\u00e4 rooli laitahy\u00f6kk\u00e4\u00e4j\u00e4n\u00e4.<\/p>\n","protected":false},"excerpt":{"rendered":"<p>Erica Gustafsson ja Nea Heerman vahvistavat BK:n naisten joukkuetta tulevalla kaudella. Gustafsson (21), entinen BK:n juniori, on pelannut kaksi edellist\u00e4 kautta Atlaksessa. H\u00e4n oli viime kaudella SM-sarjan viidenneksi paras maalintekij\u00e4 142 osumallaan. Nea Heermanin (22) junioritausta on Atlaksessa, jossa h\u00e4n on pelannut koko uransa lukuun ottamatta yht\u00e4 kautta Kauniaisissa. Molemmat odottavat BK:n riveihin liittymisen olevan [&hellip;]<\/p>\n","protected":false},"author":13,"featured_media":17515,"comment_status":"closed","ping_status":"closed","sticky":false,"template":"","format":"standard","meta":{"_acf_changed":false,"jetpack_post_was_ever_published":false,"_jetpack_newsletter_access":"","_jetpack_dont_email_post_to_subs":false,"_jetpack_newsletter_tier_id":0,"_jetpack_memberships_contains_paywalled_content":false,"_jetpack_memberships_contains_paid_content":false,"footnotes":""},"categories":[2],"tags":[49],"class_list":["post-17514","post","type-post","status-publish","format-standard","has-post-thumbnail","hentry","category-ajankohtaista","tag-bk-46"],"acf":[],"yoast_head":"<!-- This site is optimized with the Yoast SEO plugin v27.5 - https:\/\/yoast.com\/product\/yoast-seo-wordpress\/ -->\n<title>Gustafsson ja Heerman BK-46:n uudet vahvistukset | K\u00e4sipallon naisten Aktialiiga<\/title>\n<meta name=\"robots\" content=\"index, follow, max-snippet:-1, max-image-preview:large, max-video-preview:-1\" \/>\n<link rel=\"canonical\" href=\"https:\/\/aktialiiga.fi\/naiset\/ajankohtaista\/gustafsson-ja-heerman-bk-46n-uudet-vahvistukset\/\" \/>\n<meta property=\"og:locale\" content=\"fi_FI\" \/>\n<meta property=\"og:type\" content=\"article\" \/>\n<meta property=\"og:title\" content=\"Gustafsson ja Heerman BK-46:n uudet vahvistukset | K\u00e4sipallon naisten Aktialiiga\" \/>\n<meta property=\"og:description\" content=\"Erica Gustafsson ja Nea Heerman vahvistavat BK:n naisten joukkuetta tulevalla kaudella. Gustafsson (21), entinen BK:n juniori, on pelannut kaksi edellist\u00e4 kautta Atlaksessa. H\u00e4n oli viime kaudella SM-sarjan viidenneksi paras maalintekij\u00e4 142 osumallaan. Nea Heermanin (22) junioritausta on Atlaksessa, jossa h\u00e4n on pelannut koko uransa lukuun ottamatta yht\u00e4 kautta Kauniaisissa. Molemmat odottavat BK:n riveihin liittymisen olevan [&hellip;]\" \/>\n<meta property=\"og:url\" content=\"https:\/\/aktialiiga.fi\/naiset\/ajankohtaista\/gustafsson-ja-heerman-bk-46n-uudet-vahvistukset\/\" \/>\n<meta property=\"og:site_name\" content=\"K\u00e4sipallon naisten Aktialiiga\" \/>\n<meta property=\"article:publisher\" content=\"https:\/\/www.facebook.com\/finnhandball\" \/>\n<meta property=\"article:published_time\" content=\"2018-05-16T20:11:15+00:00\" \/>\n<meta property=\"article:modified_time\" content=\"2018-05-17T08:12:43+00:00\" \/>\n<meta property=\"og:image\" content=\"https:\/\/aktialiiga.fi\/naiset\/wp-content\/uploads\/sites\/6\/2018\/05\/Gustafsson_Heerman_BK46_180.jpg\" \/>\n\t<meta property=\"og:image:width\" content=\"711\" \/>\n\t<meta property=\"og:image:height\" content=\"330\" \/>\n\t<meta property=\"og:image:type\" content=\"image\/jpeg\" \/>\n<meta name=\"author\" content=\"tbrmedia\" \/>\n<meta name=\"twitter:card\" content=\"summary_large_image\" \/>\n<meta name=\"twitter:creator\" content=\"@finnhandball\" \/>\n<meta name=\"twitter:site\" content=\"@finnhandball\" \/>\n<script type=\"application\/ld+json\" class=\"yoast-schema-graph\">{\"@context\":\"https:\\\/\\\/schema.org\",\"@graph\":[{\"@type\":\"Article\",\"@id\":\"https:\\\/\\\/aktialiiga.fi\\\/naiset\\\/ajankohtaista\\\/gustafsson-ja-heerman-bk-46n-uudet-vahvistukset\\\/#article\",\"isPartOf\":{\"@id\":\"https:\\\/\\\/aktialiiga.fi\\\/naiset\\\/ajankohtaista\\\/gustafsson-ja-heerman-bk-46n-uudet-vahvistukset\\\/\"},\"author\":{\"name\":\"tbrmedia\",\"@id\":\"https:\\\/\\\/aktialiiga.fi\\\/naiset\\\/#\\\/schema\\\/person\\\/c14bf42f47041db74603c45afcb18d87\"},\"headline\":\"Gustafsson ja Heerman BK-46:n uudet vahvistukset\",\"datePublished\":\"2018-05-16T20:11:15+00:00\",\"dateModified\":\"2018-05-17T08:12:43+00:00\",\"mainEntityOfPage\":{\"@id\":\"https:\\\/\\\/aktialiiga.fi\\\/naiset\\\/ajankohtaista\\\/gustafsson-ja-heerman-bk-46n-uudet-vahvistukset\\\/\"},\"wordCount\":198,\"publisher\":{\"@id\":\"https:\\\/\\\/aktialiiga.fi\\\/naiset\\\/#organization\"},\"image\":{\"@id\":\"https:\\\/\\\/aktialiiga.fi\\\/naiset\\\/ajankohtaista\\\/gustafsson-ja-heerman-bk-46n-uudet-vahvistukset\\\/#primaryimage\"},\"thumbnailUrl\":\"https:\\\/\\\/aktialiiga.fi\\\/naiset\\\/wp-content\\\/uploads\\\/sites\\\/6\\\/2018\\\/05\\\/Gustafsson_Heerman_BK46_180.jpg\",\"keywords\":[\"BK-46\"],\"articleSection\":[\"Ajankohtaista\"],\"inLanguage\":\"fi\"},{\"@type\":\"WebPage\",\"@id\":\"https:\\\/\\\/aktialiiga.fi\\\/naiset\\\/ajankohtaista\\\/gustafsson-ja-heerman-bk-46n-uudet-vahvistukset\\\/\",\"url\":\"https:\\\/\\\/aktialiiga.fi\\\/naiset\\\/ajankohtaista\\\/gustafsson-ja-heerman-bk-46n-uudet-vahvistukset\\\/\",\"name\":\"Gustafsson ja Heerman BK-46:n uudet vahvistukset | K\u00e4sipallon naisten Aktialiiga\",\"isPartOf\":{\"@id\":\"https:\\\/\\\/aktialiiga.fi\\\/naiset\\\/#website\"},\"primaryImageOfPage\":{\"@id\":\"https:\\\/\\\/aktialiiga.fi\\\/naiset\\\/ajankohtaista\\\/gustafsson-ja-heerman-bk-46n-uudet-vahvistukset\\\/#primaryimage\"},\"image\":{\"@id\":\"https:\\\/\\\/aktialiiga.fi\\\/naiset\\\/ajankohtaista\\\/gustafsson-ja-heerman-bk-46n-uudet-vahvistukset\\\/#primaryimage\"},\"thumbnailUrl\":\"https:\\\/\\\/aktialiiga.fi\\\/naiset\\\/wp-content\\\/uploads\\\/sites\\\/6\\\/2018\\\/05\\\/Gustafsson_Heerman_BK46_180.jpg\",\"datePublished\":\"2018-05-16T20:11:15+00:00\",\"dateModified\":\"2018-05-17T08:12:43+00:00\",\"breadcrumb\":{\"@id\":\"https:\\\/\\\/aktialiiga.fi\\\/naiset\\\/ajankohtaista\\\/gustafsson-ja-heerman-bk-46n-uudet-vahvistukset\\\/#breadcrumb\"},\"inLanguage\":\"fi\",\"potentialAction\":[{\"@type\":\"ReadAction\",\"target\":[\"https:\\\/\\\/aktialiiga.fi\\\/naiset\\\/ajankohtaista\\\/gustafsson-ja-heerman-bk-46n-uudet-vahvistukset\\\/\"]}]},{\"@type\":\"ImageObject\",\"inLanguage\":\"fi\",\"@id\":\"https:\\\/\\\/aktialiiga.fi\\\/naiset\\\/ajankohtaista\\\/gustafsson-ja-heerman-bk-46n-uudet-vahvistukset\\\/#primaryimage\",\"url\":\"https:\\\/\\\/aktialiiga.fi\\\/naiset\\\/wp-content\\\/uploads\\\/sites\\\/6\\\/2018\\\/05\\\/Gustafsson_Heerman_BK46_180.jpg\",\"contentUrl\":\"https:\\\/\\\/aktialiiga.fi\\\/naiset\\\/wp-content\\\/uploads\\\/sites\\\/6\\\/2018\\\/05\\\/Gustafsson_Heerman_BK46_180.jpg\",\"width\":711,\"height\":330},{\"@type\":\"BreadcrumbList\",\"@id\":\"https:\\\/\\\/aktialiiga.fi\\\/naiset\\\/ajankohtaista\\\/gustafsson-ja-heerman-bk-46n-uudet-vahvistukset\\\/#breadcrumb\",\"itemListElement\":[{\"@type\":\"ListItem\",\"position\":1,\"name\":\"Etusivu\",\"item\":\"https:\\\/\\\/aktialiiga.fi\\\/naiset\\\/\"},{\"@type\":\"ListItem\",\"position\":2,\"name\":\"Gustafsson ja Heerman BK-46:n uudet vahvistukset\"}]},{\"@type\":\"WebSite\",\"@id\":\"https:\\\/\\\/aktialiiga.fi\\\/naiset\\\/#website\",\"url\":\"https:\\\/\\\/aktialiiga.fi\\\/naiset\\\/\",\"name\":\"K\u00e4sipallon naisten Aktialiiga\",\"description\":\"Valtakunnan vauhdikkainta palloilua!\",\"publisher\":{\"@id\":\"https:\\\/\\\/aktialiiga.fi\\\/naiset\\\/#organization\"},\"potentialAction\":[{\"@type\":\"SearchAction\",\"target\":{\"@type\":\"EntryPoint\",\"urlTemplate\":\"https:\\\/\\\/aktialiiga.fi\\\/naiset\\\/?s={search_term_string}\"},\"query-input\":{\"@type\":\"PropertyValueSpecification\",\"valueRequired\":true,\"valueName\":\"search_term_string\"}}],\"inLanguage\":\"fi\"},{\"@type\":\"Organization\",\"@id\":\"https:\\\/\\\/aktialiiga.fi\\\/naiset\\\/#organization\",\"name\":\"K\u00e4sipallon naisten Aktialiiga\",\"url\":\"https:\\\/\\\/aktialiiga.fi\\\/naiset\\\/\",\"logo\":{\"@type\":\"ImageObject\",\"inLanguage\":\"fi\",\"@id\":\"https:\\\/\\\/aktialiiga.fi\\\/naiset\\\/#\\\/schema\\\/logo\\\/image\\\/\",\"url\":\"https:\\\/\\\/aktialiiga.fi\\\/naiset\\\/wp-content\\\/uploads\\\/sites\\\/6\\\/2024\\\/09\\\/Aktialiiga-Yoast-512.png\",\"contentUrl\":\"https:\\\/\\\/aktialiiga.fi\\\/naiset\\\/wp-content\\\/uploads\\\/sites\\\/6\\\/2024\\\/09\\\/Aktialiiga-Yoast-512.png\",\"width\":512,\"height\":512,\"caption\":\"K\u00e4sipallon naisten Aktialiiga\"},\"image\":{\"@id\":\"https:\\\/\\\/aktialiiga.fi\\\/naiset\\\/#\\\/schema\\\/logo\\\/image\\\/\"},\"sameAs\":[\"https:\\\/\\\/www.facebook.com\\\/finnhandball\",\"https:\\\/\\\/x.com\\\/finnhandball\",\"https:\\\/\\\/www.instagram.com\\\/handballfinland\\\/\"]},{\"@type\":\"Person\",\"@id\":\"https:\\\/\\\/aktialiiga.fi\\\/naiset\\\/#\\\/schema\\\/person\\\/c14bf42f47041db74603c45afcb18d87\",\"name\":\"tbrmedia\",\"image\":{\"@type\":\"ImageObject\",\"inLanguage\":\"fi\",\"@id\":\"https:\\\/\\\/secure.gravatar.com\\\/avatar\\\/ee975fa091fe581d12b60debb3439022686618368a7c142044c56724d4666b16?s=96&d=mm&r=g\",\"url\":\"https:\\\/\\\/secure.gravatar.com\\\/avatar\\\/ee975fa091fe581d12b60debb3439022686618368a7c142044c56724d4666b16?s=96&d=mm&r=g\",\"contentUrl\":\"https:\\\/\\\/secure.gravatar.com\\\/avatar\\\/ee975fa091fe581d12b60debb3439022686618368a7c142044c56724d4666b16?s=96&d=mm&r=g\",\"caption\":\"tbrmedia\"}}]}<\/script>\n<!-- \/ Yoast SEO plugin. -->","yoast_head_json":{"title":"Gustafsson ja Heerman BK-46:n uudet vahvistukset | K\u00e4sipallon naisten Aktialiiga","robots":{"index":"index","follow":"follow","max-snippet":"max-snippet:-1","max-image-preview":"max-image-preview:large","max-video-preview":"max-video-preview:-1"},"canonical":"https:\/\/aktialiiga.fi\/naiset\/ajankohtaista\/gustafsson-ja-heerman-bk-46n-uudet-vahvistukset\/","og_locale":"fi_FI","og_type":"article","og_title":"Gustafsson ja Heerman BK-46:n uudet vahvistukset | K\u00e4sipallon naisten Aktialiiga","og_description":"Erica Gustafsson ja Nea Heerman vahvistavat BK:n naisten joukkuetta tulevalla kaudella. Gustafsson (21), entinen BK:n juniori, on pelannut kaksi edellist\u00e4 kautta Atlaksessa. H\u00e4n oli viime kaudella SM-sarjan viidenneksi paras maalintekij\u00e4 142 osumallaan. Nea Heermanin (22) junioritausta on Atlaksessa, jossa h\u00e4n on pelannut koko uransa lukuun ottamatta yht\u00e4 kautta Kauniaisissa. Molemmat odottavat BK:n riveihin liittymisen olevan [&hellip;]","og_url":"https:\/\/aktialiiga.fi\/naiset\/ajankohtaista\/gustafsson-ja-heerman-bk-46n-uudet-vahvistukset\/","og_site_name":"K\u00e4sipallon naisten Aktialiiga","article_publisher":"https:\/\/www.facebook.com\/finnhandball","article_published_time":"2018-05-16T20:11:15+00:00","article_modified_time":"2018-05-17T08:12:43+00:00","og_image":[{"width":711,"height":330,"url":"https:\/\/aktialiiga.fi\/naiset\/wp-content\/uploads\/sites\/6\/2018\/05\/Gustafsson_Heerman_BK46_180.jpg","type":"image\/jpeg"}],"author":"tbrmedia","twitter_card":"summary_large_image","twitter_creator":"@finnhandball","twitter_site":"@finnhandball","schema":{"@context":"https:\/\/schema.org","@graph":[{"@type":"Article","@id":"https:\/\/aktialiiga.fi\/naiset\/ajankohtaista\/gustafsson-ja-heerman-bk-46n-uudet-vahvistukset\/#article","isPartOf":{"@id":"https:\/\/aktialiiga.fi\/naiset\/ajankohtaista\/gustafsson-ja-heerman-bk-46n-uudet-vahvistukset\/"},"author":{"name":"tbrmedia","@id":"https:\/\/aktialiiga.fi\/naiset\/#\/schema\/person\/c14bf42f47041db74603c45afcb18d87"},"headline":"Gustafsson ja Heerman BK-46:n uudet vahvistukset","datePublished":"2018-05-16T20:11:15+00:00","dateModified":"2018-05-17T08:12:43+00:00","mainEntityOfPage":{"@id":"https:\/\/aktialiiga.fi\/naiset\/ajankohtaista\/gustafsson-ja-heerman-bk-46n-uudet-vahvistukset\/"},"wordCount":198,"publisher":{"@id":"https:\/\/aktialiiga.fi\/naiset\/#organization"},"image":{"@id":"https:\/\/aktialiiga.fi\/naiset\/ajankohtaista\/gustafsson-ja-heerman-bk-46n-uudet-vahvistukset\/#primaryimage"},"thumbnailUrl":"https:\/\/aktialiiga.fi\/naiset\/wp-content\/uploads\/sites\/6\/2018\/05\/Gustafsson_Heerman_BK46_180.jpg","keywords":["BK-46"],"articleSection":["Ajankohtaista"],"inLanguage":"fi"},{"@type":"WebPage","@id":"https:\/\/aktialiiga.fi\/naiset\/ajankohtaista\/gustafsson-ja-heerman-bk-46n-uudet-vahvistukset\/","url":"https:\/\/aktialiiga.fi\/naiset\/ajankohtaista\/gustafsson-ja-heerman-bk-46n-uudet-vahvistukset\/","name":"Gustafsson ja Heerman BK-46:n uudet vahvistukset | K\u00e4sipallon naisten Aktialiiga","isPartOf":{"@id":"https:\/\/aktialiiga.fi\/naiset\/#website"},"primaryImageOfPage":{"@id":"https:\/\/aktialiiga.fi\/naiset\/ajankohtaista\/gustafsson-ja-heerman-bk-46n-uudet-vahvistukset\/#primaryimage"},"image":{"@id":"https:\/\/aktialiiga.fi\/naiset\/ajankohtaista\/gustafsson-ja-heerman-bk-46n-uudet-vahvistukset\/#primaryimage"},"thumbnailUrl":"https:\/\/aktialiiga.fi\/naiset\/wp-content\/uploads\/sites\/6\/2018\/05\/Gustafsson_Heerman_BK46_180.jpg","datePublished":"2018-05-16T20:11:15+00:00","dateModified":"2018-05-17T08:12:43+00:00","breadcrumb":{"@id":"https:\/\/aktialiiga.fi\/naiset\/ajankohtaista\/gustafsson-ja-heerman-bk-46n-uudet-vahvistukset\/#breadcrumb"},"inLanguage":"fi","potentialAction":[{"@type":"ReadAction","target":["https:\/\/aktialiiga.fi\/naiset\/ajankohtaista\/gustafsson-ja-heerman-bk-46n-uudet-vahvistukset\/"]}]},{"@type":"ImageObject","inLanguage":"fi","@id":"https:\/\/aktialiiga.fi\/naiset\/ajankohtaista\/gustafsson-ja-heerman-bk-46n-uudet-vahvistukset\/#primaryimage","url":"https:\/\/aktialiiga.fi\/naiset\/wp-content\/uploads\/sites\/6\/2018\/05\/Gustafsson_Heerman_BK46_180.jpg","contentUrl":"https:\/\/aktialiiga.fi\/naiset\/wp-content\/uploads\/sites\/6\/2018\/05\/Gustafsson_Heerman_BK46_180.jpg","width":711,"height":330},{"@type":"BreadcrumbList","@id":"https:\/\/aktialiiga.fi\/naiset\/ajankohtaista\/gustafsson-ja-heerman-bk-46n-uudet-vahvistukset\/#breadcrumb","itemListElement":[{"@type":"ListItem","position":1,"name":"Etusivu","item":"https:\/\/aktialiiga.fi\/naiset\/"},{"@type":"ListItem","position":2,"name":"Gustafsson ja Heerman BK-46:n uudet vahvistukset"}]},{"@type":"WebSite","@id":"https:\/\/aktialiiga.fi\/naiset\/#website","url":"https:\/\/aktialiiga.fi\/naiset\/","name":"K\u00e4sipallon naisten Aktialiiga","description":"Valtakunnan vauhdikkainta palloilua!","publisher":{"@id":"https:\/\/aktialiiga.fi\/naiset\/#organization"},"potentialAction":[{"@type":"SearchAction","target":{"@type":"EntryPoint","urlTemplate":"https:\/\/aktialiiga.fi\/naiset\/?s={search_term_string}"},"query-input":{"@type":"PropertyValueSpecification","valueRequired":true,"valueName":"search_term_string"}}],"inLanguage":"fi"},{"@type":"Organization","@id":"https:\/\/aktialiiga.fi\/naiset\/#organization","name":"K\u00e4sipallon naisten Aktialiiga","url":"https:\/\/aktialiiga.fi\/naiset\/","logo":{"@type":"ImageObject","inLanguage":"fi","@id":"https:\/\/aktialiiga.fi\/naiset\/#\/schema\/logo\/image\/","url":"https:\/\/aktialiiga.fi\/naiset\/wp-content\/uploads\/sites\/6\/2024\/09\/Aktialiiga-Yoast-512.png","contentUrl":"https:\/\/aktialiiga.fi\/naiset\/wp-content\/uploads\/sites\/6\/2024\/09\/Aktialiiga-Yoast-512.png","width":512,"height":512,"caption":"K\u00e4sipallon naisten Aktialiiga"},"image":{"@id":"https:\/\/aktialiiga.fi\/naiset\/#\/schema\/logo\/image\/"},"sameAs":["https:\/\/www.facebook.com\/finnhandball","https:\/\/x.com\/finnhandball","https:\/\/www.instagram.com\/handballfinland\/"]},{"@type":"Person","@id":"https:\/\/aktialiiga.fi\/naiset\/#\/schema\/person\/c14bf42f47041db74603c45afcb18d87","name":"tbrmedia","image":{"@type":"ImageObject","inLanguage":"fi","@id":"https:\/\/secure.gravatar.com\/avatar\/ee975fa091fe581d12b60debb3439022686618368a7c142044c56724d4666b16?s=96&d=mm&r=g","url":"https:\/\/secure.gravatar.com\/avatar\/ee975fa091fe581d12b60debb3439022686618368a7c142044c56724d4666b16?s=96&d=mm&r=g","contentUrl":"https:\/\/secure.gravatar.com\/avatar\/ee975fa091fe581d12b60debb3439022686618368a7c142044c56724d4666b16?s=96&d=mm&r=g","caption":"tbrmedia"}}]}},"jetpack_featured_media_url":"https:\/\/aktialiiga.fi\/naiset\/wp-content\/uploads\/sites\/6\/2018\/05\/Gustafsson_Heerman_BK46_180.jpg","jetpack_sharing_enabled":true,"jetpack_shortlink":"https:\/\/wp.me\/pfYhm6-4yu","_links":{"self":[{"href":"https:\/\/aktialiiga.fi\/naiset\/wp-json\/wp\/v2\/posts\/17514","targetHints":{"allow":["GET"]}}],"collection":[{"href":"https:\/\/aktialiiga.fi\/naiset\/wp-json\/wp\/v2\/posts"}],"about":[{"href":"https:\/\/aktialiiga.fi\/naiset\/wp-json\/wp\/v2\/types\/post"}],"author":[{"embeddable":true,"href":"https:\/\/aktialiiga.fi\/naiset\/wp-json\/wp\/v2\/users\/13"}],"replies":[{"embeddable":true,"href":"https:\/\/aktialiiga.fi\/naiset\/wp-json\/wp\/v2\/comments?post=17514"}],"version-history":[{"count":0,"href":"https:\/\/aktialiiga.fi\/naiset\/wp-json\/wp\/v2\/posts\/17514\/revisions"}],"wp:featuredmedia":[{"embeddable":true,"href":"https:\/\/aktialiiga.fi\/naiset\/wp-json\/wp\/v2\/media\/17515"}],"wp:attachment":[{"href":"https:\/\/aktialiiga.fi\/naiset\/wp-json\/wp\/v2\/media?parent=17514"}],"wp:term":[{"taxonomy":"category","embeddable":true,"href":"https:\/\/aktialiiga.fi\/naiset\/wp-json\/wp\/v2\/categories?post=17514"},{"taxonomy":"post_tag","embeddable":true,"href":"https:\/\/aktialiiga.fi\/naiset\/wp-json\/wp\/v2\/tags?post=17514"}],"curies":[{"name":"wp","href":"https:\/\/api.w.org\/{rel}","templated":true}]}}