{"id":17559,"date":"2018-06-28T22:01:56","date_gmt":"2018-06-28T19:01:56","guid":{"rendered":"https:\/\/aktialiiga.fi\/naiset\/?p=17559"},"modified":"2018-06-28T22:01:56","modified_gmt":"2018-06-28T19:01:56","slug":"johanna-hilli-siirtyy-hifksta-ruotsiin","status":"publish","type":"post","link":"https:\/\/aktialiiga.fi\/naiset\/ajankohtaista\/johanna-hilli-siirtyy-hifksta-ruotsiin\/","title":{"rendered":"Johanna Hilli siirtyy HIFK:sta Ruotsiin"},"content":{"rendered":"<p>HIFK:ssa kolme ja puoli viimeist\u00e4 kautta pelannut pelinrakentaja Johanna Hilli siirtyy Ruotsin liigaan Kristianstadin joukkueeseen.<\/p>\n<p>24-vuotias Hilli on ollut yksi IFK:n kirkkaimpia t\u00e4hti\u00e4 ja maalannut Linda Cainbergin ohella eniten maaleja viime kausina. Kaudella 2017-2018 Hilli oli SM-sarjan maalikuningatar.<\/p>\n<p>Hillin sopimus on muotoa 1+1 vuotta. Kristianstad oli viime kaudella nelj\u00e4nnesv\u00e4lieriss\u00e4, eli kahdeksan parhaan joukossa, mutta putosi v\u00e4lierist\u00e4. Joukkueella ei t\u00e4ll\u00e4 hetkell\u00e4 ole virallista pelinrakentajaa, ja Hilli\u00e4 on kaavailtu siihen rooliin. Johanna Hilli kuitenkin tiet\u00e4\u00e4, ett\u00e4 haaste p\u00e4\u00e4st\u00e4 pelaamaan on kova ja ett\u00e4 pit\u00e4\u00e4 todellakin n\u00e4ytt\u00e4\u00e4 ett\u00e4 ansaitsee paikan, sill\u00e4 sarja on kovatasoinen ja joukkueessa on paljon hyvi\u00e4 pelaajia. Hilli uskoo kuitenkin, ett\u00e4 voi kehitty\u00e4 sille tasolle, jota Elitserieniss\u00e4 vaaditaan.<\/p>\n<p>Hilli pakkaa laukkunsa ja suuntaa kohti Etel\u00e4-Ruotsin Kristianstadia elokuun alussa, kun kausi alkaa. Kes\u00e4n h\u00e4n harjoittelee HIFK:n kanssa.<\/p>\n<p>&#8211; Olen todella kiitollinen HIFK:lle n\u00e4ist\u00e4 vuosista. On ollut mahtavaa pelata joukkueessa, jossa treenit ovat tasokkaita ja jossa sek\u00e4 pelaajat ett\u00e4 seurajohto panostavat kunnolla t\u00e4h\u00e4n hommaan. Olemme esimerkiksi joka vuosi pelanneet kovia kansainv\u00e4lisi\u00e4 pelej\u00e4. Joukkuekaverit ja joukkuehenki ovat my\u00f6s olleet uskomattomia, Hilli hehkuttaa HIFK:n verkkosivuilla.<\/p>\n<p>&#8211; On haikeaa j\u00e4tt\u00e4\u00e4 HIFK, mutta olen intoa t\u00e4ynn\u00e4 saadessani kohdata uusia haasteita ja toteuttaa unelmani pelata Elitserieniss\u00e4.<\/p>\n","protected":false},"excerpt":{"rendered":"<p>HIFK:ssa kolme ja puoli viimeist\u00e4 kautta pelannut pelinrakentaja Johanna Hilli siirtyy Ruotsin liigaan Kristianstadin joukkueeseen. 24-vuotias Hilli on ollut yksi IFK:n kirkkaimpia t\u00e4hti\u00e4 ja maalannut Linda Cainbergin ohella eniten maaleja viime kausina. Kaudella 2017-2018 Hilli oli SM-sarjan maalikuningatar. Hillin sopimus on muotoa 1+1 vuotta. Kristianstad oli viime kaudella nelj\u00e4nnesv\u00e4lieriss\u00e4, eli kahdeksan parhaan joukossa, mutta putosi [&hellip;]<\/p>\n","protected":false},"author":13,"featured_media":15555,"comment_status":"closed","ping_status":"closed","sticky":false,"template":"","format":"standard","meta":{"_acf_changed":false,"jetpack_post_was_ever_published":false,"_jetpack_newsletter_access":"","_jetpack_dont_email_post_to_subs":false,"_jetpack_newsletter_tier_id":0,"_jetpack_memberships_contains_paywalled_content":false,"_jetpack_memberships_contains_paid_content":false,"footnotes":""},"categories":[2],"tags":[61],"class_list":["post-17559","post","type-post","status-publish","format-standard","has-post-thumbnail","hentry","category-ajankohtaista","tag-hifk"],"acf":[],"yoast_head":"<!-- This site is optimized with the Yoast SEO plugin v27.5 - https:\/\/yoast.com\/product\/yoast-seo-wordpress\/ -->\n<title>Johanna Hilli siirtyy HIFK:sta Ruotsiin | K\u00e4sipallon naisten Aktialiiga<\/title>\n<meta name=\"robots\" content=\"index, follow, max-snippet:-1, max-image-preview:large, max-video-preview:-1\" \/>\n<link rel=\"canonical\" href=\"https:\/\/aktialiiga.fi\/naiset\/ajankohtaista\/johanna-hilli-siirtyy-hifksta-ruotsiin\/\" \/>\n<meta property=\"og:locale\" content=\"fi_FI\" \/>\n<meta property=\"og:type\" content=\"article\" \/>\n<meta property=\"og:title\" content=\"Johanna Hilli siirtyy HIFK:sta Ruotsiin | K\u00e4sipallon naisten Aktialiiga\" \/>\n<meta property=\"og:description\" content=\"HIFK:ssa kolme ja puoli viimeist\u00e4 kautta pelannut pelinrakentaja Johanna Hilli siirtyy Ruotsin liigaan Kristianstadin joukkueeseen. 24-vuotias Hilli on ollut yksi IFK:n kirkkaimpia t\u00e4hti\u00e4 ja maalannut Linda Cainbergin ohella eniten maaleja viime kausina. Kaudella 2017-2018 Hilli oli SM-sarjan maalikuningatar. Hillin sopimus on muotoa 1+1 vuotta. Kristianstad oli viime kaudella nelj\u00e4nnesv\u00e4lieriss\u00e4, eli kahdeksan parhaan joukossa, mutta putosi [&hellip;]\" \/>\n<meta property=\"og:url\" content=\"https:\/\/aktialiiga.fi\/naiset\/ajankohtaista\/johanna-hilli-siirtyy-hifksta-ruotsiin\/\" \/>\n<meta property=\"og:site_name\" content=\"K\u00e4sipallon naisten Aktialiiga\" \/>\n<meta property=\"article:publisher\" content=\"https:\/\/www.facebook.com\/finnhandball\" \/>\n<meta property=\"article:published_time\" content=\"2018-06-28T19:01:56+00:00\" \/>\n<meta property=\"og:image\" content=\"https:\/\/aktialiiga.fi\/naiset\/wp-content\/uploads\/sites\/6\/2017\/12\/np24SPO0332402041-xx.jpg\" \/>\n\t<meta property=\"og:image:width\" content=\"3752\" \/>\n\t<meta property=\"og:image:height\" content=\"1924\" \/>\n\t<meta property=\"og:image:type\" content=\"image\/jpeg\" \/>\n<meta name=\"author\" content=\"tbrmedia\" \/>\n<meta name=\"twitter:card\" content=\"summary_large_image\" \/>\n<meta name=\"twitter:creator\" content=\"@finnhandball\" \/>\n<meta name=\"twitter:site\" content=\"@finnhandball\" \/>\n<script type=\"application\/ld+json\" class=\"yoast-schema-graph\">{\"@context\":\"https:\\\/\\\/schema.org\",\"@graph\":[{\"@type\":\"Article\",\"@id\":\"https:\\\/\\\/aktialiiga.fi\\\/naiset\\\/ajankohtaista\\\/johanna-hilli-siirtyy-hifksta-ruotsiin\\\/#article\",\"isPartOf\":{\"@id\":\"https:\\\/\\\/aktialiiga.fi\\\/naiset\\\/ajankohtaista\\\/johanna-hilli-siirtyy-hifksta-ruotsiin\\\/\"},\"author\":{\"name\":\"tbrmedia\",\"@id\":\"https:\\\/\\\/aktialiiga.fi\\\/naiset\\\/#\\\/schema\\\/person\\\/c14bf42f47041db74603c45afcb18d87\"},\"headline\":\"Johanna Hilli siirtyy HIFK:sta Ruotsiin\",\"datePublished\":\"2018-06-28T19:01:56+00:00\",\"mainEntityOfPage\":{\"@id\":\"https:\\\/\\\/aktialiiga.fi\\\/naiset\\\/ajankohtaista\\\/johanna-hilli-siirtyy-hifksta-ruotsiin\\\/\"},\"wordCount\":216,\"publisher\":{\"@id\":\"https:\\\/\\\/aktialiiga.fi\\\/naiset\\\/#organization\"},\"image\":{\"@id\":\"https:\\\/\\\/aktialiiga.fi\\\/naiset\\\/ajankohtaista\\\/johanna-hilli-siirtyy-hifksta-ruotsiin\\\/#primaryimage\"},\"thumbnailUrl\":\"https:\\\/\\\/aktialiiga.fi\\\/naiset\\\/wp-content\\\/uploads\\\/sites\\\/6\\\/2017\\\/12\\\/np24SPO0332402041-xx.jpg\",\"keywords\":[\"HIFK\"],\"articleSection\":[\"Ajankohtaista\"],\"inLanguage\":\"fi\"},{\"@type\":\"WebPage\",\"@id\":\"https:\\\/\\\/aktialiiga.fi\\\/naiset\\\/ajankohtaista\\\/johanna-hilli-siirtyy-hifksta-ruotsiin\\\/\",\"url\":\"https:\\\/\\\/aktialiiga.fi\\\/naiset\\\/ajankohtaista\\\/johanna-hilli-siirtyy-hifksta-ruotsiin\\\/\",\"name\":\"Johanna Hilli siirtyy HIFK:sta Ruotsiin | K\u00e4sipallon naisten Aktialiiga\",\"isPartOf\":{\"@id\":\"https:\\\/\\\/aktialiiga.fi\\\/naiset\\\/#website\"},\"primaryImageOfPage\":{\"@id\":\"https:\\\/\\\/aktialiiga.fi\\\/naiset\\\/ajankohtaista\\\/johanna-hilli-siirtyy-hifksta-ruotsiin\\\/#primaryimage\"},\"image\":{\"@id\":\"https:\\\/\\\/aktialiiga.fi\\\/naiset\\\/ajankohtaista\\\/johanna-hilli-siirtyy-hifksta-ruotsiin\\\/#primaryimage\"},\"thumbnailUrl\":\"https:\\\/\\\/aktialiiga.fi\\\/naiset\\\/wp-content\\\/uploads\\\/sites\\\/6\\\/2017\\\/12\\\/np24SPO0332402041-xx.jpg\",\"datePublished\":\"2018-06-28T19:01:56+00:00\",\"breadcrumb\":{\"@id\":\"https:\\\/\\\/aktialiiga.fi\\\/naiset\\\/ajankohtaista\\\/johanna-hilli-siirtyy-hifksta-ruotsiin\\\/#breadcrumb\"},\"inLanguage\":\"fi\",\"potentialAction\":[{\"@type\":\"ReadAction\",\"target\":[\"https:\\\/\\\/aktialiiga.fi\\\/naiset\\\/ajankohtaista\\\/johanna-hilli-siirtyy-hifksta-ruotsiin\\\/\"]}]},{\"@type\":\"ImageObject\",\"inLanguage\":\"fi\",\"@id\":\"https:\\\/\\\/aktialiiga.fi\\\/naiset\\\/ajankohtaista\\\/johanna-hilli-siirtyy-hifksta-ruotsiin\\\/#primaryimage\",\"url\":\"https:\\\/\\\/aktialiiga.fi\\\/naiset\\\/wp-content\\\/uploads\\\/sites\\\/6\\\/2017\\\/12\\\/np24SPO0332402041-xx.jpg\",\"contentUrl\":\"https:\\\/\\\/aktialiiga.fi\\\/naiset\\\/wp-content\\\/uploads\\\/sites\\\/6\\\/2017\\\/12\\\/np24SPO0332402041-xx.jpg\",\"width\":3752,\"height\":1924},{\"@type\":\"BreadcrumbList\",\"@id\":\"https:\\\/\\\/aktialiiga.fi\\\/naiset\\\/ajankohtaista\\\/johanna-hilli-siirtyy-hifksta-ruotsiin\\\/#breadcrumb\",\"itemListElement\":[{\"@type\":\"ListItem\",\"position\":1,\"name\":\"Etusivu\",\"item\":\"https:\\\/\\\/aktialiiga.fi\\\/naiset\\\/\"},{\"@type\":\"ListItem\",\"position\":2,\"name\":\"Johanna Hilli siirtyy HIFK:sta Ruotsiin\"}]},{\"@type\":\"WebSite\",\"@id\":\"https:\\\/\\\/aktialiiga.fi\\\/naiset\\\/#website\",\"url\":\"https:\\\/\\\/aktialiiga.fi\\\/naiset\\\/\",\"name\":\"K\u00e4sipallon naisten Aktialiiga\",\"description\":\"Valtakunnan vauhdikkainta palloilua!\",\"publisher\":{\"@id\":\"https:\\\/\\\/aktialiiga.fi\\\/naiset\\\/#organization\"},\"potentialAction\":[{\"@type\":\"SearchAction\",\"target\":{\"@type\":\"EntryPoint\",\"urlTemplate\":\"https:\\\/\\\/aktialiiga.fi\\\/naiset\\\/?s={search_term_string}\"},\"query-input\":{\"@type\":\"PropertyValueSpecification\",\"valueRequired\":true,\"valueName\":\"search_term_string\"}}],\"inLanguage\":\"fi\"},{\"@type\":\"Organization\",\"@id\":\"https:\\\/\\\/aktialiiga.fi\\\/naiset\\\/#organization\",\"name\":\"K\u00e4sipallon naisten Aktialiiga\",\"url\":\"https:\\\/\\\/aktialiiga.fi\\\/naiset\\\/\",\"logo\":{\"@type\":\"ImageObject\",\"inLanguage\":\"fi\",\"@id\":\"https:\\\/\\\/aktialiiga.fi\\\/naiset\\\/#\\\/schema\\\/logo\\\/image\\\/\",\"url\":\"https:\\\/\\\/aktialiiga.fi\\\/naiset\\\/wp-content\\\/uploads\\\/sites\\\/6\\\/2024\\\/09\\\/Aktialiiga-Yoast-512.png\",\"contentUrl\":\"https:\\\/\\\/aktialiiga.fi\\\/naiset\\\/wp-content\\\/uploads\\\/sites\\\/6\\\/2024\\\/09\\\/Aktialiiga-Yoast-512.png\",\"width\":512,\"height\":512,\"caption\":\"K\u00e4sipallon naisten Aktialiiga\"},\"image\":{\"@id\":\"https:\\\/\\\/aktialiiga.fi\\\/naiset\\\/#\\\/schema\\\/logo\\\/image\\\/\"},\"sameAs\":[\"https:\\\/\\\/www.facebook.com\\\/finnhandball\",\"https:\\\/\\\/x.com\\\/finnhandball\",\"https:\\\/\\\/www.instagram.com\\\/handballfinland\\\/\"]},{\"@type\":\"Person\",\"@id\":\"https:\\\/\\\/aktialiiga.fi\\\/naiset\\\/#\\\/schema\\\/person\\\/c14bf42f47041db74603c45afcb18d87\",\"name\":\"tbrmedia\",\"image\":{\"@type\":\"ImageObject\",\"inLanguage\":\"fi\",\"@id\":\"https:\\\/\\\/secure.gravatar.com\\\/avatar\\\/ee975fa091fe581d12b60debb3439022686618368a7c142044c56724d4666b16?s=96&d=mm&r=g\",\"url\":\"https:\\\/\\\/secure.gravatar.com\\\/avatar\\\/ee975fa091fe581d12b60debb3439022686618368a7c142044c56724d4666b16?s=96&d=mm&r=g\",\"contentUrl\":\"https:\\\/\\\/secure.gravatar.com\\\/avatar\\\/ee975fa091fe581d12b60debb3439022686618368a7c142044c56724d4666b16?s=96&d=mm&r=g\",\"caption\":\"tbrmedia\"}}]}<\/script>\n<!-- \/ Yoast SEO plugin. -->","yoast_head_json":{"title":"Johanna Hilli siirtyy HIFK:sta Ruotsiin | K\u00e4sipallon naisten Aktialiiga","robots":{"index":"index","follow":"follow","max-snippet":"max-snippet:-1","max-image-preview":"max-image-preview:large","max-video-preview":"max-video-preview:-1"},"canonical":"https:\/\/aktialiiga.fi\/naiset\/ajankohtaista\/johanna-hilli-siirtyy-hifksta-ruotsiin\/","og_locale":"fi_FI","og_type":"article","og_title":"Johanna Hilli siirtyy HIFK:sta Ruotsiin | K\u00e4sipallon naisten Aktialiiga","og_description":"HIFK:ssa kolme ja puoli viimeist\u00e4 kautta pelannut pelinrakentaja Johanna Hilli siirtyy Ruotsin liigaan Kristianstadin joukkueeseen. 24-vuotias Hilli on ollut yksi IFK:n kirkkaimpia t\u00e4hti\u00e4 ja maalannut Linda Cainbergin ohella eniten maaleja viime kausina. Kaudella 2017-2018 Hilli oli SM-sarjan maalikuningatar. Hillin sopimus on muotoa 1+1 vuotta. Kristianstad oli viime kaudella nelj\u00e4nnesv\u00e4lieriss\u00e4, eli kahdeksan parhaan joukossa, mutta putosi [&hellip;]","og_url":"https:\/\/aktialiiga.fi\/naiset\/ajankohtaista\/johanna-hilli-siirtyy-hifksta-ruotsiin\/","og_site_name":"K\u00e4sipallon naisten Aktialiiga","article_publisher":"https:\/\/www.facebook.com\/finnhandball","article_published_time":"2018-06-28T19:01:56+00:00","og_image":[{"width":3752,"height":1924,"url":"https:\/\/aktialiiga.fi\/naiset\/wp-content\/uploads\/sites\/6\/2017\/12\/np24SPO0332402041-xx.jpg","type":"image\/jpeg"}],"author":"tbrmedia","twitter_card":"summary_large_image","twitter_creator":"@finnhandball","twitter_site":"@finnhandball","schema":{"@context":"https:\/\/schema.org","@graph":[{"@type":"Article","@id":"https:\/\/aktialiiga.fi\/naiset\/ajankohtaista\/johanna-hilli-siirtyy-hifksta-ruotsiin\/#article","isPartOf":{"@id":"https:\/\/aktialiiga.fi\/naiset\/ajankohtaista\/johanna-hilli-siirtyy-hifksta-ruotsiin\/"},"author":{"name":"tbrmedia","@id":"https:\/\/aktialiiga.fi\/naiset\/#\/schema\/person\/c14bf42f47041db74603c45afcb18d87"},"headline":"Johanna Hilli siirtyy HIFK:sta Ruotsiin","datePublished":"2018-06-28T19:01:56+00:00","mainEntityOfPage":{"@id":"https:\/\/aktialiiga.fi\/naiset\/ajankohtaista\/johanna-hilli-siirtyy-hifksta-ruotsiin\/"},"wordCount":216,"publisher":{"@id":"https:\/\/aktialiiga.fi\/naiset\/#organization"},"image":{"@id":"https:\/\/aktialiiga.fi\/naiset\/ajankohtaista\/johanna-hilli-siirtyy-hifksta-ruotsiin\/#primaryimage"},"thumbnailUrl":"https:\/\/aktialiiga.fi\/naiset\/wp-content\/uploads\/sites\/6\/2017\/12\/np24SPO0332402041-xx.jpg","keywords":["HIFK"],"articleSection":["Ajankohtaista"],"inLanguage":"fi"},{"@type":"WebPage","@id":"https:\/\/aktialiiga.fi\/naiset\/ajankohtaista\/johanna-hilli-siirtyy-hifksta-ruotsiin\/","url":"https:\/\/aktialiiga.fi\/naiset\/ajankohtaista\/johanna-hilli-siirtyy-hifksta-ruotsiin\/","name":"Johanna Hilli siirtyy HIFK:sta Ruotsiin | K\u00e4sipallon naisten Aktialiiga","isPartOf":{"@id":"https:\/\/aktialiiga.fi\/naiset\/#website"},"primaryImageOfPage":{"@id":"https:\/\/aktialiiga.fi\/naiset\/ajankohtaista\/johanna-hilli-siirtyy-hifksta-ruotsiin\/#primaryimage"},"image":{"@id":"https:\/\/aktialiiga.fi\/naiset\/ajankohtaista\/johanna-hilli-siirtyy-hifksta-ruotsiin\/#primaryimage"},"thumbnailUrl":"https:\/\/aktialiiga.fi\/naiset\/wp-content\/uploads\/sites\/6\/2017\/12\/np24SPO0332402041-xx.jpg","datePublished":"2018-06-28T19:01:56+00:00","breadcrumb":{"@id":"https:\/\/aktialiiga.fi\/naiset\/ajankohtaista\/johanna-hilli-siirtyy-hifksta-ruotsiin\/#breadcrumb"},"inLanguage":"fi","potentialAction":[{"@type":"ReadAction","target":["https:\/\/aktialiiga.fi\/naiset\/ajankohtaista\/johanna-hilli-siirtyy-hifksta-ruotsiin\/"]}]},{"@type":"ImageObject","inLanguage":"fi","@id":"https:\/\/aktialiiga.fi\/naiset\/ajankohtaista\/johanna-hilli-siirtyy-hifksta-ruotsiin\/#primaryimage","url":"https:\/\/aktialiiga.fi\/naiset\/wp-content\/uploads\/sites\/6\/2017\/12\/np24SPO0332402041-xx.jpg","contentUrl":"https:\/\/aktialiiga.fi\/naiset\/wp-content\/uploads\/sites\/6\/2017\/12\/np24SPO0332402041-xx.jpg","width":3752,"height":1924},{"@type":"BreadcrumbList","@id":"https:\/\/aktialiiga.fi\/naiset\/ajankohtaista\/johanna-hilli-siirtyy-hifksta-ruotsiin\/#breadcrumb","itemListElement":[{"@type":"ListItem","position":1,"name":"Etusivu","item":"https:\/\/aktialiiga.fi\/naiset\/"},{"@type":"ListItem","position":2,"name":"Johanna Hilli siirtyy HIFK:sta Ruotsiin"}]},{"@type":"WebSite","@id":"https:\/\/aktialiiga.fi\/naiset\/#website","url":"https:\/\/aktialiiga.fi\/naiset\/","name":"K\u00e4sipallon naisten Aktialiiga","description":"Valtakunnan vauhdikkainta palloilua!","publisher":{"@id":"https:\/\/aktialiiga.fi\/naiset\/#organization"},"potentialAction":[{"@type":"SearchAction","target":{"@type":"EntryPoint","urlTemplate":"https:\/\/aktialiiga.fi\/naiset\/?s={search_term_string}"},"query-input":{"@type":"PropertyValueSpecification","valueRequired":true,"valueName":"search_term_string"}}],"inLanguage":"fi"},{"@type":"Organization","@id":"https:\/\/aktialiiga.fi\/naiset\/#organization","name":"K\u00e4sipallon naisten Aktialiiga","url":"https:\/\/aktialiiga.fi\/naiset\/","logo":{"@type":"ImageObject","inLanguage":"fi","@id":"https:\/\/aktialiiga.fi\/naiset\/#\/schema\/logo\/image\/","url":"https:\/\/aktialiiga.fi\/naiset\/wp-content\/uploads\/sites\/6\/2024\/09\/Aktialiiga-Yoast-512.png","contentUrl":"https:\/\/aktialiiga.fi\/naiset\/wp-content\/uploads\/sites\/6\/2024\/09\/Aktialiiga-Yoast-512.png","width":512,"height":512,"caption":"K\u00e4sipallon naisten Aktialiiga"},"image":{"@id":"https:\/\/aktialiiga.fi\/naiset\/#\/schema\/logo\/image\/"},"sameAs":["https:\/\/www.facebook.com\/finnhandball","https:\/\/x.com\/finnhandball","https:\/\/www.instagram.com\/handballfinland\/"]},{"@type":"Person","@id":"https:\/\/aktialiiga.fi\/naiset\/#\/schema\/person\/c14bf42f47041db74603c45afcb18d87","name":"tbrmedia","image":{"@type":"ImageObject","inLanguage":"fi","@id":"https:\/\/secure.gravatar.com\/avatar\/ee975fa091fe581d12b60debb3439022686618368a7c142044c56724d4666b16?s=96&d=mm&r=g","url":"https:\/\/secure.gravatar.com\/avatar\/ee975fa091fe581d12b60debb3439022686618368a7c142044c56724d4666b16?s=96&d=mm&r=g","contentUrl":"https:\/\/secure.gravatar.com\/avatar\/ee975fa091fe581d12b60debb3439022686618368a7c142044c56724d4666b16?s=96&d=mm&r=g","caption":"tbrmedia"}}]}},"jetpack_featured_media_url":"https:\/\/aktialiiga.fi\/naiset\/wp-content\/uploads\/sites\/6\/2017\/12\/np24SPO0332402041-xx.jpg","jetpack_sharing_enabled":true,"jetpack_shortlink":"https:\/\/wp.me\/pfYhm6-4zd","_links":{"self":[{"href":"https:\/\/aktialiiga.fi\/naiset\/wp-json\/wp\/v2\/posts\/17559","targetHints":{"allow":["GET"]}}],"collection":[{"href":"https:\/\/aktialiiga.fi\/naiset\/wp-json\/wp\/v2\/posts"}],"about":[{"href":"https:\/\/aktialiiga.fi\/naiset\/wp-json\/wp\/v2\/types\/post"}],"author":[{"embeddable":true,"href":"https:\/\/aktialiiga.fi\/naiset\/wp-json\/wp\/v2\/users\/13"}],"replies":[{"embeddable":true,"href":"https:\/\/aktialiiga.fi\/naiset\/wp-json\/wp\/v2\/comments?post=17559"}],"version-history":[{"count":0,"href":"https:\/\/aktialiiga.fi\/naiset\/wp-json\/wp\/v2\/posts\/17559\/revisions"}],"wp:featuredmedia":[{"embeddable":true,"href":"https:\/\/aktialiiga.fi\/naiset\/wp-json\/wp\/v2\/media\/15555"}],"wp:attachment":[{"href":"https:\/\/aktialiiga.fi\/naiset\/wp-json\/wp\/v2\/media?parent=17559"}],"wp:term":[{"taxonomy":"category","embeddable":true,"href":"https:\/\/aktialiiga.fi\/naiset\/wp-json\/wp\/v2\/categories?post=17559"},{"taxonomy":"post_tag","embeddable":true,"href":"https:\/\/aktialiiga.fi\/naiset\/wp-json\/wp\/v2\/tags?post=17559"}],"curies":[{"name":"wp","href":"https:\/\/api.w.org\/{rel}","templated":true}]}}