{"id":17808,"date":"2018-09-15T12:54:26","date_gmt":"2018-09-15T09:54:26","guid":{"rendered":"https:\/\/aktialiiga.fi\/naiset\/?p=17808"},"modified":"2018-09-17T14:00:04","modified_gmt":"2018-09-17T11:00:04","slug":"kohti-kautta-kyif-2","status":"publish","type":"post","link":"https:\/\/aktialiiga.fi\/naiset\/2018-2019\/kohti-kautta-2018-2019\/kohti-kautta-kyif-2\/","title":{"rendered":"Kohti kautta: KyIF"},"content":{"rendered":"<p>KyIF:n kausi p\u00e4\u00e4ttyi viime kaudella puoliv\u00e4lieriin. Uuteen kauteen Kirkkonummella on valmistauduttu hankkimalla tukku vahvistuksia.<\/p>\n<p>Viime kauden sijoitus KyIF:lla oli lopulta kuudes. Joukkue oli viides runkosarjan j\u00e4lkeen, mutta kev\u00e4t sujui hiukan nihke\u00e4mmin.<\/p>\n<p>&#8211; Kauden aikana tuli pari loukkaantumista, jotka sitten johtivat siihen, ett\u00e4 jouduimme kuormittamaan avainpelaajiamme v\u00e4h\u00e4n liikaa. Viel\u00e4 viime vuonna rahkeet eiv\u00e4t riitt\u00e4neet aivan loppuun asti, p\u00e4\u00e4valmentaja Tomas Mecklin miettii.<\/p>\n<p>KyIF on ollut aktiivisena siirtomarkkinoilla ja pyrkinyt rakentamaan iskukykyisemm\u00e4n joukkueen. Kuusi uutta pelaajaa on tullut ja vain yksi on l\u00e4htenyt joukkueesta.<\/p>\n<p>&#8211; Toivon mukaan t\u00e4m\u00e4 vaikuttaa positiivisesti. Meill\u00e4 on mielenkiintoinen ryhm\u00e4 kasassa taas ja t\u00e4ysin uusi joukkue. Haasteena on l\u00f6yt\u00e4\u00e4 se oma peli ja hyvin on l\u00e4htenytkin liikkeelle.<\/p>\n<p>Mecklin lupaa my\u00f6s pelillisi\u00e4 muutoksia alkavalle kaudelle ja vihjaa KyIF:n saattavan vet\u00e4\u00e4 takataskusta jonkun yll\u00e4tyskortinkin.<\/p>\n<p>&#8211; Me pyrimme my\u00f6s t\u00e4ll\u00e4 kaudella pelillisesti tuomaan mukaan jotain uutta. Esimerkiksi viime vuonna l\u00e4hdettiin pelaamaan heti alkukaudella 3-3 puolustuksella. Olimme ainoa joukkue, joka sit\u00e4 teki. Ensimm\u00e4isill\u00e4 kerroilla siit\u00e4 oli tosi paljon hy\u00f6ty\u00e4.<\/p>\n<p>&#8211; T\u00e4ll\u00e4 kaudella sitten jotain yht\u00e4 uutta, Mecklin heitt\u00e4\u00e4.<\/p>\n<p><strong>KyIF<\/strong><br \/>\nKaudella 2017-18:<br \/>\nRunkosarjan 5., alemman jatkosarjan 2., h\u00e4visi puoliv\u00e4lieriss\u00e4 GrIFK:lle 1-2.<\/p>\n<p><em>Uudet pelaajat:<\/em><br \/>\n+ Adriana Jakimova (Atlas)<br \/>\n+ Mariela L\u00f6nnqvist (Atlas)<br \/>\n+ Daniela Lindg\u00e5rd (Akilles)<br \/>\n+ Aino Pietil\u00e4inen (SIF)<br \/>\n+ Fanny Axberg (SIF)<br \/>\n+ Janna Karlsson (KyIF)<\/p>\n<p><em>L\u00e4hteneet pelaajat:<\/em><br \/>\n\u2013 Isabella Paganus (Uppsala HK, Ruotsi)<\/p>\n","protected":false},"excerpt":{"rendered":"<p>KyIF:n kausi p\u00e4\u00e4ttyi viime kaudella puoliv\u00e4lieriin. Uuteen kauteen Kirkkonummella on valmistauduttu hankkimalla tukku vahvistuksia. Viime kauden sijoitus KyIF:lla oli lopulta kuudes. Joukkue oli viides runkosarjan j\u00e4lkeen, mutta kev\u00e4t sujui hiukan nihke\u00e4mmin. &#8211; Kauden aikana tuli pari loukkaantumista, jotka sitten johtivat siihen, ett\u00e4 jouduimme kuormittamaan avainpelaajiamme v\u00e4h\u00e4n liikaa. Viel\u00e4 viime vuonna rahkeet eiv\u00e4t riitt\u00e4neet aivan loppuun [&hellip;]<\/p>\n","protected":false},"author":13,"featured_media":17823,"comment_status":"closed","ping_status":"closed","sticky":false,"template":"","format":"standard","meta":{"_acf_changed":false,"jetpack_post_was_ever_published":false,"_jetpack_newsletter_access":"","_jetpack_dont_email_post_to_subs":false,"_jetpack_newsletter_tier_id":0,"_jetpack_memberships_contains_paywalled_content":false,"_jetpack_memberships_contains_paid_content":false,"footnotes":""},"categories":[149],"tags":[67],"class_list":["post-17808","post","type-post","status-publish","format-standard","has-post-thumbnail","hentry","category-kohti-kautta-2018-2019","tag-kyif"],"acf":[],"yoast_head":"<!-- This site is optimized with the Yoast SEO plugin v27.5 - https:\/\/yoast.com\/product\/yoast-seo-wordpress\/ -->\n<title>Kohti kautta: KyIF | K\u00e4sipallon naisten Aktialiiga<\/title>\n<meta name=\"robots\" content=\"index, follow, max-snippet:-1, max-image-preview:large, max-video-preview:-1\" \/>\n<link rel=\"canonical\" href=\"https:\/\/aktialiiga.fi\/naiset\/2018-2019\/kohti-kautta-2018-2019\/kohti-kautta-kyif-2\/\" \/>\n<meta property=\"og:locale\" content=\"fi_FI\" \/>\n<meta property=\"og:type\" content=\"article\" \/>\n<meta property=\"og:title\" content=\"Kohti kautta: KyIF | K\u00e4sipallon naisten Aktialiiga\" \/>\n<meta property=\"og:description\" content=\"KyIF:n kausi p\u00e4\u00e4ttyi viime kaudella puoliv\u00e4lieriin. Uuteen kauteen Kirkkonummella on valmistauduttu hankkimalla tukku vahvistuksia. Viime kauden sijoitus KyIF:lla oli lopulta kuudes. Joukkue oli viides runkosarjan j\u00e4lkeen, mutta kev\u00e4t sujui hiukan nihke\u00e4mmin. &#8211; Kauden aikana tuli pari loukkaantumista, jotka sitten johtivat siihen, ett\u00e4 jouduimme kuormittamaan avainpelaajiamme v\u00e4h\u00e4n liikaa. Viel\u00e4 viime vuonna rahkeet eiv\u00e4t riitt\u00e4neet aivan loppuun [&hellip;]\" \/>\n<meta property=\"og:url\" content=\"https:\/\/aktialiiga.fi\/naiset\/2018-2019\/kohti-kautta-2018-2019\/kohti-kautta-kyif-2\/\" \/>\n<meta property=\"og:site_name\" content=\"K\u00e4sipallon naisten Aktialiiga\" \/>\n<meta property=\"article:publisher\" content=\"https:\/\/www.facebook.com\/finnhandball\" \/>\n<meta property=\"article:published_time\" content=\"2018-09-15T09:54:26+00:00\" \/>\n<meta property=\"article:modified_time\" content=\"2018-09-17T11:00:04+00:00\" \/>\n<meta property=\"og:image\" content=\"https:\/\/aktialiiga.fi\/naiset\/wp-content\/uploads\/sites\/6\/2018\/09\/KyIF_logokuv_1819.jpg\" \/>\n\t<meta property=\"og:image:width\" content=\"711\" \/>\n\t<meta property=\"og:image:height\" content=\"309\" \/>\n\t<meta property=\"og:image:type\" content=\"image\/jpeg\" \/>\n<meta name=\"author\" content=\"tbrmedia\" \/>\n<meta name=\"twitter:card\" content=\"summary_large_image\" \/>\n<meta name=\"twitter:creator\" content=\"@finnhandball\" \/>\n<meta name=\"twitter:site\" content=\"@finnhandball\" \/>\n<script type=\"application\/ld+json\" class=\"yoast-schema-graph\">{\"@context\":\"https:\\\/\\\/schema.org\",\"@graph\":[{\"@type\":\"Article\",\"@id\":\"https:\\\/\\\/aktialiiga.fi\\\/naiset\\\/2018-2019\\\/kohti-kautta-2018-2019\\\/kohti-kautta-kyif-2\\\/#article\",\"isPartOf\":{\"@id\":\"https:\\\/\\\/aktialiiga.fi\\\/naiset\\\/2018-2019\\\/kohti-kautta-2018-2019\\\/kohti-kautta-kyif-2\\\/\"},\"author\":{\"name\":\"tbrmedia\",\"@id\":\"https:\\\/\\\/aktialiiga.fi\\\/naiset\\\/#\\\/schema\\\/person\\\/c14bf42f47041db74603c45afcb18d87\"},\"headline\":\"Kohti kautta: KyIF\",\"datePublished\":\"2018-09-15T09:54:26+00:00\",\"dateModified\":\"2018-09-17T11:00:04+00:00\",\"mainEntityOfPage\":{\"@id\":\"https:\\\/\\\/aktialiiga.fi\\\/naiset\\\/2018-2019\\\/kohti-kautta-2018-2019\\\/kohti-kautta-kyif-2\\\/\"},\"wordCount\":239,\"publisher\":{\"@id\":\"https:\\\/\\\/aktialiiga.fi\\\/naiset\\\/#organization\"},\"image\":{\"@id\":\"https:\\\/\\\/aktialiiga.fi\\\/naiset\\\/2018-2019\\\/kohti-kautta-2018-2019\\\/kohti-kautta-kyif-2\\\/#primaryimage\"},\"thumbnailUrl\":\"https:\\\/\\\/aktialiiga.fi\\\/naiset\\\/wp-content\\\/uploads\\\/sites\\\/6\\\/2018\\\/09\\\/KyIF_logokuv_1819.jpg\",\"keywords\":[\"KyIF\"],\"articleSection\":[\"Kohti kautta\"],\"inLanguage\":\"fi\"},{\"@type\":\"WebPage\",\"@id\":\"https:\\\/\\\/aktialiiga.fi\\\/naiset\\\/2018-2019\\\/kohti-kautta-2018-2019\\\/kohti-kautta-kyif-2\\\/\",\"url\":\"https:\\\/\\\/aktialiiga.fi\\\/naiset\\\/2018-2019\\\/kohti-kautta-2018-2019\\\/kohti-kautta-kyif-2\\\/\",\"name\":\"Kohti kautta: KyIF | K\u00e4sipallon naisten Aktialiiga\",\"isPartOf\":{\"@id\":\"https:\\\/\\\/aktialiiga.fi\\\/naiset\\\/#website\"},\"primaryImageOfPage\":{\"@id\":\"https:\\\/\\\/aktialiiga.fi\\\/naiset\\\/2018-2019\\\/kohti-kautta-2018-2019\\\/kohti-kautta-kyif-2\\\/#primaryimage\"},\"image\":{\"@id\":\"https:\\\/\\\/aktialiiga.fi\\\/naiset\\\/2018-2019\\\/kohti-kautta-2018-2019\\\/kohti-kautta-kyif-2\\\/#primaryimage\"},\"thumbnailUrl\":\"https:\\\/\\\/aktialiiga.fi\\\/naiset\\\/wp-content\\\/uploads\\\/sites\\\/6\\\/2018\\\/09\\\/KyIF_logokuv_1819.jpg\",\"datePublished\":\"2018-09-15T09:54:26+00:00\",\"dateModified\":\"2018-09-17T11:00:04+00:00\",\"breadcrumb\":{\"@id\":\"https:\\\/\\\/aktialiiga.fi\\\/naiset\\\/2018-2019\\\/kohti-kautta-2018-2019\\\/kohti-kautta-kyif-2\\\/#breadcrumb\"},\"inLanguage\":\"fi\",\"potentialAction\":[{\"@type\":\"ReadAction\",\"target\":[\"https:\\\/\\\/aktialiiga.fi\\\/naiset\\\/2018-2019\\\/kohti-kautta-2018-2019\\\/kohti-kautta-kyif-2\\\/\"]}]},{\"@type\":\"ImageObject\",\"inLanguage\":\"fi\",\"@id\":\"https:\\\/\\\/aktialiiga.fi\\\/naiset\\\/2018-2019\\\/kohti-kautta-2018-2019\\\/kohti-kautta-kyif-2\\\/#primaryimage\",\"url\":\"https:\\\/\\\/aktialiiga.fi\\\/naiset\\\/wp-content\\\/uploads\\\/sites\\\/6\\\/2018\\\/09\\\/KyIF_logokuv_1819.jpg\",\"contentUrl\":\"https:\\\/\\\/aktialiiga.fi\\\/naiset\\\/wp-content\\\/uploads\\\/sites\\\/6\\\/2018\\\/09\\\/KyIF_logokuv_1819.jpg\",\"width\":711,\"height\":309},{\"@type\":\"BreadcrumbList\",\"@id\":\"https:\\\/\\\/aktialiiga.fi\\\/naiset\\\/2018-2019\\\/kohti-kautta-2018-2019\\\/kohti-kautta-kyif-2\\\/#breadcrumb\",\"itemListElement\":[{\"@type\":\"ListItem\",\"position\":1,\"name\":\"Etusivu\",\"item\":\"https:\\\/\\\/aktialiiga.fi\\\/naiset\\\/\"},{\"@type\":\"ListItem\",\"position\":2,\"name\":\"Kohti kautta: KyIF\"}]},{\"@type\":\"WebSite\",\"@id\":\"https:\\\/\\\/aktialiiga.fi\\\/naiset\\\/#website\",\"url\":\"https:\\\/\\\/aktialiiga.fi\\\/naiset\\\/\",\"name\":\"K\u00e4sipallon naisten Aktialiiga\",\"description\":\"Valtakunnan vauhdikkainta palloilua!\",\"publisher\":{\"@id\":\"https:\\\/\\\/aktialiiga.fi\\\/naiset\\\/#organization\"},\"potentialAction\":[{\"@type\":\"SearchAction\",\"target\":{\"@type\":\"EntryPoint\",\"urlTemplate\":\"https:\\\/\\\/aktialiiga.fi\\\/naiset\\\/?s={search_term_string}\"},\"query-input\":{\"@type\":\"PropertyValueSpecification\",\"valueRequired\":true,\"valueName\":\"search_term_string\"}}],\"inLanguage\":\"fi\"},{\"@type\":\"Organization\",\"@id\":\"https:\\\/\\\/aktialiiga.fi\\\/naiset\\\/#organization\",\"name\":\"K\u00e4sipallon naisten Aktialiiga\",\"url\":\"https:\\\/\\\/aktialiiga.fi\\\/naiset\\\/\",\"logo\":{\"@type\":\"ImageObject\",\"inLanguage\":\"fi\",\"@id\":\"https:\\\/\\\/aktialiiga.fi\\\/naiset\\\/#\\\/schema\\\/logo\\\/image\\\/\",\"url\":\"https:\\\/\\\/aktialiiga.fi\\\/naiset\\\/wp-content\\\/uploads\\\/sites\\\/6\\\/2024\\\/09\\\/Aktialiiga-Yoast-512.png\",\"contentUrl\":\"https:\\\/\\\/aktialiiga.fi\\\/naiset\\\/wp-content\\\/uploads\\\/sites\\\/6\\\/2024\\\/09\\\/Aktialiiga-Yoast-512.png\",\"width\":512,\"height\":512,\"caption\":\"K\u00e4sipallon naisten Aktialiiga\"},\"image\":{\"@id\":\"https:\\\/\\\/aktialiiga.fi\\\/naiset\\\/#\\\/schema\\\/logo\\\/image\\\/\"},\"sameAs\":[\"https:\\\/\\\/www.facebook.com\\\/finnhandball\",\"https:\\\/\\\/x.com\\\/finnhandball\",\"https:\\\/\\\/www.instagram.com\\\/handballfinland\\\/\"]},{\"@type\":\"Person\",\"@id\":\"https:\\\/\\\/aktialiiga.fi\\\/naiset\\\/#\\\/schema\\\/person\\\/c14bf42f47041db74603c45afcb18d87\",\"name\":\"tbrmedia\",\"image\":{\"@type\":\"ImageObject\",\"inLanguage\":\"fi\",\"@id\":\"https:\\\/\\\/secure.gravatar.com\\\/avatar\\\/ee975fa091fe581d12b60debb3439022686618368a7c142044c56724d4666b16?s=96&d=mm&r=g\",\"url\":\"https:\\\/\\\/secure.gravatar.com\\\/avatar\\\/ee975fa091fe581d12b60debb3439022686618368a7c142044c56724d4666b16?s=96&d=mm&r=g\",\"contentUrl\":\"https:\\\/\\\/secure.gravatar.com\\\/avatar\\\/ee975fa091fe581d12b60debb3439022686618368a7c142044c56724d4666b16?s=96&d=mm&r=g\",\"caption\":\"tbrmedia\"}}]}<\/script>\n<!-- \/ Yoast SEO plugin. -->","yoast_head_json":{"title":"Kohti kautta: KyIF | K\u00e4sipallon naisten Aktialiiga","robots":{"index":"index","follow":"follow","max-snippet":"max-snippet:-1","max-image-preview":"max-image-preview:large","max-video-preview":"max-video-preview:-1"},"canonical":"https:\/\/aktialiiga.fi\/naiset\/2018-2019\/kohti-kautta-2018-2019\/kohti-kautta-kyif-2\/","og_locale":"fi_FI","og_type":"article","og_title":"Kohti kautta: KyIF | K\u00e4sipallon naisten Aktialiiga","og_description":"KyIF:n kausi p\u00e4\u00e4ttyi viime kaudella puoliv\u00e4lieriin. Uuteen kauteen Kirkkonummella on valmistauduttu hankkimalla tukku vahvistuksia. Viime kauden sijoitus KyIF:lla oli lopulta kuudes. Joukkue oli viides runkosarjan j\u00e4lkeen, mutta kev\u00e4t sujui hiukan nihke\u00e4mmin. &#8211; Kauden aikana tuli pari loukkaantumista, jotka sitten johtivat siihen, ett\u00e4 jouduimme kuormittamaan avainpelaajiamme v\u00e4h\u00e4n liikaa. Viel\u00e4 viime vuonna rahkeet eiv\u00e4t riitt\u00e4neet aivan loppuun [&hellip;]","og_url":"https:\/\/aktialiiga.fi\/naiset\/2018-2019\/kohti-kautta-2018-2019\/kohti-kautta-kyif-2\/","og_site_name":"K\u00e4sipallon naisten Aktialiiga","article_publisher":"https:\/\/www.facebook.com\/finnhandball","article_published_time":"2018-09-15T09:54:26+00:00","article_modified_time":"2018-09-17T11:00:04+00:00","og_image":[{"width":711,"height":309,"url":"https:\/\/aktialiiga.fi\/naiset\/wp-content\/uploads\/sites\/6\/2018\/09\/KyIF_logokuv_1819.jpg","type":"image\/jpeg"}],"author":"tbrmedia","twitter_card":"summary_large_image","twitter_creator":"@finnhandball","twitter_site":"@finnhandball","schema":{"@context":"https:\/\/schema.org","@graph":[{"@type":"Article","@id":"https:\/\/aktialiiga.fi\/naiset\/2018-2019\/kohti-kautta-2018-2019\/kohti-kautta-kyif-2\/#article","isPartOf":{"@id":"https:\/\/aktialiiga.fi\/naiset\/2018-2019\/kohti-kautta-2018-2019\/kohti-kautta-kyif-2\/"},"author":{"name":"tbrmedia","@id":"https:\/\/aktialiiga.fi\/naiset\/#\/schema\/person\/c14bf42f47041db74603c45afcb18d87"},"headline":"Kohti kautta: KyIF","datePublished":"2018-09-15T09:54:26+00:00","dateModified":"2018-09-17T11:00:04+00:00","mainEntityOfPage":{"@id":"https:\/\/aktialiiga.fi\/naiset\/2018-2019\/kohti-kautta-2018-2019\/kohti-kautta-kyif-2\/"},"wordCount":239,"publisher":{"@id":"https:\/\/aktialiiga.fi\/naiset\/#organization"},"image":{"@id":"https:\/\/aktialiiga.fi\/naiset\/2018-2019\/kohti-kautta-2018-2019\/kohti-kautta-kyif-2\/#primaryimage"},"thumbnailUrl":"https:\/\/aktialiiga.fi\/naiset\/wp-content\/uploads\/sites\/6\/2018\/09\/KyIF_logokuv_1819.jpg","keywords":["KyIF"],"articleSection":["Kohti kautta"],"inLanguage":"fi"},{"@type":"WebPage","@id":"https:\/\/aktialiiga.fi\/naiset\/2018-2019\/kohti-kautta-2018-2019\/kohti-kautta-kyif-2\/","url":"https:\/\/aktialiiga.fi\/naiset\/2018-2019\/kohti-kautta-2018-2019\/kohti-kautta-kyif-2\/","name":"Kohti kautta: KyIF | K\u00e4sipallon naisten Aktialiiga","isPartOf":{"@id":"https:\/\/aktialiiga.fi\/naiset\/#website"},"primaryImageOfPage":{"@id":"https:\/\/aktialiiga.fi\/naiset\/2018-2019\/kohti-kautta-2018-2019\/kohti-kautta-kyif-2\/#primaryimage"},"image":{"@id":"https:\/\/aktialiiga.fi\/naiset\/2018-2019\/kohti-kautta-2018-2019\/kohti-kautta-kyif-2\/#primaryimage"},"thumbnailUrl":"https:\/\/aktialiiga.fi\/naiset\/wp-content\/uploads\/sites\/6\/2018\/09\/KyIF_logokuv_1819.jpg","datePublished":"2018-09-15T09:54:26+00:00","dateModified":"2018-09-17T11:00:04+00:00","breadcrumb":{"@id":"https:\/\/aktialiiga.fi\/naiset\/2018-2019\/kohti-kautta-2018-2019\/kohti-kautta-kyif-2\/#breadcrumb"},"inLanguage":"fi","potentialAction":[{"@type":"ReadAction","target":["https:\/\/aktialiiga.fi\/naiset\/2018-2019\/kohti-kautta-2018-2019\/kohti-kautta-kyif-2\/"]}]},{"@type":"ImageObject","inLanguage":"fi","@id":"https:\/\/aktialiiga.fi\/naiset\/2018-2019\/kohti-kautta-2018-2019\/kohti-kautta-kyif-2\/#primaryimage","url":"https:\/\/aktialiiga.fi\/naiset\/wp-content\/uploads\/sites\/6\/2018\/09\/KyIF_logokuv_1819.jpg","contentUrl":"https:\/\/aktialiiga.fi\/naiset\/wp-content\/uploads\/sites\/6\/2018\/09\/KyIF_logokuv_1819.jpg","width":711,"height":309},{"@type":"BreadcrumbList","@id":"https:\/\/aktialiiga.fi\/naiset\/2018-2019\/kohti-kautta-2018-2019\/kohti-kautta-kyif-2\/#breadcrumb","itemListElement":[{"@type":"ListItem","position":1,"name":"Etusivu","item":"https:\/\/aktialiiga.fi\/naiset\/"},{"@type":"ListItem","position":2,"name":"Kohti kautta: KyIF"}]},{"@type":"WebSite","@id":"https:\/\/aktialiiga.fi\/naiset\/#website","url":"https:\/\/aktialiiga.fi\/naiset\/","name":"K\u00e4sipallon naisten Aktialiiga","description":"Valtakunnan vauhdikkainta palloilua!","publisher":{"@id":"https:\/\/aktialiiga.fi\/naiset\/#organization"},"potentialAction":[{"@type":"SearchAction","target":{"@type":"EntryPoint","urlTemplate":"https:\/\/aktialiiga.fi\/naiset\/?s={search_term_string}"},"query-input":{"@type":"PropertyValueSpecification","valueRequired":true,"valueName":"search_term_string"}}],"inLanguage":"fi"},{"@type":"Organization","@id":"https:\/\/aktialiiga.fi\/naiset\/#organization","name":"K\u00e4sipallon naisten Aktialiiga","url":"https:\/\/aktialiiga.fi\/naiset\/","logo":{"@type":"ImageObject","inLanguage":"fi","@id":"https:\/\/aktialiiga.fi\/naiset\/#\/schema\/logo\/image\/","url":"https:\/\/aktialiiga.fi\/naiset\/wp-content\/uploads\/sites\/6\/2024\/09\/Aktialiiga-Yoast-512.png","contentUrl":"https:\/\/aktialiiga.fi\/naiset\/wp-content\/uploads\/sites\/6\/2024\/09\/Aktialiiga-Yoast-512.png","width":512,"height":512,"caption":"K\u00e4sipallon naisten Aktialiiga"},"image":{"@id":"https:\/\/aktialiiga.fi\/naiset\/#\/schema\/logo\/image\/"},"sameAs":["https:\/\/www.facebook.com\/finnhandball","https:\/\/x.com\/finnhandball","https:\/\/www.instagram.com\/handballfinland\/"]},{"@type":"Person","@id":"https:\/\/aktialiiga.fi\/naiset\/#\/schema\/person\/c14bf42f47041db74603c45afcb18d87","name":"tbrmedia","image":{"@type":"ImageObject","inLanguage":"fi","@id":"https:\/\/secure.gravatar.com\/avatar\/ee975fa091fe581d12b60debb3439022686618368a7c142044c56724d4666b16?s=96&d=mm&r=g","url":"https:\/\/secure.gravatar.com\/avatar\/ee975fa091fe581d12b60debb3439022686618368a7c142044c56724d4666b16?s=96&d=mm&r=g","contentUrl":"https:\/\/secure.gravatar.com\/avatar\/ee975fa091fe581d12b60debb3439022686618368a7c142044c56724d4666b16?s=96&d=mm&r=g","caption":"tbrmedia"}}]}},"jetpack_featured_media_url":"https:\/\/aktialiiga.fi\/naiset\/wp-content\/uploads\/sites\/6\/2018\/09\/KyIF_logokuv_1819.jpg","jetpack_sharing_enabled":true,"jetpack_shortlink":"https:\/\/wp.me\/pfYhm6-4De","_links":{"self":[{"href":"https:\/\/aktialiiga.fi\/naiset\/wp-json\/wp\/v2\/posts\/17808","targetHints":{"allow":["GET"]}}],"collection":[{"href":"https:\/\/aktialiiga.fi\/naiset\/wp-json\/wp\/v2\/posts"}],"about":[{"href":"https:\/\/aktialiiga.fi\/naiset\/wp-json\/wp\/v2\/types\/post"}],"author":[{"embeddable":true,"href":"https:\/\/aktialiiga.fi\/naiset\/wp-json\/wp\/v2\/users\/13"}],"replies":[{"embeddable":true,"href":"https:\/\/aktialiiga.fi\/naiset\/wp-json\/wp\/v2\/comments?post=17808"}],"version-history":[{"count":0,"href":"https:\/\/aktialiiga.fi\/naiset\/wp-json\/wp\/v2\/posts\/17808\/revisions"}],"wp:featuredmedia":[{"embeddable":true,"href":"https:\/\/aktialiiga.fi\/naiset\/wp-json\/wp\/v2\/media\/17823"}],"wp:attachment":[{"href":"https:\/\/aktialiiga.fi\/naiset\/wp-json\/wp\/v2\/media?parent=17808"}],"wp:term":[{"taxonomy":"category","embeddable":true,"href":"https:\/\/aktialiiga.fi\/naiset\/wp-json\/wp\/v2\/categories?post=17808"},{"taxonomy":"post_tag","embeddable":true,"href":"https:\/\/aktialiiga.fi\/naiset\/wp-json\/wp\/v2\/tags?post=17808"}],"curies":[{"name":"wp","href":"https:\/\/api.w.org\/{rel}","templated":true}]}}