{"id":18099,"date":"2018-10-13T18:16:21","date_gmt":"2018-10-13T15:16:21","guid":{"rendered":"https:\/\/aktialiiga.fi\/naiset\/?p=18099"},"modified":"2018-10-13T21:40:44","modified_gmt":"2018-10-13T18:40:44","slug":"sif-kukisti-kyifn-selvin-numeroin","status":"publish","type":"post","link":"https:\/\/aktialiiga.fi\/naiset\/2018-2019\/ottelut-2018-2019\/sif-kukisti-kyifn-selvin-numeroin\/","title":{"rendered":"SIF kukisti KyIF:n selvin numeroin"},"content":{"rendered":"<p>Naapurusten SIF:n ja KyIF:n kohtaaminen lauantaina k\u00e4\u00e4ntyi siuntiolaisten selv\u00e4ksi voitoksi ensimm\u00e4isen jakson vahvan lopun siivitt\u00e4m\u00e4n\u00e4.<\/p>\n<p>SIF oli hienoisesti niskan p\u00e4\u00e4ll\u00e4 alusta alkaen, mutta eroa alkoi toden teolla synty\u00e4 avausjakson j\u00e4lkimm\u00e4isell\u00e4 puoliskolla, jonka SIF vei nimiins\u00e4 per\u00e4ti maalein 11-1.<\/p>\n<p>Kun kotijohto oli tauolla jo 12 maalia, ei toisella jaksolla suurta taistelua pisteist\u00e4 en\u00e4\u00e4 syntynyt. SIF tyytyi pit\u00e4m\u00e4\u00e4n kirkkonummelaiset turvallisella et\u00e4isyydell\u00e4 ja varmistamaan voittonsa selkein lukemin.<\/p>\n<p>SIF-luotsi Boris Tchakhovski l\u00f6ysi lauantain esityksest\u00e4 monta ilonaihetta.<\/p>\n<p>&#8211; T\u00e4n\u00e4\u00e4n nuoremmat pelaajat saivat enemm\u00e4n vastuuta kuin aikaisemmin ja he tekiv\u00e4t niit\u00e4 asioita, joista oli puhuttu. Asenne oli heti alusta paikallaan ja tehtiin mit\u00e4 oli sovittu, Tchakhovski kiitteli.<\/p>\n<p>KyIF:n p\u00e4\u00e4valmentaja Tomas Mecklin harmitteli pelin karkaamista k\u00e4sist\u00e4 k\u00e4yt\u00e4nn\u00f6ss\u00e4 jo ennen taukoa.<\/p>\n<p>&#8211; Ensimm\u00e4iselle puoliajalle emme olleet henkisesti valmiita. Toisella puoliajalla taistelimme paremmin ja tahtotilamme oli parempi. En voi olla otteluun tyytyv\u00e4inen, mutta loppua kohden alkoi n\u00e4ytt\u00e4\u00e4 paremmalta.<\/p>\n<p>&#8211; Molemmille maalivahdeille peli oli hankala eik\u00e4 puolustuksesta ollut paljon apua, Mecklin pohti.<\/p>\n<p>Vakuuttavimman pelaajan tittelin napannut SIF:n Valeriya Kirillova kiitteli koko joukkueen panosta.<\/p>\n<p>&#8211; T\u00e4n\u00e4\u00e4n meill\u00e4 oli hyv\u00e4 puolustus ja yhteispeli heti alusta. Tehtiin niin kuin oli sovittu ja mit\u00e4 valmentajat sanoivat. Maalivahtipeli oli molempien maalivahtien kohdalla hyv\u00e4\u00e4, Kirillova summasi.<\/p>\n<p><strong>SIF \u2013 KyIF 33-20 (19-7)<\/strong><\/p>\n<p><strong>Maalintekij\u00e4t<\/strong><br \/>\nSIF: Valeriya Kirillova 7, Daria Kahanets 6, Nea Puijola 4, Madeleine Lindholm 4, Maria Barck 4, Anna Nylund 3, Matilda Sj\u00f6stedt 1, Oona Reinikainen 1, Sanni Miettinen 1, Saara Lehtola 1, Sara Falck 1<br \/>\nKyIF: Mariela L\u00f6nnqvist 5, Jessi Laasio 5, Liisa Holopainen 3, Emmi Paajanen 2, Daniela Lindg\u00e5rd 2, Jasmin Pesola 1, Felicia Gr\u00f6nholm 1, Johanna Degerth 1<\/p>\n<p><strong>L\u00e4hiTapiola-t\u00e4htipelaajat<\/strong><br \/>\nValeriya Kirillova SIF 3<br \/>\nDaria Kahanets SIF 2<br \/>\nRoosa Penttinen SIF 1<\/p>\n<p><strong>2 min ulosajot sek\u00e4 pelist\u00e4 sulkemiset<\/strong><br \/>\nSIF: Daria Kahanets 1 x 2 min<br \/>\nKyIF: Felicia Gr\u00f6nholm 2 x 2 min<\/p>\n<p><em>Erotuomarit<\/em>: Halina Lehto &#8211; Annette Nyberg<\/p>\n<p><em>Yleis\u00f6\u00e4<\/em>: 149<\/p>\n","protected":false},"excerpt":{"rendered":"<p>Naapurusten SIF:n ja KyIF:n kohtaaminen lauantaina k\u00e4\u00e4ntyi siuntiolaisten selv\u00e4ksi voitoksi ensimm\u00e4isen jakson vahvan lopun siivitt\u00e4m\u00e4n\u00e4. SIF oli hienoisesti niskan p\u00e4\u00e4ll\u00e4 alusta alkaen, mutta eroa alkoi toden teolla synty\u00e4 avausjakson j\u00e4lkimm\u00e4isell\u00e4 puoliskolla, jonka SIF vei nimiins\u00e4 per\u00e4ti maalein 11-1. Kun kotijohto oli tauolla jo 12 maalia, ei toisella jaksolla suurta taistelua pisteist\u00e4 en\u00e4\u00e4 syntynyt. SIF tyytyi [&hellip;]<\/p>\n","protected":false},"author":13,"featured_media":17742,"comment_status":"closed","ping_status":"closed","sticky":false,"template":"","format":"standard","meta":{"_acf_changed":false,"jetpack_post_was_ever_published":false,"_jetpack_newsletter_access":"","_jetpack_dont_email_post_to_subs":false,"_jetpack_newsletter_tier_id":0,"_jetpack_memberships_contains_paywalled_content":false,"_jetpack_memberships_contains_paid_content":false,"footnotes":""},"categories":[147],"tags":[67,81],"class_list":["post-18099","post","type-post","status-publish","format-standard","has-post-thumbnail","hentry","category-ottelut-2018-2019","tag-kyif","tag-sif"],"acf":[],"yoast_head":"<!-- This site is optimized with the Yoast SEO plugin v27.5 - https:\/\/yoast.com\/product\/yoast-seo-wordpress\/ -->\n<title>SIF kukisti KyIF:n selvin numeroin | K\u00e4sipallon naisten Aktialiiga<\/title>\n<meta name=\"robots\" content=\"index, follow, max-snippet:-1, max-image-preview:large, max-video-preview:-1\" \/>\n<link rel=\"canonical\" href=\"https:\/\/aktialiiga.fi\/naiset\/2018-2019\/ottelut-2018-2019\/sif-kukisti-kyifn-selvin-numeroin\/\" \/>\n<meta property=\"og:locale\" content=\"fi_FI\" \/>\n<meta property=\"og:type\" content=\"article\" \/>\n<meta property=\"og:title\" content=\"SIF kukisti KyIF:n selvin numeroin | K\u00e4sipallon naisten Aktialiiga\" \/>\n<meta property=\"og:description\" content=\"Naapurusten SIF:n ja KyIF:n kohtaaminen lauantaina k\u00e4\u00e4ntyi siuntiolaisten selv\u00e4ksi voitoksi ensimm\u00e4isen jakson vahvan lopun siivitt\u00e4m\u00e4n\u00e4. SIF oli hienoisesti niskan p\u00e4\u00e4ll\u00e4 alusta alkaen, mutta eroa alkoi toden teolla synty\u00e4 avausjakson j\u00e4lkimm\u00e4isell\u00e4 puoliskolla, jonka SIF vei nimiins\u00e4 per\u00e4ti maalein 11-1. Kun kotijohto oli tauolla jo 12 maalia, ei toisella jaksolla suurta taistelua pisteist\u00e4 en\u00e4\u00e4 syntynyt. SIF tyytyi [&hellip;]\" \/>\n<meta property=\"og:url\" content=\"https:\/\/aktialiiga.fi\/naiset\/2018-2019\/ottelut-2018-2019\/sif-kukisti-kyifn-selvin-numeroin\/\" \/>\n<meta property=\"og:site_name\" content=\"K\u00e4sipallon naisten Aktialiiga\" \/>\n<meta property=\"article:publisher\" content=\"https:\/\/www.facebook.com\/finnhandball\" \/>\n<meta property=\"article:published_time\" content=\"2018-10-13T15:16:21+00:00\" \/>\n<meta property=\"article:modified_time\" content=\"2018-10-13T18:40:44+00:00\" \/>\n<meta property=\"og:image\" content=\"https:\/\/aktialiiga.fi\/naiset\/wp-content\/uploads\/sites\/6\/2018\/09\/IMG_3730.jpg\" \/>\n\t<meta property=\"og:image:width\" content=\"2048\" \/>\n\t<meta property=\"og:image:height\" content=\"1365\" \/>\n\t<meta property=\"og:image:type\" content=\"image\/jpeg\" \/>\n<meta name=\"author\" content=\"tbrmedia\" \/>\n<meta name=\"twitter:card\" content=\"summary_large_image\" \/>\n<meta name=\"twitter:creator\" content=\"@finnhandball\" \/>\n<meta name=\"twitter:site\" content=\"@finnhandball\" \/>\n<script type=\"application\/ld+json\" class=\"yoast-schema-graph\">{\"@context\":\"https:\\\/\\\/schema.org\",\"@graph\":[{\"@type\":\"Article\",\"@id\":\"https:\\\/\\\/aktialiiga.fi\\\/naiset\\\/2018-2019\\\/ottelut-2018-2019\\\/sif-kukisti-kyifn-selvin-numeroin\\\/#article\",\"isPartOf\":{\"@id\":\"https:\\\/\\\/aktialiiga.fi\\\/naiset\\\/2018-2019\\\/ottelut-2018-2019\\\/sif-kukisti-kyifn-selvin-numeroin\\\/\"},\"author\":{\"name\":\"tbrmedia\",\"@id\":\"https:\\\/\\\/aktialiiga.fi\\\/naiset\\\/#\\\/schema\\\/person\\\/c14bf42f47041db74603c45afcb18d87\"},\"headline\":\"SIF kukisti KyIF:n selvin numeroin\",\"datePublished\":\"2018-10-13T15:16:21+00:00\",\"dateModified\":\"2018-10-13T18:40:44+00:00\",\"mainEntityOfPage\":{\"@id\":\"https:\\\/\\\/aktialiiga.fi\\\/naiset\\\/2018-2019\\\/ottelut-2018-2019\\\/sif-kukisti-kyifn-selvin-numeroin\\\/\"},\"wordCount\":311,\"publisher\":{\"@id\":\"https:\\\/\\\/aktialiiga.fi\\\/naiset\\\/#organization\"},\"image\":{\"@id\":\"https:\\\/\\\/aktialiiga.fi\\\/naiset\\\/2018-2019\\\/ottelut-2018-2019\\\/sif-kukisti-kyifn-selvin-numeroin\\\/#primaryimage\"},\"thumbnailUrl\":\"https:\\\/\\\/aktialiiga.fi\\\/naiset\\\/wp-content\\\/uploads\\\/sites\\\/6\\\/2018\\\/09\\\/IMG_3730.jpg\",\"keywords\":[\"KyIF\",\"SIF\"],\"articleSection\":[\"Ottelut\"],\"inLanguage\":\"fi\"},{\"@type\":\"WebPage\",\"@id\":\"https:\\\/\\\/aktialiiga.fi\\\/naiset\\\/2018-2019\\\/ottelut-2018-2019\\\/sif-kukisti-kyifn-selvin-numeroin\\\/\",\"url\":\"https:\\\/\\\/aktialiiga.fi\\\/naiset\\\/2018-2019\\\/ottelut-2018-2019\\\/sif-kukisti-kyifn-selvin-numeroin\\\/\",\"name\":\"SIF kukisti KyIF:n selvin numeroin | K\u00e4sipallon naisten Aktialiiga\",\"isPartOf\":{\"@id\":\"https:\\\/\\\/aktialiiga.fi\\\/naiset\\\/#website\"},\"primaryImageOfPage\":{\"@id\":\"https:\\\/\\\/aktialiiga.fi\\\/naiset\\\/2018-2019\\\/ottelut-2018-2019\\\/sif-kukisti-kyifn-selvin-numeroin\\\/#primaryimage\"},\"image\":{\"@id\":\"https:\\\/\\\/aktialiiga.fi\\\/naiset\\\/2018-2019\\\/ottelut-2018-2019\\\/sif-kukisti-kyifn-selvin-numeroin\\\/#primaryimage\"},\"thumbnailUrl\":\"https:\\\/\\\/aktialiiga.fi\\\/naiset\\\/wp-content\\\/uploads\\\/sites\\\/6\\\/2018\\\/09\\\/IMG_3730.jpg\",\"datePublished\":\"2018-10-13T15:16:21+00:00\",\"dateModified\":\"2018-10-13T18:40:44+00:00\",\"breadcrumb\":{\"@id\":\"https:\\\/\\\/aktialiiga.fi\\\/naiset\\\/2018-2019\\\/ottelut-2018-2019\\\/sif-kukisti-kyifn-selvin-numeroin\\\/#breadcrumb\"},\"inLanguage\":\"fi\",\"potentialAction\":[{\"@type\":\"ReadAction\",\"target\":[\"https:\\\/\\\/aktialiiga.fi\\\/naiset\\\/2018-2019\\\/ottelut-2018-2019\\\/sif-kukisti-kyifn-selvin-numeroin\\\/\"]}]},{\"@type\":\"ImageObject\",\"inLanguage\":\"fi\",\"@id\":\"https:\\\/\\\/aktialiiga.fi\\\/naiset\\\/2018-2019\\\/ottelut-2018-2019\\\/sif-kukisti-kyifn-selvin-numeroin\\\/#primaryimage\",\"url\":\"https:\\\/\\\/aktialiiga.fi\\\/naiset\\\/wp-content\\\/uploads\\\/sites\\\/6\\\/2018\\\/09\\\/IMG_3730.jpg\",\"contentUrl\":\"https:\\\/\\\/aktialiiga.fi\\\/naiset\\\/wp-content\\\/uploads\\\/sites\\\/6\\\/2018\\\/09\\\/IMG_3730.jpg\",\"width\":2048,\"height\":1365},{\"@type\":\"BreadcrumbList\",\"@id\":\"https:\\\/\\\/aktialiiga.fi\\\/naiset\\\/2018-2019\\\/ottelut-2018-2019\\\/sif-kukisti-kyifn-selvin-numeroin\\\/#breadcrumb\",\"itemListElement\":[{\"@type\":\"ListItem\",\"position\":1,\"name\":\"Etusivu\",\"item\":\"https:\\\/\\\/aktialiiga.fi\\\/naiset\\\/\"},{\"@type\":\"ListItem\",\"position\":2,\"name\":\"SIF kukisti KyIF:n selvin numeroin\"}]},{\"@type\":\"WebSite\",\"@id\":\"https:\\\/\\\/aktialiiga.fi\\\/naiset\\\/#website\",\"url\":\"https:\\\/\\\/aktialiiga.fi\\\/naiset\\\/\",\"name\":\"K\u00e4sipallon naisten Aktialiiga\",\"description\":\"Valtakunnan vauhdikkainta palloilua!\",\"publisher\":{\"@id\":\"https:\\\/\\\/aktialiiga.fi\\\/naiset\\\/#organization\"},\"potentialAction\":[{\"@type\":\"SearchAction\",\"target\":{\"@type\":\"EntryPoint\",\"urlTemplate\":\"https:\\\/\\\/aktialiiga.fi\\\/naiset\\\/?s={search_term_string}\"},\"query-input\":{\"@type\":\"PropertyValueSpecification\",\"valueRequired\":true,\"valueName\":\"search_term_string\"}}],\"inLanguage\":\"fi\"},{\"@type\":\"Organization\",\"@id\":\"https:\\\/\\\/aktialiiga.fi\\\/naiset\\\/#organization\",\"name\":\"K\u00e4sipallon naisten Aktialiiga\",\"url\":\"https:\\\/\\\/aktialiiga.fi\\\/naiset\\\/\",\"logo\":{\"@type\":\"ImageObject\",\"inLanguage\":\"fi\",\"@id\":\"https:\\\/\\\/aktialiiga.fi\\\/naiset\\\/#\\\/schema\\\/logo\\\/image\\\/\",\"url\":\"https:\\\/\\\/aktialiiga.fi\\\/naiset\\\/wp-content\\\/uploads\\\/sites\\\/6\\\/2024\\\/09\\\/Aktialiiga-Yoast-512.png\",\"contentUrl\":\"https:\\\/\\\/aktialiiga.fi\\\/naiset\\\/wp-content\\\/uploads\\\/sites\\\/6\\\/2024\\\/09\\\/Aktialiiga-Yoast-512.png\",\"width\":512,\"height\":512,\"caption\":\"K\u00e4sipallon naisten Aktialiiga\"},\"image\":{\"@id\":\"https:\\\/\\\/aktialiiga.fi\\\/naiset\\\/#\\\/schema\\\/logo\\\/image\\\/\"},\"sameAs\":[\"https:\\\/\\\/www.facebook.com\\\/finnhandball\",\"https:\\\/\\\/x.com\\\/finnhandball\",\"https:\\\/\\\/www.instagram.com\\\/handballfinland\\\/\"]},{\"@type\":\"Person\",\"@id\":\"https:\\\/\\\/aktialiiga.fi\\\/naiset\\\/#\\\/schema\\\/person\\\/c14bf42f47041db74603c45afcb18d87\",\"name\":\"tbrmedia\",\"image\":{\"@type\":\"ImageObject\",\"inLanguage\":\"fi\",\"@id\":\"https:\\\/\\\/secure.gravatar.com\\\/avatar\\\/ee975fa091fe581d12b60debb3439022686618368a7c142044c56724d4666b16?s=96&d=mm&r=g\",\"url\":\"https:\\\/\\\/secure.gravatar.com\\\/avatar\\\/ee975fa091fe581d12b60debb3439022686618368a7c142044c56724d4666b16?s=96&d=mm&r=g\",\"contentUrl\":\"https:\\\/\\\/secure.gravatar.com\\\/avatar\\\/ee975fa091fe581d12b60debb3439022686618368a7c142044c56724d4666b16?s=96&d=mm&r=g\",\"caption\":\"tbrmedia\"}}]}<\/script>\n<!-- \/ Yoast SEO plugin. -->","yoast_head_json":{"title":"SIF kukisti KyIF:n selvin numeroin | K\u00e4sipallon naisten Aktialiiga","robots":{"index":"index","follow":"follow","max-snippet":"max-snippet:-1","max-image-preview":"max-image-preview:large","max-video-preview":"max-video-preview:-1"},"canonical":"https:\/\/aktialiiga.fi\/naiset\/2018-2019\/ottelut-2018-2019\/sif-kukisti-kyifn-selvin-numeroin\/","og_locale":"fi_FI","og_type":"article","og_title":"SIF kukisti KyIF:n selvin numeroin | K\u00e4sipallon naisten Aktialiiga","og_description":"Naapurusten SIF:n ja KyIF:n kohtaaminen lauantaina k\u00e4\u00e4ntyi siuntiolaisten selv\u00e4ksi voitoksi ensimm\u00e4isen jakson vahvan lopun siivitt\u00e4m\u00e4n\u00e4. SIF oli hienoisesti niskan p\u00e4\u00e4ll\u00e4 alusta alkaen, mutta eroa alkoi toden teolla synty\u00e4 avausjakson j\u00e4lkimm\u00e4isell\u00e4 puoliskolla, jonka SIF vei nimiins\u00e4 per\u00e4ti maalein 11-1. Kun kotijohto oli tauolla jo 12 maalia, ei toisella jaksolla suurta taistelua pisteist\u00e4 en\u00e4\u00e4 syntynyt. SIF tyytyi [&hellip;]","og_url":"https:\/\/aktialiiga.fi\/naiset\/2018-2019\/ottelut-2018-2019\/sif-kukisti-kyifn-selvin-numeroin\/","og_site_name":"K\u00e4sipallon naisten Aktialiiga","article_publisher":"https:\/\/www.facebook.com\/finnhandball","article_published_time":"2018-10-13T15:16:21+00:00","article_modified_time":"2018-10-13T18:40:44+00:00","og_image":[{"width":2048,"height":1365,"url":"https:\/\/aktialiiga.fi\/naiset\/wp-content\/uploads\/sites\/6\/2018\/09\/IMG_3730.jpg","type":"image\/jpeg"}],"author":"tbrmedia","twitter_card":"summary_large_image","twitter_creator":"@finnhandball","twitter_site":"@finnhandball","schema":{"@context":"https:\/\/schema.org","@graph":[{"@type":"Article","@id":"https:\/\/aktialiiga.fi\/naiset\/2018-2019\/ottelut-2018-2019\/sif-kukisti-kyifn-selvin-numeroin\/#article","isPartOf":{"@id":"https:\/\/aktialiiga.fi\/naiset\/2018-2019\/ottelut-2018-2019\/sif-kukisti-kyifn-selvin-numeroin\/"},"author":{"name":"tbrmedia","@id":"https:\/\/aktialiiga.fi\/naiset\/#\/schema\/person\/c14bf42f47041db74603c45afcb18d87"},"headline":"SIF kukisti KyIF:n selvin numeroin","datePublished":"2018-10-13T15:16:21+00:00","dateModified":"2018-10-13T18:40:44+00:00","mainEntityOfPage":{"@id":"https:\/\/aktialiiga.fi\/naiset\/2018-2019\/ottelut-2018-2019\/sif-kukisti-kyifn-selvin-numeroin\/"},"wordCount":311,"publisher":{"@id":"https:\/\/aktialiiga.fi\/naiset\/#organization"},"image":{"@id":"https:\/\/aktialiiga.fi\/naiset\/2018-2019\/ottelut-2018-2019\/sif-kukisti-kyifn-selvin-numeroin\/#primaryimage"},"thumbnailUrl":"https:\/\/aktialiiga.fi\/naiset\/wp-content\/uploads\/sites\/6\/2018\/09\/IMG_3730.jpg","keywords":["KyIF","SIF"],"articleSection":["Ottelut"],"inLanguage":"fi"},{"@type":"WebPage","@id":"https:\/\/aktialiiga.fi\/naiset\/2018-2019\/ottelut-2018-2019\/sif-kukisti-kyifn-selvin-numeroin\/","url":"https:\/\/aktialiiga.fi\/naiset\/2018-2019\/ottelut-2018-2019\/sif-kukisti-kyifn-selvin-numeroin\/","name":"SIF kukisti KyIF:n selvin numeroin | K\u00e4sipallon naisten Aktialiiga","isPartOf":{"@id":"https:\/\/aktialiiga.fi\/naiset\/#website"},"primaryImageOfPage":{"@id":"https:\/\/aktialiiga.fi\/naiset\/2018-2019\/ottelut-2018-2019\/sif-kukisti-kyifn-selvin-numeroin\/#primaryimage"},"image":{"@id":"https:\/\/aktialiiga.fi\/naiset\/2018-2019\/ottelut-2018-2019\/sif-kukisti-kyifn-selvin-numeroin\/#primaryimage"},"thumbnailUrl":"https:\/\/aktialiiga.fi\/naiset\/wp-content\/uploads\/sites\/6\/2018\/09\/IMG_3730.jpg","datePublished":"2018-10-13T15:16:21+00:00","dateModified":"2018-10-13T18:40:44+00:00","breadcrumb":{"@id":"https:\/\/aktialiiga.fi\/naiset\/2018-2019\/ottelut-2018-2019\/sif-kukisti-kyifn-selvin-numeroin\/#breadcrumb"},"inLanguage":"fi","potentialAction":[{"@type":"ReadAction","target":["https:\/\/aktialiiga.fi\/naiset\/2018-2019\/ottelut-2018-2019\/sif-kukisti-kyifn-selvin-numeroin\/"]}]},{"@type":"ImageObject","inLanguage":"fi","@id":"https:\/\/aktialiiga.fi\/naiset\/2018-2019\/ottelut-2018-2019\/sif-kukisti-kyifn-selvin-numeroin\/#primaryimage","url":"https:\/\/aktialiiga.fi\/naiset\/wp-content\/uploads\/sites\/6\/2018\/09\/IMG_3730.jpg","contentUrl":"https:\/\/aktialiiga.fi\/naiset\/wp-content\/uploads\/sites\/6\/2018\/09\/IMG_3730.jpg","width":2048,"height":1365},{"@type":"BreadcrumbList","@id":"https:\/\/aktialiiga.fi\/naiset\/2018-2019\/ottelut-2018-2019\/sif-kukisti-kyifn-selvin-numeroin\/#breadcrumb","itemListElement":[{"@type":"ListItem","position":1,"name":"Etusivu","item":"https:\/\/aktialiiga.fi\/naiset\/"},{"@type":"ListItem","position":2,"name":"SIF kukisti KyIF:n selvin numeroin"}]},{"@type":"WebSite","@id":"https:\/\/aktialiiga.fi\/naiset\/#website","url":"https:\/\/aktialiiga.fi\/naiset\/","name":"K\u00e4sipallon naisten Aktialiiga","description":"Valtakunnan vauhdikkainta palloilua!","publisher":{"@id":"https:\/\/aktialiiga.fi\/naiset\/#organization"},"potentialAction":[{"@type":"SearchAction","target":{"@type":"EntryPoint","urlTemplate":"https:\/\/aktialiiga.fi\/naiset\/?s={search_term_string}"},"query-input":{"@type":"PropertyValueSpecification","valueRequired":true,"valueName":"search_term_string"}}],"inLanguage":"fi"},{"@type":"Organization","@id":"https:\/\/aktialiiga.fi\/naiset\/#organization","name":"K\u00e4sipallon naisten Aktialiiga","url":"https:\/\/aktialiiga.fi\/naiset\/","logo":{"@type":"ImageObject","inLanguage":"fi","@id":"https:\/\/aktialiiga.fi\/naiset\/#\/schema\/logo\/image\/","url":"https:\/\/aktialiiga.fi\/naiset\/wp-content\/uploads\/sites\/6\/2024\/09\/Aktialiiga-Yoast-512.png","contentUrl":"https:\/\/aktialiiga.fi\/naiset\/wp-content\/uploads\/sites\/6\/2024\/09\/Aktialiiga-Yoast-512.png","width":512,"height":512,"caption":"K\u00e4sipallon naisten Aktialiiga"},"image":{"@id":"https:\/\/aktialiiga.fi\/naiset\/#\/schema\/logo\/image\/"},"sameAs":["https:\/\/www.facebook.com\/finnhandball","https:\/\/x.com\/finnhandball","https:\/\/www.instagram.com\/handballfinland\/"]},{"@type":"Person","@id":"https:\/\/aktialiiga.fi\/naiset\/#\/schema\/person\/c14bf42f47041db74603c45afcb18d87","name":"tbrmedia","image":{"@type":"ImageObject","inLanguage":"fi","@id":"https:\/\/secure.gravatar.com\/avatar\/ee975fa091fe581d12b60debb3439022686618368a7c142044c56724d4666b16?s=96&d=mm&r=g","url":"https:\/\/secure.gravatar.com\/avatar\/ee975fa091fe581d12b60debb3439022686618368a7c142044c56724d4666b16?s=96&d=mm&r=g","contentUrl":"https:\/\/secure.gravatar.com\/avatar\/ee975fa091fe581d12b60debb3439022686618368a7c142044c56724d4666b16?s=96&d=mm&r=g","caption":"tbrmedia"}}]}},"jetpack_featured_media_url":"https:\/\/aktialiiga.fi\/naiset\/wp-content\/uploads\/sites\/6\/2018\/09\/IMG_3730.jpg","jetpack_sharing_enabled":true,"jetpack_shortlink":"https:\/\/wp.me\/pfYhm6-4HV","_links":{"self":[{"href":"https:\/\/aktialiiga.fi\/naiset\/wp-json\/wp\/v2\/posts\/18099","targetHints":{"allow":["GET"]}}],"collection":[{"href":"https:\/\/aktialiiga.fi\/naiset\/wp-json\/wp\/v2\/posts"}],"about":[{"href":"https:\/\/aktialiiga.fi\/naiset\/wp-json\/wp\/v2\/types\/post"}],"author":[{"embeddable":true,"href":"https:\/\/aktialiiga.fi\/naiset\/wp-json\/wp\/v2\/users\/13"}],"replies":[{"embeddable":true,"href":"https:\/\/aktialiiga.fi\/naiset\/wp-json\/wp\/v2\/comments?post=18099"}],"version-history":[{"count":0,"href":"https:\/\/aktialiiga.fi\/naiset\/wp-json\/wp\/v2\/posts\/18099\/revisions"}],"wp:featuredmedia":[{"embeddable":true,"href":"https:\/\/aktialiiga.fi\/naiset\/wp-json\/wp\/v2\/media\/17742"}],"wp:attachment":[{"href":"https:\/\/aktialiiga.fi\/naiset\/wp-json\/wp\/v2\/media?parent=18099"}],"wp:term":[{"taxonomy":"category","embeddable":true,"href":"https:\/\/aktialiiga.fi\/naiset\/wp-json\/wp\/v2\/categories?post=18099"},{"taxonomy":"post_tag","embeddable":true,"href":"https:\/\/aktialiiga.fi\/naiset\/wp-json\/wp\/v2\/tags?post=18099"}],"curies":[{"name":"wp","href":"https:\/\/api.w.org\/{rel}","templated":true}]}}