{"id":18174,"date":"2018-10-30T14:04:17","date_gmt":"2018-10-30T12:04:17","guid":{"rendered":"https:\/\/aktialiiga.fi\/naiset\/?p=18174"},"modified":"2018-10-30T14:04:17","modified_gmt":"2018-10-30T12:04:17","slug":"kyif-jahtaa-avausvoittoaan-grifkn-vieraana","status":"publish","type":"post","link":"https:\/\/aktialiiga.fi\/naiset\/ajankohtaista\/kyif-jahtaa-avausvoittoaan-grifkn-vieraana\/","title":{"rendered":"KyIF jahtaa avausvoittoaan GrIFK:n vieraana"},"content":{"rendered":"<p>GrIFK ja KyIF iskev\u00e4t pakettiin SM-sarjan ensimm\u00e4isen nelj\u00e4nneksen, kun joukkueet kohtaavat Kauniaisissa keskiviikkona.<\/p>\n<p>Kotijoukkue GrIFK sai viime ottelussaan voittotilins\u00e4 auki, kun se kukisti j\u00e4nnitt\u00e4v\u00e4ss\u00e4 kamppailussa BK-46:n 28-27. Lis\u00e4ksi Granin pistetili on karttunut tasapelipisteell\u00e4 SIF:i\u00e4 vastaan.<\/p>\n<p>KyIF:n alkukausi on ollut vaikea. Se on h\u00e4vinnyt kaikki nelj\u00e4 otteluaan ja viel\u00e4p\u00e4 suhteellisen selvin numeroin. KyIF l\u00e4hteekin varmasti n\u00e4lk\u00e4isen\u00e4 jahtaamaan kauden avausvoittoaan.<\/p>\n<p><strong>SM-sarjan tuleva ottelu:<br \/>\n<\/strong>Ke 31.10. kello 19.00 GrIFK-KyIF<\/p>\n","protected":false},"excerpt":{"rendered":"<p>GrIFK ja KyIF iskev\u00e4t pakettiin SM-sarjan ensimm\u00e4isen nelj\u00e4nneksen, kun joukkueet kohtaavat Kauniaisissa keskiviikkona. Kotijoukkue GrIFK sai viime ottelussaan voittotilins\u00e4 auki, kun se kukisti j\u00e4nnitt\u00e4v\u00e4ss\u00e4 kamppailussa BK-46:n 28-27. Lis\u00e4ksi Granin pistetili on karttunut tasapelipisteell\u00e4 SIF:i\u00e4 vastaan. KyIF:n alkukausi on ollut vaikea. Se on h\u00e4vinnyt kaikki nelj\u00e4 otteluaan ja viel\u00e4p\u00e4 suhteellisen selvin numeroin. KyIF l\u00e4hteekin varmasti n\u00e4lk\u00e4isen\u00e4 [&hellip;]<\/p>\n","protected":false},"author":13,"featured_media":18176,"comment_status":"closed","ping_status":"closed","sticky":false,"template":"","format":"standard","meta":{"_acf_changed":false,"jetpack_post_was_ever_published":false,"_jetpack_newsletter_access":"","_jetpack_dont_email_post_to_subs":false,"_jetpack_newsletter_tier_id":0,"_jetpack_memberships_contains_paywalled_content":false,"_jetpack_memberships_contains_paid_content":false,"footnotes":""},"categories":[2,148],"tags":[57,67],"class_list":["post-18174","post","type-post","status-publish","format-standard","has-post-thumbnail","hentry","category-ajankohtaista","category-ennakot-2018-2019","tag-grifk","tag-kyif"],"acf":[],"yoast_head":"<!-- This site is optimized with the Yoast SEO plugin v27.5 - https:\/\/yoast.com\/product\/yoast-seo-wordpress\/ -->\n<title>KyIF jahtaa avausvoittoaan GrIFK:n vieraana | K\u00e4sipallon naisten Aktialiiga<\/title>\n<meta name=\"robots\" content=\"index, follow, max-snippet:-1, max-image-preview:large, max-video-preview:-1\" \/>\n<link rel=\"canonical\" href=\"https:\/\/aktialiiga.fi\/naiset\/ajankohtaista\/kyif-jahtaa-avausvoittoaan-grifkn-vieraana\/\" \/>\n<meta property=\"og:locale\" content=\"fi_FI\" \/>\n<meta property=\"og:type\" content=\"article\" \/>\n<meta property=\"og:title\" content=\"KyIF jahtaa avausvoittoaan GrIFK:n vieraana | K\u00e4sipallon naisten Aktialiiga\" \/>\n<meta property=\"og:description\" content=\"GrIFK ja KyIF iskev\u00e4t pakettiin SM-sarjan ensimm\u00e4isen nelj\u00e4nneksen, kun joukkueet kohtaavat Kauniaisissa keskiviikkona. Kotijoukkue GrIFK sai viime ottelussaan voittotilins\u00e4 auki, kun se kukisti j\u00e4nnitt\u00e4v\u00e4ss\u00e4 kamppailussa BK-46:n 28-27. Lis\u00e4ksi Granin pistetili on karttunut tasapelipisteell\u00e4 SIF:i\u00e4 vastaan. KyIF:n alkukausi on ollut vaikea. Se on h\u00e4vinnyt kaikki nelj\u00e4 otteluaan ja viel\u00e4p\u00e4 suhteellisen selvin numeroin. KyIF l\u00e4hteekin varmasti n\u00e4lk\u00e4isen\u00e4 [&hellip;]\" \/>\n<meta property=\"og:url\" content=\"https:\/\/aktialiiga.fi\/naiset\/ajankohtaista\/kyif-jahtaa-avausvoittoaan-grifkn-vieraana\/\" \/>\n<meta property=\"og:site_name\" content=\"K\u00e4sipallon naisten Aktialiiga\" \/>\n<meta property=\"article:publisher\" content=\"https:\/\/www.facebook.com\/finnhandball\" \/>\n<meta property=\"article:published_time\" content=\"2018-10-30T12:04:17+00:00\" \/>\n<meta property=\"og:image\" content=\"https:\/\/aktialiiga.fi\/naiset\/wp-content\/uploads\/sites\/6\/2018\/10\/lindg\u00e5rd_daniela_kyif_18-19.jpg\" \/>\n\t<meta property=\"og:image:width\" content=\"711\" \/>\n\t<meta property=\"og:image:height\" content=\"320\" \/>\n\t<meta property=\"og:image:type\" content=\"image\/jpeg\" \/>\n<meta name=\"author\" content=\"tbrmedia\" \/>\n<meta name=\"twitter:card\" content=\"summary_large_image\" \/>\n<meta name=\"twitter:creator\" content=\"@finnhandball\" \/>\n<meta name=\"twitter:site\" content=\"@finnhandball\" \/>\n<script type=\"application\/ld+json\" class=\"yoast-schema-graph\">{\"@context\":\"https:\\\/\\\/schema.org\",\"@graph\":[{\"@type\":\"Article\",\"@id\":\"https:\\\/\\\/aktialiiga.fi\\\/naiset\\\/ajankohtaista\\\/kyif-jahtaa-avausvoittoaan-grifkn-vieraana\\\/#article\",\"isPartOf\":{\"@id\":\"https:\\\/\\\/aktialiiga.fi\\\/naiset\\\/ajankohtaista\\\/kyif-jahtaa-avausvoittoaan-grifkn-vieraana\\\/\"},\"author\":{\"name\":\"tbrmedia\",\"@id\":\"https:\\\/\\\/aktialiiga.fi\\\/naiset\\\/#\\\/schema\\\/person\\\/c14bf42f47041db74603c45afcb18d87\"},\"headline\":\"KyIF jahtaa avausvoittoaan GrIFK:n vieraana\",\"datePublished\":\"2018-10-30T12:04:17+00:00\",\"mainEntityOfPage\":{\"@id\":\"https:\\\/\\\/aktialiiga.fi\\\/naiset\\\/ajankohtaista\\\/kyif-jahtaa-avausvoittoaan-grifkn-vieraana\\\/\"},\"wordCount\":85,\"publisher\":{\"@id\":\"https:\\\/\\\/aktialiiga.fi\\\/naiset\\\/#organization\"},\"image\":{\"@id\":\"https:\\\/\\\/aktialiiga.fi\\\/naiset\\\/ajankohtaista\\\/kyif-jahtaa-avausvoittoaan-grifkn-vieraana\\\/#primaryimage\"},\"thumbnailUrl\":\"https:\\\/\\\/aktialiiga.fi\\\/naiset\\\/wp-content\\\/uploads\\\/sites\\\/6\\\/2018\\\/10\\\/lindg\u00e5rd_daniela_kyif_18-19.jpg\",\"keywords\":[\"GrIFK\",\"KyIF\"],\"articleSection\":[\"Ajankohtaista\",\"Ennakot\"],\"inLanguage\":\"fi\"},{\"@type\":\"WebPage\",\"@id\":\"https:\\\/\\\/aktialiiga.fi\\\/naiset\\\/ajankohtaista\\\/kyif-jahtaa-avausvoittoaan-grifkn-vieraana\\\/\",\"url\":\"https:\\\/\\\/aktialiiga.fi\\\/naiset\\\/ajankohtaista\\\/kyif-jahtaa-avausvoittoaan-grifkn-vieraana\\\/\",\"name\":\"KyIF jahtaa avausvoittoaan GrIFK:n vieraana | K\u00e4sipallon naisten Aktialiiga\",\"isPartOf\":{\"@id\":\"https:\\\/\\\/aktialiiga.fi\\\/naiset\\\/#website\"},\"primaryImageOfPage\":{\"@id\":\"https:\\\/\\\/aktialiiga.fi\\\/naiset\\\/ajankohtaista\\\/kyif-jahtaa-avausvoittoaan-grifkn-vieraana\\\/#primaryimage\"},\"image\":{\"@id\":\"https:\\\/\\\/aktialiiga.fi\\\/naiset\\\/ajankohtaista\\\/kyif-jahtaa-avausvoittoaan-grifkn-vieraana\\\/#primaryimage\"},\"thumbnailUrl\":\"https:\\\/\\\/aktialiiga.fi\\\/naiset\\\/wp-content\\\/uploads\\\/sites\\\/6\\\/2018\\\/10\\\/lindg\u00e5rd_daniela_kyif_18-19.jpg\",\"datePublished\":\"2018-10-30T12:04:17+00:00\",\"breadcrumb\":{\"@id\":\"https:\\\/\\\/aktialiiga.fi\\\/naiset\\\/ajankohtaista\\\/kyif-jahtaa-avausvoittoaan-grifkn-vieraana\\\/#breadcrumb\"},\"inLanguage\":\"fi\",\"potentialAction\":[{\"@type\":\"ReadAction\",\"target\":[\"https:\\\/\\\/aktialiiga.fi\\\/naiset\\\/ajankohtaista\\\/kyif-jahtaa-avausvoittoaan-grifkn-vieraana\\\/\"]}]},{\"@type\":\"ImageObject\",\"inLanguage\":\"fi\",\"@id\":\"https:\\\/\\\/aktialiiga.fi\\\/naiset\\\/ajankohtaista\\\/kyif-jahtaa-avausvoittoaan-grifkn-vieraana\\\/#primaryimage\",\"url\":\"https:\\\/\\\/aktialiiga.fi\\\/naiset\\\/wp-content\\\/uploads\\\/sites\\\/6\\\/2018\\\/10\\\/lindg\u00e5rd_daniela_kyif_18-19.jpg\",\"contentUrl\":\"https:\\\/\\\/aktialiiga.fi\\\/naiset\\\/wp-content\\\/uploads\\\/sites\\\/6\\\/2018\\\/10\\\/lindg\u00e5rd_daniela_kyif_18-19.jpg\",\"width\":711,\"height\":320,\"caption\":\"Daniela Lindg\u00e5rd #7, KyIF k\u00e4sipallon naisten SM-sarjan ottelussa SIF - KyIF Folksam Arenassa Siuntiossa 30. lokakuuta 2018. (Tomi H\u00e4nninen\\\/Newspix24)\"},{\"@type\":\"BreadcrumbList\",\"@id\":\"https:\\\/\\\/aktialiiga.fi\\\/naiset\\\/ajankohtaista\\\/kyif-jahtaa-avausvoittoaan-grifkn-vieraana\\\/#breadcrumb\",\"itemListElement\":[{\"@type\":\"ListItem\",\"position\":1,\"name\":\"Etusivu\",\"item\":\"https:\\\/\\\/aktialiiga.fi\\\/naiset\\\/\"},{\"@type\":\"ListItem\",\"position\":2,\"name\":\"KyIF jahtaa avausvoittoaan GrIFK:n vieraana\"}]},{\"@type\":\"WebSite\",\"@id\":\"https:\\\/\\\/aktialiiga.fi\\\/naiset\\\/#website\",\"url\":\"https:\\\/\\\/aktialiiga.fi\\\/naiset\\\/\",\"name\":\"K\u00e4sipallon naisten Aktialiiga\",\"description\":\"Valtakunnan vauhdikkainta palloilua!\",\"publisher\":{\"@id\":\"https:\\\/\\\/aktialiiga.fi\\\/naiset\\\/#organization\"},\"potentialAction\":[{\"@type\":\"SearchAction\",\"target\":{\"@type\":\"EntryPoint\",\"urlTemplate\":\"https:\\\/\\\/aktialiiga.fi\\\/naiset\\\/?s={search_term_string}\"},\"query-input\":{\"@type\":\"PropertyValueSpecification\",\"valueRequired\":true,\"valueName\":\"search_term_string\"}}],\"inLanguage\":\"fi\"},{\"@type\":\"Organization\",\"@id\":\"https:\\\/\\\/aktialiiga.fi\\\/naiset\\\/#organization\",\"name\":\"K\u00e4sipallon naisten Aktialiiga\",\"url\":\"https:\\\/\\\/aktialiiga.fi\\\/naiset\\\/\",\"logo\":{\"@type\":\"ImageObject\",\"inLanguage\":\"fi\",\"@id\":\"https:\\\/\\\/aktialiiga.fi\\\/naiset\\\/#\\\/schema\\\/logo\\\/image\\\/\",\"url\":\"https:\\\/\\\/aktialiiga.fi\\\/naiset\\\/wp-content\\\/uploads\\\/sites\\\/6\\\/2024\\\/09\\\/Aktialiiga-Yoast-512.png\",\"contentUrl\":\"https:\\\/\\\/aktialiiga.fi\\\/naiset\\\/wp-content\\\/uploads\\\/sites\\\/6\\\/2024\\\/09\\\/Aktialiiga-Yoast-512.png\",\"width\":512,\"height\":512,\"caption\":\"K\u00e4sipallon naisten Aktialiiga\"},\"image\":{\"@id\":\"https:\\\/\\\/aktialiiga.fi\\\/naiset\\\/#\\\/schema\\\/logo\\\/image\\\/\"},\"sameAs\":[\"https:\\\/\\\/www.facebook.com\\\/finnhandball\",\"https:\\\/\\\/x.com\\\/finnhandball\",\"https:\\\/\\\/www.instagram.com\\\/handballfinland\\\/\"]},{\"@type\":\"Person\",\"@id\":\"https:\\\/\\\/aktialiiga.fi\\\/naiset\\\/#\\\/schema\\\/person\\\/c14bf42f47041db74603c45afcb18d87\",\"name\":\"tbrmedia\",\"image\":{\"@type\":\"ImageObject\",\"inLanguage\":\"fi\",\"@id\":\"https:\\\/\\\/secure.gravatar.com\\\/avatar\\\/ee975fa091fe581d12b60debb3439022686618368a7c142044c56724d4666b16?s=96&d=mm&r=g\",\"url\":\"https:\\\/\\\/secure.gravatar.com\\\/avatar\\\/ee975fa091fe581d12b60debb3439022686618368a7c142044c56724d4666b16?s=96&d=mm&r=g\",\"contentUrl\":\"https:\\\/\\\/secure.gravatar.com\\\/avatar\\\/ee975fa091fe581d12b60debb3439022686618368a7c142044c56724d4666b16?s=96&d=mm&r=g\",\"caption\":\"tbrmedia\"}}]}<\/script>\n<!-- \/ Yoast SEO plugin. -->","yoast_head_json":{"title":"KyIF jahtaa avausvoittoaan GrIFK:n vieraana | K\u00e4sipallon naisten Aktialiiga","robots":{"index":"index","follow":"follow","max-snippet":"max-snippet:-1","max-image-preview":"max-image-preview:large","max-video-preview":"max-video-preview:-1"},"canonical":"https:\/\/aktialiiga.fi\/naiset\/ajankohtaista\/kyif-jahtaa-avausvoittoaan-grifkn-vieraana\/","og_locale":"fi_FI","og_type":"article","og_title":"KyIF jahtaa avausvoittoaan GrIFK:n vieraana | K\u00e4sipallon naisten Aktialiiga","og_description":"GrIFK ja KyIF iskev\u00e4t pakettiin SM-sarjan ensimm\u00e4isen nelj\u00e4nneksen, kun joukkueet kohtaavat Kauniaisissa keskiviikkona. Kotijoukkue GrIFK sai viime ottelussaan voittotilins\u00e4 auki, kun se kukisti j\u00e4nnitt\u00e4v\u00e4ss\u00e4 kamppailussa BK-46:n 28-27. Lis\u00e4ksi Granin pistetili on karttunut tasapelipisteell\u00e4 SIF:i\u00e4 vastaan. KyIF:n alkukausi on ollut vaikea. Se on h\u00e4vinnyt kaikki nelj\u00e4 otteluaan ja viel\u00e4p\u00e4 suhteellisen selvin numeroin. KyIF l\u00e4hteekin varmasti n\u00e4lk\u00e4isen\u00e4 [&hellip;]","og_url":"https:\/\/aktialiiga.fi\/naiset\/ajankohtaista\/kyif-jahtaa-avausvoittoaan-grifkn-vieraana\/","og_site_name":"K\u00e4sipallon naisten Aktialiiga","article_publisher":"https:\/\/www.facebook.com\/finnhandball","article_published_time":"2018-10-30T12:04:17+00:00","og_image":[{"width":711,"height":320,"url":"https:\/\/aktialiiga.fi\/naiset\/wp-content\/uploads\/sites\/6\/2018\/10\/lindg\u00e5rd_daniela_kyif_18-19.jpg","type":"image\/jpeg"}],"author":"tbrmedia","twitter_card":"summary_large_image","twitter_creator":"@finnhandball","twitter_site":"@finnhandball","schema":{"@context":"https:\/\/schema.org","@graph":[{"@type":"Article","@id":"https:\/\/aktialiiga.fi\/naiset\/ajankohtaista\/kyif-jahtaa-avausvoittoaan-grifkn-vieraana\/#article","isPartOf":{"@id":"https:\/\/aktialiiga.fi\/naiset\/ajankohtaista\/kyif-jahtaa-avausvoittoaan-grifkn-vieraana\/"},"author":{"name":"tbrmedia","@id":"https:\/\/aktialiiga.fi\/naiset\/#\/schema\/person\/c14bf42f47041db74603c45afcb18d87"},"headline":"KyIF jahtaa avausvoittoaan GrIFK:n vieraana","datePublished":"2018-10-30T12:04:17+00:00","mainEntityOfPage":{"@id":"https:\/\/aktialiiga.fi\/naiset\/ajankohtaista\/kyif-jahtaa-avausvoittoaan-grifkn-vieraana\/"},"wordCount":85,"publisher":{"@id":"https:\/\/aktialiiga.fi\/naiset\/#organization"},"image":{"@id":"https:\/\/aktialiiga.fi\/naiset\/ajankohtaista\/kyif-jahtaa-avausvoittoaan-grifkn-vieraana\/#primaryimage"},"thumbnailUrl":"https:\/\/aktialiiga.fi\/naiset\/wp-content\/uploads\/sites\/6\/2018\/10\/lindg\u00e5rd_daniela_kyif_18-19.jpg","keywords":["GrIFK","KyIF"],"articleSection":["Ajankohtaista","Ennakot"],"inLanguage":"fi"},{"@type":"WebPage","@id":"https:\/\/aktialiiga.fi\/naiset\/ajankohtaista\/kyif-jahtaa-avausvoittoaan-grifkn-vieraana\/","url":"https:\/\/aktialiiga.fi\/naiset\/ajankohtaista\/kyif-jahtaa-avausvoittoaan-grifkn-vieraana\/","name":"KyIF jahtaa avausvoittoaan GrIFK:n vieraana | K\u00e4sipallon naisten Aktialiiga","isPartOf":{"@id":"https:\/\/aktialiiga.fi\/naiset\/#website"},"primaryImageOfPage":{"@id":"https:\/\/aktialiiga.fi\/naiset\/ajankohtaista\/kyif-jahtaa-avausvoittoaan-grifkn-vieraana\/#primaryimage"},"image":{"@id":"https:\/\/aktialiiga.fi\/naiset\/ajankohtaista\/kyif-jahtaa-avausvoittoaan-grifkn-vieraana\/#primaryimage"},"thumbnailUrl":"https:\/\/aktialiiga.fi\/naiset\/wp-content\/uploads\/sites\/6\/2018\/10\/lindg\u00e5rd_daniela_kyif_18-19.jpg","datePublished":"2018-10-30T12:04:17+00:00","breadcrumb":{"@id":"https:\/\/aktialiiga.fi\/naiset\/ajankohtaista\/kyif-jahtaa-avausvoittoaan-grifkn-vieraana\/#breadcrumb"},"inLanguage":"fi","potentialAction":[{"@type":"ReadAction","target":["https:\/\/aktialiiga.fi\/naiset\/ajankohtaista\/kyif-jahtaa-avausvoittoaan-grifkn-vieraana\/"]}]},{"@type":"ImageObject","inLanguage":"fi","@id":"https:\/\/aktialiiga.fi\/naiset\/ajankohtaista\/kyif-jahtaa-avausvoittoaan-grifkn-vieraana\/#primaryimage","url":"https:\/\/aktialiiga.fi\/naiset\/wp-content\/uploads\/sites\/6\/2018\/10\/lindg\u00e5rd_daniela_kyif_18-19.jpg","contentUrl":"https:\/\/aktialiiga.fi\/naiset\/wp-content\/uploads\/sites\/6\/2018\/10\/lindg\u00e5rd_daniela_kyif_18-19.jpg","width":711,"height":320,"caption":"Daniela Lindg\u00e5rd #7, KyIF k\u00e4sipallon naisten SM-sarjan ottelussa SIF - KyIF Folksam Arenassa Siuntiossa 30. lokakuuta 2018. (Tomi H\u00e4nninen\/Newspix24)"},{"@type":"BreadcrumbList","@id":"https:\/\/aktialiiga.fi\/naiset\/ajankohtaista\/kyif-jahtaa-avausvoittoaan-grifkn-vieraana\/#breadcrumb","itemListElement":[{"@type":"ListItem","position":1,"name":"Etusivu","item":"https:\/\/aktialiiga.fi\/naiset\/"},{"@type":"ListItem","position":2,"name":"KyIF jahtaa avausvoittoaan GrIFK:n vieraana"}]},{"@type":"WebSite","@id":"https:\/\/aktialiiga.fi\/naiset\/#website","url":"https:\/\/aktialiiga.fi\/naiset\/","name":"K\u00e4sipallon naisten Aktialiiga","description":"Valtakunnan vauhdikkainta palloilua!","publisher":{"@id":"https:\/\/aktialiiga.fi\/naiset\/#organization"},"potentialAction":[{"@type":"SearchAction","target":{"@type":"EntryPoint","urlTemplate":"https:\/\/aktialiiga.fi\/naiset\/?s={search_term_string}"},"query-input":{"@type":"PropertyValueSpecification","valueRequired":true,"valueName":"search_term_string"}}],"inLanguage":"fi"},{"@type":"Organization","@id":"https:\/\/aktialiiga.fi\/naiset\/#organization","name":"K\u00e4sipallon naisten Aktialiiga","url":"https:\/\/aktialiiga.fi\/naiset\/","logo":{"@type":"ImageObject","inLanguage":"fi","@id":"https:\/\/aktialiiga.fi\/naiset\/#\/schema\/logo\/image\/","url":"https:\/\/aktialiiga.fi\/naiset\/wp-content\/uploads\/sites\/6\/2024\/09\/Aktialiiga-Yoast-512.png","contentUrl":"https:\/\/aktialiiga.fi\/naiset\/wp-content\/uploads\/sites\/6\/2024\/09\/Aktialiiga-Yoast-512.png","width":512,"height":512,"caption":"K\u00e4sipallon naisten Aktialiiga"},"image":{"@id":"https:\/\/aktialiiga.fi\/naiset\/#\/schema\/logo\/image\/"},"sameAs":["https:\/\/www.facebook.com\/finnhandball","https:\/\/x.com\/finnhandball","https:\/\/www.instagram.com\/handballfinland\/"]},{"@type":"Person","@id":"https:\/\/aktialiiga.fi\/naiset\/#\/schema\/person\/c14bf42f47041db74603c45afcb18d87","name":"tbrmedia","image":{"@type":"ImageObject","inLanguage":"fi","@id":"https:\/\/secure.gravatar.com\/avatar\/ee975fa091fe581d12b60debb3439022686618368a7c142044c56724d4666b16?s=96&d=mm&r=g","url":"https:\/\/secure.gravatar.com\/avatar\/ee975fa091fe581d12b60debb3439022686618368a7c142044c56724d4666b16?s=96&d=mm&r=g","contentUrl":"https:\/\/secure.gravatar.com\/avatar\/ee975fa091fe581d12b60debb3439022686618368a7c142044c56724d4666b16?s=96&d=mm&r=g","caption":"tbrmedia"}}]}},"jetpack_featured_media_url":"https:\/\/aktialiiga.fi\/naiset\/wp-content\/uploads\/sites\/6\/2018\/10\/lindg\u00e5rd_daniela_kyif_18-19.jpg","jetpack_sharing_enabled":true,"jetpack_shortlink":"https:\/\/wp.me\/pfYhm6-4J8","_links":{"self":[{"href":"https:\/\/aktialiiga.fi\/naiset\/wp-json\/wp\/v2\/posts\/18174","targetHints":{"allow":["GET"]}}],"collection":[{"href":"https:\/\/aktialiiga.fi\/naiset\/wp-json\/wp\/v2\/posts"}],"about":[{"href":"https:\/\/aktialiiga.fi\/naiset\/wp-json\/wp\/v2\/types\/post"}],"author":[{"embeddable":true,"href":"https:\/\/aktialiiga.fi\/naiset\/wp-json\/wp\/v2\/users\/13"}],"replies":[{"embeddable":true,"href":"https:\/\/aktialiiga.fi\/naiset\/wp-json\/wp\/v2\/comments?post=18174"}],"version-history":[{"count":0,"href":"https:\/\/aktialiiga.fi\/naiset\/wp-json\/wp\/v2\/posts\/18174\/revisions"}],"wp:featuredmedia":[{"embeddable":true,"href":"https:\/\/aktialiiga.fi\/naiset\/wp-json\/wp\/v2\/media\/18176"}],"wp:attachment":[{"href":"https:\/\/aktialiiga.fi\/naiset\/wp-json\/wp\/v2\/media?parent=18174"}],"wp:term":[{"taxonomy":"category","embeddable":true,"href":"https:\/\/aktialiiga.fi\/naiset\/wp-json\/wp\/v2\/categories?post=18174"},{"taxonomy":"post_tag","embeddable":true,"href":"https:\/\/aktialiiga.fi\/naiset\/wp-json\/wp\/v2\/tags?post=18174"}],"curies":[{"name":"wp","href":"https:\/\/api.w.org\/{rel}","templated":true}]}}