{"id":18260,"date":"2018-11-10T15:36:05","date_gmt":"2018-11-10T13:36:05","guid":{"rendered":"https:\/\/aktialiiga.fi\/naiset\/?p=18260"},"modified":"2018-11-10T16:00:21","modified_gmt":"2018-11-10T14:00:21","slug":"kyif-piti-dickenia-tiukoilla","status":"publish","type":"post","link":"https:\/\/aktialiiga.fi\/naiset\/2018-2019\/ottelut-2018-2019\/kyif-piti-dickenia-tiukoilla\/","title":{"rendered":"KyIF piti Dickeni\u00e4 tiukoilla"},"content":{"rendered":"<p>Pisteitt\u00e4 oleva KyIF tarjosi Dickenille kovan vastuksen, kun joukkueet kohtasivat lauantaina Pirkkolassa. Dicken oli kuitenkin lopulta vahvempi 25-22 (16-13).<\/p>\n<p>KyIF aloitti ottelun vahvasti ja ensimm\u00e4inen er\u00e4 oli hyvin tasainen. KyIF vei ottelua alussa, mutta ensimm\u00e4isen kympin j\u00e4lkeen Dicken p\u00e4\u00e4si johtoon eik\u00e4 KyIF en\u00e4\u00e4 sen j\u00e4lkeen etumatkalla k\u00e4ynyt. Se pysyi kuitenkin tiukasti Dickenin iholla ja viel\u00e4 reilut kaksi minuuttia ennen taukoa ero oli maalin verran Dickenille. Helsinkil\u00e4iset pamauttivat kuitenkin viimeisen kahden minuutin aikana kolme maalia ja Jessi Laasion heitt\u00e4ess\u00e4 viel\u00e4 viime hetkill\u00e4 yhden osuman, oli ero tauolle ment\u00e4ess\u00e4 kolme maalia Dickenin eduksi.<\/p>\n<p>Toisen puoliajan Dicken aloitti vahvemmin ja Malena Heikkisen johdolla sai rep\u00e4isty\u00e4 jo kuuden maalin johdon. KyIF ei kuitenkaan luovuttanut ja nousi j\u00e4lleen Laasion heiluttaessa tahtia kahden maalin p\u00e4\u00e4h\u00e4n. Sen l\u00e4hemm\u00e4ksi KyIF ei kuitenkaan p\u00e4\u00e4ssyt, vaan Dicken pystyi pit\u00e4m\u00e4\u00e4n pintansa loppuun saakka.<\/p>\n<p>Dickenin p\u00e4\u00e4valmentaja Thomas Hivert oli tyytyv\u00e4inen, ett\u00e4 joukkue sai raavittua pelist\u00e4 voiton.<\/p>\n<p>&#8211; Oli tiukka peli ja vastus oli kova. Edellinen peli, joka h\u00e4vittiin HIFK:ta vastaan, painoi hieman. Saatiin pisteet ker\u00e4tty\u00e4 matkalla kohti semifinaaleja.<\/p>\n<p>KyIF:n p\u00e4\u00e4valmentaja Thomas Mecklin oli ylpe\u00e4 omiensa taistelusta.<\/p>\n<p>&#8211; Hyv\u00e4 ja vauhdikas ottelu. Valitettavasti meill\u00e4 oli heikko hetki toisen er\u00e4n alkupuolella, emmek\u00e4 saaneet eroa en\u00e4\u00e4 kurottua umpeen. Tiesimme vastustajan heikkoudet, mutta emme pystyneet hy\u00f6dynt\u00e4m\u00e4\u00e4n niit\u00e4 tarpeeksi. Mutta olen eritt\u00e4in ylpe\u00e4 oman joukkueen esityksest\u00e4.<\/p>\n<p>Heikkinen l\u00f6ysi Dickenin otteista parannettavaa.<\/p>\n<p>&#8211; Vaihteleva ottelu. Ajoittain meilt\u00e4 turhan paljon lepsuilua puolustuksessa, ja hy\u00f6kk\u00e4ysp\u00e4\u00e4ss\u00e4 lopetukset olivat ep\u00e4tasaisia.<\/p>\n<p><strong>Dicken-KyIF 25-22 (16-13)<\/strong><\/p>\n<p><strong>Maalintekij\u00e4t<br \/>\n<\/strong>Dicken: Malena Heikkinen 7, Matilda Peitsaro 5, Linn Wentzel 3, Tove Salokivi 3, Catarina Nyberg 3, Emilia Valkamo 2, Janica Sj\u00f6str\u00f6m 1, Anna Lindahl 1<\/p>\n<p>KyIF: Jessi Laasio 6, Liisa Holopainen 4, Johanna Degerth 4, Fanny Axberg 3, Adriana Jakimova 2, Emmi Paajanen 1, Daniela Lindg\u00e5rd 1, Felicia Gr\u00f6nholm 1<\/p>\n<p><strong>L\u00e4hiTapiola-t\u00e4htipelaajat<br \/>\n<\/strong>Malena Heikkinen Dicken 3<br \/>\nJessi Laasio KyIF 2<br \/>\nCatarina Nyberg Dicken 1<\/p>\n<p><strong>2 min ulosajot sek\u00e4 pelist\u00e4 sulkemiset<br \/>\n<\/strong>Dicken: Malena Heikkinen 1 x 2 min<br \/>\nKyIF: Adriana Jakimova 1 x 2 min<\/p>\n<p><em>Erotuomarit:<\/em> Jyri Bj\u00f6rkman &#8211; Mikael Voionmaa<\/p>\n<p>Yleis\u00f6\u00e4: 86<\/p>\n<p>&nbsp;<\/p>\n","protected":false},"excerpt":{"rendered":"<p>Pisteitt\u00e4 oleva KyIF tarjosi Dickenille kovan vastuksen, kun joukkueet kohtasivat lauantaina Pirkkolassa. Dicken oli kuitenkin lopulta vahvempi 25-22 (16-13). KyIF aloitti ottelun vahvasti ja ensimm\u00e4inen er\u00e4 oli hyvin tasainen. KyIF vei ottelua alussa, mutta ensimm\u00e4isen kympin j\u00e4lkeen Dicken p\u00e4\u00e4si johtoon eik\u00e4 KyIF en\u00e4\u00e4 sen j\u00e4lkeen etumatkalla k\u00e4ynyt. Se pysyi kuitenkin tiukasti Dickenin iholla ja viel\u00e4 [&hellip;]<\/p>\n","protected":false},"author":13,"featured_media":18262,"comment_status":"closed","ping_status":"closed","sticky":false,"template":"","format":"standard","meta":{"_acf_changed":false,"jetpack_post_was_ever_published":false,"_jetpack_newsletter_access":"","_jetpack_dont_email_post_to_subs":false,"_jetpack_newsletter_tier_id":0,"_jetpack_memberships_contains_paywalled_content":false,"_jetpack_memberships_contains_paid_content":false,"footnotes":""},"categories":[147],"tags":[51,67],"class_list":["post-18260","post","type-post","status-publish","format-standard","has-post-thumbnail","hentry","category-ottelut-2018-2019","tag-dicken","tag-kyif"],"acf":[],"yoast_head":"<!-- This site is optimized with the Yoast SEO plugin v27.5 - https:\/\/yoast.com\/product\/yoast-seo-wordpress\/ -->\n<title>KyIF piti Dickeni\u00e4 tiukoilla | K\u00e4sipallon naisten Aktialiiga<\/title>\n<meta name=\"robots\" content=\"index, follow, max-snippet:-1, max-image-preview:large, max-video-preview:-1\" \/>\n<link rel=\"canonical\" href=\"https:\/\/aktialiiga.fi\/naiset\/2018-2019\/ottelut-2018-2019\/kyif-piti-dickenia-tiukoilla\/\" \/>\n<meta property=\"og:locale\" content=\"fi_FI\" \/>\n<meta property=\"og:type\" content=\"article\" \/>\n<meta property=\"og:title\" content=\"KyIF piti Dickeni\u00e4 tiukoilla | K\u00e4sipallon naisten Aktialiiga\" \/>\n<meta property=\"og:description\" content=\"Pisteitt\u00e4 oleva KyIF tarjosi Dickenille kovan vastuksen, kun joukkueet kohtasivat lauantaina Pirkkolassa. Dicken oli kuitenkin lopulta vahvempi 25-22 (16-13). KyIF aloitti ottelun vahvasti ja ensimm\u00e4inen er\u00e4 oli hyvin tasainen. KyIF vei ottelua alussa, mutta ensimm\u00e4isen kympin j\u00e4lkeen Dicken p\u00e4\u00e4si johtoon eik\u00e4 KyIF en\u00e4\u00e4 sen j\u00e4lkeen etumatkalla k\u00e4ynyt. Se pysyi kuitenkin tiukasti Dickenin iholla ja viel\u00e4 [&hellip;]\" \/>\n<meta property=\"og:url\" content=\"https:\/\/aktialiiga.fi\/naiset\/2018-2019\/ottelut-2018-2019\/kyif-piti-dickenia-tiukoilla\/\" \/>\n<meta property=\"og:site_name\" content=\"K\u00e4sipallon naisten Aktialiiga\" \/>\n<meta property=\"article:publisher\" content=\"https:\/\/www.facebook.com\/finnhandball\" \/>\n<meta property=\"article:published_time\" content=\"2018-11-10T13:36:05+00:00\" \/>\n<meta property=\"article:modified_time\" content=\"2018-11-10T14:00:21+00:00\" \/>\n<meta property=\"og:image\" content=\"https:\/\/aktialiiga.fi\/naiset\/wp-content\/uploads\/sites\/6\/2018\/11\/itkonen_kira_dicken_18-19.jpg\" \/>\n\t<meta property=\"og:image:width\" content=\"711\" \/>\n\t<meta property=\"og:image:height\" content=\"320\" \/>\n\t<meta property=\"og:image:type\" content=\"image\/jpeg\" \/>\n<meta name=\"author\" content=\"tbrmedia\" \/>\n<meta name=\"twitter:card\" content=\"summary_large_image\" \/>\n<meta name=\"twitter:creator\" content=\"@finnhandball\" \/>\n<meta name=\"twitter:site\" content=\"@finnhandball\" \/>\n<script type=\"application\/ld+json\" class=\"yoast-schema-graph\">{\"@context\":\"https:\\\/\\\/schema.org\",\"@graph\":[{\"@type\":\"Article\",\"@id\":\"https:\\\/\\\/aktialiiga.fi\\\/naiset\\\/2018-2019\\\/ottelut-2018-2019\\\/kyif-piti-dickenia-tiukoilla\\\/#article\",\"isPartOf\":{\"@id\":\"https:\\\/\\\/aktialiiga.fi\\\/naiset\\\/2018-2019\\\/ottelut-2018-2019\\\/kyif-piti-dickenia-tiukoilla\\\/\"},\"author\":{\"name\":\"tbrmedia\",\"@id\":\"https:\\\/\\\/aktialiiga.fi\\\/naiset\\\/#\\\/schema\\\/person\\\/c14bf42f47041db74603c45afcb18d87\"},\"headline\":\"KyIF piti Dickeni\u00e4 tiukoilla\",\"datePublished\":\"2018-11-10T13:36:05+00:00\",\"dateModified\":\"2018-11-10T14:00:21+00:00\",\"mainEntityOfPage\":{\"@id\":\"https:\\\/\\\/aktialiiga.fi\\\/naiset\\\/2018-2019\\\/ottelut-2018-2019\\\/kyif-piti-dickenia-tiukoilla\\\/\"},\"wordCount\":346,\"publisher\":{\"@id\":\"https:\\\/\\\/aktialiiga.fi\\\/naiset\\\/#organization\"},\"image\":{\"@id\":\"https:\\\/\\\/aktialiiga.fi\\\/naiset\\\/2018-2019\\\/ottelut-2018-2019\\\/kyif-piti-dickenia-tiukoilla\\\/#primaryimage\"},\"thumbnailUrl\":\"https:\\\/\\\/aktialiiga.fi\\\/naiset\\\/wp-content\\\/uploads\\\/sites\\\/6\\\/2018\\\/11\\\/itkonen_kira_dicken_18-19.jpg\",\"keywords\":[\"Dicken\",\"KyIF\"],\"articleSection\":[\"Ottelut\"],\"inLanguage\":\"fi\"},{\"@type\":\"WebPage\",\"@id\":\"https:\\\/\\\/aktialiiga.fi\\\/naiset\\\/2018-2019\\\/ottelut-2018-2019\\\/kyif-piti-dickenia-tiukoilla\\\/\",\"url\":\"https:\\\/\\\/aktialiiga.fi\\\/naiset\\\/2018-2019\\\/ottelut-2018-2019\\\/kyif-piti-dickenia-tiukoilla\\\/\",\"name\":\"KyIF piti Dickeni\u00e4 tiukoilla | K\u00e4sipallon naisten Aktialiiga\",\"isPartOf\":{\"@id\":\"https:\\\/\\\/aktialiiga.fi\\\/naiset\\\/#website\"},\"primaryImageOfPage\":{\"@id\":\"https:\\\/\\\/aktialiiga.fi\\\/naiset\\\/2018-2019\\\/ottelut-2018-2019\\\/kyif-piti-dickenia-tiukoilla\\\/#primaryimage\"},\"image\":{\"@id\":\"https:\\\/\\\/aktialiiga.fi\\\/naiset\\\/2018-2019\\\/ottelut-2018-2019\\\/kyif-piti-dickenia-tiukoilla\\\/#primaryimage\"},\"thumbnailUrl\":\"https:\\\/\\\/aktialiiga.fi\\\/naiset\\\/wp-content\\\/uploads\\\/sites\\\/6\\\/2018\\\/11\\\/itkonen_kira_dicken_18-19.jpg\",\"datePublished\":\"2018-11-10T13:36:05+00:00\",\"dateModified\":\"2018-11-10T14:00:21+00:00\",\"breadcrumb\":{\"@id\":\"https:\\\/\\\/aktialiiga.fi\\\/naiset\\\/2018-2019\\\/ottelut-2018-2019\\\/kyif-piti-dickenia-tiukoilla\\\/#breadcrumb\"},\"inLanguage\":\"fi\",\"potentialAction\":[{\"@type\":\"ReadAction\",\"target\":[\"https:\\\/\\\/aktialiiga.fi\\\/naiset\\\/2018-2019\\\/ottelut-2018-2019\\\/kyif-piti-dickenia-tiukoilla\\\/\"]}]},{\"@type\":\"ImageObject\",\"inLanguage\":\"fi\",\"@id\":\"https:\\\/\\\/aktialiiga.fi\\\/naiset\\\/2018-2019\\\/ottelut-2018-2019\\\/kyif-piti-dickenia-tiukoilla\\\/#primaryimage\",\"url\":\"https:\\\/\\\/aktialiiga.fi\\\/naiset\\\/wp-content\\\/uploads\\\/sites\\\/6\\\/2018\\\/11\\\/itkonen_kira_dicken_18-19.jpg\",\"contentUrl\":\"https:\\\/\\\/aktialiiga.fi\\\/naiset\\\/wp-content\\\/uploads\\\/sites\\\/6\\\/2018\\\/11\\\/itkonen_kira_dicken_18-19.jpg\",\"width\":711,\"height\":320,\"caption\":\"Kira Itkonen #16, Dicken k\u00e4sipallon naisten SM-sarjan ottelussa GrIFK - Dicken Kauniaisten Urheilutalolla 13. lokakuuta 2018. (Tomi H\u00e4nninen\\\/Newspix24)\"},{\"@type\":\"BreadcrumbList\",\"@id\":\"https:\\\/\\\/aktialiiga.fi\\\/naiset\\\/2018-2019\\\/ottelut-2018-2019\\\/kyif-piti-dickenia-tiukoilla\\\/#breadcrumb\",\"itemListElement\":[{\"@type\":\"ListItem\",\"position\":1,\"name\":\"Etusivu\",\"item\":\"https:\\\/\\\/aktialiiga.fi\\\/naiset\\\/\"},{\"@type\":\"ListItem\",\"position\":2,\"name\":\"KyIF piti Dickeni\u00e4 tiukoilla\"}]},{\"@type\":\"WebSite\",\"@id\":\"https:\\\/\\\/aktialiiga.fi\\\/naiset\\\/#website\",\"url\":\"https:\\\/\\\/aktialiiga.fi\\\/naiset\\\/\",\"name\":\"K\u00e4sipallon naisten Aktialiiga\",\"description\":\"Valtakunnan vauhdikkainta palloilua!\",\"publisher\":{\"@id\":\"https:\\\/\\\/aktialiiga.fi\\\/naiset\\\/#organization\"},\"potentialAction\":[{\"@type\":\"SearchAction\",\"target\":{\"@type\":\"EntryPoint\",\"urlTemplate\":\"https:\\\/\\\/aktialiiga.fi\\\/naiset\\\/?s={search_term_string}\"},\"query-input\":{\"@type\":\"PropertyValueSpecification\",\"valueRequired\":true,\"valueName\":\"search_term_string\"}}],\"inLanguage\":\"fi\"},{\"@type\":\"Organization\",\"@id\":\"https:\\\/\\\/aktialiiga.fi\\\/naiset\\\/#organization\",\"name\":\"K\u00e4sipallon naisten Aktialiiga\",\"url\":\"https:\\\/\\\/aktialiiga.fi\\\/naiset\\\/\",\"logo\":{\"@type\":\"ImageObject\",\"inLanguage\":\"fi\",\"@id\":\"https:\\\/\\\/aktialiiga.fi\\\/naiset\\\/#\\\/schema\\\/logo\\\/image\\\/\",\"url\":\"https:\\\/\\\/aktialiiga.fi\\\/naiset\\\/wp-content\\\/uploads\\\/sites\\\/6\\\/2024\\\/09\\\/Aktialiiga-Yoast-512.png\",\"contentUrl\":\"https:\\\/\\\/aktialiiga.fi\\\/naiset\\\/wp-content\\\/uploads\\\/sites\\\/6\\\/2024\\\/09\\\/Aktialiiga-Yoast-512.png\",\"width\":512,\"height\":512,\"caption\":\"K\u00e4sipallon naisten Aktialiiga\"},\"image\":{\"@id\":\"https:\\\/\\\/aktialiiga.fi\\\/naiset\\\/#\\\/schema\\\/logo\\\/image\\\/\"},\"sameAs\":[\"https:\\\/\\\/www.facebook.com\\\/finnhandball\",\"https:\\\/\\\/x.com\\\/finnhandball\",\"https:\\\/\\\/www.instagram.com\\\/handballfinland\\\/\"]},{\"@type\":\"Person\",\"@id\":\"https:\\\/\\\/aktialiiga.fi\\\/naiset\\\/#\\\/schema\\\/person\\\/c14bf42f47041db74603c45afcb18d87\",\"name\":\"tbrmedia\",\"image\":{\"@type\":\"ImageObject\",\"inLanguage\":\"fi\",\"@id\":\"https:\\\/\\\/secure.gravatar.com\\\/avatar\\\/ee975fa091fe581d12b60debb3439022686618368a7c142044c56724d4666b16?s=96&d=mm&r=g\",\"url\":\"https:\\\/\\\/secure.gravatar.com\\\/avatar\\\/ee975fa091fe581d12b60debb3439022686618368a7c142044c56724d4666b16?s=96&d=mm&r=g\",\"contentUrl\":\"https:\\\/\\\/secure.gravatar.com\\\/avatar\\\/ee975fa091fe581d12b60debb3439022686618368a7c142044c56724d4666b16?s=96&d=mm&r=g\",\"caption\":\"tbrmedia\"}}]}<\/script>\n<!-- \/ Yoast SEO plugin. -->","yoast_head_json":{"title":"KyIF piti Dickeni\u00e4 tiukoilla | K\u00e4sipallon naisten Aktialiiga","robots":{"index":"index","follow":"follow","max-snippet":"max-snippet:-1","max-image-preview":"max-image-preview:large","max-video-preview":"max-video-preview:-1"},"canonical":"https:\/\/aktialiiga.fi\/naiset\/2018-2019\/ottelut-2018-2019\/kyif-piti-dickenia-tiukoilla\/","og_locale":"fi_FI","og_type":"article","og_title":"KyIF piti Dickeni\u00e4 tiukoilla | K\u00e4sipallon naisten Aktialiiga","og_description":"Pisteitt\u00e4 oleva KyIF tarjosi Dickenille kovan vastuksen, kun joukkueet kohtasivat lauantaina Pirkkolassa. Dicken oli kuitenkin lopulta vahvempi 25-22 (16-13). KyIF aloitti ottelun vahvasti ja ensimm\u00e4inen er\u00e4 oli hyvin tasainen. KyIF vei ottelua alussa, mutta ensimm\u00e4isen kympin j\u00e4lkeen Dicken p\u00e4\u00e4si johtoon eik\u00e4 KyIF en\u00e4\u00e4 sen j\u00e4lkeen etumatkalla k\u00e4ynyt. Se pysyi kuitenkin tiukasti Dickenin iholla ja viel\u00e4 [&hellip;]","og_url":"https:\/\/aktialiiga.fi\/naiset\/2018-2019\/ottelut-2018-2019\/kyif-piti-dickenia-tiukoilla\/","og_site_name":"K\u00e4sipallon naisten Aktialiiga","article_publisher":"https:\/\/www.facebook.com\/finnhandball","article_published_time":"2018-11-10T13:36:05+00:00","article_modified_time":"2018-11-10T14:00:21+00:00","og_image":[{"width":711,"height":320,"url":"https:\/\/aktialiiga.fi\/naiset\/wp-content\/uploads\/sites\/6\/2018\/11\/itkonen_kira_dicken_18-19.jpg","type":"image\/jpeg"}],"author":"tbrmedia","twitter_card":"summary_large_image","twitter_creator":"@finnhandball","twitter_site":"@finnhandball","schema":{"@context":"https:\/\/schema.org","@graph":[{"@type":"Article","@id":"https:\/\/aktialiiga.fi\/naiset\/2018-2019\/ottelut-2018-2019\/kyif-piti-dickenia-tiukoilla\/#article","isPartOf":{"@id":"https:\/\/aktialiiga.fi\/naiset\/2018-2019\/ottelut-2018-2019\/kyif-piti-dickenia-tiukoilla\/"},"author":{"name":"tbrmedia","@id":"https:\/\/aktialiiga.fi\/naiset\/#\/schema\/person\/c14bf42f47041db74603c45afcb18d87"},"headline":"KyIF piti Dickeni\u00e4 tiukoilla","datePublished":"2018-11-10T13:36:05+00:00","dateModified":"2018-11-10T14:00:21+00:00","mainEntityOfPage":{"@id":"https:\/\/aktialiiga.fi\/naiset\/2018-2019\/ottelut-2018-2019\/kyif-piti-dickenia-tiukoilla\/"},"wordCount":346,"publisher":{"@id":"https:\/\/aktialiiga.fi\/naiset\/#organization"},"image":{"@id":"https:\/\/aktialiiga.fi\/naiset\/2018-2019\/ottelut-2018-2019\/kyif-piti-dickenia-tiukoilla\/#primaryimage"},"thumbnailUrl":"https:\/\/aktialiiga.fi\/naiset\/wp-content\/uploads\/sites\/6\/2018\/11\/itkonen_kira_dicken_18-19.jpg","keywords":["Dicken","KyIF"],"articleSection":["Ottelut"],"inLanguage":"fi"},{"@type":"WebPage","@id":"https:\/\/aktialiiga.fi\/naiset\/2018-2019\/ottelut-2018-2019\/kyif-piti-dickenia-tiukoilla\/","url":"https:\/\/aktialiiga.fi\/naiset\/2018-2019\/ottelut-2018-2019\/kyif-piti-dickenia-tiukoilla\/","name":"KyIF piti Dickeni\u00e4 tiukoilla | K\u00e4sipallon naisten Aktialiiga","isPartOf":{"@id":"https:\/\/aktialiiga.fi\/naiset\/#website"},"primaryImageOfPage":{"@id":"https:\/\/aktialiiga.fi\/naiset\/2018-2019\/ottelut-2018-2019\/kyif-piti-dickenia-tiukoilla\/#primaryimage"},"image":{"@id":"https:\/\/aktialiiga.fi\/naiset\/2018-2019\/ottelut-2018-2019\/kyif-piti-dickenia-tiukoilla\/#primaryimage"},"thumbnailUrl":"https:\/\/aktialiiga.fi\/naiset\/wp-content\/uploads\/sites\/6\/2018\/11\/itkonen_kira_dicken_18-19.jpg","datePublished":"2018-11-10T13:36:05+00:00","dateModified":"2018-11-10T14:00:21+00:00","breadcrumb":{"@id":"https:\/\/aktialiiga.fi\/naiset\/2018-2019\/ottelut-2018-2019\/kyif-piti-dickenia-tiukoilla\/#breadcrumb"},"inLanguage":"fi","potentialAction":[{"@type":"ReadAction","target":["https:\/\/aktialiiga.fi\/naiset\/2018-2019\/ottelut-2018-2019\/kyif-piti-dickenia-tiukoilla\/"]}]},{"@type":"ImageObject","inLanguage":"fi","@id":"https:\/\/aktialiiga.fi\/naiset\/2018-2019\/ottelut-2018-2019\/kyif-piti-dickenia-tiukoilla\/#primaryimage","url":"https:\/\/aktialiiga.fi\/naiset\/wp-content\/uploads\/sites\/6\/2018\/11\/itkonen_kira_dicken_18-19.jpg","contentUrl":"https:\/\/aktialiiga.fi\/naiset\/wp-content\/uploads\/sites\/6\/2018\/11\/itkonen_kira_dicken_18-19.jpg","width":711,"height":320,"caption":"Kira Itkonen #16, Dicken k\u00e4sipallon naisten SM-sarjan ottelussa GrIFK - Dicken Kauniaisten Urheilutalolla 13. lokakuuta 2018. (Tomi H\u00e4nninen\/Newspix24)"},{"@type":"BreadcrumbList","@id":"https:\/\/aktialiiga.fi\/naiset\/2018-2019\/ottelut-2018-2019\/kyif-piti-dickenia-tiukoilla\/#breadcrumb","itemListElement":[{"@type":"ListItem","position":1,"name":"Etusivu","item":"https:\/\/aktialiiga.fi\/naiset\/"},{"@type":"ListItem","position":2,"name":"KyIF piti Dickeni\u00e4 tiukoilla"}]},{"@type":"WebSite","@id":"https:\/\/aktialiiga.fi\/naiset\/#website","url":"https:\/\/aktialiiga.fi\/naiset\/","name":"K\u00e4sipallon naisten Aktialiiga","description":"Valtakunnan vauhdikkainta palloilua!","publisher":{"@id":"https:\/\/aktialiiga.fi\/naiset\/#organization"},"potentialAction":[{"@type":"SearchAction","target":{"@type":"EntryPoint","urlTemplate":"https:\/\/aktialiiga.fi\/naiset\/?s={search_term_string}"},"query-input":{"@type":"PropertyValueSpecification","valueRequired":true,"valueName":"search_term_string"}}],"inLanguage":"fi"},{"@type":"Organization","@id":"https:\/\/aktialiiga.fi\/naiset\/#organization","name":"K\u00e4sipallon naisten Aktialiiga","url":"https:\/\/aktialiiga.fi\/naiset\/","logo":{"@type":"ImageObject","inLanguage":"fi","@id":"https:\/\/aktialiiga.fi\/naiset\/#\/schema\/logo\/image\/","url":"https:\/\/aktialiiga.fi\/naiset\/wp-content\/uploads\/sites\/6\/2024\/09\/Aktialiiga-Yoast-512.png","contentUrl":"https:\/\/aktialiiga.fi\/naiset\/wp-content\/uploads\/sites\/6\/2024\/09\/Aktialiiga-Yoast-512.png","width":512,"height":512,"caption":"K\u00e4sipallon naisten Aktialiiga"},"image":{"@id":"https:\/\/aktialiiga.fi\/naiset\/#\/schema\/logo\/image\/"},"sameAs":["https:\/\/www.facebook.com\/finnhandball","https:\/\/x.com\/finnhandball","https:\/\/www.instagram.com\/handballfinland\/"]},{"@type":"Person","@id":"https:\/\/aktialiiga.fi\/naiset\/#\/schema\/person\/c14bf42f47041db74603c45afcb18d87","name":"tbrmedia","image":{"@type":"ImageObject","inLanguage":"fi","@id":"https:\/\/secure.gravatar.com\/avatar\/ee975fa091fe581d12b60debb3439022686618368a7c142044c56724d4666b16?s=96&d=mm&r=g","url":"https:\/\/secure.gravatar.com\/avatar\/ee975fa091fe581d12b60debb3439022686618368a7c142044c56724d4666b16?s=96&d=mm&r=g","contentUrl":"https:\/\/secure.gravatar.com\/avatar\/ee975fa091fe581d12b60debb3439022686618368a7c142044c56724d4666b16?s=96&d=mm&r=g","caption":"tbrmedia"}}]}},"jetpack_featured_media_url":"https:\/\/aktialiiga.fi\/naiset\/wp-content\/uploads\/sites\/6\/2018\/11\/itkonen_kira_dicken_18-19.jpg","jetpack_sharing_enabled":true,"jetpack_shortlink":"https:\/\/wp.me\/pfYhm6-4Kw","_links":{"self":[{"href":"https:\/\/aktialiiga.fi\/naiset\/wp-json\/wp\/v2\/posts\/18260","targetHints":{"allow":["GET"]}}],"collection":[{"href":"https:\/\/aktialiiga.fi\/naiset\/wp-json\/wp\/v2\/posts"}],"about":[{"href":"https:\/\/aktialiiga.fi\/naiset\/wp-json\/wp\/v2\/types\/post"}],"author":[{"embeddable":true,"href":"https:\/\/aktialiiga.fi\/naiset\/wp-json\/wp\/v2\/users\/13"}],"replies":[{"embeddable":true,"href":"https:\/\/aktialiiga.fi\/naiset\/wp-json\/wp\/v2\/comments?post=18260"}],"version-history":[{"count":0,"href":"https:\/\/aktialiiga.fi\/naiset\/wp-json\/wp\/v2\/posts\/18260\/revisions"}],"wp:featuredmedia":[{"embeddable":true,"href":"https:\/\/aktialiiga.fi\/naiset\/wp-json\/wp\/v2\/media\/18262"}],"wp:attachment":[{"href":"https:\/\/aktialiiga.fi\/naiset\/wp-json\/wp\/v2\/media?parent=18260"}],"wp:term":[{"taxonomy":"category","embeddable":true,"href":"https:\/\/aktialiiga.fi\/naiset\/wp-json\/wp\/v2\/categories?post=18260"},{"taxonomy":"post_tag","embeddable":true,"href":"https:\/\/aktialiiga.fi\/naiset\/wp-json\/wp\/v2\/tags?post=18260"}],"curies":[{"name":"wp","href":"https:\/\/api.w.org\/{rel}","templated":true}]}}