{"id":18416,"date":"2018-12-15T18:37:49","date_gmt":"2018-12-15T16:37:49","guid":{"rendered":"https:\/\/aktialiiga.fi\/naiset\/?p=18416"},"modified":"2018-12-15T19:04:46","modified_gmt":"2018-12-15T17:04:46","slug":"sif-yllatti-dickenin","status":"publish","type":"post","link":"https:\/\/aktialiiga.fi\/naiset\/2018-2019\/ottelut-2018-2019\/sif-yllatti-dickenin\/","title":{"rendered":"SIF yll\u00e4tti Dickenin"},"content":{"rendered":"<p>SIF nousi hengitt\u00e4m\u00e4\u00e4n Dickenin niskaan sarjataulukossa, kun se voitti viikonlopun k\u00e4rkikamppailussa hallitsevan mestarin 22-19 (13-8). Edellisen kerran SIF kaatoi Dickenin vuonna 2015, kun joukkueet kohtasivat toisensa v\u00e4lieriss\u00e4.<\/p>\n<p>SIF sai pistetty\u00e4 heti kapuloita rattaisiin Dickenin normaalisti hyvin \u00f6ljytyn hy\u00f6kk\u00e4yskaluston hidastamiseksi, kun kotijoukkue j\u00e4tti mestarit ainoastaan kahdeksaan osumaan ensimm\u00e4isell\u00e4 puoliajalla. Samalla SIF sai onnistumisia hy\u00f6kk\u00e4ysp\u00e4\u00e4ss\u00e4 Madeleine Lindholmin, Valeriya Kirillovan ja Maria Barckin toimiessa keih\u00e4\u00e4nk\u00e4rken\u00e4. Taukokahveille menness\u00e4 tilanne oli kotijoukkueelle 13-8.<\/p>\n<p>Heti toisen puoliajan alkuun SIF onnistui kasvattamaan eroaan eik\u00e4 Dickenin kiri\u00e4 n\u00e4kynyt ennen kuin vasta viimeisell\u00e4 kympill\u00e4, kun Anna Lindahl ja Linn Wentzel saivat maaleillaan tuotua Dickeni\u00e4 l\u00e4hemm\u00e4ksi. SIF:n johtoasema ei ollut kuitenkaan miss\u00e4\u00e4n vaiheessa vakavasti uhattuna ja yli satap\u00e4inen kotiyleis\u00f6 p\u00e4\u00e4si tuulettamaan kotijoukkueen voittoa.<\/p>\n<p>SIF:n p\u00e4\u00e4valmentaja Taavi Tibar hehkutti joukkueensa peli\u00e4.<\/p>\n<p>&#8211; Todella hyv\u00e4 peli. Pelasimme pelisuunnitelman mukaisesti. Erityisesti puolustus ja maalivahti pelaaminen toimi 100 prosenttisesti.<\/p>\n<p>Dicken-k\u00e4skij\u00e4 Thomas Hivert my\u00f6nsi, ettei joukkueella ollut paras p\u00e4iv\u00e4.<\/p>\n<p>&#8211; Tiesimme, ett\u00e4 t\u00e4\u00e4ll\u00e4 Siuntiossa on aina vaikeaa pelata erityisesti lauantai-iltana. Emme onnistuneet kummassakaan p\u00e4\u00e4ss\u00e4. Tulemme harjoittelemaan ja tekem\u00e4\u00e4n kovasti t\u00f6it\u00e4 jatkossa.<\/p>\n<p>Valeriya Kirillova oli riemuissaan komeasta voitosta.<\/p>\n<p>&#8211; Pelasimme hyvin puolustuksessa, kuuntelimme valmentajaa ja pelasimme hyvin joukkueena. Maalivahdillemme Roosalle t\u00e4m\u00e4 oli kauden t\u00e4h\u00e4nastisesti paras peli. Olemme hyvin onnellisia!<\/p>\n<p><strong>SIF-Dicken 22-19 (13-8)<\/strong><\/p>\n<p><strong>Maalintekij\u00e4t<br \/>\n<\/strong>SIF: Valeriya Kirillova 7, Madeleine Lindholm 5, Maria Barck 4, Daria Kahanets 3, Matilda Sj\u00f6stedt 1, Nea Puijola 1, Saara Lehtola 1<\/p>\n<p>Dicken: Mia \u00c5strand 6, Anna Lindholm 3, Linn Wentzel 2, Tove Salokivi 2, Anna Lindahl 2, Malena Heikkinen 2, Emilia Valkamo 1, Karolina Nylund 1<\/p>\n<p><strong>L\u00e4hiTapiola-t\u00e4htipelaajat<br \/>\n<\/strong>Valeriya Kirillova SIF 3<br \/>\nRoosa Penttinen SIF 2<br \/>\nMia \u00c5strand Dicken 1<\/p>\n<p><strong>2 min ulosajot sek\u00e4 pelist\u00e4 sulkemiset<br \/>\n<\/strong>SIF: Madeleine Lindholm 1 x 2 min, Nea Puijola 1 x 2 min, Valeriya Kirillova 1 x 2 min<br \/>\nDicken: Emilia Valkamo 1 x 2 min, Janica Sj\u00f6str\u00f6m 1 x 2 min<\/p>\n<p><em>Erotuomarit: <\/em>Tapani Kuri &#8211; Krister Illman<\/p>\n<p>Yleis\u00f6\u00e4: 125<\/p>\n","protected":false},"excerpt":{"rendered":"<p>SIF nousi hengitt\u00e4m\u00e4\u00e4n Dickenin niskaan sarjataulukossa, kun se voitti viikonlopun k\u00e4rkikamppailussa hallitsevan mestarin 22-19 (13-8). Edellisen kerran SIF kaatoi Dickenin vuonna 2015, kun joukkueet kohtasivat toisensa v\u00e4lieriss\u00e4. SIF sai pistetty\u00e4 heti kapuloita rattaisiin Dickenin normaalisti hyvin \u00f6ljytyn hy\u00f6kk\u00e4yskaluston hidastamiseksi, kun kotijoukkue j\u00e4tti mestarit ainoastaan kahdeksaan osumaan ensimm\u00e4isell\u00e4 puoliajalla. Samalla SIF sai onnistumisia hy\u00f6kk\u00e4ysp\u00e4\u00e4ss\u00e4 Madeleine Lindholmin, [&hellip;]<\/p>\n","protected":false},"author":13,"featured_media":18420,"comment_status":"closed","ping_status":"closed","sticky":false,"template":"","format":"standard","meta":{"_acf_changed":false,"jetpack_post_was_ever_published":false,"_jetpack_newsletter_access":"","_jetpack_dont_email_post_to_subs":false,"_jetpack_newsletter_tier_id":0,"_jetpack_memberships_contains_paywalled_content":false,"_jetpack_memberships_contains_paid_content":false,"footnotes":""},"categories":[147],"tags":[51,81],"class_list":["post-18416","post","type-post","status-publish","format-standard","has-post-thumbnail","hentry","category-ottelut-2018-2019","tag-dicken","tag-sif"],"acf":[],"yoast_head":"<!-- This site is optimized with the Yoast SEO plugin v27.5 - https:\/\/yoast.com\/product\/yoast-seo-wordpress\/ -->\n<title>SIF yll\u00e4tti Dickenin | K\u00e4sipallon naisten Aktialiiga<\/title>\n<meta name=\"robots\" content=\"index, follow, max-snippet:-1, max-image-preview:large, max-video-preview:-1\" \/>\n<link rel=\"canonical\" href=\"https:\/\/aktialiiga.fi\/naiset\/2018-2019\/ottelut-2018-2019\/sif-yllatti-dickenin\/\" \/>\n<meta property=\"og:locale\" content=\"fi_FI\" \/>\n<meta property=\"og:type\" content=\"article\" \/>\n<meta property=\"og:title\" content=\"SIF yll\u00e4tti Dickenin | K\u00e4sipallon naisten Aktialiiga\" \/>\n<meta property=\"og:description\" content=\"SIF nousi hengitt\u00e4m\u00e4\u00e4n Dickenin niskaan sarjataulukossa, kun se voitti viikonlopun k\u00e4rkikamppailussa hallitsevan mestarin 22-19 (13-8). Edellisen kerran SIF kaatoi Dickenin vuonna 2015, kun joukkueet kohtasivat toisensa v\u00e4lieriss\u00e4. SIF sai pistetty\u00e4 heti kapuloita rattaisiin Dickenin normaalisti hyvin \u00f6ljytyn hy\u00f6kk\u00e4yskaluston hidastamiseksi, kun kotijoukkue j\u00e4tti mestarit ainoastaan kahdeksaan osumaan ensimm\u00e4isell\u00e4 puoliajalla. Samalla SIF sai onnistumisia hy\u00f6kk\u00e4ysp\u00e4\u00e4ss\u00e4 Madeleine Lindholmin, [&hellip;]\" \/>\n<meta property=\"og:url\" content=\"https:\/\/aktialiiga.fi\/naiset\/2018-2019\/ottelut-2018-2019\/sif-yllatti-dickenin\/\" \/>\n<meta property=\"og:site_name\" content=\"K\u00e4sipallon naisten Aktialiiga\" \/>\n<meta property=\"article:publisher\" content=\"https:\/\/www.facebook.com\/finnhandball\" \/>\n<meta property=\"article:published_time\" content=\"2018-12-15T16:37:49+00:00\" \/>\n<meta property=\"article:modified_time\" content=\"2018-12-15T17:04:46+00:00\" \/>\n<meta property=\"og:image\" content=\"https:\/\/aktialiiga.fi\/naiset\/wp-content\/uploads\/sites\/6\/2018\/12\/kirillova_valeriya_sif_18-19a.jpg\" \/>\n\t<meta property=\"og:image:width\" content=\"711\" \/>\n\t<meta property=\"og:image:height\" content=\"320\" \/>\n\t<meta property=\"og:image:type\" content=\"image\/jpeg\" \/>\n<meta name=\"author\" content=\"tbrmedia\" \/>\n<meta name=\"twitter:card\" content=\"summary_large_image\" \/>\n<meta name=\"twitter:creator\" content=\"@finnhandball\" \/>\n<meta name=\"twitter:site\" content=\"@finnhandball\" \/>\n<script type=\"application\/ld+json\" class=\"yoast-schema-graph\">{\"@context\":\"https:\\\/\\\/schema.org\",\"@graph\":[{\"@type\":\"Article\",\"@id\":\"https:\\\/\\\/aktialiiga.fi\\\/naiset\\\/2018-2019\\\/ottelut-2018-2019\\\/sif-yllatti-dickenin\\\/#article\",\"isPartOf\":{\"@id\":\"https:\\\/\\\/aktialiiga.fi\\\/naiset\\\/2018-2019\\\/ottelut-2018-2019\\\/sif-yllatti-dickenin\\\/\"},\"author\":{\"name\":\"tbrmedia\",\"@id\":\"https:\\\/\\\/aktialiiga.fi\\\/naiset\\\/#\\\/schema\\\/person\\\/c14bf42f47041db74603c45afcb18d87\"},\"headline\":\"SIF yll\u00e4tti Dickenin\",\"datePublished\":\"2018-12-15T16:37:49+00:00\",\"dateModified\":\"2018-12-15T17:04:46+00:00\",\"mainEntityOfPage\":{\"@id\":\"https:\\\/\\\/aktialiiga.fi\\\/naiset\\\/2018-2019\\\/ottelut-2018-2019\\\/sif-yllatti-dickenin\\\/\"},\"wordCount\":313,\"publisher\":{\"@id\":\"https:\\\/\\\/aktialiiga.fi\\\/naiset\\\/#organization\"},\"image\":{\"@id\":\"https:\\\/\\\/aktialiiga.fi\\\/naiset\\\/2018-2019\\\/ottelut-2018-2019\\\/sif-yllatti-dickenin\\\/#primaryimage\"},\"thumbnailUrl\":\"https:\\\/\\\/aktialiiga.fi\\\/naiset\\\/wp-content\\\/uploads\\\/sites\\\/6\\\/2018\\\/12\\\/kirillova_valeriya_sif_18-19a.jpg\",\"keywords\":[\"Dicken\",\"SIF\"],\"articleSection\":[\"Ottelut\"],\"inLanguage\":\"fi\"},{\"@type\":\"WebPage\",\"@id\":\"https:\\\/\\\/aktialiiga.fi\\\/naiset\\\/2018-2019\\\/ottelut-2018-2019\\\/sif-yllatti-dickenin\\\/\",\"url\":\"https:\\\/\\\/aktialiiga.fi\\\/naiset\\\/2018-2019\\\/ottelut-2018-2019\\\/sif-yllatti-dickenin\\\/\",\"name\":\"SIF yll\u00e4tti Dickenin | K\u00e4sipallon naisten Aktialiiga\",\"isPartOf\":{\"@id\":\"https:\\\/\\\/aktialiiga.fi\\\/naiset\\\/#website\"},\"primaryImageOfPage\":{\"@id\":\"https:\\\/\\\/aktialiiga.fi\\\/naiset\\\/2018-2019\\\/ottelut-2018-2019\\\/sif-yllatti-dickenin\\\/#primaryimage\"},\"image\":{\"@id\":\"https:\\\/\\\/aktialiiga.fi\\\/naiset\\\/2018-2019\\\/ottelut-2018-2019\\\/sif-yllatti-dickenin\\\/#primaryimage\"},\"thumbnailUrl\":\"https:\\\/\\\/aktialiiga.fi\\\/naiset\\\/wp-content\\\/uploads\\\/sites\\\/6\\\/2018\\\/12\\\/kirillova_valeriya_sif_18-19a.jpg\",\"datePublished\":\"2018-12-15T16:37:49+00:00\",\"dateModified\":\"2018-12-15T17:04:46+00:00\",\"breadcrumb\":{\"@id\":\"https:\\\/\\\/aktialiiga.fi\\\/naiset\\\/2018-2019\\\/ottelut-2018-2019\\\/sif-yllatti-dickenin\\\/#breadcrumb\"},\"inLanguage\":\"fi\",\"potentialAction\":[{\"@type\":\"ReadAction\",\"target\":[\"https:\\\/\\\/aktialiiga.fi\\\/naiset\\\/2018-2019\\\/ottelut-2018-2019\\\/sif-yllatti-dickenin\\\/\"]}]},{\"@type\":\"ImageObject\",\"inLanguage\":\"fi\",\"@id\":\"https:\\\/\\\/aktialiiga.fi\\\/naiset\\\/2018-2019\\\/ottelut-2018-2019\\\/sif-yllatti-dickenin\\\/#primaryimage\",\"url\":\"https:\\\/\\\/aktialiiga.fi\\\/naiset\\\/wp-content\\\/uploads\\\/sites\\\/6\\\/2018\\\/12\\\/kirillova_valeriya_sif_18-19a.jpg\",\"contentUrl\":\"https:\\\/\\\/aktialiiga.fi\\\/naiset\\\/wp-content\\\/uploads\\\/sites\\\/6\\\/2018\\\/12\\\/kirillova_valeriya_sif_18-19a.jpg\",\"width\":711,\"height\":320},{\"@type\":\"BreadcrumbList\",\"@id\":\"https:\\\/\\\/aktialiiga.fi\\\/naiset\\\/2018-2019\\\/ottelut-2018-2019\\\/sif-yllatti-dickenin\\\/#breadcrumb\",\"itemListElement\":[{\"@type\":\"ListItem\",\"position\":1,\"name\":\"Etusivu\",\"item\":\"https:\\\/\\\/aktialiiga.fi\\\/naiset\\\/\"},{\"@type\":\"ListItem\",\"position\":2,\"name\":\"SIF yll\u00e4tti Dickenin\"}]},{\"@type\":\"WebSite\",\"@id\":\"https:\\\/\\\/aktialiiga.fi\\\/naiset\\\/#website\",\"url\":\"https:\\\/\\\/aktialiiga.fi\\\/naiset\\\/\",\"name\":\"K\u00e4sipallon naisten Aktialiiga\",\"description\":\"Valtakunnan vauhdikkainta palloilua!\",\"publisher\":{\"@id\":\"https:\\\/\\\/aktialiiga.fi\\\/naiset\\\/#organization\"},\"potentialAction\":[{\"@type\":\"SearchAction\",\"target\":{\"@type\":\"EntryPoint\",\"urlTemplate\":\"https:\\\/\\\/aktialiiga.fi\\\/naiset\\\/?s={search_term_string}\"},\"query-input\":{\"@type\":\"PropertyValueSpecification\",\"valueRequired\":true,\"valueName\":\"search_term_string\"}}],\"inLanguage\":\"fi\"},{\"@type\":\"Organization\",\"@id\":\"https:\\\/\\\/aktialiiga.fi\\\/naiset\\\/#organization\",\"name\":\"K\u00e4sipallon naisten Aktialiiga\",\"url\":\"https:\\\/\\\/aktialiiga.fi\\\/naiset\\\/\",\"logo\":{\"@type\":\"ImageObject\",\"inLanguage\":\"fi\",\"@id\":\"https:\\\/\\\/aktialiiga.fi\\\/naiset\\\/#\\\/schema\\\/logo\\\/image\\\/\",\"url\":\"https:\\\/\\\/aktialiiga.fi\\\/naiset\\\/wp-content\\\/uploads\\\/sites\\\/6\\\/2024\\\/09\\\/Aktialiiga-Yoast-512.png\",\"contentUrl\":\"https:\\\/\\\/aktialiiga.fi\\\/naiset\\\/wp-content\\\/uploads\\\/sites\\\/6\\\/2024\\\/09\\\/Aktialiiga-Yoast-512.png\",\"width\":512,\"height\":512,\"caption\":\"K\u00e4sipallon naisten Aktialiiga\"},\"image\":{\"@id\":\"https:\\\/\\\/aktialiiga.fi\\\/naiset\\\/#\\\/schema\\\/logo\\\/image\\\/\"},\"sameAs\":[\"https:\\\/\\\/www.facebook.com\\\/finnhandball\",\"https:\\\/\\\/x.com\\\/finnhandball\",\"https:\\\/\\\/www.instagram.com\\\/handballfinland\\\/\"]},{\"@type\":\"Person\",\"@id\":\"https:\\\/\\\/aktialiiga.fi\\\/naiset\\\/#\\\/schema\\\/person\\\/c14bf42f47041db74603c45afcb18d87\",\"name\":\"tbrmedia\",\"image\":{\"@type\":\"ImageObject\",\"inLanguage\":\"fi\",\"@id\":\"https:\\\/\\\/secure.gravatar.com\\\/avatar\\\/ee975fa091fe581d12b60debb3439022686618368a7c142044c56724d4666b16?s=96&d=mm&r=g\",\"url\":\"https:\\\/\\\/secure.gravatar.com\\\/avatar\\\/ee975fa091fe581d12b60debb3439022686618368a7c142044c56724d4666b16?s=96&d=mm&r=g\",\"contentUrl\":\"https:\\\/\\\/secure.gravatar.com\\\/avatar\\\/ee975fa091fe581d12b60debb3439022686618368a7c142044c56724d4666b16?s=96&d=mm&r=g\",\"caption\":\"tbrmedia\"}}]}<\/script>\n<!-- \/ Yoast SEO plugin. -->","yoast_head_json":{"title":"SIF yll\u00e4tti Dickenin | K\u00e4sipallon naisten Aktialiiga","robots":{"index":"index","follow":"follow","max-snippet":"max-snippet:-1","max-image-preview":"max-image-preview:large","max-video-preview":"max-video-preview:-1"},"canonical":"https:\/\/aktialiiga.fi\/naiset\/2018-2019\/ottelut-2018-2019\/sif-yllatti-dickenin\/","og_locale":"fi_FI","og_type":"article","og_title":"SIF yll\u00e4tti Dickenin | K\u00e4sipallon naisten Aktialiiga","og_description":"SIF nousi hengitt\u00e4m\u00e4\u00e4n Dickenin niskaan sarjataulukossa, kun se voitti viikonlopun k\u00e4rkikamppailussa hallitsevan mestarin 22-19 (13-8). Edellisen kerran SIF kaatoi Dickenin vuonna 2015, kun joukkueet kohtasivat toisensa v\u00e4lieriss\u00e4. SIF sai pistetty\u00e4 heti kapuloita rattaisiin Dickenin normaalisti hyvin \u00f6ljytyn hy\u00f6kk\u00e4yskaluston hidastamiseksi, kun kotijoukkue j\u00e4tti mestarit ainoastaan kahdeksaan osumaan ensimm\u00e4isell\u00e4 puoliajalla. Samalla SIF sai onnistumisia hy\u00f6kk\u00e4ysp\u00e4\u00e4ss\u00e4 Madeleine Lindholmin, [&hellip;]","og_url":"https:\/\/aktialiiga.fi\/naiset\/2018-2019\/ottelut-2018-2019\/sif-yllatti-dickenin\/","og_site_name":"K\u00e4sipallon naisten Aktialiiga","article_publisher":"https:\/\/www.facebook.com\/finnhandball","article_published_time":"2018-12-15T16:37:49+00:00","article_modified_time":"2018-12-15T17:04:46+00:00","og_image":[{"width":711,"height":320,"url":"https:\/\/aktialiiga.fi\/naiset\/wp-content\/uploads\/sites\/6\/2018\/12\/kirillova_valeriya_sif_18-19a.jpg","type":"image\/jpeg"}],"author":"tbrmedia","twitter_card":"summary_large_image","twitter_creator":"@finnhandball","twitter_site":"@finnhandball","schema":{"@context":"https:\/\/schema.org","@graph":[{"@type":"Article","@id":"https:\/\/aktialiiga.fi\/naiset\/2018-2019\/ottelut-2018-2019\/sif-yllatti-dickenin\/#article","isPartOf":{"@id":"https:\/\/aktialiiga.fi\/naiset\/2018-2019\/ottelut-2018-2019\/sif-yllatti-dickenin\/"},"author":{"name":"tbrmedia","@id":"https:\/\/aktialiiga.fi\/naiset\/#\/schema\/person\/c14bf42f47041db74603c45afcb18d87"},"headline":"SIF yll\u00e4tti Dickenin","datePublished":"2018-12-15T16:37:49+00:00","dateModified":"2018-12-15T17:04:46+00:00","mainEntityOfPage":{"@id":"https:\/\/aktialiiga.fi\/naiset\/2018-2019\/ottelut-2018-2019\/sif-yllatti-dickenin\/"},"wordCount":313,"publisher":{"@id":"https:\/\/aktialiiga.fi\/naiset\/#organization"},"image":{"@id":"https:\/\/aktialiiga.fi\/naiset\/2018-2019\/ottelut-2018-2019\/sif-yllatti-dickenin\/#primaryimage"},"thumbnailUrl":"https:\/\/aktialiiga.fi\/naiset\/wp-content\/uploads\/sites\/6\/2018\/12\/kirillova_valeriya_sif_18-19a.jpg","keywords":["Dicken","SIF"],"articleSection":["Ottelut"],"inLanguage":"fi"},{"@type":"WebPage","@id":"https:\/\/aktialiiga.fi\/naiset\/2018-2019\/ottelut-2018-2019\/sif-yllatti-dickenin\/","url":"https:\/\/aktialiiga.fi\/naiset\/2018-2019\/ottelut-2018-2019\/sif-yllatti-dickenin\/","name":"SIF yll\u00e4tti Dickenin | K\u00e4sipallon naisten Aktialiiga","isPartOf":{"@id":"https:\/\/aktialiiga.fi\/naiset\/#website"},"primaryImageOfPage":{"@id":"https:\/\/aktialiiga.fi\/naiset\/2018-2019\/ottelut-2018-2019\/sif-yllatti-dickenin\/#primaryimage"},"image":{"@id":"https:\/\/aktialiiga.fi\/naiset\/2018-2019\/ottelut-2018-2019\/sif-yllatti-dickenin\/#primaryimage"},"thumbnailUrl":"https:\/\/aktialiiga.fi\/naiset\/wp-content\/uploads\/sites\/6\/2018\/12\/kirillova_valeriya_sif_18-19a.jpg","datePublished":"2018-12-15T16:37:49+00:00","dateModified":"2018-12-15T17:04:46+00:00","breadcrumb":{"@id":"https:\/\/aktialiiga.fi\/naiset\/2018-2019\/ottelut-2018-2019\/sif-yllatti-dickenin\/#breadcrumb"},"inLanguage":"fi","potentialAction":[{"@type":"ReadAction","target":["https:\/\/aktialiiga.fi\/naiset\/2018-2019\/ottelut-2018-2019\/sif-yllatti-dickenin\/"]}]},{"@type":"ImageObject","inLanguage":"fi","@id":"https:\/\/aktialiiga.fi\/naiset\/2018-2019\/ottelut-2018-2019\/sif-yllatti-dickenin\/#primaryimage","url":"https:\/\/aktialiiga.fi\/naiset\/wp-content\/uploads\/sites\/6\/2018\/12\/kirillova_valeriya_sif_18-19a.jpg","contentUrl":"https:\/\/aktialiiga.fi\/naiset\/wp-content\/uploads\/sites\/6\/2018\/12\/kirillova_valeriya_sif_18-19a.jpg","width":711,"height":320},{"@type":"BreadcrumbList","@id":"https:\/\/aktialiiga.fi\/naiset\/2018-2019\/ottelut-2018-2019\/sif-yllatti-dickenin\/#breadcrumb","itemListElement":[{"@type":"ListItem","position":1,"name":"Etusivu","item":"https:\/\/aktialiiga.fi\/naiset\/"},{"@type":"ListItem","position":2,"name":"SIF yll\u00e4tti Dickenin"}]},{"@type":"WebSite","@id":"https:\/\/aktialiiga.fi\/naiset\/#website","url":"https:\/\/aktialiiga.fi\/naiset\/","name":"K\u00e4sipallon naisten Aktialiiga","description":"Valtakunnan vauhdikkainta palloilua!","publisher":{"@id":"https:\/\/aktialiiga.fi\/naiset\/#organization"},"potentialAction":[{"@type":"SearchAction","target":{"@type":"EntryPoint","urlTemplate":"https:\/\/aktialiiga.fi\/naiset\/?s={search_term_string}"},"query-input":{"@type":"PropertyValueSpecification","valueRequired":true,"valueName":"search_term_string"}}],"inLanguage":"fi"},{"@type":"Organization","@id":"https:\/\/aktialiiga.fi\/naiset\/#organization","name":"K\u00e4sipallon naisten Aktialiiga","url":"https:\/\/aktialiiga.fi\/naiset\/","logo":{"@type":"ImageObject","inLanguage":"fi","@id":"https:\/\/aktialiiga.fi\/naiset\/#\/schema\/logo\/image\/","url":"https:\/\/aktialiiga.fi\/naiset\/wp-content\/uploads\/sites\/6\/2024\/09\/Aktialiiga-Yoast-512.png","contentUrl":"https:\/\/aktialiiga.fi\/naiset\/wp-content\/uploads\/sites\/6\/2024\/09\/Aktialiiga-Yoast-512.png","width":512,"height":512,"caption":"K\u00e4sipallon naisten Aktialiiga"},"image":{"@id":"https:\/\/aktialiiga.fi\/naiset\/#\/schema\/logo\/image\/"},"sameAs":["https:\/\/www.facebook.com\/finnhandball","https:\/\/x.com\/finnhandball","https:\/\/www.instagram.com\/handballfinland\/"]},{"@type":"Person","@id":"https:\/\/aktialiiga.fi\/naiset\/#\/schema\/person\/c14bf42f47041db74603c45afcb18d87","name":"tbrmedia","image":{"@type":"ImageObject","inLanguage":"fi","@id":"https:\/\/secure.gravatar.com\/avatar\/ee975fa091fe581d12b60debb3439022686618368a7c142044c56724d4666b16?s=96&d=mm&r=g","url":"https:\/\/secure.gravatar.com\/avatar\/ee975fa091fe581d12b60debb3439022686618368a7c142044c56724d4666b16?s=96&d=mm&r=g","contentUrl":"https:\/\/secure.gravatar.com\/avatar\/ee975fa091fe581d12b60debb3439022686618368a7c142044c56724d4666b16?s=96&d=mm&r=g","caption":"tbrmedia"}}]}},"jetpack_featured_media_url":"https:\/\/aktialiiga.fi\/naiset\/wp-content\/uploads\/sites\/6\/2018\/12\/kirillova_valeriya_sif_18-19a.jpg","jetpack_sharing_enabled":true,"jetpack_shortlink":"https:\/\/wp.me\/pfYhm6-4N2","_links":{"self":[{"href":"https:\/\/aktialiiga.fi\/naiset\/wp-json\/wp\/v2\/posts\/18416","targetHints":{"allow":["GET"]}}],"collection":[{"href":"https:\/\/aktialiiga.fi\/naiset\/wp-json\/wp\/v2\/posts"}],"about":[{"href":"https:\/\/aktialiiga.fi\/naiset\/wp-json\/wp\/v2\/types\/post"}],"author":[{"embeddable":true,"href":"https:\/\/aktialiiga.fi\/naiset\/wp-json\/wp\/v2\/users\/13"}],"replies":[{"embeddable":true,"href":"https:\/\/aktialiiga.fi\/naiset\/wp-json\/wp\/v2\/comments?post=18416"}],"version-history":[{"count":0,"href":"https:\/\/aktialiiga.fi\/naiset\/wp-json\/wp\/v2\/posts\/18416\/revisions"}],"wp:featuredmedia":[{"embeddable":true,"href":"https:\/\/aktialiiga.fi\/naiset\/wp-json\/wp\/v2\/media\/18420"}],"wp:attachment":[{"href":"https:\/\/aktialiiga.fi\/naiset\/wp-json\/wp\/v2\/media?parent=18416"}],"wp:term":[{"taxonomy":"category","embeddable":true,"href":"https:\/\/aktialiiga.fi\/naiset\/wp-json\/wp\/v2\/categories?post=18416"},{"taxonomy":"post_tag","embeddable":true,"href":"https:\/\/aktialiiga.fi\/naiset\/wp-json\/wp\/v2\/tags?post=18416"}],"curies":[{"name":"wp","href":"https:\/\/api.w.org\/{rel}","templated":true}]}}