{"id":18694,"date":"2019-03-02T18:47:42","date_gmt":"2019-03-02T16:47:42","guid":{"rendered":"https:\/\/aktialiiga.fi\/naiset\/?p=18694"},"modified":"2019-03-02T19:25:43","modified_gmt":"2019-03-02T17:25:43","slug":"siflle-tarkeat-pisteet-jannitysnaytelmassa","status":"publish","type":"post","link":"https:\/\/aktialiiga.fi\/naiset\/2018-2019\/ottelut-2018-2019\/siflle-tarkeat-pisteet-jannitysnaytelmassa\/","title":{"rendered":"SIF:lle t\u00e4rke\u00e4t pisteet j\u00e4nnitysn\u00e4ytelm\u00e4ss\u00e4"},"content":{"rendered":"<p>SIF otti ison voiton kaataessaan GrIFK:n 18-17 (8-8). Samalla SIF vankisti asemiaan sarjanelosena.<\/p>\n<p>Ottelussa oli isot panokset ja se n\u00e4kyi peliss\u00e4. Joukkueiden kolmesta aiemmasta kohtaamisesta yksi oli p\u00e4\u00e4ttynyt tasan ja yksi maalin erolla, eik\u00e4 lauantain ottelu pett\u00e4nyt odotuksia tiukasta taistelusta.<\/p>\n<p>GrIFK sai otteluun paremman startin p\u00e4\u00e4sten kahden maalin johtoasemaan, mutta sen j\u00e4lkeen SIF iski nelj\u00e4sti. GrIFK oli kuitenkin kannassa ja tauolle mentiin tasatuloksessa 8-8.<\/p>\n<p>Toinen puoliaika noudatteli pitk\u00e4lti samaa k\u00e4sikirjoitusta. SIF p\u00e4\u00e4si parhaimmillaan kahden maalin johtoon, mutta kaksi minuuttia ennen loppua vahvan pelin pelannut GrIFK:n Linnea Harms nosti Granin johtoon. SIF tuli kuitenkin viel\u00e4 kerran, kun Anna Westerlund kuittasi tasoihin ja puoli minuuttia ennen loppua Linda Arifullen iski voittomaalin. Voitolla SIF kasvatti eron GrIFK:hon kolmeen pisteeseen.<\/p>\n<p>Voitto oli SIF:lle toinen per\u00e4kk\u00e4inen, sill\u00e4 keskiviikkona kaatui BK-46. P\u00e4\u00e4valmentaja Taavi Tibar oli syyst\u00e4kin tyytyv\u00e4inen.<\/p>\n<p>&#8211; T\u00e4rke\u00e4\u00e4, ett\u00e4 nelj\u00e4n pisteen viikko on takanap\u00e4in. Puolustus toimii hyvin, mutta hy\u00f6kk\u00e4yspuolella t\u00e4ytyy viel\u00e4 tehd\u00e4 t\u00f6it\u00e4.<\/p>\n<p>Sam Kihlstedt harmitteli, ettei GrIFK pystynyt k\u00e4\u00e4nt\u00e4m\u00e4\u00e4n ottelua edukseen, mutta kiitteli joukkueensa taistelua.<\/p>\n<p>&#8211; Taistelimme hyvin ja n\u00e4ytimme uskomatonta tahtoa. Annoimme kaikkemme puolustuksessa. 18:lla p\u00e4\u00e4stetyll\u00e4 maalilla tulisi voittaa ottelu. Ik\u00e4v\u00e4 kyll\u00e4 hukkasimme liian monta selv\u00e4\u00e4 maalipaikkaa ja se koitui kohtaloksemme t\u00e4n\u00e4\u00e4n.<\/p>\n<p>J\u00e4lleen vahvasti SIF:n maalilla esiintynyt Roosa Penttinen hehkutti joukkueensa voitontahtoa.<\/p>\n<p>&#8211; Tosi tiukka peli. GrIFK antoi hyv\u00e4n vastuksen. Me haluttiin voittaa ja se ratkaisi pelin. J\u00e4nnitt\u00e4v\u00e4 peli.<\/p>\n<p><strong>SIF-GrIFK 18-17 (8-8)<\/strong><\/p>\n<p><strong>Maalintekij\u00e4t<br \/>\n<\/strong>SIF: Linda Arifullen 6, Madeleine Lindholm 4, Anna Westerlund 3, Jeanette Perovuo 2, Matilda Sj\u00f6stedt 1, Nea Puijola 1, Anna Nylund 1<\/p>\n<p>GrIFK: Linnea Harms 6, Carolina Rehnberg 3, Corinna Jensen 3, Greta Wir\u00e9n 2, Carolina B\u00f6ckelman 2, Sandra Laitinen 1<\/p>\n<p><strong>L\u00e4hiTapiola-t\u00e4htipelaajat<br \/>\n<\/strong>Roosa Penttinen SIF 3<br \/>\nLinnea Harms GrIFK 2<br \/>\nLinda Arifullen SIF 1<\/p>\n<p><strong>2 min ulosajot sek\u00e4 pelist\u00e4 sulkemiset<br \/>\n<\/strong>SIF: Madeleine Lindholm 1 x 2 min, Matilda Sj\u00f6stedt 1 x 2 min<br \/>\nGrIFK: &#8211;<\/p>\n<p><em>Erotuomarit:<\/em> Alice Swe Watson &#8211; Line Swe Welin<\/p>\n<p>Yleis\u00f6\u00e4: 129<\/p>\n","protected":false},"excerpt":{"rendered":"<p>SIF otti ison voiton kaataessaan GrIFK:n 18-17 (8-8). Samalla SIF vankisti asemiaan sarjanelosena. Ottelussa oli isot panokset ja se n\u00e4kyi peliss\u00e4. Joukkueiden kolmesta aiemmasta kohtaamisesta yksi oli p\u00e4\u00e4ttynyt tasan ja yksi maalin erolla, eik\u00e4 lauantain ottelu pett\u00e4nyt odotuksia tiukasta taistelusta. GrIFK sai otteluun paremman startin p\u00e4\u00e4sten kahden maalin johtoasemaan, mutta sen j\u00e4lkeen SIF iski nelj\u00e4sti. [&hellip;]<\/p>\n","protected":false},"author":13,"featured_media":18281,"comment_status":"closed","ping_status":"closed","sticky":false,"template":"","format":"standard","meta":{"_acf_changed":false,"jetpack_post_was_ever_published":false,"_jetpack_newsletter_access":"","_jetpack_dont_email_post_to_subs":false,"_jetpack_newsletter_tier_id":0,"_jetpack_memberships_contains_paywalled_content":false,"_jetpack_memberships_contains_paid_content":false,"footnotes":""},"categories":[147],"tags":[57,81],"class_list":["post-18694","post","type-post","status-publish","format-standard","has-post-thumbnail","hentry","category-ottelut-2018-2019","tag-grifk","tag-sif"],"acf":[],"yoast_head":"<!-- This site is optimized with the Yoast SEO plugin v27.5 - https:\/\/yoast.com\/product\/yoast-seo-wordpress\/ -->\n<title>SIF:lle t\u00e4rke\u00e4t pisteet j\u00e4nnitysn\u00e4ytelm\u00e4ss\u00e4 | K\u00e4sipallon naisten Aktialiiga<\/title>\n<meta name=\"robots\" content=\"index, follow, max-snippet:-1, max-image-preview:large, max-video-preview:-1\" \/>\n<link rel=\"canonical\" href=\"https:\/\/aktialiiga.fi\/naiset\/2018-2019\/ottelut-2018-2019\/siflle-tarkeat-pisteet-jannitysnaytelmassa\/\" \/>\n<meta property=\"og:locale\" content=\"fi_FI\" \/>\n<meta property=\"og:type\" content=\"article\" \/>\n<meta property=\"og:title\" content=\"SIF:lle t\u00e4rke\u00e4t pisteet j\u00e4nnitysn\u00e4ytelm\u00e4ss\u00e4 | K\u00e4sipallon naisten Aktialiiga\" \/>\n<meta property=\"og:description\" content=\"SIF otti ison voiton kaataessaan GrIFK:n 18-17 (8-8). Samalla SIF vankisti asemiaan sarjanelosena. Ottelussa oli isot panokset ja se n\u00e4kyi peliss\u00e4. Joukkueiden kolmesta aiemmasta kohtaamisesta yksi oli p\u00e4\u00e4ttynyt tasan ja yksi maalin erolla, eik\u00e4 lauantain ottelu pett\u00e4nyt odotuksia tiukasta taistelusta. GrIFK sai otteluun paremman startin p\u00e4\u00e4sten kahden maalin johtoasemaan, mutta sen j\u00e4lkeen SIF iski nelj\u00e4sti. [&hellip;]\" \/>\n<meta property=\"og:url\" content=\"https:\/\/aktialiiga.fi\/naiset\/2018-2019\/ottelut-2018-2019\/siflle-tarkeat-pisteet-jannitysnaytelmassa\/\" \/>\n<meta property=\"og:site_name\" content=\"K\u00e4sipallon naisten Aktialiiga\" \/>\n<meta property=\"article:publisher\" content=\"https:\/\/www.facebook.com\/finnhandball\" \/>\n<meta property=\"article:published_time\" content=\"2019-03-02T16:47:42+00:00\" \/>\n<meta property=\"article:modified_time\" content=\"2019-03-02T17:25:43+00:00\" \/>\n<meta property=\"og:image\" content=\"https:\/\/aktialiiga.fi\/naiset\/wp-content\/uploads\/sites\/6\/2018\/11\/ekstrom_susanne_sif_18-19.jpg\" \/>\n\t<meta property=\"og:image:width\" content=\"711\" \/>\n\t<meta property=\"og:image:height\" content=\"320\" \/>\n\t<meta property=\"og:image:type\" content=\"image\/jpeg\" \/>\n<meta name=\"author\" content=\"tbrmedia\" \/>\n<meta name=\"twitter:card\" content=\"summary_large_image\" \/>\n<meta name=\"twitter:creator\" content=\"@finnhandball\" \/>\n<meta name=\"twitter:site\" content=\"@finnhandball\" \/>\n<script type=\"application\/ld+json\" class=\"yoast-schema-graph\">{\"@context\":\"https:\\\/\\\/schema.org\",\"@graph\":[{\"@type\":\"Article\",\"@id\":\"https:\\\/\\\/aktialiiga.fi\\\/naiset\\\/2018-2019\\\/ottelut-2018-2019\\\/siflle-tarkeat-pisteet-jannitysnaytelmassa\\\/#article\",\"isPartOf\":{\"@id\":\"https:\\\/\\\/aktialiiga.fi\\\/naiset\\\/2018-2019\\\/ottelut-2018-2019\\\/siflle-tarkeat-pisteet-jannitysnaytelmassa\\\/\"},\"author\":{\"name\":\"tbrmedia\",\"@id\":\"https:\\\/\\\/aktialiiga.fi\\\/naiset\\\/#\\\/schema\\\/person\\\/c14bf42f47041db74603c45afcb18d87\"},\"headline\":\"SIF:lle t\u00e4rke\u00e4t pisteet j\u00e4nnitysn\u00e4ytelm\u00e4ss\u00e4\",\"datePublished\":\"2019-03-02T16:47:42+00:00\",\"dateModified\":\"2019-03-02T17:25:43+00:00\",\"mainEntityOfPage\":{\"@id\":\"https:\\\/\\\/aktialiiga.fi\\\/naiset\\\/2018-2019\\\/ottelut-2018-2019\\\/siflle-tarkeat-pisteet-jannitysnaytelmassa\\\/\"},\"wordCount\":338,\"publisher\":{\"@id\":\"https:\\\/\\\/aktialiiga.fi\\\/naiset\\\/#organization\"},\"image\":{\"@id\":\"https:\\\/\\\/aktialiiga.fi\\\/naiset\\\/2018-2019\\\/ottelut-2018-2019\\\/siflle-tarkeat-pisteet-jannitysnaytelmassa\\\/#primaryimage\"},\"thumbnailUrl\":\"https:\\\/\\\/aktialiiga.fi\\\/naiset\\\/wp-content\\\/uploads\\\/sites\\\/6\\\/2018\\\/11\\\/ekstrom_susanne_sif_18-19.jpg\",\"keywords\":[\"GrIFK\",\"SIF\"],\"articleSection\":[\"Ottelut\"],\"inLanguage\":\"fi\"},{\"@type\":\"WebPage\",\"@id\":\"https:\\\/\\\/aktialiiga.fi\\\/naiset\\\/2018-2019\\\/ottelut-2018-2019\\\/siflle-tarkeat-pisteet-jannitysnaytelmassa\\\/\",\"url\":\"https:\\\/\\\/aktialiiga.fi\\\/naiset\\\/2018-2019\\\/ottelut-2018-2019\\\/siflle-tarkeat-pisteet-jannitysnaytelmassa\\\/\",\"name\":\"SIF:lle t\u00e4rke\u00e4t pisteet j\u00e4nnitysn\u00e4ytelm\u00e4ss\u00e4 | K\u00e4sipallon naisten Aktialiiga\",\"isPartOf\":{\"@id\":\"https:\\\/\\\/aktialiiga.fi\\\/naiset\\\/#website\"},\"primaryImageOfPage\":{\"@id\":\"https:\\\/\\\/aktialiiga.fi\\\/naiset\\\/2018-2019\\\/ottelut-2018-2019\\\/siflle-tarkeat-pisteet-jannitysnaytelmassa\\\/#primaryimage\"},\"image\":{\"@id\":\"https:\\\/\\\/aktialiiga.fi\\\/naiset\\\/2018-2019\\\/ottelut-2018-2019\\\/siflle-tarkeat-pisteet-jannitysnaytelmassa\\\/#primaryimage\"},\"thumbnailUrl\":\"https:\\\/\\\/aktialiiga.fi\\\/naiset\\\/wp-content\\\/uploads\\\/sites\\\/6\\\/2018\\\/11\\\/ekstrom_susanne_sif_18-19.jpg\",\"datePublished\":\"2019-03-02T16:47:42+00:00\",\"dateModified\":\"2019-03-02T17:25:43+00:00\",\"breadcrumb\":{\"@id\":\"https:\\\/\\\/aktialiiga.fi\\\/naiset\\\/2018-2019\\\/ottelut-2018-2019\\\/siflle-tarkeat-pisteet-jannitysnaytelmassa\\\/#breadcrumb\"},\"inLanguage\":\"fi\",\"potentialAction\":[{\"@type\":\"ReadAction\",\"target\":[\"https:\\\/\\\/aktialiiga.fi\\\/naiset\\\/2018-2019\\\/ottelut-2018-2019\\\/siflle-tarkeat-pisteet-jannitysnaytelmassa\\\/\"]}]},{\"@type\":\"ImageObject\",\"inLanguage\":\"fi\",\"@id\":\"https:\\\/\\\/aktialiiga.fi\\\/naiset\\\/2018-2019\\\/ottelut-2018-2019\\\/siflle-tarkeat-pisteet-jannitysnaytelmassa\\\/#primaryimage\",\"url\":\"https:\\\/\\\/aktialiiga.fi\\\/naiset\\\/wp-content\\\/uploads\\\/sites\\\/6\\\/2018\\\/11\\\/ekstrom_susanne_sif_18-19.jpg\",\"contentUrl\":\"https:\\\/\\\/aktialiiga.fi\\\/naiset\\\/wp-content\\\/uploads\\\/sites\\\/6\\\/2018\\\/11\\\/ekstrom_susanne_sif_18-19.jpg\",\"width\":711,\"height\":320},{\"@type\":\"BreadcrumbList\",\"@id\":\"https:\\\/\\\/aktialiiga.fi\\\/naiset\\\/2018-2019\\\/ottelut-2018-2019\\\/siflle-tarkeat-pisteet-jannitysnaytelmassa\\\/#breadcrumb\",\"itemListElement\":[{\"@type\":\"ListItem\",\"position\":1,\"name\":\"Etusivu\",\"item\":\"https:\\\/\\\/aktialiiga.fi\\\/naiset\\\/\"},{\"@type\":\"ListItem\",\"position\":2,\"name\":\"SIF:lle t\u00e4rke\u00e4t pisteet j\u00e4nnitysn\u00e4ytelm\u00e4ss\u00e4\"}]},{\"@type\":\"WebSite\",\"@id\":\"https:\\\/\\\/aktialiiga.fi\\\/naiset\\\/#website\",\"url\":\"https:\\\/\\\/aktialiiga.fi\\\/naiset\\\/\",\"name\":\"K\u00e4sipallon naisten Aktialiiga\",\"description\":\"Valtakunnan vauhdikkainta palloilua!\",\"publisher\":{\"@id\":\"https:\\\/\\\/aktialiiga.fi\\\/naiset\\\/#organization\"},\"potentialAction\":[{\"@type\":\"SearchAction\",\"target\":{\"@type\":\"EntryPoint\",\"urlTemplate\":\"https:\\\/\\\/aktialiiga.fi\\\/naiset\\\/?s={search_term_string}\"},\"query-input\":{\"@type\":\"PropertyValueSpecification\",\"valueRequired\":true,\"valueName\":\"search_term_string\"}}],\"inLanguage\":\"fi\"},{\"@type\":\"Organization\",\"@id\":\"https:\\\/\\\/aktialiiga.fi\\\/naiset\\\/#organization\",\"name\":\"K\u00e4sipallon naisten Aktialiiga\",\"url\":\"https:\\\/\\\/aktialiiga.fi\\\/naiset\\\/\",\"logo\":{\"@type\":\"ImageObject\",\"inLanguage\":\"fi\",\"@id\":\"https:\\\/\\\/aktialiiga.fi\\\/naiset\\\/#\\\/schema\\\/logo\\\/image\\\/\",\"url\":\"https:\\\/\\\/aktialiiga.fi\\\/naiset\\\/wp-content\\\/uploads\\\/sites\\\/6\\\/2024\\\/09\\\/Aktialiiga-Yoast-512.png\",\"contentUrl\":\"https:\\\/\\\/aktialiiga.fi\\\/naiset\\\/wp-content\\\/uploads\\\/sites\\\/6\\\/2024\\\/09\\\/Aktialiiga-Yoast-512.png\",\"width\":512,\"height\":512,\"caption\":\"K\u00e4sipallon naisten Aktialiiga\"},\"image\":{\"@id\":\"https:\\\/\\\/aktialiiga.fi\\\/naiset\\\/#\\\/schema\\\/logo\\\/image\\\/\"},\"sameAs\":[\"https:\\\/\\\/www.facebook.com\\\/finnhandball\",\"https:\\\/\\\/x.com\\\/finnhandball\",\"https:\\\/\\\/www.instagram.com\\\/handballfinland\\\/\"]},{\"@type\":\"Person\",\"@id\":\"https:\\\/\\\/aktialiiga.fi\\\/naiset\\\/#\\\/schema\\\/person\\\/c14bf42f47041db74603c45afcb18d87\",\"name\":\"tbrmedia\",\"image\":{\"@type\":\"ImageObject\",\"inLanguage\":\"fi\",\"@id\":\"https:\\\/\\\/secure.gravatar.com\\\/avatar\\\/ee975fa091fe581d12b60debb3439022686618368a7c142044c56724d4666b16?s=96&d=mm&r=g\",\"url\":\"https:\\\/\\\/secure.gravatar.com\\\/avatar\\\/ee975fa091fe581d12b60debb3439022686618368a7c142044c56724d4666b16?s=96&d=mm&r=g\",\"contentUrl\":\"https:\\\/\\\/secure.gravatar.com\\\/avatar\\\/ee975fa091fe581d12b60debb3439022686618368a7c142044c56724d4666b16?s=96&d=mm&r=g\",\"caption\":\"tbrmedia\"}}]}<\/script>\n<!-- \/ Yoast SEO plugin. -->","yoast_head_json":{"title":"SIF:lle t\u00e4rke\u00e4t pisteet j\u00e4nnitysn\u00e4ytelm\u00e4ss\u00e4 | K\u00e4sipallon naisten Aktialiiga","robots":{"index":"index","follow":"follow","max-snippet":"max-snippet:-1","max-image-preview":"max-image-preview:large","max-video-preview":"max-video-preview:-1"},"canonical":"https:\/\/aktialiiga.fi\/naiset\/2018-2019\/ottelut-2018-2019\/siflle-tarkeat-pisteet-jannitysnaytelmassa\/","og_locale":"fi_FI","og_type":"article","og_title":"SIF:lle t\u00e4rke\u00e4t pisteet j\u00e4nnitysn\u00e4ytelm\u00e4ss\u00e4 | K\u00e4sipallon naisten Aktialiiga","og_description":"SIF otti ison voiton kaataessaan GrIFK:n 18-17 (8-8). Samalla SIF vankisti asemiaan sarjanelosena. Ottelussa oli isot panokset ja se n\u00e4kyi peliss\u00e4. Joukkueiden kolmesta aiemmasta kohtaamisesta yksi oli p\u00e4\u00e4ttynyt tasan ja yksi maalin erolla, eik\u00e4 lauantain ottelu pett\u00e4nyt odotuksia tiukasta taistelusta. GrIFK sai otteluun paremman startin p\u00e4\u00e4sten kahden maalin johtoasemaan, mutta sen j\u00e4lkeen SIF iski nelj\u00e4sti. [&hellip;]","og_url":"https:\/\/aktialiiga.fi\/naiset\/2018-2019\/ottelut-2018-2019\/siflle-tarkeat-pisteet-jannitysnaytelmassa\/","og_site_name":"K\u00e4sipallon naisten Aktialiiga","article_publisher":"https:\/\/www.facebook.com\/finnhandball","article_published_time":"2019-03-02T16:47:42+00:00","article_modified_time":"2019-03-02T17:25:43+00:00","og_image":[{"width":711,"height":320,"url":"https:\/\/aktialiiga.fi\/naiset\/wp-content\/uploads\/sites\/6\/2018\/11\/ekstrom_susanne_sif_18-19.jpg","type":"image\/jpeg"}],"author":"tbrmedia","twitter_card":"summary_large_image","twitter_creator":"@finnhandball","twitter_site":"@finnhandball","schema":{"@context":"https:\/\/schema.org","@graph":[{"@type":"Article","@id":"https:\/\/aktialiiga.fi\/naiset\/2018-2019\/ottelut-2018-2019\/siflle-tarkeat-pisteet-jannitysnaytelmassa\/#article","isPartOf":{"@id":"https:\/\/aktialiiga.fi\/naiset\/2018-2019\/ottelut-2018-2019\/siflle-tarkeat-pisteet-jannitysnaytelmassa\/"},"author":{"name":"tbrmedia","@id":"https:\/\/aktialiiga.fi\/naiset\/#\/schema\/person\/c14bf42f47041db74603c45afcb18d87"},"headline":"SIF:lle t\u00e4rke\u00e4t pisteet j\u00e4nnitysn\u00e4ytelm\u00e4ss\u00e4","datePublished":"2019-03-02T16:47:42+00:00","dateModified":"2019-03-02T17:25:43+00:00","mainEntityOfPage":{"@id":"https:\/\/aktialiiga.fi\/naiset\/2018-2019\/ottelut-2018-2019\/siflle-tarkeat-pisteet-jannitysnaytelmassa\/"},"wordCount":338,"publisher":{"@id":"https:\/\/aktialiiga.fi\/naiset\/#organization"},"image":{"@id":"https:\/\/aktialiiga.fi\/naiset\/2018-2019\/ottelut-2018-2019\/siflle-tarkeat-pisteet-jannitysnaytelmassa\/#primaryimage"},"thumbnailUrl":"https:\/\/aktialiiga.fi\/naiset\/wp-content\/uploads\/sites\/6\/2018\/11\/ekstrom_susanne_sif_18-19.jpg","keywords":["GrIFK","SIF"],"articleSection":["Ottelut"],"inLanguage":"fi"},{"@type":"WebPage","@id":"https:\/\/aktialiiga.fi\/naiset\/2018-2019\/ottelut-2018-2019\/siflle-tarkeat-pisteet-jannitysnaytelmassa\/","url":"https:\/\/aktialiiga.fi\/naiset\/2018-2019\/ottelut-2018-2019\/siflle-tarkeat-pisteet-jannitysnaytelmassa\/","name":"SIF:lle t\u00e4rke\u00e4t pisteet j\u00e4nnitysn\u00e4ytelm\u00e4ss\u00e4 | K\u00e4sipallon naisten Aktialiiga","isPartOf":{"@id":"https:\/\/aktialiiga.fi\/naiset\/#website"},"primaryImageOfPage":{"@id":"https:\/\/aktialiiga.fi\/naiset\/2018-2019\/ottelut-2018-2019\/siflle-tarkeat-pisteet-jannitysnaytelmassa\/#primaryimage"},"image":{"@id":"https:\/\/aktialiiga.fi\/naiset\/2018-2019\/ottelut-2018-2019\/siflle-tarkeat-pisteet-jannitysnaytelmassa\/#primaryimage"},"thumbnailUrl":"https:\/\/aktialiiga.fi\/naiset\/wp-content\/uploads\/sites\/6\/2018\/11\/ekstrom_susanne_sif_18-19.jpg","datePublished":"2019-03-02T16:47:42+00:00","dateModified":"2019-03-02T17:25:43+00:00","breadcrumb":{"@id":"https:\/\/aktialiiga.fi\/naiset\/2018-2019\/ottelut-2018-2019\/siflle-tarkeat-pisteet-jannitysnaytelmassa\/#breadcrumb"},"inLanguage":"fi","potentialAction":[{"@type":"ReadAction","target":["https:\/\/aktialiiga.fi\/naiset\/2018-2019\/ottelut-2018-2019\/siflle-tarkeat-pisteet-jannitysnaytelmassa\/"]}]},{"@type":"ImageObject","inLanguage":"fi","@id":"https:\/\/aktialiiga.fi\/naiset\/2018-2019\/ottelut-2018-2019\/siflle-tarkeat-pisteet-jannitysnaytelmassa\/#primaryimage","url":"https:\/\/aktialiiga.fi\/naiset\/wp-content\/uploads\/sites\/6\/2018\/11\/ekstrom_susanne_sif_18-19.jpg","contentUrl":"https:\/\/aktialiiga.fi\/naiset\/wp-content\/uploads\/sites\/6\/2018\/11\/ekstrom_susanne_sif_18-19.jpg","width":711,"height":320},{"@type":"BreadcrumbList","@id":"https:\/\/aktialiiga.fi\/naiset\/2018-2019\/ottelut-2018-2019\/siflle-tarkeat-pisteet-jannitysnaytelmassa\/#breadcrumb","itemListElement":[{"@type":"ListItem","position":1,"name":"Etusivu","item":"https:\/\/aktialiiga.fi\/naiset\/"},{"@type":"ListItem","position":2,"name":"SIF:lle t\u00e4rke\u00e4t pisteet j\u00e4nnitysn\u00e4ytelm\u00e4ss\u00e4"}]},{"@type":"WebSite","@id":"https:\/\/aktialiiga.fi\/naiset\/#website","url":"https:\/\/aktialiiga.fi\/naiset\/","name":"K\u00e4sipallon naisten Aktialiiga","description":"Valtakunnan vauhdikkainta palloilua!","publisher":{"@id":"https:\/\/aktialiiga.fi\/naiset\/#organization"},"potentialAction":[{"@type":"SearchAction","target":{"@type":"EntryPoint","urlTemplate":"https:\/\/aktialiiga.fi\/naiset\/?s={search_term_string}"},"query-input":{"@type":"PropertyValueSpecification","valueRequired":true,"valueName":"search_term_string"}}],"inLanguage":"fi"},{"@type":"Organization","@id":"https:\/\/aktialiiga.fi\/naiset\/#organization","name":"K\u00e4sipallon naisten Aktialiiga","url":"https:\/\/aktialiiga.fi\/naiset\/","logo":{"@type":"ImageObject","inLanguage":"fi","@id":"https:\/\/aktialiiga.fi\/naiset\/#\/schema\/logo\/image\/","url":"https:\/\/aktialiiga.fi\/naiset\/wp-content\/uploads\/sites\/6\/2024\/09\/Aktialiiga-Yoast-512.png","contentUrl":"https:\/\/aktialiiga.fi\/naiset\/wp-content\/uploads\/sites\/6\/2024\/09\/Aktialiiga-Yoast-512.png","width":512,"height":512,"caption":"K\u00e4sipallon naisten Aktialiiga"},"image":{"@id":"https:\/\/aktialiiga.fi\/naiset\/#\/schema\/logo\/image\/"},"sameAs":["https:\/\/www.facebook.com\/finnhandball","https:\/\/x.com\/finnhandball","https:\/\/www.instagram.com\/handballfinland\/"]},{"@type":"Person","@id":"https:\/\/aktialiiga.fi\/naiset\/#\/schema\/person\/c14bf42f47041db74603c45afcb18d87","name":"tbrmedia","image":{"@type":"ImageObject","inLanguage":"fi","@id":"https:\/\/secure.gravatar.com\/avatar\/ee975fa091fe581d12b60debb3439022686618368a7c142044c56724d4666b16?s=96&d=mm&r=g","url":"https:\/\/secure.gravatar.com\/avatar\/ee975fa091fe581d12b60debb3439022686618368a7c142044c56724d4666b16?s=96&d=mm&r=g","contentUrl":"https:\/\/secure.gravatar.com\/avatar\/ee975fa091fe581d12b60debb3439022686618368a7c142044c56724d4666b16?s=96&d=mm&r=g","caption":"tbrmedia"}}]}},"jetpack_featured_media_url":"https:\/\/aktialiiga.fi\/naiset\/wp-content\/uploads\/sites\/6\/2018\/11\/ekstrom_susanne_sif_18-19.jpg","jetpack_sharing_enabled":true,"jetpack_shortlink":"https:\/\/wp.me\/pfYhm6-4Rw","_links":{"self":[{"href":"https:\/\/aktialiiga.fi\/naiset\/wp-json\/wp\/v2\/posts\/18694","targetHints":{"allow":["GET"]}}],"collection":[{"href":"https:\/\/aktialiiga.fi\/naiset\/wp-json\/wp\/v2\/posts"}],"about":[{"href":"https:\/\/aktialiiga.fi\/naiset\/wp-json\/wp\/v2\/types\/post"}],"author":[{"embeddable":true,"href":"https:\/\/aktialiiga.fi\/naiset\/wp-json\/wp\/v2\/users\/13"}],"replies":[{"embeddable":true,"href":"https:\/\/aktialiiga.fi\/naiset\/wp-json\/wp\/v2\/comments?post=18694"}],"version-history":[{"count":0,"href":"https:\/\/aktialiiga.fi\/naiset\/wp-json\/wp\/v2\/posts\/18694\/revisions"}],"wp:featuredmedia":[{"embeddable":true,"href":"https:\/\/aktialiiga.fi\/naiset\/wp-json\/wp\/v2\/media\/18281"}],"wp:attachment":[{"href":"https:\/\/aktialiiga.fi\/naiset\/wp-json\/wp\/v2\/media?parent=18694"}],"wp:term":[{"taxonomy":"category","embeddable":true,"href":"https:\/\/aktialiiga.fi\/naiset\/wp-json\/wp\/v2\/categories?post=18694"},{"taxonomy":"post_tag","embeddable":true,"href":"https:\/\/aktialiiga.fi\/naiset\/wp-json\/wp\/v2\/tags?post=18694"}],"curies":[{"name":"wp","href":"https:\/\/api.w.org\/{rel}","templated":true}]}}