{"id":18787,"date":"2019-03-26T14:57:17","date_gmt":"2019-03-26T12:57:17","guid":{"rendered":"https:\/\/aktialiiga.fi\/naiset\/?p=18787"},"modified":"2019-03-26T14:57:17","modified_gmt":"2019-03-26T12:57:17","slug":"runkosarjan-paatoskierroksella-haetaan-asetelmia-valieriin","status":"publish","type":"post","link":"https:\/\/aktialiiga.fi\/naiset\/2018-2019\/ennakot-2018-2019\/runkosarjan-paatoskierroksella-haetaan-asetelmia-valieriin\/","title":{"rendered":"Runkosarjan p\u00e4\u00e4t\u00f6skierroksella haetaan asetelmia v\u00e4lieriin"},"content":{"rendered":"<p>SM-sarjan runkosarjan viimeiset ottelut pelataan keskiviikon ja torstain aikana.<\/p>\n<p>Tulevilla otteluilla ei ole runkosarjan osalta en\u00e4\u00e4 v\u00e4li\u00e4, sill\u00e4 sijoitukset on jo naulattu ennen p\u00e4\u00e4t\u00f6skierrosta. Kierroksella riitt\u00e4\u00e4 kuitenkin rutkasti mielenkiintoa, sill\u00e4 joukkueet hakevat asetelmia ja tulevia v\u00e4lieri\u00e4 silm\u00e4ll\u00e4 pit\u00e4en.<\/p>\n<p>KyIF ja GrIFK pelaavat en\u00e4\u00e4 kunniasta, kun joukkueet kohtaavat toisensa Kirkkonummella. KyIF hakee kauden toista voittoaan, kun taas GrIFK haluaa p\u00e4\u00e4tt\u00e4\u00e4 kautensa kunnialla.<\/p>\n<p>Keskiviikon toisessa peliss\u00e4 sen sijaan pedataan jo l\u00e4ht\u00f6kohtia tuleviin v\u00e4lieriin, kun HIFK saa vastaan SIF:n. Joukkueet kohtaavat toisensa my\u00f6s v\u00e4lier\u00e4ss\u00e4. HIFK on vienyt kauden kaikki kolme aiempaa kohtaamista nimiins\u00e4, mutta helmikuussa pelatussa edellispeliss\u00e4 SIF pystyi pist\u00e4m\u00e4\u00e4n tiukasti hanttiin h\u00e4viten 24-27. Nyt joukkueet voivat jo hieman kokeilla reseptej\u00e4 v\u00e4lieri\u00e4 silm\u00e4ll\u00e4 pit\u00e4en.<\/p>\n<p>Runkosarja paketoidaan torstaina, kun BK-46 em\u00e4nn\u00f6i Dickeni\u00e4. Joukkueet ovat vastakkain my\u00f6s tulevissa v\u00e4lieriss\u00e4. Kauden aiemmissa kohtaamisissa SM-sarjassa Dicken voitti molemmat kotiottelunsa varsin selkein numeroin, mutta toisaalta BK-46 vei oman kotipelins\u00e4 selv\u00e4ll\u00e4 erolla. Joukkueet kohtasivat kauden alussa my\u00f6s cupissa ja tuolloin Dicken oli Karjaalla selke\u00e4sti vahvempi. Voitolla BK-46 saisi kovan itseluottamusbuustin tuleviin v\u00e4lieriin, kun taas vahvasti koko alkuvuoden pelannut Dicken hakee hyv\u00e4lle vireelleen jatkoa v\u00e4lieri\u00e4 ajatellen.<\/p>\n<p><strong>SM-sarjan tulevat ottelut:<br \/>\n<\/strong>Ke 27.3. kello 19.00 KyIF-GrIFK<strong><br \/>\n<\/strong>Ke 27.3. kello 19.00 HIFK-SIF<strong><br \/>\n<\/strong>To 28.3. kello 19.00 BK-46-Dicken (HBL)<\/p>\n","protected":false},"excerpt":{"rendered":"<p>SM-sarjan runkosarjan viimeiset ottelut pelataan keskiviikon ja torstain aikana. Tulevilla otteluilla ei ole runkosarjan osalta en\u00e4\u00e4 v\u00e4li\u00e4, sill\u00e4 sijoitukset on jo naulattu ennen p\u00e4\u00e4t\u00f6skierrosta. Kierroksella riitt\u00e4\u00e4 kuitenkin rutkasti mielenkiintoa, sill\u00e4 joukkueet hakevat asetelmia ja tulevia v\u00e4lieri\u00e4 silm\u00e4ll\u00e4 pit\u00e4en. KyIF ja GrIFK pelaavat en\u00e4\u00e4 kunniasta, kun joukkueet kohtaavat toisensa Kirkkonummella. KyIF hakee kauden toista voittoaan, kun [&hellip;]<\/p>\n","protected":false},"author":13,"featured_media":18155,"comment_status":"closed","ping_status":"closed","sticky":false,"template":"","format":"standard","meta":{"_acf_changed":false,"jetpack_post_was_ever_published":false,"_jetpack_newsletter_access":"","_jetpack_dont_email_post_to_subs":false,"_jetpack_newsletter_tier_id":0,"_jetpack_memberships_contains_paywalled_content":false,"_jetpack_memberships_contains_paid_content":false,"footnotes":""},"categories":[148],"tags":[49,51,57,61,67,81],"class_list":["post-18787","post","type-post","status-publish","format-standard","has-post-thumbnail","hentry","category-ennakot-2018-2019","tag-bk-46","tag-dicken","tag-grifk","tag-hifk","tag-kyif","tag-sif"],"acf":[],"yoast_head":"<!-- This site is optimized with the Yoast SEO plugin v27.5 - https:\/\/yoast.com\/product\/yoast-seo-wordpress\/ -->\n<title>Runkosarjan p\u00e4\u00e4t\u00f6skierroksella haetaan asetelmia v\u00e4lieriin | K\u00e4sipallon naisten Aktialiiga<\/title>\n<meta name=\"robots\" content=\"index, follow, max-snippet:-1, max-image-preview:large, max-video-preview:-1\" \/>\n<link rel=\"canonical\" href=\"https:\/\/aktialiiga.fi\/naiset\/2018-2019\/ennakot-2018-2019\/runkosarjan-paatoskierroksella-haetaan-asetelmia-valieriin\/\" \/>\n<meta property=\"og:locale\" content=\"fi_FI\" \/>\n<meta property=\"og:type\" content=\"article\" \/>\n<meta property=\"og:title\" content=\"Runkosarjan p\u00e4\u00e4t\u00f6skierroksella haetaan asetelmia v\u00e4lieriin | K\u00e4sipallon naisten Aktialiiga\" \/>\n<meta property=\"og:description\" content=\"SM-sarjan runkosarjan viimeiset ottelut pelataan keskiviikon ja torstain aikana. Tulevilla otteluilla ei ole runkosarjan osalta en\u00e4\u00e4 v\u00e4li\u00e4, sill\u00e4 sijoitukset on jo naulattu ennen p\u00e4\u00e4t\u00f6skierrosta. Kierroksella riitt\u00e4\u00e4 kuitenkin rutkasti mielenkiintoa, sill\u00e4 joukkueet hakevat asetelmia ja tulevia v\u00e4lieri\u00e4 silm\u00e4ll\u00e4 pit\u00e4en. KyIF ja GrIFK pelaavat en\u00e4\u00e4 kunniasta, kun joukkueet kohtaavat toisensa Kirkkonummella. KyIF hakee kauden toista voittoaan, kun [&hellip;]\" \/>\n<meta property=\"og:url\" content=\"https:\/\/aktialiiga.fi\/naiset\/2018-2019\/ennakot-2018-2019\/runkosarjan-paatoskierroksella-haetaan-asetelmia-valieriin\/\" \/>\n<meta property=\"og:site_name\" content=\"K\u00e4sipallon naisten Aktialiiga\" \/>\n<meta property=\"article:publisher\" content=\"https:\/\/www.facebook.com\/finnhandball\" \/>\n<meta property=\"article:published_time\" content=\"2019-03-26T12:57:17+00:00\" \/>\n<meta property=\"og:image\" content=\"https:\/\/aktialiiga.fi\/naiset\/wp-content\/uploads\/sites\/6\/2018\/10\/salokivi_tove_dicken_18-19.jpg\" \/>\n\t<meta property=\"og:image:width\" content=\"711\" \/>\n\t<meta property=\"og:image:height\" content=\"320\" \/>\n\t<meta property=\"og:image:type\" content=\"image\/jpeg\" \/>\n<meta name=\"author\" content=\"tbrmedia\" \/>\n<meta name=\"twitter:card\" content=\"summary_large_image\" \/>\n<meta name=\"twitter:creator\" content=\"@finnhandball\" \/>\n<meta name=\"twitter:site\" content=\"@finnhandball\" \/>\n<script type=\"application\/ld+json\" class=\"yoast-schema-graph\">{\"@context\":\"https:\\\/\\\/schema.org\",\"@graph\":[{\"@type\":\"Article\",\"@id\":\"https:\\\/\\\/aktialiiga.fi\\\/naiset\\\/2018-2019\\\/ennakot-2018-2019\\\/runkosarjan-paatoskierroksella-haetaan-asetelmia-valieriin\\\/#article\",\"isPartOf\":{\"@id\":\"https:\\\/\\\/aktialiiga.fi\\\/naiset\\\/2018-2019\\\/ennakot-2018-2019\\\/runkosarjan-paatoskierroksella-haetaan-asetelmia-valieriin\\\/\"},\"author\":{\"name\":\"tbrmedia\",\"@id\":\"https:\\\/\\\/aktialiiga.fi\\\/naiset\\\/#\\\/schema\\\/person\\\/c14bf42f47041db74603c45afcb18d87\"},\"headline\":\"Runkosarjan p\u00e4\u00e4t\u00f6skierroksella haetaan asetelmia v\u00e4lieriin\",\"datePublished\":\"2019-03-26T12:57:17+00:00\",\"mainEntityOfPage\":{\"@id\":\"https:\\\/\\\/aktialiiga.fi\\\/naiset\\\/2018-2019\\\/ennakot-2018-2019\\\/runkosarjan-paatoskierroksella-haetaan-asetelmia-valieriin\\\/\"},\"wordCount\":228,\"publisher\":{\"@id\":\"https:\\\/\\\/aktialiiga.fi\\\/naiset\\\/#organization\"},\"image\":{\"@id\":\"https:\\\/\\\/aktialiiga.fi\\\/naiset\\\/2018-2019\\\/ennakot-2018-2019\\\/runkosarjan-paatoskierroksella-haetaan-asetelmia-valieriin\\\/#primaryimage\"},\"thumbnailUrl\":\"https:\\\/\\\/aktialiiga.fi\\\/naiset\\\/wp-content\\\/uploads\\\/sites\\\/6\\\/2018\\\/10\\\/salokivi_tove_dicken_18-19.jpg\",\"keywords\":[\"BK-46\",\"Dicken\",\"GrIFK\",\"HIFK\",\"KyIF\",\"SIF\"],\"articleSection\":[\"Ennakot\"],\"inLanguage\":\"fi\"},{\"@type\":\"WebPage\",\"@id\":\"https:\\\/\\\/aktialiiga.fi\\\/naiset\\\/2018-2019\\\/ennakot-2018-2019\\\/runkosarjan-paatoskierroksella-haetaan-asetelmia-valieriin\\\/\",\"url\":\"https:\\\/\\\/aktialiiga.fi\\\/naiset\\\/2018-2019\\\/ennakot-2018-2019\\\/runkosarjan-paatoskierroksella-haetaan-asetelmia-valieriin\\\/\",\"name\":\"Runkosarjan p\u00e4\u00e4t\u00f6skierroksella haetaan asetelmia v\u00e4lieriin | K\u00e4sipallon naisten Aktialiiga\",\"isPartOf\":{\"@id\":\"https:\\\/\\\/aktialiiga.fi\\\/naiset\\\/#website\"},\"primaryImageOfPage\":{\"@id\":\"https:\\\/\\\/aktialiiga.fi\\\/naiset\\\/2018-2019\\\/ennakot-2018-2019\\\/runkosarjan-paatoskierroksella-haetaan-asetelmia-valieriin\\\/#primaryimage\"},\"image\":{\"@id\":\"https:\\\/\\\/aktialiiga.fi\\\/naiset\\\/2018-2019\\\/ennakot-2018-2019\\\/runkosarjan-paatoskierroksella-haetaan-asetelmia-valieriin\\\/#primaryimage\"},\"thumbnailUrl\":\"https:\\\/\\\/aktialiiga.fi\\\/naiset\\\/wp-content\\\/uploads\\\/sites\\\/6\\\/2018\\\/10\\\/salokivi_tove_dicken_18-19.jpg\",\"datePublished\":\"2019-03-26T12:57:17+00:00\",\"breadcrumb\":{\"@id\":\"https:\\\/\\\/aktialiiga.fi\\\/naiset\\\/2018-2019\\\/ennakot-2018-2019\\\/runkosarjan-paatoskierroksella-haetaan-asetelmia-valieriin\\\/#breadcrumb\"},\"inLanguage\":\"fi\",\"potentialAction\":[{\"@type\":\"ReadAction\",\"target\":[\"https:\\\/\\\/aktialiiga.fi\\\/naiset\\\/2018-2019\\\/ennakot-2018-2019\\\/runkosarjan-paatoskierroksella-haetaan-asetelmia-valieriin\\\/\"]}]},{\"@type\":\"ImageObject\",\"inLanguage\":\"fi\",\"@id\":\"https:\\\/\\\/aktialiiga.fi\\\/naiset\\\/2018-2019\\\/ennakot-2018-2019\\\/runkosarjan-paatoskierroksella-haetaan-asetelmia-valieriin\\\/#primaryimage\",\"url\":\"https:\\\/\\\/aktialiiga.fi\\\/naiset\\\/wp-content\\\/uploads\\\/sites\\\/6\\\/2018\\\/10\\\/salokivi_tove_dicken_18-19.jpg\",\"contentUrl\":\"https:\\\/\\\/aktialiiga.fi\\\/naiset\\\/wp-content\\\/uploads\\\/sites\\\/6\\\/2018\\\/10\\\/salokivi_tove_dicken_18-19.jpg\",\"width\":711,\"height\":320,\"caption\":\"Tove Salokiv #3, Dickeni k\u00e4sipallon naisten SM-sarjan ottelussa GrIFK - Dicken Kauniaisten Urheilutalolla 13. lokakuuta 2018. (Tomi H\u00e4nninen\\\/Newspix24)\"},{\"@type\":\"BreadcrumbList\",\"@id\":\"https:\\\/\\\/aktialiiga.fi\\\/naiset\\\/2018-2019\\\/ennakot-2018-2019\\\/runkosarjan-paatoskierroksella-haetaan-asetelmia-valieriin\\\/#breadcrumb\",\"itemListElement\":[{\"@type\":\"ListItem\",\"position\":1,\"name\":\"Etusivu\",\"item\":\"https:\\\/\\\/aktialiiga.fi\\\/naiset\\\/\"},{\"@type\":\"ListItem\",\"position\":2,\"name\":\"Runkosarjan p\u00e4\u00e4t\u00f6skierroksella haetaan asetelmia v\u00e4lieriin\"}]},{\"@type\":\"WebSite\",\"@id\":\"https:\\\/\\\/aktialiiga.fi\\\/naiset\\\/#website\",\"url\":\"https:\\\/\\\/aktialiiga.fi\\\/naiset\\\/\",\"name\":\"K\u00e4sipallon naisten Aktialiiga\",\"description\":\"Valtakunnan vauhdikkainta palloilua!\",\"publisher\":{\"@id\":\"https:\\\/\\\/aktialiiga.fi\\\/naiset\\\/#organization\"},\"potentialAction\":[{\"@type\":\"SearchAction\",\"target\":{\"@type\":\"EntryPoint\",\"urlTemplate\":\"https:\\\/\\\/aktialiiga.fi\\\/naiset\\\/?s={search_term_string}\"},\"query-input\":{\"@type\":\"PropertyValueSpecification\",\"valueRequired\":true,\"valueName\":\"search_term_string\"}}],\"inLanguage\":\"fi\"},{\"@type\":\"Organization\",\"@id\":\"https:\\\/\\\/aktialiiga.fi\\\/naiset\\\/#organization\",\"name\":\"K\u00e4sipallon naisten Aktialiiga\",\"url\":\"https:\\\/\\\/aktialiiga.fi\\\/naiset\\\/\",\"logo\":{\"@type\":\"ImageObject\",\"inLanguage\":\"fi\",\"@id\":\"https:\\\/\\\/aktialiiga.fi\\\/naiset\\\/#\\\/schema\\\/logo\\\/image\\\/\",\"url\":\"https:\\\/\\\/aktialiiga.fi\\\/naiset\\\/wp-content\\\/uploads\\\/sites\\\/6\\\/2024\\\/09\\\/Aktialiiga-Yoast-512.png\",\"contentUrl\":\"https:\\\/\\\/aktialiiga.fi\\\/naiset\\\/wp-content\\\/uploads\\\/sites\\\/6\\\/2024\\\/09\\\/Aktialiiga-Yoast-512.png\",\"width\":512,\"height\":512,\"caption\":\"K\u00e4sipallon naisten Aktialiiga\"},\"image\":{\"@id\":\"https:\\\/\\\/aktialiiga.fi\\\/naiset\\\/#\\\/schema\\\/logo\\\/image\\\/\"},\"sameAs\":[\"https:\\\/\\\/www.facebook.com\\\/finnhandball\",\"https:\\\/\\\/x.com\\\/finnhandball\",\"https:\\\/\\\/www.instagram.com\\\/handballfinland\\\/\"]},{\"@type\":\"Person\",\"@id\":\"https:\\\/\\\/aktialiiga.fi\\\/naiset\\\/#\\\/schema\\\/person\\\/c14bf42f47041db74603c45afcb18d87\",\"name\":\"tbrmedia\",\"image\":{\"@type\":\"ImageObject\",\"inLanguage\":\"fi\",\"@id\":\"https:\\\/\\\/secure.gravatar.com\\\/avatar\\\/ee975fa091fe581d12b60debb3439022686618368a7c142044c56724d4666b16?s=96&d=mm&r=g\",\"url\":\"https:\\\/\\\/secure.gravatar.com\\\/avatar\\\/ee975fa091fe581d12b60debb3439022686618368a7c142044c56724d4666b16?s=96&d=mm&r=g\",\"contentUrl\":\"https:\\\/\\\/secure.gravatar.com\\\/avatar\\\/ee975fa091fe581d12b60debb3439022686618368a7c142044c56724d4666b16?s=96&d=mm&r=g\",\"caption\":\"tbrmedia\"}}]}<\/script>\n<!-- \/ Yoast SEO plugin. -->","yoast_head_json":{"title":"Runkosarjan p\u00e4\u00e4t\u00f6skierroksella haetaan asetelmia v\u00e4lieriin | K\u00e4sipallon naisten Aktialiiga","robots":{"index":"index","follow":"follow","max-snippet":"max-snippet:-1","max-image-preview":"max-image-preview:large","max-video-preview":"max-video-preview:-1"},"canonical":"https:\/\/aktialiiga.fi\/naiset\/2018-2019\/ennakot-2018-2019\/runkosarjan-paatoskierroksella-haetaan-asetelmia-valieriin\/","og_locale":"fi_FI","og_type":"article","og_title":"Runkosarjan p\u00e4\u00e4t\u00f6skierroksella haetaan asetelmia v\u00e4lieriin | K\u00e4sipallon naisten Aktialiiga","og_description":"SM-sarjan runkosarjan viimeiset ottelut pelataan keskiviikon ja torstain aikana. Tulevilla otteluilla ei ole runkosarjan osalta en\u00e4\u00e4 v\u00e4li\u00e4, sill\u00e4 sijoitukset on jo naulattu ennen p\u00e4\u00e4t\u00f6skierrosta. Kierroksella riitt\u00e4\u00e4 kuitenkin rutkasti mielenkiintoa, sill\u00e4 joukkueet hakevat asetelmia ja tulevia v\u00e4lieri\u00e4 silm\u00e4ll\u00e4 pit\u00e4en. KyIF ja GrIFK pelaavat en\u00e4\u00e4 kunniasta, kun joukkueet kohtaavat toisensa Kirkkonummella. KyIF hakee kauden toista voittoaan, kun [&hellip;]","og_url":"https:\/\/aktialiiga.fi\/naiset\/2018-2019\/ennakot-2018-2019\/runkosarjan-paatoskierroksella-haetaan-asetelmia-valieriin\/","og_site_name":"K\u00e4sipallon naisten Aktialiiga","article_publisher":"https:\/\/www.facebook.com\/finnhandball","article_published_time":"2019-03-26T12:57:17+00:00","og_image":[{"width":711,"height":320,"url":"https:\/\/aktialiiga.fi\/naiset\/wp-content\/uploads\/sites\/6\/2018\/10\/salokivi_tove_dicken_18-19.jpg","type":"image\/jpeg"}],"author":"tbrmedia","twitter_card":"summary_large_image","twitter_creator":"@finnhandball","twitter_site":"@finnhandball","schema":{"@context":"https:\/\/schema.org","@graph":[{"@type":"Article","@id":"https:\/\/aktialiiga.fi\/naiset\/2018-2019\/ennakot-2018-2019\/runkosarjan-paatoskierroksella-haetaan-asetelmia-valieriin\/#article","isPartOf":{"@id":"https:\/\/aktialiiga.fi\/naiset\/2018-2019\/ennakot-2018-2019\/runkosarjan-paatoskierroksella-haetaan-asetelmia-valieriin\/"},"author":{"name":"tbrmedia","@id":"https:\/\/aktialiiga.fi\/naiset\/#\/schema\/person\/c14bf42f47041db74603c45afcb18d87"},"headline":"Runkosarjan p\u00e4\u00e4t\u00f6skierroksella haetaan asetelmia v\u00e4lieriin","datePublished":"2019-03-26T12:57:17+00:00","mainEntityOfPage":{"@id":"https:\/\/aktialiiga.fi\/naiset\/2018-2019\/ennakot-2018-2019\/runkosarjan-paatoskierroksella-haetaan-asetelmia-valieriin\/"},"wordCount":228,"publisher":{"@id":"https:\/\/aktialiiga.fi\/naiset\/#organization"},"image":{"@id":"https:\/\/aktialiiga.fi\/naiset\/2018-2019\/ennakot-2018-2019\/runkosarjan-paatoskierroksella-haetaan-asetelmia-valieriin\/#primaryimage"},"thumbnailUrl":"https:\/\/aktialiiga.fi\/naiset\/wp-content\/uploads\/sites\/6\/2018\/10\/salokivi_tove_dicken_18-19.jpg","keywords":["BK-46","Dicken","GrIFK","HIFK","KyIF","SIF"],"articleSection":["Ennakot"],"inLanguage":"fi"},{"@type":"WebPage","@id":"https:\/\/aktialiiga.fi\/naiset\/2018-2019\/ennakot-2018-2019\/runkosarjan-paatoskierroksella-haetaan-asetelmia-valieriin\/","url":"https:\/\/aktialiiga.fi\/naiset\/2018-2019\/ennakot-2018-2019\/runkosarjan-paatoskierroksella-haetaan-asetelmia-valieriin\/","name":"Runkosarjan p\u00e4\u00e4t\u00f6skierroksella haetaan asetelmia v\u00e4lieriin | K\u00e4sipallon naisten Aktialiiga","isPartOf":{"@id":"https:\/\/aktialiiga.fi\/naiset\/#website"},"primaryImageOfPage":{"@id":"https:\/\/aktialiiga.fi\/naiset\/2018-2019\/ennakot-2018-2019\/runkosarjan-paatoskierroksella-haetaan-asetelmia-valieriin\/#primaryimage"},"image":{"@id":"https:\/\/aktialiiga.fi\/naiset\/2018-2019\/ennakot-2018-2019\/runkosarjan-paatoskierroksella-haetaan-asetelmia-valieriin\/#primaryimage"},"thumbnailUrl":"https:\/\/aktialiiga.fi\/naiset\/wp-content\/uploads\/sites\/6\/2018\/10\/salokivi_tove_dicken_18-19.jpg","datePublished":"2019-03-26T12:57:17+00:00","breadcrumb":{"@id":"https:\/\/aktialiiga.fi\/naiset\/2018-2019\/ennakot-2018-2019\/runkosarjan-paatoskierroksella-haetaan-asetelmia-valieriin\/#breadcrumb"},"inLanguage":"fi","potentialAction":[{"@type":"ReadAction","target":["https:\/\/aktialiiga.fi\/naiset\/2018-2019\/ennakot-2018-2019\/runkosarjan-paatoskierroksella-haetaan-asetelmia-valieriin\/"]}]},{"@type":"ImageObject","inLanguage":"fi","@id":"https:\/\/aktialiiga.fi\/naiset\/2018-2019\/ennakot-2018-2019\/runkosarjan-paatoskierroksella-haetaan-asetelmia-valieriin\/#primaryimage","url":"https:\/\/aktialiiga.fi\/naiset\/wp-content\/uploads\/sites\/6\/2018\/10\/salokivi_tove_dicken_18-19.jpg","contentUrl":"https:\/\/aktialiiga.fi\/naiset\/wp-content\/uploads\/sites\/6\/2018\/10\/salokivi_tove_dicken_18-19.jpg","width":711,"height":320,"caption":"Tove Salokiv #3, Dickeni k\u00e4sipallon naisten SM-sarjan ottelussa GrIFK - Dicken Kauniaisten Urheilutalolla 13. lokakuuta 2018. (Tomi H\u00e4nninen\/Newspix24)"},{"@type":"BreadcrumbList","@id":"https:\/\/aktialiiga.fi\/naiset\/2018-2019\/ennakot-2018-2019\/runkosarjan-paatoskierroksella-haetaan-asetelmia-valieriin\/#breadcrumb","itemListElement":[{"@type":"ListItem","position":1,"name":"Etusivu","item":"https:\/\/aktialiiga.fi\/naiset\/"},{"@type":"ListItem","position":2,"name":"Runkosarjan p\u00e4\u00e4t\u00f6skierroksella haetaan asetelmia v\u00e4lieriin"}]},{"@type":"WebSite","@id":"https:\/\/aktialiiga.fi\/naiset\/#website","url":"https:\/\/aktialiiga.fi\/naiset\/","name":"K\u00e4sipallon naisten Aktialiiga","description":"Valtakunnan vauhdikkainta palloilua!","publisher":{"@id":"https:\/\/aktialiiga.fi\/naiset\/#organization"},"potentialAction":[{"@type":"SearchAction","target":{"@type":"EntryPoint","urlTemplate":"https:\/\/aktialiiga.fi\/naiset\/?s={search_term_string}"},"query-input":{"@type":"PropertyValueSpecification","valueRequired":true,"valueName":"search_term_string"}}],"inLanguage":"fi"},{"@type":"Organization","@id":"https:\/\/aktialiiga.fi\/naiset\/#organization","name":"K\u00e4sipallon naisten Aktialiiga","url":"https:\/\/aktialiiga.fi\/naiset\/","logo":{"@type":"ImageObject","inLanguage":"fi","@id":"https:\/\/aktialiiga.fi\/naiset\/#\/schema\/logo\/image\/","url":"https:\/\/aktialiiga.fi\/naiset\/wp-content\/uploads\/sites\/6\/2024\/09\/Aktialiiga-Yoast-512.png","contentUrl":"https:\/\/aktialiiga.fi\/naiset\/wp-content\/uploads\/sites\/6\/2024\/09\/Aktialiiga-Yoast-512.png","width":512,"height":512,"caption":"K\u00e4sipallon naisten Aktialiiga"},"image":{"@id":"https:\/\/aktialiiga.fi\/naiset\/#\/schema\/logo\/image\/"},"sameAs":["https:\/\/www.facebook.com\/finnhandball","https:\/\/x.com\/finnhandball","https:\/\/www.instagram.com\/handballfinland\/"]},{"@type":"Person","@id":"https:\/\/aktialiiga.fi\/naiset\/#\/schema\/person\/c14bf42f47041db74603c45afcb18d87","name":"tbrmedia","image":{"@type":"ImageObject","inLanguage":"fi","@id":"https:\/\/secure.gravatar.com\/avatar\/ee975fa091fe581d12b60debb3439022686618368a7c142044c56724d4666b16?s=96&d=mm&r=g","url":"https:\/\/secure.gravatar.com\/avatar\/ee975fa091fe581d12b60debb3439022686618368a7c142044c56724d4666b16?s=96&d=mm&r=g","contentUrl":"https:\/\/secure.gravatar.com\/avatar\/ee975fa091fe581d12b60debb3439022686618368a7c142044c56724d4666b16?s=96&d=mm&r=g","caption":"tbrmedia"}}]}},"jetpack_featured_media_url":"https:\/\/aktialiiga.fi\/naiset\/wp-content\/uploads\/sites\/6\/2018\/10\/salokivi_tove_dicken_18-19.jpg","jetpack_sharing_enabled":true,"jetpack_shortlink":"https:\/\/wp.me\/pfYhm6-4T1","_links":{"self":[{"href":"https:\/\/aktialiiga.fi\/naiset\/wp-json\/wp\/v2\/posts\/18787","targetHints":{"allow":["GET"]}}],"collection":[{"href":"https:\/\/aktialiiga.fi\/naiset\/wp-json\/wp\/v2\/posts"}],"about":[{"href":"https:\/\/aktialiiga.fi\/naiset\/wp-json\/wp\/v2\/types\/post"}],"author":[{"embeddable":true,"href":"https:\/\/aktialiiga.fi\/naiset\/wp-json\/wp\/v2\/users\/13"}],"replies":[{"embeddable":true,"href":"https:\/\/aktialiiga.fi\/naiset\/wp-json\/wp\/v2\/comments?post=18787"}],"version-history":[{"count":0,"href":"https:\/\/aktialiiga.fi\/naiset\/wp-json\/wp\/v2\/posts\/18787\/revisions"}],"wp:featuredmedia":[{"embeddable":true,"href":"https:\/\/aktialiiga.fi\/naiset\/wp-json\/wp\/v2\/media\/18155"}],"wp:attachment":[{"href":"https:\/\/aktialiiga.fi\/naiset\/wp-json\/wp\/v2\/media?parent=18787"}],"wp:term":[{"taxonomy":"category","embeddable":true,"href":"https:\/\/aktialiiga.fi\/naiset\/wp-json\/wp\/v2\/categories?post=18787"},{"taxonomy":"post_tag","embeddable":true,"href":"https:\/\/aktialiiga.fi\/naiset\/wp-json\/wp\/v2\/tags?post=18787"}],"curies":[{"name":"wp","href":"https:\/\/api.w.org\/{rel}","templated":true}]}}