{"id":18822,"date":"2019-03-27T20:26:16","date_gmt":"2019-03-27T18:26:16","guid":{"rendered":"https:\/\/aktialiiga.fi\/naiset\/?p=18822"},"modified":"2019-03-27T20:39:32","modified_gmt":"2019-03-27T18:39:32","slug":"kyif-paatti-kauden-voittoon","status":"publish","type":"post","link":"https:\/\/aktialiiga.fi\/naiset\/2018-2019\/ottelut-2018-2019\/kyif-paatti-kauden-voittoon\/","title":{"rendered":"KyIF p\u00e4\u00e4tti kauden voittoon"},"content":{"rendered":"<p>KyIF:n ja GrIFK:n ottelussa ei ollut sijoitusten kannalta panosta, kun joukkueet p\u00e4\u00e4ttiv\u00e4t kautensa. Siit\u00e4 huolimatta kent\u00e4ll\u00e4 n\u00e4htiin kova taistelu pisteist\u00e4 ja lopulta peli k\u00e4\u00e4ntyi KyIF:lle 21-18 (7-7).<\/p>\n<p>GrIFK aloitti ottelun vahvasti ja KyIF:ll\u00e4 kesti l\u00e4hes seitsem\u00e4n minuuttia ennen kuin se sai maalitilins\u00e4 auki. Sit\u00e4 ennen Grani oli ehtinyt kolmen maalin johtoon. Sen suuremmaksi ero ei ensimm\u00e4isell\u00e4 puoliajalla kasvanutkaan. KyIF p\u00e4\u00e4si tasoihin, muttei ohi ja tauolle mentiinkin tasatilanteessa.<\/p>\n<p>GrIFK tuli kopista vahvemmin ja heitti toisen puoliajan kaksi ensimm\u00e4ist\u00e4 maalia, mutta sen j\u00e4lkeen KyIF onnistui viidesti per\u00e4kk\u00e4in siirtyen ottelussa ensimm\u00e4ist\u00e4 kertaa johtoon. KyIF ei en\u00e4\u00e4 johtoasemaansa ottelun aikana luovuttanut, vaikka GrIFK hengitti niskaan loppuun saakka. N\u00e4in KyIF p\u00e4\u00e4si juhlimaan kauden toista voittoaan.<\/p>\n<p>KyIF:n p\u00e4\u00e4valmentaja Tomas Mecklin oli tyytyv\u00e4inen pelin antiin.<\/p>\n<p>&#8211; Joukkue on mennyt selke\u00e4sti eteenp\u00e4in. Alussa hieman hermoilua, mutta varsinkin toisella puoliajalla joukkue rauhoittui ja p\u00e4\u00e4simme omalle tasollemme hy\u00f6kk\u00e4ysp\u00e4\u00e4ss\u00e4. Todella mukavaa, ett\u00e4 Ingrid Degerth p\u00e4\u00e4si mukaan viimeiseen peliin.<\/p>\n<p>GrIFK:n Sam Kihlstedt harmitteli omiensa hy\u00f6kk\u00e4yspelaamista.<\/p>\n<p>&#8211; Tahmea peli meilt\u00e4, varsinkin hy\u00f6kk\u00e4yssuuntaan. Ei p\u00e4\u00e4sty kunnon rytmiin kuin hetkitt\u00e4in. KyIF halusi selke\u00e4sti enemm\u00e4n voittoa.<\/p>\n<p>Ottelun parhaana palkittu Johanna Degerth iloitsi kauden p\u00e4\u00e4ttyneen voittoon.<\/p>\n<p>&#8211; Oli mukavaa lopettaa kausi voitolla. Eritt\u00e4in mukava fiilis ja t\u00e4n\u00e4\u00e4n voitimme joukkuepelill\u00e4.<\/p>\n<p><strong>KyIF-GrIFK 21-18 (7-7)<\/strong><\/p>\n<p><strong>Maalintekij\u00e4t<br \/>\n<\/strong>KyIF: Jessi Laasio 5, Johanna Degerth 5, Adriana Jakimova 3, Daniela Lindg\u00e5rd 2, Liisa Holopainen 2, Ingrid Degerth 2, Emmi Paajanen 1, Felicia Gr\u00f6nholm 1<\/p>\n<p>GrIFK: Emma Wickstr\u00f6m 6, Carolina B\u00f6ckelman 4, Greta Wir\u00e9n 2, Carolina Rehnberg 2, Corinna Jensen 2, Sandra Laitinen 1, Linnea Harms 1<\/p>\n<p><strong>L\u00e4hiTapiola-t\u00e4htipelaajat<br \/>\n<\/strong>Johanna Degerth KyIF 3<br \/>\nEmma Wickstr\u00f6m GrIFK 2<br \/>\nSuvi Erhovaara KyIF 1<\/p>\n<p><strong>2 min ulosajot sek\u00e4 pelist\u00e4 sulkemiset<br \/>\n<\/strong>KyIF: Emmi Paajanen 2 x 2 min, Jessi Laasio 1 x 2 min, Nea Nousiainen 1 x 2 min<br \/>\nGrIFK: Carolina B\u00f6ckelman 1 x 2 min, Greta Wir\u00e9n 1 x 2 min<\/p>\n<p><em>Erotuomarit:<\/em> Max Nurmi &#8211; Christian Westerlund<\/p>\n<p>Yleis\u00f6\u00e4: 101<\/p>\n","protected":false},"excerpt":{"rendered":"<p>KyIF:n ja GrIFK:n ottelussa ei ollut sijoitusten kannalta panosta, kun joukkueet p\u00e4\u00e4ttiv\u00e4t kautensa. Siit\u00e4 huolimatta kent\u00e4ll\u00e4 n\u00e4htiin kova taistelu pisteist\u00e4 ja lopulta peli k\u00e4\u00e4ntyi KyIF:lle 21-18 (7-7). GrIFK aloitti ottelun vahvasti ja KyIF:ll\u00e4 kesti l\u00e4hes seitsem\u00e4n minuuttia ennen kuin se sai maalitilins\u00e4 auki. Sit\u00e4 ennen Grani oli ehtinyt kolmen maalin johtoon. Sen suuremmaksi ero ei [&hellip;]<\/p>\n","protected":false},"author":13,"featured_media":18824,"comment_status":"closed","ping_status":"closed","sticky":false,"template":"","format":"standard","meta":{"_acf_changed":false,"jetpack_post_was_ever_published":false,"_jetpack_newsletter_access":"","_jetpack_dont_email_post_to_subs":false,"_jetpack_newsletter_tier_id":0,"_jetpack_memberships_contains_paywalled_content":false,"_jetpack_memberships_contains_paid_content":false,"footnotes":""},"categories":[147],"tags":[57,67],"class_list":["post-18822","post","type-post","status-publish","format-standard","has-post-thumbnail","hentry","category-ottelut-2018-2019","tag-grifk","tag-kyif"],"acf":[],"yoast_head":"<!-- This site is optimized with the Yoast SEO plugin v27.5 - https:\/\/yoast.com\/product\/yoast-seo-wordpress\/ -->\n<title>KyIF p\u00e4\u00e4tti kauden voittoon | K\u00e4sipallon naisten Aktialiiga<\/title>\n<meta name=\"robots\" content=\"index, follow, max-snippet:-1, max-image-preview:large, max-video-preview:-1\" \/>\n<link rel=\"canonical\" href=\"https:\/\/aktialiiga.fi\/naiset\/2018-2019\/ottelut-2018-2019\/kyif-paatti-kauden-voittoon\/\" \/>\n<meta property=\"og:locale\" content=\"fi_FI\" \/>\n<meta property=\"og:type\" content=\"article\" \/>\n<meta property=\"og:title\" content=\"KyIF p\u00e4\u00e4tti kauden voittoon | K\u00e4sipallon naisten Aktialiiga\" \/>\n<meta property=\"og:description\" content=\"KyIF:n ja GrIFK:n ottelussa ei ollut sijoitusten kannalta panosta, kun joukkueet p\u00e4\u00e4ttiv\u00e4t kautensa. Siit\u00e4 huolimatta kent\u00e4ll\u00e4 n\u00e4htiin kova taistelu pisteist\u00e4 ja lopulta peli k\u00e4\u00e4ntyi KyIF:lle 21-18 (7-7). GrIFK aloitti ottelun vahvasti ja KyIF:ll\u00e4 kesti l\u00e4hes seitsem\u00e4n minuuttia ennen kuin se sai maalitilins\u00e4 auki. Sit\u00e4 ennen Grani oli ehtinyt kolmen maalin johtoon. Sen suuremmaksi ero ei [&hellip;]\" \/>\n<meta property=\"og:url\" content=\"https:\/\/aktialiiga.fi\/naiset\/2018-2019\/ottelut-2018-2019\/kyif-paatti-kauden-voittoon\/\" \/>\n<meta property=\"og:site_name\" content=\"K\u00e4sipallon naisten Aktialiiga\" \/>\n<meta property=\"article:publisher\" content=\"https:\/\/www.facebook.com\/finnhandball\" \/>\n<meta property=\"article:published_time\" content=\"2019-03-27T18:26:16+00:00\" \/>\n<meta property=\"article:modified_time\" content=\"2019-03-27T18:39:32+00:00\" \/>\n<meta property=\"og:image\" content=\"https:\/\/aktialiiga.fi\/naiset\/wp-content\/uploads\/sites\/6\/2019\/03\/gronholm_felicia_kyif_18-19.jpg\" \/>\n\t<meta property=\"og:image:width\" content=\"711\" \/>\n\t<meta property=\"og:image:height\" content=\"320\" \/>\n\t<meta property=\"og:image:type\" content=\"image\/jpeg\" \/>\n<meta name=\"author\" content=\"tbrmedia\" \/>\n<meta name=\"twitter:card\" content=\"summary_large_image\" \/>\n<meta name=\"twitter:creator\" content=\"@finnhandball\" \/>\n<meta name=\"twitter:site\" content=\"@finnhandball\" \/>\n<script type=\"application\/ld+json\" class=\"yoast-schema-graph\">{\"@context\":\"https:\\\/\\\/schema.org\",\"@graph\":[{\"@type\":\"Article\",\"@id\":\"https:\\\/\\\/aktialiiga.fi\\\/naiset\\\/2018-2019\\\/ottelut-2018-2019\\\/kyif-paatti-kauden-voittoon\\\/#article\",\"isPartOf\":{\"@id\":\"https:\\\/\\\/aktialiiga.fi\\\/naiset\\\/2018-2019\\\/ottelut-2018-2019\\\/kyif-paatti-kauden-voittoon\\\/\"},\"author\":{\"name\":\"tbrmedia\",\"@id\":\"https:\\\/\\\/aktialiiga.fi\\\/naiset\\\/#\\\/schema\\\/person\\\/c14bf42f47041db74603c45afcb18d87\"},\"headline\":\"KyIF p\u00e4\u00e4tti kauden voittoon\",\"datePublished\":\"2019-03-27T18:26:16+00:00\",\"dateModified\":\"2019-03-27T18:39:32+00:00\",\"mainEntityOfPage\":{\"@id\":\"https:\\\/\\\/aktialiiga.fi\\\/naiset\\\/2018-2019\\\/ottelut-2018-2019\\\/kyif-paatti-kauden-voittoon\\\/\"},\"wordCount\":331,\"publisher\":{\"@id\":\"https:\\\/\\\/aktialiiga.fi\\\/naiset\\\/#organization\"},\"image\":{\"@id\":\"https:\\\/\\\/aktialiiga.fi\\\/naiset\\\/2018-2019\\\/ottelut-2018-2019\\\/kyif-paatti-kauden-voittoon\\\/#primaryimage\"},\"thumbnailUrl\":\"https:\\\/\\\/aktialiiga.fi\\\/naiset\\\/wp-content\\\/uploads\\\/sites\\\/6\\\/2019\\\/03\\\/gronholm_felicia_kyif_18-19.jpg\",\"keywords\":[\"GrIFK\",\"KyIF\"],\"articleSection\":[\"Ottelut\"],\"inLanguage\":\"fi\"},{\"@type\":\"WebPage\",\"@id\":\"https:\\\/\\\/aktialiiga.fi\\\/naiset\\\/2018-2019\\\/ottelut-2018-2019\\\/kyif-paatti-kauden-voittoon\\\/\",\"url\":\"https:\\\/\\\/aktialiiga.fi\\\/naiset\\\/2018-2019\\\/ottelut-2018-2019\\\/kyif-paatti-kauden-voittoon\\\/\",\"name\":\"KyIF p\u00e4\u00e4tti kauden voittoon | K\u00e4sipallon naisten Aktialiiga\",\"isPartOf\":{\"@id\":\"https:\\\/\\\/aktialiiga.fi\\\/naiset\\\/#website\"},\"primaryImageOfPage\":{\"@id\":\"https:\\\/\\\/aktialiiga.fi\\\/naiset\\\/2018-2019\\\/ottelut-2018-2019\\\/kyif-paatti-kauden-voittoon\\\/#primaryimage\"},\"image\":{\"@id\":\"https:\\\/\\\/aktialiiga.fi\\\/naiset\\\/2018-2019\\\/ottelut-2018-2019\\\/kyif-paatti-kauden-voittoon\\\/#primaryimage\"},\"thumbnailUrl\":\"https:\\\/\\\/aktialiiga.fi\\\/naiset\\\/wp-content\\\/uploads\\\/sites\\\/6\\\/2019\\\/03\\\/gronholm_felicia_kyif_18-19.jpg\",\"datePublished\":\"2019-03-27T18:26:16+00:00\",\"dateModified\":\"2019-03-27T18:39:32+00:00\",\"breadcrumb\":{\"@id\":\"https:\\\/\\\/aktialiiga.fi\\\/naiset\\\/2018-2019\\\/ottelut-2018-2019\\\/kyif-paatti-kauden-voittoon\\\/#breadcrumb\"},\"inLanguage\":\"fi\",\"potentialAction\":[{\"@type\":\"ReadAction\",\"target\":[\"https:\\\/\\\/aktialiiga.fi\\\/naiset\\\/2018-2019\\\/ottelut-2018-2019\\\/kyif-paatti-kauden-voittoon\\\/\"]}]},{\"@type\":\"ImageObject\",\"inLanguage\":\"fi\",\"@id\":\"https:\\\/\\\/aktialiiga.fi\\\/naiset\\\/2018-2019\\\/ottelut-2018-2019\\\/kyif-paatti-kauden-voittoon\\\/#primaryimage\",\"url\":\"https:\\\/\\\/aktialiiga.fi\\\/naiset\\\/wp-content\\\/uploads\\\/sites\\\/6\\\/2019\\\/03\\\/gronholm_felicia_kyif_18-19.jpg\",\"contentUrl\":\"https:\\\/\\\/aktialiiga.fi\\\/naiset\\\/wp-content\\\/uploads\\\/sites\\\/6\\\/2019\\\/03\\\/gronholm_felicia_kyif_18-19.jpg\",\"width\":711,\"height\":320},{\"@type\":\"BreadcrumbList\",\"@id\":\"https:\\\/\\\/aktialiiga.fi\\\/naiset\\\/2018-2019\\\/ottelut-2018-2019\\\/kyif-paatti-kauden-voittoon\\\/#breadcrumb\",\"itemListElement\":[{\"@type\":\"ListItem\",\"position\":1,\"name\":\"Etusivu\",\"item\":\"https:\\\/\\\/aktialiiga.fi\\\/naiset\\\/\"},{\"@type\":\"ListItem\",\"position\":2,\"name\":\"KyIF p\u00e4\u00e4tti kauden voittoon\"}]},{\"@type\":\"WebSite\",\"@id\":\"https:\\\/\\\/aktialiiga.fi\\\/naiset\\\/#website\",\"url\":\"https:\\\/\\\/aktialiiga.fi\\\/naiset\\\/\",\"name\":\"K\u00e4sipallon naisten Aktialiiga\",\"description\":\"Valtakunnan vauhdikkainta palloilua!\",\"publisher\":{\"@id\":\"https:\\\/\\\/aktialiiga.fi\\\/naiset\\\/#organization\"},\"potentialAction\":[{\"@type\":\"SearchAction\",\"target\":{\"@type\":\"EntryPoint\",\"urlTemplate\":\"https:\\\/\\\/aktialiiga.fi\\\/naiset\\\/?s={search_term_string}\"},\"query-input\":{\"@type\":\"PropertyValueSpecification\",\"valueRequired\":true,\"valueName\":\"search_term_string\"}}],\"inLanguage\":\"fi\"},{\"@type\":\"Organization\",\"@id\":\"https:\\\/\\\/aktialiiga.fi\\\/naiset\\\/#organization\",\"name\":\"K\u00e4sipallon naisten Aktialiiga\",\"url\":\"https:\\\/\\\/aktialiiga.fi\\\/naiset\\\/\",\"logo\":{\"@type\":\"ImageObject\",\"inLanguage\":\"fi\",\"@id\":\"https:\\\/\\\/aktialiiga.fi\\\/naiset\\\/#\\\/schema\\\/logo\\\/image\\\/\",\"url\":\"https:\\\/\\\/aktialiiga.fi\\\/naiset\\\/wp-content\\\/uploads\\\/sites\\\/6\\\/2024\\\/09\\\/Aktialiiga-Yoast-512.png\",\"contentUrl\":\"https:\\\/\\\/aktialiiga.fi\\\/naiset\\\/wp-content\\\/uploads\\\/sites\\\/6\\\/2024\\\/09\\\/Aktialiiga-Yoast-512.png\",\"width\":512,\"height\":512,\"caption\":\"K\u00e4sipallon naisten Aktialiiga\"},\"image\":{\"@id\":\"https:\\\/\\\/aktialiiga.fi\\\/naiset\\\/#\\\/schema\\\/logo\\\/image\\\/\"},\"sameAs\":[\"https:\\\/\\\/www.facebook.com\\\/finnhandball\",\"https:\\\/\\\/x.com\\\/finnhandball\",\"https:\\\/\\\/www.instagram.com\\\/handballfinland\\\/\"]},{\"@type\":\"Person\",\"@id\":\"https:\\\/\\\/aktialiiga.fi\\\/naiset\\\/#\\\/schema\\\/person\\\/c14bf42f47041db74603c45afcb18d87\",\"name\":\"tbrmedia\",\"image\":{\"@type\":\"ImageObject\",\"inLanguage\":\"fi\",\"@id\":\"https:\\\/\\\/secure.gravatar.com\\\/avatar\\\/ee975fa091fe581d12b60debb3439022686618368a7c142044c56724d4666b16?s=96&d=mm&r=g\",\"url\":\"https:\\\/\\\/secure.gravatar.com\\\/avatar\\\/ee975fa091fe581d12b60debb3439022686618368a7c142044c56724d4666b16?s=96&d=mm&r=g\",\"contentUrl\":\"https:\\\/\\\/secure.gravatar.com\\\/avatar\\\/ee975fa091fe581d12b60debb3439022686618368a7c142044c56724d4666b16?s=96&d=mm&r=g\",\"caption\":\"tbrmedia\"}}]}<\/script>\n<!-- \/ Yoast SEO plugin. -->","yoast_head_json":{"title":"KyIF p\u00e4\u00e4tti kauden voittoon | K\u00e4sipallon naisten Aktialiiga","robots":{"index":"index","follow":"follow","max-snippet":"max-snippet:-1","max-image-preview":"max-image-preview:large","max-video-preview":"max-video-preview:-1"},"canonical":"https:\/\/aktialiiga.fi\/naiset\/2018-2019\/ottelut-2018-2019\/kyif-paatti-kauden-voittoon\/","og_locale":"fi_FI","og_type":"article","og_title":"KyIF p\u00e4\u00e4tti kauden voittoon | K\u00e4sipallon naisten Aktialiiga","og_description":"KyIF:n ja GrIFK:n ottelussa ei ollut sijoitusten kannalta panosta, kun joukkueet p\u00e4\u00e4ttiv\u00e4t kautensa. Siit\u00e4 huolimatta kent\u00e4ll\u00e4 n\u00e4htiin kova taistelu pisteist\u00e4 ja lopulta peli k\u00e4\u00e4ntyi KyIF:lle 21-18 (7-7). GrIFK aloitti ottelun vahvasti ja KyIF:ll\u00e4 kesti l\u00e4hes seitsem\u00e4n minuuttia ennen kuin se sai maalitilins\u00e4 auki. Sit\u00e4 ennen Grani oli ehtinyt kolmen maalin johtoon. Sen suuremmaksi ero ei [&hellip;]","og_url":"https:\/\/aktialiiga.fi\/naiset\/2018-2019\/ottelut-2018-2019\/kyif-paatti-kauden-voittoon\/","og_site_name":"K\u00e4sipallon naisten Aktialiiga","article_publisher":"https:\/\/www.facebook.com\/finnhandball","article_published_time":"2019-03-27T18:26:16+00:00","article_modified_time":"2019-03-27T18:39:32+00:00","og_image":[{"width":711,"height":320,"url":"https:\/\/aktialiiga.fi\/naiset\/wp-content\/uploads\/sites\/6\/2019\/03\/gronholm_felicia_kyif_18-19.jpg","type":"image\/jpeg"}],"author":"tbrmedia","twitter_card":"summary_large_image","twitter_creator":"@finnhandball","twitter_site":"@finnhandball","schema":{"@context":"https:\/\/schema.org","@graph":[{"@type":"Article","@id":"https:\/\/aktialiiga.fi\/naiset\/2018-2019\/ottelut-2018-2019\/kyif-paatti-kauden-voittoon\/#article","isPartOf":{"@id":"https:\/\/aktialiiga.fi\/naiset\/2018-2019\/ottelut-2018-2019\/kyif-paatti-kauden-voittoon\/"},"author":{"name":"tbrmedia","@id":"https:\/\/aktialiiga.fi\/naiset\/#\/schema\/person\/c14bf42f47041db74603c45afcb18d87"},"headline":"KyIF p\u00e4\u00e4tti kauden voittoon","datePublished":"2019-03-27T18:26:16+00:00","dateModified":"2019-03-27T18:39:32+00:00","mainEntityOfPage":{"@id":"https:\/\/aktialiiga.fi\/naiset\/2018-2019\/ottelut-2018-2019\/kyif-paatti-kauden-voittoon\/"},"wordCount":331,"publisher":{"@id":"https:\/\/aktialiiga.fi\/naiset\/#organization"},"image":{"@id":"https:\/\/aktialiiga.fi\/naiset\/2018-2019\/ottelut-2018-2019\/kyif-paatti-kauden-voittoon\/#primaryimage"},"thumbnailUrl":"https:\/\/aktialiiga.fi\/naiset\/wp-content\/uploads\/sites\/6\/2019\/03\/gronholm_felicia_kyif_18-19.jpg","keywords":["GrIFK","KyIF"],"articleSection":["Ottelut"],"inLanguage":"fi"},{"@type":"WebPage","@id":"https:\/\/aktialiiga.fi\/naiset\/2018-2019\/ottelut-2018-2019\/kyif-paatti-kauden-voittoon\/","url":"https:\/\/aktialiiga.fi\/naiset\/2018-2019\/ottelut-2018-2019\/kyif-paatti-kauden-voittoon\/","name":"KyIF p\u00e4\u00e4tti kauden voittoon | K\u00e4sipallon naisten Aktialiiga","isPartOf":{"@id":"https:\/\/aktialiiga.fi\/naiset\/#website"},"primaryImageOfPage":{"@id":"https:\/\/aktialiiga.fi\/naiset\/2018-2019\/ottelut-2018-2019\/kyif-paatti-kauden-voittoon\/#primaryimage"},"image":{"@id":"https:\/\/aktialiiga.fi\/naiset\/2018-2019\/ottelut-2018-2019\/kyif-paatti-kauden-voittoon\/#primaryimage"},"thumbnailUrl":"https:\/\/aktialiiga.fi\/naiset\/wp-content\/uploads\/sites\/6\/2019\/03\/gronholm_felicia_kyif_18-19.jpg","datePublished":"2019-03-27T18:26:16+00:00","dateModified":"2019-03-27T18:39:32+00:00","breadcrumb":{"@id":"https:\/\/aktialiiga.fi\/naiset\/2018-2019\/ottelut-2018-2019\/kyif-paatti-kauden-voittoon\/#breadcrumb"},"inLanguage":"fi","potentialAction":[{"@type":"ReadAction","target":["https:\/\/aktialiiga.fi\/naiset\/2018-2019\/ottelut-2018-2019\/kyif-paatti-kauden-voittoon\/"]}]},{"@type":"ImageObject","inLanguage":"fi","@id":"https:\/\/aktialiiga.fi\/naiset\/2018-2019\/ottelut-2018-2019\/kyif-paatti-kauden-voittoon\/#primaryimage","url":"https:\/\/aktialiiga.fi\/naiset\/wp-content\/uploads\/sites\/6\/2019\/03\/gronholm_felicia_kyif_18-19.jpg","contentUrl":"https:\/\/aktialiiga.fi\/naiset\/wp-content\/uploads\/sites\/6\/2019\/03\/gronholm_felicia_kyif_18-19.jpg","width":711,"height":320},{"@type":"BreadcrumbList","@id":"https:\/\/aktialiiga.fi\/naiset\/2018-2019\/ottelut-2018-2019\/kyif-paatti-kauden-voittoon\/#breadcrumb","itemListElement":[{"@type":"ListItem","position":1,"name":"Etusivu","item":"https:\/\/aktialiiga.fi\/naiset\/"},{"@type":"ListItem","position":2,"name":"KyIF p\u00e4\u00e4tti kauden voittoon"}]},{"@type":"WebSite","@id":"https:\/\/aktialiiga.fi\/naiset\/#website","url":"https:\/\/aktialiiga.fi\/naiset\/","name":"K\u00e4sipallon naisten Aktialiiga","description":"Valtakunnan vauhdikkainta palloilua!","publisher":{"@id":"https:\/\/aktialiiga.fi\/naiset\/#organization"},"potentialAction":[{"@type":"SearchAction","target":{"@type":"EntryPoint","urlTemplate":"https:\/\/aktialiiga.fi\/naiset\/?s={search_term_string}"},"query-input":{"@type":"PropertyValueSpecification","valueRequired":true,"valueName":"search_term_string"}}],"inLanguage":"fi"},{"@type":"Organization","@id":"https:\/\/aktialiiga.fi\/naiset\/#organization","name":"K\u00e4sipallon naisten Aktialiiga","url":"https:\/\/aktialiiga.fi\/naiset\/","logo":{"@type":"ImageObject","inLanguage":"fi","@id":"https:\/\/aktialiiga.fi\/naiset\/#\/schema\/logo\/image\/","url":"https:\/\/aktialiiga.fi\/naiset\/wp-content\/uploads\/sites\/6\/2024\/09\/Aktialiiga-Yoast-512.png","contentUrl":"https:\/\/aktialiiga.fi\/naiset\/wp-content\/uploads\/sites\/6\/2024\/09\/Aktialiiga-Yoast-512.png","width":512,"height":512,"caption":"K\u00e4sipallon naisten Aktialiiga"},"image":{"@id":"https:\/\/aktialiiga.fi\/naiset\/#\/schema\/logo\/image\/"},"sameAs":["https:\/\/www.facebook.com\/finnhandball","https:\/\/x.com\/finnhandball","https:\/\/www.instagram.com\/handballfinland\/"]},{"@type":"Person","@id":"https:\/\/aktialiiga.fi\/naiset\/#\/schema\/person\/c14bf42f47041db74603c45afcb18d87","name":"tbrmedia","image":{"@type":"ImageObject","inLanguage":"fi","@id":"https:\/\/secure.gravatar.com\/avatar\/ee975fa091fe581d12b60debb3439022686618368a7c142044c56724d4666b16?s=96&d=mm&r=g","url":"https:\/\/secure.gravatar.com\/avatar\/ee975fa091fe581d12b60debb3439022686618368a7c142044c56724d4666b16?s=96&d=mm&r=g","contentUrl":"https:\/\/secure.gravatar.com\/avatar\/ee975fa091fe581d12b60debb3439022686618368a7c142044c56724d4666b16?s=96&d=mm&r=g","caption":"tbrmedia"}}]}},"jetpack_featured_media_url":"https:\/\/aktialiiga.fi\/naiset\/wp-content\/uploads\/sites\/6\/2019\/03\/gronholm_felicia_kyif_18-19.jpg","jetpack_sharing_enabled":true,"jetpack_shortlink":"https:\/\/wp.me\/pfYhm6-4TA","_links":{"self":[{"href":"https:\/\/aktialiiga.fi\/naiset\/wp-json\/wp\/v2\/posts\/18822","targetHints":{"allow":["GET"]}}],"collection":[{"href":"https:\/\/aktialiiga.fi\/naiset\/wp-json\/wp\/v2\/posts"}],"about":[{"href":"https:\/\/aktialiiga.fi\/naiset\/wp-json\/wp\/v2\/types\/post"}],"author":[{"embeddable":true,"href":"https:\/\/aktialiiga.fi\/naiset\/wp-json\/wp\/v2\/users\/13"}],"replies":[{"embeddable":true,"href":"https:\/\/aktialiiga.fi\/naiset\/wp-json\/wp\/v2\/comments?post=18822"}],"version-history":[{"count":0,"href":"https:\/\/aktialiiga.fi\/naiset\/wp-json\/wp\/v2\/posts\/18822\/revisions"}],"wp:featuredmedia":[{"embeddable":true,"href":"https:\/\/aktialiiga.fi\/naiset\/wp-json\/wp\/v2\/media\/18824"}],"wp:attachment":[{"href":"https:\/\/aktialiiga.fi\/naiset\/wp-json\/wp\/v2\/media?parent=18822"}],"wp:term":[{"taxonomy":"category","embeddable":true,"href":"https:\/\/aktialiiga.fi\/naiset\/wp-json\/wp\/v2\/categories?post=18822"},{"taxonomy":"post_tag","embeddable":true,"href":"https:\/\/aktialiiga.fi\/naiset\/wp-json\/wp\/v2\/tags?post=18822"}],"curies":[{"name":"wp","href":"https:\/\/api.w.org\/{rel}","templated":true}]}}