{"id":19392,"date":"2019-09-27T18:12:42","date_gmt":"2019-09-27T15:12:42","guid":{"rendered":"https:\/\/aktialiiga.fi\/naiset\/?p=19392"},"modified":"2019-09-27T18:12:42","modified_gmt":"2019-09-27T15:12:42","slug":"grifk-vahvistui-kahdella-pelaajalla","status":"publish","type":"post","link":"https:\/\/aktialiiga.fi\/naiset\/ajankohtaista\/grifk-vahvistui-kahdella-pelaajalla\/","title":{"rendered":"GrIFK vahvistui kahdella pelaajalla"},"content":{"rendered":"<p>GrIFK on vahvistanut rivej\u00e4\u00e4n Nicolina Nyn\u00e4sill\u00e4 ja Alina Stendahlilla juuri kauden alla.<\/p>\n<p>20-vuotias Nyn\u00e4s on pelannut k\u00e4sipalloa 8-vuotiaasta l\u00e4htien BK-46:ssa.<\/p>\n<p>&#8211; T\u00e4n\u00e4 syksyn\u00e4 ensimm\u00e4ist\u00e4 kertaa urallani en tule pelaamaan k\u00e4sipalloa puna-valkoisessa paidassa. GrIFK:ssa toivon kehittyv\u00e4ni pelaajana ja toivon tulevani osaksi joukkuetta niin my\u00f6t\u00e4- kuin vastoink\u00e4ymisiss\u00e4. Toivon saavani hyvi\u00e4 muistoja ja yhdess\u00e4 voimme saavuttaa asettaammme tavoitteet, Nyn\u00e4s toteaa GrIFK:n sivuilla.<\/p>\n<p>18-vuotias Stendahl aloitti k\u00e4sipallon KyIF:ss\u00e4 6-vuotiaana ja siirtyi Dickeniin vuonna 2017, jossa pelasi viime vuonna. H\u00e4n on my\u00f6s osana 2000-syntyneiden maajoukkuetta.<\/p>\n<p>&#8211; Odotan hyvi\u00e4 ja laadukkaita harjoituksia sek\u00e4 lis\u00e4ksi hyvi\u00e4 ja tehokkaita maalivahtitreenej\u00e4. &#8221;Gutte&#8221; on ollut minulla vuoden juniorivalmentajana, joten tunnen h\u00e4nen valmennustyylins\u00e4 hyvin. Olen huomannut, ett\u00e4 joukkueessa on erinomainen henki ja kaikki pelaajat ovat tavoitteellisia ja kaikilla on yhteinen tahto kehitty\u00e4. Tunnen monta tyt\u00f6ist\u00e4 etuk\u00e4teen ja kaikki ovat olleet eritt\u00e4in avoimia, joten on ollut helppo sopeutua joukkueeseen. Odotan innolla kautta Granin kanssa, maalivahtilupaus toteaa.<\/p>\n","protected":false},"excerpt":{"rendered":"<p>GrIFK on vahvistanut rivej\u00e4\u00e4n Nicolina Nyn\u00e4sill\u00e4 ja Alina Stendahlilla juuri kauden alla. 20-vuotias Nyn\u00e4s on pelannut k\u00e4sipalloa 8-vuotiaasta l\u00e4htien BK-46:ssa. &#8211; T\u00e4n\u00e4 syksyn\u00e4 ensimm\u00e4ist\u00e4 kertaa urallani en tule pelaamaan k\u00e4sipalloa puna-valkoisessa paidassa. GrIFK:ssa toivon kehittyv\u00e4ni pelaajana ja toivon tulevani osaksi joukkuetta niin my\u00f6t\u00e4- kuin vastoink\u00e4ymisiss\u00e4. Toivon saavani hyvi\u00e4 muistoja ja yhdess\u00e4 voimme saavuttaa asettaammme tavoitteet, [&hellip;]<\/p>\n","protected":false},"author":13,"featured_media":19381,"comment_status":"closed","ping_status":"closed","sticky":false,"template":"","format":"standard","meta":{"_acf_changed":false,"jetpack_post_was_ever_published":false,"_jetpack_newsletter_access":"","_jetpack_dont_email_post_to_subs":false,"_jetpack_newsletter_tier_id":0,"_jetpack_memberships_contains_paywalled_content":false,"_jetpack_memberships_contains_paid_content":false,"footnotes":""},"categories":[2],"tags":[57],"class_list":["post-19392","post","type-post","status-publish","format-standard","has-post-thumbnail","hentry","category-ajankohtaista","tag-grifk"],"acf":[],"yoast_head":"<!-- This site is optimized with the Yoast SEO plugin v27.5 - https:\/\/yoast.com\/product\/yoast-seo-wordpress\/ -->\n<title>GrIFK vahvistui kahdella pelaajalla | K\u00e4sipallon naisten Aktialiiga<\/title>\n<meta name=\"robots\" content=\"index, follow, max-snippet:-1, max-image-preview:large, max-video-preview:-1\" \/>\n<link rel=\"canonical\" href=\"https:\/\/aktialiiga.fi\/naiset\/ajankohtaista\/grifk-vahvistui-kahdella-pelaajalla\/\" \/>\n<meta property=\"og:locale\" content=\"fi_FI\" \/>\n<meta property=\"og:type\" content=\"article\" \/>\n<meta property=\"og:title\" content=\"GrIFK vahvistui kahdella pelaajalla | K\u00e4sipallon naisten Aktialiiga\" \/>\n<meta property=\"og:description\" content=\"GrIFK on vahvistanut rivej\u00e4\u00e4n Nicolina Nyn\u00e4sill\u00e4 ja Alina Stendahlilla juuri kauden alla. 20-vuotias Nyn\u00e4s on pelannut k\u00e4sipalloa 8-vuotiaasta l\u00e4htien BK-46:ssa. &#8211; T\u00e4n\u00e4 syksyn\u00e4 ensimm\u00e4ist\u00e4 kertaa urallani en tule pelaamaan k\u00e4sipalloa puna-valkoisessa paidassa. GrIFK:ssa toivon kehittyv\u00e4ni pelaajana ja toivon tulevani osaksi joukkuetta niin my\u00f6t\u00e4- kuin vastoink\u00e4ymisiss\u00e4. Toivon saavani hyvi\u00e4 muistoja ja yhdess\u00e4 voimme saavuttaa asettaammme tavoitteet, [&hellip;]\" \/>\n<meta property=\"og:url\" content=\"https:\/\/aktialiiga.fi\/naiset\/ajankohtaista\/grifk-vahvistui-kahdella-pelaajalla\/\" \/>\n<meta property=\"og:site_name\" content=\"K\u00e4sipallon naisten Aktialiiga\" \/>\n<meta property=\"article:publisher\" content=\"https:\/\/www.facebook.com\/finnhandball\" \/>\n<meta property=\"article:published_time\" content=\"2019-09-27T15:12:42+00:00\" \/>\n<meta property=\"og:image\" content=\"https:\/\/aktialiiga.fi\/naiset\/wp-content\/uploads\/sites\/6\/2019\/09\/Nicolina-Nynas-e1569597133157.jpg\" \/>\n\t<meta property=\"og:image:width\" content=\"1367\" \/>\n\t<meta property=\"og:image:height\" content=\"1152\" \/>\n\t<meta property=\"og:image:type\" content=\"image\/jpeg\" \/>\n<meta name=\"author\" content=\"tbrmedia\" \/>\n<meta name=\"twitter:card\" content=\"summary_large_image\" \/>\n<meta name=\"twitter:creator\" content=\"@finnhandball\" \/>\n<meta name=\"twitter:site\" content=\"@finnhandball\" \/>\n<script type=\"application\/ld+json\" class=\"yoast-schema-graph\">{\"@context\":\"https:\\\/\\\/schema.org\",\"@graph\":[{\"@type\":\"Article\",\"@id\":\"https:\\\/\\\/aktialiiga.fi\\\/naiset\\\/ajankohtaista\\\/grifk-vahvistui-kahdella-pelaajalla\\\/#article\",\"isPartOf\":{\"@id\":\"https:\\\/\\\/aktialiiga.fi\\\/naiset\\\/ajankohtaista\\\/grifk-vahvistui-kahdella-pelaajalla\\\/\"},\"author\":{\"name\":\"tbrmedia\",\"@id\":\"https:\\\/\\\/aktialiiga.fi\\\/naiset\\\/#\\\/schema\\\/person\\\/c14bf42f47041db74603c45afcb18d87\"},\"headline\":\"GrIFK vahvistui kahdella pelaajalla\",\"datePublished\":\"2019-09-27T15:12:42+00:00\",\"mainEntityOfPage\":{\"@id\":\"https:\\\/\\\/aktialiiga.fi\\\/naiset\\\/ajankohtaista\\\/grifk-vahvistui-kahdella-pelaajalla\\\/\"},\"wordCount\":172,\"publisher\":{\"@id\":\"https:\\\/\\\/aktialiiga.fi\\\/naiset\\\/#organization\"},\"image\":{\"@id\":\"https:\\\/\\\/aktialiiga.fi\\\/naiset\\\/ajankohtaista\\\/grifk-vahvistui-kahdella-pelaajalla\\\/#primaryimage\"},\"thumbnailUrl\":\"https:\\\/\\\/aktialiiga.fi\\\/naiset\\\/wp-content\\\/uploads\\\/sites\\\/6\\\/2019\\\/09\\\/Nicolina-Nynas-e1569597133157.jpg\",\"keywords\":[\"GrIFK\"],\"articleSection\":[\"Ajankohtaista\"],\"inLanguage\":\"fi\"},{\"@type\":\"WebPage\",\"@id\":\"https:\\\/\\\/aktialiiga.fi\\\/naiset\\\/ajankohtaista\\\/grifk-vahvistui-kahdella-pelaajalla\\\/\",\"url\":\"https:\\\/\\\/aktialiiga.fi\\\/naiset\\\/ajankohtaista\\\/grifk-vahvistui-kahdella-pelaajalla\\\/\",\"name\":\"GrIFK vahvistui kahdella pelaajalla | K\u00e4sipallon naisten Aktialiiga\",\"isPartOf\":{\"@id\":\"https:\\\/\\\/aktialiiga.fi\\\/naiset\\\/#website\"},\"primaryImageOfPage\":{\"@id\":\"https:\\\/\\\/aktialiiga.fi\\\/naiset\\\/ajankohtaista\\\/grifk-vahvistui-kahdella-pelaajalla\\\/#primaryimage\"},\"image\":{\"@id\":\"https:\\\/\\\/aktialiiga.fi\\\/naiset\\\/ajankohtaista\\\/grifk-vahvistui-kahdella-pelaajalla\\\/#primaryimage\"},\"thumbnailUrl\":\"https:\\\/\\\/aktialiiga.fi\\\/naiset\\\/wp-content\\\/uploads\\\/sites\\\/6\\\/2019\\\/09\\\/Nicolina-Nynas-e1569597133157.jpg\",\"datePublished\":\"2019-09-27T15:12:42+00:00\",\"breadcrumb\":{\"@id\":\"https:\\\/\\\/aktialiiga.fi\\\/naiset\\\/ajankohtaista\\\/grifk-vahvistui-kahdella-pelaajalla\\\/#breadcrumb\"},\"inLanguage\":\"fi\",\"potentialAction\":[{\"@type\":\"ReadAction\",\"target\":[\"https:\\\/\\\/aktialiiga.fi\\\/naiset\\\/ajankohtaista\\\/grifk-vahvistui-kahdella-pelaajalla\\\/\"]}]},{\"@type\":\"ImageObject\",\"inLanguage\":\"fi\",\"@id\":\"https:\\\/\\\/aktialiiga.fi\\\/naiset\\\/ajankohtaista\\\/grifk-vahvistui-kahdella-pelaajalla\\\/#primaryimage\",\"url\":\"https:\\\/\\\/aktialiiga.fi\\\/naiset\\\/wp-content\\\/uploads\\\/sites\\\/6\\\/2019\\\/09\\\/Nicolina-Nynas-e1569597133157.jpg\",\"contentUrl\":\"https:\\\/\\\/aktialiiga.fi\\\/naiset\\\/wp-content\\\/uploads\\\/sites\\\/6\\\/2019\\\/09\\\/Nicolina-Nynas-e1569597133157.jpg\",\"width\":1367,\"height\":1152},{\"@type\":\"BreadcrumbList\",\"@id\":\"https:\\\/\\\/aktialiiga.fi\\\/naiset\\\/ajankohtaista\\\/grifk-vahvistui-kahdella-pelaajalla\\\/#breadcrumb\",\"itemListElement\":[{\"@type\":\"ListItem\",\"position\":1,\"name\":\"Etusivu\",\"item\":\"https:\\\/\\\/aktialiiga.fi\\\/naiset\\\/\"},{\"@type\":\"ListItem\",\"position\":2,\"name\":\"GrIFK vahvistui kahdella pelaajalla\"}]},{\"@type\":\"WebSite\",\"@id\":\"https:\\\/\\\/aktialiiga.fi\\\/naiset\\\/#website\",\"url\":\"https:\\\/\\\/aktialiiga.fi\\\/naiset\\\/\",\"name\":\"K\u00e4sipallon naisten Aktialiiga\",\"description\":\"Valtakunnan vauhdikkainta palloilua!\",\"publisher\":{\"@id\":\"https:\\\/\\\/aktialiiga.fi\\\/naiset\\\/#organization\"},\"potentialAction\":[{\"@type\":\"SearchAction\",\"target\":{\"@type\":\"EntryPoint\",\"urlTemplate\":\"https:\\\/\\\/aktialiiga.fi\\\/naiset\\\/?s={search_term_string}\"},\"query-input\":{\"@type\":\"PropertyValueSpecification\",\"valueRequired\":true,\"valueName\":\"search_term_string\"}}],\"inLanguage\":\"fi\"},{\"@type\":\"Organization\",\"@id\":\"https:\\\/\\\/aktialiiga.fi\\\/naiset\\\/#organization\",\"name\":\"K\u00e4sipallon naisten Aktialiiga\",\"url\":\"https:\\\/\\\/aktialiiga.fi\\\/naiset\\\/\",\"logo\":{\"@type\":\"ImageObject\",\"inLanguage\":\"fi\",\"@id\":\"https:\\\/\\\/aktialiiga.fi\\\/naiset\\\/#\\\/schema\\\/logo\\\/image\\\/\",\"url\":\"https:\\\/\\\/aktialiiga.fi\\\/naiset\\\/wp-content\\\/uploads\\\/sites\\\/6\\\/2024\\\/09\\\/Aktialiiga-Yoast-512.png\",\"contentUrl\":\"https:\\\/\\\/aktialiiga.fi\\\/naiset\\\/wp-content\\\/uploads\\\/sites\\\/6\\\/2024\\\/09\\\/Aktialiiga-Yoast-512.png\",\"width\":512,\"height\":512,\"caption\":\"K\u00e4sipallon naisten Aktialiiga\"},\"image\":{\"@id\":\"https:\\\/\\\/aktialiiga.fi\\\/naiset\\\/#\\\/schema\\\/logo\\\/image\\\/\"},\"sameAs\":[\"https:\\\/\\\/www.facebook.com\\\/finnhandball\",\"https:\\\/\\\/x.com\\\/finnhandball\",\"https:\\\/\\\/www.instagram.com\\\/handballfinland\\\/\"]},{\"@type\":\"Person\",\"@id\":\"https:\\\/\\\/aktialiiga.fi\\\/naiset\\\/#\\\/schema\\\/person\\\/c14bf42f47041db74603c45afcb18d87\",\"name\":\"tbrmedia\",\"image\":{\"@type\":\"ImageObject\",\"inLanguage\":\"fi\",\"@id\":\"https:\\\/\\\/secure.gravatar.com\\\/avatar\\\/ee975fa091fe581d12b60debb3439022686618368a7c142044c56724d4666b16?s=96&d=mm&r=g\",\"url\":\"https:\\\/\\\/secure.gravatar.com\\\/avatar\\\/ee975fa091fe581d12b60debb3439022686618368a7c142044c56724d4666b16?s=96&d=mm&r=g\",\"contentUrl\":\"https:\\\/\\\/secure.gravatar.com\\\/avatar\\\/ee975fa091fe581d12b60debb3439022686618368a7c142044c56724d4666b16?s=96&d=mm&r=g\",\"caption\":\"tbrmedia\"}}]}<\/script>\n<!-- \/ Yoast SEO plugin. -->","yoast_head_json":{"title":"GrIFK vahvistui kahdella pelaajalla | K\u00e4sipallon naisten Aktialiiga","robots":{"index":"index","follow":"follow","max-snippet":"max-snippet:-1","max-image-preview":"max-image-preview:large","max-video-preview":"max-video-preview:-1"},"canonical":"https:\/\/aktialiiga.fi\/naiset\/ajankohtaista\/grifk-vahvistui-kahdella-pelaajalla\/","og_locale":"fi_FI","og_type":"article","og_title":"GrIFK vahvistui kahdella pelaajalla | K\u00e4sipallon naisten Aktialiiga","og_description":"GrIFK on vahvistanut rivej\u00e4\u00e4n Nicolina Nyn\u00e4sill\u00e4 ja Alina Stendahlilla juuri kauden alla. 20-vuotias Nyn\u00e4s on pelannut k\u00e4sipalloa 8-vuotiaasta l\u00e4htien BK-46:ssa. &#8211; T\u00e4n\u00e4 syksyn\u00e4 ensimm\u00e4ist\u00e4 kertaa urallani en tule pelaamaan k\u00e4sipalloa puna-valkoisessa paidassa. GrIFK:ssa toivon kehittyv\u00e4ni pelaajana ja toivon tulevani osaksi joukkuetta niin my\u00f6t\u00e4- kuin vastoink\u00e4ymisiss\u00e4. Toivon saavani hyvi\u00e4 muistoja ja yhdess\u00e4 voimme saavuttaa asettaammme tavoitteet, [&hellip;]","og_url":"https:\/\/aktialiiga.fi\/naiset\/ajankohtaista\/grifk-vahvistui-kahdella-pelaajalla\/","og_site_name":"K\u00e4sipallon naisten Aktialiiga","article_publisher":"https:\/\/www.facebook.com\/finnhandball","article_published_time":"2019-09-27T15:12:42+00:00","og_image":[{"width":1367,"height":1152,"url":"https:\/\/aktialiiga.fi\/naiset\/wp-content\/uploads\/sites\/6\/2019\/09\/Nicolina-Nynas-e1569597133157.jpg","type":"image\/jpeg"}],"author":"tbrmedia","twitter_card":"summary_large_image","twitter_creator":"@finnhandball","twitter_site":"@finnhandball","schema":{"@context":"https:\/\/schema.org","@graph":[{"@type":"Article","@id":"https:\/\/aktialiiga.fi\/naiset\/ajankohtaista\/grifk-vahvistui-kahdella-pelaajalla\/#article","isPartOf":{"@id":"https:\/\/aktialiiga.fi\/naiset\/ajankohtaista\/grifk-vahvistui-kahdella-pelaajalla\/"},"author":{"name":"tbrmedia","@id":"https:\/\/aktialiiga.fi\/naiset\/#\/schema\/person\/c14bf42f47041db74603c45afcb18d87"},"headline":"GrIFK vahvistui kahdella pelaajalla","datePublished":"2019-09-27T15:12:42+00:00","mainEntityOfPage":{"@id":"https:\/\/aktialiiga.fi\/naiset\/ajankohtaista\/grifk-vahvistui-kahdella-pelaajalla\/"},"wordCount":172,"publisher":{"@id":"https:\/\/aktialiiga.fi\/naiset\/#organization"},"image":{"@id":"https:\/\/aktialiiga.fi\/naiset\/ajankohtaista\/grifk-vahvistui-kahdella-pelaajalla\/#primaryimage"},"thumbnailUrl":"https:\/\/aktialiiga.fi\/naiset\/wp-content\/uploads\/sites\/6\/2019\/09\/Nicolina-Nynas-e1569597133157.jpg","keywords":["GrIFK"],"articleSection":["Ajankohtaista"],"inLanguage":"fi"},{"@type":"WebPage","@id":"https:\/\/aktialiiga.fi\/naiset\/ajankohtaista\/grifk-vahvistui-kahdella-pelaajalla\/","url":"https:\/\/aktialiiga.fi\/naiset\/ajankohtaista\/grifk-vahvistui-kahdella-pelaajalla\/","name":"GrIFK vahvistui kahdella pelaajalla | K\u00e4sipallon naisten Aktialiiga","isPartOf":{"@id":"https:\/\/aktialiiga.fi\/naiset\/#website"},"primaryImageOfPage":{"@id":"https:\/\/aktialiiga.fi\/naiset\/ajankohtaista\/grifk-vahvistui-kahdella-pelaajalla\/#primaryimage"},"image":{"@id":"https:\/\/aktialiiga.fi\/naiset\/ajankohtaista\/grifk-vahvistui-kahdella-pelaajalla\/#primaryimage"},"thumbnailUrl":"https:\/\/aktialiiga.fi\/naiset\/wp-content\/uploads\/sites\/6\/2019\/09\/Nicolina-Nynas-e1569597133157.jpg","datePublished":"2019-09-27T15:12:42+00:00","breadcrumb":{"@id":"https:\/\/aktialiiga.fi\/naiset\/ajankohtaista\/grifk-vahvistui-kahdella-pelaajalla\/#breadcrumb"},"inLanguage":"fi","potentialAction":[{"@type":"ReadAction","target":["https:\/\/aktialiiga.fi\/naiset\/ajankohtaista\/grifk-vahvistui-kahdella-pelaajalla\/"]}]},{"@type":"ImageObject","inLanguage":"fi","@id":"https:\/\/aktialiiga.fi\/naiset\/ajankohtaista\/grifk-vahvistui-kahdella-pelaajalla\/#primaryimage","url":"https:\/\/aktialiiga.fi\/naiset\/wp-content\/uploads\/sites\/6\/2019\/09\/Nicolina-Nynas-e1569597133157.jpg","contentUrl":"https:\/\/aktialiiga.fi\/naiset\/wp-content\/uploads\/sites\/6\/2019\/09\/Nicolina-Nynas-e1569597133157.jpg","width":1367,"height":1152},{"@type":"BreadcrumbList","@id":"https:\/\/aktialiiga.fi\/naiset\/ajankohtaista\/grifk-vahvistui-kahdella-pelaajalla\/#breadcrumb","itemListElement":[{"@type":"ListItem","position":1,"name":"Etusivu","item":"https:\/\/aktialiiga.fi\/naiset\/"},{"@type":"ListItem","position":2,"name":"GrIFK vahvistui kahdella pelaajalla"}]},{"@type":"WebSite","@id":"https:\/\/aktialiiga.fi\/naiset\/#website","url":"https:\/\/aktialiiga.fi\/naiset\/","name":"K\u00e4sipallon naisten Aktialiiga","description":"Valtakunnan vauhdikkainta palloilua!","publisher":{"@id":"https:\/\/aktialiiga.fi\/naiset\/#organization"},"potentialAction":[{"@type":"SearchAction","target":{"@type":"EntryPoint","urlTemplate":"https:\/\/aktialiiga.fi\/naiset\/?s={search_term_string}"},"query-input":{"@type":"PropertyValueSpecification","valueRequired":true,"valueName":"search_term_string"}}],"inLanguage":"fi"},{"@type":"Organization","@id":"https:\/\/aktialiiga.fi\/naiset\/#organization","name":"K\u00e4sipallon naisten Aktialiiga","url":"https:\/\/aktialiiga.fi\/naiset\/","logo":{"@type":"ImageObject","inLanguage":"fi","@id":"https:\/\/aktialiiga.fi\/naiset\/#\/schema\/logo\/image\/","url":"https:\/\/aktialiiga.fi\/naiset\/wp-content\/uploads\/sites\/6\/2024\/09\/Aktialiiga-Yoast-512.png","contentUrl":"https:\/\/aktialiiga.fi\/naiset\/wp-content\/uploads\/sites\/6\/2024\/09\/Aktialiiga-Yoast-512.png","width":512,"height":512,"caption":"K\u00e4sipallon naisten Aktialiiga"},"image":{"@id":"https:\/\/aktialiiga.fi\/naiset\/#\/schema\/logo\/image\/"},"sameAs":["https:\/\/www.facebook.com\/finnhandball","https:\/\/x.com\/finnhandball","https:\/\/www.instagram.com\/handballfinland\/"]},{"@type":"Person","@id":"https:\/\/aktialiiga.fi\/naiset\/#\/schema\/person\/c14bf42f47041db74603c45afcb18d87","name":"tbrmedia","image":{"@type":"ImageObject","inLanguage":"fi","@id":"https:\/\/secure.gravatar.com\/avatar\/ee975fa091fe581d12b60debb3439022686618368a7c142044c56724d4666b16?s=96&d=mm&r=g","url":"https:\/\/secure.gravatar.com\/avatar\/ee975fa091fe581d12b60debb3439022686618368a7c142044c56724d4666b16?s=96&d=mm&r=g","contentUrl":"https:\/\/secure.gravatar.com\/avatar\/ee975fa091fe581d12b60debb3439022686618368a7c142044c56724d4666b16?s=96&d=mm&r=g","caption":"tbrmedia"}}]}},"jetpack_featured_media_url":"https:\/\/aktialiiga.fi\/naiset\/wp-content\/uploads\/sites\/6\/2019\/09\/Nicolina-Nynas-e1569597133157.jpg","jetpack_sharing_enabled":true,"jetpack_shortlink":"https:\/\/wp.me\/pfYhm6-52M","_links":{"self":[{"href":"https:\/\/aktialiiga.fi\/naiset\/wp-json\/wp\/v2\/posts\/19392","targetHints":{"allow":["GET"]}}],"collection":[{"href":"https:\/\/aktialiiga.fi\/naiset\/wp-json\/wp\/v2\/posts"}],"about":[{"href":"https:\/\/aktialiiga.fi\/naiset\/wp-json\/wp\/v2\/types\/post"}],"author":[{"embeddable":true,"href":"https:\/\/aktialiiga.fi\/naiset\/wp-json\/wp\/v2\/users\/13"}],"replies":[{"embeddable":true,"href":"https:\/\/aktialiiga.fi\/naiset\/wp-json\/wp\/v2\/comments?post=19392"}],"version-history":[{"count":0,"href":"https:\/\/aktialiiga.fi\/naiset\/wp-json\/wp\/v2\/posts\/19392\/revisions"}],"wp:featuredmedia":[{"embeddable":true,"href":"https:\/\/aktialiiga.fi\/naiset\/wp-json\/wp\/v2\/media\/19381"}],"wp:attachment":[{"href":"https:\/\/aktialiiga.fi\/naiset\/wp-json\/wp\/v2\/media?parent=19392"}],"wp:term":[{"taxonomy":"category","embeddable":true,"href":"https:\/\/aktialiiga.fi\/naiset\/wp-json\/wp\/v2\/categories?post=19392"},{"taxonomy":"post_tag","embeddable":true,"href":"https:\/\/aktialiiga.fi\/naiset\/wp-json\/wp\/v2\/tags?post=19392"}],"curies":[{"name":"wp","href":"https:\/\/api.w.org\/{rel}","templated":true}]}}