{"id":19836,"date":"2019-11-12T11:59:14","date_gmt":"2019-11-12T09:59:14","guid":{"rendered":"https:\/\/aktialiiga.fi\/naiset\/?p=19836"},"modified":"2019-11-12T11:59:14","modified_gmt":"2019-11-12T09:59:14","slug":"dicken-ja-hifk-karkiottelussa-keskiviikkona","status":"publish","type":"post","link":"https:\/\/aktialiiga.fi\/naiset\/2019-2020\/ennakot-2019-2020\/dicken-ja-hifk-karkiottelussa-keskiviikkona\/","title":{"rendered":"Dicken ja HIFK k\u00e4rkiottelussa keskiviikkona"},"content":{"rendered":"<p>SM-sarjassa pelataan viikolla kaksi ottelua. Keskiviikkona edess\u00e4 on odotettu k\u00e4rkiottelu Dicken-HIFK ja torstaina GrIFK saa kotikent\u00e4lleen KyIF:n.<\/p>\n<p>Dicken ja HIFK iskev\u00e4t yhteen toista kertaa t\u00e4ll\u00e4 kaudella. Monivuotisten kilpakumppaneiden ottelut ovat poikkeuksetta olleet viihdytt\u00e4vi\u00e4 ja j\u00e4nnitt\u00e4vi\u00e4. Kauden ensimm\u00e4inen kohtaaminen ei<\/p>\n<p>Kev\u00e4\u00e4n ratkaisupeleihin on viel\u00e4 4-5 kuukautta aikaa ja Dicken pyrkii edelleen \u201dajamaan sis\u00e4\u00e4n\u201d nuoria tulevaisuuden pelaajia kuten Malena Heikkist\u00e4 ja Anna Westerlundia, samalla kun HIFK nojaa Johanna Hillin ja Linda Cainberg kaltaisiin kokeneisiin pelaajiin.<\/p>\n<p>Ottelusta tullee j\u00e4lleen kerran \u201dmaalin peli\u201d, kumpaan suuntaan, se selvi\u00e4\u00e4 keskiviikkona. Joukkueet kohtaavatkin joulukuun alussa taas Suomen Cupin semifinaalissa, joten loppuvuoteen on luvassa mielenkiintoisia kohtaamisia.<\/p>\n<p>Torstaina GrIFK saa kotikent\u00e4lleen KyIF:n. Vaikka kev\u00e4\u00e4seen on pitk\u00e4 matka, niin peliss\u00e4 on jo kosolti panosta. Alkukauden perusteella GrIFK ja KyIF ovat juuri ne joukkueet, jotka kiivaimmin taistelevat nelj\u00e4nnest\u00e4 v\u00e4lier\u00e4paikasta. GrIFK voitti joukkueiden kauden ensimm\u00e4isen pelin 27-23 ja on lis\u00e4ksi voittanut Atlaksen kahdesti. KyIF:n kauden ainoa voitto on tullut niin ik\u00e4\u00e4n Atlaksesta. GrIFK p\u00e4\u00e4see kotikent\u00e4lleen ennakkosuosikkina, mutta KyIF on osoittanut potentiaalinsa.<\/p>\n<p>Kierros p\u00e4\u00e4tet\u00e4\u00e4n lauantaina SIF:n ja Atlaksen ottelulla.<\/p>\n<p><strong>SM-sarjan ottelut:<br \/>\n<\/strong>Ke 13.11. kello 19.00 Dicken-HIFK (VeikkausTV)<strong><br \/>\n<\/strong>To 14.11. kello 19.00 GrIFK-KyIF<strong><br \/>\n<\/strong>La 16.11. kello 15.45 SIF-Atlas<\/p>\n","protected":false},"excerpt":{"rendered":"<p>SM-sarjassa pelataan viikolla kaksi ottelua. Keskiviikkona edess\u00e4 on odotettu k\u00e4rkiottelu Dicken-HIFK ja torstaina GrIFK saa kotikent\u00e4lleen KyIF:n. Dicken ja HIFK iskev\u00e4t yhteen toista kertaa t\u00e4ll\u00e4 kaudella. Monivuotisten kilpakumppaneiden ottelut ovat poikkeuksetta olleet viihdytt\u00e4vi\u00e4 ja j\u00e4nnitt\u00e4vi\u00e4. Kauden ensimm\u00e4inen kohtaaminen ei Kev\u00e4\u00e4n ratkaisupeleihin on viel\u00e4 4-5 kuukautta aikaa ja Dicken pyrkii edelleen \u201dajamaan sis\u00e4\u00e4n\u201d nuoria tulevaisuuden pelaajia [&hellip;]<\/p>\n","protected":false},"author":13,"featured_media":19840,"comment_status":"closed","ping_status":"closed","sticky":false,"template":"","format":"standard","meta":{"_acf_changed":false,"jetpack_post_was_ever_published":false,"_jetpack_newsletter_access":"","_jetpack_dont_email_post_to_subs":false,"_jetpack_newsletter_tier_id":0,"_jetpack_memberships_contains_paywalled_content":false,"_jetpack_memberships_contains_paid_content":false,"footnotes":""},"categories":[164],"tags":[51,57,61,67],"class_list":["post-19836","post","type-post","status-publish","format-standard","has-post-thumbnail","hentry","category-ennakot-2019-2020","tag-dicken","tag-grifk","tag-hifk","tag-kyif"],"acf":[],"yoast_head":"<!-- This site is optimized with the Yoast SEO plugin v27.5 - https:\/\/yoast.com\/product\/yoast-seo-wordpress\/ -->\n<title>Dicken ja HIFK k\u00e4rkiottelussa keskiviikkona | K\u00e4sipallon naisten Aktialiiga<\/title>\n<meta name=\"robots\" content=\"index, follow, max-snippet:-1, max-image-preview:large, max-video-preview:-1\" \/>\n<link rel=\"canonical\" href=\"https:\/\/aktialiiga.fi\/naiset\/2019-2020\/ennakot-2019-2020\/dicken-ja-hifk-karkiottelussa-keskiviikkona\/\" \/>\n<meta property=\"og:locale\" content=\"fi_FI\" \/>\n<meta property=\"og:type\" content=\"article\" \/>\n<meta property=\"og:title\" content=\"Dicken ja HIFK k\u00e4rkiottelussa keskiviikkona | K\u00e4sipallon naisten Aktialiiga\" \/>\n<meta property=\"og:description\" content=\"SM-sarjassa pelataan viikolla kaksi ottelua. Keskiviikkona edess\u00e4 on odotettu k\u00e4rkiottelu Dicken-HIFK ja torstaina GrIFK saa kotikent\u00e4lleen KyIF:n. Dicken ja HIFK iskev\u00e4t yhteen toista kertaa t\u00e4ll\u00e4 kaudella. Monivuotisten kilpakumppaneiden ottelut ovat poikkeuksetta olleet viihdytt\u00e4vi\u00e4 ja j\u00e4nnitt\u00e4vi\u00e4. Kauden ensimm\u00e4inen kohtaaminen ei Kev\u00e4\u00e4n ratkaisupeleihin on viel\u00e4 4-5 kuukautta aikaa ja Dicken pyrkii edelleen \u201dajamaan sis\u00e4\u00e4n\u201d nuoria tulevaisuuden pelaajia [&hellip;]\" \/>\n<meta property=\"og:url\" content=\"https:\/\/aktialiiga.fi\/naiset\/2019-2020\/ennakot-2019-2020\/dicken-ja-hifk-karkiottelussa-keskiviikkona\/\" \/>\n<meta property=\"og:site_name\" content=\"K\u00e4sipallon naisten Aktialiiga\" \/>\n<meta property=\"article:publisher\" content=\"https:\/\/www.facebook.com\/finnhandball\" \/>\n<meta property=\"article:published_time\" content=\"2019-11-12T09:59:14+00:00\" \/>\n<meta property=\"og:image\" content=\"https:\/\/aktialiiga.fi\/naiset\/wp-content\/uploads\/sites\/6\/2019\/11\/valkamo_emilia-Lindahl_anna_dicken_19-20.jpg\" \/>\n\t<meta property=\"og:image:width\" content=\"1200\" \/>\n\t<meta property=\"og:image:height\" content=\"800\" \/>\n\t<meta property=\"og:image:type\" content=\"image\/jpeg\" \/>\n<meta name=\"author\" content=\"tbrmedia\" \/>\n<meta name=\"twitter:card\" content=\"summary_large_image\" \/>\n<meta name=\"twitter:creator\" content=\"@finnhandball\" \/>\n<meta name=\"twitter:site\" content=\"@finnhandball\" \/>\n<script type=\"application\/ld+json\" class=\"yoast-schema-graph\">{\"@context\":\"https:\\\/\\\/schema.org\",\"@graph\":[{\"@type\":\"Article\",\"@id\":\"https:\\\/\\\/aktialiiga.fi\\\/naiset\\\/2019-2020\\\/ennakot-2019-2020\\\/dicken-ja-hifk-karkiottelussa-keskiviikkona\\\/#article\",\"isPartOf\":{\"@id\":\"https:\\\/\\\/aktialiiga.fi\\\/naiset\\\/2019-2020\\\/ennakot-2019-2020\\\/dicken-ja-hifk-karkiottelussa-keskiviikkona\\\/\"},\"author\":{\"name\":\"tbrmedia\",\"@id\":\"https:\\\/\\\/aktialiiga.fi\\\/naiset\\\/#\\\/schema\\\/person\\\/c14bf42f47041db74603c45afcb18d87\"},\"headline\":\"Dicken ja HIFK k\u00e4rkiottelussa keskiviikkona\",\"datePublished\":\"2019-11-12T09:59:14+00:00\",\"mainEntityOfPage\":{\"@id\":\"https:\\\/\\\/aktialiiga.fi\\\/naiset\\\/2019-2020\\\/ennakot-2019-2020\\\/dicken-ja-hifk-karkiottelussa-keskiviikkona\\\/\"},\"wordCount\":211,\"publisher\":{\"@id\":\"https:\\\/\\\/aktialiiga.fi\\\/naiset\\\/#organization\"},\"image\":{\"@id\":\"https:\\\/\\\/aktialiiga.fi\\\/naiset\\\/2019-2020\\\/ennakot-2019-2020\\\/dicken-ja-hifk-karkiottelussa-keskiviikkona\\\/#primaryimage\"},\"thumbnailUrl\":\"https:\\\/\\\/aktialiiga.fi\\\/naiset\\\/wp-content\\\/uploads\\\/sites\\\/6\\\/2019\\\/11\\\/valkamo_emilia-Lindahl_anna_dicken_19-20.jpg\",\"keywords\":[\"Dicken\",\"GrIFK\",\"HIFK\",\"KyIF\"],\"articleSection\":[\"Ennakot\"],\"inLanguage\":\"fi\"},{\"@type\":\"WebPage\",\"@id\":\"https:\\\/\\\/aktialiiga.fi\\\/naiset\\\/2019-2020\\\/ennakot-2019-2020\\\/dicken-ja-hifk-karkiottelussa-keskiviikkona\\\/\",\"url\":\"https:\\\/\\\/aktialiiga.fi\\\/naiset\\\/2019-2020\\\/ennakot-2019-2020\\\/dicken-ja-hifk-karkiottelussa-keskiviikkona\\\/\",\"name\":\"Dicken ja HIFK k\u00e4rkiottelussa keskiviikkona | K\u00e4sipallon naisten Aktialiiga\",\"isPartOf\":{\"@id\":\"https:\\\/\\\/aktialiiga.fi\\\/naiset\\\/#website\"},\"primaryImageOfPage\":{\"@id\":\"https:\\\/\\\/aktialiiga.fi\\\/naiset\\\/2019-2020\\\/ennakot-2019-2020\\\/dicken-ja-hifk-karkiottelussa-keskiviikkona\\\/#primaryimage\"},\"image\":{\"@id\":\"https:\\\/\\\/aktialiiga.fi\\\/naiset\\\/2019-2020\\\/ennakot-2019-2020\\\/dicken-ja-hifk-karkiottelussa-keskiviikkona\\\/#primaryimage\"},\"thumbnailUrl\":\"https:\\\/\\\/aktialiiga.fi\\\/naiset\\\/wp-content\\\/uploads\\\/sites\\\/6\\\/2019\\\/11\\\/valkamo_emilia-Lindahl_anna_dicken_19-20.jpg\",\"datePublished\":\"2019-11-12T09:59:14+00:00\",\"breadcrumb\":{\"@id\":\"https:\\\/\\\/aktialiiga.fi\\\/naiset\\\/2019-2020\\\/ennakot-2019-2020\\\/dicken-ja-hifk-karkiottelussa-keskiviikkona\\\/#breadcrumb\"},\"inLanguage\":\"fi\",\"potentialAction\":[{\"@type\":\"ReadAction\",\"target\":[\"https:\\\/\\\/aktialiiga.fi\\\/naiset\\\/2019-2020\\\/ennakot-2019-2020\\\/dicken-ja-hifk-karkiottelussa-keskiviikkona\\\/\"]}]},{\"@type\":\"ImageObject\",\"inLanguage\":\"fi\",\"@id\":\"https:\\\/\\\/aktialiiga.fi\\\/naiset\\\/2019-2020\\\/ennakot-2019-2020\\\/dicken-ja-hifk-karkiottelussa-keskiviikkona\\\/#primaryimage\",\"url\":\"https:\\\/\\\/aktialiiga.fi\\\/naiset\\\/wp-content\\\/uploads\\\/sites\\\/6\\\/2019\\\/11\\\/valkamo_emilia-Lindahl_anna_dicken_19-20.jpg\",\"contentUrl\":\"https:\\\/\\\/aktialiiga.fi\\\/naiset\\\/wp-content\\\/uploads\\\/sites\\\/6\\\/2019\\\/11\\\/valkamo_emilia-Lindahl_anna_dicken_19-20.jpg\",\"width\":1200,\"height\":800,\"caption\":\"Emilia Valkamo #5, Dicken ja Anna Lindahl #2, Dicken k\u00e4sipallon naisten SM-liigan ottelussa SIF -Dicken Fennia Arenalla Siuntiossa 26. lokakuuta 2019. (Matti Matikainen\\\/Newspix24)\"},{\"@type\":\"BreadcrumbList\",\"@id\":\"https:\\\/\\\/aktialiiga.fi\\\/naiset\\\/2019-2020\\\/ennakot-2019-2020\\\/dicken-ja-hifk-karkiottelussa-keskiviikkona\\\/#breadcrumb\",\"itemListElement\":[{\"@type\":\"ListItem\",\"position\":1,\"name\":\"Etusivu\",\"item\":\"https:\\\/\\\/aktialiiga.fi\\\/naiset\\\/\"},{\"@type\":\"ListItem\",\"position\":2,\"name\":\"Dicken ja HIFK k\u00e4rkiottelussa keskiviikkona\"}]},{\"@type\":\"WebSite\",\"@id\":\"https:\\\/\\\/aktialiiga.fi\\\/naiset\\\/#website\",\"url\":\"https:\\\/\\\/aktialiiga.fi\\\/naiset\\\/\",\"name\":\"K\u00e4sipallon naisten Aktialiiga\",\"description\":\"Valtakunnan vauhdikkainta palloilua!\",\"publisher\":{\"@id\":\"https:\\\/\\\/aktialiiga.fi\\\/naiset\\\/#organization\"},\"potentialAction\":[{\"@type\":\"SearchAction\",\"target\":{\"@type\":\"EntryPoint\",\"urlTemplate\":\"https:\\\/\\\/aktialiiga.fi\\\/naiset\\\/?s={search_term_string}\"},\"query-input\":{\"@type\":\"PropertyValueSpecification\",\"valueRequired\":true,\"valueName\":\"search_term_string\"}}],\"inLanguage\":\"fi\"},{\"@type\":\"Organization\",\"@id\":\"https:\\\/\\\/aktialiiga.fi\\\/naiset\\\/#organization\",\"name\":\"K\u00e4sipallon naisten Aktialiiga\",\"url\":\"https:\\\/\\\/aktialiiga.fi\\\/naiset\\\/\",\"logo\":{\"@type\":\"ImageObject\",\"inLanguage\":\"fi\",\"@id\":\"https:\\\/\\\/aktialiiga.fi\\\/naiset\\\/#\\\/schema\\\/logo\\\/image\\\/\",\"url\":\"https:\\\/\\\/aktialiiga.fi\\\/naiset\\\/wp-content\\\/uploads\\\/sites\\\/6\\\/2024\\\/09\\\/Aktialiiga-Yoast-512.png\",\"contentUrl\":\"https:\\\/\\\/aktialiiga.fi\\\/naiset\\\/wp-content\\\/uploads\\\/sites\\\/6\\\/2024\\\/09\\\/Aktialiiga-Yoast-512.png\",\"width\":512,\"height\":512,\"caption\":\"K\u00e4sipallon naisten Aktialiiga\"},\"image\":{\"@id\":\"https:\\\/\\\/aktialiiga.fi\\\/naiset\\\/#\\\/schema\\\/logo\\\/image\\\/\"},\"sameAs\":[\"https:\\\/\\\/www.facebook.com\\\/finnhandball\",\"https:\\\/\\\/x.com\\\/finnhandball\",\"https:\\\/\\\/www.instagram.com\\\/handballfinland\\\/\"]},{\"@type\":\"Person\",\"@id\":\"https:\\\/\\\/aktialiiga.fi\\\/naiset\\\/#\\\/schema\\\/person\\\/c14bf42f47041db74603c45afcb18d87\",\"name\":\"tbrmedia\",\"image\":{\"@type\":\"ImageObject\",\"inLanguage\":\"fi\",\"@id\":\"https:\\\/\\\/secure.gravatar.com\\\/avatar\\\/ee975fa091fe581d12b60debb3439022686618368a7c142044c56724d4666b16?s=96&d=mm&r=g\",\"url\":\"https:\\\/\\\/secure.gravatar.com\\\/avatar\\\/ee975fa091fe581d12b60debb3439022686618368a7c142044c56724d4666b16?s=96&d=mm&r=g\",\"contentUrl\":\"https:\\\/\\\/secure.gravatar.com\\\/avatar\\\/ee975fa091fe581d12b60debb3439022686618368a7c142044c56724d4666b16?s=96&d=mm&r=g\",\"caption\":\"tbrmedia\"}}]}<\/script>\n<!-- \/ Yoast SEO plugin. -->","yoast_head_json":{"title":"Dicken ja HIFK k\u00e4rkiottelussa keskiviikkona | K\u00e4sipallon naisten Aktialiiga","robots":{"index":"index","follow":"follow","max-snippet":"max-snippet:-1","max-image-preview":"max-image-preview:large","max-video-preview":"max-video-preview:-1"},"canonical":"https:\/\/aktialiiga.fi\/naiset\/2019-2020\/ennakot-2019-2020\/dicken-ja-hifk-karkiottelussa-keskiviikkona\/","og_locale":"fi_FI","og_type":"article","og_title":"Dicken ja HIFK k\u00e4rkiottelussa keskiviikkona | K\u00e4sipallon naisten Aktialiiga","og_description":"SM-sarjassa pelataan viikolla kaksi ottelua. Keskiviikkona edess\u00e4 on odotettu k\u00e4rkiottelu Dicken-HIFK ja torstaina GrIFK saa kotikent\u00e4lleen KyIF:n. Dicken ja HIFK iskev\u00e4t yhteen toista kertaa t\u00e4ll\u00e4 kaudella. Monivuotisten kilpakumppaneiden ottelut ovat poikkeuksetta olleet viihdytt\u00e4vi\u00e4 ja j\u00e4nnitt\u00e4vi\u00e4. Kauden ensimm\u00e4inen kohtaaminen ei Kev\u00e4\u00e4n ratkaisupeleihin on viel\u00e4 4-5 kuukautta aikaa ja Dicken pyrkii edelleen \u201dajamaan sis\u00e4\u00e4n\u201d nuoria tulevaisuuden pelaajia [&hellip;]","og_url":"https:\/\/aktialiiga.fi\/naiset\/2019-2020\/ennakot-2019-2020\/dicken-ja-hifk-karkiottelussa-keskiviikkona\/","og_site_name":"K\u00e4sipallon naisten Aktialiiga","article_publisher":"https:\/\/www.facebook.com\/finnhandball","article_published_time":"2019-11-12T09:59:14+00:00","og_image":[{"width":1200,"height":800,"url":"https:\/\/aktialiiga.fi\/naiset\/wp-content\/uploads\/sites\/6\/2019\/11\/valkamo_emilia-Lindahl_anna_dicken_19-20.jpg","type":"image\/jpeg"}],"author":"tbrmedia","twitter_card":"summary_large_image","twitter_creator":"@finnhandball","twitter_site":"@finnhandball","schema":{"@context":"https:\/\/schema.org","@graph":[{"@type":"Article","@id":"https:\/\/aktialiiga.fi\/naiset\/2019-2020\/ennakot-2019-2020\/dicken-ja-hifk-karkiottelussa-keskiviikkona\/#article","isPartOf":{"@id":"https:\/\/aktialiiga.fi\/naiset\/2019-2020\/ennakot-2019-2020\/dicken-ja-hifk-karkiottelussa-keskiviikkona\/"},"author":{"name":"tbrmedia","@id":"https:\/\/aktialiiga.fi\/naiset\/#\/schema\/person\/c14bf42f47041db74603c45afcb18d87"},"headline":"Dicken ja HIFK k\u00e4rkiottelussa keskiviikkona","datePublished":"2019-11-12T09:59:14+00:00","mainEntityOfPage":{"@id":"https:\/\/aktialiiga.fi\/naiset\/2019-2020\/ennakot-2019-2020\/dicken-ja-hifk-karkiottelussa-keskiviikkona\/"},"wordCount":211,"publisher":{"@id":"https:\/\/aktialiiga.fi\/naiset\/#organization"},"image":{"@id":"https:\/\/aktialiiga.fi\/naiset\/2019-2020\/ennakot-2019-2020\/dicken-ja-hifk-karkiottelussa-keskiviikkona\/#primaryimage"},"thumbnailUrl":"https:\/\/aktialiiga.fi\/naiset\/wp-content\/uploads\/sites\/6\/2019\/11\/valkamo_emilia-Lindahl_anna_dicken_19-20.jpg","keywords":["Dicken","GrIFK","HIFK","KyIF"],"articleSection":["Ennakot"],"inLanguage":"fi"},{"@type":"WebPage","@id":"https:\/\/aktialiiga.fi\/naiset\/2019-2020\/ennakot-2019-2020\/dicken-ja-hifk-karkiottelussa-keskiviikkona\/","url":"https:\/\/aktialiiga.fi\/naiset\/2019-2020\/ennakot-2019-2020\/dicken-ja-hifk-karkiottelussa-keskiviikkona\/","name":"Dicken ja HIFK k\u00e4rkiottelussa keskiviikkona | K\u00e4sipallon naisten Aktialiiga","isPartOf":{"@id":"https:\/\/aktialiiga.fi\/naiset\/#website"},"primaryImageOfPage":{"@id":"https:\/\/aktialiiga.fi\/naiset\/2019-2020\/ennakot-2019-2020\/dicken-ja-hifk-karkiottelussa-keskiviikkona\/#primaryimage"},"image":{"@id":"https:\/\/aktialiiga.fi\/naiset\/2019-2020\/ennakot-2019-2020\/dicken-ja-hifk-karkiottelussa-keskiviikkona\/#primaryimage"},"thumbnailUrl":"https:\/\/aktialiiga.fi\/naiset\/wp-content\/uploads\/sites\/6\/2019\/11\/valkamo_emilia-Lindahl_anna_dicken_19-20.jpg","datePublished":"2019-11-12T09:59:14+00:00","breadcrumb":{"@id":"https:\/\/aktialiiga.fi\/naiset\/2019-2020\/ennakot-2019-2020\/dicken-ja-hifk-karkiottelussa-keskiviikkona\/#breadcrumb"},"inLanguage":"fi","potentialAction":[{"@type":"ReadAction","target":["https:\/\/aktialiiga.fi\/naiset\/2019-2020\/ennakot-2019-2020\/dicken-ja-hifk-karkiottelussa-keskiviikkona\/"]}]},{"@type":"ImageObject","inLanguage":"fi","@id":"https:\/\/aktialiiga.fi\/naiset\/2019-2020\/ennakot-2019-2020\/dicken-ja-hifk-karkiottelussa-keskiviikkona\/#primaryimage","url":"https:\/\/aktialiiga.fi\/naiset\/wp-content\/uploads\/sites\/6\/2019\/11\/valkamo_emilia-Lindahl_anna_dicken_19-20.jpg","contentUrl":"https:\/\/aktialiiga.fi\/naiset\/wp-content\/uploads\/sites\/6\/2019\/11\/valkamo_emilia-Lindahl_anna_dicken_19-20.jpg","width":1200,"height":800,"caption":"Emilia Valkamo #5, Dicken ja Anna Lindahl #2, Dicken k\u00e4sipallon naisten SM-liigan ottelussa SIF -Dicken Fennia Arenalla Siuntiossa 26. lokakuuta 2019. (Matti Matikainen\/Newspix24)"},{"@type":"BreadcrumbList","@id":"https:\/\/aktialiiga.fi\/naiset\/2019-2020\/ennakot-2019-2020\/dicken-ja-hifk-karkiottelussa-keskiviikkona\/#breadcrumb","itemListElement":[{"@type":"ListItem","position":1,"name":"Etusivu","item":"https:\/\/aktialiiga.fi\/naiset\/"},{"@type":"ListItem","position":2,"name":"Dicken ja HIFK k\u00e4rkiottelussa keskiviikkona"}]},{"@type":"WebSite","@id":"https:\/\/aktialiiga.fi\/naiset\/#website","url":"https:\/\/aktialiiga.fi\/naiset\/","name":"K\u00e4sipallon naisten Aktialiiga","description":"Valtakunnan vauhdikkainta palloilua!","publisher":{"@id":"https:\/\/aktialiiga.fi\/naiset\/#organization"},"potentialAction":[{"@type":"SearchAction","target":{"@type":"EntryPoint","urlTemplate":"https:\/\/aktialiiga.fi\/naiset\/?s={search_term_string}"},"query-input":{"@type":"PropertyValueSpecification","valueRequired":true,"valueName":"search_term_string"}}],"inLanguage":"fi"},{"@type":"Organization","@id":"https:\/\/aktialiiga.fi\/naiset\/#organization","name":"K\u00e4sipallon naisten Aktialiiga","url":"https:\/\/aktialiiga.fi\/naiset\/","logo":{"@type":"ImageObject","inLanguage":"fi","@id":"https:\/\/aktialiiga.fi\/naiset\/#\/schema\/logo\/image\/","url":"https:\/\/aktialiiga.fi\/naiset\/wp-content\/uploads\/sites\/6\/2024\/09\/Aktialiiga-Yoast-512.png","contentUrl":"https:\/\/aktialiiga.fi\/naiset\/wp-content\/uploads\/sites\/6\/2024\/09\/Aktialiiga-Yoast-512.png","width":512,"height":512,"caption":"K\u00e4sipallon naisten Aktialiiga"},"image":{"@id":"https:\/\/aktialiiga.fi\/naiset\/#\/schema\/logo\/image\/"},"sameAs":["https:\/\/www.facebook.com\/finnhandball","https:\/\/x.com\/finnhandball","https:\/\/www.instagram.com\/handballfinland\/"]},{"@type":"Person","@id":"https:\/\/aktialiiga.fi\/naiset\/#\/schema\/person\/c14bf42f47041db74603c45afcb18d87","name":"tbrmedia","image":{"@type":"ImageObject","inLanguage":"fi","@id":"https:\/\/secure.gravatar.com\/avatar\/ee975fa091fe581d12b60debb3439022686618368a7c142044c56724d4666b16?s=96&d=mm&r=g","url":"https:\/\/secure.gravatar.com\/avatar\/ee975fa091fe581d12b60debb3439022686618368a7c142044c56724d4666b16?s=96&d=mm&r=g","contentUrl":"https:\/\/secure.gravatar.com\/avatar\/ee975fa091fe581d12b60debb3439022686618368a7c142044c56724d4666b16?s=96&d=mm&r=g","caption":"tbrmedia"}}]}},"jetpack_featured_media_url":"https:\/\/aktialiiga.fi\/naiset\/wp-content\/uploads\/sites\/6\/2019\/11\/valkamo_emilia-Lindahl_anna_dicken_19-20.jpg","jetpack_sharing_enabled":true,"jetpack_shortlink":"https:\/\/wp.me\/pfYhm6-59W","_links":{"self":[{"href":"https:\/\/aktialiiga.fi\/naiset\/wp-json\/wp\/v2\/posts\/19836","targetHints":{"allow":["GET"]}}],"collection":[{"href":"https:\/\/aktialiiga.fi\/naiset\/wp-json\/wp\/v2\/posts"}],"about":[{"href":"https:\/\/aktialiiga.fi\/naiset\/wp-json\/wp\/v2\/types\/post"}],"author":[{"embeddable":true,"href":"https:\/\/aktialiiga.fi\/naiset\/wp-json\/wp\/v2\/users\/13"}],"replies":[{"embeddable":true,"href":"https:\/\/aktialiiga.fi\/naiset\/wp-json\/wp\/v2\/comments?post=19836"}],"version-history":[{"count":0,"href":"https:\/\/aktialiiga.fi\/naiset\/wp-json\/wp\/v2\/posts\/19836\/revisions"}],"wp:featuredmedia":[{"embeddable":true,"href":"https:\/\/aktialiiga.fi\/naiset\/wp-json\/wp\/v2\/media\/19840"}],"wp:attachment":[{"href":"https:\/\/aktialiiga.fi\/naiset\/wp-json\/wp\/v2\/media?parent=19836"}],"wp:term":[{"taxonomy":"category","embeddable":true,"href":"https:\/\/aktialiiga.fi\/naiset\/wp-json\/wp\/v2\/categories?post=19836"},{"taxonomy":"post_tag","embeddable":true,"href":"https:\/\/aktialiiga.fi\/naiset\/wp-json\/wp\/v2\/tags?post=19836"}],"curies":[{"name":"wp","href":"https:\/\/api.w.org\/{rel}","templated":true}]}}