{"id":19853,"date":"2019-11-14T20:40:12","date_gmt":"2019-11-14T18:40:12","guid":{"rendered":"https:\/\/aktialiiga.fi\/naiset\/?p=19853"},"modified":"2019-11-14T20:56:51","modified_gmt":"2019-11-14T18:56:51","slug":"grifk-kaatoi-kyifn","status":"publish","type":"post","link":"https:\/\/aktialiiga.fi\/naiset\/2019-2020\/ottelut-2019-2020\/grifk-kaatoi-kyifn\/","title":{"rendered":"GrIFK kaatoi KyIF:n"},"content":{"rendered":"<p>GrIFK otti t\u00e4rke\u00e4t pisteet kaataessaan kotikent\u00e4ll\u00e4\u00e4n KyIF:n 28-18 (12-10). Voitolla GrIFK tukevoitti asemiaan nelj\u00e4n joukossa.<\/p>\n<p>GrIFK piti ottelua hallinnassaan k\u00e4yt\u00e4nn\u00f6ss\u00e4 alusta loppuun. Ensimm\u00e4isell\u00e4 puoliajalla se oli l\u00e4hes koko ajan hieman niskan p\u00e4\u00e4ll\u00e4 ja k\u00e4v\u00e4isi parhaimmillaan nelj\u00e4 maalin johdossa. Puoliaikaan menness\u00e4 Rebecca L\u00f6nnqvist toi KyIF:n kahden maalin p\u00e4\u00e4h\u00e4n.<\/p>\n<p>Toisen jakson ensimm\u00e4isell\u00e4 puoliskolla Grani ratkaisi ottelun lopullisesti. Joukkue onnistui laajalla rintamalla ja vei seitsem\u00e4n minuutin p\u00e4tk\u00e4n 8-1 karaten jo kymmenen maalin johtoon. Siit\u00e4 iskusta KyIF ei en\u00e4\u00e4 toipunut ja GrIFK otti kauden nelj\u00e4nnen voittonsa.<\/p>\n<p>GrIFK:n p\u00e4\u00e4valmentaja Gustaf Ahlroos piti n\u00e4kem\u00e4st\u00e4\u00e4n.<\/p>\n<p>&#8211; Hyv\u00e4 asenne puolustuksessa. Hyv\u00e4 fokus l\u00e4pi pelin ja pystyimme ratkaisemaan pelin aikaisin toisella puoliajalla.<\/p>\n<p>KyIF:n p\u00e4\u00e4valmentaja Sebastian Aarnio my\u00f6nsi olevansa pettynyt.<\/p>\n<p>&#8211; Ensimm\u00e4inen puoliaika oli ihan ok ja kirimme hyvin juuri ennen puoliaikaa. Hy\u00f6kk\u00e4yspeli oli hermostunutta toisella puoliajalla ja puolustuksessa teemme &#8221;ylit\u00f6it\u00e4&#8221;. Saamme olla pettyneit\u00e4.<\/p>\n<p>Ottelun parhaana palkittu Emma Wickstr\u00f6m piti vahvaa toisen puoliajan jaksoa ratkaisuna.<\/p>\n<p>&#8211; Suuri parannus toiseen puoliaikaan. Erityisen tyytyv\u00e4inen aggressiiviseen puolustukseen ja maalivahtipeliin. Lopputulos oli hyv\u00e4.<\/p>\n<p><strong>GrIFK-KyIF 28-18 (12-10)<\/strong><\/p>\n<p><strong>Maalintekij\u00e4t: maalit (7m maalit)<br \/>\n<\/strong>GrIFK: Emma Wickstr\u00f6m 5 (1), Linnea Harms 5, Carolina Rehnberg 4 (1), Alexandra Karsten 3, Carolina B\u00f6ckelman 3, Matilda Ohvo 2, Sandra Laitinen 2, Greta Wir\u00e9n 1, Mathilda Sandblom 1, Corinna Jensen 1, Sofie Hasselblatt 1<\/p>\n<p>KyIF: Emmi Paajanen 5, Fanny Axberg 4 (2), Anu Pihlstr\u00f6m 3, Rebecca L\u00f6nnqvist 2, Daniela Lindg\u00e5rd 2, Ingrid Degerth 2<\/p>\n<p><strong>L\u00e4hiTapiola-t\u00e4htipelaajat<br \/>\n<\/strong>Emma Wickstr\u00f6m GrIFK 3<br \/>\nLinnea Harms GrIFK 2<br \/>\nEmmi Paajanen KyIF 1<\/p>\n<p><strong>2 min ulosajot sek\u00e4 pelist\u00e4 sulkemiset<br \/>\n<\/strong>GrIFK: Carolina Rehnberg 2 x 2 min, Corinna Jensen 1 x 2 min, Mathilda Sandblom 1 x 2 min<br \/>\nKyIF: Rebecca L\u00f6nnqvist 1 x 2 min<\/p>\n<p><em>Erotuomarit: <\/em>Katja Sj\u00f6str\u00f6m &#8211; Samuel Leandersson<\/p>\n<p>Yleis\u00f6\u00e4: 282<\/p>\n","protected":false},"excerpt":{"rendered":"<p>GrIFK otti t\u00e4rke\u00e4t pisteet kaataessaan kotikent\u00e4ll\u00e4\u00e4n KyIF:n 28-18 (12-10). Voitolla GrIFK tukevoitti asemiaan nelj\u00e4n joukossa. GrIFK piti ottelua hallinnassaan k\u00e4yt\u00e4nn\u00f6ss\u00e4 alusta loppuun. Ensimm\u00e4isell\u00e4 puoliajalla se oli l\u00e4hes koko ajan hieman niskan p\u00e4\u00e4ll\u00e4 ja k\u00e4v\u00e4isi parhaimmillaan nelj\u00e4 maalin johdossa. Puoliaikaan menness\u00e4 Rebecca L\u00f6nnqvist toi KyIF:n kahden maalin p\u00e4\u00e4h\u00e4n. Toisen jakson ensimm\u00e4isell\u00e4 puoliskolla Grani ratkaisi ottelun lopullisesti. [&hellip;]<\/p>\n","protected":false},"author":13,"featured_media":19855,"comment_status":"closed","ping_status":"closed","sticky":false,"template":"","format":"standard","meta":{"_acf_changed":false,"jetpack_post_was_ever_published":false,"_jetpack_newsletter_access":"","_jetpack_dont_email_post_to_subs":false,"_jetpack_newsletter_tier_id":0,"_jetpack_memberships_contains_paywalled_content":false,"_jetpack_memberships_contains_paid_content":false,"footnotes":""},"categories":[162],"tags":[57,67],"class_list":["post-19853","post","type-post","status-publish","format-standard","has-post-thumbnail","hentry","category-ottelut-2019-2020","tag-grifk","tag-kyif"],"acf":[],"yoast_head":"<!-- This site is optimized with the Yoast SEO plugin v27.5 - https:\/\/yoast.com\/product\/yoast-seo-wordpress\/ -->\n<title>GrIFK kaatoi KyIF:n | K\u00e4sipallon naisten Aktialiiga<\/title>\n<meta name=\"robots\" content=\"index, follow, max-snippet:-1, max-image-preview:large, max-video-preview:-1\" \/>\n<link rel=\"canonical\" href=\"https:\/\/aktialiiga.fi\/naiset\/2019-2020\/ottelut-2019-2020\/grifk-kaatoi-kyifn\/\" \/>\n<meta property=\"og:locale\" content=\"fi_FI\" \/>\n<meta property=\"og:type\" content=\"article\" \/>\n<meta property=\"og:title\" content=\"GrIFK kaatoi KyIF:n | K\u00e4sipallon naisten Aktialiiga\" \/>\n<meta property=\"og:description\" content=\"GrIFK otti t\u00e4rke\u00e4t pisteet kaataessaan kotikent\u00e4ll\u00e4\u00e4n KyIF:n 28-18 (12-10). Voitolla GrIFK tukevoitti asemiaan nelj\u00e4n joukossa. GrIFK piti ottelua hallinnassaan k\u00e4yt\u00e4nn\u00f6ss\u00e4 alusta loppuun. Ensimm\u00e4isell\u00e4 puoliajalla se oli l\u00e4hes koko ajan hieman niskan p\u00e4\u00e4ll\u00e4 ja k\u00e4v\u00e4isi parhaimmillaan nelj\u00e4 maalin johdossa. Puoliaikaan menness\u00e4 Rebecca L\u00f6nnqvist toi KyIF:n kahden maalin p\u00e4\u00e4h\u00e4n. Toisen jakson ensimm\u00e4isell\u00e4 puoliskolla Grani ratkaisi ottelun lopullisesti. [&hellip;]\" \/>\n<meta property=\"og:url\" content=\"https:\/\/aktialiiga.fi\/naiset\/2019-2020\/ottelut-2019-2020\/grifk-kaatoi-kyifn\/\" \/>\n<meta property=\"og:site_name\" content=\"K\u00e4sipallon naisten Aktialiiga\" \/>\n<meta property=\"article:publisher\" content=\"https:\/\/www.facebook.com\/finnhandball\" \/>\n<meta property=\"article:published_time\" content=\"2019-11-14T18:40:12+00:00\" \/>\n<meta property=\"article:modified_time\" content=\"2019-11-14T18:56:51+00:00\" \/>\n<meta property=\"og:image\" content=\"https:\/\/aktialiiga.fi\/naiset\/wp-content\/uploads\/sites\/6\/2019\/11\/rehnberg_carolina_grifk_19-20.jpg\" \/>\n\t<meta property=\"og:image:width\" content=\"1200\" \/>\n\t<meta property=\"og:image:height\" content=\"725\" \/>\n\t<meta property=\"og:image:type\" content=\"image\/jpeg\" \/>\n<meta name=\"author\" content=\"tbrmedia\" \/>\n<meta name=\"twitter:card\" content=\"summary_large_image\" \/>\n<meta name=\"twitter:creator\" content=\"@finnhandball\" \/>\n<meta name=\"twitter:site\" content=\"@finnhandball\" \/>\n<script type=\"application\/ld+json\" class=\"yoast-schema-graph\">{\"@context\":\"https:\\\/\\\/schema.org\",\"@graph\":[{\"@type\":\"Article\",\"@id\":\"https:\\\/\\\/aktialiiga.fi\\\/naiset\\\/2019-2020\\\/ottelut-2019-2020\\\/grifk-kaatoi-kyifn\\\/#article\",\"isPartOf\":{\"@id\":\"https:\\\/\\\/aktialiiga.fi\\\/naiset\\\/2019-2020\\\/ottelut-2019-2020\\\/grifk-kaatoi-kyifn\\\/\"},\"author\":{\"name\":\"tbrmedia\",\"@id\":\"https:\\\/\\\/aktialiiga.fi\\\/naiset\\\/#\\\/schema\\\/person\\\/c14bf42f47041db74603c45afcb18d87\"},\"headline\":\"GrIFK kaatoi KyIF:n\",\"datePublished\":\"2019-11-14T18:40:12+00:00\",\"dateModified\":\"2019-11-14T18:56:51+00:00\",\"mainEntityOfPage\":{\"@id\":\"https:\\\/\\\/aktialiiga.fi\\\/naiset\\\/2019-2020\\\/ottelut-2019-2020\\\/grifk-kaatoi-kyifn\\\/\"},\"wordCount\":297,\"publisher\":{\"@id\":\"https:\\\/\\\/aktialiiga.fi\\\/naiset\\\/#organization\"},\"image\":{\"@id\":\"https:\\\/\\\/aktialiiga.fi\\\/naiset\\\/2019-2020\\\/ottelut-2019-2020\\\/grifk-kaatoi-kyifn\\\/#primaryimage\"},\"thumbnailUrl\":\"https:\\\/\\\/aktialiiga.fi\\\/naiset\\\/wp-content\\\/uploads\\\/sites\\\/6\\\/2019\\\/11\\\/rehnberg_carolina_grifk_19-20.jpg\",\"keywords\":[\"GrIFK\",\"KyIF\"],\"articleSection\":[\"Ottelut\"],\"inLanguage\":\"fi\"},{\"@type\":\"WebPage\",\"@id\":\"https:\\\/\\\/aktialiiga.fi\\\/naiset\\\/2019-2020\\\/ottelut-2019-2020\\\/grifk-kaatoi-kyifn\\\/\",\"url\":\"https:\\\/\\\/aktialiiga.fi\\\/naiset\\\/2019-2020\\\/ottelut-2019-2020\\\/grifk-kaatoi-kyifn\\\/\",\"name\":\"GrIFK kaatoi KyIF:n | K\u00e4sipallon naisten Aktialiiga\",\"isPartOf\":{\"@id\":\"https:\\\/\\\/aktialiiga.fi\\\/naiset\\\/#website\"},\"primaryImageOfPage\":{\"@id\":\"https:\\\/\\\/aktialiiga.fi\\\/naiset\\\/2019-2020\\\/ottelut-2019-2020\\\/grifk-kaatoi-kyifn\\\/#primaryimage\"},\"image\":{\"@id\":\"https:\\\/\\\/aktialiiga.fi\\\/naiset\\\/2019-2020\\\/ottelut-2019-2020\\\/grifk-kaatoi-kyifn\\\/#primaryimage\"},\"thumbnailUrl\":\"https:\\\/\\\/aktialiiga.fi\\\/naiset\\\/wp-content\\\/uploads\\\/sites\\\/6\\\/2019\\\/11\\\/rehnberg_carolina_grifk_19-20.jpg\",\"datePublished\":\"2019-11-14T18:40:12+00:00\",\"dateModified\":\"2019-11-14T18:56:51+00:00\",\"breadcrumb\":{\"@id\":\"https:\\\/\\\/aktialiiga.fi\\\/naiset\\\/2019-2020\\\/ottelut-2019-2020\\\/grifk-kaatoi-kyifn\\\/#breadcrumb\"},\"inLanguage\":\"fi\",\"potentialAction\":[{\"@type\":\"ReadAction\",\"target\":[\"https:\\\/\\\/aktialiiga.fi\\\/naiset\\\/2019-2020\\\/ottelut-2019-2020\\\/grifk-kaatoi-kyifn\\\/\"]}]},{\"@type\":\"ImageObject\",\"inLanguage\":\"fi\",\"@id\":\"https:\\\/\\\/aktialiiga.fi\\\/naiset\\\/2019-2020\\\/ottelut-2019-2020\\\/grifk-kaatoi-kyifn\\\/#primaryimage\",\"url\":\"https:\\\/\\\/aktialiiga.fi\\\/naiset\\\/wp-content\\\/uploads\\\/sites\\\/6\\\/2019\\\/11\\\/rehnberg_carolina_grifk_19-20.jpg\",\"contentUrl\":\"https:\\\/\\\/aktialiiga.fi\\\/naiset\\\/wp-content\\\/uploads\\\/sites\\\/6\\\/2019\\\/11\\\/rehnberg_carolina_grifk_19-20.jpg\",\"width\":1200,\"height\":725,\"caption\":\"Carolina Rehnberg #13, GrIFK k\u00e4sipallon naisten SM-sarjan ottelussa Hifk - GrIFK Helsingin Urheilutalo 26. lokakuuta 2019. (Kalle Parkkinen\\\/Newspix24)\"},{\"@type\":\"BreadcrumbList\",\"@id\":\"https:\\\/\\\/aktialiiga.fi\\\/naiset\\\/2019-2020\\\/ottelut-2019-2020\\\/grifk-kaatoi-kyifn\\\/#breadcrumb\",\"itemListElement\":[{\"@type\":\"ListItem\",\"position\":1,\"name\":\"Etusivu\",\"item\":\"https:\\\/\\\/aktialiiga.fi\\\/naiset\\\/\"},{\"@type\":\"ListItem\",\"position\":2,\"name\":\"GrIFK kaatoi KyIF:n\"}]},{\"@type\":\"WebSite\",\"@id\":\"https:\\\/\\\/aktialiiga.fi\\\/naiset\\\/#website\",\"url\":\"https:\\\/\\\/aktialiiga.fi\\\/naiset\\\/\",\"name\":\"K\u00e4sipallon naisten Aktialiiga\",\"description\":\"Valtakunnan vauhdikkainta palloilua!\",\"publisher\":{\"@id\":\"https:\\\/\\\/aktialiiga.fi\\\/naiset\\\/#organization\"},\"potentialAction\":[{\"@type\":\"SearchAction\",\"target\":{\"@type\":\"EntryPoint\",\"urlTemplate\":\"https:\\\/\\\/aktialiiga.fi\\\/naiset\\\/?s={search_term_string}\"},\"query-input\":{\"@type\":\"PropertyValueSpecification\",\"valueRequired\":true,\"valueName\":\"search_term_string\"}}],\"inLanguage\":\"fi\"},{\"@type\":\"Organization\",\"@id\":\"https:\\\/\\\/aktialiiga.fi\\\/naiset\\\/#organization\",\"name\":\"K\u00e4sipallon naisten Aktialiiga\",\"url\":\"https:\\\/\\\/aktialiiga.fi\\\/naiset\\\/\",\"logo\":{\"@type\":\"ImageObject\",\"inLanguage\":\"fi\",\"@id\":\"https:\\\/\\\/aktialiiga.fi\\\/naiset\\\/#\\\/schema\\\/logo\\\/image\\\/\",\"url\":\"https:\\\/\\\/aktialiiga.fi\\\/naiset\\\/wp-content\\\/uploads\\\/sites\\\/6\\\/2024\\\/09\\\/Aktialiiga-Yoast-512.png\",\"contentUrl\":\"https:\\\/\\\/aktialiiga.fi\\\/naiset\\\/wp-content\\\/uploads\\\/sites\\\/6\\\/2024\\\/09\\\/Aktialiiga-Yoast-512.png\",\"width\":512,\"height\":512,\"caption\":\"K\u00e4sipallon naisten Aktialiiga\"},\"image\":{\"@id\":\"https:\\\/\\\/aktialiiga.fi\\\/naiset\\\/#\\\/schema\\\/logo\\\/image\\\/\"},\"sameAs\":[\"https:\\\/\\\/www.facebook.com\\\/finnhandball\",\"https:\\\/\\\/x.com\\\/finnhandball\",\"https:\\\/\\\/www.instagram.com\\\/handballfinland\\\/\"]},{\"@type\":\"Person\",\"@id\":\"https:\\\/\\\/aktialiiga.fi\\\/naiset\\\/#\\\/schema\\\/person\\\/c14bf42f47041db74603c45afcb18d87\",\"name\":\"tbrmedia\",\"image\":{\"@type\":\"ImageObject\",\"inLanguage\":\"fi\",\"@id\":\"https:\\\/\\\/secure.gravatar.com\\\/avatar\\\/ee975fa091fe581d12b60debb3439022686618368a7c142044c56724d4666b16?s=96&d=mm&r=g\",\"url\":\"https:\\\/\\\/secure.gravatar.com\\\/avatar\\\/ee975fa091fe581d12b60debb3439022686618368a7c142044c56724d4666b16?s=96&d=mm&r=g\",\"contentUrl\":\"https:\\\/\\\/secure.gravatar.com\\\/avatar\\\/ee975fa091fe581d12b60debb3439022686618368a7c142044c56724d4666b16?s=96&d=mm&r=g\",\"caption\":\"tbrmedia\"}}]}<\/script>\n<!-- \/ Yoast SEO plugin. -->","yoast_head_json":{"title":"GrIFK kaatoi KyIF:n | K\u00e4sipallon naisten Aktialiiga","robots":{"index":"index","follow":"follow","max-snippet":"max-snippet:-1","max-image-preview":"max-image-preview:large","max-video-preview":"max-video-preview:-1"},"canonical":"https:\/\/aktialiiga.fi\/naiset\/2019-2020\/ottelut-2019-2020\/grifk-kaatoi-kyifn\/","og_locale":"fi_FI","og_type":"article","og_title":"GrIFK kaatoi KyIF:n | K\u00e4sipallon naisten Aktialiiga","og_description":"GrIFK otti t\u00e4rke\u00e4t pisteet kaataessaan kotikent\u00e4ll\u00e4\u00e4n KyIF:n 28-18 (12-10). Voitolla GrIFK tukevoitti asemiaan nelj\u00e4n joukossa. GrIFK piti ottelua hallinnassaan k\u00e4yt\u00e4nn\u00f6ss\u00e4 alusta loppuun. Ensimm\u00e4isell\u00e4 puoliajalla se oli l\u00e4hes koko ajan hieman niskan p\u00e4\u00e4ll\u00e4 ja k\u00e4v\u00e4isi parhaimmillaan nelj\u00e4 maalin johdossa. Puoliaikaan menness\u00e4 Rebecca L\u00f6nnqvist toi KyIF:n kahden maalin p\u00e4\u00e4h\u00e4n. Toisen jakson ensimm\u00e4isell\u00e4 puoliskolla Grani ratkaisi ottelun lopullisesti. [&hellip;]","og_url":"https:\/\/aktialiiga.fi\/naiset\/2019-2020\/ottelut-2019-2020\/grifk-kaatoi-kyifn\/","og_site_name":"K\u00e4sipallon naisten Aktialiiga","article_publisher":"https:\/\/www.facebook.com\/finnhandball","article_published_time":"2019-11-14T18:40:12+00:00","article_modified_time":"2019-11-14T18:56:51+00:00","og_image":[{"width":1200,"height":725,"url":"https:\/\/aktialiiga.fi\/naiset\/wp-content\/uploads\/sites\/6\/2019\/11\/rehnberg_carolina_grifk_19-20.jpg","type":"image\/jpeg"}],"author":"tbrmedia","twitter_card":"summary_large_image","twitter_creator":"@finnhandball","twitter_site":"@finnhandball","schema":{"@context":"https:\/\/schema.org","@graph":[{"@type":"Article","@id":"https:\/\/aktialiiga.fi\/naiset\/2019-2020\/ottelut-2019-2020\/grifk-kaatoi-kyifn\/#article","isPartOf":{"@id":"https:\/\/aktialiiga.fi\/naiset\/2019-2020\/ottelut-2019-2020\/grifk-kaatoi-kyifn\/"},"author":{"name":"tbrmedia","@id":"https:\/\/aktialiiga.fi\/naiset\/#\/schema\/person\/c14bf42f47041db74603c45afcb18d87"},"headline":"GrIFK kaatoi KyIF:n","datePublished":"2019-11-14T18:40:12+00:00","dateModified":"2019-11-14T18:56:51+00:00","mainEntityOfPage":{"@id":"https:\/\/aktialiiga.fi\/naiset\/2019-2020\/ottelut-2019-2020\/grifk-kaatoi-kyifn\/"},"wordCount":297,"publisher":{"@id":"https:\/\/aktialiiga.fi\/naiset\/#organization"},"image":{"@id":"https:\/\/aktialiiga.fi\/naiset\/2019-2020\/ottelut-2019-2020\/grifk-kaatoi-kyifn\/#primaryimage"},"thumbnailUrl":"https:\/\/aktialiiga.fi\/naiset\/wp-content\/uploads\/sites\/6\/2019\/11\/rehnberg_carolina_grifk_19-20.jpg","keywords":["GrIFK","KyIF"],"articleSection":["Ottelut"],"inLanguage":"fi"},{"@type":"WebPage","@id":"https:\/\/aktialiiga.fi\/naiset\/2019-2020\/ottelut-2019-2020\/grifk-kaatoi-kyifn\/","url":"https:\/\/aktialiiga.fi\/naiset\/2019-2020\/ottelut-2019-2020\/grifk-kaatoi-kyifn\/","name":"GrIFK kaatoi KyIF:n | K\u00e4sipallon naisten Aktialiiga","isPartOf":{"@id":"https:\/\/aktialiiga.fi\/naiset\/#website"},"primaryImageOfPage":{"@id":"https:\/\/aktialiiga.fi\/naiset\/2019-2020\/ottelut-2019-2020\/grifk-kaatoi-kyifn\/#primaryimage"},"image":{"@id":"https:\/\/aktialiiga.fi\/naiset\/2019-2020\/ottelut-2019-2020\/grifk-kaatoi-kyifn\/#primaryimage"},"thumbnailUrl":"https:\/\/aktialiiga.fi\/naiset\/wp-content\/uploads\/sites\/6\/2019\/11\/rehnberg_carolina_grifk_19-20.jpg","datePublished":"2019-11-14T18:40:12+00:00","dateModified":"2019-11-14T18:56:51+00:00","breadcrumb":{"@id":"https:\/\/aktialiiga.fi\/naiset\/2019-2020\/ottelut-2019-2020\/grifk-kaatoi-kyifn\/#breadcrumb"},"inLanguage":"fi","potentialAction":[{"@type":"ReadAction","target":["https:\/\/aktialiiga.fi\/naiset\/2019-2020\/ottelut-2019-2020\/grifk-kaatoi-kyifn\/"]}]},{"@type":"ImageObject","inLanguage":"fi","@id":"https:\/\/aktialiiga.fi\/naiset\/2019-2020\/ottelut-2019-2020\/grifk-kaatoi-kyifn\/#primaryimage","url":"https:\/\/aktialiiga.fi\/naiset\/wp-content\/uploads\/sites\/6\/2019\/11\/rehnberg_carolina_grifk_19-20.jpg","contentUrl":"https:\/\/aktialiiga.fi\/naiset\/wp-content\/uploads\/sites\/6\/2019\/11\/rehnberg_carolina_grifk_19-20.jpg","width":1200,"height":725,"caption":"Carolina Rehnberg #13, GrIFK k\u00e4sipallon naisten SM-sarjan ottelussa Hifk - GrIFK Helsingin Urheilutalo 26. lokakuuta 2019. (Kalle Parkkinen\/Newspix24)"},{"@type":"BreadcrumbList","@id":"https:\/\/aktialiiga.fi\/naiset\/2019-2020\/ottelut-2019-2020\/grifk-kaatoi-kyifn\/#breadcrumb","itemListElement":[{"@type":"ListItem","position":1,"name":"Etusivu","item":"https:\/\/aktialiiga.fi\/naiset\/"},{"@type":"ListItem","position":2,"name":"GrIFK kaatoi KyIF:n"}]},{"@type":"WebSite","@id":"https:\/\/aktialiiga.fi\/naiset\/#website","url":"https:\/\/aktialiiga.fi\/naiset\/","name":"K\u00e4sipallon naisten Aktialiiga","description":"Valtakunnan vauhdikkainta palloilua!","publisher":{"@id":"https:\/\/aktialiiga.fi\/naiset\/#organization"},"potentialAction":[{"@type":"SearchAction","target":{"@type":"EntryPoint","urlTemplate":"https:\/\/aktialiiga.fi\/naiset\/?s={search_term_string}"},"query-input":{"@type":"PropertyValueSpecification","valueRequired":true,"valueName":"search_term_string"}}],"inLanguage":"fi"},{"@type":"Organization","@id":"https:\/\/aktialiiga.fi\/naiset\/#organization","name":"K\u00e4sipallon naisten Aktialiiga","url":"https:\/\/aktialiiga.fi\/naiset\/","logo":{"@type":"ImageObject","inLanguage":"fi","@id":"https:\/\/aktialiiga.fi\/naiset\/#\/schema\/logo\/image\/","url":"https:\/\/aktialiiga.fi\/naiset\/wp-content\/uploads\/sites\/6\/2024\/09\/Aktialiiga-Yoast-512.png","contentUrl":"https:\/\/aktialiiga.fi\/naiset\/wp-content\/uploads\/sites\/6\/2024\/09\/Aktialiiga-Yoast-512.png","width":512,"height":512,"caption":"K\u00e4sipallon naisten Aktialiiga"},"image":{"@id":"https:\/\/aktialiiga.fi\/naiset\/#\/schema\/logo\/image\/"},"sameAs":["https:\/\/www.facebook.com\/finnhandball","https:\/\/x.com\/finnhandball","https:\/\/www.instagram.com\/handballfinland\/"]},{"@type":"Person","@id":"https:\/\/aktialiiga.fi\/naiset\/#\/schema\/person\/c14bf42f47041db74603c45afcb18d87","name":"tbrmedia","image":{"@type":"ImageObject","inLanguage":"fi","@id":"https:\/\/secure.gravatar.com\/avatar\/ee975fa091fe581d12b60debb3439022686618368a7c142044c56724d4666b16?s=96&d=mm&r=g","url":"https:\/\/secure.gravatar.com\/avatar\/ee975fa091fe581d12b60debb3439022686618368a7c142044c56724d4666b16?s=96&d=mm&r=g","contentUrl":"https:\/\/secure.gravatar.com\/avatar\/ee975fa091fe581d12b60debb3439022686618368a7c142044c56724d4666b16?s=96&d=mm&r=g","caption":"tbrmedia"}}]}},"jetpack_featured_media_url":"https:\/\/aktialiiga.fi\/naiset\/wp-content\/uploads\/sites\/6\/2019\/11\/rehnberg_carolina_grifk_19-20.jpg","jetpack_sharing_enabled":true,"jetpack_shortlink":"https:\/\/wp.me\/pfYhm6-5ad","_links":{"self":[{"href":"https:\/\/aktialiiga.fi\/naiset\/wp-json\/wp\/v2\/posts\/19853","targetHints":{"allow":["GET"]}}],"collection":[{"href":"https:\/\/aktialiiga.fi\/naiset\/wp-json\/wp\/v2\/posts"}],"about":[{"href":"https:\/\/aktialiiga.fi\/naiset\/wp-json\/wp\/v2\/types\/post"}],"author":[{"embeddable":true,"href":"https:\/\/aktialiiga.fi\/naiset\/wp-json\/wp\/v2\/users\/13"}],"replies":[{"embeddable":true,"href":"https:\/\/aktialiiga.fi\/naiset\/wp-json\/wp\/v2\/comments?post=19853"}],"version-history":[{"count":0,"href":"https:\/\/aktialiiga.fi\/naiset\/wp-json\/wp\/v2\/posts\/19853\/revisions"}],"wp:featuredmedia":[{"embeddable":true,"href":"https:\/\/aktialiiga.fi\/naiset\/wp-json\/wp\/v2\/media\/19855"}],"wp:attachment":[{"href":"https:\/\/aktialiiga.fi\/naiset\/wp-json\/wp\/v2\/media?parent=19853"}],"wp:term":[{"taxonomy":"category","embeddable":true,"href":"https:\/\/aktialiiga.fi\/naiset\/wp-json\/wp\/v2\/categories?post=19853"},{"taxonomy":"post_tag","embeddable":true,"href":"https:\/\/aktialiiga.fi\/naiset\/wp-json\/wp\/v2\/tags?post=19853"}],"curies":[{"name":"wp","href":"https:\/\/api.w.org\/{rel}","templated":true}]}}