{"id":20399,"date":"2020-03-11T20:58:05","date_gmt":"2020-03-11T18:58:05","guid":{"rendered":"https:\/\/aktialiiga.fi\/naiset\/?p=20399"},"modified":"2020-03-11T20:58:05","modified_gmt":"2020-03-11T18:58:05","slug":"sif-piti-pintansa-paikallispelissa","status":"publish","type":"post","link":"https:\/\/aktialiiga.fi\/naiset\/2019-2020\/ottelut-2019-2020\/sif-piti-pintansa-paikallispelissa\/","title":{"rendered":"SIF piti pintansa paikallispeliss\u00e4"},"content":{"rendered":"<p>SIF sinet\u00f6i runkosarjan kolmannen paikkansa voittamalla vuoden viimeisess\u00e4 L\u00e4nsi-Uudenmaan derbyss\u00e4 KyIF:n 26-23 (12-8).<\/p>\n<p>SIF tarvitsi v\u00e4hint\u00e4\u00e4n tasapelin varmistaakseen runkosarjan kolmannen sijan ja paikan menett\u00e4minen olisi vaatinut my\u00f6s GrIFK:n voittoa Dickenist\u00e4. Molemmissa otteluissa j\u00e4nnityst\u00e4 riitti, mutta lopulta vaaka kallistui SIF:n suuntaan.<\/p>\n<p>SIF tuli paikallisotteluun t\u00e4ynn\u00e4 tarmoa ja piti ensimm\u00e4ist\u00e4 puoliaikaa hallinnassaan, mutta KyIF k\u00e4rkkyi koko ajan sel\u00e4n takana. SIF:n suurin johto oli nelj\u00e4 maalia, joka oli my\u00f6s erona tauolle l\u00e4hdett\u00e4ess\u00e4.<\/p>\n<p>Toisen puoliajan alussa SIF sai kasvatettua eroaan viel\u00e4 yhdell\u00e4, mutta sitten alkoi KyIF:n myrsky. Fanny Axbergin ja Anu Pihlstr\u00f6min johdattamana KyIF m\u00e4tti viisi seuraavaa maalia nousten tasoihin ja k\u00e4v\u00e4isi hetkellisesti my\u00f6s johdossa. Sen j\u00e4lkeen Saara Lehtola, Jessi Laasio ja Erica Gustafsson ottivat kotijoukkueen reppuselk\u00e4\u00e4n ja SIF sai puristettua kotivoiton tiukan taistelun j\u00e4lkeen.<\/p>\n<p>SIF sijoittui runkosarjassa n\u00e4in kolmanneksi ja kohtaa v\u00e4lieriss\u00e4 Dickenin. KyIF sijoittui runkosarjassa viidenneksi.<\/p>\n<p>SIF:n p\u00e4\u00e4valmentaja Petteri Forsstr\u00f6m oli suhteellisen tyytyv\u00e4inen ottelun antiin.<\/p>\n<p>&#8211; Suht hyv\u00e4\u00e4 peli\u00e4, KyIF:n maalivahti oli hyv\u00e4 tai meid\u00e4n ratkaisut huonoja. Lopputulos oli hyv\u00e4.<\/p>\n<p>KyIF:n valmentaja Viljami Kuntsi piti kauden p\u00e4\u00e4t\u00f6st\u00e4 hyv\u00e4n\u00e4.<\/p>\n<p>&#8211; Kiva lopettaa kausi hyv\u00e4\u00e4n matsiin. Siuntiolle tsemppi\u00e4 pronssipeleihin Grania vastaan.<\/p>\n<p>Ottelun parhaana palkittu KyIF:n Suvi Erhovaara ei j\u00e4\u00e4nyt harmittelemaan tappiota.<\/p>\n<p>&#8211; Oli mukava pelata, kun jaksettiin painaa koko peli hyv\u00e4ll\u00e4 fiiliksell\u00e4. Mukavasti tuli onnistumisia kaikille.<\/p>\n<p><strong>SIF-KyIF 26-23 (12-8)<\/strong><\/p>\n<p><strong>Maalintekij\u00e4t: maalit (7m maalit)<br \/>\n<\/strong>SIF: Saara Lehtola 6 (4), Jessi Laasio 4, Erica Gustafsson 4, Moa Wasstr\u00f6m 3, Matilda Sj\u00f6stedt 2, Nicolina Fredriksson 2, Sara Falck 2, Ebba Sj\u00f6stedt 1, Nea Puijola 1, Sirja Lassinharju-Heinonen 1<\/p>\n<p>KyIF: Ingrid Degerth 7 Anu Pihlstr\u00f6m 4 Daniela Lindg\u00e5rd 4, Nea Nousiainen 3, Fanny Axberg 3, Aini Salminen 1, Miisa Palkoranta 1<\/p>\n<p><strong>L\u00e4hiTapiola-t\u00e4htipelaajat<br \/>\n<\/strong>Suvi Erhovaara KyIF 3<br \/>\nErica Gustafsson SIF 2<br \/>\nJessi Laasio SIF 1<\/p>\n<p><strong>2 min ulosajot sek\u00e4 pelist\u00e4 sulkemiset<br \/>\n<\/strong>SIF: Erica Gustafsson 1 x 2 min, Moa Wasstr\u00f6m 1 x 2 min, Nea Puijola 1 x 2 min, Sara Falck 1 x 2 min<br \/>\nKyIF: Daniela Lindg\u00e5rd 1 x 2 min, Ingrid Degerth 1 x 2 min, Rebecca L\u00f6nnqvist 1 x 2 min<\/p>\n<p><em>Erotuomarit:<\/em> Halina Lehto &#8211; Annika Laaksonen<\/p>\n<p>Yleis\u00f6\u00e4: 132<\/p>\n","protected":false},"excerpt":{"rendered":"<p>SIF sinet\u00f6i runkosarjan kolmannen paikkansa voittamalla vuoden viimeisess\u00e4 L\u00e4nsi-Uudenmaan derbyss\u00e4 KyIF:n 26-23 (12-8). SIF tarvitsi v\u00e4hint\u00e4\u00e4n tasapelin varmistaakseen runkosarjan kolmannen sijan ja paikan menett\u00e4minen olisi vaatinut my\u00f6s GrIFK:n voittoa Dickenist\u00e4. Molemmissa otteluissa j\u00e4nnityst\u00e4 riitti, mutta lopulta vaaka kallistui SIF:n suuntaan. SIF tuli paikallisotteluun t\u00e4ynn\u00e4 tarmoa ja piti ensimm\u00e4ist\u00e4 puoliaikaa hallinnassaan, mutta KyIF k\u00e4rkkyi koko ajan [&hellip;]<\/p>\n","protected":false},"author":13,"featured_media":19861,"comment_status":"closed","ping_status":"closed","sticky":false,"template":"","format":"standard","meta":{"_acf_changed":false,"jetpack_post_was_ever_published":false,"_jetpack_newsletter_access":"","_jetpack_dont_email_post_to_subs":false,"_jetpack_newsletter_tier_id":0,"_jetpack_memberships_contains_paywalled_content":false,"_jetpack_memberships_contains_paid_content":false,"footnotes":""},"categories":[162],"tags":[67,81],"class_list":["post-20399","post","type-post","status-publish","format-standard","has-post-thumbnail","hentry","category-ottelut-2019-2020","tag-kyif","tag-sif"],"acf":[],"yoast_head":"<!-- This site is optimized with the Yoast SEO plugin v27.5 - https:\/\/yoast.com\/product\/yoast-seo-wordpress\/ -->\n<title>SIF piti pintansa paikallispeliss\u00e4 | K\u00e4sipallon naisten Aktialiiga<\/title>\n<meta name=\"robots\" content=\"index, follow, max-snippet:-1, max-image-preview:large, max-video-preview:-1\" \/>\n<link rel=\"canonical\" href=\"https:\/\/aktialiiga.fi\/naiset\/2019-2020\/ottelut-2019-2020\/sif-piti-pintansa-paikallispelissa\/\" \/>\n<meta property=\"og:locale\" content=\"fi_FI\" \/>\n<meta property=\"og:type\" content=\"article\" \/>\n<meta property=\"og:title\" content=\"SIF piti pintansa paikallispeliss\u00e4 | K\u00e4sipallon naisten Aktialiiga\" \/>\n<meta property=\"og:description\" content=\"SIF sinet\u00f6i runkosarjan kolmannen paikkansa voittamalla vuoden viimeisess\u00e4 L\u00e4nsi-Uudenmaan derbyss\u00e4 KyIF:n 26-23 (12-8). SIF tarvitsi v\u00e4hint\u00e4\u00e4n tasapelin varmistaakseen runkosarjan kolmannen sijan ja paikan menett\u00e4minen olisi vaatinut my\u00f6s GrIFK:n voittoa Dickenist\u00e4. Molemmissa otteluissa j\u00e4nnityst\u00e4 riitti, mutta lopulta vaaka kallistui SIF:n suuntaan. SIF tuli paikallisotteluun t\u00e4ynn\u00e4 tarmoa ja piti ensimm\u00e4ist\u00e4 puoliaikaa hallinnassaan, mutta KyIF k\u00e4rkkyi koko ajan [&hellip;]\" \/>\n<meta property=\"og:url\" content=\"https:\/\/aktialiiga.fi\/naiset\/2019-2020\/ottelut-2019-2020\/sif-piti-pintansa-paikallispelissa\/\" \/>\n<meta property=\"og:site_name\" content=\"K\u00e4sipallon naisten Aktialiiga\" \/>\n<meta property=\"article:publisher\" content=\"https:\/\/www.facebook.com\/finnhandball\" \/>\n<meta property=\"article:published_time\" content=\"2020-03-11T18:58:05+00:00\" \/>\n<meta property=\"og:image\" content=\"https:\/\/aktialiiga.fi\/naiset\/wp-content\/uploads\/sites\/6\/2019\/11\/lehtola_saara_sif_19-20.jpg\" \/>\n\t<meta property=\"og:image:width\" content=\"1200\" \/>\n\t<meta property=\"og:image:height\" content=\"800\" \/>\n\t<meta property=\"og:image:type\" content=\"image\/jpeg\" \/>\n<meta name=\"author\" content=\"tbrmedia\" \/>\n<meta name=\"twitter:card\" content=\"summary_large_image\" \/>\n<meta name=\"twitter:creator\" content=\"@finnhandball\" \/>\n<meta name=\"twitter:site\" content=\"@finnhandball\" \/>\n<script type=\"application\/ld+json\" class=\"yoast-schema-graph\">{\"@context\":\"https:\\\/\\\/schema.org\",\"@graph\":[{\"@type\":\"Article\",\"@id\":\"https:\\\/\\\/aktialiiga.fi\\\/naiset\\\/2019-2020\\\/ottelut-2019-2020\\\/sif-piti-pintansa-paikallispelissa\\\/#article\",\"isPartOf\":{\"@id\":\"https:\\\/\\\/aktialiiga.fi\\\/naiset\\\/2019-2020\\\/ottelut-2019-2020\\\/sif-piti-pintansa-paikallispelissa\\\/\"},\"author\":{\"name\":\"tbrmedia\",\"@id\":\"https:\\\/\\\/aktialiiga.fi\\\/naiset\\\/#\\\/schema\\\/person\\\/c14bf42f47041db74603c45afcb18d87\"},\"headline\":\"SIF piti pintansa paikallispeliss\u00e4\",\"datePublished\":\"2020-03-11T18:58:05+00:00\",\"mainEntityOfPage\":{\"@id\":\"https:\\\/\\\/aktialiiga.fi\\\/naiset\\\/2019-2020\\\/ottelut-2019-2020\\\/sif-piti-pintansa-paikallispelissa\\\/\"},\"wordCount\":355,\"publisher\":{\"@id\":\"https:\\\/\\\/aktialiiga.fi\\\/naiset\\\/#organization\"},\"image\":{\"@id\":\"https:\\\/\\\/aktialiiga.fi\\\/naiset\\\/2019-2020\\\/ottelut-2019-2020\\\/sif-piti-pintansa-paikallispelissa\\\/#primaryimage\"},\"thumbnailUrl\":\"https:\\\/\\\/aktialiiga.fi\\\/naiset\\\/wp-content\\\/uploads\\\/sites\\\/6\\\/2019\\\/11\\\/lehtola_saara_sif_19-20.jpg\",\"keywords\":[\"KyIF\",\"SIF\"],\"articleSection\":[\"Ottelut\"],\"inLanguage\":\"fi\"},{\"@type\":\"WebPage\",\"@id\":\"https:\\\/\\\/aktialiiga.fi\\\/naiset\\\/2019-2020\\\/ottelut-2019-2020\\\/sif-piti-pintansa-paikallispelissa\\\/\",\"url\":\"https:\\\/\\\/aktialiiga.fi\\\/naiset\\\/2019-2020\\\/ottelut-2019-2020\\\/sif-piti-pintansa-paikallispelissa\\\/\",\"name\":\"SIF piti pintansa paikallispeliss\u00e4 | K\u00e4sipallon naisten Aktialiiga\",\"isPartOf\":{\"@id\":\"https:\\\/\\\/aktialiiga.fi\\\/naiset\\\/#website\"},\"primaryImageOfPage\":{\"@id\":\"https:\\\/\\\/aktialiiga.fi\\\/naiset\\\/2019-2020\\\/ottelut-2019-2020\\\/sif-piti-pintansa-paikallispelissa\\\/#primaryimage\"},\"image\":{\"@id\":\"https:\\\/\\\/aktialiiga.fi\\\/naiset\\\/2019-2020\\\/ottelut-2019-2020\\\/sif-piti-pintansa-paikallispelissa\\\/#primaryimage\"},\"thumbnailUrl\":\"https:\\\/\\\/aktialiiga.fi\\\/naiset\\\/wp-content\\\/uploads\\\/sites\\\/6\\\/2019\\\/11\\\/lehtola_saara_sif_19-20.jpg\",\"datePublished\":\"2020-03-11T18:58:05+00:00\",\"breadcrumb\":{\"@id\":\"https:\\\/\\\/aktialiiga.fi\\\/naiset\\\/2019-2020\\\/ottelut-2019-2020\\\/sif-piti-pintansa-paikallispelissa\\\/#breadcrumb\"},\"inLanguage\":\"fi\",\"potentialAction\":[{\"@type\":\"ReadAction\",\"target\":[\"https:\\\/\\\/aktialiiga.fi\\\/naiset\\\/2019-2020\\\/ottelut-2019-2020\\\/sif-piti-pintansa-paikallispelissa\\\/\"]}]},{\"@type\":\"ImageObject\",\"inLanguage\":\"fi\",\"@id\":\"https:\\\/\\\/aktialiiga.fi\\\/naiset\\\/2019-2020\\\/ottelut-2019-2020\\\/sif-piti-pintansa-paikallispelissa\\\/#primaryimage\",\"url\":\"https:\\\/\\\/aktialiiga.fi\\\/naiset\\\/wp-content\\\/uploads\\\/sites\\\/6\\\/2019\\\/11\\\/lehtola_saara_sif_19-20.jpg\",\"contentUrl\":\"https:\\\/\\\/aktialiiga.fi\\\/naiset\\\/wp-content\\\/uploads\\\/sites\\\/6\\\/2019\\\/11\\\/lehtola_saara_sif_19-20.jpg\",\"width\":1200,\"height\":800,\"caption\":\"Saara Lehtola #99, SIF k\u00e4sipallon naisten SM-liigan ottelussa SIF -Dicken Fennia Arenalla Siuntiossa 26. lokakuuta 2019. (Matti Matikainen\\\/Newspix24)\"},{\"@type\":\"BreadcrumbList\",\"@id\":\"https:\\\/\\\/aktialiiga.fi\\\/naiset\\\/2019-2020\\\/ottelut-2019-2020\\\/sif-piti-pintansa-paikallispelissa\\\/#breadcrumb\",\"itemListElement\":[{\"@type\":\"ListItem\",\"position\":1,\"name\":\"Etusivu\",\"item\":\"https:\\\/\\\/aktialiiga.fi\\\/naiset\\\/\"},{\"@type\":\"ListItem\",\"position\":2,\"name\":\"SIF piti pintansa paikallispeliss\u00e4\"}]},{\"@type\":\"WebSite\",\"@id\":\"https:\\\/\\\/aktialiiga.fi\\\/naiset\\\/#website\",\"url\":\"https:\\\/\\\/aktialiiga.fi\\\/naiset\\\/\",\"name\":\"K\u00e4sipallon naisten Aktialiiga\",\"description\":\"Valtakunnan vauhdikkainta palloilua!\",\"publisher\":{\"@id\":\"https:\\\/\\\/aktialiiga.fi\\\/naiset\\\/#organization\"},\"potentialAction\":[{\"@type\":\"SearchAction\",\"target\":{\"@type\":\"EntryPoint\",\"urlTemplate\":\"https:\\\/\\\/aktialiiga.fi\\\/naiset\\\/?s={search_term_string}\"},\"query-input\":{\"@type\":\"PropertyValueSpecification\",\"valueRequired\":true,\"valueName\":\"search_term_string\"}}],\"inLanguage\":\"fi\"},{\"@type\":\"Organization\",\"@id\":\"https:\\\/\\\/aktialiiga.fi\\\/naiset\\\/#organization\",\"name\":\"K\u00e4sipallon naisten Aktialiiga\",\"url\":\"https:\\\/\\\/aktialiiga.fi\\\/naiset\\\/\",\"logo\":{\"@type\":\"ImageObject\",\"inLanguage\":\"fi\",\"@id\":\"https:\\\/\\\/aktialiiga.fi\\\/naiset\\\/#\\\/schema\\\/logo\\\/image\\\/\",\"url\":\"https:\\\/\\\/aktialiiga.fi\\\/naiset\\\/wp-content\\\/uploads\\\/sites\\\/6\\\/2024\\\/09\\\/Aktialiiga-Yoast-512.png\",\"contentUrl\":\"https:\\\/\\\/aktialiiga.fi\\\/naiset\\\/wp-content\\\/uploads\\\/sites\\\/6\\\/2024\\\/09\\\/Aktialiiga-Yoast-512.png\",\"width\":512,\"height\":512,\"caption\":\"K\u00e4sipallon naisten Aktialiiga\"},\"image\":{\"@id\":\"https:\\\/\\\/aktialiiga.fi\\\/naiset\\\/#\\\/schema\\\/logo\\\/image\\\/\"},\"sameAs\":[\"https:\\\/\\\/www.facebook.com\\\/finnhandball\",\"https:\\\/\\\/x.com\\\/finnhandball\",\"https:\\\/\\\/www.instagram.com\\\/handballfinland\\\/\"]},{\"@type\":\"Person\",\"@id\":\"https:\\\/\\\/aktialiiga.fi\\\/naiset\\\/#\\\/schema\\\/person\\\/c14bf42f47041db74603c45afcb18d87\",\"name\":\"tbrmedia\",\"image\":{\"@type\":\"ImageObject\",\"inLanguage\":\"fi\",\"@id\":\"https:\\\/\\\/secure.gravatar.com\\\/avatar\\\/ee975fa091fe581d12b60debb3439022686618368a7c142044c56724d4666b16?s=96&d=mm&r=g\",\"url\":\"https:\\\/\\\/secure.gravatar.com\\\/avatar\\\/ee975fa091fe581d12b60debb3439022686618368a7c142044c56724d4666b16?s=96&d=mm&r=g\",\"contentUrl\":\"https:\\\/\\\/secure.gravatar.com\\\/avatar\\\/ee975fa091fe581d12b60debb3439022686618368a7c142044c56724d4666b16?s=96&d=mm&r=g\",\"caption\":\"tbrmedia\"}}]}<\/script>\n<!-- \/ Yoast SEO plugin. -->","yoast_head_json":{"title":"SIF piti pintansa paikallispeliss\u00e4 | K\u00e4sipallon naisten Aktialiiga","robots":{"index":"index","follow":"follow","max-snippet":"max-snippet:-1","max-image-preview":"max-image-preview:large","max-video-preview":"max-video-preview:-1"},"canonical":"https:\/\/aktialiiga.fi\/naiset\/2019-2020\/ottelut-2019-2020\/sif-piti-pintansa-paikallispelissa\/","og_locale":"fi_FI","og_type":"article","og_title":"SIF piti pintansa paikallispeliss\u00e4 | K\u00e4sipallon naisten Aktialiiga","og_description":"SIF sinet\u00f6i runkosarjan kolmannen paikkansa voittamalla vuoden viimeisess\u00e4 L\u00e4nsi-Uudenmaan derbyss\u00e4 KyIF:n 26-23 (12-8). SIF tarvitsi v\u00e4hint\u00e4\u00e4n tasapelin varmistaakseen runkosarjan kolmannen sijan ja paikan menett\u00e4minen olisi vaatinut my\u00f6s GrIFK:n voittoa Dickenist\u00e4. Molemmissa otteluissa j\u00e4nnityst\u00e4 riitti, mutta lopulta vaaka kallistui SIF:n suuntaan. SIF tuli paikallisotteluun t\u00e4ynn\u00e4 tarmoa ja piti ensimm\u00e4ist\u00e4 puoliaikaa hallinnassaan, mutta KyIF k\u00e4rkkyi koko ajan [&hellip;]","og_url":"https:\/\/aktialiiga.fi\/naiset\/2019-2020\/ottelut-2019-2020\/sif-piti-pintansa-paikallispelissa\/","og_site_name":"K\u00e4sipallon naisten Aktialiiga","article_publisher":"https:\/\/www.facebook.com\/finnhandball","article_published_time":"2020-03-11T18:58:05+00:00","og_image":[{"width":1200,"height":800,"url":"https:\/\/aktialiiga.fi\/naiset\/wp-content\/uploads\/sites\/6\/2019\/11\/lehtola_saara_sif_19-20.jpg","type":"image\/jpeg"}],"author":"tbrmedia","twitter_card":"summary_large_image","twitter_creator":"@finnhandball","twitter_site":"@finnhandball","schema":{"@context":"https:\/\/schema.org","@graph":[{"@type":"Article","@id":"https:\/\/aktialiiga.fi\/naiset\/2019-2020\/ottelut-2019-2020\/sif-piti-pintansa-paikallispelissa\/#article","isPartOf":{"@id":"https:\/\/aktialiiga.fi\/naiset\/2019-2020\/ottelut-2019-2020\/sif-piti-pintansa-paikallispelissa\/"},"author":{"name":"tbrmedia","@id":"https:\/\/aktialiiga.fi\/naiset\/#\/schema\/person\/c14bf42f47041db74603c45afcb18d87"},"headline":"SIF piti pintansa paikallispeliss\u00e4","datePublished":"2020-03-11T18:58:05+00:00","mainEntityOfPage":{"@id":"https:\/\/aktialiiga.fi\/naiset\/2019-2020\/ottelut-2019-2020\/sif-piti-pintansa-paikallispelissa\/"},"wordCount":355,"publisher":{"@id":"https:\/\/aktialiiga.fi\/naiset\/#organization"},"image":{"@id":"https:\/\/aktialiiga.fi\/naiset\/2019-2020\/ottelut-2019-2020\/sif-piti-pintansa-paikallispelissa\/#primaryimage"},"thumbnailUrl":"https:\/\/aktialiiga.fi\/naiset\/wp-content\/uploads\/sites\/6\/2019\/11\/lehtola_saara_sif_19-20.jpg","keywords":["KyIF","SIF"],"articleSection":["Ottelut"],"inLanguage":"fi"},{"@type":"WebPage","@id":"https:\/\/aktialiiga.fi\/naiset\/2019-2020\/ottelut-2019-2020\/sif-piti-pintansa-paikallispelissa\/","url":"https:\/\/aktialiiga.fi\/naiset\/2019-2020\/ottelut-2019-2020\/sif-piti-pintansa-paikallispelissa\/","name":"SIF piti pintansa paikallispeliss\u00e4 | K\u00e4sipallon naisten Aktialiiga","isPartOf":{"@id":"https:\/\/aktialiiga.fi\/naiset\/#website"},"primaryImageOfPage":{"@id":"https:\/\/aktialiiga.fi\/naiset\/2019-2020\/ottelut-2019-2020\/sif-piti-pintansa-paikallispelissa\/#primaryimage"},"image":{"@id":"https:\/\/aktialiiga.fi\/naiset\/2019-2020\/ottelut-2019-2020\/sif-piti-pintansa-paikallispelissa\/#primaryimage"},"thumbnailUrl":"https:\/\/aktialiiga.fi\/naiset\/wp-content\/uploads\/sites\/6\/2019\/11\/lehtola_saara_sif_19-20.jpg","datePublished":"2020-03-11T18:58:05+00:00","breadcrumb":{"@id":"https:\/\/aktialiiga.fi\/naiset\/2019-2020\/ottelut-2019-2020\/sif-piti-pintansa-paikallispelissa\/#breadcrumb"},"inLanguage":"fi","potentialAction":[{"@type":"ReadAction","target":["https:\/\/aktialiiga.fi\/naiset\/2019-2020\/ottelut-2019-2020\/sif-piti-pintansa-paikallispelissa\/"]}]},{"@type":"ImageObject","inLanguage":"fi","@id":"https:\/\/aktialiiga.fi\/naiset\/2019-2020\/ottelut-2019-2020\/sif-piti-pintansa-paikallispelissa\/#primaryimage","url":"https:\/\/aktialiiga.fi\/naiset\/wp-content\/uploads\/sites\/6\/2019\/11\/lehtola_saara_sif_19-20.jpg","contentUrl":"https:\/\/aktialiiga.fi\/naiset\/wp-content\/uploads\/sites\/6\/2019\/11\/lehtola_saara_sif_19-20.jpg","width":1200,"height":800,"caption":"Saara Lehtola #99, SIF k\u00e4sipallon naisten SM-liigan ottelussa SIF -Dicken Fennia Arenalla Siuntiossa 26. lokakuuta 2019. (Matti Matikainen\/Newspix24)"},{"@type":"BreadcrumbList","@id":"https:\/\/aktialiiga.fi\/naiset\/2019-2020\/ottelut-2019-2020\/sif-piti-pintansa-paikallispelissa\/#breadcrumb","itemListElement":[{"@type":"ListItem","position":1,"name":"Etusivu","item":"https:\/\/aktialiiga.fi\/naiset\/"},{"@type":"ListItem","position":2,"name":"SIF piti pintansa paikallispeliss\u00e4"}]},{"@type":"WebSite","@id":"https:\/\/aktialiiga.fi\/naiset\/#website","url":"https:\/\/aktialiiga.fi\/naiset\/","name":"K\u00e4sipallon naisten Aktialiiga","description":"Valtakunnan vauhdikkainta palloilua!","publisher":{"@id":"https:\/\/aktialiiga.fi\/naiset\/#organization"},"potentialAction":[{"@type":"SearchAction","target":{"@type":"EntryPoint","urlTemplate":"https:\/\/aktialiiga.fi\/naiset\/?s={search_term_string}"},"query-input":{"@type":"PropertyValueSpecification","valueRequired":true,"valueName":"search_term_string"}}],"inLanguage":"fi"},{"@type":"Organization","@id":"https:\/\/aktialiiga.fi\/naiset\/#organization","name":"K\u00e4sipallon naisten Aktialiiga","url":"https:\/\/aktialiiga.fi\/naiset\/","logo":{"@type":"ImageObject","inLanguage":"fi","@id":"https:\/\/aktialiiga.fi\/naiset\/#\/schema\/logo\/image\/","url":"https:\/\/aktialiiga.fi\/naiset\/wp-content\/uploads\/sites\/6\/2024\/09\/Aktialiiga-Yoast-512.png","contentUrl":"https:\/\/aktialiiga.fi\/naiset\/wp-content\/uploads\/sites\/6\/2024\/09\/Aktialiiga-Yoast-512.png","width":512,"height":512,"caption":"K\u00e4sipallon naisten Aktialiiga"},"image":{"@id":"https:\/\/aktialiiga.fi\/naiset\/#\/schema\/logo\/image\/"},"sameAs":["https:\/\/www.facebook.com\/finnhandball","https:\/\/x.com\/finnhandball","https:\/\/www.instagram.com\/handballfinland\/"]},{"@type":"Person","@id":"https:\/\/aktialiiga.fi\/naiset\/#\/schema\/person\/c14bf42f47041db74603c45afcb18d87","name":"tbrmedia","image":{"@type":"ImageObject","inLanguage":"fi","@id":"https:\/\/secure.gravatar.com\/avatar\/ee975fa091fe581d12b60debb3439022686618368a7c142044c56724d4666b16?s=96&d=mm&r=g","url":"https:\/\/secure.gravatar.com\/avatar\/ee975fa091fe581d12b60debb3439022686618368a7c142044c56724d4666b16?s=96&d=mm&r=g","contentUrl":"https:\/\/secure.gravatar.com\/avatar\/ee975fa091fe581d12b60debb3439022686618368a7c142044c56724d4666b16?s=96&d=mm&r=g","caption":"tbrmedia"}}]}},"jetpack_featured_media_url":"https:\/\/aktialiiga.fi\/naiset\/wp-content\/uploads\/sites\/6\/2019\/11\/lehtola_saara_sif_19-20.jpg","jetpack_sharing_enabled":true,"jetpack_shortlink":"https:\/\/wp.me\/pfYhm6-5j1","_links":{"self":[{"href":"https:\/\/aktialiiga.fi\/naiset\/wp-json\/wp\/v2\/posts\/20399","targetHints":{"allow":["GET"]}}],"collection":[{"href":"https:\/\/aktialiiga.fi\/naiset\/wp-json\/wp\/v2\/posts"}],"about":[{"href":"https:\/\/aktialiiga.fi\/naiset\/wp-json\/wp\/v2\/types\/post"}],"author":[{"embeddable":true,"href":"https:\/\/aktialiiga.fi\/naiset\/wp-json\/wp\/v2\/users\/13"}],"replies":[{"embeddable":true,"href":"https:\/\/aktialiiga.fi\/naiset\/wp-json\/wp\/v2\/comments?post=20399"}],"version-history":[{"count":0,"href":"https:\/\/aktialiiga.fi\/naiset\/wp-json\/wp\/v2\/posts\/20399\/revisions"}],"wp:featuredmedia":[{"embeddable":true,"href":"https:\/\/aktialiiga.fi\/naiset\/wp-json\/wp\/v2\/media\/19861"}],"wp:attachment":[{"href":"https:\/\/aktialiiga.fi\/naiset\/wp-json\/wp\/v2\/media?parent=20399"}],"wp:term":[{"taxonomy":"category","embeddable":true,"href":"https:\/\/aktialiiga.fi\/naiset\/wp-json\/wp\/v2\/categories?post=20399"},{"taxonomy":"post_tag","embeddable":true,"href":"https:\/\/aktialiiga.fi\/naiset\/wp-json\/wp\/v2\/tags?post=20399"}],"curies":[{"name":"wp","href":"https:\/\/api.w.org\/{rel}","templated":true}]}}