{"id":20403,"date":"2020-03-11T21:22:10","date_gmt":"2020-03-11T19:22:10","guid":{"rendered":"https:\/\/aktialiiga.fi\/naiset\/?p=20403"},"modified":"2020-04-10T19:32:25","modified_gmt":"2020-04-10T16:32:25","slug":"grifk-uhitteli-dickenia-dicken-piti-pintansa","status":"publish","type":"post","link":"https:\/\/aktialiiga.fi\/naiset\/2019-2020\/ottelut-2019-2020\/grifk-uhitteli-dickenia-dicken-piti-pintansa\/","title":{"rendered":"GrIFK uhitteli Dickeni\u00e4 &#8211; Dicken piti pintansa"},"content":{"rendered":"<p>Dicken sai tehd\u00e4 t\u00e4yden p\u00e4iv\u00e4ty\u00f6n pit\u00e4\u00e4kseen GrIFK:n takanaan, mutta p\u00e4\u00e4tti runkosarjansa kuitenkin 25-23 (12-11).<\/p>\n<p>GrIFK olisi tarvinnut ottelusta voittoa ja samalla SIF:n tappiota KyIF:st\u00e4 noustakseen kolmannelle sijalle.<\/p>\n<p>Kuten numeroista voi p\u00e4\u00e4tell\u00e4, ottelu oli eritt\u00e4in tasainen. Dicken oli koko ensimm\u00e4isen puoliajan hivenen niskan p\u00e4\u00e4ll\u00e4, mutta miss\u00e4\u00e4n vaiheessa ero ei kasvanut kolmea maalia suuremmaksi. Ensimm\u00e4isen er\u00e4n j\u00e4lkeen eroa olikin vain yhden maalin verran.<\/p>\n<p>Toisella puoliajalla kupeltin juoni pysyi samana. Joukkueet meniv\u00e4t k\u00e4yt\u00e4nn\u00f6ss\u00e4 k\u00e4si k\u00e4dess\u00e4 viime hetkille saakka. Joukkueet olivat useasti tasatilanteessa, mutta ohi GrIFK ei p\u00e4\u00e4ssyt miss\u00e4\u00e4n vaiheessa. N\u00e4in Dicken nappasi kotipisteet.<\/p>\n<p>Dickenin valmentaja Jouni Ahlroth antoi tunnustusta sek\u00e4 omilleen ett\u00e4 vastustajalle.<\/p>\n<p>&#8211; Tiukka matsi ja semifinaalihermot n\u00e4kyiv\u00e4t jo peliss\u00e4. Hienosti pelaajat jaksoivat taistella vaikka Grani tuli lopussa tasoihin. On tunnustettava, ett\u00e4 t\u00e4ll\u00e4 teknisten virheiden m\u00e4\u00e4r\u00e4ll\u00e4, on vaikea voittaa niin kuin t\u00e4n\u00e4\u00e4n olikin. Tunnustusta on annettava Granin hienolla taistelulle. Onnea ja hyv\u00e4\u00e4 tsemppi\u00e4 Granille semeihin.<\/p>\n<p>GrIFK:n p\u00e4\u00e4valmentaja Gustaf Ahlroosin tunnelmat olivat pettyneet.<\/p>\n<p>&#8211; Tuntuu helvetilliselt\u00e4 juuri nyt, mutta marginaalit olivat pienet. Dicken taisteli hyvin lopussa, mutta jos olisimme tehneet maalin enemm\u00e4n molemmilla puoliajoilla, olisi peli ollut tasan. Dickenill\u00e4 oli hieman enemm\u00e4n leveytt\u00e4, joten he pystyiv\u00e4t hieman lepuuttamaan ja pist\u00e4m\u00e4\u00e4n sis\u00e4\u00e4n erityyppisi\u00e4 pelaajia. Linnealla oli hyv\u00e4 peli ja h\u00e4n aiheutti paljon ongelmia puolustuksessamme, Ahlroos kertasi ottelua.<\/p>\n<p>Ahlroosin kehaisema Linnea Aula palkittiin my\u00f6s ottelun parhaana pelaajana.<\/p>\n<p>&#8211; Oli todellista taistelua koko ajan, mutta pystyimme pelaamaan loppuun saakka. T\u00e4m\u00e4 oli eritt\u00e4in hyv\u00e4\u00e4 harjoitusta v\u00e4lieri\u00e4 ajatellen. Omalta kohdaltani oli oikein kiva onnistua. Granin tapaista joukkuetta vastaan t\u00e4ytyy olla aktiivinen, sill\u00e4 heid\u00e4n korkea puolustus avasi mahdollisuuksia l\u00e4piajoihin, Aula pohti.<\/p>\n<p><strong>Dicken-GrIFK 25-23 (12-11)<\/strong><\/p>\n<p><strong>Maalintekij\u00e4t: maalit (7m maalit)<br \/>\n<\/strong>Dicken: Anna Westerlund 5, Anna Lindahl 5 (2), Linnea Aula 5, Emilia Valkamo 3, Jessika Gammals 3, Tove Salokivi 1, Catarina Nyberg 1, Emilia Kohonen 1, Malena Heikkinen 1<\/p>\n<p>GrIFK: Emma Wickstr\u00f6m 7 (2), Alexandra Karsten 4, Corinna Jensen 4, Carolina Rehnberg 3, Carolina B\u00f6ckelman 3, Sara Sandelin 1, Linnea Harms 1<\/p>\n<p><strong>L\u00e4hiTapiola-t\u00e4htipelaajat<br \/>\n<\/strong>Linnea Aula Dicken 3<strong><br \/>\n<\/strong>Tinja Inget Dicken 2<strong><br \/>\n<\/strong>Emma Wickstr\u00f6m GrIFK 1<\/p>\n<p><strong>2 min ulosajot sek\u00e4 pelist\u00e4 sulkemiset<br \/>\n<\/strong>Dicken: Emilia Kohonen 1 x 2 min, Tove Salokivi 1 x 2 min<strong><br \/>\n<\/strong>GrIFK: Corinna Jensen 1 x 2 min, Linnea Harms 2 x 2 min<\/p>\n<p><em>Erotuomarit:<\/em> Annette Nyberg &#8211; Samuel Leandersson<\/p>\n<p>Yleis\u00f6\u00e4: 128<\/p>\n","protected":false},"excerpt":{"rendered":"<p>Dicken sai tehd\u00e4 t\u00e4yden p\u00e4iv\u00e4ty\u00f6n pit\u00e4\u00e4kseen GrIFK:n takanaan, mutta p\u00e4\u00e4tti runkosarjansa kuitenkin 25-23 (12-11). GrIFK olisi tarvinnut ottelusta voittoa ja samalla SIF:n tappiota KyIF:st\u00e4 noustakseen kolmannelle sijalle. Kuten numeroista voi p\u00e4\u00e4tell\u00e4, ottelu oli eritt\u00e4in tasainen. Dicken oli koko ensimm\u00e4isen puoliajan hivenen niskan p\u00e4\u00e4ll\u00e4, mutta miss\u00e4\u00e4n vaiheessa ero ei kasvanut kolmea maalia suuremmaksi. Ensimm\u00e4isen er\u00e4n j\u00e4lkeen [&hellip;]<\/p>\n","protected":false},"author":13,"featured_media":19785,"comment_status":"closed","ping_status":"closed","sticky":false,"template":"","format":"standard","meta":{"_acf_changed":false,"jetpack_post_was_ever_published":false,"_jetpack_newsletter_access":"","_jetpack_dont_email_post_to_subs":false,"_jetpack_newsletter_tier_id":0,"_jetpack_memberships_contains_paywalled_content":false,"_jetpack_memberships_contains_paid_content":false,"footnotes":""},"categories":[162],"tags":[51,57],"class_list":["post-20403","post","type-post","status-publish","format-standard","has-post-thumbnail","hentry","category-ottelut-2019-2020","tag-dicken","tag-grifk"],"acf":[],"yoast_head":"<!-- This site is optimized with the Yoast SEO plugin v27.5 - https:\/\/yoast.com\/product\/yoast-seo-wordpress\/ -->\n<title>GrIFK uhitteli Dickeni\u00e4 - Dicken piti pintansa | K\u00e4sipallon naisten Aktialiiga<\/title>\n<meta name=\"robots\" content=\"index, follow, max-snippet:-1, max-image-preview:large, max-video-preview:-1\" \/>\n<link rel=\"canonical\" href=\"https:\/\/aktialiiga.fi\/naiset\/2019-2020\/ottelut-2019-2020\/grifk-uhitteli-dickenia-dicken-piti-pintansa\/\" \/>\n<meta property=\"og:locale\" content=\"fi_FI\" \/>\n<meta property=\"og:type\" content=\"article\" \/>\n<meta property=\"og:title\" content=\"GrIFK uhitteli Dickeni\u00e4 - Dicken piti pintansa | K\u00e4sipallon naisten Aktialiiga\" \/>\n<meta property=\"og:description\" content=\"Dicken sai tehd\u00e4 t\u00e4yden p\u00e4iv\u00e4ty\u00f6n pit\u00e4\u00e4kseen GrIFK:n takanaan, mutta p\u00e4\u00e4tti runkosarjansa kuitenkin 25-23 (12-11). GrIFK olisi tarvinnut ottelusta voittoa ja samalla SIF:n tappiota KyIF:st\u00e4 noustakseen kolmannelle sijalle. Kuten numeroista voi p\u00e4\u00e4tell\u00e4, ottelu oli eritt\u00e4in tasainen. Dicken oli koko ensimm\u00e4isen puoliajan hivenen niskan p\u00e4\u00e4ll\u00e4, mutta miss\u00e4\u00e4n vaiheessa ero ei kasvanut kolmea maalia suuremmaksi. Ensimm\u00e4isen er\u00e4n j\u00e4lkeen [&hellip;]\" \/>\n<meta property=\"og:url\" content=\"https:\/\/aktialiiga.fi\/naiset\/2019-2020\/ottelut-2019-2020\/grifk-uhitteli-dickenia-dicken-piti-pintansa\/\" \/>\n<meta property=\"og:site_name\" content=\"K\u00e4sipallon naisten Aktialiiga\" \/>\n<meta property=\"article:publisher\" content=\"https:\/\/www.facebook.com\/finnhandball\" \/>\n<meta property=\"article:published_time\" content=\"2020-03-11T19:22:10+00:00\" \/>\n<meta property=\"article:modified_time\" content=\"2020-04-10T16:32:25+00:00\" \/>\n<meta property=\"og:image\" content=\"https:\/\/aktialiiga.fi\/naiset\/wp-content\/uploads\/sites\/6\/2019\/11\/sirenius_ken_dicken_19-20.jpg\" \/>\n\t<meta property=\"og:image:width\" content=\"1200\" \/>\n\t<meta property=\"og:image:height\" content=\"800\" \/>\n\t<meta property=\"og:image:type\" content=\"image\/jpeg\" \/>\n<meta name=\"author\" content=\"tbrmedia\" \/>\n<meta name=\"twitter:card\" content=\"summary_large_image\" \/>\n<meta name=\"twitter:creator\" content=\"@finnhandball\" \/>\n<meta name=\"twitter:site\" content=\"@finnhandball\" \/>\n<script type=\"application\/ld+json\" class=\"yoast-schema-graph\">{\"@context\":\"https:\\\/\\\/schema.org\",\"@graph\":[{\"@type\":\"Article\",\"@id\":\"https:\\\/\\\/aktialiiga.fi\\\/naiset\\\/2019-2020\\\/ottelut-2019-2020\\\/grifk-uhitteli-dickenia-dicken-piti-pintansa\\\/#article\",\"isPartOf\":{\"@id\":\"https:\\\/\\\/aktialiiga.fi\\\/naiset\\\/2019-2020\\\/ottelut-2019-2020\\\/grifk-uhitteli-dickenia-dicken-piti-pintansa\\\/\"},\"author\":{\"name\":\"tbrmedia\",\"@id\":\"https:\\\/\\\/aktialiiga.fi\\\/naiset\\\/#\\\/schema\\\/person\\\/c14bf42f47041db74603c45afcb18d87\"},\"headline\":\"GrIFK uhitteli Dickeni\u00e4 &#8211; Dicken piti pintansa\",\"datePublished\":\"2020-03-11T19:22:10+00:00\",\"dateModified\":\"2020-04-10T16:32:25+00:00\",\"mainEntityOfPage\":{\"@id\":\"https:\\\/\\\/aktialiiga.fi\\\/naiset\\\/2019-2020\\\/ottelut-2019-2020\\\/grifk-uhitteli-dickenia-dicken-piti-pintansa\\\/\"},\"wordCount\":395,\"publisher\":{\"@id\":\"https:\\\/\\\/aktialiiga.fi\\\/naiset\\\/#organization\"},\"image\":{\"@id\":\"https:\\\/\\\/aktialiiga.fi\\\/naiset\\\/2019-2020\\\/ottelut-2019-2020\\\/grifk-uhitteli-dickenia-dicken-piti-pintansa\\\/#primaryimage\"},\"thumbnailUrl\":\"https:\\\/\\\/aktialiiga.fi\\\/naiset\\\/wp-content\\\/uploads\\\/sites\\\/6\\\/2019\\\/11\\\/sirenius_ken_dicken_19-20.jpg\",\"keywords\":[\"Dicken\",\"GrIFK\"],\"articleSection\":[\"Ottelut\"],\"inLanguage\":\"fi\"},{\"@type\":\"WebPage\",\"@id\":\"https:\\\/\\\/aktialiiga.fi\\\/naiset\\\/2019-2020\\\/ottelut-2019-2020\\\/grifk-uhitteli-dickenia-dicken-piti-pintansa\\\/\",\"url\":\"https:\\\/\\\/aktialiiga.fi\\\/naiset\\\/2019-2020\\\/ottelut-2019-2020\\\/grifk-uhitteli-dickenia-dicken-piti-pintansa\\\/\",\"name\":\"GrIFK uhitteli Dickeni\u00e4 - Dicken piti pintansa | K\u00e4sipallon naisten Aktialiiga\",\"isPartOf\":{\"@id\":\"https:\\\/\\\/aktialiiga.fi\\\/naiset\\\/#website\"},\"primaryImageOfPage\":{\"@id\":\"https:\\\/\\\/aktialiiga.fi\\\/naiset\\\/2019-2020\\\/ottelut-2019-2020\\\/grifk-uhitteli-dickenia-dicken-piti-pintansa\\\/#primaryimage\"},\"image\":{\"@id\":\"https:\\\/\\\/aktialiiga.fi\\\/naiset\\\/2019-2020\\\/ottelut-2019-2020\\\/grifk-uhitteli-dickenia-dicken-piti-pintansa\\\/#primaryimage\"},\"thumbnailUrl\":\"https:\\\/\\\/aktialiiga.fi\\\/naiset\\\/wp-content\\\/uploads\\\/sites\\\/6\\\/2019\\\/11\\\/sirenius_ken_dicken_19-20.jpg\",\"datePublished\":\"2020-03-11T19:22:10+00:00\",\"dateModified\":\"2020-04-10T16:32:25+00:00\",\"breadcrumb\":{\"@id\":\"https:\\\/\\\/aktialiiga.fi\\\/naiset\\\/2019-2020\\\/ottelut-2019-2020\\\/grifk-uhitteli-dickenia-dicken-piti-pintansa\\\/#breadcrumb\"},\"inLanguage\":\"fi\",\"potentialAction\":[{\"@type\":\"ReadAction\",\"target\":[\"https:\\\/\\\/aktialiiga.fi\\\/naiset\\\/2019-2020\\\/ottelut-2019-2020\\\/grifk-uhitteli-dickenia-dicken-piti-pintansa\\\/\"]}]},{\"@type\":\"ImageObject\",\"inLanguage\":\"fi\",\"@id\":\"https:\\\/\\\/aktialiiga.fi\\\/naiset\\\/2019-2020\\\/ottelut-2019-2020\\\/grifk-uhitteli-dickenia-dicken-piti-pintansa\\\/#primaryimage\",\"url\":\"https:\\\/\\\/aktialiiga.fi\\\/naiset\\\/wp-content\\\/uploads\\\/sites\\\/6\\\/2019\\\/11\\\/sirenius_ken_dicken_19-20.jpg\",\"contentUrl\":\"https:\\\/\\\/aktialiiga.fi\\\/naiset\\\/wp-content\\\/uploads\\\/sites\\\/6\\\/2019\\\/11\\\/sirenius_ken_dicken_19-20.jpg\",\"width\":1200,\"height\":800,\"caption\":\"P\u00e4\u00e4valmentaja Ken Sirenius, Dicken k\u00e4sipallon naisten SM-liigan ottelussa SIF -Dicken Fennia Arenalla Siuntiossa 26. lokakuuta 2019. (Matti Matikainen\\\/Newspix24)\"},{\"@type\":\"BreadcrumbList\",\"@id\":\"https:\\\/\\\/aktialiiga.fi\\\/naiset\\\/2019-2020\\\/ottelut-2019-2020\\\/grifk-uhitteli-dickenia-dicken-piti-pintansa\\\/#breadcrumb\",\"itemListElement\":[{\"@type\":\"ListItem\",\"position\":1,\"name\":\"Etusivu\",\"item\":\"https:\\\/\\\/aktialiiga.fi\\\/naiset\\\/\"},{\"@type\":\"ListItem\",\"position\":2,\"name\":\"GrIFK uhitteli Dickeni\u00e4 &#8211; Dicken piti pintansa\"}]},{\"@type\":\"WebSite\",\"@id\":\"https:\\\/\\\/aktialiiga.fi\\\/naiset\\\/#website\",\"url\":\"https:\\\/\\\/aktialiiga.fi\\\/naiset\\\/\",\"name\":\"K\u00e4sipallon naisten Aktialiiga\",\"description\":\"Valtakunnan vauhdikkainta palloilua!\",\"publisher\":{\"@id\":\"https:\\\/\\\/aktialiiga.fi\\\/naiset\\\/#organization\"},\"potentialAction\":[{\"@type\":\"SearchAction\",\"target\":{\"@type\":\"EntryPoint\",\"urlTemplate\":\"https:\\\/\\\/aktialiiga.fi\\\/naiset\\\/?s={search_term_string}\"},\"query-input\":{\"@type\":\"PropertyValueSpecification\",\"valueRequired\":true,\"valueName\":\"search_term_string\"}}],\"inLanguage\":\"fi\"},{\"@type\":\"Organization\",\"@id\":\"https:\\\/\\\/aktialiiga.fi\\\/naiset\\\/#organization\",\"name\":\"K\u00e4sipallon naisten Aktialiiga\",\"url\":\"https:\\\/\\\/aktialiiga.fi\\\/naiset\\\/\",\"logo\":{\"@type\":\"ImageObject\",\"inLanguage\":\"fi\",\"@id\":\"https:\\\/\\\/aktialiiga.fi\\\/naiset\\\/#\\\/schema\\\/logo\\\/image\\\/\",\"url\":\"https:\\\/\\\/aktialiiga.fi\\\/naiset\\\/wp-content\\\/uploads\\\/sites\\\/6\\\/2024\\\/09\\\/Aktialiiga-Yoast-512.png\",\"contentUrl\":\"https:\\\/\\\/aktialiiga.fi\\\/naiset\\\/wp-content\\\/uploads\\\/sites\\\/6\\\/2024\\\/09\\\/Aktialiiga-Yoast-512.png\",\"width\":512,\"height\":512,\"caption\":\"K\u00e4sipallon naisten Aktialiiga\"},\"image\":{\"@id\":\"https:\\\/\\\/aktialiiga.fi\\\/naiset\\\/#\\\/schema\\\/logo\\\/image\\\/\"},\"sameAs\":[\"https:\\\/\\\/www.facebook.com\\\/finnhandball\",\"https:\\\/\\\/x.com\\\/finnhandball\",\"https:\\\/\\\/www.instagram.com\\\/handballfinland\\\/\"]},{\"@type\":\"Person\",\"@id\":\"https:\\\/\\\/aktialiiga.fi\\\/naiset\\\/#\\\/schema\\\/person\\\/c14bf42f47041db74603c45afcb18d87\",\"name\":\"tbrmedia\",\"image\":{\"@type\":\"ImageObject\",\"inLanguage\":\"fi\",\"@id\":\"https:\\\/\\\/secure.gravatar.com\\\/avatar\\\/ee975fa091fe581d12b60debb3439022686618368a7c142044c56724d4666b16?s=96&d=mm&r=g\",\"url\":\"https:\\\/\\\/secure.gravatar.com\\\/avatar\\\/ee975fa091fe581d12b60debb3439022686618368a7c142044c56724d4666b16?s=96&d=mm&r=g\",\"contentUrl\":\"https:\\\/\\\/secure.gravatar.com\\\/avatar\\\/ee975fa091fe581d12b60debb3439022686618368a7c142044c56724d4666b16?s=96&d=mm&r=g\",\"caption\":\"tbrmedia\"}}]}<\/script>\n<!-- \/ Yoast SEO plugin. -->","yoast_head_json":{"title":"GrIFK uhitteli Dickeni\u00e4 - Dicken piti pintansa | K\u00e4sipallon naisten Aktialiiga","robots":{"index":"index","follow":"follow","max-snippet":"max-snippet:-1","max-image-preview":"max-image-preview:large","max-video-preview":"max-video-preview:-1"},"canonical":"https:\/\/aktialiiga.fi\/naiset\/2019-2020\/ottelut-2019-2020\/grifk-uhitteli-dickenia-dicken-piti-pintansa\/","og_locale":"fi_FI","og_type":"article","og_title":"GrIFK uhitteli Dickeni\u00e4 - Dicken piti pintansa | K\u00e4sipallon naisten Aktialiiga","og_description":"Dicken sai tehd\u00e4 t\u00e4yden p\u00e4iv\u00e4ty\u00f6n pit\u00e4\u00e4kseen GrIFK:n takanaan, mutta p\u00e4\u00e4tti runkosarjansa kuitenkin 25-23 (12-11). GrIFK olisi tarvinnut ottelusta voittoa ja samalla SIF:n tappiota KyIF:st\u00e4 noustakseen kolmannelle sijalle. Kuten numeroista voi p\u00e4\u00e4tell\u00e4, ottelu oli eritt\u00e4in tasainen. Dicken oli koko ensimm\u00e4isen puoliajan hivenen niskan p\u00e4\u00e4ll\u00e4, mutta miss\u00e4\u00e4n vaiheessa ero ei kasvanut kolmea maalia suuremmaksi. Ensimm\u00e4isen er\u00e4n j\u00e4lkeen [&hellip;]","og_url":"https:\/\/aktialiiga.fi\/naiset\/2019-2020\/ottelut-2019-2020\/grifk-uhitteli-dickenia-dicken-piti-pintansa\/","og_site_name":"K\u00e4sipallon naisten Aktialiiga","article_publisher":"https:\/\/www.facebook.com\/finnhandball","article_published_time":"2020-03-11T19:22:10+00:00","article_modified_time":"2020-04-10T16:32:25+00:00","og_image":[{"width":1200,"height":800,"url":"https:\/\/aktialiiga.fi\/naiset\/wp-content\/uploads\/sites\/6\/2019\/11\/sirenius_ken_dicken_19-20.jpg","type":"image\/jpeg"}],"author":"tbrmedia","twitter_card":"summary_large_image","twitter_creator":"@finnhandball","twitter_site":"@finnhandball","schema":{"@context":"https:\/\/schema.org","@graph":[{"@type":"Article","@id":"https:\/\/aktialiiga.fi\/naiset\/2019-2020\/ottelut-2019-2020\/grifk-uhitteli-dickenia-dicken-piti-pintansa\/#article","isPartOf":{"@id":"https:\/\/aktialiiga.fi\/naiset\/2019-2020\/ottelut-2019-2020\/grifk-uhitteli-dickenia-dicken-piti-pintansa\/"},"author":{"name":"tbrmedia","@id":"https:\/\/aktialiiga.fi\/naiset\/#\/schema\/person\/c14bf42f47041db74603c45afcb18d87"},"headline":"GrIFK uhitteli Dickeni\u00e4 &#8211; Dicken piti pintansa","datePublished":"2020-03-11T19:22:10+00:00","dateModified":"2020-04-10T16:32:25+00:00","mainEntityOfPage":{"@id":"https:\/\/aktialiiga.fi\/naiset\/2019-2020\/ottelut-2019-2020\/grifk-uhitteli-dickenia-dicken-piti-pintansa\/"},"wordCount":395,"publisher":{"@id":"https:\/\/aktialiiga.fi\/naiset\/#organization"},"image":{"@id":"https:\/\/aktialiiga.fi\/naiset\/2019-2020\/ottelut-2019-2020\/grifk-uhitteli-dickenia-dicken-piti-pintansa\/#primaryimage"},"thumbnailUrl":"https:\/\/aktialiiga.fi\/naiset\/wp-content\/uploads\/sites\/6\/2019\/11\/sirenius_ken_dicken_19-20.jpg","keywords":["Dicken","GrIFK"],"articleSection":["Ottelut"],"inLanguage":"fi"},{"@type":"WebPage","@id":"https:\/\/aktialiiga.fi\/naiset\/2019-2020\/ottelut-2019-2020\/grifk-uhitteli-dickenia-dicken-piti-pintansa\/","url":"https:\/\/aktialiiga.fi\/naiset\/2019-2020\/ottelut-2019-2020\/grifk-uhitteli-dickenia-dicken-piti-pintansa\/","name":"GrIFK uhitteli Dickeni\u00e4 - Dicken piti pintansa | K\u00e4sipallon naisten Aktialiiga","isPartOf":{"@id":"https:\/\/aktialiiga.fi\/naiset\/#website"},"primaryImageOfPage":{"@id":"https:\/\/aktialiiga.fi\/naiset\/2019-2020\/ottelut-2019-2020\/grifk-uhitteli-dickenia-dicken-piti-pintansa\/#primaryimage"},"image":{"@id":"https:\/\/aktialiiga.fi\/naiset\/2019-2020\/ottelut-2019-2020\/grifk-uhitteli-dickenia-dicken-piti-pintansa\/#primaryimage"},"thumbnailUrl":"https:\/\/aktialiiga.fi\/naiset\/wp-content\/uploads\/sites\/6\/2019\/11\/sirenius_ken_dicken_19-20.jpg","datePublished":"2020-03-11T19:22:10+00:00","dateModified":"2020-04-10T16:32:25+00:00","breadcrumb":{"@id":"https:\/\/aktialiiga.fi\/naiset\/2019-2020\/ottelut-2019-2020\/grifk-uhitteli-dickenia-dicken-piti-pintansa\/#breadcrumb"},"inLanguage":"fi","potentialAction":[{"@type":"ReadAction","target":["https:\/\/aktialiiga.fi\/naiset\/2019-2020\/ottelut-2019-2020\/grifk-uhitteli-dickenia-dicken-piti-pintansa\/"]}]},{"@type":"ImageObject","inLanguage":"fi","@id":"https:\/\/aktialiiga.fi\/naiset\/2019-2020\/ottelut-2019-2020\/grifk-uhitteli-dickenia-dicken-piti-pintansa\/#primaryimage","url":"https:\/\/aktialiiga.fi\/naiset\/wp-content\/uploads\/sites\/6\/2019\/11\/sirenius_ken_dicken_19-20.jpg","contentUrl":"https:\/\/aktialiiga.fi\/naiset\/wp-content\/uploads\/sites\/6\/2019\/11\/sirenius_ken_dicken_19-20.jpg","width":1200,"height":800,"caption":"P\u00e4\u00e4valmentaja Ken Sirenius, Dicken k\u00e4sipallon naisten SM-liigan ottelussa SIF -Dicken Fennia Arenalla Siuntiossa 26. lokakuuta 2019. (Matti Matikainen\/Newspix24)"},{"@type":"BreadcrumbList","@id":"https:\/\/aktialiiga.fi\/naiset\/2019-2020\/ottelut-2019-2020\/grifk-uhitteli-dickenia-dicken-piti-pintansa\/#breadcrumb","itemListElement":[{"@type":"ListItem","position":1,"name":"Etusivu","item":"https:\/\/aktialiiga.fi\/naiset\/"},{"@type":"ListItem","position":2,"name":"GrIFK uhitteli Dickeni\u00e4 &#8211; Dicken piti pintansa"}]},{"@type":"WebSite","@id":"https:\/\/aktialiiga.fi\/naiset\/#website","url":"https:\/\/aktialiiga.fi\/naiset\/","name":"K\u00e4sipallon naisten Aktialiiga","description":"Valtakunnan vauhdikkainta palloilua!","publisher":{"@id":"https:\/\/aktialiiga.fi\/naiset\/#organization"},"potentialAction":[{"@type":"SearchAction","target":{"@type":"EntryPoint","urlTemplate":"https:\/\/aktialiiga.fi\/naiset\/?s={search_term_string}"},"query-input":{"@type":"PropertyValueSpecification","valueRequired":true,"valueName":"search_term_string"}}],"inLanguage":"fi"},{"@type":"Organization","@id":"https:\/\/aktialiiga.fi\/naiset\/#organization","name":"K\u00e4sipallon naisten Aktialiiga","url":"https:\/\/aktialiiga.fi\/naiset\/","logo":{"@type":"ImageObject","inLanguage":"fi","@id":"https:\/\/aktialiiga.fi\/naiset\/#\/schema\/logo\/image\/","url":"https:\/\/aktialiiga.fi\/naiset\/wp-content\/uploads\/sites\/6\/2024\/09\/Aktialiiga-Yoast-512.png","contentUrl":"https:\/\/aktialiiga.fi\/naiset\/wp-content\/uploads\/sites\/6\/2024\/09\/Aktialiiga-Yoast-512.png","width":512,"height":512,"caption":"K\u00e4sipallon naisten Aktialiiga"},"image":{"@id":"https:\/\/aktialiiga.fi\/naiset\/#\/schema\/logo\/image\/"},"sameAs":["https:\/\/www.facebook.com\/finnhandball","https:\/\/x.com\/finnhandball","https:\/\/www.instagram.com\/handballfinland\/"]},{"@type":"Person","@id":"https:\/\/aktialiiga.fi\/naiset\/#\/schema\/person\/c14bf42f47041db74603c45afcb18d87","name":"tbrmedia","image":{"@type":"ImageObject","inLanguage":"fi","@id":"https:\/\/secure.gravatar.com\/avatar\/ee975fa091fe581d12b60debb3439022686618368a7c142044c56724d4666b16?s=96&d=mm&r=g","url":"https:\/\/secure.gravatar.com\/avatar\/ee975fa091fe581d12b60debb3439022686618368a7c142044c56724d4666b16?s=96&d=mm&r=g","contentUrl":"https:\/\/secure.gravatar.com\/avatar\/ee975fa091fe581d12b60debb3439022686618368a7c142044c56724d4666b16?s=96&d=mm&r=g","caption":"tbrmedia"}}]}},"jetpack_featured_media_url":"https:\/\/aktialiiga.fi\/naiset\/wp-content\/uploads\/sites\/6\/2019\/11\/sirenius_ken_dicken_19-20.jpg","jetpack_sharing_enabled":true,"jetpack_shortlink":"https:\/\/wp.me\/pfYhm6-5j5","_links":{"self":[{"href":"https:\/\/aktialiiga.fi\/naiset\/wp-json\/wp\/v2\/posts\/20403","targetHints":{"allow":["GET"]}}],"collection":[{"href":"https:\/\/aktialiiga.fi\/naiset\/wp-json\/wp\/v2\/posts"}],"about":[{"href":"https:\/\/aktialiiga.fi\/naiset\/wp-json\/wp\/v2\/types\/post"}],"author":[{"embeddable":true,"href":"https:\/\/aktialiiga.fi\/naiset\/wp-json\/wp\/v2\/users\/13"}],"replies":[{"embeddable":true,"href":"https:\/\/aktialiiga.fi\/naiset\/wp-json\/wp\/v2\/comments?post=20403"}],"version-history":[{"count":0,"href":"https:\/\/aktialiiga.fi\/naiset\/wp-json\/wp\/v2\/posts\/20403\/revisions"}],"wp:featuredmedia":[{"embeddable":true,"href":"https:\/\/aktialiiga.fi\/naiset\/wp-json\/wp\/v2\/media\/19785"}],"wp:attachment":[{"href":"https:\/\/aktialiiga.fi\/naiset\/wp-json\/wp\/v2\/media?parent=20403"}],"wp:term":[{"taxonomy":"category","embeddable":true,"href":"https:\/\/aktialiiga.fi\/naiset\/wp-json\/wp\/v2\/categories?post=20403"},{"taxonomy":"post_tag","embeddable":true,"href":"https:\/\/aktialiiga.fi\/naiset\/wp-json\/wp\/v2\/tags?post=20403"}],"curies":[{"name":"wp","href":"https:\/\/api.w.org\/{rel}","templated":true}]}}