{"id":21079,"date":"2020-11-21T17:35:27","date_gmt":"2020-11-21T15:35:27","guid":{"rendered":"https:\/\/aktialiiga.fi\/naiset\/?p=21079"},"modified":"2020-11-21T18:00:01","modified_gmt":"2020-11-21T16:00:01","slug":"grifkn-puolustus-piti-kyifn-aisoissa","status":"publish","type":"post","link":"https:\/\/aktialiiga.fi\/naiset\/2020-2021\/ottelut-2020-2021\/grifkn-puolustus-piti-kyifn-aisoissa\/","title":{"rendered":"GrIFK:n puolustus piti KyIF:n aisoissa"},"content":{"rendered":"<p>GrIFK vankisti asemiaan sarjan kolmosena, kun se voitti KyIF:n kotonaan 25-15 (14-5).<\/p>\n<p>Ottelu alkoi tasaisesti, mutta GrIFK:lle tuli vahva vaihe ensimm\u00e4isen puoliajan keskivaiheeseen, kun se piti KyIF:n maaleitta l\u00e4hes 10 minuuttia ja sin\u00e4 aikana GrIFK karkasi kuuden maalin johtoon. Ensimm\u00e4isen puoliajan viimeisen reilun 17 minuutin aikana KyIF onnistui vain kahdesti maalinteossa ja GrIFK p\u00e4\u00e4si yhdeks\u00e4n maalin etumatkalta toiselle puoliajalle.<\/p>\n<p>GrIFK jatkoi toisella puoliajalla vahvasti kasvattaen eroa tasaisesti ja lukiten puolustuksellaan KyIF:n. Ottelun loppua kohti KyIF sai onnistumisia, mutta siin\u00e4 vaiheessa GrIFK oli jo karannut ja ottelu ratkennut.<\/p>\n<p>GrIFK:n p\u00e4\u00e4valmentaja Gustaf Ahlroos kiitteli syyst\u00e4kin omiensa puolustuspelaamista.<\/p>\n<p>&#8211; Puolustettiin hyvin joukkueena. Tehtiin just se mit\u00e4 edellinen viikko oltiin treenattu. Saatiin hyvin karsittua KyIF:n vahvuudet pois. Toinen puoliaika pelattiin my\u00f6s hyvin, vaikka meill\u00e4 oli my\u00f6s huonoa tuuria 6 metrin heitoissa. Olen tyytyv\u00e4inen peliin ja iloinen joukkueen onnistumisesta. Ansaittu voitto meille.<\/p>\n<p>KyIF-luotsi Birgitta Lindholm my\u00f6nsi Granin paremmuuden.<\/p>\n<p>&#8211; Grani oli parempi kaikessa. Ei riit\u00e4, ett\u00e4 pelataan viimeinen 15 minuuttia k\u00e4sipalloa. Meill\u00e4 oli paljon paikkoja, mutta ei onnistuttu viimeistelem\u00e4\u00e4n.<\/p>\n<p>GrIFK:n maalivahti Cara Feodoroff jakoi kunniaa koko joukkueelle.<\/p>\n<p>&#8211; Kiva, ett\u00e4 l\u00f6ydettiin oma nopea peli. Se on ollut v\u00e4h\u00e4n kateissa. Tyt\u00f6t tsemppasivat tosi hyvin puolustuksessa. Voitettiin, koska meill\u00e4 oli hyv\u00e4 fiilis.<\/p>\n<p><strong>GrIFK-KyIF 25-15 (14-5)<\/strong><\/p>\n<p><strong>Maalintekij\u00e4t: maalit (7m maalit)<br \/>\n<\/strong>GrIFK: Corinna Jensen 5, Sara Sandelin 3 (1), Mathilda Sandblom 3, Alexandra Karsten 3, Johanna Hilli 3, Linnea Harms 3, Sandra Laitinen 2, Greta Wir\u00e9n 1, Emma Wickstr\u00f6m 1, Matilda Ohvo 1<\/p>\n<p>KyIF: Maja Sannholm 7, Ingrid Degerth 4, Sanni Latvala 2, Daniela Lindg\u00e5rd 1, Fanny Broman 1<\/p>\n<p><strong>L\u00e4hiTapiola-t\u00e4htipelaajat<br \/>\n<\/strong>Cara Feodoroff GrIFK 3<br \/>\nSuvi Erhovaara KyIF 2<br \/>\nCorinna Jensen GrIFK 1<\/p>\n<p><strong>2 min ulosajot sek\u00e4 pelist\u00e4 sulkemiset<br \/>\n<\/strong>GrIFK: Corinna Jensen 2 x 2 min, Linnea Harms 1 x 2 min, Sandra Laitinen 1 x 2 min<br \/>\nKyIF: Rebecca L\u00f6nnqvist 1 x 2 min<\/p>\n<p><em>Erotuomarit: <\/em>Jan Helander &#8211; Teemu Kaulio<\/p>\n<p>Yleis\u00f6\u00e4: 10<\/p>\n","protected":false},"excerpt":{"rendered":"<p>GrIFK vankisti asemiaan sarjan kolmosena, kun se voitti KyIF:n kotonaan 25-15 (14-5). Ottelu alkoi tasaisesti, mutta GrIFK:lle tuli vahva vaihe ensimm\u00e4isen puoliajan keskivaiheeseen, kun se piti KyIF:n maaleitta l\u00e4hes 10 minuuttia ja sin\u00e4 aikana GrIFK karkasi kuuden maalin johtoon. Ensimm\u00e4isen puoliajan viimeisen reilun 17 minuutin aikana KyIF onnistui vain kahdesti maalinteossa ja GrIFK p\u00e4\u00e4si yhdeks\u00e4n [&hellip;]<\/p>\n","protected":false},"author":13,"featured_media":21080,"comment_status":"closed","ping_status":"closed","sticky":false,"template":"","format":"standard","meta":{"_acf_changed":false,"jetpack_post_was_ever_published":false,"_jetpack_newsletter_access":"","_jetpack_dont_email_post_to_subs":false,"_jetpack_newsletter_tier_id":0,"_jetpack_memberships_contains_paywalled_content":false,"_jetpack_memberships_contains_paid_content":false,"footnotes":""},"categories":[176],"tags":[57,67],"class_list":["post-21079","post","type-post","status-publish","format-standard","has-post-thumbnail","hentry","category-ottelut-2020-2021","tag-grifk","tag-kyif"],"acf":[],"yoast_head":"<!-- This site is optimized with the Yoast SEO plugin v27.5 - https:\/\/yoast.com\/product\/yoast-seo-wordpress\/ -->\n<title>GrIFK:n puolustus piti KyIF:n aisoissa | K\u00e4sipallon naisten Aktialiiga<\/title>\n<meta name=\"robots\" content=\"index, follow, max-snippet:-1, max-image-preview:large, max-video-preview:-1\" \/>\n<link rel=\"canonical\" href=\"https:\/\/aktialiiga.fi\/naiset\/2020-2021\/ottelut-2020-2021\/grifkn-puolustus-piti-kyifn-aisoissa\/\" \/>\n<meta property=\"og:locale\" content=\"fi_FI\" \/>\n<meta property=\"og:type\" content=\"article\" \/>\n<meta property=\"og:title\" content=\"GrIFK:n puolustus piti KyIF:n aisoissa | K\u00e4sipallon naisten Aktialiiga\" \/>\n<meta property=\"og:description\" content=\"GrIFK vankisti asemiaan sarjan kolmosena, kun se voitti KyIF:n kotonaan 25-15 (14-5). Ottelu alkoi tasaisesti, mutta GrIFK:lle tuli vahva vaihe ensimm\u00e4isen puoliajan keskivaiheeseen, kun se piti KyIF:n maaleitta l\u00e4hes 10 minuuttia ja sin\u00e4 aikana GrIFK karkasi kuuden maalin johtoon. Ensimm\u00e4isen puoliajan viimeisen reilun 17 minuutin aikana KyIF onnistui vain kahdesti maalinteossa ja GrIFK p\u00e4\u00e4si yhdeks\u00e4n [&hellip;]\" \/>\n<meta property=\"og:url\" content=\"https:\/\/aktialiiga.fi\/naiset\/2020-2021\/ottelut-2020-2021\/grifkn-puolustus-piti-kyifn-aisoissa\/\" \/>\n<meta property=\"og:site_name\" content=\"K\u00e4sipallon naisten Aktialiiga\" \/>\n<meta property=\"article:publisher\" content=\"https:\/\/www.facebook.com\/finnhandball\" \/>\n<meta property=\"article:published_time\" content=\"2020-11-21T15:35:27+00:00\" \/>\n<meta property=\"article:modified_time\" content=\"2020-11-21T16:00:01+00:00\" \/>\n<meta property=\"og:image\" content=\"https:\/\/aktialiiga.fi\/naiset\/wp-content\/uploads\/sites\/6\/2020\/11\/sandholm_mathilda_grifk_20-21.jpg\" \/>\n\t<meta property=\"og:image:width\" content=\"1200\" \/>\n\t<meta property=\"og:image:height\" content=\"775\" \/>\n\t<meta property=\"og:image:type\" content=\"image\/jpeg\" \/>\n<meta name=\"author\" content=\"tbrmedia\" \/>\n<meta name=\"twitter:card\" content=\"summary_large_image\" \/>\n<meta name=\"twitter:creator\" content=\"@finnhandball\" \/>\n<meta name=\"twitter:site\" content=\"@finnhandball\" \/>\n<script type=\"application\/ld+json\" class=\"yoast-schema-graph\">{\"@context\":\"https:\\\/\\\/schema.org\",\"@graph\":[{\"@type\":\"Article\",\"@id\":\"https:\\\/\\\/aktialiiga.fi\\\/naiset\\\/2020-2021\\\/ottelut-2020-2021\\\/grifkn-puolustus-piti-kyifn-aisoissa\\\/#article\",\"isPartOf\":{\"@id\":\"https:\\\/\\\/aktialiiga.fi\\\/naiset\\\/2020-2021\\\/ottelut-2020-2021\\\/grifkn-puolustus-piti-kyifn-aisoissa\\\/\"},\"author\":{\"name\":\"tbrmedia\",\"@id\":\"https:\\\/\\\/aktialiiga.fi\\\/naiset\\\/#\\\/schema\\\/person\\\/c14bf42f47041db74603c45afcb18d87\"},\"headline\":\"GrIFK:n puolustus piti KyIF:n aisoissa\",\"datePublished\":\"2020-11-21T15:35:27+00:00\",\"dateModified\":\"2020-11-21T16:00:01+00:00\",\"mainEntityOfPage\":{\"@id\":\"https:\\\/\\\/aktialiiga.fi\\\/naiset\\\/2020-2021\\\/ottelut-2020-2021\\\/grifkn-puolustus-piti-kyifn-aisoissa\\\/\"},\"wordCount\":308,\"publisher\":{\"@id\":\"https:\\\/\\\/aktialiiga.fi\\\/naiset\\\/#organization\"},\"image\":{\"@id\":\"https:\\\/\\\/aktialiiga.fi\\\/naiset\\\/2020-2021\\\/ottelut-2020-2021\\\/grifkn-puolustus-piti-kyifn-aisoissa\\\/#primaryimage\"},\"thumbnailUrl\":\"https:\\\/\\\/aktialiiga.fi\\\/naiset\\\/wp-content\\\/uploads\\\/sites\\\/6\\\/2020\\\/11\\\/sandholm_mathilda_grifk_20-21.jpg\",\"keywords\":[\"GrIFK\",\"KyIF\"],\"articleSection\":[\"Ottelut 2020-21\"],\"inLanguage\":\"fi\"},{\"@type\":\"WebPage\",\"@id\":\"https:\\\/\\\/aktialiiga.fi\\\/naiset\\\/2020-2021\\\/ottelut-2020-2021\\\/grifkn-puolustus-piti-kyifn-aisoissa\\\/\",\"url\":\"https:\\\/\\\/aktialiiga.fi\\\/naiset\\\/2020-2021\\\/ottelut-2020-2021\\\/grifkn-puolustus-piti-kyifn-aisoissa\\\/\",\"name\":\"GrIFK:n puolustus piti KyIF:n aisoissa | K\u00e4sipallon naisten Aktialiiga\",\"isPartOf\":{\"@id\":\"https:\\\/\\\/aktialiiga.fi\\\/naiset\\\/#website\"},\"primaryImageOfPage\":{\"@id\":\"https:\\\/\\\/aktialiiga.fi\\\/naiset\\\/2020-2021\\\/ottelut-2020-2021\\\/grifkn-puolustus-piti-kyifn-aisoissa\\\/#primaryimage\"},\"image\":{\"@id\":\"https:\\\/\\\/aktialiiga.fi\\\/naiset\\\/2020-2021\\\/ottelut-2020-2021\\\/grifkn-puolustus-piti-kyifn-aisoissa\\\/#primaryimage\"},\"thumbnailUrl\":\"https:\\\/\\\/aktialiiga.fi\\\/naiset\\\/wp-content\\\/uploads\\\/sites\\\/6\\\/2020\\\/11\\\/sandholm_mathilda_grifk_20-21.jpg\",\"datePublished\":\"2020-11-21T15:35:27+00:00\",\"dateModified\":\"2020-11-21T16:00:01+00:00\",\"breadcrumb\":{\"@id\":\"https:\\\/\\\/aktialiiga.fi\\\/naiset\\\/2020-2021\\\/ottelut-2020-2021\\\/grifkn-puolustus-piti-kyifn-aisoissa\\\/#breadcrumb\"},\"inLanguage\":\"fi\",\"potentialAction\":[{\"@type\":\"ReadAction\",\"target\":[\"https:\\\/\\\/aktialiiga.fi\\\/naiset\\\/2020-2021\\\/ottelut-2020-2021\\\/grifkn-puolustus-piti-kyifn-aisoissa\\\/\"]}]},{\"@type\":\"ImageObject\",\"inLanguage\":\"fi\",\"@id\":\"https:\\\/\\\/aktialiiga.fi\\\/naiset\\\/2020-2021\\\/ottelut-2020-2021\\\/grifkn-puolustus-piti-kyifn-aisoissa\\\/#primaryimage\",\"url\":\"https:\\\/\\\/aktialiiga.fi\\\/naiset\\\/wp-content\\\/uploads\\\/sites\\\/6\\\/2020\\\/11\\\/sandholm_mathilda_grifk_20-21.jpg\",\"contentUrl\":\"https:\\\/\\\/aktialiiga.fi\\\/naiset\\\/wp-content\\\/uploads\\\/sites\\\/6\\\/2020\\\/11\\\/sandholm_mathilda_grifk_20-21.jpg\",\"width\":1200,\"height\":775,\"caption\":\"Mathilda Sandblom #14, GrIFK k\u00e4sipallon naisten SM-sarjan ottelussa Dicken - GrIFK Pirkkolan Palloiluhalli 24. lokakuuta 2020. (Kalle Parkkinen\\\/Newspix24)\"},{\"@type\":\"BreadcrumbList\",\"@id\":\"https:\\\/\\\/aktialiiga.fi\\\/naiset\\\/2020-2021\\\/ottelut-2020-2021\\\/grifkn-puolustus-piti-kyifn-aisoissa\\\/#breadcrumb\",\"itemListElement\":[{\"@type\":\"ListItem\",\"position\":1,\"name\":\"Etusivu\",\"item\":\"https:\\\/\\\/aktialiiga.fi\\\/naiset\\\/\"},{\"@type\":\"ListItem\",\"position\":2,\"name\":\"GrIFK:n puolustus piti KyIF:n aisoissa\"}]},{\"@type\":\"WebSite\",\"@id\":\"https:\\\/\\\/aktialiiga.fi\\\/naiset\\\/#website\",\"url\":\"https:\\\/\\\/aktialiiga.fi\\\/naiset\\\/\",\"name\":\"K\u00e4sipallon naisten Aktialiiga\",\"description\":\"Valtakunnan vauhdikkainta palloilua!\",\"publisher\":{\"@id\":\"https:\\\/\\\/aktialiiga.fi\\\/naiset\\\/#organization\"},\"potentialAction\":[{\"@type\":\"SearchAction\",\"target\":{\"@type\":\"EntryPoint\",\"urlTemplate\":\"https:\\\/\\\/aktialiiga.fi\\\/naiset\\\/?s={search_term_string}\"},\"query-input\":{\"@type\":\"PropertyValueSpecification\",\"valueRequired\":true,\"valueName\":\"search_term_string\"}}],\"inLanguage\":\"fi\"},{\"@type\":\"Organization\",\"@id\":\"https:\\\/\\\/aktialiiga.fi\\\/naiset\\\/#organization\",\"name\":\"K\u00e4sipallon naisten Aktialiiga\",\"url\":\"https:\\\/\\\/aktialiiga.fi\\\/naiset\\\/\",\"logo\":{\"@type\":\"ImageObject\",\"inLanguage\":\"fi\",\"@id\":\"https:\\\/\\\/aktialiiga.fi\\\/naiset\\\/#\\\/schema\\\/logo\\\/image\\\/\",\"url\":\"https:\\\/\\\/aktialiiga.fi\\\/naiset\\\/wp-content\\\/uploads\\\/sites\\\/6\\\/2024\\\/09\\\/Aktialiiga-Yoast-512.png\",\"contentUrl\":\"https:\\\/\\\/aktialiiga.fi\\\/naiset\\\/wp-content\\\/uploads\\\/sites\\\/6\\\/2024\\\/09\\\/Aktialiiga-Yoast-512.png\",\"width\":512,\"height\":512,\"caption\":\"K\u00e4sipallon naisten Aktialiiga\"},\"image\":{\"@id\":\"https:\\\/\\\/aktialiiga.fi\\\/naiset\\\/#\\\/schema\\\/logo\\\/image\\\/\"},\"sameAs\":[\"https:\\\/\\\/www.facebook.com\\\/finnhandball\",\"https:\\\/\\\/x.com\\\/finnhandball\",\"https:\\\/\\\/www.instagram.com\\\/handballfinland\\\/\"]},{\"@type\":\"Person\",\"@id\":\"https:\\\/\\\/aktialiiga.fi\\\/naiset\\\/#\\\/schema\\\/person\\\/c14bf42f47041db74603c45afcb18d87\",\"name\":\"tbrmedia\",\"image\":{\"@type\":\"ImageObject\",\"inLanguage\":\"fi\",\"@id\":\"https:\\\/\\\/secure.gravatar.com\\\/avatar\\\/ee975fa091fe581d12b60debb3439022686618368a7c142044c56724d4666b16?s=96&d=mm&r=g\",\"url\":\"https:\\\/\\\/secure.gravatar.com\\\/avatar\\\/ee975fa091fe581d12b60debb3439022686618368a7c142044c56724d4666b16?s=96&d=mm&r=g\",\"contentUrl\":\"https:\\\/\\\/secure.gravatar.com\\\/avatar\\\/ee975fa091fe581d12b60debb3439022686618368a7c142044c56724d4666b16?s=96&d=mm&r=g\",\"caption\":\"tbrmedia\"}}]}<\/script>\n<!-- \/ Yoast SEO plugin. -->","yoast_head_json":{"title":"GrIFK:n puolustus piti KyIF:n aisoissa | K\u00e4sipallon naisten Aktialiiga","robots":{"index":"index","follow":"follow","max-snippet":"max-snippet:-1","max-image-preview":"max-image-preview:large","max-video-preview":"max-video-preview:-1"},"canonical":"https:\/\/aktialiiga.fi\/naiset\/2020-2021\/ottelut-2020-2021\/grifkn-puolustus-piti-kyifn-aisoissa\/","og_locale":"fi_FI","og_type":"article","og_title":"GrIFK:n puolustus piti KyIF:n aisoissa | K\u00e4sipallon naisten Aktialiiga","og_description":"GrIFK vankisti asemiaan sarjan kolmosena, kun se voitti KyIF:n kotonaan 25-15 (14-5). Ottelu alkoi tasaisesti, mutta GrIFK:lle tuli vahva vaihe ensimm\u00e4isen puoliajan keskivaiheeseen, kun se piti KyIF:n maaleitta l\u00e4hes 10 minuuttia ja sin\u00e4 aikana GrIFK karkasi kuuden maalin johtoon. Ensimm\u00e4isen puoliajan viimeisen reilun 17 minuutin aikana KyIF onnistui vain kahdesti maalinteossa ja GrIFK p\u00e4\u00e4si yhdeks\u00e4n [&hellip;]","og_url":"https:\/\/aktialiiga.fi\/naiset\/2020-2021\/ottelut-2020-2021\/grifkn-puolustus-piti-kyifn-aisoissa\/","og_site_name":"K\u00e4sipallon naisten Aktialiiga","article_publisher":"https:\/\/www.facebook.com\/finnhandball","article_published_time":"2020-11-21T15:35:27+00:00","article_modified_time":"2020-11-21T16:00:01+00:00","og_image":[{"width":1200,"height":775,"url":"https:\/\/aktialiiga.fi\/naiset\/wp-content\/uploads\/sites\/6\/2020\/11\/sandholm_mathilda_grifk_20-21.jpg","type":"image\/jpeg"}],"author":"tbrmedia","twitter_card":"summary_large_image","twitter_creator":"@finnhandball","twitter_site":"@finnhandball","schema":{"@context":"https:\/\/schema.org","@graph":[{"@type":"Article","@id":"https:\/\/aktialiiga.fi\/naiset\/2020-2021\/ottelut-2020-2021\/grifkn-puolustus-piti-kyifn-aisoissa\/#article","isPartOf":{"@id":"https:\/\/aktialiiga.fi\/naiset\/2020-2021\/ottelut-2020-2021\/grifkn-puolustus-piti-kyifn-aisoissa\/"},"author":{"name":"tbrmedia","@id":"https:\/\/aktialiiga.fi\/naiset\/#\/schema\/person\/c14bf42f47041db74603c45afcb18d87"},"headline":"GrIFK:n puolustus piti KyIF:n aisoissa","datePublished":"2020-11-21T15:35:27+00:00","dateModified":"2020-11-21T16:00:01+00:00","mainEntityOfPage":{"@id":"https:\/\/aktialiiga.fi\/naiset\/2020-2021\/ottelut-2020-2021\/grifkn-puolustus-piti-kyifn-aisoissa\/"},"wordCount":308,"publisher":{"@id":"https:\/\/aktialiiga.fi\/naiset\/#organization"},"image":{"@id":"https:\/\/aktialiiga.fi\/naiset\/2020-2021\/ottelut-2020-2021\/grifkn-puolustus-piti-kyifn-aisoissa\/#primaryimage"},"thumbnailUrl":"https:\/\/aktialiiga.fi\/naiset\/wp-content\/uploads\/sites\/6\/2020\/11\/sandholm_mathilda_grifk_20-21.jpg","keywords":["GrIFK","KyIF"],"articleSection":["Ottelut 2020-21"],"inLanguage":"fi"},{"@type":"WebPage","@id":"https:\/\/aktialiiga.fi\/naiset\/2020-2021\/ottelut-2020-2021\/grifkn-puolustus-piti-kyifn-aisoissa\/","url":"https:\/\/aktialiiga.fi\/naiset\/2020-2021\/ottelut-2020-2021\/grifkn-puolustus-piti-kyifn-aisoissa\/","name":"GrIFK:n puolustus piti KyIF:n aisoissa | K\u00e4sipallon naisten Aktialiiga","isPartOf":{"@id":"https:\/\/aktialiiga.fi\/naiset\/#website"},"primaryImageOfPage":{"@id":"https:\/\/aktialiiga.fi\/naiset\/2020-2021\/ottelut-2020-2021\/grifkn-puolustus-piti-kyifn-aisoissa\/#primaryimage"},"image":{"@id":"https:\/\/aktialiiga.fi\/naiset\/2020-2021\/ottelut-2020-2021\/grifkn-puolustus-piti-kyifn-aisoissa\/#primaryimage"},"thumbnailUrl":"https:\/\/aktialiiga.fi\/naiset\/wp-content\/uploads\/sites\/6\/2020\/11\/sandholm_mathilda_grifk_20-21.jpg","datePublished":"2020-11-21T15:35:27+00:00","dateModified":"2020-11-21T16:00:01+00:00","breadcrumb":{"@id":"https:\/\/aktialiiga.fi\/naiset\/2020-2021\/ottelut-2020-2021\/grifkn-puolustus-piti-kyifn-aisoissa\/#breadcrumb"},"inLanguage":"fi","potentialAction":[{"@type":"ReadAction","target":["https:\/\/aktialiiga.fi\/naiset\/2020-2021\/ottelut-2020-2021\/grifkn-puolustus-piti-kyifn-aisoissa\/"]}]},{"@type":"ImageObject","inLanguage":"fi","@id":"https:\/\/aktialiiga.fi\/naiset\/2020-2021\/ottelut-2020-2021\/grifkn-puolustus-piti-kyifn-aisoissa\/#primaryimage","url":"https:\/\/aktialiiga.fi\/naiset\/wp-content\/uploads\/sites\/6\/2020\/11\/sandholm_mathilda_grifk_20-21.jpg","contentUrl":"https:\/\/aktialiiga.fi\/naiset\/wp-content\/uploads\/sites\/6\/2020\/11\/sandholm_mathilda_grifk_20-21.jpg","width":1200,"height":775,"caption":"Mathilda Sandblom #14, GrIFK k\u00e4sipallon naisten SM-sarjan ottelussa Dicken - GrIFK Pirkkolan Palloiluhalli 24. lokakuuta 2020. (Kalle Parkkinen\/Newspix24)"},{"@type":"BreadcrumbList","@id":"https:\/\/aktialiiga.fi\/naiset\/2020-2021\/ottelut-2020-2021\/grifkn-puolustus-piti-kyifn-aisoissa\/#breadcrumb","itemListElement":[{"@type":"ListItem","position":1,"name":"Etusivu","item":"https:\/\/aktialiiga.fi\/naiset\/"},{"@type":"ListItem","position":2,"name":"GrIFK:n puolustus piti KyIF:n aisoissa"}]},{"@type":"WebSite","@id":"https:\/\/aktialiiga.fi\/naiset\/#website","url":"https:\/\/aktialiiga.fi\/naiset\/","name":"K\u00e4sipallon naisten Aktialiiga","description":"Valtakunnan vauhdikkainta palloilua!","publisher":{"@id":"https:\/\/aktialiiga.fi\/naiset\/#organization"},"potentialAction":[{"@type":"SearchAction","target":{"@type":"EntryPoint","urlTemplate":"https:\/\/aktialiiga.fi\/naiset\/?s={search_term_string}"},"query-input":{"@type":"PropertyValueSpecification","valueRequired":true,"valueName":"search_term_string"}}],"inLanguage":"fi"},{"@type":"Organization","@id":"https:\/\/aktialiiga.fi\/naiset\/#organization","name":"K\u00e4sipallon naisten Aktialiiga","url":"https:\/\/aktialiiga.fi\/naiset\/","logo":{"@type":"ImageObject","inLanguage":"fi","@id":"https:\/\/aktialiiga.fi\/naiset\/#\/schema\/logo\/image\/","url":"https:\/\/aktialiiga.fi\/naiset\/wp-content\/uploads\/sites\/6\/2024\/09\/Aktialiiga-Yoast-512.png","contentUrl":"https:\/\/aktialiiga.fi\/naiset\/wp-content\/uploads\/sites\/6\/2024\/09\/Aktialiiga-Yoast-512.png","width":512,"height":512,"caption":"K\u00e4sipallon naisten Aktialiiga"},"image":{"@id":"https:\/\/aktialiiga.fi\/naiset\/#\/schema\/logo\/image\/"},"sameAs":["https:\/\/www.facebook.com\/finnhandball","https:\/\/x.com\/finnhandball","https:\/\/www.instagram.com\/handballfinland\/"]},{"@type":"Person","@id":"https:\/\/aktialiiga.fi\/naiset\/#\/schema\/person\/c14bf42f47041db74603c45afcb18d87","name":"tbrmedia","image":{"@type":"ImageObject","inLanguage":"fi","@id":"https:\/\/secure.gravatar.com\/avatar\/ee975fa091fe581d12b60debb3439022686618368a7c142044c56724d4666b16?s=96&d=mm&r=g","url":"https:\/\/secure.gravatar.com\/avatar\/ee975fa091fe581d12b60debb3439022686618368a7c142044c56724d4666b16?s=96&d=mm&r=g","contentUrl":"https:\/\/secure.gravatar.com\/avatar\/ee975fa091fe581d12b60debb3439022686618368a7c142044c56724d4666b16?s=96&d=mm&r=g","caption":"tbrmedia"}}]}},"jetpack_featured_media_url":"https:\/\/aktialiiga.fi\/naiset\/wp-content\/uploads\/sites\/6\/2020\/11\/sandholm_mathilda_grifk_20-21.jpg","jetpack_sharing_enabled":true,"jetpack_shortlink":"https:\/\/wp.me\/pfYhm6-5tZ","_links":{"self":[{"href":"https:\/\/aktialiiga.fi\/naiset\/wp-json\/wp\/v2\/posts\/21079","targetHints":{"allow":["GET"]}}],"collection":[{"href":"https:\/\/aktialiiga.fi\/naiset\/wp-json\/wp\/v2\/posts"}],"about":[{"href":"https:\/\/aktialiiga.fi\/naiset\/wp-json\/wp\/v2\/types\/post"}],"author":[{"embeddable":true,"href":"https:\/\/aktialiiga.fi\/naiset\/wp-json\/wp\/v2\/users\/13"}],"replies":[{"embeddable":true,"href":"https:\/\/aktialiiga.fi\/naiset\/wp-json\/wp\/v2\/comments?post=21079"}],"version-history":[{"count":0,"href":"https:\/\/aktialiiga.fi\/naiset\/wp-json\/wp\/v2\/posts\/21079\/revisions"}],"wp:featuredmedia":[{"embeddable":true,"href":"https:\/\/aktialiiga.fi\/naiset\/wp-json\/wp\/v2\/media\/21080"}],"wp:attachment":[{"href":"https:\/\/aktialiiga.fi\/naiset\/wp-json\/wp\/v2\/media?parent=21079"}],"wp:term":[{"taxonomy":"category","embeddable":true,"href":"https:\/\/aktialiiga.fi\/naiset\/wp-json\/wp\/v2\/categories?post=21079"},{"taxonomy":"post_tag","embeddable":true,"href":"https:\/\/aktialiiga.fi\/naiset\/wp-json\/wp\/v2\/tags?post=21079"}],"curies":[{"name":"wp","href":"https:\/\/api.w.org\/{rel}","templated":true}]}}