{"id":21083,"date":"2020-11-21T17:42:43","date_gmt":"2020-11-21T15:42:43","guid":{"rendered":"https:\/\/aktialiiga.fi\/naiset\/?p=21083"},"modified":"2020-11-21T18:06:13","modified_gmt":"2020-11-21T16:06:13","slug":"dicken-voitti-maalijuhlissa-sifn","status":"publish","type":"post","link":"https:\/\/aktialiiga.fi\/naiset\/2020-2021\/ottelut-2020-2021\/dicken-voitti-maalijuhlissa-sifn\/","title":{"rendered":"Dicken voitti maalijuhlissa SIF:n"},"content":{"rendered":"<p>Dicken ja SIF pelasivat maalirikkaan ottelun, jossa n\u00e4htiin yhteens\u00e4 60 maalia. Dicken veti ottelussa pidemm\u00e4n korren vieden pelin nimiins\u00e4 selv\u00e4sti 36-24 (20-9).<\/p>\n<p>Dicken tuli otteluun myrskyn lailla pist\u00e4en SIF:n heti selk\u00e4 sein\u00e4\u00e4 vasten. Ensimm\u00e4isen kuuden minuutin j\u00e4lkeen peli oli kotijoukkueelle 6-1 ja Dicken kasvatti tasaisesti johtoaan, vaikka SIF alkoi my\u00f6s l\u00f6yt\u00e4\u00e4 jyv\u00e4\u00e4. Ero ensimm\u00e4isen puoliajan j\u00e4lkeen oli jo ratkaisevan tuntuinen 11 maalia.<\/p>\n<p>Dicken iski Malena Heikkisen onnistumisilla lopulliset naulat arkkuun heti toisen puoliajan alussa. SIF p\u00e4\u00e4si lopussa paremmin peliin mukaan, mutta ottelu oli jo ratkennut.<\/p>\n<p>Ken Sirenius oli etenkin Dickenin ensimm\u00e4isen puoliajan esitykseen tyytyv\u00e4inen, mutta l\u00f6ysi my\u00f6s pelist\u00e4 parannettavaa.<\/p>\n<p>&#8211; Eritt\u00e4in iloinen ensimm\u00e4isest\u00e4 puoliajasta. N\u00e4ytettiin varmaan meid\u00e4n parasta puolustusta ja kontrapeli\u00e4 ja pidettiin koko puoliaika peli kasassa. Toki harmittaa v\u00e4h\u00e4n, ett\u00e4 emme pysty pit\u00e4m\u00e4\u00e4n samaa intensiteetti\u00e4 koko ottelun ajan, koska meill\u00e4 on niin laaja materiaali. Meid\u00e4n pit\u00e4\u00e4 pysty\u00e4 pit\u00e4m\u00e4\u00e4n ottelu kasassa ihan sama mitk\u00e4 lukemat on taululla. T\u00e4st\u00e4 on hyv\u00e4 jatkaa.<\/p>\n<p>Heikkinen oli p\u00e4\u00e4valmentajan kanssa samoilla linjoilla.<\/p>\n<p>&#8211; Ensimm\u00e4inen er\u00e4 oli meilt\u00e4 tosi hyv\u00e4. Toiseen er\u00e4\u00e4n ei ehk\u00e4 tultu en\u00e4\u00e4 yht\u00e4 hyvin. P\u00e4\u00e4stiin kuitenkin tekem\u00e4\u00e4n paljon maaleja ja t\u00e4st\u00e4 on hyv\u00e4 jatkaa.<\/p>\n<p>SIF:n valmentaja Stella Brunacrona harmitteli puolestaan ensimm\u00e4isen puoliajan pelaamista.<\/p>\n<p>&#8211; Ensimm\u00e4inen puoliaika oli todella tahmea, meid\u00e4n hy\u00f6kk\u00e4ys ei ollut hyv\u00e4\u00e4 ja menetimme paljon palloja vastustajalle. Toinen puoliaika oli parempi, ja jos muistan oikein, niin he tekiv\u00e4t vain yhden maalin enemm\u00e4n kuin me.<\/p>\n<p><strong>Dicken-SIF 36-24 (20-9)<\/strong><\/p>\n<p><strong>Maalintekij\u00e4t: maalit (7m maalit)<br \/>\n<\/strong>Dicken: Malena Heikkinen 8, Anna Westerlund 4 (1), Linn Wentzel 4, Anna Lindholm 4, Anna Lindahl 4 (1), Emilia Valkamo 3, Matilda Peitsaro 3, Janica Sj\u00f6str\u00f6m 2, Catarina Nyberg 1, Olivia Neumayer 1, Emilia Kohonen 1, Jessika Gammals 1<\/p>\n<p>SIF: Madeleine Lindholm 8, Sirja Lassinharju-Heinonen 4 (1), Saara Lehtola 3, Erica Gustafsson 3, Nea Puijola 2, Natalie J\u00fcrgens 2, Nora Wunsch 1, Matilda Sj\u00f6stedt 1<\/p>\n<p><strong>L\u00e4hiTapiola-t\u00e4htipelaajat<br \/>\n<\/strong>Malena Heikkinen Dicken 3<br \/>\nLinn Wentzel Dicken 2<br \/>\nMadeleine Lindholm SIF 1<\/p>\n<p><strong>2 min ulosajot sek\u00e4 pelist\u00e4 sulkemiset<br \/>\n<\/strong>Dicken: Anna Westerlund 1 x 2 min, Emilia Valkamo 1 x 2 min, Malena Heikkinen 1 x 2 min, Matilda Peitsaro 1 x 2 min<br \/>\nSIF: Hagman Jan 1 x 2 min, suora punainen kortti, Sirja Lassinharju-Heinonen 1 x 2 min<\/p>\n<p><em>Erotuomarit:<\/em> Mikael Voionmaa &#8211; Jyri Bj\u00f6rkman<\/p>\n<p>Yleis\u00f6\u00e4: 45<\/p>\n","protected":false},"excerpt":{"rendered":"<p>Dicken ja SIF pelasivat maalirikkaan ottelun, jossa n\u00e4htiin yhteens\u00e4 60 maalia. Dicken veti ottelussa pidemm\u00e4n korren vieden pelin nimiins\u00e4 selv\u00e4sti 36-24 (20-9). Dicken tuli otteluun myrskyn lailla pist\u00e4en SIF:n heti selk\u00e4 sein\u00e4\u00e4 vasten. Ensimm\u00e4isen kuuden minuutin j\u00e4lkeen peli oli kotijoukkueelle 6-1 ja Dicken kasvatti tasaisesti johtoaan, vaikka SIF alkoi my\u00f6s l\u00f6yt\u00e4\u00e4 jyv\u00e4\u00e4. Ero ensimm\u00e4isen puoliajan [&hellip;]<\/p>\n","protected":false},"author":13,"featured_media":21084,"comment_status":"closed","ping_status":"closed","sticky":false,"template":"","format":"standard","meta":{"_acf_changed":false,"jetpack_post_was_ever_published":false,"_jetpack_newsletter_access":"","_jetpack_dont_email_post_to_subs":false,"_jetpack_newsletter_tier_id":0,"_jetpack_memberships_contains_paywalled_content":false,"_jetpack_memberships_contains_paid_content":false,"footnotes":""},"categories":[176],"tags":[51,81],"class_list":["post-21083","post","type-post","status-publish","format-standard","has-post-thumbnail","hentry","category-ottelut-2020-2021","tag-dicken","tag-sif"],"acf":[],"yoast_head":"<!-- This site is optimized with the Yoast SEO plugin v27.5 - https:\/\/yoast.com\/product\/yoast-seo-wordpress\/ -->\n<title>Dicken voitti maalijuhlissa SIF:n | K\u00e4sipallon naisten Aktialiiga<\/title>\n<meta name=\"robots\" content=\"index, follow, max-snippet:-1, max-image-preview:large, max-video-preview:-1\" \/>\n<link rel=\"canonical\" href=\"https:\/\/aktialiiga.fi\/naiset\/2020-2021\/ottelut-2020-2021\/dicken-voitti-maalijuhlissa-sifn\/\" \/>\n<meta property=\"og:locale\" content=\"fi_FI\" \/>\n<meta property=\"og:type\" content=\"article\" \/>\n<meta property=\"og:title\" content=\"Dicken voitti maalijuhlissa SIF:n | K\u00e4sipallon naisten Aktialiiga\" \/>\n<meta property=\"og:description\" content=\"Dicken ja SIF pelasivat maalirikkaan ottelun, jossa n\u00e4htiin yhteens\u00e4 60 maalia. Dicken veti ottelussa pidemm\u00e4n korren vieden pelin nimiins\u00e4 selv\u00e4sti 36-24 (20-9). Dicken tuli otteluun myrskyn lailla pist\u00e4en SIF:n heti selk\u00e4 sein\u00e4\u00e4 vasten. Ensimm\u00e4isen kuuden minuutin j\u00e4lkeen peli oli kotijoukkueelle 6-1 ja Dicken kasvatti tasaisesti johtoaan, vaikka SIF alkoi my\u00f6s l\u00f6yt\u00e4\u00e4 jyv\u00e4\u00e4. Ero ensimm\u00e4isen puoliajan [&hellip;]\" \/>\n<meta property=\"og:url\" content=\"https:\/\/aktialiiga.fi\/naiset\/2020-2021\/ottelut-2020-2021\/dicken-voitti-maalijuhlissa-sifn\/\" \/>\n<meta property=\"og:site_name\" content=\"K\u00e4sipallon naisten Aktialiiga\" \/>\n<meta property=\"article:publisher\" content=\"https:\/\/www.facebook.com\/finnhandball\" \/>\n<meta property=\"article:published_time\" content=\"2020-11-21T15:42:43+00:00\" \/>\n<meta property=\"article:modified_time\" content=\"2020-11-21T16:06:13+00:00\" \/>\n<meta property=\"og:image\" content=\"https:\/\/aktialiiga.fi\/naiset\/wp-content\/uploads\/sites\/6\/2020\/11\/heikkinen_malena_dicken_20-21.jpg\" \/>\n\t<meta property=\"og:image:width\" content=\"1200\" \/>\n\t<meta property=\"og:image:height\" content=\"816\" \/>\n\t<meta property=\"og:image:type\" content=\"image\/jpeg\" \/>\n<meta name=\"author\" content=\"tbrmedia\" \/>\n<meta name=\"twitter:card\" content=\"summary_large_image\" \/>\n<meta name=\"twitter:creator\" content=\"@finnhandball\" \/>\n<meta name=\"twitter:site\" content=\"@finnhandball\" \/>\n<script type=\"application\/ld+json\" class=\"yoast-schema-graph\">{\"@context\":\"https:\\\/\\\/schema.org\",\"@graph\":[{\"@type\":\"Article\",\"@id\":\"https:\\\/\\\/aktialiiga.fi\\\/naiset\\\/2020-2021\\\/ottelut-2020-2021\\\/dicken-voitti-maalijuhlissa-sifn\\\/#article\",\"isPartOf\":{\"@id\":\"https:\\\/\\\/aktialiiga.fi\\\/naiset\\\/2020-2021\\\/ottelut-2020-2021\\\/dicken-voitti-maalijuhlissa-sifn\\\/\"},\"author\":{\"name\":\"tbrmedia\",\"@id\":\"https:\\\/\\\/aktialiiga.fi\\\/naiset\\\/#\\\/schema\\\/person\\\/c14bf42f47041db74603c45afcb18d87\"},\"headline\":\"Dicken voitti maalijuhlissa SIF:n\",\"datePublished\":\"2020-11-21T15:42:43+00:00\",\"dateModified\":\"2020-11-21T16:06:13+00:00\",\"mainEntityOfPage\":{\"@id\":\"https:\\\/\\\/aktialiiga.fi\\\/naiset\\\/2020-2021\\\/ottelut-2020-2021\\\/dicken-voitti-maalijuhlissa-sifn\\\/\"},\"wordCount\":377,\"publisher\":{\"@id\":\"https:\\\/\\\/aktialiiga.fi\\\/naiset\\\/#organization\"},\"image\":{\"@id\":\"https:\\\/\\\/aktialiiga.fi\\\/naiset\\\/2020-2021\\\/ottelut-2020-2021\\\/dicken-voitti-maalijuhlissa-sifn\\\/#primaryimage\"},\"thumbnailUrl\":\"https:\\\/\\\/aktialiiga.fi\\\/naiset\\\/wp-content\\\/uploads\\\/sites\\\/6\\\/2020\\\/11\\\/heikkinen_malena_dicken_20-21.jpg\",\"keywords\":[\"Dicken\",\"SIF\"],\"articleSection\":[\"Ottelut 2020-21\"],\"inLanguage\":\"fi\"},{\"@type\":\"WebPage\",\"@id\":\"https:\\\/\\\/aktialiiga.fi\\\/naiset\\\/2020-2021\\\/ottelut-2020-2021\\\/dicken-voitti-maalijuhlissa-sifn\\\/\",\"url\":\"https:\\\/\\\/aktialiiga.fi\\\/naiset\\\/2020-2021\\\/ottelut-2020-2021\\\/dicken-voitti-maalijuhlissa-sifn\\\/\",\"name\":\"Dicken voitti maalijuhlissa SIF:n | K\u00e4sipallon naisten Aktialiiga\",\"isPartOf\":{\"@id\":\"https:\\\/\\\/aktialiiga.fi\\\/naiset\\\/#website\"},\"primaryImageOfPage\":{\"@id\":\"https:\\\/\\\/aktialiiga.fi\\\/naiset\\\/2020-2021\\\/ottelut-2020-2021\\\/dicken-voitti-maalijuhlissa-sifn\\\/#primaryimage\"},\"image\":{\"@id\":\"https:\\\/\\\/aktialiiga.fi\\\/naiset\\\/2020-2021\\\/ottelut-2020-2021\\\/dicken-voitti-maalijuhlissa-sifn\\\/#primaryimage\"},\"thumbnailUrl\":\"https:\\\/\\\/aktialiiga.fi\\\/naiset\\\/wp-content\\\/uploads\\\/sites\\\/6\\\/2020\\\/11\\\/heikkinen_malena_dicken_20-21.jpg\",\"datePublished\":\"2020-11-21T15:42:43+00:00\",\"dateModified\":\"2020-11-21T16:06:13+00:00\",\"breadcrumb\":{\"@id\":\"https:\\\/\\\/aktialiiga.fi\\\/naiset\\\/2020-2021\\\/ottelut-2020-2021\\\/dicken-voitti-maalijuhlissa-sifn\\\/#breadcrumb\"},\"inLanguage\":\"fi\",\"potentialAction\":[{\"@type\":\"ReadAction\",\"target\":[\"https:\\\/\\\/aktialiiga.fi\\\/naiset\\\/2020-2021\\\/ottelut-2020-2021\\\/dicken-voitti-maalijuhlissa-sifn\\\/\"]}]},{\"@type\":\"ImageObject\",\"inLanguage\":\"fi\",\"@id\":\"https:\\\/\\\/aktialiiga.fi\\\/naiset\\\/2020-2021\\\/ottelut-2020-2021\\\/dicken-voitti-maalijuhlissa-sifn\\\/#primaryimage\",\"url\":\"https:\\\/\\\/aktialiiga.fi\\\/naiset\\\/wp-content\\\/uploads\\\/sites\\\/6\\\/2020\\\/11\\\/heikkinen_malena_dicken_20-21.jpg\",\"contentUrl\":\"https:\\\/\\\/aktialiiga.fi\\\/naiset\\\/wp-content\\\/uploads\\\/sites\\\/6\\\/2020\\\/11\\\/heikkinen_malena_dicken_20-21.jpg\",\"width\":1200,\"height\":816,\"caption\":\"Malena Heikkinen #8, Dicken k\u00e4sipallon naisten SM-sarjan ottelussa Dicken - GrIFK Pirkkolan Palloiluhalli 24. lokakuuta 2020. (Kalle Parkkinen\\\/Newspix24)\"},{\"@type\":\"BreadcrumbList\",\"@id\":\"https:\\\/\\\/aktialiiga.fi\\\/naiset\\\/2020-2021\\\/ottelut-2020-2021\\\/dicken-voitti-maalijuhlissa-sifn\\\/#breadcrumb\",\"itemListElement\":[{\"@type\":\"ListItem\",\"position\":1,\"name\":\"Etusivu\",\"item\":\"https:\\\/\\\/aktialiiga.fi\\\/naiset\\\/\"},{\"@type\":\"ListItem\",\"position\":2,\"name\":\"Dicken voitti maalijuhlissa SIF:n\"}]},{\"@type\":\"WebSite\",\"@id\":\"https:\\\/\\\/aktialiiga.fi\\\/naiset\\\/#website\",\"url\":\"https:\\\/\\\/aktialiiga.fi\\\/naiset\\\/\",\"name\":\"K\u00e4sipallon naisten Aktialiiga\",\"description\":\"Valtakunnan vauhdikkainta palloilua!\",\"publisher\":{\"@id\":\"https:\\\/\\\/aktialiiga.fi\\\/naiset\\\/#organization\"},\"potentialAction\":[{\"@type\":\"SearchAction\",\"target\":{\"@type\":\"EntryPoint\",\"urlTemplate\":\"https:\\\/\\\/aktialiiga.fi\\\/naiset\\\/?s={search_term_string}\"},\"query-input\":{\"@type\":\"PropertyValueSpecification\",\"valueRequired\":true,\"valueName\":\"search_term_string\"}}],\"inLanguage\":\"fi\"},{\"@type\":\"Organization\",\"@id\":\"https:\\\/\\\/aktialiiga.fi\\\/naiset\\\/#organization\",\"name\":\"K\u00e4sipallon naisten Aktialiiga\",\"url\":\"https:\\\/\\\/aktialiiga.fi\\\/naiset\\\/\",\"logo\":{\"@type\":\"ImageObject\",\"inLanguage\":\"fi\",\"@id\":\"https:\\\/\\\/aktialiiga.fi\\\/naiset\\\/#\\\/schema\\\/logo\\\/image\\\/\",\"url\":\"https:\\\/\\\/aktialiiga.fi\\\/naiset\\\/wp-content\\\/uploads\\\/sites\\\/6\\\/2024\\\/09\\\/Aktialiiga-Yoast-512.png\",\"contentUrl\":\"https:\\\/\\\/aktialiiga.fi\\\/naiset\\\/wp-content\\\/uploads\\\/sites\\\/6\\\/2024\\\/09\\\/Aktialiiga-Yoast-512.png\",\"width\":512,\"height\":512,\"caption\":\"K\u00e4sipallon naisten Aktialiiga\"},\"image\":{\"@id\":\"https:\\\/\\\/aktialiiga.fi\\\/naiset\\\/#\\\/schema\\\/logo\\\/image\\\/\"},\"sameAs\":[\"https:\\\/\\\/www.facebook.com\\\/finnhandball\",\"https:\\\/\\\/x.com\\\/finnhandball\",\"https:\\\/\\\/www.instagram.com\\\/handballfinland\\\/\"]},{\"@type\":\"Person\",\"@id\":\"https:\\\/\\\/aktialiiga.fi\\\/naiset\\\/#\\\/schema\\\/person\\\/c14bf42f47041db74603c45afcb18d87\",\"name\":\"tbrmedia\",\"image\":{\"@type\":\"ImageObject\",\"inLanguage\":\"fi\",\"@id\":\"https:\\\/\\\/secure.gravatar.com\\\/avatar\\\/ee975fa091fe581d12b60debb3439022686618368a7c142044c56724d4666b16?s=96&d=mm&r=g\",\"url\":\"https:\\\/\\\/secure.gravatar.com\\\/avatar\\\/ee975fa091fe581d12b60debb3439022686618368a7c142044c56724d4666b16?s=96&d=mm&r=g\",\"contentUrl\":\"https:\\\/\\\/secure.gravatar.com\\\/avatar\\\/ee975fa091fe581d12b60debb3439022686618368a7c142044c56724d4666b16?s=96&d=mm&r=g\",\"caption\":\"tbrmedia\"}}]}<\/script>\n<!-- \/ Yoast SEO plugin. -->","yoast_head_json":{"title":"Dicken voitti maalijuhlissa SIF:n | K\u00e4sipallon naisten Aktialiiga","robots":{"index":"index","follow":"follow","max-snippet":"max-snippet:-1","max-image-preview":"max-image-preview:large","max-video-preview":"max-video-preview:-1"},"canonical":"https:\/\/aktialiiga.fi\/naiset\/2020-2021\/ottelut-2020-2021\/dicken-voitti-maalijuhlissa-sifn\/","og_locale":"fi_FI","og_type":"article","og_title":"Dicken voitti maalijuhlissa SIF:n | K\u00e4sipallon naisten Aktialiiga","og_description":"Dicken ja SIF pelasivat maalirikkaan ottelun, jossa n\u00e4htiin yhteens\u00e4 60 maalia. Dicken veti ottelussa pidemm\u00e4n korren vieden pelin nimiins\u00e4 selv\u00e4sti 36-24 (20-9). Dicken tuli otteluun myrskyn lailla pist\u00e4en SIF:n heti selk\u00e4 sein\u00e4\u00e4 vasten. Ensimm\u00e4isen kuuden minuutin j\u00e4lkeen peli oli kotijoukkueelle 6-1 ja Dicken kasvatti tasaisesti johtoaan, vaikka SIF alkoi my\u00f6s l\u00f6yt\u00e4\u00e4 jyv\u00e4\u00e4. Ero ensimm\u00e4isen puoliajan [&hellip;]","og_url":"https:\/\/aktialiiga.fi\/naiset\/2020-2021\/ottelut-2020-2021\/dicken-voitti-maalijuhlissa-sifn\/","og_site_name":"K\u00e4sipallon naisten Aktialiiga","article_publisher":"https:\/\/www.facebook.com\/finnhandball","article_published_time":"2020-11-21T15:42:43+00:00","article_modified_time":"2020-11-21T16:06:13+00:00","og_image":[{"width":1200,"height":816,"url":"https:\/\/aktialiiga.fi\/naiset\/wp-content\/uploads\/sites\/6\/2020\/11\/heikkinen_malena_dicken_20-21.jpg","type":"image\/jpeg"}],"author":"tbrmedia","twitter_card":"summary_large_image","twitter_creator":"@finnhandball","twitter_site":"@finnhandball","schema":{"@context":"https:\/\/schema.org","@graph":[{"@type":"Article","@id":"https:\/\/aktialiiga.fi\/naiset\/2020-2021\/ottelut-2020-2021\/dicken-voitti-maalijuhlissa-sifn\/#article","isPartOf":{"@id":"https:\/\/aktialiiga.fi\/naiset\/2020-2021\/ottelut-2020-2021\/dicken-voitti-maalijuhlissa-sifn\/"},"author":{"name":"tbrmedia","@id":"https:\/\/aktialiiga.fi\/naiset\/#\/schema\/person\/c14bf42f47041db74603c45afcb18d87"},"headline":"Dicken voitti maalijuhlissa SIF:n","datePublished":"2020-11-21T15:42:43+00:00","dateModified":"2020-11-21T16:06:13+00:00","mainEntityOfPage":{"@id":"https:\/\/aktialiiga.fi\/naiset\/2020-2021\/ottelut-2020-2021\/dicken-voitti-maalijuhlissa-sifn\/"},"wordCount":377,"publisher":{"@id":"https:\/\/aktialiiga.fi\/naiset\/#organization"},"image":{"@id":"https:\/\/aktialiiga.fi\/naiset\/2020-2021\/ottelut-2020-2021\/dicken-voitti-maalijuhlissa-sifn\/#primaryimage"},"thumbnailUrl":"https:\/\/aktialiiga.fi\/naiset\/wp-content\/uploads\/sites\/6\/2020\/11\/heikkinen_malena_dicken_20-21.jpg","keywords":["Dicken","SIF"],"articleSection":["Ottelut 2020-21"],"inLanguage":"fi"},{"@type":"WebPage","@id":"https:\/\/aktialiiga.fi\/naiset\/2020-2021\/ottelut-2020-2021\/dicken-voitti-maalijuhlissa-sifn\/","url":"https:\/\/aktialiiga.fi\/naiset\/2020-2021\/ottelut-2020-2021\/dicken-voitti-maalijuhlissa-sifn\/","name":"Dicken voitti maalijuhlissa SIF:n | K\u00e4sipallon naisten Aktialiiga","isPartOf":{"@id":"https:\/\/aktialiiga.fi\/naiset\/#website"},"primaryImageOfPage":{"@id":"https:\/\/aktialiiga.fi\/naiset\/2020-2021\/ottelut-2020-2021\/dicken-voitti-maalijuhlissa-sifn\/#primaryimage"},"image":{"@id":"https:\/\/aktialiiga.fi\/naiset\/2020-2021\/ottelut-2020-2021\/dicken-voitti-maalijuhlissa-sifn\/#primaryimage"},"thumbnailUrl":"https:\/\/aktialiiga.fi\/naiset\/wp-content\/uploads\/sites\/6\/2020\/11\/heikkinen_malena_dicken_20-21.jpg","datePublished":"2020-11-21T15:42:43+00:00","dateModified":"2020-11-21T16:06:13+00:00","breadcrumb":{"@id":"https:\/\/aktialiiga.fi\/naiset\/2020-2021\/ottelut-2020-2021\/dicken-voitti-maalijuhlissa-sifn\/#breadcrumb"},"inLanguage":"fi","potentialAction":[{"@type":"ReadAction","target":["https:\/\/aktialiiga.fi\/naiset\/2020-2021\/ottelut-2020-2021\/dicken-voitti-maalijuhlissa-sifn\/"]}]},{"@type":"ImageObject","inLanguage":"fi","@id":"https:\/\/aktialiiga.fi\/naiset\/2020-2021\/ottelut-2020-2021\/dicken-voitti-maalijuhlissa-sifn\/#primaryimage","url":"https:\/\/aktialiiga.fi\/naiset\/wp-content\/uploads\/sites\/6\/2020\/11\/heikkinen_malena_dicken_20-21.jpg","contentUrl":"https:\/\/aktialiiga.fi\/naiset\/wp-content\/uploads\/sites\/6\/2020\/11\/heikkinen_malena_dicken_20-21.jpg","width":1200,"height":816,"caption":"Malena Heikkinen #8, Dicken k\u00e4sipallon naisten SM-sarjan ottelussa Dicken - GrIFK Pirkkolan Palloiluhalli 24. lokakuuta 2020. (Kalle Parkkinen\/Newspix24)"},{"@type":"BreadcrumbList","@id":"https:\/\/aktialiiga.fi\/naiset\/2020-2021\/ottelut-2020-2021\/dicken-voitti-maalijuhlissa-sifn\/#breadcrumb","itemListElement":[{"@type":"ListItem","position":1,"name":"Etusivu","item":"https:\/\/aktialiiga.fi\/naiset\/"},{"@type":"ListItem","position":2,"name":"Dicken voitti maalijuhlissa SIF:n"}]},{"@type":"WebSite","@id":"https:\/\/aktialiiga.fi\/naiset\/#website","url":"https:\/\/aktialiiga.fi\/naiset\/","name":"K\u00e4sipallon naisten Aktialiiga","description":"Valtakunnan vauhdikkainta palloilua!","publisher":{"@id":"https:\/\/aktialiiga.fi\/naiset\/#organization"},"potentialAction":[{"@type":"SearchAction","target":{"@type":"EntryPoint","urlTemplate":"https:\/\/aktialiiga.fi\/naiset\/?s={search_term_string}"},"query-input":{"@type":"PropertyValueSpecification","valueRequired":true,"valueName":"search_term_string"}}],"inLanguage":"fi"},{"@type":"Organization","@id":"https:\/\/aktialiiga.fi\/naiset\/#organization","name":"K\u00e4sipallon naisten Aktialiiga","url":"https:\/\/aktialiiga.fi\/naiset\/","logo":{"@type":"ImageObject","inLanguage":"fi","@id":"https:\/\/aktialiiga.fi\/naiset\/#\/schema\/logo\/image\/","url":"https:\/\/aktialiiga.fi\/naiset\/wp-content\/uploads\/sites\/6\/2024\/09\/Aktialiiga-Yoast-512.png","contentUrl":"https:\/\/aktialiiga.fi\/naiset\/wp-content\/uploads\/sites\/6\/2024\/09\/Aktialiiga-Yoast-512.png","width":512,"height":512,"caption":"K\u00e4sipallon naisten Aktialiiga"},"image":{"@id":"https:\/\/aktialiiga.fi\/naiset\/#\/schema\/logo\/image\/"},"sameAs":["https:\/\/www.facebook.com\/finnhandball","https:\/\/x.com\/finnhandball","https:\/\/www.instagram.com\/handballfinland\/"]},{"@type":"Person","@id":"https:\/\/aktialiiga.fi\/naiset\/#\/schema\/person\/c14bf42f47041db74603c45afcb18d87","name":"tbrmedia","image":{"@type":"ImageObject","inLanguage":"fi","@id":"https:\/\/secure.gravatar.com\/avatar\/ee975fa091fe581d12b60debb3439022686618368a7c142044c56724d4666b16?s=96&d=mm&r=g","url":"https:\/\/secure.gravatar.com\/avatar\/ee975fa091fe581d12b60debb3439022686618368a7c142044c56724d4666b16?s=96&d=mm&r=g","contentUrl":"https:\/\/secure.gravatar.com\/avatar\/ee975fa091fe581d12b60debb3439022686618368a7c142044c56724d4666b16?s=96&d=mm&r=g","caption":"tbrmedia"}}]}},"jetpack_featured_media_url":"https:\/\/aktialiiga.fi\/naiset\/wp-content\/uploads\/sites\/6\/2020\/11\/heikkinen_malena_dicken_20-21.jpg","jetpack_sharing_enabled":true,"jetpack_shortlink":"https:\/\/wp.me\/pfYhm6-5u3","_links":{"self":[{"href":"https:\/\/aktialiiga.fi\/naiset\/wp-json\/wp\/v2\/posts\/21083","targetHints":{"allow":["GET"]}}],"collection":[{"href":"https:\/\/aktialiiga.fi\/naiset\/wp-json\/wp\/v2\/posts"}],"about":[{"href":"https:\/\/aktialiiga.fi\/naiset\/wp-json\/wp\/v2\/types\/post"}],"author":[{"embeddable":true,"href":"https:\/\/aktialiiga.fi\/naiset\/wp-json\/wp\/v2\/users\/13"}],"replies":[{"embeddable":true,"href":"https:\/\/aktialiiga.fi\/naiset\/wp-json\/wp\/v2\/comments?post=21083"}],"version-history":[{"count":0,"href":"https:\/\/aktialiiga.fi\/naiset\/wp-json\/wp\/v2\/posts\/21083\/revisions"}],"wp:featuredmedia":[{"embeddable":true,"href":"https:\/\/aktialiiga.fi\/naiset\/wp-json\/wp\/v2\/media\/21084"}],"wp:attachment":[{"href":"https:\/\/aktialiiga.fi\/naiset\/wp-json\/wp\/v2\/media?parent=21083"}],"wp:term":[{"taxonomy":"category","embeddable":true,"href":"https:\/\/aktialiiga.fi\/naiset\/wp-json\/wp\/v2\/categories?post=21083"},{"taxonomy":"post_tag","embeddable":true,"href":"https:\/\/aktialiiga.fi\/naiset\/wp-json\/wp\/v2\/tags?post=21083"}],"curies":[{"name":"wp","href":"https:\/\/api.w.org\/{rel}","templated":true}]}}