{"id":2145,"date":"2012-04-11T23:10:05","date_gmt":"2012-04-11T20:10:05","guid":{"rendered":"https:\/\/www.finnhandball.net\/nsm\/?p=2145"},"modified":"2024-08-28T18:31:38","modified_gmt":"2024-08-28T15:31:38","slug":"hifk-ryostoretkella-siuntiossa-sparta-voitti-grifkn","status":"publish","type":"post","link":"https:\/\/aktialiiga.fi\/naiset\/ajankohtaista\/hifk-ryostoretkella-siuntiossa-sparta-voitti-grifkn\/","title":{"rendered":"SIF k\u00e4rsi kauden ensimm\u00e4isen tappionsa kriittisell\u00e4 hetkell\u00e4"},"content":{"rendered":"<p>Viime kauden finalistit, helsinkil\u00e4iset Sparta ja HIFK, ottivat nimiins\u00e4 ensimm\u00e4iset kiinnytykset finaalipaikkaan.<\/p>\n<p><!--more--><\/p>\n<p>Sparta otti helpohkon kotivoiton GrIFK:sta numeroin 29-25(17-11). HIFK puolestaan varasti Siuntion kotiedun vierasvoitollaan 26-21(11-12).\u00a0Finaalipaikkaan vaaditaan 3 voittoa.<\/p>\n<p>Pirkkolassa Sparta ja GrIFK aloittivat ottelun varsinaisella maali-iloittelulla jossa puolustus- ja maalivahtipelaaminen unohdettiin t\u00e4ysin.\u00a0Kummatkin joukkueet aloittivat korkeilla puolustusmuodoilla, Sparta 5:1 ja grani 3:2:1 puolustuksilla, mutta liikkuminen ja kontakti olivat olemattomia. H\u00e4mm\u00e4stytt\u00e4vint\u00e4 oli, ett\u00e4 maalinteossa p\u00e4\u00e4arkkitehdit korkeita puolustumuotoja vastaan olivat kummallakin joukkueella 9m -pelaajat. Vasta ensimm\u00e4isen puoliajan puoliv\u00e4liss\u00e4\u00a0 Spartan valmennus reagoi ja vaihtoi tiiviimp\u00e4\u00e4n 6:0 puolustukseen ja alkoi tilanteessa 11-11 k\u00e4\u00e4nt\u00e4\u00e4 ottelua maali kerrallaan itselleen. Iso osansa oli my\u00f6s Spartan maalivahti Matilda Bj\u00f6rkqvistill\u00e4, h\u00e4nen innostuttua pelaamaan varmasti yhden uransa parhaista otteluista ja pit\u00e4en maalinsa puhtaana jakson viimeiset 14 minuuttia.<\/p>\n<p>&#8211; Peli oli kovaa ja tasaista playoffs-v\u00e4\u00e4nt\u00f6\u00e4. Ratkaisu saatiin aikaiseksi pienill\u00e4 marginaaleilla. Kotikatsomo ja kotietu ovat avainasemassa n\u00e4iss\u00e4 peleiss\u00e4. Lauantaina pit\u00e4\u00e4 l\u00f6yt\u00e4\u00e4 ev\u00e4\u00e4t GrIFK:n nopean pelin eliminoimiseen ja asemapuolustukseenkin j\u00e4i viel\u00e4 petrattavaa, Spartan p\u00e4\u00e4valmentaja Jani Vaskola totesi.<\/p>\n<p>Granilla oli yrityst\u00e4, mutta pelaaminen oli kovin ep\u00e4varmaa ja hermostunutta l\u00e4pi ottelun. Olipa jopa havaittavissa ehk\u00e4 pient\u00e4 ylilataustakin. Alun puolustus- ja maalivahtipeli ep\u00e4onnistui eniten.\u00a0My\u00f6s henkil\u00f6kohtaisella tasolla liikkaa heilahdusta puoleen ja toiseen. Lis\u00e4ksi joukkueen illan parhaat, maalivahti Bianca Eklundh sek\u00e4 Maria P\u00f6lver p\u00e4\u00e4stettiin ottelun voiton kannalta liian my\u00f6h\u00e4\u00e4n irti.<\/p>\n<p>Sparta pystyi kokeneempana ja sit\u00e4 kautta varmemmin ottein pit\u00e4m\u00e4\u00e4n ottelun turvallisessa johtoasemassa loppuun asti.<\/p>\n<p>Seuraava koitos on lauantaina aina vaikeassa granin luolassa.<\/p>\n<p>&nbsp;<\/p>\n<p>5 t\u00e4rppi\u00e4 lauantain 2.otteluun<\/p>\n<p>-saako nuori GrIFK koottua rivins\u00e4 v\u00e4lip\u00e4iv\u00e4n aikana.<\/p>\n<p>-miten saada pys\u00e4ytetty\u00e4 Katri Koskelan ja Raita Heiskasen yhteispelaamisen<\/p>\n<p>-pystyyk\u00f6 Matilda Bj\u00f6rkqvist pit\u00e4m\u00e4\u00e4n huippuvireen<\/p>\n<p>-miten pystyt\u00e4\u00e4n hy\u00f6dynt\u00e4m\u00e4\u00e4n Maria P\u00f6lveri\u00e4 kytev\u00e4\u00e4 potentiaalia liekkeihin asti<\/p>\n<p>-granin pelaaminen oltava my\u00f6s paljon kurinalaisempaa<\/p>\n<p><strong>Maalintekij\u00e4t<\/strong><\/p>\n<p>Sparta: Koskela Katri 7, \u00a0Heiskanen Raita 7, B\u00f6ckelman Carolina 5, \u00a0Hallio Jessica 4, J\u00e4ntti Sara 2, \u00a0Tanner Erika 2, Heiskanen Hanna 1, Kaikko Anni 1<br \/>\nGrIFK: Hilli Johanna 6, P\u00f6ldver Maaria 5, Lillqvist Betina 4, Rehnberg Christina 3, Wilkman Hanna 3, Piiroinen Kati 2, \u00a0Selin Emma 1, Genberg Martina 1<\/p>\n<p><strong>L\u00e4hivakuutus T\u00e4hdet <\/strong><\/p>\n<p>*** Matilda Bj\u00f6rkqvist, Sparta IF<\/p>\n<p>** Raita Heiskanen, Sparta IF<\/p>\n<p>* Johanna Hilli, GrIFK<\/p>\n<p><strong><a href=\"https:\/\/www.finnhandball.net\/nsm\/?attachment_id=1764\"><img decoding=\"async\" class=\"aligncenter size-medium wp-image-1764\" title=\"Sparta-46-620x280\" src=\"https:\/\/www.finnhandball.net\/nsm\/wp-content\/uploads\/2012\/02\/Sparta-46-620x280-300x200.jpg\" alt=\"\" width=\"300\" height=\"200\" srcset=\"https:\/\/aktialiiga.fi\/naiset\/wp-content\/uploads\/sites\/6\/2012\/02\/Sparta-46-620x280-300x200.jpg 300w, https:\/\/aktialiiga.fi\/naiset\/wp-content\/uploads\/sites\/6\/2012\/02\/Sparta-46-620x280.jpg 333w\" sizes=\"(max-width: 300px) 100vw, 300px\" \/><\/a><\/strong><\/p>\n<p><strong> <\/strong><\/p>\n<p><span style=\"font-family: Tahoma;font-size: xx-small\"><br \/>\n<\/span><\/p>\n<p><span style=\"font-family: Tahoma;font-size: xx-small\"><strong><br \/>\n<\/strong><\/span><\/p>\n<p><span style=\"font-family: Tahoma;font-size: xx-small\"><strong><br \/>\n<\/strong><\/span><\/p>\n","protected":false},"excerpt":{"rendered":"<p>Viime kauden finalistit, helsinkil\u00e4iset Sparta ja HIFK, ottivat nimiins\u00e4 ensimm\u00e4iset kiinnytykset finaalipaikkaan.<\/p>\n","protected":false},"author":13,"featured_media":64,"comment_status":"closed","ping_status":"closed","sticky":false,"template":"","format":"standard","meta":{"_acf_changed":false,"jetpack_post_was_ever_published":false,"_jetpack_newsletter_access":"","_jetpack_dont_email_post_to_subs":false,"_jetpack_newsletter_tier_id":0,"_jetpack_memberships_contains_paywalled_content":false,"_jetpack_memberships_contains_paid_content":false,"footnotes":""},"categories":[2],"tags":[57,61,81,84],"class_list":["post-2145","post","type-post","status-publish","format-standard","has-post-thumbnail","hentry","category-ajankohtaista","tag-grifk","tag-hifk","tag-sif","tag-sparta"],"acf":[],"yoast_head":"<!-- This site is optimized with the Yoast SEO plugin v27.5 - https:\/\/yoast.com\/product\/yoast-seo-wordpress\/ -->\n<title>SIF k\u00e4rsi kauden ensimm\u00e4isen tappionsa kriittisell\u00e4 hetkell\u00e4 | K\u00e4sipallon naisten Aktialiiga<\/title>\n<meta name=\"robots\" content=\"index, follow, max-snippet:-1, max-image-preview:large, max-video-preview:-1\" \/>\n<link rel=\"canonical\" href=\"https:\/\/aktialiiga.fi\/naiset\/ajankohtaista\/hifk-ryostoretkella-siuntiossa-sparta-voitti-grifkn\/\" \/>\n<meta property=\"og:locale\" content=\"fi_FI\" \/>\n<meta property=\"og:type\" content=\"article\" \/>\n<meta property=\"og:title\" content=\"SIF k\u00e4rsi kauden ensimm\u00e4isen tappionsa kriittisell\u00e4 hetkell\u00e4 | K\u00e4sipallon naisten Aktialiiga\" \/>\n<meta property=\"og:description\" content=\"Viime kauden finalistit, helsinkil\u00e4iset Sparta ja HIFK, ottivat nimiins\u00e4 ensimm\u00e4iset kiinnytykset finaalipaikkaan.\" \/>\n<meta property=\"og:url\" content=\"https:\/\/aktialiiga.fi\/naiset\/ajankohtaista\/hifk-ryostoretkella-siuntiossa-sparta-voitti-grifkn\/\" \/>\n<meta property=\"og:site_name\" content=\"K\u00e4sipallon naisten Aktialiiga\" \/>\n<meta property=\"article:publisher\" content=\"https:\/\/www.facebook.com\/finnhandball\" \/>\n<meta property=\"article:published_time\" content=\"2012-04-11T20:10:05+00:00\" \/>\n<meta property=\"article:modified_time\" content=\"2024-08-28T15:31:38+00:00\" \/>\n<meta property=\"og:image\" content=\"https:\/\/aktialiiga.fi\/naiset\/wp-content\/uploads\/sites\/6\/2011\/08\/logo-sparta.gif\" \/>\n\t<meta property=\"og:image:width\" content=\"100\" \/>\n\t<meta property=\"og:image:height\" content=\"115\" \/>\n\t<meta property=\"og:image:type\" content=\"image\/gif\" \/>\n<meta name=\"author\" content=\"tbrmedia\" \/>\n<meta name=\"twitter:card\" content=\"summary_large_image\" \/>\n<meta name=\"twitter:creator\" content=\"@finnhandball\" \/>\n<meta name=\"twitter:site\" content=\"@finnhandball\" \/>\n<script type=\"application\/ld+json\" class=\"yoast-schema-graph\">{\"@context\":\"https:\\\/\\\/schema.org\",\"@graph\":[{\"@type\":\"Article\",\"@id\":\"https:\\\/\\\/aktialiiga.fi\\\/naiset\\\/ajankohtaista\\\/hifk-ryostoretkella-siuntiossa-sparta-voitti-grifkn\\\/#article\",\"isPartOf\":{\"@id\":\"https:\\\/\\\/aktialiiga.fi\\\/naiset\\\/ajankohtaista\\\/hifk-ryostoretkella-siuntiossa-sparta-voitti-grifkn\\\/\"},\"author\":{\"name\":\"tbrmedia\",\"@id\":\"https:\\\/\\\/aktialiiga.fi\\\/naiset\\\/#\\\/schema\\\/person\\\/c14bf42f47041db74603c45afcb18d87\"},\"headline\":\"SIF k\u00e4rsi kauden ensimm\u00e4isen tappionsa kriittisell\u00e4 hetkell\u00e4\",\"datePublished\":\"2012-04-11T20:10:05+00:00\",\"dateModified\":\"2024-08-28T15:31:38+00:00\",\"mainEntityOfPage\":{\"@id\":\"https:\\\/\\\/aktialiiga.fi\\\/naiset\\\/ajankohtaista\\\/hifk-ryostoretkella-siuntiossa-sparta-voitti-grifkn\\\/\"},\"wordCount\":377,\"publisher\":{\"@id\":\"https:\\\/\\\/aktialiiga.fi\\\/naiset\\\/#organization\"},\"image\":{\"@id\":\"https:\\\/\\\/aktialiiga.fi\\\/naiset\\\/ajankohtaista\\\/hifk-ryostoretkella-siuntiossa-sparta-voitti-grifkn\\\/#primaryimage\"},\"thumbnailUrl\":\"https:\\\/\\\/aktialiiga.fi\\\/naiset\\\/wp-content\\\/uploads\\\/sites\\\/6\\\/2011\\\/08\\\/logo-sparta.gif\",\"keywords\":[\"GrIFK\",\"HIFK\",\"SIF\",\"Sparta\"],\"articleSection\":[\"Ajankohtaista\"],\"inLanguage\":\"fi\"},{\"@type\":\"WebPage\",\"@id\":\"https:\\\/\\\/aktialiiga.fi\\\/naiset\\\/ajankohtaista\\\/hifk-ryostoretkella-siuntiossa-sparta-voitti-grifkn\\\/\",\"url\":\"https:\\\/\\\/aktialiiga.fi\\\/naiset\\\/ajankohtaista\\\/hifk-ryostoretkella-siuntiossa-sparta-voitti-grifkn\\\/\",\"name\":\"SIF k\u00e4rsi kauden ensimm\u00e4isen tappionsa kriittisell\u00e4 hetkell\u00e4 | K\u00e4sipallon naisten Aktialiiga\",\"isPartOf\":{\"@id\":\"https:\\\/\\\/aktialiiga.fi\\\/naiset\\\/#website\"},\"primaryImageOfPage\":{\"@id\":\"https:\\\/\\\/aktialiiga.fi\\\/naiset\\\/ajankohtaista\\\/hifk-ryostoretkella-siuntiossa-sparta-voitti-grifkn\\\/#primaryimage\"},\"image\":{\"@id\":\"https:\\\/\\\/aktialiiga.fi\\\/naiset\\\/ajankohtaista\\\/hifk-ryostoretkella-siuntiossa-sparta-voitti-grifkn\\\/#primaryimage\"},\"thumbnailUrl\":\"https:\\\/\\\/aktialiiga.fi\\\/naiset\\\/wp-content\\\/uploads\\\/sites\\\/6\\\/2011\\\/08\\\/logo-sparta.gif\",\"datePublished\":\"2012-04-11T20:10:05+00:00\",\"dateModified\":\"2024-08-28T15:31:38+00:00\",\"breadcrumb\":{\"@id\":\"https:\\\/\\\/aktialiiga.fi\\\/naiset\\\/ajankohtaista\\\/hifk-ryostoretkella-siuntiossa-sparta-voitti-grifkn\\\/#breadcrumb\"},\"inLanguage\":\"fi\",\"potentialAction\":[{\"@type\":\"ReadAction\",\"target\":[\"https:\\\/\\\/aktialiiga.fi\\\/naiset\\\/ajankohtaista\\\/hifk-ryostoretkella-siuntiossa-sparta-voitti-grifkn\\\/\"]}]},{\"@type\":\"ImageObject\",\"inLanguage\":\"fi\",\"@id\":\"https:\\\/\\\/aktialiiga.fi\\\/naiset\\\/ajankohtaista\\\/hifk-ryostoretkella-siuntiossa-sparta-voitti-grifkn\\\/#primaryimage\",\"url\":\"https:\\\/\\\/aktialiiga.fi\\\/naiset\\\/wp-content\\\/uploads\\\/sites\\\/6\\\/2011\\\/08\\\/logo-sparta.gif\",\"contentUrl\":\"https:\\\/\\\/aktialiiga.fi\\\/naiset\\\/wp-content\\\/uploads\\\/sites\\\/6\\\/2011\\\/08\\\/logo-sparta.gif\",\"width\":100,\"height\":115,\"caption\":\"Sparta, Helsinki\"},{\"@type\":\"BreadcrumbList\",\"@id\":\"https:\\\/\\\/aktialiiga.fi\\\/naiset\\\/ajankohtaista\\\/hifk-ryostoretkella-siuntiossa-sparta-voitti-grifkn\\\/#breadcrumb\",\"itemListElement\":[{\"@type\":\"ListItem\",\"position\":1,\"name\":\"Etusivu\",\"item\":\"https:\\\/\\\/aktialiiga.fi\\\/naiset\\\/\"},{\"@type\":\"ListItem\",\"position\":2,\"name\":\"SIF k\u00e4rsi kauden ensimm\u00e4isen tappionsa kriittisell\u00e4 hetkell\u00e4\"}]},{\"@type\":\"WebSite\",\"@id\":\"https:\\\/\\\/aktialiiga.fi\\\/naiset\\\/#website\",\"url\":\"https:\\\/\\\/aktialiiga.fi\\\/naiset\\\/\",\"name\":\"K\u00e4sipallon naisten Aktialiiga\",\"description\":\"Valtakunnan vauhdikkainta palloilua!\",\"publisher\":{\"@id\":\"https:\\\/\\\/aktialiiga.fi\\\/naiset\\\/#organization\"},\"potentialAction\":[{\"@type\":\"SearchAction\",\"target\":{\"@type\":\"EntryPoint\",\"urlTemplate\":\"https:\\\/\\\/aktialiiga.fi\\\/naiset\\\/?s={search_term_string}\"},\"query-input\":{\"@type\":\"PropertyValueSpecification\",\"valueRequired\":true,\"valueName\":\"search_term_string\"}}],\"inLanguage\":\"fi\"},{\"@type\":\"Organization\",\"@id\":\"https:\\\/\\\/aktialiiga.fi\\\/naiset\\\/#organization\",\"name\":\"K\u00e4sipallon naisten Aktialiiga\",\"url\":\"https:\\\/\\\/aktialiiga.fi\\\/naiset\\\/\",\"logo\":{\"@type\":\"ImageObject\",\"inLanguage\":\"fi\",\"@id\":\"https:\\\/\\\/aktialiiga.fi\\\/naiset\\\/#\\\/schema\\\/logo\\\/image\\\/\",\"url\":\"https:\\\/\\\/aktialiiga.fi\\\/naiset\\\/wp-content\\\/uploads\\\/sites\\\/6\\\/2024\\\/09\\\/Aktialiiga-Yoast-512.png\",\"contentUrl\":\"https:\\\/\\\/aktialiiga.fi\\\/naiset\\\/wp-content\\\/uploads\\\/sites\\\/6\\\/2024\\\/09\\\/Aktialiiga-Yoast-512.png\",\"width\":512,\"height\":512,\"caption\":\"K\u00e4sipallon naisten Aktialiiga\"},\"image\":{\"@id\":\"https:\\\/\\\/aktialiiga.fi\\\/naiset\\\/#\\\/schema\\\/logo\\\/image\\\/\"},\"sameAs\":[\"https:\\\/\\\/www.facebook.com\\\/finnhandball\",\"https:\\\/\\\/x.com\\\/finnhandball\",\"https:\\\/\\\/www.instagram.com\\\/handballfinland\\\/\"]},{\"@type\":\"Person\",\"@id\":\"https:\\\/\\\/aktialiiga.fi\\\/naiset\\\/#\\\/schema\\\/person\\\/c14bf42f47041db74603c45afcb18d87\",\"name\":\"tbrmedia\",\"image\":{\"@type\":\"ImageObject\",\"inLanguage\":\"fi\",\"@id\":\"https:\\\/\\\/secure.gravatar.com\\\/avatar\\\/ee975fa091fe581d12b60debb3439022686618368a7c142044c56724d4666b16?s=96&d=mm&r=g\",\"url\":\"https:\\\/\\\/secure.gravatar.com\\\/avatar\\\/ee975fa091fe581d12b60debb3439022686618368a7c142044c56724d4666b16?s=96&d=mm&r=g\",\"contentUrl\":\"https:\\\/\\\/secure.gravatar.com\\\/avatar\\\/ee975fa091fe581d12b60debb3439022686618368a7c142044c56724d4666b16?s=96&d=mm&r=g\",\"caption\":\"tbrmedia\"}}]}<\/script>\n<!-- \/ Yoast SEO plugin. -->","yoast_head_json":{"title":"SIF k\u00e4rsi kauden ensimm\u00e4isen tappionsa kriittisell\u00e4 hetkell\u00e4 | K\u00e4sipallon naisten Aktialiiga","robots":{"index":"index","follow":"follow","max-snippet":"max-snippet:-1","max-image-preview":"max-image-preview:large","max-video-preview":"max-video-preview:-1"},"canonical":"https:\/\/aktialiiga.fi\/naiset\/ajankohtaista\/hifk-ryostoretkella-siuntiossa-sparta-voitti-grifkn\/","og_locale":"fi_FI","og_type":"article","og_title":"SIF k\u00e4rsi kauden ensimm\u00e4isen tappionsa kriittisell\u00e4 hetkell\u00e4 | K\u00e4sipallon naisten Aktialiiga","og_description":"Viime kauden finalistit, helsinkil\u00e4iset Sparta ja HIFK, ottivat nimiins\u00e4 ensimm\u00e4iset kiinnytykset finaalipaikkaan.","og_url":"https:\/\/aktialiiga.fi\/naiset\/ajankohtaista\/hifk-ryostoretkella-siuntiossa-sparta-voitti-grifkn\/","og_site_name":"K\u00e4sipallon naisten Aktialiiga","article_publisher":"https:\/\/www.facebook.com\/finnhandball","article_published_time":"2012-04-11T20:10:05+00:00","article_modified_time":"2024-08-28T15:31:38+00:00","og_image":[{"width":100,"height":115,"url":"https:\/\/aktialiiga.fi\/naiset\/wp-content\/uploads\/sites\/6\/2011\/08\/logo-sparta.gif","type":"image\/gif"}],"author":"tbrmedia","twitter_card":"summary_large_image","twitter_creator":"@finnhandball","twitter_site":"@finnhandball","schema":{"@context":"https:\/\/schema.org","@graph":[{"@type":"Article","@id":"https:\/\/aktialiiga.fi\/naiset\/ajankohtaista\/hifk-ryostoretkella-siuntiossa-sparta-voitti-grifkn\/#article","isPartOf":{"@id":"https:\/\/aktialiiga.fi\/naiset\/ajankohtaista\/hifk-ryostoretkella-siuntiossa-sparta-voitti-grifkn\/"},"author":{"name":"tbrmedia","@id":"https:\/\/aktialiiga.fi\/naiset\/#\/schema\/person\/c14bf42f47041db74603c45afcb18d87"},"headline":"SIF k\u00e4rsi kauden ensimm\u00e4isen tappionsa kriittisell\u00e4 hetkell\u00e4","datePublished":"2012-04-11T20:10:05+00:00","dateModified":"2024-08-28T15:31:38+00:00","mainEntityOfPage":{"@id":"https:\/\/aktialiiga.fi\/naiset\/ajankohtaista\/hifk-ryostoretkella-siuntiossa-sparta-voitti-grifkn\/"},"wordCount":377,"publisher":{"@id":"https:\/\/aktialiiga.fi\/naiset\/#organization"},"image":{"@id":"https:\/\/aktialiiga.fi\/naiset\/ajankohtaista\/hifk-ryostoretkella-siuntiossa-sparta-voitti-grifkn\/#primaryimage"},"thumbnailUrl":"https:\/\/aktialiiga.fi\/naiset\/wp-content\/uploads\/sites\/6\/2011\/08\/logo-sparta.gif","keywords":["GrIFK","HIFK","SIF","Sparta"],"articleSection":["Ajankohtaista"],"inLanguage":"fi"},{"@type":"WebPage","@id":"https:\/\/aktialiiga.fi\/naiset\/ajankohtaista\/hifk-ryostoretkella-siuntiossa-sparta-voitti-grifkn\/","url":"https:\/\/aktialiiga.fi\/naiset\/ajankohtaista\/hifk-ryostoretkella-siuntiossa-sparta-voitti-grifkn\/","name":"SIF k\u00e4rsi kauden ensimm\u00e4isen tappionsa kriittisell\u00e4 hetkell\u00e4 | K\u00e4sipallon naisten Aktialiiga","isPartOf":{"@id":"https:\/\/aktialiiga.fi\/naiset\/#website"},"primaryImageOfPage":{"@id":"https:\/\/aktialiiga.fi\/naiset\/ajankohtaista\/hifk-ryostoretkella-siuntiossa-sparta-voitti-grifkn\/#primaryimage"},"image":{"@id":"https:\/\/aktialiiga.fi\/naiset\/ajankohtaista\/hifk-ryostoretkella-siuntiossa-sparta-voitti-grifkn\/#primaryimage"},"thumbnailUrl":"https:\/\/aktialiiga.fi\/naiset\/wp-content\/uploads\/sites\/6\/2011\/08\/logo-sparta.gif","datePublished":"2012-04-11T20:10:05+00:00","dateModified":"2024-08-28T15:31:38+00:00","breadcrumb":{"@id":"https:\/\/aktialiiga.fi\/naiset\/ajankohtaista\/hifk-ryostoretkella-siuntiossa-sparta-voitti-grifkn\/#breadcrumb"},"inLanguage":"fi","potentialAction":[{"@type":"ReadAction","target":["https:\/\/aktialiiga.fi\/naiset\/ajankohtaista\/hifk-ryostoretkella-siuntiossa-sparta-voitti-grifkn\/"]}]},{"@type":"ImageObject","inLanguage":"fi","@id":"https:\/\/aktialiiga.fi\/naiset\/ajankohtaista\/hifk-ryostoretkella-siuntiossa-sparta-voitti-grifkn\/#primaryimage","url":"https:\/\/aktialiiga.fi\/naiset\/wp-content\/uploads\/sites\/6\/2011\/08\/logo-sparta.gif","contentUrl":"https:\/\/aktialiiga.fi\/naiset\/wp-content\/uploads\/sites\/6\/2011\/08\/logo-sparta.gif","width":100,"height":115,"caption":"Sparta, Helsinki"},{"@type":"BreadcrumbList","@id":"https:\/\/aktialiiga.fi\/naiset\/ajankohtaista\/hifk-ryostoretkella-siuntiossa-sparta-voitti-grifkn\/#breadcrumb","itemListElement":[{"@type":"ListItem","position":1,"name":"Etusivu","item":"https:\/\/aktialiiga.fi\/naiset\/"},{"@type":"ListItem","position":2,"name":"SIF k\u00e4rsi kauden ensimm\u00e4isen tappionsa kriittisell\u00e4 hetkell\u00e4"}]},{"@type":"WebSite","@id":"https:\/\/aktialiiga.fi\/naiset\/#website","url":"https:\/\/aktialiiga.fi\/naiset\/","name":"K\u00e4sipallon naisten Aktialiiga","description":"Valtakunnan vauhdikkainta palloilua!","publisher":{"@id":"https:\/\/aktialiiga.fi\/naiset\/#organization"},"potentialAction":[{"@type":"SearchAction","target":{"@type":"EntryPoint","urlTemplate":"https:\/\/aktialiiga.fi\/naiset\/?s={search_term_string}"},"query-input":{"@type":"PropertyValueSpecification","valueRequired":true,"valueName":"search_term_string"}}],"inLanguage":"fi"},{"@type":"Organization","@id":"https:\/\/aktialiiga.fi\/naiset\/#organization","name":"K\u00e4sipallon naisten Aktialiiga","url":"https:\/\/aktialiiga.fi\/naiset\/","logo":{"@type":"ImageObject","inLanguage":"fi","@id":"https:\/\/aktialiiga.fi\/naiset\/#\/schema\/logo\/image\/","url":"https:\/\/aktialiiga.fi\/naiset\/wp-content\/uploads\/sites\/6\/2024\/09\/Aktialiiga-Yoast-512.png","contentUrl":"https:\/\/aktialiiga.fi\/naiset\/wp-content\/uploads\/sites\/6\/2024\/09\/Aktialiiga-Yoast-512.png","width":512,"height":512,"caption":"K\u00e4sipallon naisten Aktialiiga"},"image":{"@id":"https:\/\/aktialiiga.fi\/naiset\/#\/schema\/logo\/image\/"},"sameAs":["https:\/\/www.facebook.com\/finnhandball","https:\/\/x.com\/finnhandball","https:\/\/www.instagram.com\/handballfinland\/"]},{"@type":"Person","@id":"https:\/\/aktialiiga.fi\/naiset\/#\/schema\/person\/c14bf42f47041db74603c45afcb18d87","name":"tbrmedia","image":{"@type":"ImageObject","inLanguage":"fi","@id":"https:\/\/secure.gravatar.com\/avatar\/ee975fa091fe581d12b60debb3439022686618368a7c142044c56724d4666b16?s=96&d=mm&r=g","url":"https:\/\/secure.gravatar.com\/avatar\/ee975fa091fe581d12b60debb3439022686618368a7c142044c56724d4666b16?s=96&d=mm&r=g","contentUrl":"https:\/\/secure.gravatar.com\/avatar\/ee975fa091fe581d12b60debb3439022686618368a7c142044c56724d4666b16?s=96&d=mm&r=g","caption":"tbrmedia"}}]}},"jetpack_featured_media_url":"https:\/\/aktialiiga.fi\/naiset\/wp-content\/uploads\/sites\/6\/2011\/08\/logo-sparta.gif","jetpack_sharing_enabled":true,"jetpack_shortlink":"https:\/\/wp.me\/pfYhm6-yB","_links":{"self":[{"href":"https:\/\/aktialiiga.fi\/naiset\/wp-json\/wp\/v2\/posts\/2145","targetHints":{"allow":["GET"]}}],"collection":[{"href":"https:\/\/aktialiiga.fi\/naiset\/wp-json\/wp\/v2\/posts"}],"about":[{"href":"https:\/\/aktialiiga.fi\/naiset\/wp-json\/wp\/v2\/types\/post"}],"author":[{"embeddable":true,"href":"https:\/\/aktialiiga.fi\/naiset\/wp-json\/wp\/v2\/users\/13"}],"replies":[{"embeddable":true,"href":"https:\/\/aktialiiga.fi\/naiset\/wp-json\/wp\/v2\/comments?post=2145"}],"version-history":[{"count":1,"href":"https:\/\/aktialiiga.fi\/naiset\/wp-json\/wp\/v2\/posts\/2145\/revisions"}],"predecessor-version":[{"id":39826,"href":"https:\/\/aktialiiga.fi\/naiset\/wp-json\/wp\/v2\/posts\/2145\/revisions\/39826"}],"wp:featuredmedia":[{"embeddable":true,"href":"https:\/\/aktialiiga.fi\/naiset\/wp-json\/wp\/v2\/media\/64"}],"wp:attachment":[{"href":"https:\/\/aktialiiga.fi\/naiset\/wp-json\/wp\/v2\/media?parent=2145"}],"wp:term":[{"taxonomy":"category","embeddable":true,"href":"https:\/\/aktialiiga.fi\/naiset\/wp-json\/wp\/v2\/categories?post=2145"},{"taxonomy":"post_tag","embeddable":true,"href":"https:\/\/aktialiiga.fi\/naiset\/wp-json\/wp\/v2\/tags?post=2145"}],"curies":[{"name":"wp","href":"https:\/\/api.w.org\/{rel}","templated":true}]}}