{"id":21552,"date":"2021-03-08T14:14:30","date_gmt":"2021-03-08T12:14:30","guid":{"rendered":"https:\/\/aktialiiga.fi\/naiset\/?p=21552"},"modified":"2021-03-08T14:14:30","modified_gmt":"2021-03-08T12:14:30","slug":"kyif-ja-atlas-vastakkain-tiistaina","status":"publish","type":"post","link":"https:\/\/aktialiiga.fi\/naiset\/2020-2021\/ennakot-2020-2021\/kyif-ja-atlas-vastakkain-tiistaina\/","title":{"rendered":"KyIF ja Atlas vastakkain tiistaina"},"content":{"rendered":"<p>KyIF ja Atlas pelaavat aiemmin siirretyn ottelunsa tiistaina. Ottelun j\u00e4lkeen kaikilla joukkueilla on tilill\u00e4\u00e4n 19 peli\u00e4.<\/p>\n<p>Runkosarjan p\u00e4\u00e4t\u00f6skierros on edess\u00e4 lauantaina.<\/p>\n<p>Kummallakaan joukkueella ei ole ottelussa panosta, sill\u00e4 molempien asemat sarjataulukossa on jo sinet\u00f6ity. KyIF voi hioa peli\u00e4\u00e4n v\u00e4lieri\u00e4 ajatellen, sill\u00e4 KyIF sijoittuu varmasti nelj\u00e4nneksi. Atlas sen sijaan j\u00e4\u00e4 sarjassa viimeiseksi ja pelaa en\u00e4\u00e4 kunniastaan.<\/p>\n<p>KyIF on vienyt nimiins\u00e4 joukkueiden kaikki kolme aiempaa kohtaamista, mutta tammikuun ottelu oli eritt\u00e4in tiukka ja p\u00e4\u00e4ttyi kahdella maalilla KyIF:n hyv\u00e4ksi. Nyt Atlas hakee kauden toista voittoaan ja samalla ensimm\u00e4ist\u00e4 p\u00e4\u00e4nahkaansa KyIF:st\u00e4 t\u00e4ll\u00e4 kaudella.<\/p>\n<p><strong>SM-sarjan tiistain ottelu:<br \/>\n<\/strong>Kello 18.30 KyIF-Atlas (SolidSport)<\/p>\n","protected":false},"excerpt":{"rendered":"<p>KyIF ja Atlas pelaavat aiemmin siirretyn ottelunsa tiistaina. Ottelun j\u00e4lkeen kaikilla joukkueilla on tilill\u00e4\u00e4n 19 peli\u00e4. Runkosarjan p\u00e4\u00e4t\u00f6skierros on edess\u00e4 lauantaina. Kummallakaan joukkueella ei ole ottelussa panosta, sill\u00e4 molempien asemat sarjataulukossa on jo sinet\u00f6ity. KyIF voi hioa peli\u00e4\u00e4n v\u00e4lieri\u00e4 ajatellen, sill\u00e4 KyIF sijoittuu varmasti nelj\u00e4nneksi. Atlas sen sijaan j\u00e4\u00e4 sarjassa viimeiseksi ja pelaa en\u00e4\u00e4 kunniastaan. [&hellip;]<\/p>\n","protected":false},"author":13,"featured_media":21553,"comment_status":"closed","ping_status":"closed","sticky":false,"template":"","format":"standard","meta":{"_acf_changed":false,"jetpack_post_was_ever_published":false,"_jetpack_newsletter_access":"","_jetpack_dont_email_post_to_subs":false,"_jetpack_newsletter_tier_id":0,"_jetpack_memberships_contains_paywalled_content":false,"_jetpack_memberships_contains_paid_content":false,"footnotes":""},"categories":[172],"tags":[48,67],"class_list":["post-21552","post","type-post","status-publish","format-standard","has-post-thumbnail","hentry","category-ennakot-2020-2021","tag-atlas","tag-kyif"],"acf":[],"yoast_head":"<!-- This site is optimized with the Yoast SEO plugin v27.5 - https:\/\/yoast.com\/product\/yoast-seo-wordpress\/ -->\n<title>KyIF ja Atlas vastakkain tiistaina | K\u00e4sipallon naisten Aktialiiga<\/title>\n<meta name=\"robots\" content=\"index, follow, max-snippet:-1, max-image-preview:large, max-video-preview:-1\" \/>\n<link rel=\"canonical\" href=\"https:\/\/aktialiiga.fi\/naiset\/2020-2021\/ennakot-2020-2021\/kyif-ja-atlas-vastakkain-tiistaina\/\" \/>\n<meta property=\"og:locale\" content=\"fi_FI\" \/>\n<meta property=\"og:type\" content=\"article\" \/>\n<meta property=\"og:title\" content=\"KyIF ja Atlas vastakkain tiistaina | K\u00e4sipallon naisten Aktialiiga\" \/>\n<meta property=\"og:description\" content=\"KyIF ja Atlas pelaavat aiemmin siirretyn ottelunsa tiistaina. Ottelun j\u00e4lkeen kaikilla joukkueilla on tilill\u00e4\u00e4n 19 peli\u00e4. Runkosarjan p\u00e4\u00e4t\u00f6skierros on edess\u00e4 lauantaina. Kummallakaan joukkueella ei ole ottelussa panosta, sill\u00e4 molempien asemat sarjataulukossa on jo sinet\u00f6ity. KyIF voi hioa peli\u00e4\u00e4n v\u00e4lieri\u00e4 ajatellen, sill\u00e4 KyIF sijoittuu varmasti nelj\u00e4nneksi. Atlas sen sijaan j\u00e4\u00e4 sarjassa viimeiseksi ja pelaa en\u00e4\u00e4 kunniastaan. [&hellip;]\" \/>\n<meta property=\"og:url\" content=\"https:\/\/aktialiiga.fi\/naiset\/2020-2021\/ennakot-2020-2021\/kyif-ja-atlas-vastakkain-tiistaina\/\" \/>\n<meta property=\"og:site_name\" content=\"K\u00e4sipallon naisten Aktialiiga\" \/>\n<meta property=\"article:publisher\" content=\"https:\/\/www.facebook.com\/finnhandball\" \/>\n<meta property=\"article:published_time\" content=\"2021-03-08T12:14:30+00:00\" \/>\n<meta property=\"og:image\" content=\"https:\/\/aktialiiga.fi\/naiset\/wp-content\/uploads\/sites\/6\/2021\/03\/vonnandelstadhemma_atlas_20-21a.jpg\" \/>\n\t<meta property=\"og:image:width\" content=\"1200\" \/>\n\t<meta property=\"og:image:height\" content=\"923\" \/>\n\t<meta property=\"og:image:type\" content=\"image\/jpeg\" \/>\n<meta name=\"author\" content=\"tbrmedia\" \/>\n<meta name=\"twitter:card\" content=\"summary_large_image\" \/>\n<meta name=\"twitter:creator\" content=\"@finnhandball\" \/>\n<meta name=\"twitter:site\" content=\"@finnhandball\" \/>\n<script type=\"application\/ld+json\" class=\"yoast-schema-graph\">{\"@context\":\"https:\\\/\\\/schema.org\",\"@graph\":[{\"@type\":\"Article\",\"@id\":\"https:\\\/\\\/aktialiiga.fi\\\/naiset\\\/2020-2021\\\/ennakot-2020-2021\\\/kyif-ja-atlas-vastakkain-tiistaina\\\/#article\",\"isPartOf\":{\"@id\":\"https:\\\/\\\/aktialiiga.fi\\\/naiset\\\/2020-2021\\\/ennakot-2020-2021\\\/kyif-ja-atlas-vastakkain-tiistaina\\\/\"},\"author\":{\"name\":\"tbrmedia\",\"@id\":\"https:\\\/\\\/aktialiiga.fi\\\/naiset\\\/#\\\/schema\\\/person\\\/c14bf42f47041db74603c45afcb18d87\"},\"headline\":\"KyIF ja Atlas vastakkain tiistaina\",\"datePublished\":\"2021-03-08T12:14:30+00:00\",\"mainEntityOfPage\":{\"@id\":\"https:\\\/\\\/aktialiiga.fi\\\/naiset\\\/2020-2021\\\/ennakot-2020-2021\\\/kyif-ja-atlas-vastakkain-tiistaina\\\/\"},\"wordCount\":115,\"publisher\":{\"@id\":\"https:\\\/\\\/aktialiiga.fi\\\/naiset\\\/#organization\"},\"image\":{\"@id\":\"https:\\\/\\\/aktialiiga.fi\\\/naiset\\\/2020-2021\\\/ennakot-2020-2021\\\/kyif-ja-atlas-vastakkain-tiistaina\\\/#primaryimage\"},\"thumbnailUrl\":\"https:\\\/\\\/aktialiiga.fi\\\/naiset\\\/wp-content\\\/uploads\\\/sites\\\/6\\\/2021\\\/03\\\/vonnandelstadhemma_atlas_20-21a.jpg\",\"keywords\":[\"Atlas\",\"KyIF\"],\"articleSection\":[\"Ennakot\"],\"inLanguage\":\"fi\"},{\"@type\":\"WebPage\",\"@id\":\"https:\\\/\\\/aktialiiga.fi\\\/naiset\\\/2020-2021\\\/ennakot-2020-2021\\\/kyif-ja-atlas-vastakkain-tiistaina\\\/\",\"url\":\"https:\\\/\\\/aktialiiga.fi\\\/naiset\\\/2020-2021\\\/ennakot-2020-2021\\\/kyif-ja-atlas-vastakkain-tiistaina\\\/\",\"name\":\"KyIF ja Atlas vastakkain tiistaina | K\u00e4sipallon naisten Aktialiiga\",\"isPartOf\":{\"@id\":\"https:\\\/\\\/aktialiiga.fi\\\/naiset\\\/#website\"},\"primaryImageOfPage\":{\"@id\":\"https:\\\/\\\/aktialiiga.fi\\\/naiset\\\/2020-2021\\\/ennakot-2020-2021\\\/kyif-ja-atlas-vastakkain-tiistaina\\\/#primaryimage\"},\"image\":{\"@id\":\"https:\\\/\\\/aktialiiga.fi\\\/naiset\\\/2020-2021\\\/ennakot-2020-2021\\\/kyif-ja-atlas-vastakkain-tiistaina\\\/#primaryimage\"},\"thumbnailUrl\":\"https:\\\/\\\/aktialiiga.fi\\\/naiset\\\/wp-content\\\/uploads\\\/sites\\\/6\\\/2021\\\/03\\\/vonnandelstadhemma_atlas_20-21a.jpg\",\"datePublished\":\"2021-03-08T12:14:30+00:00\",\"breadcrumb\":{\"@id\":\"https:\\\/\\\/aktialiiga.fi\\\/naiset\\\/2020-2021\\\/ennakot-2020-2021\\\/kyif-ja-atlas-vastakkain-tiistaina\\\/#breadcrumb\"},\"inLanguage\":\"fi\",\"potentialAction\":[{\"@type\":\"ReadAction\",\"target\":[\"https:\\\/\\\/aktialiiga.fi\\\/naiset\\\/2020-2021\\\/ennakot-2020-2021\\\/kyif-ja-atlas-vastakkain-tiistaina\\\/\"]}]},{\"@type\":\"ImageObject\",\"inLanguage\":\"fi\",\"@id\":\"https:\\\/\\\/aktialiiga.fi\\\/naiset\\\/2020-2021\\\/ennakot-2020-2021\\\/kyif-ja-atlas-vastakkain-tiistaina\\\/#primaryimage\",\"url\":\"https:\\\/\\\/aktialiiga.fi\\\/naiset\\\/wp-content\\\/uploads\\\/sites\\\/6\\\/2021\\\/03\\\/vonnandelstadhemma_atlas_20-21a.jpg\",\"contentUrl\":\"https:\\\/\\\/aktialiiga.fi\\\/naiset\\\/wp-content\\\/uploads\\\/sites\\\/6\\\/2021\\\/03\\\/vonnandelstadhemma_atlas_20-21a.jpg\",\"width\":1200,\"height\":923,\"caption\":\"Emma von Nandelstadh #26, Atlas k\u00e4sipallon naisten SM-sarjan ottelussa Atlas - KyIF Myyrm\u00e4en Urheilutalo 24. lokakuuta 2020. (Kalle Parkkinen\\\/Newspix24)\"},{\"@type\":\"BreadcrumbList\",\"@id\":\"https:\\\/\\\/aktialiiga.fi\\\/naiset\\\/2020-2021\\\/ennakot-2020-2021\\\/kyif-ja-atlas-vastakkain-tiistaina\\\/#breadcrumb\",\"itemListElement\":[{\"@type\":\"ListItem\",\"position\":1,\"name\":\"Etusivu\",\"item\":\"https:\\\/\\\/aktialiiga.fi\\\/naiset\\\/\"},{\"@type\":\"ListItem\",\"position\":2,\"name\":\"KyIF ja Atlas vastakkain tiistaina\"}]},{\"@type\":\"WebSite\",\"@id\":\"https:\\\/\\\/aktialiiga.fi\\\/naiset\\\/#website\",\"url\":\"https:\\\/\\\/aktialiiga.fi\\\/naiset\\\/\",\"name\":\"K\u00e4sipallon naisten Aktialiiga\",\"description\":\"Valtakunnan vauhdikkainta palloilua!\",\"publisher\":{\"@id\":\"https:\\\/\\\/aktialiiga.fi\\\/naiset\\\/#organization\"},\"potentialAction\":[{\"@type\":\"SearchAction\",\"target\":{\"@type\":\"EntryPoint\",\"urlTemplate\":\"https:\\\/\\\/aktialiiga.fi\\\/naiset\\\/?s={search_term_string}\"},\"query-input\":{\"@type\":\"PropertyValueSpecification\",\"valueRequired\":true,\"valueName\":\"search_term_string\"}}],\"inLanguage\":\"fi\"},{\"@type\":\"Organization\",\"@id\":\"https:\\\/\\\/aktialiiga.fi\\\/naiset\\\/#organization\",\"name\":\"K\u00e4sipallon naisten Aktialiiga\",\"url\":\"https:\\\/\\\/aktialiiga.fi\\\/naiset\\\/\",\"logo\":{\"@type\":\"ImageObject\",\"inLanguage\":\"fi\",\"@id\":\"https:\\\/\\\/aktialiiga.fi\\\/naiset\\\/#\\\/schema\\\/logo\\\/image\\\/\",\"url\":\"https:\\\/\\\/aktialiiga.fi\\\/naiset\\\/wp-content\\\/uploads\\\/sites\\\/6\\\/2024\\\/09\\\/Aktialiiga-Yoast-512.png\",\"contentUrl\":\"https:\\\/\\\/aktialiiga.fi\\\/naiset\\\/wp-content\\\/uploads\\\/sites\\\/6\\\/2024\\\/09\\\/Aktialiiga-Yoast-512.png\",\"width\":512,\"height\":512,\"caption\":\"K\u00e4sipallon naisten Aktialiiga\"},\"image\":{\"@id\":\"https:\\\/\\\/aktialiiga.fi\\\/naiset\\\/#\\\/schema\\\/logo\\\/image\\\/\"},\"sameAs\":[\"https:\\\/\\\/www.facebook.com\\\/finnhandball\",\"https:\\\/\\\/x.com\\\/finnhandball\",\"https:\\\/\\\/www.instagram.com\\\/handballfinland\\\/\"]},{\"@type\":\"Person\",\"@id\":\"https:\\\/\\\/aktialiiga.fi\\\/naiset\\\/#\\\/schema\\\/person\\\/c14bf42f47041db74603c45afcb18d87\",\"name\":\"tbrmedia\",\"image\":{\"@type\":\"ImageObject\",\"inLanguage\":\"fi\",\"@id\":\"https:\\\/\\\/secure.gravatar.com\\\/avatar\\\/ee975fa091fe581d12b60debb3439022686618368a7c142044c56724d4666b16?s=96&d=mm&r=g\",\"url\":\"https:\\\/\\\/secure.gravatar.com\\\/avatar\\\/ee975fa091fe581d12b60debb3439022686618368a7c142044c56724d4666b16?s=96&d=mm&r=g\",\"contentUrl\":\"https:\\\/\\\/secure.gravatar.com\\\/avatar\\\/ee975fa091fe581d12b60debb3439022686618368a7c142044c56724d4666b16?s=96&d=mm&r=g\",\"caption\":\"tbrmedia\"}}]}<\/script>\n<!-- \/ Yoast SEO plugin. -->","yoast_head_json":{"title":"KyIF ja Atlas vastakkain tiistaina | K\u00e4sipallon naisten Aktialiiga","robots":{"index":"index","follow":"follow","max-snippet":"max-snippet:-1","max-image-preview":"max-image-preview:large","max-video-preview":"max-video-preview:-1"},"canonical":"https:\/\/aktialiiga.fi\/naiset\/2020-2021\/ennakot-2020-2021\/kyif-ja-atlas-vastakkain-tiistaina\/","og_locale":"fi_FI","og_type":"article","og_title":"KyIF ja Atlas vastakkain tiistaina | K\u00e4sipallon naisten Aktialiiga","og_description":"KyIF ja Atlas pelaavat aiemmin siirretyn ottelunsa tiistaina. Ottelun j\u00e4lkeen kaikilla joukkueilla on tilill\u00e4\u00e4n 19 peli\u00e4. Runkosarjan p\u00e4\u00e4t\u00f6skierros on edess\u00e4 lauantaina. Kummallakaan joukkueella ei ole ottelussa panosta, sill\u00e4 molempien asemat sarjataulukossa on jo sinet\u00f6ity. KyIF voi hioa peli\u00e4\u00e4n v\u00e4lieri\u00e4 ajatellen, sill\u00e4 KyIF sijoittuu varmasti nelj\u00e4nneksi. Atlas sen sijaan j\u00e4\u00e4 sarjassa viimeiseksi ja pelaa en\u00e4\u00e4 kunniastaan. [&hellip;]","og_url":"https:\/\/aktialiiga.fi\/naiset\/2020-2021\/ennakot-2020-2021\/kyif-ja-atlas-vastakkain-tiistaina\/","og_site_name":"K\u00e4sipallon naisten Aktialiiga","article_publisher":"https:\/\/www.facebook.com\/finnhandball","article_published_time":"2021-03-08T12:14:30+00:00","og_image":[{"width":1200,"height":923,"url":"https:\/\/aktialiiga.fi\/naiset\/wp-content\/uploads\/sites\/6\/2021\/03\/vonnandelstadhemma_atlas_20-21a.jpg","type":"image\/jpeg"}],"author":"tbrmedia","twitter_card":"summary_large_image","twitter_creator":"@finnhandball","twitter_site":"@finnhandball","schema":{"@context":"https:\/\/schema.org","@graph":[{"@type":"Article","@id":"https:\/\/aktialiiga.fi\/naiset\/2020-2021\/ennakot-2020-2021\/kyif-ja-atlas-vastakkain-tiistaina\/#article","isPartOf":{"@id":"https:\/\/aktialiiga.fi\/naiset\/2020-2021\/ennakot-2020-2021\/kyif-ja-atlas-vastakkain-tiistaina\/"},"author":{"name":"tbrmedia","@id":"https:\/\/aktialiiga.fi\/naiset\/#\/schema\/person\/c14bf42f47041db74603c45afcb18d87"},"headline":"KyIF ja Atlas vastakkain tiistaina","datePublished":"2021-03-08T12:14:30+00:00","mainEntityOfPage":{"@id":"https:\/\/aktialiiga.fi\/naiset\/2020-2021\/ennakot-2020-2021\/kyif-ja-atlas-vastakkain-tiistaina\/"},"wordCount":115,"publisher":{"@id":"https:\/\/aktialiiga.fi\/naiset\/#organization"},"image":{"@id":"https:\/\/aktialiiga.fi\/naiset\/2020-2021\/ennakot-2020-2021\/kyif-ja-atlas-vastakkain-tiistaina\/#primaryimage"},"thumbnailUrl":"https:\/\/aktialiiga.fi\/naiset\/wp-content\/uploads\/sites\/6\/2021\/03\/vonnandelstadhemma_atlas_20-21a.jpg","keywords":["Atlas","KyIF"],"articleSection":["Ennakot"],"inLanguage":"fi"},{"@type":"WebPage","@id":"https:\/\/aktialiiga.fi\/naiset\/2020-2021\/ennakot-2020-2021\/kyif-ja-atlas-vastakkain-tiistaina\/","url":"https:\/\/aktialiiga.fi\/naiset\/2020-2021\/ennakot-2020-2021\/kyif-ja-atlas-vastakkain-tiistaina\/","name":"KyIF ja Atlas vastakkain tiistaina | K\u00e4sipallon naisten Aktialiiga","isPartOf":{"@id":"https:\/\/aktialiiga.fi\/naiset\/#website"},"primaryImageOfPage":{"@id":"https:\/\/aktialiiga.fi\/naiset\/2020-2021\/ennakot-2020-2021\/kyif-ja-atlas-vastakkain-tiistaina\/#primaryimage"},"image":{"@id":"https:\/\/aktialiiga.fi\/naiset\/2020-2021\/ennakot-2020-2021\/kyif-ja-atlas-vastakkain-tiistaina\/#primaryimage"},"thumbnailUrl":"https:\/\/aktialiiga.fi\/naiset\/wp-content\/uploads\/sites\/6\/2021\/03\/vonnandelstadhemma_atlas_20-21a.jpg","datePublished":"2021-03-08T12:14:30+00:00","breadcrumb":{"@id":"https:\/\/aktialiiga.fi\/naiset\/2020-2021\/ennakot-2020-2021\/kyif-ja-atlas-vastakkain-tiistaina\/#breadcrumb"},"inLanguage":"fi","potentialAction":[{"@type":"ReadAction","target":["https:\/\/aktialiiga.fi\/naiset\/2020-2021\/ennakot-2020-2021\/kyif-ja-atlas-vastakkain-tiistaina\/"]}]},{"@type":"ImageObject","inLanguage":"fi","@id":"https:\/\/aktialiiga.fi\/naiset\/2020-2021\/ennakot-2020-2021\/kyif-ja-atlas-vastakkain-tiistaina\/#primaryimage","url":"https:\/\/aktialiiga.fi\/naiset\/wp-content\/uploads\/sites\/6\/2021\/03\/vonnandelstadhemma_atlas_20-21a.jpg","contentUrl":"https:\/\/aktialiiga.fi\/naiset\/wp-content\/uploads\/sites\/6\/2021\/03\/vonnandelstadhemma_atlas_20-21a.jpg","width":1200,"height":923,"caption":"Emma von Nandelstadh #26, Atlas k\u00e4sipallon naisten SM-sarjan ottelussa Atlas - KyIF Myyrm\u00e4en Urheilutalo 24. lokakuuta 2020. (Kalle Parkkinen\/Newspix24)"},{"@type":"BreadcrumbList","@id":"https:\/\/aktialiiga.fi\/naiset\/2020-2021\/ennakot-2020-2021\/kyif-ja-atlas-vastakkain-tiistaina\/#breadcrumb","itemListElement":[{"@type":"ListItem","position":1,"name":"Etusivu","item":"https:\/\/aktialiiga.fi\/naiset\/"},{"@type":"ListItem","position":2,"name":"KyIF ja Atlas vastakkain tiistaina"}]},{"@type":"WebSite","@id":"https:\/\/aktialiiga.fi\/naiset\/#website","url":"https:\/\/aktialiiga.fi\/naiset\/","name":"K\u00e4sipallon naisten Aktialiiga","description":"Valtakunnan vauhdikkainta palloilua!","publisher":{"@id":"https:\/\/aktialiiga.fi\/naiset\/#organization"},"potentialAction":[{"@type":"SearchAction","target":{"@type":"EntryPoint","urlTemplate":"https:\/\/aktialiiga.fi\/naiset\/?s={search_term_string}"},"query-input":{"@type":"PropertyValueSpecification","valueRequired":true,"valueName":"search_term_string"}}],"inLanguage":"fi"},{"@type":"Organization","@id":"https:\/\/aktialiiga.fi\/naiset\/#organization","name":"K\u00e4sipallon naisten Aktialiiga","url":"https:\/\/aktialiiga.fi\/naiset\/","logo":{"@type":"ImageObject","inLanguage":"fi","@id":"https:\/\/aktialiiga.fi\/naiset\/#\/schema\/logo\/image\/","url":"https:\/\/aktialiiga.fi\/naiset\/wp-content\/uploads\/sites\/6\/2024\/09\/Aktialiiga-Yoast-512.png","contentUrl":"https:\/\/aktialiiga.fi\/naiset\/wp-content\/uploads\/sites\/6\/2024\/09\/Aktialiiga-Yoast-512.png","width":512,"height":512,"caption":"K\u00e4sipallon naisten Aktialiiga"},"image":{"@id":"https:\/\/aktialiiga.fi\/naiset\/#\/schema\/logo\/image\/"},"sameAs":["https:\/\/www.facebook.com\/finnhandball","https:\/\/x.com\/finnhandball","https:\/\/www.instagram.com\/handballfinland\/"]},{"@type":"Person","@id":"https:\/\/aktialiiga.fi\/naiset\/#\/schema\/person\/c14bf42f47041db74603c45afcb18d87","name":"tbrmedia","image":{"@type":"ImageObject","inLanguage":"fi","@id":"https:\/\/secure.gravatar.com\/avatar\/ee975fa091fe581d12b60debb3439022686618368a7c142044c56724d4666b16?s=96&d=mm&r=g","url":"https:\/\/secure.gravatar.com\/avatar\/ee975fa091fe581d12b60debb3439022686618368a7c142044c56724d4666b16?s=96&d=mm&r=g","contentUrl":"https:\/\/secure.gravatar.com\/avatar\/ee975fa091fe581d12b60debb3439022686618368a7c142044c56724d4666b16?s=96&d=mm&r=g","caption":"tbrmedia"}}]}},"jetpack_featured_media_url":"https:\/\/aktialiiga.fi\/naiset\/wp-content\/uploads\/sites\/6\/2021\/03\/vonnandelstadhemma_atlas_20-21a.jpg","jetpack_sharing_enabled":true,"jetpack_shortlink":"https:\/\/wp.me\/pfYhm6-5BC","_links":{"self":[{"href":"https:\/\/aktialiiga.fi\/naiset\/wp-json\/wp\/v2\/posts\/21552","targetHints":{"allow":["GET"]}}],"collection":[{"href":"https:\/\/aktialiiga.fi\/naiset\/wp-json\/wp\/v2\/posts"}],"about":[{"href":"https:\/\/aktialiiga.fi\/naiset\/wp-json\/wp\/v2\/types\/post"}],"author":[{"embeddable":true,"href":"https:\/\/aktialiiga.fi\/naiset\/wp-json\/wp\/v2\/users\/13"}],"replies":[{"embeddable":true,"href":"https:\/\/aktialiiga.fi\/naiset\/wp-json\/wp\/v2\/comments?post=21552"}],"version-history":[{"count":0,"href":"https:\/\/aktialiiga.fi\/naiset\/wp-json\/wp\/v2\/posts\/21552\/revisions"}],"wp:featuredmedia":[{"embeddable":true,"href":"https:\/\/aktialiiga.fi\/naiset\/wp-json\/wp\/v2\/media\/21553"}],"wp:attachment":[{"href":"https:\/\/aktialiiga.fi\/naiset\/wp-json\/wp\/v2\/media?parent=21552"}],"wp:term":[{"taxonomy":"category","embeddable":true,"href":"https:\/\/aktialiiga.fi\/naiset\/wp-json\/wp\/v2\/categories?post=21552"},{"taxonomy":"post_tag","embeddable":true,"href":"https:\/\/aktialiiga.fi\/naiset\/wp-json\/wp\/v2\/tags?post=21552"}],"curies":[{"name":"wp","href":"https:\/\/api.w.org\/{rel}","templated":true}]}}